{"id":57478,"date":"2022-08-26T20:00:06","date_gmt":"2022-08-26T23:00:06","guid":{"rendered":"https:\/\/radiolifefm.com.br\/noticias\/?p=57478"},"modified":"2026-04-28T02:20:47","modified_gmt":"2026-04-28T05:20:47","slug":"os-amantes-do-mundo-country-de-adamantina-e-regiao-agora-tem-uma-loja-completa-com-moda-e-acessorios","status":"publish","type":"post","link":"https:\/\/radiolifefm.com.br\/noticias\/os-amantes-do-mundo-country-de-adamantina-e-regiao-agora-tem-uma-loja-completa-com-moda-e-acessorios\/","title":{"rendered":"Os amantes do mundo Country de Adamantina e regi\u00e3o agora tem uma loja completa com moda e acess\u00f3rios"},"content":{"rendered":"<div id=\"fb-root\"><\/div>\n<p>A loja Vegas Country sobre a gest\u00e3o do jovem empreendedor Felipe Boiago, apaixonado pelo mundo Country est\u00e1 completa de acess\u00f3rios desde carteiras, cintos,chap\u00e9us e fivelas, braceletes,copos e muito mais. Al\u00e9m das confec\u00e7\u00f5es femininas e masculinas e a grande variedade de acess\u00f3rios da marca Tuff exclusividade da loja, Felipe tamb\u00e9m realiza a moldagem de chap\u00e9us de forma profissional, servi\u00e7o exclusivo da loja Vegas Country que tem tralhas e acess\u00f3rios em geral.<\/p>\n<div class='flex flex-wrap items-center -mx-1'>\r\n<a class='thumbnail gallery p-1 w-1\/2 md:w-1\/4' href='https:\/\/radiolifefm.com.br\/noticias\/wp-content\/uploads\/2022\/08\/IMG-20220826-WA0088.jpg'><img class='border border-white' src='https:\/\/radiolifefm.com.br\/noticias\/wp-content\/uploads\/2022\/08\/IMG-20220826-WA0088-200x200.jpg' alt='IMG 20220826 WA0088' \/><\/a><a class='thumbnail gallery p-1 w-1\/2 md:w-1\/4' href='https:\/\/radiolifefm.com.br\/noticias\/wp-content\/uploads\/2022\/08\/IMG-20220826-WA0086.jpg'><img class='border border-white' src='https:\/\/radiolifefm.com.br\/noticias\/wp-content\/uploads\/2022\/08\/IMG-20220826-WA0086-200x200.jpg' alt='IMG 20220826 WA0086' \/><\/a><\/div>\n<p>Fa\u00e7a uma visita na rua Armando Sales de Oliveira, 512 centro Adamantina.<br \/>\nWhatsapp: 18-998007276<br \/>\nInstagram: vegascountry018<\/p>\n<p>Confira as fotos.<\/p>\n<div class='flex flex-wrap items-center -mx-1'>\r\n<a class='thumbnail gallery p-1 w-1\/2 md:w-1\/4' href='https:\/\/radiolifefm.com.br\/noticias\/wp-content\/uploads\/2022\/08\/IMG-20220826-WA0067.jpg'><img class='border border-white' src='https:\/\/radiolifefm.com.br\/noticias\/wp-content\/uploads\/2022\/08\/IMG-20220826-WA0067-200x200.jpg' alt='IMG 20220826 WA0067' \/><\/a><a class='thumbnail gallery p-1 w-1\/2 md:w-1\/4' href='https:\/\/radiolifefm.com.br\/noticias\/wp-content\/uploads\/2022\/08\/IMG-20220826-WA0068.jpg'><img class='border border-white' src='https:\/\/radiolifefm.com.br\/noticias\/wp-content\/uploads\/2022\/08\/IMG-20220826-WA0068-200x200.jpg' alt='IMG 20220826 WA0068' \/><\/a><a class='thumbnail gallery p-1 w-1\/2 md:w-1\/4' href='https:\/\/radiolifefm.com.br\/noticias\/wp-content\/uploads\/2022\/08\/IMG-20220826-WA0069.jpg'><img class='border border-white' src='https:\/\/radiolifefm.com.br\/noticias\/wp-content\/uploads\/2022\/08\/IMG-20220826-WA0069-200x200.jpg' alt='IMG 20220826 WA0069' \/><\/a><a class='thumbnail gallery p-1 w-1\/2 md:w-1\/4' href='https:\/\/radiolifefm.com.br\/noticias\/wp-content\/uploads\/2022\/08\/IMG-20220826-WA0071.jpg'><img class='border border-white' src='https:\/\/radiolifefm.com.br\/noticias\/wp-content\/uploads\/2022\/08\/IMG-20220826-WA0071-200x200.jpg' alt='IMG 20220826 WA0071' \/><\/a><a class='thumbnail gallery p-1 w-1\/2 md:w-1\/4' href='https:\/\/radiolifefm.com.br\/noticias\/wp-content\/uploads\/2022\/08\/IMG-20220826-WA0070.jpg'><img class='border border-white' src='https:\/\/radiolifefm.com.br\/noticias\/wp-content\/uploads\/2022\/08\/IMG-20220826-WA0070-200x200.jpg' alt='IMG 20220826 WA0070' \/><\/a><a class='thumbnail gallery p-1 w-1\/2 md:w-1\/4' href='https:\/\/radiolifefm.com.br\/noticias\/wp-content\/uploads\/2022\/08\/IMG-20220826-WA0075.jpg'><img class='border border-white' src='https:\/\/radiolifefm.com.br\/noticias\/wp-content\/uploads\/2022\/08\/IMG-20220826-WA0075-200x200.jpg' alt='IMG 20220826 WA0075' \/><\/a><a class='thumbnail gallery p-1 w-1\/2 md:w-1\/4' href='https:\/\/radiolifefm.com.br\/noticias\/wp-content\/uploads\/2022\/08\/IMG-20220826-WA0074.jpg'><img class='border border-white' src='https:\/\/radiolifefm.com.br\/noticias\/wp-content\/uploads\/2022\/08\/IMG-20220826-WA0074-200x200.jpg' alt='IMG 20220826 WA0074' \/><\/a><a class='thumbnail gallery p-1 w-1\/2 md:w-1\/4' href='https:\/\/radiolifefm.com.br\/noticias\/wp-content\/uploads\/2022\/08\/IMG-20220826-WA0076.jpg'><img class='border border-white' src='https:\/\/radiolifefm.com.br\/noticias\/wp-content\/uploads\/2022\/08\/IMG-20220826-WA0076-200x200.jpg' alt='IMG 20220826 WA0076' \/><\/a><a class='thumbnail gallery p-1 w-1\/2 md:w-1\/4' href='https:\/\/radiolifefm.com.br\/noticias\/wp-content\/uploads\/2022\/08\/IMG-20220826-WA0072.jpg'><img class='border border-white' src='https:\/\/radiolifefm.com.br\/noticias\/wp-content\/uploads\/2022\/08\/IMG-20220826-WA0072-200x200.jpg' alt='IMG 20220826 WA0072' \/><\/a><a class='thumbnail gallery p-1 w-1\/2 md:w-1\/4' href='https:\/\/radiolifefm.com.br\/noticias\/wp-content\/uploads\/2022\/08\/IMG-20220826-WA0073.jpg'><img class='border border-white' src='https:\/\/radiolifefm.com.br\/noticias\/wp-content\/uploads\/2022\/08\/IMG-20220826-WA0073-200x200.jpg' alt='IMG 20220826 WA0073' \/><\/a><a class='thumbnail gallery p-1 w-1\/2 md:w-1\/4' href='https:\/\/radiolifefm.com.br\/noticias\/wp-content\/uploads\/2022\/08\/IMG-20220826-WA0080.jpg'><img class='border border-white' src='https:\/\/radiolifefm.com.br\/noticias\/wp-content\/uploads\/2022\/08\/IMG-20220826-WA0080-200x200.jpg' alt='IMG 20220826 WA0080' \/><\/a><a class='thumbnail gallery p-1 w-1\/2 md:w-1\/4' href='https:\/\/radiolifefm.com.br\/noticias\/wp-content\/uploads\/2022\/08\/IMG-20220826-WA0081.jpg'><img class='border border-white' src='https:\/\/radiolifefm.com.br\/noticias\/wp-content\/uploads\/2022\/08\/IMG-20220826-WA0081-200x200.jpg' alt='IMG 20220826 WA0081' \/><\/a><a class='thumbnail gallery p-1 w-1\/2 md:w-1\/4' href='https:\/\/radiolifefm.com.br\/noticias\/wp-content\/uploads\/2022\/08\/IMG-20220826-WA0079.jpg'><img class='border border-white' src='https:\/\/radiolifefm.com.br\/noticias\/wp-content\/uploads\/2022\/08\/IMG-20220826-WA0079-200x200.jpg' alt='IMG 20220826 WA0079' \/><\/a><a class='thumbnail gallery p-1 w-1\/2 md:w-1\/4' href='https:\/\/radiolifefm.com.br\/noticias\/wp-content\/uploads\/2022\/08\/IMG-20220826-WA0077.jpg'><img class='border border-white' src='https:\/\/radiolifefm.com.br\/noticias\/wp-content\/uploads\/2022\/08\/IMG-20220826-WA0077-200x200.jpg' alt='IMG 20220826 WA0077' \/><\/a><a class='thumbnail gallery p-1 w-1\/2 md:w-1\/4' href='https:\/\/radiolifefm.com.br\/noticias\/wp-content\/uploads\/2022\/08\/IMG-20220826-WA0078.jpg'><img class='border border-white' src='https:\/\/radiolifefm.com.br\/noticias\/wp-content\/uploads\/2022\/08\/IMG-20220826-WA0078-200x200.jpg' alt='IMG 20220826 WA0078' \/><\/a><a class='thumbnail gallery p-1 w-1\/2 md:w-1\/4' href='https:\/\/radiolifefm.com.br\/noticias\/wp-content\/uploads\/2022\/08\/IMG-20220826-WA0083.jpg'><img class='border border-white' src='https:\/\/radiolifefm.com.br\/noticias\/wp-content\/uploads\/2022\/08\/IMG-20220826-WA0083-200x200.jpg' alt='IMG 20220826 WA0083' \/><\/a><a class='thumbnail gallery p-1 w-1\/2 md:w-1\/4' href='https:\/\/radiolifefm.com.br\/noticias\/wp-content\/uploads\/2022\/08\/IMG-20220826-WA0082.jpg'><img class='border border-white' src='https:\/\/radiolifefm.com.br\/noticias\/wp-content\/uploads\/2022\/08\/IMG-20220826-WA0082-200x200.jpg' alt='IMG 20220826 WA0082' \/><\/a><a class='thumbnail gallery p-1 w-1\/2 md:w-1\/4' href='https:\/\/radiolifefm.com.br\/noticias\/wp-content\/uploads\/2022\/08\/IMG-20220826-WA0084.jpg'><img class='border border-white' src='https:\/\/radiolifefm.com.br\/noticias\/wp-content\/uploads\/2022\/08\/IMG-20220826-WA0084-200x200.jpg' alt='IMG 20220826 WA0084' \/><\/a><a class='thumbnail gallery p-1 w-1\/2 md:w-1\/4' href='https:\/\/radiolifefm.com.br\/noticias\/wp-content\/uploads\/2022\/08\/IMG-20220826-WA0085.jpg'><img class='border border-white' src='https:\/\/radiolifefm.com.br\/noticias\/wp-content\/uploads\/2022\/08\/IMG-20220826-WA0085-200x200.jpg' alt='IMG 20220826 WA0085' \/><\/a><\/div>\n<p>E acesse o link abaixo para assistir a Live.<\/p>\n<p><a href=\"https:\/\/fb.watch\/f8WiYICXDo\/\">https:\/\/fb.watch\/f8WiYICXDo\/<\/a><\/p>\n","protected":false},"excerpt":{"rendered":"<p>A loja Vegas Country sobre a gest\u00e3o do jovem empreendedor Felipe Boiago, apaixonado pelo mundo Country est\u00e1 completa de acess\u00f3rios desde carteiras, cintos,chap\u00e9us e fivelas, braceletes,copos e muito mais. Al\u00e9m das confec\u00e7\u00f5es femininas e masculinas e a grande variedade de acess\u00f3rios da marca Tuff exclusividade da loja, Felipe tamb\u00e9m realiza a moldagem de chap\u00e9us de [&hellip;]<\/p>\n","protected":false},"author":13,"featured_media":57500,"comment_status":"open","ping_status":"open","sticky":false,"template":"","format":"standard","meta":{"_acf_changed":false,"_exactmetrics_skip_tracking":false,"_exactmetrics_sitenote_active":false,"_exactmetrics_sitenote_note":"","_exactmetrics_sitenote_category":0,"footnotes":""},"categories":[21],"tags":[],"class_list":["post-57478","post","type-post","status-publish","format-standard","has-post-thumbnail","hentry","category-adamantina"],"acf":[],"yoast_head":"<!-- This site is optimized with the Yoast SEO plugin v27.2 - https:\/\/yoast.com\/product\/yoast-seo-wordpress\/ -->\n<title>Os amantes do mundo Country de Adamantina e regi\u00e3o agora tem uma loja completa com moda e acess\u00f3rios - R\u00e1dio Life FM<\/title>\n<meta name=\"robots\" content=\"index, follow, max-snippet:-1, max-image-preview:large, max-video-preview:-1\" \/>\n<link rel=\"canonical\" href=\"https:\/\/radiolifefm.com.br\/noticias\/os-amantes-do-mundo-country-de-adamantina-e-regiao-agora-tem-uma-loja-completa-com-moda-e-acessorios\/\" \/>\n<meta property=\"og:locale\" content=\"pt_BR\" \/>\n<meta property=\"og:type\" content=\"article\" \/>\n<meta property=\"og:title\" content=\"Os amantes do mundo Country de Adamantina e regi\u00e3o agora tem uma loja completa com moda e acess\u00f3rios - R\u00e1dio Life FM\" \/>\n<meta property=\"og:description\" content=\"A loja Vegas Country sobre a gest\u00e3o do jovem empreendedor Felipe Boiago, apaixonado pelo mundo Country est\u00e1 completa de acess\u00f3rios desde carteiras, cintos,chap\u00e9us e fivelas, braceletes,copos e muito mais. Al\u00e9m das confec\u00e7\u00f5es femininas e masculinas e a grande variedade de acess\u00f3rios da marca Tuff exclusividade da loja, Felipe tamb\u00e9m realiza a moldagem de chap\u00e9us de [&hellip;]\" \/>\n<meta property=\"og:url\" content=\"https:\/\/radiolifefm.com.br\/noticias\/os-amantes-do-mundo-country-de-adamantina-e-regiao-agora-tem-uma-loja-completa-com-moda-e-acessorios\/\" \/>\n<meta property=\"og:site_name\" content=\"R\u00e1dio Life FM\" \/>\n<meta property=\"article:publisher\" content=\"https:\/\/www.facebook.com\/radiolifefm\/\" \/>\n<meta property=\"article:published_time\" content=\"2022-08-26T23:00:06+00:00\" \/>\n<meta property=\"article:modified_time\" content=\"2026-04-28T05:20:47+00:00\" \/>\n<meta property=\"og:image\" content=\"https:\/\/radiolifefm.com.br\/noticias\/wp-content\/uploads\/2022\/08\/WhatsApp-Image-2022-08-26-at-17.37.12.jpeg\" \/>\n\t<meta property=\"og:image:width\" content=\"720\" \/>\n\t<meta property=\"og:image:height\" content=\"720\" \/>\n\t<meta property=\"og:image:type\" content=\"image\/jpeg\" \/>\n<meta name=\"author\" content=\"ritanery\" \/>\n<meta name=\"twitter:card\" content=\"summary_large_image\" \/>\n<meta name=\"twitter:label1\" content=\"Escrito por\" \/>\n\t<meta name=\"twitter:data1\" content=\"ritanery\" \/>\n\t<meta name=\"twitter:label2\" content=\"Est. tempo de leitura\" \/>\n\t<meta name=\"twitter:data2\" content=\"1 minuto\" \/>\n<script type=\"application\/ld+json\" class=\"yoast-schema-graph\">{\"@context\":\"https:\/\/schema.org\",\"@graph\":[{\"@type\":\"Article\",\"@id\":\"https:\/\/radiolifefm.com.br\/noticias\/os-amantes-do-mundo-country-de-adamantina-e-regiao-agora-tem-uma-loja-completa-com-moda-e-acessorios\/#article\",\"isPartOf\":{\"@id\":\"https:\/\/radiolifefm.com.br\/noticias\/os-amantes-do-mundo-country-de-adamantina-e-regiao-agora-tem-uma-loja-completa-com-moda-e-acessorios\/\"},\"author\":{\"name\":\"ritanery\",\"@id\":\"https:\/\/radiolifefm.com.br\/noticias\/#\/schema\/person\/6339b9fac59d12b071dec680d7375d87\"},\"headline\":\"Os amantes do mundo Country de Adamantina e regi\u00e3o agora tem uma loja completa com moda e acess\u00f3rios\",\"datePublished\":\"2022-08-26T23:00:06+00:00\",\"dateModified\":\"2026-04-28T05:20:47+00:00\",\"mainEntityOfPage\":{\"@id\":\"https:\/\/radiolifefm.com.br\/noticias\/os-amantes-do-mundo-country-de-adamantina-e-regiao-agora-tem-uma-loja-completa-com-moda-e-acessorios\/\"},\"wordCount\":145,\"commentCount\":0,\"publisher\":{\"@id\":\"https:\/\/radiolifefm.com.br\/noticias\/#organization\"},\"image\":{\"@id\":\"https:\/\/radiolifefm.com.br\/noticias\/os-amantes-do-mundo-country-de-adamantina-e-regiao-agora-tem-uma-loja-completa-com-moda-e-acessorios\/#primaryimage\"},\"thumbnailUrl\":\"https:\/\/radiolifefm.com.br\/noticias\/wp-content\/uploads\/2022\/08\/WhatsApp-Image-2022-08-26-at-17.37.12.jpeg\",\"articleSection\":[\"Adamantina\"],\"inLanguage\":\"pt-BR\",\"potentialAction\":[{\"@type\":\"CommentAction\",\"name\":\"Comment\",\"target\":[\"https:\/\/radiolifefm.com.br\/noticias\/os-amantes-do-mundo-country-de-adamantina-e-regiao-agora-tem-uma-loja-completa-com-moda-e-acessorios\/#respond\"]}]},{\"@type\":\"WebPage\",\"@id\":\"https:\/\/radiolifefm.com.br\/noticias\/os-amantes-do-mundo-country-de-adamantina-e-regiao-agora-tem-uma-loja-completa-com-moda-e-acessorios\/\",\"url\":\"https:\/\/radiolifefm.com.br\/noticias\/os-amantes-do-mundo-country-de-adamantina-e-regiao-agora-tem-uma-loja-completa-com-moda-e-acessorios\/\",\"name\":\"Os amantes do mundo Country de Adamantina e regi\u00e3o agora tem uma loja completa com moda e acess\u00f3rios - R\u00e1dio Life FM\",\"isPartOf\":{\"@id\":\"https:\/\/radiolifefm.com.br\/noticias\/#website\"},\"primaryImageOfPage\":{\"@id\":\"https:\/\/radiolifefm.com.br\/noticias\/os-amantes-do-mundo-country-de-adamantina-e-regiao-agora-tem-uma-loja-completa-com-moda-e-acessorios\/#primaryimage\"},\"image\":{\"@id\":\"https:\/\/radiolifefm.com.br\/noticias\/os-amantes-do-mundo-country-de-adamantina-e-regiao-agora-tem-uma-loja-completa-com-moda-e-acessorios\/#primaryimage\"},\"thumbnailUrl\":\"https:\/\/radiolifefm.com.br\/noticias\/wp-content\/uploads\/2022\/08\/WhatsApp-Image-2022-08-26-at-17.37.12.jpeg\",\"datePublished\":\"2022-08-26T23:00:06+00:00\",\"dateModified\":\"2026-04-28T05:20:47+00:00\",\"breadcrumb\":{\"@id\":\"https:\/\/radiolifefm.com.br\/noticias\/os-amantes-do-mundo-country-de-adamantina-e-regiao-agora-tem-uma-loja-completa-com-moda-e-acessorios\/#breadcrumb\"},\"inLanguage\":\"pt-BR\",\"potentialAction\":[{\"@type\":\"ReadAction\",\"target\":[\"https:\/\/radiolifefm.com.br\/noticias\/os-amantes-do-mundo-country-de-adamantina-e-regiao-agora-tem-uma-loja-completa-com-moda-e-acessorios\/\"]}]},{\"@type\":\"ImageObject\",\"inLanguage\":\"pt-BR\",\"@id\":\"https:\/\/radiolifefm.com.br\/noticias\/os-amantes-do-mundo-country-de-adamantina-e-regiao-agora-tem-uma-loja-completa-com-moda-e-acessorios\/#primaryimage\",\"url\":\"https:\/\/radiolifefm.com.br\/noticias\/wp-content\/uploads\/2022\/08\/WhatsApp-Image-2022-08-26-at-17.37.12.jpeg\",\"contentUrl\":\"https:\/\/radiolifefm.com.br\/noticias\/wp-content\/uploads\/2022\/08\/WhatsApp-Image-2022-08-26-at-17.37.12.jpeg\",\"width\":720,\"height\":720},{\"@type\":\"BreadcrumbList\",\"@id\":\"https:\/\/radiolifefm.com.br\/noticias\/os-amantes-do-mundo-country-de-adamantina-e-regiao-agora-tem-uma-loja-completa-com-moda-e-acessorios\/#breadcrumb\",\"itemListElement\":[{\"@type\":\"ListItem\",\"position\":1,\"name\":\"In\u00edcio\",\"item\":\"https:\/\/radiolifefm.com.br\/noticias\/\"},{\"@type\":\"ListItem\",\"position\":2,\"name\":\"Os amantes do mundo Country de Adamantina e regi\u00e3o agora tem uma loja completa com moda e acess\u00f3rios\"}]},{\"@type\":\"WebSite\",\"@id\":\"https:\/\/radiolifefm.com.br\/noticias\/#website\",\"url\":\"https:\/\/radiolifefm.com.br\/noticias\/\",\"name\":\"R\u00e1dio Life FM\",\"description\":\"O Portal de Not\u00edcias de Adamantina\",\"publisher\":{\"@id\":\"https:\/\/radiolifefm.com.br\/noticias\/#organization\"},\"alternateName\":\"Life FM\",\"potentialAction\":[{\"@type\":\"SearchAction\",\"target\":{\"@type\":\"EntryPoint\",\"urlTemplate\":\"https:\/\/radiolifefm.com.br\/noticias\/?s={search_term_string}\"},\"query-input\":{\"@type\":\"PropertyValueSpecification\",\"valueRequired\":true,\"valueName\":\"search_term_string\"}}],\"inLanguage\":\"pt-BR\"},{\"@type\":\"Organization\",\"@id\":\"https:\/\/radiolifefm.com.br\/noticias\/#organization\",\"name\":\"R\u00e1dio Life FM\",\"alternateName\":\"Life FM\",\"url\":\"https:\/\/radiolifefm.com.br\/noticias\/\",\"logo\":{\"@type\":\"ImageObject\",\"inLanguage\":\"pt-BR\",\"@id\":\"https:\/\/radiolifefm.com.br\/noticias\/#\/schema\/logo\/image\/\",\"url\":\"https:\/\/static.radiolifefm.com.br\/noticias\/wp-content\/uploads\/2019\/10\/logo-lifefm.png\",\"contentUrl\":\"https:\/\/static.radiolifefm.com.br\/noticias\/wp-content\/uploads\/2019\/10\/logo-lifefm.png\",\"width\":196,\"height\":47,\"caption\":\"R\u00e1dio Life FM\"},\"image\":{\"@id\":\"https:\/\/radiolifefm.com.br\/noticias\/#\/schema\/logo\/image\/\"},\"sameAs\":[\"https:\/\/www.facebook.com\/radiolifefm\/\",\"https:\/\/www.instagram.com\/life1079fm\/\"]},{\"@type\":\"Person\",\"@id\":\"https:\/\/radiolifefm.com.br\/noticias\/#\/schema\/person\/6339b9fac59d12b071dec680d7375d87\",\"name\":\"ritanery\",\"image\":{\"@type\":\"ImageObject\",\"inLanguage\":\"pt-BR\",\"@id\":\"https:\/\/secure.gravatar.com\/avatar\/0e37bb19071f47c0b8a23f62a903df117c5a0e75f65a0c2901562f97cd41cf86?s=96&d=mm&r=g\",\"url\":\"https:\/\/secure.gravatar.com\/avatar\/0e37bb19071f47c0b8a23f62a903df117c5a0e75f65a0c2901562f97cd41cf86?s=96&d=mm&r=g\",\"contentUrl\":\"https:\/\/secure.gravatar.com\/avatar\/0e37bb19071f47c0b8a23f62a903df117c5a0e75f65a0c2901562f97cd41cf86?s=96&d=mm&r=g\",\"caption\":\"ritanery\"}}]}<\/script>\n<!-- \/ Yoast SEO plugin. -->","yoast_head_json":{"title":"Os amantes do mundo Country de Adamantina e regi\u00e3o agora tem uma loja completa com moda e acess\u00f3rios - R\u00e1dio Life FM","robots":{"index":"index","follow":"follow","max-snippet":"max-snippet:-1","max-image-preview":"max-image-preview:large","max-video-preview":"max-video-preview:-1"},"canonical":"https:\/\/radiolifefm.com.br\/noticias\/os-amantes-do-mundo-country-de-adamantina-e-regiao-agora-tem-uma-loja-completa-com-moda-e-acessorios\/","og_locale":"pt_BR","og_type":"article","og_title":"Os amantes do mundo Country de Adamantina e regi\u00e3o agora tem uma loja completa com moda e acess\u00f3rios - R\u00e1dio Life FM","og_description":"A loja Vegas Country sobre a gest\u00e3o do jovem empreendedor Felipe Boiago, apaixonado pelo mundo Country est\u00e1 completa de acess\u00f3rios desde carteiras, cintos,chap\u00e9us e fivelas, braceletes,copos e muito mais. Al\u00e9m das confec\u00e7\u00f5es femininas e masculinas e a grande variedade de acess\u00f3rios da marca Tuff exclusividade da loja, Felipe tamb\u00e9m realiza a moldagem de chap\u00e9us de [&hellip;]","og_url":"https:\/\/radiolifefm.com.br\/noticias\/os-amantes-do-mundo-country-de-adamantina-e-regiao-agora-tem-uma-loja-completa-com-moda-e-acessorios\/","og_site_name":"R\u00e1dio Life FM","article_publisher":"https:\/\/www.facebook.com\/radiolifefm\/","article_published_time":"2022-08-26T23:00:06+00:00","article_modified_time":"2026-04-28T05:20:47+00:00","og_image":[{"width":720,"height":720,"url":"https:\/\/radiolifefm.com.br\/noticias\/wp-content\/uploads\/2022\/08\/WhatsApp-Image-2022-08-26-at-17.37.12.jpeg","type":"image\/jpeg"}],"author":"ritanery","twitter_card":"summary_large_image","twitter_misc":{"Escrito por":"ritanery","Est. tempo de leitura":"1 minuto"},"schema":{"@context":"https:\/\/schema.org","@graph":[{"@type":"Article","@id":"https:\/\/radiolifefm.com.br\/noticias\/os-amantes-do-mundo-country-de-adamantina-e-regiao-agora-tem-uma-loja-completa-com-moda-e-acessorios\/#article","isPartOf":{"@id":"https:\/\/radiolifefm.com.br\/noticias\/os-amantes-do-mundo-country-de-adamantina-e-regiao-agora-tem-uma-loja-completa-com-moda-e-acessorios\/"},"author":{"name":"ritanery","@id":"https:\/\/radiolifefm.com.br\/noticias\/#\/schema\/person\/6339b9fac59d12b071dec680d7375d87"},"headline":"Os amantes do mundo Country de Adamantina e regi\u00e3o agora tem uma loja completa com moda e acess\u00f3rios","datePublished":"2022-08-26T23:00:06+00:00","dateModified":"2026-04-28T05:20:47+00:00","mainEntityOfPage":{"@id":"https:\/\/radiolifefm.com.br\/noticias\/os-amantes-do-mundo-country-de-adamantina-e-regiao-agora-tem-uma-loja-completa-com-moda-e-acessorios\/"},"wordCount":145,"commentCount":0,"publisher":{"@id":"https:\/\/radiolifefm.com.br\/noticias\/#organization"},"image":{"@id":"https:\/\/radiolifefm.com.br\/noticias\/os-amantes-do-mundo-country-de-adamantina-e-regiao-agora-tem-uma-loja-completa-com-moda-e-acessorios\/#primaryimage"},"thumbnailUrl":"https:\/\/radiolifefm.com.br\/noticias\/wp-content\/uploads\/2022\/08\/WhatsApp-Image-2022-08-26-at-17.37.12.jpeg","articleSection":["Adamantina"],"inLanguage":"pt-BR","potentialAction":[{"@type":"CommentAction","name":"Comment","target":["https:\/\/radiolifefm.com.br\/noticias\/os-amantes-do-mundo-country-de-adamantina-e-regiao-agora-tem-uma-loja-completa-com-moda-e-acessorios\/#respond"]}]},{"@type":"WebPage","@id":"https:\/\/radiolifefm.com.br\/noticias\/os-amantes-do-mundo-country-de-adamantina-e-regiao-agora-tem-uma-loja-completa-com-moda-e-acessorios\/","url":"https:\/\/radiolifefm.com.br\/noticias\/os-amantes-do-mundo-country-de-adamantina-e-regiao-agora-tem-uma-loja-completa-com-moda-e-acessorios\/","name":"Os amantes do mundo Country de Adamantina e regi\u00e3o agora tem uma loja completa com moda e acess\u00f3rios - R\u00e1dio Life FM","isPartOf":{"@id":"https:\/\/radiolifefm.com.br\/noticias\/#website"},"primaryImageOfPage":{"@id":"https:\/\/radiolifefm.com.br\/noticias\/os-amantes-do-mundo-country-de-adamantina-e-regiao-agora-tem-uma-loja-completa-com-moda-e-acessorios\/#primaryimage"},"image":{"@id":"https:\/\/radiolifefm.com.br\/noticias\/os-amantes-do-mundo-country-de-adamantina-e-regiao-agora-tem-uma-loja-completa-com-moda-e-acessorios\/#primaryimage"},"thumbnailUrl":"https:\/\/radiolifefm.com.br\/noticias\/wp-content\/uploads\/2022\/08\/WhatsApp-Image-2022-08-26-at-17.37.12.jpeg","datePublished":"2022-08-26T23:00:06+00:00","dateModified":"2026-04-28T05:20:47+00:00","breadcrumb":{"@id":"https:\/\/radiolifefm.com.br\/noticias\/os-amantes-do-mundo-country-de-adamantina-e-regiao-agora-tem-uma-loja-completa-com-moda-e-acessorios\/#breadcrumb"},"inLanguage":"pt-BR","potentialAction":[{"@type":"ReadAction","target":["https:\/\/radiolifefm.com.br\/noticias\/os-amantes-do-mundo-country-de-adamantina-e-regiao-agora-tem-uma-loja-completa-com-moda-e-acessorios\/"]}]},{"@type":"ImageObject","inLanguage":"pt-BR","@id":"https:\/\/radiolifefm.com.br\/noticias\/os-amantes-do-mundo-country-de-adamantina-e-regiao-agora-tem-uma-loja-completa-com-moda-e-acessorios\/#primaryimage","url":"https:\/\/radiolifefm.com.br\/noticias\/wp-content\/uploads\/2022\/08\/WhatsApp-Image-2022-08-26-at-17.37.12.jpeg","contentUrl":"https:\/\/radiolifefm.com.br\/noticias\/wp-content\/uploads\/2022\/08\/WhatsApp-Image-2022-08-26-at-17.37.12.jpeg","width":720,"height":720},{"@type":"BreadcrumbList","@id":"https:\/\/radiolifefm.com.br\/noticias\/os-amantes-do-mundo-country-de-adamantina-e-regiao-agora-tem-uma-loja-completa-com-moda-e-acessorios\/#breadcrumb","itemListElement":[{"@type":"ListItem","position":1,"name":"In\u00edcio","item":"https:\/\/radiolifefm.com.br\/noticias\/"},{"@type":"ListItem","position":2,"name":"Os amantes do mundo Country de Adamantina e regi\u00e3o agora tem uma loja completa com moda e acess\u00f3rios"}]},{"@type":"WebSite","@id":"https:\/\/radiolifefm.com.br\/noticias\/#website","url":"https:\/\/radiolifefm.com.br\/noticias\/","name":"R\u00e1dio Life FM","description":"O Portal de Not\u00edcias de Adamantina","publisher":{"@id":"https:\/\/radiolifefm.com.br\/noticias\/#organization"},"alternateName":"Life FM","potentialAction":[{"@type":"SearchAction","target":{"@type":"EntryPoint","urlTemplate":"https:\/\/radiolifefm.com.br\/noticias\/?s={search_term_string}"},"query-input":{"@type":"PropertyValueSpecification","valueRequired":true,"valueName":"search_term_string"}}],"inLanguage":"pt-BR"},{"@type":"Organization","@id":"https:\/\/radiolifefm.com.br\/noticias\/#organization","name":"R\u00e1dio Life FM","alternateName":"Life FM","url":"https:\/\/radiolifefm.com.br\/noticias\/","logo":{"@type":"ImageObject","inLanguage":"pt-BR","@id":"https:\/\/radiolifefm.com.br\/noticias\/#\/schema\/logo\/image\/","url":"https:\/\/static.radiolifefm.com.br\/noticias\/wp-content\/uploads\/2019\/10\/logo-lifefm.png","contentUrl":"https:\/\/static.radiolifefm.com.br\/noticias\/wp-content\/uploads\/2019\/10\/logo-lifefm.png","width":196,"height":47,"caption":"R\u00e1dio Life FM"},"image":{"@id":"https:\/\/radiolifefm.com.br\/noticias\/#\/schema\/logo\/image\/"},"sameAs":["https:\/\/www.facebook.com\/radiolifefm\/","https:\/\/www.instagram.com\/life1079fm\/"]},{"@type":"Person","@id":"https:\/\/radiolifefm.com.br\/noticias\/#\/schema\/person\/6339b9fac59d12b071dec680d7375d87","name":"ritanery","image":{"@type":"ImageObject","inLanguage":"pt-BR","@id":"https:\/\/secure.gravatar.com\/avatar\/0e37bb19071f47c0b8a23f62a903df117c5a0e75f65a0c2901562f97cd41cf86?s=96&d=mm&r=g","url":"https:\/\/secure.gravatar.com\/avatar\/0e37bb19071f47c0b8a23f62a903df117c5a0e75f65a0c2901562f97cd41cf86?s=96&d=mm&r=g","contentUrl":"https:\/\/secure.gravatar.com\/avatar\/0e37bb19071f47c0b8a23f62a903df117c5a0e75f65a0c2901562f97cd41cf86?s=96&d=mm&r=g","caption":"ritanery"}}]}},"amp_enabled":true,"_links":{"self":[{"href":"https:\/\/radiolifefm.com.br\/noticias\/wp-json\/wp\/v2\/posts\/57478","targetHints":{"allow":["GET"]}}],"collection":[{"href":"https:\/\/radiolifefm.com.br\/noticias\/wp-json\/wp\/v2\/posts"}],"about":[{"href":"https:\/\/radiolifefm.com.br\/noticias\/wp-json\/wp\/v2\/types\/post"}],"author":[{"embeddable":true,"href":"https:\/\/radiolifefm.com.br\/noticias\/wp-json\/wp\/v2\/users\/13"}],"replies":[{"embeddable":true,"href":"https:\/\/radiolifefm.com.br\/noticias\/wp-json\/wp\/v2\/comments?post=57478"}],"version-history":[{"count":2,"href":"https:\/\/radiolifefm.com.br\/noticias\/wp-json\/wp\/v2\/posts\/57478\/revisions"}],"predecessor-version":[{"id":57502,"href":"https:\/\/radiolifefm.com.br\/noticias\/wp-json\/wp\/v2\/posts\/57478\/revisions\/57502"}],"wp:featuredmedia":[{"embeddable":true,"href":"https:\/\/radiolifefm.com.br\/noticias\/wp-json\/wp\/v2\/media\/57500"}],"wp:attachment":[{"href":"https:\/\/radiolifefm.com.br\/noticias\/wp-json\/wp\/v2\/media?parent=57478"}],"wp:term":[{"taxonomy":"category","embeddable":true,"href":"https:\/\/radiolifefm.com.br\/noticias\/wp-json\/wp\/v2\/categories?post=57478"},{"taxonomy":"post_tag","embeddable":true,"href":"https:\/\/radiolifefm.com.br\/noticias\/wp-json\/wp\/v2\/tags?post=57478"}],"curies":[{"name":"wp","href":"https:\/\/api.w.org\/{rel}","templated":true}]}}