{"id":57464,"date":"2022-08-26T18:34:09","date_gmt":"2022-08-26T21:34:09","guid":{"rendered":"https:\/\/radiolifefm.com.br\/noticias\/?p=57464"},"modified":"2026-03-01T18:46:45","modified_gmt":"2026-03-01T21:46:45","slug":"na-loja-elegance-store-de-adamantina-a-moda-quem-faz-e-voce","status":"publish","type":"post","link":"https:\/\/radiolifefm.com.br\/noticias\/na-loja-elegance-store-de-adamantina-a-moda-quem-faz-e-voce\/","title":{"rendered":"Na loja Elegance Store de Adamantina a moda quem faz \u00e9 voc\u00ea"},"content":{"rendered":"<div id=\"fb-root\"><\/div>\n<p>&nbsp;<\/p>\n<h3><strong>A loja Elegance Store est\u00e1 preparada para a Expoverde 2022<\/strong><\/h3>\n<p>&nbsp;<\/p>\n<p>O casal Vit\u00f3ria e Rafael est\u00e3o a disposi\u00e7\u00e3o para te oferecer o atendimento que voc\u00ea merece. E l\u00e1 voc\u00ea encontra looks femininos e masculinos para ficar ainda mais bonito(a) com pre\u00e7os a partir de R$29,90.<\/p>\n<p>&nbsp;<\/p>\n<p>Na Eleg\u00e2nce Store voc\u00ea encontra diversas op\u00e7\u00f5es de looks masculinos: cal\u00e7as, camisetas, camisetas polo bon\u00e9s. Para as mulheres, a loja oferece v\u00e1rias op\u00e7\u00f5es que ir\u00e3o agradar em todos os estilos, do cl\u00e1ssico ao mais &#8220;despojado&#8221;.<\/p>\n<p>&nbsp;<\/p>\n<p>Muitas novidades em pe\u00e7as da moda, com cores atuais vibrantes e as vers\u00e1teis cal\u00e7as jeans, perfeitas em qualquer look.<\/p>\n<p>&nbsp;<\/p>\n<p>Fa\u00e7a uma visita \u00e0 loja que fica na Av. Capit\u00e3o Jos\u00e9 Ant\u00f4nio de Oliveira, 538, no centro de Adamantina.<br \/>\nWhatsApp: (18)99710 7470<br \/>\nInstagram: @elegance.stores1<\/p>\n<p>&nbsp;<\/p>\n<p><img loading=\"lazy\" decoding=\"async\" class=\"alignnone size-medium wp-image-57467\" src=\"https:\/\/static.radiolifefm.com.br\/wp-content\/uploads\/sites\/2\/2022\/08\/Manequins-2-225x300.jpeg\" alt=\"\" width=\"225\" height=\"300\" srcset=\"https:\/\/radiolifefm.com.br\/noticias\/wp-content\/uploads\/2022\/08\/Manequins-2-225x300.jpeg 225w, https:\/\/radiolifefm.com.br\/noticias\/wp-content\/uploads\/2022\/08\/Manequins-2-768x1024.jpeg 768w, https:\/\/radiolifefm.com.br\/noticias\/wp-content\/uploads\/2022\/08\/Manequins-2-1152x1536.jpeg 1152w, https:\/\/radiolifefm.com.br\/noticias\/wp-content\/uploads\/2022\/08\/Manequins-2.jpeg 1200w\" sizes=\"auto, (max-width: 225px) 100vw, 225px\" \/><\/p>\n<p><img loading=\"lazy\" decoding=\"async\" class=\"alignnone size-medium wp-image-57466\" src=\"https:\/\/static.radiolifefm.com.br\/wp-content\/uploads\/sites\/2\/2022\/08\/Manequins-1-225x300.jpeg\" alt=\"\" width=\"225\" height=\"300\" srcset=\"https:\/\/radiolifefm.com.br\/noticias\/wp-content\/uploads\/2022\/08\/Manequins-1-225x300.jpeg 225w, https:\/\/radiolifefm.com.br\/noticias\/wp-content\/uploads\/2022\/08\/Manequins-1-768x1024.jpeg 768w, https:\/\/radiolifefm.com.br\/noticias\/wp-content\/uploads\/2022\/08\/Manequins-1-1152x1536.jpeg 1152w, https:\/\/radiolifefm.com.br\/noticias\/wp-content\/uploads\/2022\/08\/Manequins-1.jpeg 1200w\" sizes=\"auto, (max-width: 225px) 100vw, 225px\" \/><\/p>\n<p><img loading=\"lazy\" decoding=\"async\" class=\"alignnone size-medium wp-image-57469\" src=\"https:\/\/static.radiolifefm.com.br\/wp-content\/uploads\/sites\/2\/2022\/08\/Manequins-4-225x300.jpeg\" alt=\"\" width=\"225\" height=\"300\" srcset=\"https:\/\/radiolifefm.com.br\/noticias\/wp-content\/uploads\/2022\/08\/Manequins-4-225x300.jpeg 225w, https:\/\/radiolifefm.com.br\/noticias\/wp-content\/uploads\/2022\/08\/Manequins-4-768x1024.jpeg 768w, https:\/\/radiolifefm.com.br\/noticias\/wp-content\/uploads\/2022\/08\/Manequins-4-1152x1536.jpeg 1152w, https:\/\/radiolifefm.com.br\/noticias\/wp-content\/uploads\/2022\/08\/Manequins-4.jpeg 1200w\" sizes=\"auto, (max-width: 225px) 100vw, 225px\" \/><\/p>\n<p><img loading=\"lazy\" decoding=\"async\" class=\"alignnone size-medium wp-image-57471\" src=\"https:\/\/static.radiolifefm.com.br\/wp-content\/uploads\/sites\/2\/2022\/08\/Manequim-225x300.jpeg\" alt=\"\" width=\"225\" height=\"300\" srcset=\"https:\/\/radiolifefm.com.br\/noticias\/wp-content\/uploads\/2022\/08\/Manequim-225x300.jpeg 225w, https:\/\/radiolifefm.com.br\/noticias\/wp-content\/uploads\/2022\/08\/Manequim-768x1024.jpeg 768w, https:\/\/radiolifefm.com.br\/noticias\/wp-content\/uploads\/2022\/08\/Manequim-1152x1536.jpeg 1152w, https:\/\/radiolifefm.com.br\/noticias\/wp-content\/uploads\/2022\/08\/Manequim.jpeg 1200w\" sizes=\"auto, (max-width: 225px) 100vw, 225px\" \/><\/p>\n<p><img loading=\"lazy\" decoding=\"async\" class=\"alignnone size-medium wp-image-57468\" src=\"https:\/\/static.radiolifefm.com.br\/wp-content\/uploads\/sites\/2\/2022\/08\/Manequins-3-225x300.jpeg\" alt=\"\" width=\"225\" height=\"300\" srcset=\"https:\/\/radiolifefm.com.br\/noticias\/wp-content\/uploads\/2022\/08\/Manequins-3-225x300.jpeg 225w, https:\/\/radiolifefm.com.br\/noticias\/wp-content\/uploads\/2022\/08\/Manequins-3-768x1024.jpeg 768w, https:\/\/radiolifefm.com.br\/noticias\/wp-content\/uploads\/2022\/08\/Manequins-3-1152x1536.jpeg 1152w, https:\/\/radiolifefm.com.br\/noticias\/wp-content\/uploads\/2022\/08\/Manequins-3.jpeg 1200w\" sizes=\"auto, (max-width: 225px) 100vw, 225px\" \/><\/p>\n<p>&nbsp;<\/p>\n<p>&nbsp;<\/p>\n<p>Assista a<em> live<\/em> clicando no link abaixo:<\/p>\n<p>&nbsp;<\/p>\n<p><!-- Embedded with Magic Embeds - https:\/\/magicembeds.com --><\/p>\n<div class=\"wef-measure\" style=\"max-width: 450px;\"><\/div>\n<div class=\"fb-video\" data-href=\"https:\/\/www.facebook.com\/radiolifefm\/videos\/586588389608991\" data-allowfullscreen=\"true\" data-autoplay=\"false\" data-width=\"450\" data-show-text=\"false\" data-show-captions=\"true\"><\/div>\n<p>&nbsp;<\/p>\n<p>&nbsp;<\/p>\n<p>&nbsp;<\/p>\n<p>&nbsp;<\/p>\n<p>Da Reda\u00e7\u00e3o<\/p>\n<p>&nbsp;<\/p>\n","protected":false},"excerpt":{"rendered":"<p>&nbsp; A loja Elegance Store est\u00e1 preparada para a Expoverde 2022 &nbsp; O casal Vit\u00f3ria e Rafael est\u00e3o a disposi\u00e7\u00e3o para te oferecer o atendimento que voc\u00ea merece. E l\u00e1 voc\u00ea encontra looks femininos e masculinos para ficar ainda mais bonito(a) com pre\u00e7os a partir de R$29,90. &nbsp; Na Eleg\u00e2nce Store voc\u00ea encontra diversas op\u00e7\u00f5es [&hellip;]<\/p>\n","protected":false},"author":12,"featured_media":57472,"comment_status":"closed","ping_status":"open","sticky":false,"template":"","format":"standard","meta":{"_acf_changed":false,"_exactmetrics_skip_tracking":false,"_exactmetrics_sitenote_active":false,"_exactmetrics_sitenote_note":"","_exactmetrics_sitenote_category":0,"footnotes":""},"categories":[21],"tags":[],"class_list":["post-57464","post","type-post","status-publish","format-standard","has-post-thumbnail","hentry","category-adamantina"],"acf":[],"yoast_head":"<!-- This site is optimized with the Yoast SEO plugin v27.2 - https:\/\/yoast.com\/product\/yoast-seo-wordpress\/ -->\n<title>Na loja Elegance Store de Adamantina a moda quem faz \u00e9 voc\u00ea - R\u00e1dio Life FM<\/title>\n<meta name=\"robots\" content=\"index, follow, max-snippet:-1, max-image-preview:large, max-video-preview:-1\" \/>\n<link rel=\"canonical\" href=\"https:\/\/radiolifefm.com.br\/noticias\/na-loja-elegance-store-de-adamantina-a-moda-quem-faz-e-voce\/\" \/>\n<meta property=\"og:locale\" content=\"pt_BR\" \/>\n<meta property=\"og:type\" content=\"article\" \/>\n<meta property=\"og:title\" content=\"Na loja Elegance Store de Adamantina a moda quem faz \u00e9 voc\u00ea - R\u00e1dio Life FM\" \/>\n<meta property=\"og:description\" content=\"&nbsp; A loja Elegance Store est\u00e1 preparada para a Expoverde 2022 &nbsp; O casal Vit\u00f3ria e Rafael est\u00e3o a disposi\u00e7\u00e3o para te oferecer o atendimento que voc\u00ea merece. E l\u00e1 voc\u00ea encontra looks femininos e masculinos para ficar ainda mais bonito(a) com pre\u00e7os a partir de R$29,90. &nbsp; Na Eleg\u00e2nce Store voc\u00ea encontra diversas op\u00e7\u00f5es [&hellip;]\" \/>\n<meta property=\"og:url\" content=\"https:\/\/radiolifefm.com.br\/noticias\/na-loja-elegance-store-de-adamantina-a-moda-quem-faz-e-voce\/\" \/>\n<meta property=\"og:site_name\" content=\"R\u00e1dio Life FM\" \/>\n<meta property=\"article:publisher\" content=\"https:\/\/www.facebook.com\/radiolifefm\/\" \/>\n<meta property=\"article:published_time\" content=\"2022-08-26T21:34:09+00:00\" \/>\n<meta property=\"article:modified_time\" content=\"2026-03-01T21:46:45+00:00\" \/>\n<meta property=\"og:image\" content=\"https:\/\/radiolifefm.com.br\/noticias\/wp-content\/uploads\/2022\/08\/Capa.jpeg\" \/>\n\t<meta property=\"og:image:width\" content=\"1600\" \/>\n\t<meta property=\"og:image:height\" content=\"1200\" \/>\n\t<meta property=\"og:image:type\" content=\"image\/jpeg\" \/>\n<meta name=\"author\" content=\"mayraferrari\" \/>\n<meta name=\"twitter:card\" content=\"summary_large_image\" \/>\n<meta name=\"twitter:label1\" content=\"Escrito por\" \/>\n\t<meta name=\"twitter:data1\" content=\"mayraferrari\" \/>\n\t<meta name=\"twitter:label2\" content=\"Est. tempo de leitura\" \/>\n\t<meta name=\"twitter:data2\" content=\"2 minutos\" \/>\n<script type=\"application\/ld+json\" class=\"yoast-schema-graph\">{\"@context\":\"https:\/\/schema.org\",\"@graph\":[{\"@type\":\"Article\",\"@id\":\"https:\/\/radiolifefm.com.br\/noticias\/na-loja-elegance-store-de-adamantina-a-moda-quem-faz-e-voce\/#article\",\"isPartOf\":{\"@id\":\"https:\/\/radiolifefm.com.br\/noticias\/na-loja-elegance-store-de-adamantina-a-moda-quem-faz-e-voce\/\"},\"author\":{\"name\":\"mayraferrari\",\"@id\":\"https:\/\/radiolifefm.com.br\/noticias\/#\/schema\/person\/d37940c51f50a0c5db4e065bb527a35d\"},\"headline\":\"Na loja Elegance Store de Adamantina a moda quem faz \u00e9 voc\u00ea\",\"datePublished\":\"2022-08-26T21:34:09+00:00\",\"dateModified\":\"2026-03-01T21:46:45+00:00\",\"mainEntityOfPage\":{\"@id\":\"https:\/\/radiolifefm.com.br\/noticias\/na-loja-elegance-store-de-adamantina-a-moda-quem-faz-e-voce\/\"},\"wordCount\":179,\"publisher\":{\"@id\":\"https:\/\/radiolifefm.com.br\/noticias\/#organization\"},\"image\":{\"@id\":\"https:\/\/radiolifefm.com.br\/noticias\/na-loja-elegance-store-de-adamantina-a-moda-quem-faz-e-voce\/#primaryimage\"},\"thumbnailUrl\":\"https:\/\/radiolifefm.com.br\/noticias\/wp-content\/uploads\/2022\/08\/Capa.jpeg\",\"articleSection\":[\"Adamantina\"],\"inLanguage\":\"pt-BR\"},{\"@type\":\"WebPage\",\"@id\":\"https:\/\/radiolifefm.com.br\/noticias\/na-loja-elegance-store-de-adamantina-a-moda-quem-faz-e-voce\/\",\"url\":\"https:\/\/radiolifefm.com.br\/noticias\/na-loja-elegance-store-de-adamantina-a-moda-quem-faz-e-voce\/\",\"name\":\"Na loja Elegance Store de Adamantina a moda quem faz \u00e9 voc\u00ea - R\u00e1dio Life FM\",\"isPartOf\":{\"@id\":\"https:\/\/radiolifefm.com.br\/noticias\/#website\"},\"primaryImageOfPage\":{\"@id\":\"https:\/\/radiolifefm.com.br\/noticias\/na-loja-elegance-store-de-adamantina-a-moda-quem-faz-e-voce\/#primaryimage\"},\"image\":{\"@id\":\"https:\/\/radiolifefm.com.br\/noticias\/na-loja-elegance-store-de-adamantina-a-moda-quem-faz-e-voce\/#primaryimage\"},\"thumbnailUrl\":\"https:\/\/radiolifefm.com.br\/noticias\/wp-content\/uploads\/2022\/08\/Capa.jpeg\",\"datePublished\":\"2022-08-26T21:34:09+00:00\",\"dateModified\":\"2026-03-01T21:46:45+00:00\",\"breadcrumb\":{\"@id\":\"https:\/\/radiolifefm.com.br\/noticias\/na-loja-elegance-store-de-adamantina-a-moda-quem-faz-e-voce\/#breadcrumb\"},\"inLanguage\":\"pt-BR\",\"potentialAction\":[{\"@type\":\"ReadAction\",\"target\":[\"https:\/\/radiolifefm.com.br\/noticias\/na-loja-elegance-store-de-adamantina-a-moda-quem-faz-e-voce\/\"]}]},{\"@type\":\"ImageObject\",\"inLanguage\":\"pt-BR\",\"@id\":\"https:\/\/radiolifefm.com.br\/noticias\/na-loja-elegance-store-de-adamantina-a-moda-quem-faz-e-voce\/#primaryimage\",\"url\":\"https:\/\/radiolifefm.com.br\/noticias\/wp-content\/uploads\/2022\/08\/Capa.jpeg\",\"contentUrl\":\"https:\/\/radiolifefm.com.br\/noticias\/wp-content\/uploads\/2022\/08\/Capa.jpeg\",\"width\":1600,\"height\":1200},{\"@type\":\"BreadcrumbList\",\"@id\":\"https:\/\/radiolifefm.com.br\/noticias\/na-loja-elegance-store-de-adamantina-a-moda-quem-faz-e-voce\/#breadcrumb\",\"itemListElement\":[{\"@type\":\"ListItem\",\"position\":1,\"name\":\"In\u00edcio\",\"item\":\"https:\/\/radiolifefm.com.br\/noticias\/\"},{\"@type\":\"ListItem\",\"position\":2,\"name\":\"Na loja Elegance Store de Adamantina a moda quem faz \u00e9 voc\u00ea\"}]},{\"@type\":\"WebSite\",\"@id\":\"https:\/\/radiolifefm.com.br\/noticias\/#website\",\"url\":\"https:\/\/radiolifefm.com.br\/noticias\/\",\"name\":\"R\u00e1dio Life FM\",\"description\":\"O Portal de Not\u00edcias de Adamantina\",\"publisher\":{\"@id\":\"https:\/\/radiolifefm.com.br\/noticias\/#organization\"},\"alternateName\":\"Life FM\",\"potentialAction\":[{\"@type\":\"SearchAction\",\"target\":{\"@type\":\"EntryPoint\",\"urlTemplate\":\"https:\/\/radiolifefm.com.br\/noticias\/?s={search_term_string}\"},\"query-input\":{\"@type\":\"PropertyValueSpecification\",\"valueRequired\":true,\"valueName\":\"search_term_string\"}}],\"inLanguage\":\"pt-BR\"},{\"@type\":\"Organization\",\"@id\":\"https:\/\/radiolifefm.com.br\/noticias\/#organization\",\"name\":\"R\u00e1dio Life FM\",\"alternateName\":\"Life FM\",\"url\":\"https:\/\/radiolifefm.com.br\/noticias\/\",\"logo\":{\"@type\":\"ImageObject\",\"inLanguage\":\"pt-BR\",\"@id\":\"https:\/\/radiolifefm.com.br\/noticias\/#\/schema\/logo\/image\/\",\"url\":\"https:\/\/static.radiolifefm.com.br\/noticias\/wp-content\/uploads\/2019\/10\/logo-lifefm.png\",\"contentUrl\":\"https:\/\/static.radiolifefm.com.br\/noticias\/wp-content\/uploads\/2019\/10\/logo-lifefm.png\",\"width\":196,\"height\":47,\"caption\":\"R\u00e1dio Life FM\"},\"image\":{\"@id\":\"https:\/\/radiolifefm.com.br\/noticias\/#\/schema\/logo\/image\/\"},\"sameAs\":[\"https:\/\/www.facebook.com\/radiolifefm\/\",\"https:\/\/www.instagram.com\/life1079fm\/\"]},{\"@type\":\"Person\",\"@id\":\"https:\/\/radiolifefm.com.br\/noticias\/#\/schema\/person\/d37940c51f50a0c5db4e065bb527a35d\",\"name\":\"mayraferrari\",\"image\":{\"@type\":\"ImageObject\",\"inLanguage\":\"pt-BR\",\"@id\":\"https:\/\/secure.gravatar.com\/avatar\/69374fafea2eae004e87f555bcb8bb6e24c5d501c2ffec6bbedf0a8f25427b93?s=96&d=mm&r=g\",\"url\":\"https:\/\/secure.gravatar.com\/avatar\/69374fafea2eae004e87f555bcb8bb6e24c5d501c2ffec6bbedf0a8f25427b93?s=96&d=mm&r=g\",\"contentUrl\":\"https:\/\/secure.gravatar.com\/avatar\/69374fafea2eae004e87f555bcb8bb6e24c5d501c2ffec6bbedf0a8f25427b93?s=96&d=mm&r=g\",\"caption\":\"mayraferrari\"}}]}<\/script>\n<!-- \/ Yoast SEO plugin. -->","yoast_head_json":{"title":"Na loja Elegance Store de Adamantina a moda quem faz \u00e9 voc\u00ea - R\u00e1dio Life FM","robots":{"index":"index","follow":"follow","max-snippet":"max-snippet:-1","max-image-preview":"max-image-preview:large","max-video-preview":"max-video-preview:-1"},"canonical":"https:\/\/radiolifefm.com.br\/noticias\/na-loja-elegance-store-de-adamantina-a-moda-quem-faz-e-voce\/","og_locale":"pt_BR","og_type":"article","og_title":"Na loja Elegance Store de Adamantina a moda quem faz \u00e9 voc\u00ea - R\u00e1dio Life FM","og_description":"&nbsp; A loja Elegance Store est\u00e1 preparada para a Expoverde 2022 &nbsp; O casal Vit\u00f3ria e Rafael est\u00e3o a disposi\u00e7\u00e3o para te oferecer o atendimento que voc\u00ea merece. E l\u00e1 voc\u00ea encontra looks femininos e masculinos para ficar ainda mais bonito(a) com pre\u00e7os a partir de R$29,90. &nbsp; Na Eleg\u00e2nce Store voc\u00ea encontra diversas op\u00e7\u00f5es [&hellip;]","og_url":"https:\/\/radiolifefm.com.br\/noticias\/na-loja-elegance-store-de-adamantina-a-moda-quem-faz-e-voce\/","og_site_name":"R\u00e1dio Life FM","article_publisher":"https:\/\/www.facebook.com\/radiolifefm\/","article_published_time":"2022-08-26T21:34:09+00:00","article_modified_time":"2026-03-01T21:46:45+00:00","og_image":[{"width":1600,"height":1200,"url":"https:\/\/radiolifefm.com.br\/noticias\/wp-content\/uploads\/2022\/08\/Capa.jpeg","type":"image\/jpeg"}],"author":"mayraferrari","twitter_card":"summary_large_image","twitter_misc":{"Escrito por":"mayraferrari","Est. tempo de leitura":"2 minutos"},"schema":{"@context":"https:\/\/schema.org","@graph":[{"@type":"Article","@id":"https:\/\/radiolifefm.com.br\/noticias\/na-loja-elegance-store-de-adamantina-a-moda-quem-faz-e-voce\/#article","isPartOf":{"@id":"https:\/\/radiolifefm.com.br\/noticias\/na-loja-elegance-store-de-adamantina-a-moda-quem-faz-e-voce\/"},"author":{"name":"mayraferrari","@id":"https:\/\/radiolifefm.com.br\/noticias\/#\/schema\/person\/d37940c51f50a0c5db4e065bb527a35d"},"headline":"Na loja Elegance Store de Adamantina a moda quem faz \u00e9 voc\u00ea","datePublished":"2022-08-26T21:34:09+00:00","dateModified":"2026-03-01T21:46:45+00:00","mainEntityOfPage":{"@id":"https:\/\/radiolifefm.com.br\/noticias\/na-loja-elegance-store-de-adamantina-a-moda-quem-faz-e-voce\/"},"wordCount":179,"publisher":{"@id":"https:\/\/radiolifefm.com.br\/noticias\/#organization"},"image":{"@id":"https:\/\/radiolifefm.com.br\/noticias\/na-loja-elegance-store-de-adamantina-a-moda-quem-faz-e-voce\/#primaryimage"},"thumbnailUrl":"https:\/\/radiolifefm.com.br\/noticias\/wp-content\/uploads\/2022\/08\/Capa.jpeg","articleSection":["Adamantina"],"inLanguage":"pt-BR"},{"@type":"WebPage","@id":"https:\/\/radiolifefm.com.br\/noticias\/na-loja-elegance-store-de-adamantina-a-moda-quem-faz-e-voce\/","url":"https:\/\/radiolifefm.com.br\/noticias\/na-loja-elegance-store-de-adamantina-a-moda-quem-faz-e-voce\/","name":"Na loja Elegance Store de Adamantina a moda quem faz \u00e9 voc\u00ea - R\u00e1dio Life FM","isPartOf":{"@id":"https:\/\/radiolifefm.com.br\/noticias\/#website"},"primaryImageOfPage":{"@id":"https:\/\/radiolifefm.com.br\/noticias\/na-loja-elegance-store-de-adamantina-a-moda-quem-faz-e-voce\/#primaryimage"},"image":{"@id":"https:\/\/radiolifefm.com.br\/noticias\/na-loja-elegance-store-de-adamantina-a-moda-quem-faz-e-voce\/#primaryimage"},"thumbnailUrl":"https:\/\/radiolifefm.com.br\/noticias\/wp-content\/uploads\/2022\/08\/Capa.jpeg","datePublished":"2022-08-26T21:34:09+00:00","dateModified":"2026-03-01T21:46:45+00:00","breadcrumb":{"@id":"https:\/\/radiolifefm.com.br\/noticias\/na-loja-elegance-store-de-adamantina-a-moda-quem-faz-e-voce\/#breadcrumb"},"inLanguage":"pt-BR","potentialAction":[{"@type":"ReadAction","target":["https:\/\/radiolifefm.com.br\/noticias\/na-loja-elegance-store-de-adamantina-a-moda-quem-faz-e-voce\/"]}]},{"@type":"ImageObject","inLanguage":"pt-BR","@id":"https:\/\/radiolifefm.com.br\/noticias\/na-loja-elegance-store-de-adamantina-a-moda-quem-faz-e-voce\/#primaryimage","url":"https:\/\/radiolifefm.com.br\/noticias\/wp-content\/uploads\/2022\/08\/Capa.jpeg","contentUrl":"https:\/\/radiolifefm.com.br\/noticias\/wp-content\/uploads\/2022\/08\/Capa.jpeg","width":1600,"height":1200},{"@type":"BreadcrumbList","@id":"https:\/\/radiolifefm.com.br\/noticias\/na-loja-elegance-store-de-adamantina-a-moda-quem-faz-e-voce\/#breadcrumb","itemListElement":[{"@type":"ListItem","position":1,"name":"In\u00edcio","item":"https:\/\/radiolifefm.com.br\/noticias\/"},{"@type":"ListItem","position":2,"name":"Na loja Elegance Store de Adamantina a moda quem faz \u00e9 voc\u00ea"}]},{"@type":"WebSite","@id":"https:\/\/radiolifefm.com.br\/noticias\/#website","url":"https:\/\/radiolifefm.com.br\/noticias\/","name":"R\u00e1dio Life FM","description":"O Portal de Not\u00edcias de Adamantina","publisher":{"@id":"https:\/\/radiolifefm.com.br\/noticias\/#organization"},"alternateName":"Life FM","potentialAction":[{"@type":"SearchAction","target":{"@type":"EntryPoint","urlTemplate":"https:\/\/radiolifefm.com.br\/noticias\/?s={search_term_string}"},"query-input":{"@type":"PropertyValueSpecification","valueRequired":true,"valueName":"search_term_string"}}],"inLanguage":"pt-BR"},{"@type":"Organization","@id":"https:\/\/radiolifefm.com.br\/noticias\/#organization","name":"R\u00e1dio Life FM","alternateName":"Life FM","url":"https:\/\/radiolifefm.com.br\/noticias\/","logo":{"@type":"ImageObject","inLanguage":"pt-BR","@id":"https:\/\/radiolifefm.com.br\/noticias\/#\/schema\/logo\/image\/","url":"https:\/\/static.radiolifefm.com.br\/noticias\/wp-content\/uploads\/2019\/10\/logo-lifefm.png","contentUrl":"https:\/\/static.radiolifefm.com.br\/noticias\/wp-content\/uploads\/2019\/10\/logo-lifefm.png","width":196,"height":47,"caption":"R\u00e1dio Life FM"},"image":{"@id":"https:\/\/radiolifefm.com.br\/noticias\/#\/schema\/logo\/image\/"},"sameAs":["https:\/\/www.facebook.com\/radiolifefm\/","https:\/\/www.instagram.com\/life1079fm\/"]},{"@type":"Person","@id":"https:\/\/radiolifefm.com.br\/noticias\/#\/schema\/person\/d37940c51f50a0c5db4e065bb527a35d","name":"mayraferrari","image":{"@type":"ImageObject","inLanguage":"pt-BR","@id":"https:\/\/secure.gravatar.com\/avatar\/69374fafea2eae004e87f555bcb8bb6e24c5d501c2ffec6bbedf0a8f25427b93?s=96&d=mm&r=g","url":"https:\/\/secure.gravatar.com\/avatar\/69374fafea2eae004e87f555bcb8bb6e24c5d501c2ffec6bbedf0a8f25427b93?s=96&d=mm&r=g","contentUrl":"https:\/\/secure.gravatar.com\/avatar\/69374fafea2eae004e87f555bcb8bb6e24c5d501c2ffec6bbedf0a8f25427b93?s=96&d=mm&r=g","caption":"mayraferrari"}}]}},"amp_enabled":true,"_links":{"self":[{"href":"https:\/\/radiolifefm.com.br\/noticias\/wp-json\/wp\/v2\/posts\/57464","targetHints":{"allow":["GET"]}}],"collection":[{"href":"https:\/\/radiolifefm.com.br\/noticias\/wp-json\/wp\/v2\/posts"}],"about":[{"href":"https:\/\/radiolifefm.com.br\/noticias\/wp-json\/wp\/v2\/types\/post"}],"author":[{"embeddable":true,"href":"https:\/\/radiolifefm.com.br\/noticias\/wp-json\/wp\/v2\/users\/12"}],"replies":[{"embeddable":true,"href":"https:\/\/radiolifefm.com.br\/noticias\/wp-json\/wp\/v2\/comments?post=57464"}],"version-history":[{"count":5,"href":"https:\/\/radiolifefm.com.br\/noticias\/wp-json\/wp\/v2\/posts\/57464\/revisions"}],"predecessor-version":[{"id":57477,"href":"https:\/\/radiolifefm.com.br\/noticias\/wp-json\/wp\/v2\/posts\/57464\/revisions\/57477"}],"wp:featuredmedia":[{"embeddable":true,"href":"https:\/\/radiolifefm.com.br\/noticias\/wp-json\/wp\/v2\/media\/57472"}],"wp:attachment":[{"href":"https:\/\/radiolifefm.com.br\/noticias\/wp-json\/wp\/v2\/media?parent=57464"}],"wp:term":[{"taxonomy":"category","embeddable":true,"href":"https:\/\/radiolifefm.com.br\/noticias\/wp-json\/wp\/v2\/categories?post=57464"},{"taxonomy":"post_tag","embeddable":true,"href":"https:\/\/radiolifefm.com.br\/noticias\/wp-json\/wp\/v2\/tags?post=57464"}],"curies":[{"name":"wp","href":"https:\/\/api.w.org\/{rel}","templated":true}]}}