{"id":57461,"date":"2022-08-26T17:02:36","date_gmt":"2022-08-26T20:02:36","guid":{"rendered":"https:\/\/radiolifefm.com.br\/noticias\/?p=57461"},"modified":"2026-04-24T20:04:56","modified_gmt":"2026-04-24T23:04:56","slug":"crianca-e-picada-por-escorpiao-em-creche-municipal-de-adamantina-local-foi-dedetizado-mes-passado","status":"publish","type":"post","link":"https:\/\/radiolifefm.com.br\/noticias\/crianca-e-picada-por-escorpiao-em-creche-municipal-de-adamantina-local-foi-dedetizado-mes-passado\/","title":{"rendered":"Crian\u00e7a \u00e9 picada por escorpi\u00e3o em creche municipal de Adamantina; local foi dedetizado m\u00eas passado"},"content":{"rendered":"<div id=\"fb-root\"><\/div>\n<p>Uma crian\u00e7a com pouco mais de um ano foi picada por escorpi\u00e3o na manh\u00e3 desta quinta-feira (25) na Escola Municipal de Ensino Infantil \u201cEMEI Cec\u00edlia Meireles\u201d, em Adamantina. A unidade de ensino fica localizada na Rua Jos\u00e9 Vicente, pr\u00f3xima ao CIS (Centro Integrado de Sa\u00fade). O caso foi relatado ao SIGA MAIS nesta sexta-feira (26). Consultado pela reportagem, o secret\u00e1rio municipal de educa\u00e7\u00e3o, Osvaldo Jos\u00e9, confirmou o ocorrido.<\/p>\n<p>Conforme o gestor municipal, ap\u00f3s a equipe escolar constatar o fato, comunicou os pais da crian\u00e7a e promoveu seu atendimento, sendo encaminhada ao pronto-socorro da Santa Casa local onde recebeu os cuidados de sa\u00fade Ele disse que a crian\u00e7a permaneceu hospitalizada, em observa\u00e7\u00e3o e sem complica\u00e7\u00f5es, obtendo alta nesta sexta-feira. Ainda de acordo com Osvaldo Jos\u00e9, desde o ocorrido tem sido mantido contato permanente entre os pais e os profissionais da educa\u00e7\u00e3o.<\/p>\n<p>Local foi dedetizado em julho<\/p>\n<p>O secret\u00e1rio de educa\u00e7\u00e3o destacou que as creches municipais s\u00e3o dedetizadas, preventivamente, duas vezes ao ano, e a mais recente opera\u00e7\u00e3o, nesse sentido, foi realizada em julho passado, durante o per\u00edodo de recesso.<\/p>\n<p>Ele determinou uma nova dedetiza\u00e7\u00e3o na \u201cEMEI Cec\u00edlia Meireles\u201d, que vai ser realizada no final da tarde desta sexta-feira, ap\u00f3s o encerramento das atividades. O espa\u00e7o tamb\u00e9m passou por uma varredura, depois do ocorrido ontem.<\/p>\n<p>O atendimento na unidade de ensino n\u00e3o foi prejudicado e as atividades transcorreram normalmente, ontem e hoje, sendo retomadas na segunda-feira.<\/p>\n<p>Saiba mais sobre escorpi\u00f5es<\/p>\n<p>Os escorpi\u00f5es t\u00eam h\u00e1bitos noturnos. No ambiente urbano esses animais procuram se esconder em v\u00e3os, frestas, buracos, em meio a entulhos, entre outros. As medidas de controle e manejo no meio urbano baseiam-se na retirada e modifica\u00e7\u00e3o das condi\u00e7\u00f5es do ambiente a fim de torn\u00e1-lo desfavor\u00e1vel \u00e0 sua perman\u00eancia e prolifera\u00e7\u00e3o, como a veda\u00e7\u00e3o de uma frestas em parede na resid\u00eancia, a retirada de entulhos de constru\u00e7\u00e3o entre outros.<\/p>\n<p>Em caso de acidente<\/p>\n<p>Ap\u00f3s a picada de um escorpi\u00e3o o veneno provoca uma estimula\u00e7\u00e3o de termina\u00e7\u00f5es nervosas sensitivas o que determina o aparecimento de dor intensa, edema e vermelhid\u00e3o.<\/p>\n<p>Caso ocorra um acidente com picada de escorpi\u00e3o a orienta\u00e7\u00e3o \u00e9 lavar a regi\u00e3o com \u00e1gua e sab\u00e3o e procurar a unidade de sa\u00fade mais pr\u00f3xima para ser feita uma avalia\u00e7\u00e3o m\u00e9dica do acidentado e para que seja oferecido um tratamento de acordo com o protocolo de aten\u00e7\u00e3o ao acidentado por escorpi\u00e3o.<\/p>\n<p>Para saber mais, acesse aqui as orienta\u00e7\u00f5es do Minist\u00e9rio da Sa\u00fade.<\/p>\n<p>Fonte: Siga Mais<\/p>\n","protected":false},"excerpt":{"rendered":"<p>Uma crian\u00e7a com pouco mais de um ano foi picada por escorpi\u00e3o na manh\u00e3 desta quinta-feira (25) na Escola Municipal de Ensino Infantil \u201cEMEI Cec\u00edlia Meireles\u201d, em Adamantina. A unidade de ensino fica localizada na Rua Jos\u00e9 Vicente, pr\u00f3xima ao CIS (Centro Integrado de Sa\u00fade). O caso foi relatado ao SIGA MAIS nesta sexta-feira (26). [&hellip;]<\/p>\n","protected":false},"author":13,"featured_media":57462,"comment_status":"open","ping_status":"open","sticky":false,"template":"","format":"standard","meta":{"_acf_changed":false,"_exactmetrics_skip_tracking":false,"_exactmetrics_sitenote_active":false,"_exactmetrics_sitenote_note":"","_exactmetrics_sitenote_category":0,"footnotes":""},"categories":[21],"tags":[],"class_list":["post-57461","post","type-post","status-publish","format-standard","has-post-thumbnail","hentry","category-adamantina"],"acf":[],"yoast_head":"<!-- This site is optimized with the Yoast SEO plugin v27.2 - https:\/\/yoast.com\/product\/yoast-seo-wordpress\/ -->\n<title>Crian\u00e7a \u00e9 picada por escorpi\u00e3o em creche municipal de Adamantina; local foi dedetizado m\u00eas passado - R\u00e1dio Life FM<\/title>\n<meta name=\"robots\" content=\"index, follow, max-snippet:-1, max-image-preview:large, max-video-preview:-1\" \/>\n<link rel=\"canonical\" href=\"https:\/\/radiolifefm.com.br\/noticias\/crianca-e-picada-por-escorpiao-em-creche-municipal-de-adamantina-local-foi-dedetizado-mes-passado\/\" \/>\n<meta property=\"og:locale\" content=\"pt_BR\" \/>\n<meta property=\"og:type\" content=\"article\" \/>\n<meta property=\"og:title\" content=\"Crian\u00e7a \u00e9 picada por escorpi\u00e3o em creche municipal de Adamantina; local foi dedetizado m\u00eas passado - R\u00e1dio Life FM\" \/>\n<meta property=\"og:description\" content=\"Uma crian\u00e7a com pouco mais de um ano foi picada por escorpi\u00e3o na manh\u00e3 desta quinta-feira (25) na Escola Municipal de Ensino Infantil \u201cEMEI Cec\u00edlia Meireles\u201d, em Adamantina. A unidade de ensino fica localizada na Rua Jos\u00e9 Vicente, pr\u00f3xima ao CIS (Centro Integrado de Sa\u00fade). O caso foi relatado ao SIGA MAIS nesta sexta-feira (26). [&hellip;]\" \/>\n<meta property=\"og:url\" content=\"https:\/\/radiolifefm.com.br\/noticias\/crianca-e-picada-por-escorpiao-em-creche-municipal-de-adamantina-local-foi-dedetizado-mes-passado\/\" \/>\n<meta property=\"og:site_name\" content=\"R\u00e1dio Life FM\" \/>\n<meta property=\"article:publisher\" content=\"https:\/\/www.facebook.com\/radiolifefm\/\" \/>\n<meta property=\"article:published_time\" content=\"2022-08-26T20:02:36+00:00\" \/>\n<meta property=\"article:modified_time\" content=\"2026-04-24T23:04:56+00:00\" \/>\n<meta property=\"og:image\" content=\"https:\/\/radiolifefm.com.br\/noticias\/wp-content\/uploads\/2022\/08\/IMG-20220826-WA0065.jpg\" \/>\n\t<meta property=\"og:image:width\" content=\"600\" \/>\n\t<meta property=\"og:image:height\" content=\"337\" \/>\n\t<meta property=\"og:image:type\" content=\"image\/jpeg\" \/>\n<meta name=\"author\" content=\"ritanery\" \/>\n<meta name=\"twitter:card\" content=\"summary_large_image\" \/>\n<meta name=\"twitter:label1\" content=\"Escrito por\" \/>\n\t<meta name=\"twitter:data1\" content=\"ritanery\" \/>\n\t<meta name=\"twitter:label2\" content=\"Est. tempo de leitura\" \/>\n\t<meta name=\"twitter:data2\" content=\"3 minutos\" \/>\n<script type=\"application\/ld+json\" class=\"yoast-schema-graph\">{\"@context\":\"https:\/\/schema.org\",\"@graph\":[{\"@type\":\"Article\",\"@id\":\"https:\/\/radiolifefm.com.br\/noticias\/crianca-e-picada-por-escorpiao-em-creche-municipal-de-adamantina-local-foi-dedetizado-mes-passado\/#article\",\"isPartOf\":{\"@id\":\"https:\/\/radiolifefm.com.br\/noticias\/crianca-e-picada-por-escorpiao-em-creche-municipal-de-adamantina-local-foi-dedetizado-mes-passado\/\"},\"author\":{\"name\":\"ritanery\",\"@id\":\"https:\/\/radiolifefm.com.br\/noticias\/#\/schema\/person\/6339b9fac59d12b071dec680d7375d87\"},\"headline\":\"Crian\u00e7a \u00e9 picada por escorpi\u00e3o em creche municipal de Adamantina; local foi dedetizado m\u00eas passado\",\"datePublished\":\"2022-08-26T20:02:36+00:00\",\"dateModified\":\"2026-04-24T23:04:56+00:00\",\"mainEntityOfPage\":{\"@id\":\"https:\/\/radiolifefm.com.br\/noticias\/crianca-e-picada-por-escorpiao-em-creche-municipal-de-adamantina-local-foi-dedetizado-mes-passado\/\"},\"wordCount\":473,\"commentCount\":0,\"publisher\":{\"@id\":\"https:\/\/radiolifefm.com.br\/noticias\/#organization\"},\"image\":{\"@id\":\"https:\/\/radiolifefm.com.br\/noticias\/crianca-e-picada-por-escorpiao-em-creche-municipal-de-adamantina-local-foi-dedetizado-mes-passado\/#primaryimage\"},\"thumbnailUrl\":\"https:\/\/radiolifefm.com.br\/noticias\/wp-content\/uploads\/2022\/08\/IMG-20220826-WA0065.jpg\",\"articleSection\":[\"Adamantina\"],\"inLanguage\":\"pt-BR\",\"potentialAction\":[{\"@type\":\"CommentAction\",\"name\":\"Comment\",\"target\":[\"https:\/\/radiolifefm.com.br\/noticias\/crianca-e-picada-por-escorpiao-em-creche-municipal-de-adamantina-local-foi-dedetizado-mes-passado\/#respond\"]}]},{\"@type\":\"WebPage\",\"@id\":\"https:\/\/radiolifefm.com.br\/noticias\/crianca-e-picada-por-escorpiao-em-creche-municipal-de-adamantina-local-foi-dedetizado-mes-passado\/\",\"url\":\"https:\/\/radiolifefm.com.br\/noticias\/crianca-e-picada-por-escorpiao-em-creche-municipal-de-adamantina-local-foi-dedetizado-mes-passado\/\",\"name\":\"Crian\u00e7a \u00e9 picada por escorpi\u00e3o em creche municipal de Adamantina; local foi dedetizado m\u00eas passado - R\u00e1dio Life FM\",\"isPartOf\":{\"@id\":\"https:\/\/radiolifefm.com.br\/noticias\/#website\"},\"primaryImageOfPage\":{\"@id\":\"https:\/\/radiolifefm.com.br\/noticias\/crianca-e-picada-por-escorpiao-em-creche-municipal-de-adamantina-local-foi-dedetizado-mes-passado\/#primaryimage\"},\"image\":{\"@id\":\"https:\/\/radiolifefm.com.br\/noticias\/crianca-e-picada-por-escorpiao-em-creche-municipal-de-adamantina-local-foi-dedetizado-mes-passado\/#primaryimage\"},\"thumbnailUrl\":\"https:\/\/radiolifefm.com.br\/noticias\/wp-content\/uploads\/2022\/08\/IMG-20220826-WA0065.jpg\",\"datePublished\":\"2022-08-26T20:02:36+00:00\",\"dateModified\":\"2026-04-24T23:04:56+00:00\",\"breadcrumb\":{\"@id\":\"https:\/\/radiolifefm.com.br\/noticias\/crianca-e-picada-por-escorpiao-em-creche-municipal-de-adamantina-local-foi-dedetizado-mes-passado\/#breadcrumb\"},\"inLanguage\":\"pt-BR\",\"potentialAction\":[{\"@type\":\"ReadAction\",\"target\":[\"https:\/\/radiolifefm.com.br\/noticias\/crianca-e-picada-por-escorpiao-em-creche-municipal-de-adamantina-local-foi-dedetizado-mes-passado\/\"]}]},{\"@type\":\"ImageObject\",\"inLanguage\":\"pt-BR\",\"@id\":\"https:\/\/radiolifefm.com.br\/noticias\/crianca-e-picada-por-escorpiao-em-creche-municipal-de-adamantina-local-foi-dedetizado-mes-passado\/#primaryimage\",\"url\":\"https:\/\/radiolifefm.com.br\/noticias\/wp-content\/uploads\/2022\/08\/IMG-20220826-WA0065.jpg\",\"contentUrl\":\"https:\/\/radiolifefm.com.br\/noticias\/wp-content\/uploads\/2022\/08\/IMG-20220826-WA0065.jpg\",\"width\":600,\"height\":337},{\"@type\":\"BreadcrumbList\",\"@id\":\"https:\/\/radiolifefm.com.br\/noticias\/crianca-e-picada-por-escorpiao-em-creche-municipal-de-adamantina-local-foi-dedetizado-mes-passado\/#breadcrumb\",\"itemListElement\":[{\"@type\":\"ListItem\",\"position\":1,\"name\":\"In\u00edcio\",\"item\":\"https:\/\/radiolifefm.com.br\/noticias\/\"},{\"@type\":\"ListItem\",\"position\":2,\"name\":\"Crian\u00e7a \u00e9 picada por escorpi\u00e3o em creche municipal de Adamantina; local foi dedetizado m\u00eas passado\"}]},{\"@type\":\"WebSite\",\"@id\":\"https:\/\/radiolifefm.com.br\/noticias\/#website\",\"url\":\"https:\/\/radiolifefm.com.br\/noticias\/\",\"name\":\"R\u00e1dio Life FM\",\"description\":\"O Portal de Not\u00edcias de Adamantina\",\"publisher\":{\"@id\":\"https:\/\/radiolifefm.com.br\/noticias\/#organization\"},\"alternateName\":\"Life FM\",\"potentialAction\":[{\"@type\":\"SearchAction\",\"target\":{\"@type\":\"EntryPoint\",\"urlTemplate\":\"https:\/\/radiolifefm.com.br\/noticias\/?s={search_term_string}\"},\"query-input\":{\"@type\":\"PropertyValueSpecification\",\"valueRequired\":true,\"valueName\":\"search_term_string\"}}],\"inLanguage\":\"pt-BR\"},{\"@type\":\"Organization\",\"@id\":\"https:\/\/radiolifefm.com.br\/noticias\/#organization\",\"name\":\"R\u00e1dio Life FM\",\"alternateName\":\"Life FM\",\"url\":\"https:\/\/radiolifefm.com.br\/noticias\/\",\"logo\":{\"@type\":\"ImageObject\",\"inLanguage\":\"pt-BR\",\"@id\":\"https:\/\/radiolifefm.com.br\/noticias\/#\/schema\/logo\/image\/\",\"url\":\"https:\/\/static.radiolifefm.com.br\/noticias\/wp-content\/uploads\/2019\/10\/logo-lifefm.png\",\"contentUrl\":\"https:\/\/static.radiolifefm.com.br\/noticias\/wp-content\/uploads\/2019\/10\/logo-lifefm.png\",\"width\":196,\"height\":47,\"caption\":\"R\u00e1dio Life FM\"},\"image\":{\"@id\":\"https:\/\/radiolifefm.com.br\/noticias\/#\/schema\/logo\/image\/\"},\"sameAs\":[\"https:\/\/www.facebook.com\/radiolifefm\/\",\"https:\/\/www.instagram.com\/life1079fm\/\"]},{\"@type\":\"Person\",\"@id\":\"https:\/\/radiolifefm.com.br\/noticias\/#\/schema\/person\/6339b9fac59d12b071dec680d7375d87\",\"name\":\"ritanery\",\"image\":{\"@type\":\"ImageObject\",\"inLanguage\":\"pt-BR\",\"@id\":\"https:\/\/secure.gravatar.com\/avatar\/0e37bb19071f47c0b8a23f62a903df117c5a0e75f65a0c2901562f97cd41cf86?s=96&d=mm&r=g\",\"url\":\"https:\/\/secure.gravatar.com\/avatar\/0e37bb19071f47c0b8a23f62a903df117c5a0e75f65a0c2901562f97cd41cf86?s=96&d=mm&r=g\",\"contentUrl\":\"https:\/\/secure.gravatar.com\/avatar\/0e37bb19071f47c0b8a23f62a903df117c5a0e75f65a0c2901562f97cd41cf86?s=96&d=mm&r=g\",\"caption\":\"ritanery\"}}]}<\/script>\n<!-- \/ Yoast SEO plugin. -->","yoast_head_json":{"title":"Crian\u00e7a \u00e9 picada por escorpi\u00e3o em creche municipal de Adamantina; local foi dedetizado m\u00eas passado - R\u00e1dio Life FM","robots":{"index":"index","follow":"follow","max-snippet":"max-snippet:-1","max-image-preview":"max-image-preview:large","max-video-preview":"max-video-preview:-1"},"canonical":"https:\/\/radiolifefm.com.br\/noticias\/crianca-e-picada-por-escorpiao-em-creche-municipal-de-adamantina-local-foi-dedetizado-mes-passado\/","og_locale":"pt_BR","og_type":"article","og_title":"Crian\u00e7a \u00e9 picada por escorpi\u00e3o em creche municipal de Adamantina; local foi dedetizado m\u00eas passado - R\u00e1dio Life FM","og_description":"Uma crian\u00e7a com pouco mais de um ano foi picada por escorpi\u00e3o na manh\u00e3 desta quinta-feira (25) na Escola Municipal de Ensino Infantil \u201cEMEI Cec\u00edlia Meireles\u201d, em Adamantina. A unidade de ensino fica localizada na Rua Jos\u00e9 Vicente, pr\u00f3xima ao CIS (Centro Integrado de Sa\u00fade). O caso foi relatado ao SIGA MAIS nesta sexta-feira (26). [&hellip;]","og_url":"https:\/\/radiolifefm.com.br\/noticias\/crianca-e-picada-por-escorpiao-em-creche-municipal-de-adamantina-local-foi-dedetizado-mes-passado\/","og_site_name":"R\u00e1dio Life FM","article_publisher":"https:\/\/www.facebook.com\/radiolifefm\/","article_published_time":"2022-08-26T20:02:36+00:00","article_modified_time":"2026-04-24T23:04:56+00:00","og_image":[{"width":600,"height":337,"url":"https:\/\/radiolifefm.com.br\/noticias\/wp-content\/uploads\/2022\/08\/IMG-20220826-WA0065.jpg","type":"image\/jpeg"}],"author":"ritanery","twitter_card":"summary_large_image","twitter_misc":{"Escrito por":"ritanery","Est. tempo de leitura":"3 minutos"},"schema":{"@context":"https:\/\/schema.org","@graph":[{"@type":"Article","@id":"https:\/\/radiolifefm.com.br\/noticias\/crianca-e-picada-por-escorpiao-em-creche-municipal-de-adamantina-local-foi-dedetizado-mes-passado\/#article","isPartOf":{"@id":"https:\/\/radiolifefm.com.br\/noticias\/crianca-e-picada-por-escorpiao-em-creche-municipal-de-adamantina-local-foi-dedetizado-mes-passado\/"},"author":{"name":"ritanery","@id":"https:\/\/radiolifefm.com.br\/noticias\/#\/schema\/person\/6339b9fac59d12b071dec680d7375d87"},"headline":"Crian\u00e7a \u00e9 picada por escorpi\u00e3o em creche municipal de Adamantina; local foi dedetizado m\u00eas passado","datePublished":"2022-08-26T20:02:36+00:00","dateModified":"2026-04-24T23:04:56+00:00","mainEntityOfPage":{"@id":"https:\/\/radiolifefm.com.br\/noticias\/crianca-e-picada-por-escorpiao-em-creche-municipal-de-adamantina-local-foi-dedetizado-mes-passado\/"},"wordCount":473,"commentCount":0,"publisher":{"@id":"https:\/\/radiolifefm.com.br\/noticias\/#organization"},"image":{"@id":"https:\/\/radiolifefm.com.br\/noticias\/crianca-e-picada-por-escorpiao-em-creche-municipal-de-adamantina-local-foi-dedetizado-mes-passado\/#primaryimage"},"thumbnailUrl":"https:\/\/radiolifefm.com.br\/noticias\/wp-content\/uploads\/2022\/08\/IMG-20220826-WA0065.jpg","articleSection":["Adamantina"],"inLanguage":"pt-BR","potentialAction":[{"@type":"CommentAction","name":"Comment","target":["https:\/\/radiolifefm.com.br\/noticias\/crianca-e-picada-por-escorpiao-em-creche-municipal-de-adamantina-local-foi-dedetizado-mes-passado\/#respond"]}]},{"@type":"WebPage","@id":"https:\/\/radiolifefm.com.br\/noticias\/crianca-e-picada-por-escorpiao-em-creche-municipal-de-adamantina-local-foi-dedetizado-mes-passado\/","url":"https:\/\/radiolifefm.com.br\/noticias\/crianca-e-picada-por-escorpiao-em-creche-municipal-de-adamantina-local-foi-dedetizado-mes-passado\/","name":"Crian\u00e7a \u00e9 picada por escorpi\u00e3o em creche municipal de Adamantina; local foi dedetizado m\u00eas passado - R\u00e1dio Life FM","isPartOf":{"@id":"https:\/\/radiolifefm.com.br\/noticias\/#website"},"primaryImageOfPage":{"@id":"https:\/\/radiolifefm.com.br\/noticias\/crianca-e-picada-por-escorpiao-em-creche-municipal-de-adamantina-local-foi-dedetizado-mes-passado\/#primaryimage"},"image":{"@id":"https:\/\/radiolifefm.com.br\/noticias\/crianca-e-picada-por-escorpiao-em-creche-municipal-de-adamantina-local-foi-dedetizado-mes-passado\/#primaryimage"},"thumbnailUrl":"https:\/\/radiolifefm.com.br\/noticias\/wp-content\/uploads\/2022\/08\/IMG-20220826-WA0065.jpg","datePublished":"2022-08-26T20:02:36+00:00","dateModified":"2026-04-24T23:04:56+00:00","breadcrumb":{"@id":"https:\/\/radiolifefm.com.br\/noticias\/crianca-e-picada-por-escorpiao-em-creche-municipal-de-adamantina-local-foi-dedetizado-mes-passado\/#breadcrumb"},"inLanguage":"pt-BR","potentialAction":[{"@type":"ReadAction","target":["https:\/\/radiolifefm.com.br\/noticias\/crianca-e-picada-por-escorpiao-em-creche-municipal-de-adamantina-local-foi-dedetizado-mes-passado\/"]}]},{"@type":"ImageObject","inLanguage":"pt-BR","@id":"https:\/\/radiolifefm.com.br\/noticias\/crianca-e-picada-por-escorpiao-em-creche-municipal-de-adamantina-local-foi-dedetizado-mes-passado\/#primaryimage","url":"https:\/\/radiolifefm.com.br\/noticias\/wp-content\/uploads\/2022\/08\/IMG-20220826-WA0065.jpg","contentUrl":"https:\/\/radiolifefm.com.br\/noticias\/wp-content\/uploads\/2022\/08\/IMG-20220826-WA0065.jpg","width":600,"height":337},{"@type":"BreadcrumbList","@id":"https:\/\/radiolifefm.com.br\/noticias\/crianca-e-picada-por-escorpiao-em-creche-municipal-de-adamantina-local-foi-dedetizado-mes-passado\/#breadcrumb","itemListElement":[{"@type":"ListItem","position":1,"name":"In\u00edcio","item":"https:\/\/radiolifefm.com.br\/noticias\/"},{"@type":"ListItem","position":2,"name":"Crian\u00e7a \u00e9 picada por escorpi\u00e3o em creche municipal de Adamantina; local foi dedetizado m\u00eas passado"}]},{"@type":"WebSite","@id":"https:\/\/radiolifefm.com.br\/noticias\/#website","url":"https:\/\/radiolifefm.com.br\/noticias\/","name":"R\u00e1dio Life FM","description":"O Portal de Not\u00edcias de Adamantina","publisher":{"@id":"https:\/\/radiolifefm.com.br\/noticias\/#organization"},"alternateName":"Life FM","potentialAction":[{"@type":"SearchAction","target":{"@type":"EntryPoint","urlTemplate":"https:\/\/radiolifefm.com.br\/noticias\/?s={search_term_string}"},"query-input":{"@type":"PropertyValueSpecification","valueRequired":true,"valueName":"search_term_string"}}],"inLanguage":"pt-BR"},{"@type":"Organization","@id":"https:\/\/radiolifefm.com.br\/noticias\/#organization","name":"R\u00e1dio Life FM","alternateName":"Life FM","url":"https:\/\/radiolifefm.com.br\/noticias\/","logo":{"@type":"ImageObject","inLanguage":"pt-BR","@id":"https:\/\/radiolifefm.com.br\/noticias\/#\/schema\/logo\/image\/","url":"https:\/\/static.radiolifefm.com.br\/noticias\/wp-content\/uploads\/2019\/10\/logo-lifefm.png","contentUrl":"https:\/\/static.radiolifefm.com.br\/noticias\/wp-content\/uploads\/2019\/10\/logo-lifefm.png","width":196,"height":47,"caption":"R\u00e1dio Life FM"},"image":{"@id":"https:\/\/radiolifefm.com.br\/noticias\/#\/schema\/logo\/image\/"},"sameAs":["https:\/\/www.facebook.com\/radiolifefm\/","https:\/\/www.instagram.com\/life1079fm\/"]},{"@type":"Person","@id":"https:\/\/radiolifefm.com.br\/noticias\/#\/schema\/person\/6339b9fac59d12b071dec680d7375d87","name":"ritanery","image":{"@type":"ImageObject","inLanguage":"pt-BR","@id":"https:\/\/secure.gravatar.com\/avatar\/0e37bb19071f47c0b8a23f62a903df117c5a0e75f65a0c2901562f97cd41cf86?s=96&d=mm&r=g","url":"https:\/\/secure.gravatar.com\/avatar\/0e37bb19071f47c0b8a23f62a903df117c5a0e75f65a0c2901562f97cd41cf86?s=96&d=mm&r=g","contentUrl":"https:\/\/secure.gravatar.com\/avatar\/0e37bb19071f47c0b8a23f62a903df117c5a0e75f65a0c2901562f97cd41cf86?s=96&d=mm&r=g","caption":"ritanery"}}]}},"amp_enabled":true,"_links":{"self":[{"href":"https:\/\/radiolifefm.com.br\/noticias\/wp-json\/wp\/v2\/posts\/57461","targetHints":{"allow":["GET"]}}],"collection":[{"href":"https:\/\/radiolifefm.com.br\/noticias\/wp-json\/wp\/v2\/posts"}],"about":[{"href":"https:\/\/radiolifefm.com.br\/noticias\/wp-json\/wp\/v2\/types\/post"}],"author":[{"embeddable":true,"href":"https:\/\/radiolifefm.com.br\/noticias\/wp-json\/wp\/v2\/users\/13"}],"replies":[{"embeddable":true,"href":"https:\/\/radiolifefm.com.br\/noticias\/wp-json\/wp\/v2\/comments?post=57461"}],"version-history":[{"count":1,"href":"https:\/\/radiolifefm.com.br\/noticias\/wp-json\/wp\/v2\/posts\/57461\/revisions"}],"predecessor-version":[{"id":57463,"href":"https:\/\/radiolifefm.com.br\/noticias\/wp-json\/wp\/v2\/posts\/57461\/revisions\/57463"}],"wp:featuredmedia":[{"embeddable":true,"href":"https:\/\/radiolifefm.com.br\/noticias\/wp-json\/wp\/v2\/media\/57462"}],"wp:attachment":[{"href":"https:\/\/radiolifefm.com.br\/noticias\/wp-json\/wp\/v2\/media?parent=57461"}],"wp:term":[{"taxonomy":"category","embeddable":true,"href":"https:\/\/radiolifefm.com.br\/noticias\/wp-json\/wp\/v2\/categories?post=57461"},{"taxonomy":"post_tag","embeddable":true,"href":"https:\/\/radiolifefm.com.br\/noticias\/wp-json\/wp\/v2\/tags?post=57461"}],"curies":[{"name":"wp","href":"https:\/\/api.w.org\/{rel}","templated":true}]}}