{"id":57441,"date":"2022-08-26T08:32:57","date_gmt":"2022-08-26T11:32:57","guid":{"rendered":"https:\/\/radiolifefm.com.br\/noticias\/?p=57441"},"modified":"2025-10-06T08:39:34","modified_gmt":"2025-10-06T11:39:34","slug":"em-adamantina-moradora-do-jardim-brasil-e-contemplada-na-promocao-1-ano-de-conta-gratis-da-energia-eletrica","status":"publish","type":"post","link":"https:\/\/radiolifefm.com.br\/noticias\/em-adamantina-moradora-do-jardim-brasil-e-contemplada-na-promocao-1-ano-de-conta-gratis-da-energia-eletrica\/","title":{"rendered":"Em Adamantina, moradora do Jardim Brasil \u00e9 contemplada na promo\u00e7\u00e3o 1 ano de conta gr\u00e1tis da energia el\u00e9trica"},"content":{"rendered":"<div id=\"fb-root\"><\/div>\n<p style=\"font-weight: 400\">Mais uma moradora da regi\u00e3o foi contemplada na promo\u00e7\u00e3o \u201c1 Ano de Conta Gr\u00e1tis\u201d, promovida pela Energisa. Desta vez, a sorte sorriu para Nilce Mitiko Yamamoto, que ter\u00e1 uma economia significativa no or\u00e7amento familiar pelos pr\u00f3ximos 12 meses. Residente no bairro Jardim Brasil, ela se cadastrou no site da promo\u00e7\u00e3o e foi surpreendida com a not\u00edcia do sorteio.<\/p>\n<p style=\"font-weight: 400\">\n<p style=\"font-weight: 400\">\u00a0A entrega do\u00a0certificado de premia\u00e7\u00e3o ocorreu na tarde desta quarta-feira (24), na ag\u00eancia da Energisa Sul-Sudeste em Adamantina, com a presen\u00e7a de representantes da empresa. Conforme o regulamento, o pr\u00eamio deve ser usufru\u00eddo exclusivamente na unidade consumidora cadastrada na promo\u00e7\u00e3o. Para a dona Nilce, o pr\u00eamio \u00e9 muito bem-vindo e representa um al\u00edvio no or\u00e7amento mensal de casa.<\/p>\n<p style=\"font-weight: 400\">\n<p style=\"font-weight: 400\"><strong>Acredite na sorte!<\/strong><\/p>\n<p style=\"font-weight: 400\">Lan\u00e7ada no ano passado em todos os\u00a0Estados onde a Energisa atua em distribui\u00e7\u00e3o de energia el\u00e9trica, para clientes da categoria \u201cPessoa F\u00edsica\u201d, a promo\u00e7\u00e3o que d\u00e1 um ano de conta gr\u00e1tis continua com sorteios mensais.\u00a0\u00c9 importante ressaltar que os clientes que j\u00e1 se cadastraram na promo\u00e7\u00e3o no ano passado precisam fazer o cadastro\u00a0novamente.<\/p>\n<p style=\"font-weight: 400\">\n<p style=\"font-weight: 400\">Basta acessar o site\u00a0<a href=\"https:\/\/anodeconta.energisa.com.br\/\" data-saferedirecturl=\"https:\/\/www.google.com\/url?q=https:\/\/anodeconta.energisa.com.br\/&amp;source=gmail&amp;ust=1661599544907000&amp;usg=AOvVaw106u4NIQKun4GLT4GrFXKD\">https:\/\/anodeconta.energisa.com.br\/<\/a>.\u00a0Quanto mais contas o cliente pagar pelo QR Code\u00a0PIX, mais chances tem de ganhar.<\/p>\n<p style=\"font-weight: 400\">\n<p style=\"font-weight: 400\">Al\u00e9m do cadastro, \u00e9 importante ler todo o regulamento para conhecer os crit\u00e9rios da promo\u00e7\u00e3o e saber como ocorrem o sorteio, bem como a entrega do pr\u00eamio, que pode ser de at\u00e9 R$ 5 mil\/ano.<\/p>\n<p style=\"font-weight: 400\">\n<p style=\"font-weight: 400\">Em caso de d\u00favidas, contate a Energisa pelos canais de atendimento:<\/p>\n<ul style=\"font-weight: 400\">\n<li>Site:\u00a0<a href=\"http:\/\/www.energisa.com.br\/\" data-saferedirecturl=\"https:\/\/www.google.com\/url?q=http:\/\/www.energisa.com.br\/&amp;source=gmail&amp;ust=1661599544907000&amp;usg=AOvVaw1B62TfGQDl6g_LQz--QlSf\">www.energisa.com.br<\/a><\/li>\n<li>Energisa On \u2013 aplicativo para celular<\/li>\n<li>WhatsApp\u00a0(Gisa):\u00a0<a href=\"http:\/\/www.gisa.energisa.com.br\/\" data-saferedirecturl=\"https:\/\/www.google.com\/url?q=http:\/\/www.gisa.energisa.com.br&amp;source=gmail&amp;ust=1661599544907000&amp;usg=AOvVaw0EndpAl1IPpZhLOfuZH_jE\">www.gisa.energisa.com.br<\/a><\/li>\n<li>Call Center \u2013 0800 70 10 326<\/li>\n<\/ul>\n<p style=\"font-weight: 400\">\n<p>Fonte: Edneia Cristina da Silva Zart<\/p>\n","protected":false},"excerpt":{"rendered":"<p>Mais uma moradora da regi\u00e3o foi contemplada na promo\u00e7\u00e3o \u201c1 Ano de Conta Gr\u00e1tis\u201d, promovida pela Energisa. Desta vez, a sorte sorriu para Nilce Mitiko Yamamoto, que ter\u00e1 uma economia significativa no or\u00e7amento familiar pelos pr\u00f3ximos 12 meses. Residente no bairro Jardim Brasil, ela se cadastrou no site da promo\u00e7\u00e3o e foi surpreendida com a [&hellip;]<\/p>\n","protected":false},"author":13,"featured_media":57442,"comment_status":"closed","ping_status":"open","sticky":false,"template":"","format":"standard","meta":{"_acf_changed":false,"_exactmetrics_skip_tracking":false,"_exactmetrics_sitenote_active":false,"_exactmetrics_sitenote_note":"","_exactmetrics_sitenote_category":0,"footnotes":""},"categories":[21],"tags":[],"class_list":["post-57441","post","type-post","status-publish","format-standard","has-post-thumbnail","hentry","category-adamantina"],"acf":[],"yoast_head":"<!-- This site is optimized with the Yoast SEO plugin v27.2 - https:\/\/yoast.com\/product\/yoast-seo-wordpress\/ -->\n<title>Em Adamantina, moradora do Jardim Brasil \u00e9 contemplada na promo\u00e7\u00e3o 1 ano de conta gr\u00e1tis da energia el\u00e9trica - R\u00e1dio Life FM<\/title>\n<meta name=\"robots\" content=\"index, follow, max-snippet:-1, max-image-preview:large, max-video-preview:-1\" \/>\n<link rel=\"canonical\" href=\"https:\/\/radiolifefm.com.br\/noticias\/em-adamantina-moradora-do-jardim-brasil-e-contemplada-na-promocao-1-ano-de-conta-gratis-da-energia-eletrica\/\" \/>\n<meta property=\"og:locale\" content=\"pt_BR\" \/>\n<meta property=\"og:type\" content=\"article\" \/>\n<meta property=\"og:title\" content=\"Em Adamantina, moradora do Jardim Brasil \u00e9 contemplada na promo\u00e7\u00e3o 1 ano de conta gr\u00e1tis da energia el\u00e9trica - R\u00e1dio Life FM\" \/>\n<meta property=\"og:description\" content=\"Mais uma moradora da regi\u00e3o foi contemplada na promo\u00e7\u00e3o \u201c1 Ano de Conta Gr\u00e1tis\u201d, promovida pela Energisa. Desta vez, a sorte sorriu para Nilce Mitiko Yamamoto, que ter\u00e1 uma economia significativa no or\u00e7amento familiar pelos pr\u00f3ximos 12 meses. Residente no bairro Jardim Brasil, ela se cadastrou no site da promo\u00e7\u00e3o e foi surpreendida com a [&hellip;]\" \/>\n<meta property=\"og:url\" content=\"https:\/\/radiolifefm.com.br\/noticias\/em-adamantina-moradora-do-jardim-brasil-e-contemplada-na-promocao-1-ano-de-conta-gratis-da-energia-eletrica\/\" \/>\n<meta property=\"og:site_name\" content=\"R\u00e1dio Life FM\" \/>\n<meta property=\"article:publisher\" content=\"https:\/\/www.facebook.com\/radiolifefm\/\" \/>\n<meta property=\"article:published_time\" content=\"2022-08-26T11:32:57+00:00\" \/>\n<meta property=\"article:modified_time\" content=\"2025-10-06T11:39:34+00:00\" \/>\n<meta property=\"og:image\" content=\"https:\/\/static.radiolifefm.com.br\/noticias\/wp-content\/uploads\/2022\/08\/Premio-PIX-Adamantina-1.jpeg\" \/>\n\t<meta property=\"og:image:width\" content=\"768\" \/>\n\t<meta property=\"og:image:height\" content=\"1024\" \/>\n\t<meta property=\"og:image:type\" content=\"image\/jpeg\" \/>\n<meta name=\"author\" content=\"ritanery\" \/>\n<meta name=\"twitter:card\" content=\"summary_large_image\" \/>\n<meta name=\"twitter:label1\" content=\"Escrito por\" \/>\n\t<meta name=\"twitter:data1\" content=\"ritanery\" \/>\n\t<meta name=\"twitter:label2\" content=\"Est. tempo de leitura\" \/>\n\t<meta name=\"twitter:data2\" content=\"1 minuto\" \/>\n<script type=\"application\/ld+json\" class=\"yoast-schema-graph\">{\"@context\":\"https:\/\/schema.org\",\"@graph\":[{\"@type\":\"Article\",\"@id\":\"https:\/\/radiolifefm.com.br\/noticias\/em-adamantina-moradora-do-jardim-brasil-e-contemplada-na-promocao-1-ano-de-conta-gratis-da-energia-eletrica\/#article\",\"isPartOf\":{\"@id\":\"https:\/\/radiolifefm.com.br\/noticias\/em-adamantina-moradora-do-jardim-brasil-e-contemplada-na-promocao-1-ano-de-conta-gratis-da-energia-eletrica\/\"},\"author\":{\"name\":\"ritanery\",\"@id\":\"https:\/\/radiolifefm.com.br\/noticias\/#\/schema\/person\/6339b9fac59d12b071dec680d7375d87\"},\"headline\":\"Em Adamantina, moradora do Jardim Brasil \u00e9 contemplada na promo\u00e7\u00e3o 1 ano de conta gr\u00e1tis da energia el\u00e9trica\",\"datePublished\":\"2022-08-26T11:32:57+00:00\",\"dateModified\":\"2025-10-06T11:39:34+00:00\",\"mainEntityOfPage\":{\"@id\":\"https:\/\/radiolifefm.com.br\/noticias\/em-adamantina-moradora-do-jardim-brasil-e-contemplada-na-promocao-1-ano-de-conta-gratis-da-energia-eletrica\/\"},\"wordCount\":312,\"publisher\":{\"@id\":\"https:\/\/radiolifefm.com.br\/noticias\/#organization\"},\"image\":{\"@id\":\"https:\/\/radiolifefm.com.br\/noticias\/em-adamantina-moradora-do-jardim-brasil-e-contemplada-na-promocao-1-ano-de-conta-gratis-da-energia-eletrica\/#primaryimage\"},\"thumbnailUrl\":\"https:\/\/radiolifefm.com.br\/noticias\/wp-content\/uploads\/2022\/08\/Premio-PIX-Adamantina-1.jpeg\",\"articleSection\":[\"Adamantina\"],\"inLanguage\":\"pt-BR\"},{\"@type\":\"WebPage\",\"@id\":\"https:\/\/radiolifefm.com.br\/noticias\/em-adamantina-moradora-do-jardim-brasil-e-contemplada-na-promocao-1-ano-de-conta-gratis-da-energia-eletrica\/\",\"url\":\"https:\/\/radiolifefm.com.br\/noticias\/em-adamantina-moradora-do-jardim-brasil-e-contemplada-na-promocao-1-ano-de-conta-gratis-da-energia-eletrica\/\",\"name\":\"Em Adamantina, moradora do Jardim Brasil \u00e9 contemplada na promo\u00e7\u00e3o 1 ano de conta gr\u00e1tis da energia el\u00e9trica - R\u00e1dio Life FM\",\"isPartOf\":{\"@id\":\"https:\/\/radiolifefm.com.br\/noticias\/#website\"},\"primaryImageOfPage\":{\"@id\":\"https:\/\/radiolifefm.com.br\/noticias\/em-adamantina-moradora-do-jardim-brasil-e-contemplada-na-promocao-1-ano-de-conta-gratis-da-energia-eletrica\/#primaryimage\"},\"image\":{\"@id\":\"https:\/\/radiolifefm.com.br\/noticias\/em-adamantina-moradora-do-jardim-brasil-e-contemplada-na-promocao-1-ano-de-conta-gratis-da-energia-eletrica\/#primaryimage\"},\"thumbnailUrl\":\"https:\/\/radiolifefm.com.br\/noticias\/wp-content\/uploads\/2022\/08\/Premio-PIX-Adamantina-1.jpeg\",\"datePublished\":\"2022-08-26T11:32:57+00:00\",\"dateModified\":\"2025-10-06T11:39:34+00:00\",\"breadcrumb\":{\"@id\":\"https:\/\/radiolifefm.com.br\/noticias\/em-adamantina-moradora-do-jardim-brasil-e-contemplada-na-promocao-1-ano-de-conta-gratis-da-energia-eletrica\/#breadcrumb\"},\"inLanguage\":\"pt-BR\",\"potentialAction\":[{\"@type\":\"ReadAction\",\"target\":[\"https:\/\/radiolifefm.com.br\/noticias\/em-adamantina-moradora-do-jardim-brasil-e-contemplada-na-promocao-1-ano-de-conta-gratis-da-energia-eletrica\/\"]}]},{\"@type\":\"ImageObject\",\"inLanguage\":\"pt-BR\",\"@id\":\"https:\/\/radiolifefm.com.br\/noticias\/em-adamantina-moradora-do-jardim-brasil-e-contemplada-na-promocao-1-ano-de-conta-gratis-da-energia-eletrica\/#primaryimage\",\"url\":\"https:\/\/radiolifefm.com.br\/noticias\/wp-content\/uploads\/2022\/08\/Premio-PIX-Adamantina-1.jpeg\",\"contentUrl\":\"https:\/\/radiolifefm.com.br\/noticias\/wp-content\/uploads\/2022\/08\/Premio-PIX-Adamantina-1.jpeg\",\"width\":768,\"height\":1024,\"caption\":\"Cliente pagou a fatura pelo QR PIX, se cadastrou na promo\u00e7\u00e3o e recebeu o certificado de premia\u00e7\u00e3o nesta quarta-feira, na ag\u00eancia de atendimento\"},{\"@type\":\"BreadcrumbList\",\"@id\":\"https:\/\/radiolifefm.com.br\/noticias\/em-adamantina-moradora-do-jardim-brasil-e-contemplada-na-promocao-1-ano-de-conta-gratis-da-energia-eletrica\/#breadcrumb\",\"itemListElement\":[{\"@type\":\"ListItem\",\"position\":1,\"name\":\"In\u00edcio\",\"item\":\"https:\/\/radiolifefm.com.br\/noticias\/\"},{\"@type\":\"ListItem\",\"position\":2,\"name\":\"Em Adamantina, moradora do Jardim Brasil \u00e9 contemplada na promo\u00e7\u00e3o 1 ano de conta gr\u00e1tis da energia el\u00e9trica\"}]},{\"@type\":\"WebSite\",\"@id\":\"https:\/\/radiolifefm.com.br\/noticias\/#website\",\"url\":\"https:\/\/radiolifefm.com.br\/noticias\/\",\"name\":\"R\u00e1dio Life FM\",\"description\":\"O Portal de Not\u00edcias de Adamantina\",\"publisher\":{\"@id\":\"https:\/\/radiolifefm.com.br\/noticias\/#organization\"},\"alternateName\":\"Life FM\",\"potentialAction\":[{\"@type\":\"SearchAction\",\"target\":{\"@type\":\"EntryPoint\",\"urlTemplate\":\"https:\/\/radiolifefm.com.br\/noticias\/?s={search_term_string}\"},\"query-input\":{\"@type\":\"PropertyValueSpecification\",\"valueRequired\":true,\"valueName\":\"search_term_string\"}}],\"inLanguage\":\"pt-BR\"},{\"@type\":\"Organization\",\"@id\":\"https:\/\/radiolifefm.com.br\/noticias\/#organization\",\"name\":\"R\u00e1dio Life FM\",\"alternateName\":\"Life FM\",\"url\":\"https:\/\/radiolifefm.com.br\/noticias\/\",\"logo\":{\"@type\":\"ImageObject\",\"inLanguage\":\"pt-BR\",\"@id\":\"https:\/\/radiolifefm.com.br\/noticias\/#\/schema\/logo\/image\/\",\"url\":\"https:\/\/static.radiolifefm.com.br\/noticias\/wp-content\/uploads\/2019\/10\/logo-lifefm.png\",\"contentUrl\":\"https:\/\/static.radiolifefm.com.br\/noticias\/wp-content\/uploads\/2019\/10\/logo-lifefm.png\",\"width\":196,\"height\":47,\"caption\":\"R\u00e1dio Life FM\"},\"image\":{\"@id\":\"https:\/\/radiolifefm.com.br\/noticias\/#\/schema\/logo\/image\/\"},\"sameAs\":[\"https:\/\/www.facebook.com\/radiolifefm\/\",\"https:\/\/www.instagram.com\/life1079fm\/\"]},{\"@type\":\"Person\",\"@id\":\"https:\/\/radiolifefm.com.br\/noticias\/#\/schema\/person\/6339b9fac59d12b071dec680d7375d87\",\"name\":\"ritanery\",\"image\":{\"@type\":\"ImageObject\",\"inLanguage\":\"pt-BR\",\"@id\":\"https:\/\/secure.gravatar.com\/avatar\/0e37bb19071f47c0b8a23f62a903df117c5a0e75f65a0c2901562f97cd41cf86?s=96&d=mm&r=g\",\"url\":\"https:\/\/secure.gravatar.com\/avatar\/0e37bb19071f47c0b8a23f62a903df117c5a0e75f65a0c2901562f97cd41cf86?s=96&d=mm&r=g\",\"contentUrl\":\"https:\/\/secure.gravatar.com\/avatar\/0e37bb19071f47c0b8a23f62a903df117c5a0e75f65a0c2901562f97cd41cf86?s=96&d=mm&r=g\",\"caption\":\"ritanery\"}}]}<\/script>\n<!-- \/ Yoast SEO plugin. -->","yoast_head_json":{"title":"Em Adamantina, moradora do Jardim Brasil \u00e9 contemplada na promo\u00e7\u00e3o 1 ano de conta gr\u00e1tis da energia el\u00e9trica - R\u00e1dio Life FM","robots":{"index":"index","follow":"follow","max-snippet":"max-snippet:-1","max-image-preview":"max-image-preview:large","max-video-preview":"max-video-preview:-1"},"canonical":"https:\/\/radiolifefm.com.br\/noticias\/em-adamantina-moradora-do-jardim-brasil-e-contemplada-na-promocao-1-ano-de-conta-gratis-da-energia-eletrica\/","og_locale":"pt_BR","og_type":"article","og_title":"Em Adamantina, moradora do Jardim Brasil \u00e9 contemplada na promo\u00e7\u00e3o 1 ano de conta gr\u00e1tis da energia el\u00e9trica - R\u00e1dio Life FM","og_description":"Mais uma moradora da regi\u00e3o foi contemplada na promo\u00e7\u00e3o \u201c1 Ano de Conta Gr\u00e1tis\u201d, promovida pela Energisa. Desta vez, a sorte sorriu para Nilce Mitiko Yamamoto, que ter\u00e1 uma economia significativa no or\u00e7amento familiar pelos pr\u00f3ximos 12 meses. Residente no bairro Jardim Brasil, ela se cadastrou no site da promo\u00e7\u00e3o e foi surpreendida com a [&hellip;]","og_url":"https:\/\/radiolifefm.com.br\/noticias\/em-adamantina-moradora-do-jardim-brasil-e-contemplada-na-promocao-1-ano-de-conta-gratis-da-energia-eletrica\/","og_site_name":"R\u00e1dio Life FM","article_publisher":"https:\/\/www.facebook.com\/radiolifefm\/","article_published_time":"2022-08-26T11:32:57+00:00","article_modified_time":"2025-10-06T11:39:34+00:00","og_image":[{"width":768,"height":1024,"url":"https:\/\/static.radiolifefm.com.br\/noticias\/wp-content\/uploads\/2022\/08\/Premio-PIX-Adamantina-1.jpeg","type":"image\/jpeg"}],"author":"ritanery","twitter_card":"summary_large_image","twitter_misc":{"Escrito por":"ritanery","Est. tempo de leitura":"1 minuto"},"schema":{"@context":"https:\/\/schema.org","@graph":[{"@type":"Article","@id":"https:\/\/radiolifefm.com.br\/noticias\/em-adamantina-moradora-do-jardim-brasil-e-contemplada-na-promocao-1-ano-de-conta-gratis-da-energia-eletrica\/#article","isPartOf":{"@id":"https:\/\/radiolifefm.com.br\/noticias\/em-adamantina-moradora-do-jardim-brasil-e-contemplada-na-promocao-1-ano-de-conta-gratis-da-energia-eletrica\/"},"author":{"name":"ritanery","@id":"https:\/\/radiolifefm.com.br\/noticias\/#\/schema\/person\/6339b9fac59d12b071dec680d7375d87"},"headline":"Em Adamantina, moradora do Jardim Brasil \u00e9 contemplada na promo\u00e7\u00e3o 1 ano de conta gr\u00e1tis da energia el\u00e9trica","datePublished":"2022-08-26T11:32:57+00:00","dateModified":"2025-10-06T11:39:34+00:00","mainEntityOfPage":{"@id":"https:\/\/radiolifefm.com.br\/noticias\/em-adamantina-moradora-do-jardim-brasil-e-contemplada-na-promocao-1-ano-de-conta-gratis-da-energia-eletrica\/"},"wordCount":312,"publisher":{"@id":"https:\/\/radiolifefm.com.br\/noticias\/#organization"},"image":{"@id":"https:\/\/radiolifefm.com.br\/noticias\/em-adamantina-moradora-do-jardim-brasil-e-contemplada-na-promocao-1-ano-de-conta-gratis-da-energia-eletrica\/#primaryimage"},"thumbnailUrl":"https:\/\/radiolifefm.com.br\/noticias\/wp-content\/uploads\/2022\/08\/Premio-PIX-Adamantina-1.jpeg","articleSection":["Adamantina"],"inLanguage":"pt-BR"},{"@type":"WebPage","@id":"https:\/\/radiolifefm.com.br\/noticias\/em-adamantina-moradora-do-jardim-brasil-e-contemplada-na-promocao-1-ano-de-conta-gratis-da-energia-eletrica\/","url":"https:\/\/radiolifefm.com.br\/noticias\/em-adamantina-moradora-do-jardim-brasil-e-contemplada-na-promocao-1-ano-de-conta-gratis-da-energia-eletrica\/","name":"Em Adamantina, moradora do Jardim Brasil \u00e9 contemplada na promo\u00e7\u00e3o 1 ano de conta gr\u00e1tis da energia el\u00e9trica - R\u00e1dio Life FM","isPartOf":{"@id":"https:\/\/radiolifefm.com.br\/noticias\/#website"},"primaryImageOfPage":{"@id":"https:\/\/radiolifefm.com.br\/noticias\/em-adamantina-moradora-do-jardim-brasil-e-contemplada-na-promocao-1-ano-de-conta-gratis-da-energia-eletrica\/#primaryimage"},"image":{"@id":"https:\/\/radiolifefm.com.br\/noticias\/em-adamantina-moradora-do-jardim-brasil-e-contemplada-na-promocao-1-ano-de-conta-gratis-da-energia-eletrica\/#primaryimage"},"thumbnailUrl":"https:\/\/radiolifefm.com.br\/noticias\/wp-content\/uploads\/2022\/08\/Premio-PIX-Adamantina-1.jpeg","datePublished":"2022-08-26T11:32:57+00:00","dateModified":"2025-10-06T11:39:34+00:00","breadcrumb":{"@id":"https:\/\/radiolifefm.com.br\/noticias\/em-adamantina-moradora-do-jardim-brasil-e-contemplada-na-promocao-1-ano-de-conta-gratis-da-energia-eletrica\/#breadcrumb"},"inLanguage":"pt-BR","potentialAction":[{"@type":"ReadAction","target":["https:\/\/radiolifefm.com.br\/noticias\/em-adamantina-moradora-do-jardim-brasil-e-contemplada-na-promocao-1-ano-de-conta-gratis-da-energia-eletrica\/"]}]},{"@type":"ImageObject","inLanguage":"pt-BR","@id":"https:\/\/radiolifefm.com.br\/noticias\/em-adamantina-moradora-do-jardim-brasil-e-contemplada-na-promocao-1-ano-de-conta-gratis-da-energia-eletrica\/#primaryimage","url":"https:\/\/radiolifefm.com.br\/noticias\/wp-content\/uploads\/2022\/08\/Premio-PIX-Adamantina-1.jpeg","contentUrl":"https:\/\/radiolifefm.com.br\/noticias\/wp-content\/uploads\/2022\/08\/Premio-PIX-Adamantina-1.jpeg","width":768,"height":1024,"caption":"Cliente pagou a fatura pelo QR PIX, se cadastrou na promo\u00e7\u00e3o e recebeu o certificado de premia\u00e7\u00e3o nesta quarta-feira, na ag\u00eancia de atendimento"},{"@type":"BreadcrumbList","@id":"https:\/\/radiolifefm.com.br\/noticias\/em-adamantina-moradora-do-jardim-brasil-e-contemplada-na-promocao-1-ano-de-conta-gratis-da-energia-eletrica\/#breadcrumb","itemListElement":[{"@type":"ListItem","position":1,"name":"In\u00edcio","item":"https:\/\/radiolifefm.com.br\/noticias\/"},{"@type":"ListItem","position":2,"name":"Em Adamantina, moradora do Jardim Brasil \u00e9 contemplada na promo\u00e7\u00e3o 1 ano de conta gr\u00e1tis da energia el\u00e9trica"}]},{"@type":"WebSite","@id":"https:\/\/radiolifefm.com.br\/noticias\/#website","url":"https:\/\/radiolifefm.com.br\/noticias\/","name":"R\u00e1dio Life FM","description":"O Portal de Not\u00edcias de Adamantina","publisher":{"@id":"https:\/\/radiolifefm.com.br\/noticias\/#organization"},"alternateName":"Life FM","potentialAction":[{"@type":"SearchAction","target":{"@type":"EntryPoint","urlTemplate":"https:\/\/radiolifefm.com.br\/noticias\/?s={search_term_string}"},"query-input":{"@type":"PropertyValueSpecification","valueRequired":true,"valueName":"search_term_string"}}],"inLanguage":"pt-BR"},{"@type":"Organization","@id":"https:\/\/radiolifefm.com.br\/noticias\/#organization","name":"R\u00e1dio Life FM","alternateName":"Life FM","url":"https:\/\/radiolifefm.com.br\/noticias\/","logo":{"@type":"ImageObject","inLanguage":"pt-BR","@id":"https:\/\/radiolifefm.com.br\/noticias\/#\/schema\/logo\/image\/","url":"https:\/\/static.radiolifefm.com.br\/noticias\/wp-content\/uploads\/2019\/10\/logo-lifefm.png","contentUrl":"https:\/\/static.radiolifefm.com.br\/noticias\/wp-content\/uploads\/2019\/10\/logo-lifefm.png","width":196,"height":47,"caption":"R\u00e1dio Life FM"},"image":{"@id":"https:\/\/radiolifefm.com.br\/noticias\/#\/schema\/logo\/image\/"},"sameAs":["https:\/\/www.facebook.com\/radiolifefm\/","https:\/\/www.instagram.com\/life1079fm\/"]},{"@type":"Person","@id":"https:\/\/radiolifefm.com.br\/noticias\/#\/schema\/person\/6339b9fac59d12b071dec680d7375d87","name":"ritanery","image":{"@type":"ImageObject","inLanguage":"pt-BR","@id":"https:\/\/secure.gravatar.com\/avatar\/0e37bb19071f47c0b8a23f62a903df117c5a0e75f65a0c2901562f97cd41cf86?s=96&d=mm&r=g","url":"https:\/\/secure.gravatar.com\/avatar\/0e37bb19071f47c0b8a23f62a903df117c5a0e75f65a0c2901562f97cd41cf86?s=96&d=mm&r=g","contentUrl":"https:\/\/secure.gravatar.com\/avatar\/0e37bb19071f47c0b8a23f62a903df117c5a0e75f65a0c2901562f97cd41cf86?s=96&d=mm&r=g","caption":"ritanery"}}]}},"amp_enabled":true,"_links":{"self":[{"href":"https:\/\/radiolifefm.com.br\/noticias\/wp-json\/wp\/v2\/posts\/57441","targetHints":{"allow":["GET"]}}],"collection":[{"href":"https:\/\/radiolifefm.com.br\/noticias\/wp-json\/wp\/v2\/posts"}],"about":[{"href":"https:\/\/radiolifefm.com.br\/noticias\/wp-json\/wp\/v2\/types\/post"}],"author":[{"embeddable":true,"href":"https:\/\/radiolifefm.com.br\/noticias\/wp-json\/wp\/v2\/users\/13"}],"replies":[{"embeddable":true,"href":"https:\/\/radiolifefm.com.br\/noticias\/wp-json\/wp\/v2\/comments?post=57441"}],"version-history":[{"count":4,"href":"https:\/\/radiolifefm.com.br\/noticias\/wp-json\/wp\/v2\/posts\/57441\/revisions"}],"predecessor-version":[{"id":57446,"href":"https:\/\/radiolifefm.com.br\/noticias\/wp-json\/wp\/v2\/posts\/57441\/revisions\/57446"}],"wp:featuredmedia":[{"embeddable":true,"href":"https:\/\/radiolifefm.com.br\/noticias\/wp-json\/wp\/v2\/media\/57442"}],"wp:attachment":[{"href":"https:\/\/radiolifefm.com.br\/noticias\/wp-json\/wp\/v2\/media?parent=57441"}],"wp:term":[{"taxonomy":"category","embeddable":true,"href":"https:\/\/radiolifefm.com.br\/noticias\/wp-json\/wp\/v2\/categories?post=57441"},{"taxonomy":"post_tag","embeddable":true,"href":"https:\/\/radiolifefm.com.br\/noticias\/wp-json\/wp\/v2\/tags?post=57441"}],"curies":[{"name":"wp","href":"https:\/\/api.w.org\/{rel}","templated":true}]}}