{"id":57437,"date":"2022-08-26T08:22:53","date_gmt":"2022-08-26T11:22:53","guid":{"rendered":"https:\/\/radiolifefm.com.br\/noticias\/?p=57437"},"modified":"2026-02-12T04:00:31","modified_gmt":"2026-02-12T07:00:31","slug":"30a-edicao-da-expoverde-2022-comeca-na-terca-feira-30","status":"publish","type":"post","link":"https:\/\/radiolifefm.com.br\/noticias\/30a-edicao-da-expoverde-2022-comeca-na-terca-feira-30\/","title":{"rendered":"30\u00aa edi\u00e7\u00e3o da ExpoVerde 2022 come\u00e7a na ter\u00e7a-feira (30)"},"content":{"rendered":"<div id=\"fb-root\"><\/div>\n<p>Depois de dois anos sem poder realizar a ExpoVerde, a 30\u00aa edi\u00e7\u00e3o da festa est\u00e1 se aproximando. Como forma de comemorar os 30 anos da realiza\u00e7\u00e3o da exposi\u00e7\u00e3o, ser\u00e3o 6 dias de festa e o in\u00edcio acontece na pr\u00f3xima ter\u00e7a-feira (30) at\u00e9 domingo, (4).<\/p>\n<p>As estruturas est\u00e3o sendo montadas para receber todos os expositores, seja no Pavilh\u00e3o Principal que vai contar com a \u00c1rea Comercial e, ainda, com as Flores e Plantas; na \u00c1rea Externa que tamb\u00e9m \u00e9 dedicada ao com\u00e9rcio e no Pavilh\u00e3o do Agroneg\u00f3cio onde ficar\u00e1 os grandes animais.<\/p>\n<p>Al\u00e9m disso, ter\u00e1 ainda a maquete sustent\u00e1vel, ela vai retratar todo o processo que \u00e9 desenvolvido no P\u00e1tio de Compostagem que \u00e9 mantido pela Prefeitura de Adamantina e, ainda, vai evidenciar a diferen\u00e7a entre as culturas que recebem o composto org\u00e2nico e as que n\u00e3o recebem.<\/p>\n<p>Neste ano, a festa contar\u00e1 com a presen\u00e7a do Instituto Assist\u00eancia ao Menor Adamantina Santo Cheraria (IAMA) e a Santa Casa de Miseric\u00f3rdia de Adamantina na pra\u00e7a de alimenta\u00e7\u00e3o na \u00e1rea das entidades.<\/p>\n<p>O IAMA servir\u00e1 dois tipos de espeto que s\u00e3o: espeto duplo (alcatra) e o espeto misto (contra fil\u00e9 + lingui\u00e7a) e, ainda, ter\u00e1 como alternativa o costel\u00e3o. O card\u00e1pio ainda conta com o acompanhamento de arroz, vinagrete e mandioca e bebidas.<\/p>\n<p>Por sua vez, a Santa Casa de Miseric\u00f3rdia de Adamantina estar\u00e1 na feira comercializando batata recheada com tr\u00eas sabores: strogonoff de carne; frango ao molho vermelho e cachorro quente (salsicha). Al\u00e9m disso, ser\u00e1 vendido ainda sorvete, bebidas, pr\u00f3polis e o caf\u00e9 do Frei.<\/p>\n<p>A ExpoVerde ainda ter\u00e1 feira de grandes animais no Pavilh\u00e3o do Agroneg\u00f3cio. A expectativa \u00e9 que sejam expostos aproximadamente 60 animais entre bovinos e ovinos machos e f\u00eameas no Pavilh\u00e3o do Agroneg\u00f3cio. Este ano, a Associa\u00e7\u00e3o Brasileira de Criadores ZEBU (ABCZ) tamb\u00e9m confirmou presen\u00e7a.<\/p>\n<p><b>Shows<\/b><\/p>\n<p>Al\u00e9m de Wesley Safad\u00e3o que sobe ao palco na ter\u00e7a-feira (30), na quarta-feira (31), Ana Castela; na quinta-feira (01), Luan Pereira; na sexta-feira (02) Teodoro &amp; Sampaio; no s\u00e1bado (03), Lauana Prado e encerrando a festa, Dudinha e Mariana com a Galinha Pintadinha no domingo (04).<\/p>\n<p>\u201cEstamos ansiosos para a realiza\u00e7\u00e3o da festa. A expectativa \u00e9 extremamente positiva para um grande evento. Venham prestigiar, traga sua fam\u00edlia e aproveite, pois a entrada \u00e9 franca todos os dias!\u201d, convida o presidente da Comiss\u00e3o Organizadora, Gustavo Taniguchi Rufino.<\/p>\n<p><b>Hor\u00e1rios de Funcionamento da ExpoVerde<\/b><\/p>\n<p>Na ter\u00e7a-feira (30), a ExpoVerde abre a partir das 19h. De quarta a s\u00e1bado, a exposi\u00e7\u00e3o estar\u00e1 aberta das 9h \u00e0s 17h. Das 17h \u00e0s 19h, o recinto poliesportivo estar\u00e1 fechado e depois reabre \u00e0s 19h. No domingo, a programa\u00e7\u00e3o tem in\u00edcio \u00e0s 9h sem hor\u00e1rio de fechamento.<\/p>\n<p><b>Cavalgada do Bem<\/b><\/p>\n<p>Domingo (28), abrindo a ExpoVerde ser\u00e1 realizada a Cavalgada do Bem, abrindo a 30\u00aa edi\u00e7\u00e3o da ExpoVerde 2022. Neste ano, a iniciativa, que \u00e9 organizada por um grupo de volunt\u00e1rios, que destinar\u00e1 os recursos arrecadados para a Sociedade de S\u00e3o Vicente de Paulo (Vicentinos) e para a Casa da Sopa (Joanna de Angelis).<\/p>\n<p>Os pontos de venda dos convites para o almo\u00e7o da Cavalgada do Bem s\u00e3o: Carnes e Companhia; Florada Po\u00e7os Artesianos; Centro de Equoterapia Passos que Curam; Conveni\u00eancia do Luiz; Bar e Mercearia Nossa Senhora Aparecida no Jardim Ipiranga; Wizard; Casa de Carnes Adamantina; America Country; Entidades Casa da Sopa e Vicentinos e Stillo Modas.<\/p>\n<p>&nbsp;<\/p>\n<p>Fonte: Assessoria de Imprensa<\/p>\n","protected":false},"excerpt":{"rendered":"<p>Depois de dois anos sem poder realizar a ExpoVerde, a 30\u00aa edi\u00e7\u00e3o da festa est\u00e1 se aproximando. Como forma de comemorar os 30 anos da realiza\u00e7\u00e3o da exposi\u00e7\u00e3o, ser\u00e3o 6 dias de festa e o in\u00edcio acontece na pr\u00f3xima ter\u00e7a-feira (30) at\u00e9 domingo, (4). As estruturas est\u00e3o sendo montadas para receber todos os expositores, seja [&hellip;]<\/p>\n","protected":false},"author":13,"featured_media":57438,"comment_status":"closed","ping_status":"open","sticky":false,"template":"","format":"standard","meta":{"_acf_changed":false,"_exactmetrics_skip_tracking":false,"_exactmetrics_sitenote_active":false,"_exactmetrics_sitenote_note":"","_exactmetrics_sitenote_category":0,"footnotes":""},"categories":[21],"tags":[],"class_list":["post-57437","post","type-post","status-publish","format-standard","has-post-thumbnail","hentry","category-adamantina"],"acf":[],"yoast_head":"<!-- This site is optimized with the Yoast SEO plugin v27.2 - https:\/\/yoast.com\/product\/yoast-seo-wordpress\/ -->\n<title>30\u00aa edi\u00e7\u00e3o da ExpoVerde 2022 come\u00e7a na ter\u00e7a-feira (30) - R\u00e1dio Life FM<\/title>\n<meta name=\"robots\" content=\"index, follow, max-snippet:-1, max-image-preview:large, max-video-preview:-1\" \/>\n<link rel=\"canonical\" href=\"https:\/\/radiolifefm.com.br\/noticias\/30a-edicao-da-expoverde-2022-comeca-na-terca-feira-30\/\" \/>\n<meta property=\"og:locale\" content=\"pt_BR\" \/>\n<meta property=\"og:type\" content=\"article\" \/>\n<meta property=\"og:title\" content=\"30\u00aa edi\u00e7\u00e3o da ExpoVerde 2022 come\u00e7a na ter\u00e7a-feira (30) - R\u00e1dio Life FM\" \/>\n<meta property=\"og:description\" content=\"Depois de dois anos sem poder realizar a ExpoVerde, a 30\u00aa edi\u00e7\u00e3o da festa est\u00e1 se aproximando. Como forma de comemorar os 30 anos da realiza\u00e7\u00e3o da exposi\u00e7\u00e3o, ser\u00e3o 6 dias de festa e o in\u00edcio acontece na pr\u00f3xima ter\u00e7a-feira (30) at\u00e9 domingo, (4). As estruturas est\u00e3o sendo montadas para receber todos os expositores, seja [&hellip;]\" \/>\n<meta property=\"og:url\" content=\"https:\/\/radiolifefm.com.br\/noticias\/30a-edicao-da-expoverde-2022-comeca-na-terca-feira-30\/\" \/>\n<meta property=\"og:site_name\" content=\"R\u00e1dio Life FM\" \/>\n<meta property=\"article:publisher\" content=\"https:\/\/www.facebook.com\/radiolifefm\/\" \/>\n<meta property=\"article:published_time\" content=\"2022-08-26T11:22:53+00:00\" \/>\n<meta property=\"article:modified_time\" content=\"2026-02-12T07:00:31+00:00\" \/>\n<meta property=\"og:image\" content=\"https:\/\/radiolifefm.com.br\/noticias\/wp-content\/uploads\/2022\/08\/e909ec5457e0edc3148cac4b7e9e7ee1.jpg\" \/>\n\t<meta property=\"og:image:width\" content=\"848\" \/>\n\t<meta property=\"og:image:height\" content=\"307\" \/>\n\t<meta property=\"og:image:type\" content=\"image\/jpeg\" \/>\n<meta name=\"author\" content=\"ritanery\" \/>\n<meta name=\"twitter:card\" content=\"summary_large_image\" \/>\n<meta name=\"twitter:label1\" content=\"Escrito por\" \/>\n\t<meta name=\"twitter:data1\" content=\"ritanery\" \/>\n\t<meta name=\"twitter:label2\" content=\"Est. tempo de leitura\" \/>\n\t<meta name=\"twitter:data2\" content=\"3 minutos\" \/>\n<script type=\"application\/ld+json\" class=\"yoast-schema-graph\">{\"@context\":\"https:\/\/schema.org\",\"@graph\":[{\"@type\":\"Article\",\"@id\":\"https:\/\/radiolifefm.com.br\/noticias\/30a-edicao-da-expoverde-2022-comeca-na-terca-feira-30\/#article\",\"isPartOf\":{\"@id\":\"https:\/\/radiolifefm.com.br\/noticias\/30a-edicao-da-expoverde-2022-comeca-na-terca-feira-30\/\"},\"author\":{\"name\":\"ritanery\",\"@id\":\"https:\/\/radiolifefm.com.br\/noticias\/#\/schema\/person\/6339b9fac59d12b071dec680d7375d87\"},\"headline\":\"30\u00aa edi\u00e7\u00e3o da ExpoVerde 2022 come\u00e7a na ter\u00e7a-feira (30)\",\"datePublished\":\"2022-08-26T11:22:53+00:00\",\"dateModified\":\"2026-02-12T07:00:31+00:00\",\"mainEntityOfPage\":{\"@id\":\"https:\/\/radiolifefm.com.br\/noticias\/30a-edicao-da-expoverde-2022-comeca-na-terca-feira-30\/\"},\"wordCount\":599,\"publisher\":{\"@id\":\"https:\/\/radiolifefm.com.br\/noticias\/#organization\"},\"image\":{\"@id\":\"https:\/\/radiolifefm.com.br\/noticias\/30a-edicao-da-expoverde-2022-comeca-na-terca-feira-30\/#primaryimage\"},\"thumbnailUrl\":\"https:\/\/radiolifefm.com.br\/noticias\/wp-content\/uploads\/2022\/08\/e909ec5457e0edc3148cac4b7e9e7ee1.jpg\",\"articleSection\":[\"Adamantina\"],\"inLanguage\":\"pt-BR\"},{\"@type\":\"WebPage\",\"@id\":\"https:\/\/radiolifefm.com.br\/noticias\/30a-edicao-da-expoverde-2022-comeca-na-terca-feira-30\/\",\"url\":\"https:\/\/radiolifefm.com.br\/noticias\/30a-edicao-da-expoverde-2022-comeca-na-terca-feira-30\/\",\"name\":\"30\u00aa edi\u00e7\u00e3o da ExpoVerde 2022 come\u00e7a na ter\u00e7a-feira (30) - R\u00e1dio Life FM\",\"isPartOf\":{\"@id\":\"https:\/\/radiolifefm.com.br\/noticias\/#website\"},\"primaryImageOfPage\":{\"@id\":\"https:\/\/radiolifefm.com.br\/noticias\/30a-edicao-da-expoverde-2022-comeca-na-terca-feira-30\/#primaryimage\"},\"image\":{\"@id\":\"https:\/\/radiolifefm.com.br\/noticias\/30a-edicao-da-expoverde-2022-comeca-na-terca-feira-30\/#primaryimage\"},\"thumbnailUrl\":\"https:\/\/radiolifefm.com.br\/noticias\/wp-content\/uploads\/2022\/08\/e909ec5457e0edc3148cac4b7e9e7ee1.jpg\",\"datePublished\":\"2022-08-26T11:22:53+00:00\",\"dateModified\":\"2026-02-12T07:00:31+00:00\",\"breadcrumb\":{\"@id\":\"https:\/\/radiolifefm.com.br\/noticias\/30a-edicao-da-expoverde-2022-comeca-na-terca-feira-30\/#breadcrumb\"},\"inLanguage\":\"pt-BR\",\"potentialAction\":[{\"@type\":\"ReadAction\",\"target\":[\"https:\/\/radiolifefm.com.br\/noticias\/30a-edicao-da-expoverde-2022-comeca-na-terca-feira-30\/\"]}]},{\"@type\":\"ImageObject\",\"inLanguage\":\"pt-BR\",\"@id\":\"https:\/\/radiolifefm.com.br\/noticias\/30a-edicao-da-expoverde-2022-comeca-na-terca-feira-30\/#primaryimage\",\"url\":\"https:\/\/radiolifefm.com.br\/noticias\/wp-content\/uploads\/2022\/08\/e909ec5457e0edc3148cac4b7e9e7ee1.jpg\",\"contentUrl\":\"https:\/\/radiolifefm.com.br\/noticias\/wp-content\/uploads\/2022\/08\/e909ec5457e0edc3148cac4b7e9e7ee1.jpg\",\"width\":848,\"height\":307},{\"@type\":\"BreadcrumbList\",\"@id\":\"https:\/\/radiolifefm.com.br\/noticias\/30a-edicao-da-expoverde-2022-comeca-na-terca-feira-30\/#breadcrumb\",\"itemListElement\":[{\"@type\":\"ListItem\",\"position\":1,\"name\":\"In\u00edcio\",\"item\":\"https:\/\/radiolifefm.com.br\/noticias\/\"},{\"@type\":\"ListItem\",\"position\":2,\"name\":\"30\u00aa edi\u00e7\u00e3o da ExpoVerde 2022 come\u00e7a na ter\u00e7a-feira (30)\"}]},{\"@type\":\"WebSite\",\"@id\":\"https:\/\/radiolifefm.com.br\/noticias\/#website\",\"url\":\"https:\/\/radiolifefm.com.br\/noticias\/\",\"name\":\"R\u00e1dio Life FM\",\"description\":\"O Portal de Not\u00edcias de Adamantina\",\"publisher\":{\"@id\":\"https:\/\/radiolifefm.com.br\/noticias\/#organization\"},\"alternateName\":\"Life FM\",\"potentialAction\":[{\"@type\":\"SearchAction\",\"target\":{\"@type\":\"EntryPoint\",\"urlTemplate\":\"https:\/\/radiolifefm.com.br\/noticias\/?s={search_term_string}\"},\"query-input\":{\"@type\":\"PropertyValueSpecification\",\"valueRequired\":true,\"valueName\":\"search_term_string\"}}],\"inLanguage\":\"pt-BR\"},{\"@type\":\"Organization\",\"@id\":\"https:\/\/radiolifefm.com.br\/noticias\/#organization\",\"name\":\"R\u00e1dio Life FM\",\"alternateName\":\"Life FM\",\"url\":\"https:\/\/radiolifefm.com.br\/noticias\/\",\"logo\":{\"@type\":\"ImageObject\",\"inLanguage\":\"pt-BR\",\"@id\":\"https:\/\/radiolifefm.com.br\/noticias\/#\/schema\/logo\/image\/\",\"url\":\"https:\/\/static.radiolifefm.com.br\/noticias\/wp-content\/uploads\/2019\/10\/logo-lifefm.png\",\"contentUrl\":\"https:\/\/static.radiolifefm.com.br\/noticias\/wp-content\/uploads\/2019\/10\/logo-lifefm.png\",\"width\":196,\"height\":47,\"caption\":\"R\u00e1dio Life FM\"},\"image\":{\"@id\":\"https:\/\/radiolifefm.com.br\/noticias\/#\/schema\/logo\/image\/\"},\"sameAs\":[\"https:\/\/www.facebook.com\/radiolifefm\/\",\"https:\/\/www.instagram.com\/life1079fm\/\"]},{\"@type\":\"Person\",\"@id\":\"https:\/\/radiolifefm.com.br\/noticias\/#\/schema\/person\/6339b9fac59d12b071dec680d7375d87\",\"name\":\"ritanery\",\"image\":{\"@type\":\"ImageObject\",\"inLanguage\":\"pt-BR\",\"@id\":\"https:\/\/secure.gravatar.com\/avatar\/0e37bb19071f47c0b8a23f62a903df117c5a0e75f65a0c2901562f97cd41cf86?s=96&d=mm&r=g\",\"url\":\"https:\/\/secure.gravatar.com\/avatar\/0e37bb19071f47c0b8a23f62a903df117c5a0e75f65a0c2901562f97cd41cf86?s=96&d=mm&r=g\",\"contentUrl\":\"https:\/\/secure.gravatar.com\/avatar\/0e37bb19071f47c0b8a23f62a903df117c5a0e75f65a0c2901562f97cd41cf86?s=96&d=mm&r=g\",\"caption\":\"ritanery\"}}]}<\/script>\n<!-- \/ Yoast SEO plugin. -->","yoast_head_json":{"title":"30\u00aa edi\u00e7\u00e3o da ExpoVerde 2022 come\u00e7a na ter\u00e7a-feira (30) - R\u00e1dio Life FM","robots":{"index":"index","follow":"follow","max-snippet":"max-snippet:-1","max-image-preview":"max-image-preview:large","max-video-preview":"max-video-preview:-1"},"canonical":"https:\/\/radiolifefm.com.br\/noticias\/30a-edicao-da-expoverde-2022-comeca-na-terca-feira-30\/","og_locale":"pt_BR","og_type":"article","og_title":"30\u00aa edi\u00e7\u00e3o da ExpoVerde 2022 come\u00e7a na ter\u00e7a-feira (30) - R\u00e1dio Life FM","og_description":"Depois de dois anos sem poder realizar a ExpoVerde, a 30\u00aa edi\u00e7\u00e3o da festa est\u00e1 se aproximando. Como forma de comemorar os 30 anos da realiza\u00e7\u00e3o da exposi\u00e7\u00e3o, ser\u00e3o 6 dias de festa e o in\u00edcio acontece na pr\u00f3xima ter\u00e7a-feira (30) at\u00e9 domingo, (4). As estruturas est\u00e3o sendo montadas para receber todos os expositores, seja [&hellip;]","og_url":"https:\/\/radiolifefm.com.br\/noticias\/30a-edicao-da-expoverde-2022-comeca-na-terca-feira-30\/","og_site_name":"R\u00e1dio Life FM","article_publisher":"https:\/\/www.facebook.com\/radiolifefm\/","article_published_time":"2022-08-26T11:22:53+00:00","article_modified_time":"2026-02-12T07:00:31+00:00","og_image":[{"width":848,"height":307,"url":"https:\/\/radiolifefm.com.br\/noticias\/wp-content\/uploads\/2022\/08\/e909ec5457e0edc3148cac4b7e9e7ee1.jpg","type":"image\/jpeg"}],"author":"ritanery","twitter_card":"summary_large_image","twitter_misc":{"Escrito por":"ritanery","Est. tempo de leitura":"3 minutos"},"schema":{"@context":"https:\/\/schema.org","@graph":[{"@type":"Article","@id":"https:\/\/radiolifefm.com.br\/noticias\/30a-edicao-da-expoverde-2022-comeca-na-terca-feira-30\/#article","isPartOf":{"@id":"https:\/\/radiolifefm.com.br\/noticias\/30a-edicao-da-expoverde-2022-comeca-na-terca-feira-30\/"},"author":{"name":"ritanery","@id":"https:\/\/radiolifefm.com.br\/noticias\/#\/schema\/person\/6339b9fac59d12b071dec680d7375d87"},"headline":"30\u00aa edi\u00e7\u00e3o da ExpoVerde 2022 come\u00e7a na ter\u00e7a-feira (30)","datePublished":"2022-08-26T11:22:53+00:00","dateModified":"2026-02-12T07:00:31+00:00","mainEntityOfPage":{"@id":"https:\/\/radiolifefm.com.br\/noticias\/30a-edicao-da-expoverde-2022-comeca-na-terca-feira-30\/"},"wordCount":599,"publisher":{"@id":"https:\/\/radiolifefm.com.br\/noticias\/#organization"},"image":{"@id":"https:\/\/radiolifefm.com.br\/noticias\/30a-edicao-da-expoverde-2022-comeca-na-terca-feira-30\/#primaryimage"},"thumbnailUrl":"https:\/\/radiolifefm.com.br\/noticias\/wp-content\/uploads\/2022\/08\/e909ec5457e0edc3148cac4b7e9e7ee1.jpg","articleSection":["Adamantina"],"inLanguage":"pt-BR"},{"@type":"WebPage","@id":"https:\/\/radiolifefm.com.br\/noticias\/30a-edicao-da-expoverde-2022-comeca-na-terca-feira-30\/","url":"https:\/\/radiolifefm.com.br\/noticias\/30a-edicao-da-expoverde-2022-comeca-na-terca-feira-30\/","name":"30\u00aa edi\u00e7\u00e3o da ExpoVerde 2022 come\u00e7a na ter\u00e7a-feira (30) - R\u00e1dio Life FM","isPartOf":{"@id":"https:\/\/radiolifefm.com.br\/noticias\/#website"},"primaryImageOfPage":{"@id":"https:\/\/radiolifefm.com.br\/noticias\/30a-edicao-da-expoverde-2022-comeca-na-terca-feira-30\/#primaryimage"},"image":{"@id":"https:\/\/radiolifefm.com.br\/noticias\/30a-edicao-da-expoverde-2022-comeca-na-terca-feira-30\/#primaryimage"},"thumbnailUrl":"https:\/\/radiolifefm.com.br\/noticias\/wp-content\/uploads\/2022\/08\/e909ec5457e0edc3148cac4b7e9e7ee1.jpg","datePublished":"2022-08-26T11:22:53+00:00","dateModified":"2026-02-12T07:00:31+00:00","breadcrumb":{"@id":"https:\/\/radiolifefm.com.br\/noticias\/30a-edicao-da-expoverde-2022-comeca-na-terca-feira-30\/#breadcrumb"},"inLanguage":"pt-BR","potentialAction":[{"@type":"ReadAction","target":["https:\/\/radiolifefm.com.br\/noticias\/30a-edicao-da-expoverde-2022-comeca-na-terca-feira-30\/"]}]},{"@type":"ImageObject","inLanguage":"pt-BR","@id":"https:\/\/radiolifefm.com.br\/noticias\/30a-edicao-da-expoverde-2022-comeca-na-terca-feira-30\/#primaryimage","url":"https:\/\/radiolifefm.com.br\/noticias\/wp-content\/uploads\/2022\/08\/e909ec5457e0edc3148cac4b7e9e7ee1.jpg","contentUrl":"https:\/\/radiolifefm.com.br\/noticias\/wp-content\/uploads\/2022\/08\/e909ec5457e0edc3148cac4b7e9e7ee1.jpg","width":848,"height":307},{"@type":"BreadcrumbList","@id":"https:\/\/radiolifefm.com.br\/noticias\/30a-edicao-da-expoverde-2022-comeca-na-terca-feira-30\/#breadcrumb","itemListElement":[{"@type":"ListItem","position":1,"name":"In\u00edcio","item":"https:\/\/radiolifefm.com.br\/noticias\/"},{"@type":"ListItem","position":2,"name":"30\u00aa edi\u00e7\u00e3o da ExpoVerde 2022 come\u00e7a na ter\u00e7a-feira (30)"}]},{"@type":"WebSite","@id":"https:\/\/radiolifefm.com.br\/noticias\/#website","url":"https:\/\/radiolifefm.com.br\/noticias\/","name":"R\u00e1dio Life FM","description":"O Portal de Not\u00edcias de Adamantina","publisher":{"@id":"https:\/\/radiolifefm.com.br\/noticias\/#organization"},"alternateName":"Life FM","potentialAction":[{"@type":"SearchAction","target":{"@type":"EntryPoint","urlTemplate":"https:\/\/radiolifefm.com.br\/noticias\/?s={search_term_string}"},"query-input":{"@type":"PropertyValueSpecification","valueRequired":true,"valueName":"search_term_string"}}],"inLanguage":"pt-BR"},{"@type":"Organization","@id":"https:\/\/radiolifefm.com.br\/noticias\/#organization","name":"R\u00e1dio Life FM","alternateName":"Life FM","url":"https:\/\/radiolifefm.com.br\/noticias\/","logo":{"@type":"ImageObject","inLanguage":"pt-BR","@id":"https:\/\/radiolifefm.com.br\/noticias\/#\/schema\/logo\/image\/","url":"https:\/\/static.radiolifefm.com.br\/noticias\/wp-content\/uploads\/2019\/10\/logo-lifefm.png","contentUrl":"https:\/\/static.radiolifefm.com.br\/noticias\/wp-content\/uploads\/2019\/10\/logo-lifefm.png","width":196,"height":47,"caption":"R\u00e1dio Life FM"},"image":{"@id":"https:\/\/radiolifefm.com.br\/noticias\/#\/schema\/logo\/image\/"},"sameAs":["https:\/\/www.facebook.com\/radiolifefm\/","https:\/\/www.instagram.com\/life1079fm\/"]},{"@type":"Person","@id":"https:\/\/radiolifefm.com.br\/noticias\/#\/schema\/person\/6339b9fac59d12b071dec680d7375d87","name":"ritanery","image":{"@type":"ImageObject","inLanguage":"pt-BR","@id":"https:\/\/secure.gravatar.com\/avatar\/0e37bb19071f47c0b8a23f62a903df117c5a0e75f65a0c2901562f97cd41cf86?s=96&d=mm&r=g","url":"https:\/\/secure.gravatar.com\/avatar\/0e37bb19071f47c0b8a23f62a903df117c5a0e75f65a0c2901562f97cd41cf86?s=96&d=mm&r=g","contentUrl":"https:\/\/secure.gravatar.com\/avatar\/0e37bb19071f47c0b8a23f62a903df117c5a0e75f65a0c2901562f97cd41cf86?s=96&d=mm&r=g","caption":"ritanery"}}]}},"amp_enabled":true,"_links":{"self":[{"href":"https:\/\/radiolifefm.com.br\/noticias\/wp-json\/wp\/v2\/posts\/57437","targetHints":{"allow":["GET"]}}],"collection":[{"href":"https:\/\/radiolifefm.com.br\/noticias\/wp-json\/wp\/v2\/posts"}],"about":[{"href":"https:\/\/radiolifefm.com.br\/noticias\/wp-json\/wp\/v2\/types\/post"}],"author":[{"embeddable":true,"href":"https:\/\/radiolifefm.com.br\/noticias\/wp-json\/wp\/v2\/users\/13"}],"replies":[{"embeddable":true,"href":"https:\/\/radiolifefm.com.br\/noticias\/wp-json\/wp\/v2\/comments?post=57437"}],"version-history":[{"count":2,"href":"https:\/\/radiolifefm.com.br\/noticias\/wp-json\/wp\/v2\/posts\/57437\/revisions"}],"predecessor-version":[{"id":57440,"href":"https:\/\/radiolifefm.com.br\/noticias\/wp-json\/wp\/v2\/posts\/57437\/revisions\/57440"}],"wp:featuredmedia":[{"embeddable":true,"href":"https:\/\/radiolifefm.com.br\/noticias\/wp-json\/wp\/v2\/media\/57438"}],"wp:attachment":[{"href":"https:\/\/radiolifefm.com.br\/noticias\/wp-json\/wp\/v2\/media?parent=57437"}],"wp:term":[{"taxonomy":"category","embeddable":true,"href":"https:\/\/radiolifefm.com.br\/noticias\/wp-json\/wp\/v2\/categories?post=57437"},{"taxonomy":"post_tag","embeddable":true,"href":"https:\/\/radiolifefm.com.br\/noticias\/wp-json\/wp\/v2\/tags?post=57437"}],"curies":[{"name":"wp","href":"https:\/\/api.w.org\/{rel}","templated":true}]}}