{"id":57434,"date":"2022-08-26T08:20:22","date_gmt":"2022-08-26T11:20:22","guid":{"rendered":"https:\/\/radiolifefm.com.br\/noticias\/?p=57434"},"modified":"2025-10-03T10:00:33","modified_gmt":"2025-10-03T13:00:33","slug":"jardim-bela-vista-recebe-meu-bairro-em-acao-no-sabado-27","status":"publish","type":"post","link":"https:\/\/radiolifefm.com.br\/noticias\/jardim-bela-vista-recebe-meu-bairro-em-acao-no-sabado-27\/","title":{"rendered":"Jardim Bela Vista recebe Meu Bairro em A\u00e7\u00e3o no s\u00e1bado (27)"},"content":{"rendered":"<div id=\"fb-root\"><\/div>\n<p>Depois de percorrer o Jardim Brasil, Parque do Sol, Jardim Adamantina e Conjunto Habitacional M\u00e1rio Covas, o Projeto Meu Bairro em A\u00e7\u00e3o chega ao Bela Vista. A programa\u00e7\u00e3o acontece s\u00e1bado, 27 de agosto, a partir das 9h no Centro Comunit\u00e1rio do Jardim Bela Vista.<\/p>\n<p>A regi\u00e3o integra o setor amarelo que contempla al\u00e9m do Jardim Bela Vista, os bairros Jardim dos Poetas, Residencial Montagnoli, Residencial It\u00e1lia I e II, Jardim dos Bandeirantes e Est\u00e2ncia Dorigo I e II.<\/p>\n<p>Entre as atividades que ser\u00e3o realizadas no Centro Comunit\u00e1rio do Jardim Bela Vista est\u00e3o: jogos de futebol e de basquete, brinquedos infl\u00e1veis para as crian\u00e7as, jogos de t\u00eanis de mesa e futebol de bot\u00e3o, al\u00e9m do \u00f4nibus Roda Cultura.<\/p>\n<p>O Projeto Meu Bairro em A\u00e7\u00e3o \u00e9 uma parceria entre as secretarias de Cultura e Turismo; Esportes, Lazer e Recrea\u00e7\u00e3o; Assist\u00eancia Social; Fundo Social de Solidariedade.<\/p>\n<p>O setor laranja ser\u00e1 o pr\u00f3ximo contemplado com a a\u00e7\u00e3o no dia 24 de setembro no Centro Comunit\u00e1rio do Jardim Paulista para os moradores do Jardim Paulista, Jardim Santa In\u00eas, Vila F\u00e1tima, Vila Sakai, Vila Nilza, Parque Igua\u00e7u, Jardim Am\u00e9rica, Residencial Jaragu\u00e1, Residencial Adelaide, Residencial Campo Verde, Residencial Boa Vista, Residencial Millenium, Jardim Dalphalo, Conjunto Palmeiras, Vila Endo, Parque Cecap e Jardim Europa.<\/p>\n<p>&nbsp;<\/p>\n<p>Fonte: Assessoria de Imprensa<\/p>\n","protected":false},"excerpt":{"rendered":"<p>Depois de percorrer o Jardim Brasil, Parque do Sol, Jardim Adamantina e Conjunto Habitacional M\u00e1rio Covas, o Projeto Meu Bairro em A\u00e7\u00e3o chega ao Bela Vista. A programa\u00e7\u00e3o acontece s\u00e1bado, 27 de agosto, a partir das 9h no Centro Comunit\u00e1rio do Jardim Bela Vista. A regi\u00e3o integra o setor amarelo que contempla al\u00e9m do Jardim [&hellip;]<\/p>\n","protected":false},"author":13,"featured_media":57435,"comment_status":"open","ping_status":"open","sticky":false,"template":"","format":"standard","meta":{"_acf_changed":false,"_exactmetrics_skip_tracking":false,"_exactmetrics_sitenote_active":false,"_exactmetrics_sitenote_note":"","_exactmetrics_sitenote_category":0,"footnotes":""},"categories":[21],"tags":[],"class_list":["post-57434","post","type-post","status-publish","format-standard","has-post-thumbnail","hentry","category-adamantina"],"acf":[],"yoast_head":"<!-- This site is optimized with the Yoast SEO plugin v27.2 - https:\/\/yoast.com\/product\/yoast-seo-wordpress\/ -->\n<title>Jardim Bela Vista recebe Meu Bairro em A\u00e7\u00e3o no s\u00e1bado (27) - R\u00e1dio Life FM<\/title>\n<meta name=\"robots\" content=\"index, follow, max-snippet:-1, max-image-preview:large, max-video-preview:-1\" \/>\n<link rel=\"canonical\" href=\"https:\/\/radiolifefm.com.br\/noticias\/jardim-bela-vista-recebe-meu-bairro-em-acao-no-sabado-27\/\" \/>\n<meta property=\"og:locale\" content=\"pt_BR\" \/>\n<meta property=\"og:type\" content=\"article\" \/>\n<meta property=\"og:title\" content=\"Jardim Bela Vista recebe Meu Bairro em A\u00e7\u00e3o no s\u00e1bado (27) - R\u00e1dio Life FM\" \/>\n<meta property=\"og:description\" content=\"Depois de percorrer o Jardim Brasil, Parque do Sol, Jardim Adamantina e Conjunto Habitacional M\u00e1rio Covas, o Projeto Meu Bairro em A\u00e7\u00e3o chega ao Bela Vista. A programa\u00e7\u00e3o acontece s\u00e1bado, 27 de agosto, a partir das 9h no Centro Comunit\u00e1rio do Jardim Bela Vista. A regi\u00e3o integra o setor amarelo que contempla al\u00e9m do Jardim [&hellip;]\" \/>\n<meta property=\"og:url\" content=\"https:\/\/radiolifefm.com.br\/noticias\/jardim-bela-vista-recebe-meu-bairro-em-acao-no-sabado-27\/\" \/>\n<meta property=\"og:site_name\" content=\"R\u00e1dio Life FM\" \/>\n<meta property=\"article:publisher\" content=\"https:\/\/www.facebook.com\/radiolifefm\/\" \/>\n<meta property=\"article:published_time\" content=\"2022-08-26T11:20:22+00:00\" \/>\n<meta property=\"article:modified_time\" content=\"2025-10-03T13:00:33+00:00\" \/>\n<meta property=\"og:image\" content=\"https:\/\/static.radiolifefm.com.br\/noticias\/wp-content\/uploads\/2022\/08\/cats-45.jpg\" \/>\n\t<meta property=\"og:image:width\" content=\"599\" \/>\n\t<meta property=\"og:image:height\" content=\"594\" \/>\n\t<meta property=\"og:image:type\" content=\"image\/jpeg\" \/>\n<meta name=\"author\" content=\"ritanery\" \/>\n<meta name=\"twitter:card\" content=\"summary_large_image\" \/>\n<meta name=\"twitter:label1\" content=\"Escrito por\" \/>\n\t<meta name=\"twitter:data1\" content=\"ritanery\" \/>\n\t<meta name=\"twitter:label2\" content=\"Est. tempo de leitura\" \/>\n\t<meta name=\"twitter:data2\" content=\"1 minuto\" \/>\n<script type=\"application\/ld+json\" class=\"yoast-schema-graph\">{\"@context\":\"https:\/\/schema.org\",\"@graph\":[{\"@type\":\"Article\",\"@id\":\"https:\/\/radiolifefm.com.br\/noticias\/jardim-bela-vista-recebe-meu-bairro-em-acao-no-sabado-27\/#article\",\"isPartOf\":{\"@id\":\"https:\/\/radiolifefm.com.br\/noticias\/jardim-bela-vista-recebe-meu-bairro-em-acao-no-sabado-27\/\"},\"author\":{\"name\":\"ritanery\",\"@id\":\"https:\/\/radiolifefm.com.br\/noticias\/#\/schema\/person\/6339b9fac59d12b071dec680d7375d87\"},\"headline\":\"Jardim Bela Vista recebe Meu Bairro em A\u00e7\u00e3o no s\u00e1bado (27)\",\"datePublished\":\"2022-08-26T11:20:22+00:00\",\"dateModified\":\"2025-10-03T13:00:33+00:00\",\"mainEntityOfPage\":{\"@id\":\"https:\/\/radiolifefm.com.br\/noticias\/jardim-bela-vista-recebe-meu-bairro-em-acao-no-sabado-27\/\"},\"wordCount\":247,\"commentCount\":0,\"publisher\":{\"@id\":\"https:\/\/radiolifefm.com.br\/noticias\/#organization\"},\"image\":{\"@id\":\"https:\/\/radiolifefm.com.br\/noticias\/jardim-bela-vista-recebe-meu-bairro-em-acao-no-sabado-27\/#primaryimage\"},\"thumbnailUrl\":\"https:\/\/radiolifefm.com.br\/noticias\/wp-content\/uploads\/2022\/08\/cats-45.jpg\",\"articleSection\":[\"Adamantina\"],\"inLanguage\":\"pt-BR\",\"potentialAction\":[{\"@type\":\"CommentAction\",\"name\":\"Comment\",\"target\":[\"https:\/\/radiolifefm.com.br\/noticias\/jardim-bela-vista-recebe-meu-bairro-em-acao-no-sabado-27\/#respond\"]}]},{\"@type\":\"WebPage\",\"@id\":\"https:\/\/radiolifefm.com.br\/noticias\/jardim-bela-vista-recebe-meu-bairro-em-acao-no-sabado-27\/\",\"url\":\"https:\/\/radiolifefm.com.br\/noticias\/jardim-bela-vista-recebe-meu-bairro-em-acao-no-sabado-27\/\",\"name\":\"Jardim Bela Vista recebe Meu Bairro em A\u00e7\u00e3o no s\u00e1bado (27) - R\u00e1dio Life FM\",\"isPartOf\":{\"@id\":\"https:\/\/radiolifefm.com.br\/noticias\/#website\"},\"primaryImageOfPage\":{\"@id\":\"https:\/\/radiolifefm.com.br\/noticias\/jardim-bela-vista-recebe-meu-bairro-em-acao-no-sabado-27\/#primaryimage\"},\"image\":{\"@id\":\"https:\/\/radiolifefm.com.br\/noticias\/jardim-bela-vista-recebe-meu-bairro-em-acao-no-sabado-27\/#primaryimage\"},\"thumbnailUrl\":\"https:\/\/radiolifefm.com.br\/noticias\/wp-content\/uploads\/2022\/08\/cats-45.jpg\",\"datePublished\":\"2022-08-26T11:20:22+00:00\",\"dateModified\":\"2025-10-03T13:00:33+00:00\",\"breadcrumb\":{\"@id\":\"https:\/\/radiolifefm.com.br\/noticias\/jardim-bela-vista-recebe-meu-bairro-em-acao-no-sabado-27\/#breadcrumb\"},\"inLanguage\":\"pt-BR\",\"potentialAction\":[{\"@type\":\"ReadAction\",\"target\":[\"https:\/\/radiolifefm.com.br\/noticias\/jardim-bela-vista-recebe-meu-bairro-em-acao-no-sabado-27\/\"]}]},{\"@type\":\"ImageObject\",\"inLanguage\":\"pt-BR\",\"@id\":\"https:\/\/radiolifefm.com.br\/noticias\/jardim-bela-vista-recebe-meu-bairro-em-acao-no-sabado-27\/#primaryimage\",\"url\":\"https:\/\/radiolifefm.com.br\/noticias\/wp-content\/uploads\/2022\/08\/cats-45.jpg\",\"contentUrl\":\"https:\/\/radiolifefm.com.br\/noticias\/wp-content\/uploads\/2022\/08\/cats-45.jpg\",\"width\":599,\"height\":594},{\"@type\":\"BreadcrumbList\",\"@id\":\"https:\/\/radiolifefm.com.br\/noticias\/jardim-bela-vista-recebe-meu-bairro-em-acao-no-sabado-27\/#breadcrumb\",\"itemListElement\":[{\"@type\":\"ListItem\",\"position\":1,\"name\":\"In\u00edcio\",\"item\":\"https:\/\/radiolifefm.com.br\/noticias\/\"},{\"@type\":\"ListItem\",\"position\":2,\"name\":\"Jardim Bela Vista recebe Meu Bairro em A\u00e7\u00e3o no s\u00e1bado (27)\"}]},{\"@type\":\"WebSite\",\"@id\":\"https:\/\/radiolifefm.com.br\/noticias\/#website\",\"url\":\"https:\/\/radiolifefm.com.br\/noticias\/\",\"name\":\"R\u00e1dio Life FM\",\"description\":\"O Portal de Not\u00edcias de Adamantina\",\"publisher\":{\"@id\":\"https:\/\/radiolifefm.com.br\/noticias\/#organization\"},\"alternateName\":\"Life FM\",\"potentialAction\":[{\"@type\":\"SearchAction\",\"target\":{\"@type\":\"EntryPoint\",\"urlTemplate\":\"https:\/\/radiolifefm.com.br\/noticias\/?s={search_term_string}\"},\"query-input\":{\"@type\":\"PropertyValueSpecification\",\"valueRequired\":true,\"valueName\":\"search_term_string\"}}],\"inLanguage\":\"pt-BR\"},{\"@type\":\"Organization\",\"@id\":\"https:\/\/radiolifefm.com.br\/noticias\/#organization\",\"name\":\"R\u00e1dio Life FM\",\"alternateName\":\"Life FM\",\"url\":\"https:\/\/radiolifefm.com.br\/noticias\/\",\"logo\":{\"@type\":\"ImageObject\",\"inLanguage\":\"pt-BR\",\"@id\":\"https:\/\/radiolifefm.com.br\/noticias\/#\/schema\/logo\/image\/\",\"url\":\"https:\/\/static.radiolifefm.com.br\/noticias\/wp-content\/uploads\/2019\/10\/logo-lifefm.png\",\"contentUrl\":\"https:\/\/static.radiolifefm.com.br\/noticias\/wp-content\/uploads\/2019\/10\/logo-lifefm.png\",\"width\":196,\"height\":47,\"caption\":\"R\u00e1dio Life FM\"},\"image\":{\"@id\":\"https:\/\/radiolifefm.com.br\/noticias\/#\/schema\/logo\/image\/\"},\"sameAs\":[\"https:\/\/www.facebook.com\/radiolifefm\/\",\"https:\/\/www.instagram.com\/life1079fm\/\"]},{\"@type\":\"Person\",\"@id\":\"https:\/\/radiolifefm.com.br\/noticias\/#\/schema\/person\/6339b9fac59d12b071dec680d7375d87\",\"name\":\"ritanery\",\"image\":{\"@type\":\"ImageObject\",\"inLanguage\":\"pt-BR\",\"@id\":\"https:\/\/secure.gravatar.com\/avatar\/0e37bb19071f47c0b8a23f62a903df117c5a0e75f65a0c2901562f97cd41cf86?s=96&d=mm&r=g\",\"url\":\"https:\/\/secure.gravatar.com\/avatar\/0e37bb19071f47c0b8a23f62a903df117c5a0e75f65a0c2901562f97cd41cf86?s=96&d=mm&r=g\",\"contentUrl\":\"https:\/\/secure.gravatar.com\/avatar\/0e37bb19071f47c0b8a23f62a903df117c5a0e75f65a0c2901562f97cd41cf86?s=96&d=mm&r=g\",\"caption\":\"ritanery\"}}]}<\/script>\n<!-- \/ Yoast SEO plugin. -->","yoast_head_json":{"title":"Jardim Bela Vista recebe Meu Bairro em A\u00e7\u00e3o no s\u00e1bado (27) - R\u00e1dio Life FM","robots":{"index":"index","follow":"follow","max-snippet":"max-snippet:-1","max-image-preview":"max-image-preview:large","max-video-preview":"max-video-preview:-1"},"canonical":"https:\/\/radiolifefm.com.br\/noticias\/jardim-bela-vista-recebe-meu-bairro-em-acao-no-sabado-27\/","og_locale":"pt_BR","og_type":"article","og_title":"Jardim Bela Vista recebe Meu Bairro em A\u00e7\u00e3o no s\u00e1bado (27) - R\u00e1dio Life FM","og_description":"Depois de percorrer o Jardim Brasil, Parque do Sol, Jardim Adamantina e Conjunto Habitacional M\u00e1rio Covas, o Projeto Meu Bairro em A\u00e7\u00e3o chega ao Bela Vista. A programa\u00e7\u00e3o acontece s\u00e1bado, 27 de agosto, a partir das 9h no Centro Comunit\u00e1rio do Jardim Bela Vista. A regi\u00e3o integra o setor amarelo que contempla al\u00e9m do Jardim [&hellip;]","og_url":"https:\/\/radiolifefm.com.br\/noticias\/jardim-bela-vista-recebe-meu-bairro-em-acao-no-sabado-27\/","og_site_name":"R\u00e1dio Life FM","article_publisher":"https:\/\/www.facebook.com\/radiolifefm\/","article_published_time":"2022-08-26T11:20:22+00:00","article_modified_time":"2025-10-03T13:00:33+00:00","og_image":[{"width":599,"height":594,"url":"https:\/\/static.radiolifefm.com.br\/noticias\/wp-content\/uploads\/2022\/08\/cats-45.jpg","type":"image\/jpeg"}],"author":"ritanery","twitter_card":"summary_large_image","twitter_misc":{"Escrito por":"ritanery","Est. tempo de leitura":"1 minuto"},"schema":{"@context":"https:\/\/schema.org","@graph":[{"@type":"Article","@id":"https:\/\/radiolifefm.com.br\/noticias\/jardim-bela-vista-recebe-meu-bairro-em-acao-no-sabado-27\/#article","isPartOf":{"@id":"https:\/\/radiolifefm.com.br\/noticias\/jardim-bela-vista-recebe-meu-bairro-em-acao-no-sabado-27\/"},"author":{"name":"ritanery","@id":"https:\/\/radiolifefm.com.br\/noticias\/#\/schema\/person\/6339b9fac59d12b071dec680d7375d87"},"headline":"Jardim Bela Vista recebe Meu Bairro em A\u00e7\u00e3o no s\u00e1bado (27)","datePublished":"2022-08-26T11:20:22+00:00","dateModified":"2025-10-03T13:00:33+00:00","mainEntityOfPage":{"@id":"https:\/\/radiolifefm.com.br\/noticias\/jardim-bela-vista-recebe-meu-bairro-em-acao-no-sabado-27\/"},"wordCount":247,"commentCount":0,"publisher":{"@id":"https:\/\/radiolifefm.com.br\/noticias\/#organization"},"image":{"@id":"https:\/\/radiolifefm.com.br\/noticias\/jardim-bela-vista-recebe-meu-bairro-em-acao-no-sabado-27\/#primaryimage"},"thumbnailUrl":"https:\/\/radiolifefm.com.br\/noticias\/wp-content\/uploads\/2022\/08\/cats-45.jpg","articleSection":["Adamantina"],"inLanguage":"pt-BR","potentialAction":[{"@type":"CommentAction","name":"Comment","target":["https:\/\/radiolifefm.com.br\/noticias\/jardim-bela-vista-recebe-meu-bairro-em-acao-no-sabado-27\/#respond"]}]},{"@type":"WebPage","@id":"https:\/\/radiolifefm.com.br\/noticias\/jardim-bela-vista-recebe-meu-bairro-em-acao-no-sabado-27\/","url":"https:\/\/radiolifefm.com.br\/noticias\/jardim-bela-vista-recebe-meu-bairro-em-acao-no-sabado-27\/","name":"Jardim Bela Vista recebe Meu Bairro em A\u00e7\u00e3o no s\u00e1bado (27) - R\u00e1dio Life FM","isPartOf":{"@id":"https:\/\/radiolifefm.com.br\/noticias\/#website"},"primaryImageOfPage":{"@id":"https:\/\/radiolifefm.com.br\/noticias\/jardim-bela-vista-recebe-meu-bairro-em-acao-no-sabado-27\/#primaryimage"},"image":{"@id":"https:\/\/radiolifefm.com.br\/noticias\/jardim-bela-vista-recebe-meu-bairro-em-acao-no-sabado-27\/#primaryimage"},"thumbnailUrl":"https:\/\/radiolifefm.com.br\/noticias\/wp-content\/uploads\/2022\/08\/cats-45.jpg","datePublished":"2022-08-26T11:20:22+00:00","dateModified":"2025-10-03T13:00:33+00:00","breadcrumb":{"@id":"https:\/\/radiolifefm.com.br\/noticias\/jardim-bela-vista-recebe-meu-bairro-em-acao-no-sabado-27\/#breadcrumb"},"inLanguage":"pt-BR","potentialAction":[{"@type":"ReadAction","target":["https:\/\/radiolifefm.com.br\/noticias\/jardim-bela-vista-recebe-meu-bairro-em-acao-no-sabado-27\/"]}]},{"@type":"ImageObject","inLanguage":"pt-BR","@id":"https:\/\/radiolifefm.com.br\/noticias\/jardim-bela-vista-recebe-meu-bairro-em-acao-no-sabado-27\/#primaryimage","url":"https:\/\/radiolifefm.com.br\/noticias\/wp-content\/uploads\/2022\/08\/cats-45.jpg","contentUrl":"https:\/\/radiolifefm.com.br\/noticias\/wp-content\/uploads\/2022\/08\/cats-45.jpg","width":599,"height":594},{"@type":"BreadcrumbList","@id":"https:\/\/radiolifefm.com.br\/noticias\/jardim-bela-vista-recebe-meu-bairro-em-acao-no-sabado-27\/#breadcrumb","itemListElement":[{"@type":"ListItem","position":1,"name":"In\u00edcio","item":"https:\/\/radiolifefm.com.br\/noticias\/"},{"@type":"ListItem","position":2,"name":"Jardim Bela Vista recebe Meu Bairro em A\u00e7\u00e3o no s\u00e1bado (27)"}]},{"@type":"WebSite","@id":"https:\/\/radiolifefm.com.br\/noticias\/#website","url":"https:\/\/radiolifefm.com.br\/noticias\/","name":"R\u00e1dio Life FM","description":"O Portal de Not\u00edcias de Adamantina","publisher":{"@id":"https:\/\/radiolifefm.com.br\/noticias\/#organization"},"alternateName":"Life FM","potentialAction":[{"@type":"SearchAction","target":{"@type":"EntryPoint","urlTemplate":"https:\/\/radiolifefm.com.br\/noticias\/?s={search_term_string}"},"query-input":{"@type":"PropertyValueSpecification","valueRequired":true,"valueName":"search_term_string"}}],"inLanguage":"pt-BR"},{"@type":"Organization","@id":"https:\/\/radiolifefm.com.br\/noticias\/#organization","name":"R\u00e1dio Life FM","alternateName":"Life FM","url":"https:\/\/radiolifefm.com.br\/noticias\/","logo":{"@type":"ImageObject","inLanguage":"pt-BR","@id":"https:\/\/radiolifefm.com.br\/noticias\/#\/schema\/logo\/image\/","url":"https:\/\/static.radiolifefm.com.br\/noticias\/wp-content\/uploads\/2019\/10\/logo-lifefm.png","contentUrl":"https:\/\/static.radiolifefm.com.br\/noticias\/wp-content\/uploads\/2019\/10\/logo-lifefm.png","width":196,"height":47,"caption":"R\u00e1dio Life FM"},"image":{"@id":"https:\/\/radiolifefm.com.br\/noticias\/#\/schema\/logo\/image\/"},"sameAs":["https:\/\/www.facebook.com\/radiolifefm\/","https:\/\/www.instagram.com\/life1079fm\/"]},{"@type":"Person","@id":"https:\/\/radiolifefm.com.br\/noticias\/#\/schema\/person\/6339b9fac59d12b071dec680d7375d87","name":"ritanery","image":{"@type":"ImageObject","inLanguage":"pt-BR","@id":"https:\/\/secure.gravatar.com\/avatar\/0e37bb19071f47c0b8a23f62a903df117c5a0e75f65a0c2901562f97cd41cf86?s=96&d=mm&r=g","url":"https:\/\/secure.gravatar.com\/avatar\/0e37bb19071f47c0b8a23f62a903df117c5a0e75f65a0c2901562f97cd41cf86?s=96&d=mm&r=g","contentUrl":"https:\/\/secure.gravatar.com\/avatar\/0e37bb19071f47c0b8a23f62a903df117c5a0e75f65a0c2901562f97cd41cf86?s=96&d=mm&r=g","caption":"ritanery"}}]}},"amp_enabled":true,"_links":{"self":[{"href":"https:\/\/radiolifefm.com.br\/noticias\/wp-json\/wp\/v2\/posts\/57434","targetHints":{"allow":["GET"]}}],"collection":[{"href":"https:\/\/radiolifefm.com.br\/noticias\/wp-json\/wp\/v2\/posts"}],"about":[{"href":"https:\/\/radiolifefm.com.br\/noticias\/wp-json\/wp\/v2\/types\/post"}],"author":[{"embeddable":true,"href":"https:\/\/radiolifefm.com.br\/noticias\/wp-json\/wp\/v2\/users\/13"}],"replies":[{"embeddable":true,"href":"https:\/\/radiolifefm.com.br\/noticias\/wp-json\/wp\/v2\/comments?post=57434"}],"version-history":[{"count":1,"href":"https:\/\/radiolifefm.com.br\/noticias\/wp-json\/wp\/v2\/posts\/57434\/revisions"}],"predecessor-version":[{"id":57436,"href":"https:\/\/radiolifefm.com.br\/noticias\/wp-json\/wp\/v2\/posts\/57434\/revisions\/57436"}],"wp:featuredmedia":[{"embeddable":true,"href":"https:\/\/radiolifefm.com.br\/noticias\/wp-json\/wp\/v2\/media\/57435"}],"wp:attachment":[{"href":"https:\/\/radiolifefm.com.br\/noticias\/wp-json\/wp\/v2\/media?parent=57434"}],"wp:term":[{"taxonomy":"category","embeddable":true,"href":"https:\/\/radiolifefm.com.br\/noticias\/wp-json\/wp\/v2\/categories?post=57434"},{"taxonomy":"post_tag","embeddable":true,"href":"https:\/\/radiolifefm.com.br\/noticias\/wp-json\/wp\/v2\/tags?post=57434"}],"curies":[{"name":"wp","href":"https:\/\/api.w.org\/{rel}","templated":true}]}}