{"id":57432,"date":"2022-08-26T08:17:36","date_gmt":"2022-08-26T11:17:36","guid":{"rendered":"https:\/\/radiolifefm.com.br\/noticias\/?p=57432"},"modified":"2026-04-12T16:14:57","modified_gmt":"2026-04-12T19:14:57","slug":"prefeitura-de-adamantina-realiza-cerimonia-de-inauguracao-do-poupatempo","status":"publish","type":"post","link":"https:\/\/radiolifefm.com.br\/noticias\/prefeitura-de-adamantina-realiza-cerimonia-de-inauguracao-do-poupatempo\/","title":{"rendered":"Prefeitura de Adamantina realiza cerim\u00f4nia de inaugura\u00e7\u00e3o do Poupatempo"},"content":{"rendered":"<div id=\"fb-root\"><\/div>\n<p>Sexta-feira, 26 de agosto, a partir das 17h, ser\u00e1 realizada a inaugura\u00e7\u00e3o do Poupatempo em Adamantina. Na oportunidade, estar\u00e1 presente Marcos Penido, secret\u00e1rio de Estado de Governo, que representar\u00e1 o governador do estado, Rodrigo Garcia.<\/p>\n<p>Os servi\u00e7os dispon\u00edveis no local s\u00e3o: RG; Carteira de Vacina\u00e7\u00e3o COVID-19; Renova\u00e7\u00e3o de CNH; Licenciamento Digital; Atestado de Antecedentes Criminais; Carteira de Trabalho Digital, entre outros.<\/p>\n<p>Para ter acesso aos servi\u00e7os que est\u00e3o dispon\u00edveis, os agendamentos podem ser feitos de forma virtual ou pelo totem que est\u00e1 na entrada do pr\u00e9dio. No espa\u00e7o, funcionam ainda Posto de Atendimento ao Trabalhador (PAT); Procon e Banco do Povo.<\/p>\n<p>O Poupatempo de Adamantina funciona de segunda a sexta das 9h \u00e0s 17h e aos s\u00e1bados, das 9h \u00e0s 13h na Avenida da Saudade, 1072.<\/p>\n<p><b>Relembre<\/b><\/p>\n<p>O an\u00fancio que Adamantina ganharia uma unidade do Poupatempo aconteceu em outubro do ano passado, durante a visita do presidente da Assembleia Legislativa do Estado de S\u00e3o Paulo, Carl\u00e3o Pignatari, que na oportunidade ocupava o cargo de governador em exerc\u00edcio.<\/p>\n<p>&nbsp;<\/p>\n<p>Fonte: Assessoria de Imprensa<\/p>\n","protected":false},"excerpt":{"rendered":"<p>Sexta-feira, 26 de agosto, a partir das 17h, ser\u00e1 realizada a inaugura\u00e7\u00e3o do Poupatempo em Adamantina. Na oportunidade, estar\u00e1 presente Marcos Penido, secret\u00e1rio de Estado de Governo, que representar\u00e1 o governador do estado, Rodrigo Garcia. Os servi\u00e7os dispon\u00edveis no local s\u00e3o: RG; Carteira de Vacina\u00e7\u00e3o COVID-19; Renova\u00e7\u00e3o de CNH; Licenciamento Digital; Atestado de Antecedentes Criminais; [&hellip;]<\/p>\n","protected":false},"author":13,"featured_media":56067,"comment_status":"closed","ping_status":"open","sticky":false,"template":"","format":"standard","meta":{"_acf_changed":false,"_exactmetrics_skip_tracking":false,"_exactmetrics_sitenote_active":false,"_exactmetrics_sitenote_note":"","_exactmetrics_sitenote_category":0,"footnotes":""},"categories":[21],"tags":[],"class_list":["post-57432","post","type-post","status-publish","format-standard","has-post-thumbnail","hentry","category-adamantina"],"acf":[],"yoast_head":"<!-- This site is optimized with the Yoast SEO plugin v27.2 - https:\/\/yoast.com\/product\/yoast-seo-wordpress\/ -->\n<title>Prefeitura de Adamantina realiza cerim\u00f4nia de inaugura\u00e7\u00e3o do Poupatempo - R\u00e1dio Life FM<\/title>\n<meta name=\"robots\" content=\"index, follow, max-snippet:-1, max-image-preview:large, max-video-preview:-1\" \/>\n<link rel=\"canonical\" href=\"https:\/\/radiolifefm.com.br\/noticias\/prefeitura-de-adamantina-realiza-cerimonia-de-inauguracao-do-poupatempo\/\" \/>\n<meta property=\"og:locale\" content=\"pt_BR\" \/>\n<meta property=\"og:type\" content=\"article\" \/>\n<meta property=\"og:title\" content=\"Prefeitura de Adamantina realiza cerim\u00f4nia de inaugura\u00e7\u00e3o do Poupatempo - R\u00e1dio Life FM\" \/>\n<meta property=\"og:description\" content=\"Sexta-feira, 26 de agosto, a partir das 17h, ser\u00e1 realizada a inaugura\u00e7\u00e3o do Poupatempo em Adamantina. Na oportunidade, estar\u00e1 presente Marcos Penido, secret\u00e1rio de Estado de Governo, que representar\u00e1 o governador do estado, Rodrigo Garcia. Os servi\u00e7os dispon\u00edveis no local s\u00e3o: RG; Carteira de Vacina\u00e7\u00e3o COVID-19; Renova\u00e7\u00e3o de CNH; Licenciamento Digital; Atestado de Antecedentes Criminais; [&hellip;]\" \/>\n<meta property=\"og:url\" content=\"https:\/\/radiolifefm.com.br\/noticias\/prefeitura-de-adamantina-realiza-cerimonia-de-inauguracao-do-poupatempo\/\" \/>\n<meta property=\"og:site_name\" content=\"R\u00e1dio Life FM\" \/>\n<meta property=\"article:publisher\" content=\"https:\/\/www.facebook.com\/radiolifefm\/\" \/>\n<meta property=\"article:published_time\" content=\"2022-08-26T11:17:36+00:00\" \/>\n<meta property=\"article:modified_time\" content=\"2026-04-12T19:14:57+00:00\" \/>\n<meta property=\"og:image\" content=\"https:\/\/radiolifefm.com.br\/noticias\/wp-content\/uploads\/2022\/07\/img593955jpg165831784562d7ec155dfe2.jpg\" \/>\n\t<meta property=\"og:image:width\" content=\"600\" \/>\n\t<meta property=\"og:image:height\" content=\"337\" \/>\n\t<meta property=\"og:image:type\" content=\"image\/jpeg\" \/>\n<meta name=\"author\" content=\"ritanery\" \/>\n<meta name=\"twitter:card\" content=\"summary_large_image\" \/>\n<meta name=\"twitter:label1\" content=\"Escrito por\" \/>\n\t<meta name=\"twitter:data1\" content=\"ritanery\" \/>\n\t<meta name=\"twitter:label2\" content=\"Est. tempo de leitura\" \/>\n\t<meta name=\"twitter:data2\" content=\"1 minuto\" \/>\n<script type=\"application\/ld+json\" class=\"yoast-schema-graph\">{\"@context\":\"https:\/\/schema.org\",\"@graph\":[{\"@type\":\"Article\",\"@id\":\"https:\/\/radiolifefm.com.br\/noticias\/prefeitura-de-adamantina-realiza-cerimonia-de-inauguracao-do-poupatempo\/#article\",\"isPartOf\":{\"@id\":\"https:\/\/radiolifefm.com.br\/noticias\/prefeitura-de-adamantina-realiza-cerimonia-de-inauguracao-do-poupatempo\/\"},\"author\":{\"name\":\"ritanery\",\"@id\":\"https:\/\/radiolifefm.com.br\/noticias\/#\/schema\/person\/6339b9fac59d12b071dec680d7375d87\"},\"headline\":\"Prefeitura de Adamantina realiza cerim\u00f4nia de inaugura\u00e7\u00e3o do Poupatempo\",\"datePublished\":\"2022-08-26T11:17:36+00:00\",\"dateModified\":\"2026-04-12T19:14:57+00:00\",\"mainEntityOfPage\":{\"@id\":\"https:\/\/radiolifefm.com.br\/noticias\/prefeitura-de-adamantina-realiza-cerimonia-de-inauguracao-do-poupatempo\/\"},\"wordCount\":198,\"publisher\":{\"@id\":\"https:\/\/radiolifefm.com.br\/noticias\/#organization\"},\"image\":{\"@id\":\"https:\/\/radiolifefm.com.br\/noticias\/prefeitura-de-adamantina-realiza-cerimonia-de-inauguracao-do-poupatempo\/#primaryimage\"},\"thumbnailUrl\":\"https:\/\/radiolifefm.com.br\/noticias\/wp-content\/uploads\/2022\/07\/img593955jpg165831784562d7ec155dfe2.jpg\",\"articleSection\":[\"Adamantina\"],\"inLanguage\":\"pt-BR\"},{\"@type\":\"WebPage\",\"@id\":\"https:\/\/radiolifefm.com.br\/noticias\/prefeitura-de-adamantina-realiza-cerimonia-de-inauguracao-do-poupatempo\/\",\"url\":\"https:\/\/radiolifefm.com.br\/noticias\/prefeitura-de-adamantina-realiza-cerimonia-de-inauguracao-do-poupatempo\/\",\"name\":\"Prefeitura de Adamantina realiza cerim\u00f4nia de inaugura\u00e7\u00e3o do Poupatempo - R\u00e1dio Life FM\",\"isPartOf\":{\"@id\":\"https:\/\/radiolifefm.com.br\/noticias\/#website\"},\"primaryImageOfPage\":{\"@id\":\"https:\/\/radiolifefm.com.br\/noticias\/prefeitura-de-adamantina-realiza-cerimonia-de-inauguracao-do-poupatempo\/#primaryimage\"},\"image\":{\"@id\":\"https:\/\/radiolifefm.com.br\/noticias\/prefeitura-de-adamantina-realiza-cerimonia-de-inauguracao-do-poupatempo\/#primaryimage\"},\"thumbnailUrl\":\"https:\/\/radiolifefm.com.br\/noticias\/wp-content\/uploads\/2022\/07\/img593955jpg165831784562d7ec155dfe2.jpg\",\"datePublished\":\"2022-08-26T11:17:36+00:00\",\"dateModified\":\"2026-04-12T19:14:57+00:00\",\"breadcrumb\":{\"@id\":\"https:\/\/radiolifefm.com.br\/noticias\/prefeitura-de-adamantina-realiza-cerimonia-de-inauguracao-do-poupatempo\/#breadcrumb\"},\"inLanguage\":\"pt-BR\",\"potentialAction\":[{\"@type\":\"ReadAction\",\"target\":[\"https:\/\/radiolifefm.com.br\/noticias\/prefeitura-de-adamantina-realiza-cerimonia-de-inauguracao-do-poupatempo\/\"]}]},{\"@type\":\"ImageObject\",\"inLanguage\":\"pt-BR\",\"@id\":\"https:\/\/radiolifefm.com.br\/noticias\/prefeitura-de-adamantina-realiza-cerimonia-de-inauguracao-do-poupatempo\/#primaryimage\",\"url\":\"https:\/\/radiolifefm.com.br\/noticias\/wp-content\/uploads\/2022\/07\/img593955jpg165831784562d7ec155dfe2.jpg\",\"contentUrl\":\"https:\/\/radiolifefm.com.br\/noticias\/wp-content\/uploads\/2022\/07\/img593955jpg165831784562d7ec155dfe2.jpg\",\"width\":600,\"height\":337},{\"@type\":\"BreadcrumbList\",\"@id\":\"https:\/\/radiolifefm.com.br\/noticias\/prefeitura-de-adamantina-realiza-cerimonia-de-inauguracao-do-poupatempo\/#breadcrumb\",\"itemListElement\":[{\"@type\":\"ListItem\",\"position\":1,\"name\":\"In\u00edcio\",\"item\":\"https:\/\/radiolifefm.com.br\/noticias\/\"},{\"@type\":\"ListItem\",\"position\":2,\"name\":\"Prefeitura de Adamantina realiza cerim\u00f4nia de inaugura\u00e7\u00e3o do Poupatempo\"}]},{\"@type\":\"WebSite\",\"@id\":\"https:\/\/radiolifefm.com.br\/noticias\/#website\",\"url\":\"https:\/\/radiolifefm.com.br\/noticias\/\",\"name\":\"R\u00e1dio Life FM\",\"description\":\"O Portal de Not\u00edcias de Adamantina\",\"publisher\":{\"@id\":\"https:\/\/radiolifefm.com.br\/noticias\/#organization\"},\"alternateName\":\"Life FM\",\"potentialAction\":[{\"@type\":\"SearchAction\",\"target\":{\"@type\":\"EntryPoint\",\"urlTemplate\":\"https:\/\/radiolifefm.com.br\/noticias\/?s={search_term_string}\"},\"query-input\":{\"@type\":\"PropertyValueSpecification\",\"valueRequired\":true,\"valueName\":\"search_term_string\"}}],\"inLanguage\":\"pt-BR\"},{\"@type\":\"Organization\",\"@id\":\"https:\/\/radiolifefm.com.br\/noticias\/#organization\",\"name\":\"R\u00e1dio Life FM\",\"alternateName\":\"Life FM\",\"url\":\"https:\/\/radiolifefm.com.br\/noticias\/\",\"logo\":{\"@type\":\"ImageObject\",\"inLanguage\":\"pt-BR\",\"@id\":\"https:\/\/radiolifefm.com.br\/noticias\/#\/schema\/logo\/image\/\",\"url\":\"https:\/\/static.radiolifefm.com.br\/noticias\/wp-content\/uploads\/2019\/10\/logo-lifefm.png\",\"contentUrl\":\"https:\/\/static.radiolifefm.com.br\/noticias\/wp-content\/uploads\/2019\/10\/logo-lifefm.png\",\"width\":196,\"height\":47,\"caption\":\"R\u00e1dio Life FM\"},\"image\":{\"@id\":\"https:\/\/radiolifefm.com.br\/noticias\/#\/schema\/logo\/image\/\"},\"sameAs\":[\"https:\/\/www.facebook.com\/radiolifefm\/\",\"https:\/\/www.instagram.com\/life1079fm\/\"]},{\"@type\":\"Person\",\"@id\":\"https:\/\/radiolifefm.com.br\/noticias\/#\/schema\/person\/6339b9fac59d12b071dec680d7375d87\",\"name\":\"ritanery\",\"image\":{\"@type\":\"ImageObject\",\"inLanguage\":\"pt-BR\",\"@id\":\"https:\/\/secure.gravatar.com\/avatar\/0e37bb19071f47c0b8a23f62a903df117c5a0e75f65a0c2901562f97cd41cf86?s=96&d=mm&r=g\",\"url\":\"https:\/\/secure.gravatar.com\/avatar\/0e37bb19071f47c0b8a23f62a903df117c5a0e75f65a0c2901562f97cd41cf86?s=96&d=mm&r=g\",\"contentUrl\":\"https:\/\/secure.gravatar.com\/avatar\/0e37bb19071f47c0b8a23f62a903df117c5a0e75f65a0c2901562f97cd41cf86?s=96&d=mm&r=g\",\"caption\":\"ritanery\"}}]}<\/script>\n<!-- \/ Yoast SEO plugin. -->","yoast_head_json":{"title":"Prefeitura de Adamantina realiza cerim\u00f4nia de inaugura\u00e7\u00e3o do Poupatempo - R\u00e1dio Life FM","robots":{"index":"index","follow":"follow","max-snippet":"max-snippet:-1","max-image-preview":"max-image-preview:large","max-video-preview":"max-video-preview:-1"},"canonical":"https:\/\/radiolifefm.com.br\/noticias\/prefeitura-de-adamantina-realiza-cerimonia-de-inauguracao-do-poupatempo\/","og_locale":"pt_BR","og_type":"article","og_title":"Prefeitura de Adamantina realiza cerim\u00f4nia de inaugura\u00e7\u00e3o do Poupatempo - R\u00e1dio Life FM","og_description":"Sexta-feira, 26 de agosto, a partir das 17h, ser\u00e1 realizada a inaugura\u00e7\u00e3o do Poupatempo em Adamantina. Na oportunidade, estar\u00e1 presente Marcos Penido, secret\u00e1rio de Estado de Governo, que representar\u00e1 o governador do estado, Rodrigo Garcia. Os servi\u00e7os dispon\u00edveis no local s\u00e3o: RG; Carteira de Vacina\u00e7\u00e3o COVID-19; Renova\u00e7\u00e3o de CNH; Licenciamento Digital; Atestado de Antecedentes Criminais; [&hellip;]","og_url":"https:\/\/radiolifefm.com.br\/noticias\/prefeitura-de-adamantina-realiza-cerimonia-de-inauguracao-do-poupatempo\/","og_site_name":"R\u00e1dio Life FM","article_publisher":"https:\/\/www.facebook.com\/radiolifefm\/","article_published_time":"2022-08-26T11:17:36+00:00","article_modified_time":"2026-04-12T19:14:57+00:00","og_image":[{"width":600,"height":337,"url":"https:\/\/radiolifefm.com.br\/noticias\/wp-content\/uploads\/2022\/07\/img593955jpg165831784562d7ec155dfe2.jpg","type":"image\/jpeg"}],"author":"ritanery","twitter_card":"summary_large_image","twitter_misc":{"Escrito por":"ritanery","Est. tempo de leitura":"1 minuto"},"schema":{"@context":"https:\/\/schema.org","@graph":[{"@type":"Article","@id":"https:\/\/radiolifefm.com.br\/noticias\/prefeitura-de-adamantina-realiza-cerimonia-de-inauguracao-do-poupatempo\/#article","isPartOf":{"@id":"https:\/\/radiolifefm.com.br\/noticias\/prefeitura-de-adamantina-realiza-cerimonia-de-inauguracao-do-poupatempo\/"},"author":{"name":"ritanery","@id":"https:\/\/radiolifefm.com.br\/noticias\/#\/schema\/person\/6339b9fac59d12b071dec680d7375d87"},"headline":"Prefeitura de Adamantina realiza cerim\u00f4nia de inaugura\u00e7\u00e3o do Poupatempo","datePublished":"2022-08-26T11:17:36+00:00","dateModified":"2026-04-12T19:14:57+00:00","mainEntityOfPage":{"@id":"https:\/\/radiolifefm.com.br\/noticias\/prefeitura-de-adamantina-realiza-cerimonia-de-inauguracao-do-poupatempo\/"},"wordCount":198,"publisher":{"@id":"https:\/\/radiolifefm.com.br\/noticias\/#organization"},"image":{"@id":"https:\/\/radiolifefm.com.br\/noticias\/prefeitura-de-adamantina-realiza-cerimonia-de-inauguracao-do-poupatempo\/#primaryimage"},"thumbnailUrl":"https:\/\/radiolifefm.com.br\/noticias\/wp-content\/uploads\/2022\/07\/img593955jpg165831784562d7ec155dfe2.jpg","articleSection":["Adamantina"],"inLanguage":"pt-BR"},{"@type":"WebPage","@id":"https:\/\/radiolifefm.com.br\/noticias\/prefeitura-de-adamantina-realiza-cerimonia-de-inauguracao-do-poupatempo\/","url":"https:\/\/radiolifefm.com.br\/noticias\/prefeitura-de-adamantina-realiza-cerimonia-de-inauguracao-do-poupatempo\/","name":"Prefeitura de Adamantina realiza cerim\u00f4nia de inaugura\u00e7\u00e3o do Poupatempo - R\u00e1dio Life FM","isPartOf":{"@id":"https:\/\/radiolifefm.com.br\/noticias\/#website"},"primaryImageOfPage":{"@id":"https:\/\/radiolifefm.com.br\/noticias\/prefeitura-de-adamantina-realiza-cerimonia-de-inauguracao-do-poupatempo\/#primaryimage"},"image":{"@id":"https:\/\/radiolifefm.com.br\/noticias\/prefeitura-de-adamantina-realiza-cerimonia-de-inauguracao-do-poupatempo\/#primaryimage"},"thumbnailUrl":"https:\/\/radiolifefm.com.br\/noticias\/wp-content\/uploads\/2022\/07\/img593955jpg165831784562d7ec155dfe2.jpg","datePublished":"2022-08-26T11:17:36+00:00","dateModified":"2026-04-12T19:14:57+00:00","breadcrumb":{"@id":"https:\/\/radiolifefm.com.br\/noticias\/prefeitura-de-adamantina-realiza-cerimonia-de-inauguracao-do-poupatempo\/#breadcrumb"},"inLanguage":"pt-BR","potentialAction":[{"@type":"ReadAction","target":["https:\/\/radiolifefm.com.br\/noticias\/prefeitura-de-adamantina-realiza-cerimonia-de-inauguracao-do-poupatempo\/"]}]},{"@type":"ImageObject","inLanguage":"pt-BR","@id":"https:\/\/radiolifefm.com.br\/noticias\/prefeitura-de-adamantina-realiza-cerimonia-de-inauguracao-do-poupatempo\/#primaryimage","url":"https:\/\/radiolifefm.com.br\/noticias\/wp-content\/uploads\/2022\/07\/img593955jpg165831784562d7ec155dfe2.jpg","contentUrl":"https:\/\/radiolifefm.com.br\/noticias\/wp-content\/uploads\/2022\/07\/img593955jpg165831784562d7ec155dfe2.jpg","width":600,"height":337},{"@type":"BreadcrumbList","@id":"https:\/\/radiolifefm.com.br\/noticias\/prefeitura-de-adamantina-realiza-cerimonia-de-inauguracao-do-poupatempo\/#breadcrumb","itemListElement":[{"@type":"ListItem","position":1,"name":"In\u00edcio","item":"https:\/\/radiolifefm.com.br\/noticias\/"},{"@type":"ListItem","position":2,"name":"Prefeitura de Adamantina realiza cerim\u00f4nia de inaugura\u00e7\u00e3o do Poupatempo"}]},{"@type":"WebSite","@id":"https:\/\/radiolifefm.com.br\/noticias\/#website","url":"https:\/\/radiolifefm.com.br\/noticias\/","name":"R\u00e1dio Life FM","description":"O Portal de Not\u00edcias de Adamantina","publisher":{"@id":"https:\/\/radiolifefm.com.br\/noticias\/#organization"},"alternateName":"Life FM","potentialAction":[{"@type":"SearchAction","target":{"@type":"EntryPoint","urlTemplate":"https:\/\/radiolifefm.com.br\/noticias\/?s={search_term_string}"},"query-input":{"@type":"PropertyValueSpecification","valueRequired":true,"valueName":"search_term_string"}}],"inLanguage":"pt-BR"},{"@type":"Organization","@id":"https:\/\/radiolifefm.com.br\/noticias\/#organization","name":"R\u00e1dio Life FM","alternateName":"Life FM","url":"https:\/\/radiolifefm.com.br\/noticias\/","logo":{"@type":"ImageObject","inLanguage":"pt-BR","@id":"https:\/\/radiolifefm.com.br\/noticias\/#\/schema\/logo\/image\/","url":"https:\/\/static.radiolifefm.com.br\/noticias\/wp-content\/uploads\/2019\/10\/logo-lifefm.png","contentUrl":"https:\/\/static.radiolifefm.com.br\/noticias\/wp-content\/uploads\/2019\/10\/logo-lifefm.png","width":196,"height":47,"caption":"R\u00e1dio Life FM"},"image":{"@id":"https:\/\/radiolifefm.com.br\/noticias\/#\/schema\/logo\/image\/"},"sameAs":["https:\/\/www.facebook.com\/radiolifefm\/","https:\/\/www.instagram.com\/life1079fm\/"]},{"@type":"Person","@id":"https:\/\/radiolifefm.com.br\/noticias\/#\/schema\/person\/6339b9fac59d12b071dec680d7375d87","name":"ritanery","image":{"@type":"ImageObject","inLanguage":"pt-BR","@id":"https:\/\/secure.gravatar.com\/avatar\/0e37bb19071f47c0b8a23f62a903df117c5a0e75f65a0c2901562f97cd41cf86?s=96&d=mm&r=g","url":"https:\/\/secure.gravatar.com\/avatar\/0e37bb19071f47c0b8a23f62a903df117c5a0e75f65a0c2901562f97cd41cf86?s=96&d=mm&r=g","contentUrl":"https:\/\/secure.gravatar.com\/avatar\/0e37bb19071f47c0b8a23f62a903df117c5a0e75f65a0c2901562f97cd41cf86?s=96&d=mm&r=g","caption":"ritanery"}}]}},"amp_enabled":true,"_links":{"self":[{"href":"https:\/\/radiolifefm.com.br\/noticias\/wp-json\/wp\/v2\/posts\/57432","targetHints":{"allow":["GET"]}}],"collection":[{"href":"https:\/\/radiolifefm.com.br\/noticias\/wp-json\/wp\/v2\/posts"}],"about":[{"href":"https:\/\/radiolifefm.com.br\/noticias\/wp-json\/wp\/v2\/types\/post"}],"author":[{"embeddable":true,"href":"https:\/\/radiolifefm.com.br\/noticias\/wp-json\/wp\/v2\/users\/13"}],"replies":[{"embeddable":true,"href":"https:\/\/radiolifefm.com.br\/noticias\/wp-json\/wp\/v2\/comments?post=57432"}],"version-history":[{"count":1,"href":"https:\/\/radiolifefm.com.br\/noticias\/wp-json\/wp\/v2\/posts\/57432\/revisions"}],"predecessor-version":[{"id":57433,"href":"https:\/\/radiolifefm.com.br\/noticias\/wp-json\/wp\/v2\/posts\/57432\/revisions\/57433"}],"wp:featuredmedia":[{"embeddable":true,"href":"https:\/\/radiolifefm.com.br\/noticias\/wp-json\/wp\/v2\/media\/56067"}],"wp:attachment":[{"href":"https:\/\/radiolifefm.com.br\/noticias\/wp-json\/wp\/v2\/media?parent=57432"}],"wp:term":[{"taxonomy":"category","embeddable":true,"href":"https:\/\/radiolifefm.com.br\/noticias\/wp-json\/wp\/v2\/categories?post=57432"},{"taxonomy":"post_tag","embeddable":true,"href":"https:\/\/radiolifefm.com.br\/noticias\/wp-json\/wp\/v2\/tags?post=57432"}],"curies":[{"name":"wp","href":"https:\/\/api.w.org\/{rel}","templated":true}]}}