{"id":57428,"date":"2022-08-26T08:16:05","date_gmt":"2022-08-26T11:16:05","guid":{"rendered":"https:\/\/radiolifefm.com.br\/noticias\/?p=57428"},"modified":"2026-01-12T10:05:28","modified_gmt":"2026-01-12T13:05:28","slug":"adamantina-fica-em-25o-lugar-entre-os-645-municipios-do-estado-em-premiacao-do-municipio-verdeazul","status":"publish","type":"post","link":"https:\/\/radiolifefm.com.br\/noticias\/adamantina-fica-em-25o-lugar-entre-os-645-municipios-do-estado-em-premiacao-do-municipio-verdeazul\/","title":{"rendered":"Adamantina fica em 25\u00ba lugar entre os 645 munic\u00edpios do Estado em premia\u00e7\u00e3o do Munic\u00edpio VerdeAzul"},"content":{"rendered":"<div id=\"fb-root\"><\/div>\n<p>Foi realizada ontem (24) uma cerim\u00f4nia na cidade de S\u00e3o Paulo com o objetivo de certificar os munic\u00edpios que participam do Programa Munic\u00edpio VerdeAzul. Adamantina ficou classificada em 25\u00ba lugar entre os 645 munic\u00edpios do Estado no ciclo 2021 com 88.84 pontos.<\/p>\n<p>Participaram da solenidade, o secret\u00e1rio de Agricultura, Abastecimento e Meio Ambiente (SAAMA), Thiago Benet\u00e3o, William Bachega, engenheiro ambiental do munic\u00edpio e Paula Hatsumura, interlocutora do munic\u00edpio VerdeAzul em Adamantina<\/p>\n<p>De acordo com o secret\u00e1rio da pasta, essa \u00e9 a maior nota j\u00e1 recebida pelo munic\u00edpio e entre as a\u00e7\u00f5es realizadas que resultaram na pontua\u00e7\u00e3o, est\u00e1 a contrata\u00e7\u00e3o de mais t\u00e9cnicos em meio ambiente que realizam as atividades de fiscaliza\u00e7\u00e3o em torno da arboriza\u00e7\u00e3o urbana, entre outras atividades.<\/p>\n<p>\u201cPor meio disso houve um avan\u00e7o consider\u00e1vel na nota, alcan\u00e7ando a pontua\u00e7\u00e3o de 88,94 pontos, ficando \u00e0 frente de muitos munic\u00edpios expressivos e mais desenvolvidos, alcan\u00e7ando a 25\u00ba coloca\u00e7\u00e3o entre todos os 645 munic\u00edpios do Estado\u201d, afirma Benet\u00e3o.<\/p>\n<p>Entre as a\u00e7\u00f5es voltadas ao meio ambiente no munic\u00edpio, est\u00e3o: fiscaliza\u00e7\u00f5es na arboriza\u00e7\u00e3o, atividades de reflorestamento, al\u00e9m dos projetos em torno da compostagem objetivam a melhoria da qualidade de vida da popula\u00e7\u00e3o, aliada \u00e0 prote\u00e7\u00e3o do meio ambiente.<\/p>\n<p>\u201cA busca constante pela sustentabilidade \u00e9 o pilar fundamental para a garantia dos recursos naturais para as presentes e futuras gera\u00e7\u00f5es\u201d, finaliza.<\/p>\n<p><img loading=\"lazy\" decoding=\"async\" class=\"alignnone size-medium wp-image-57430\" src=\"https:\/\/static.radiolifefm.com.br\/wp-content\/uploads\/sites\/2\/2022\/08\/foto-1-1-300x225.jpeg\" alt=\"\" width=\"300\" height=\"225\" srcset=\"https:\/\/radiolifefm.com.br\/noticias\/wp-content\/uploads\/2022\/08\/foto-1-1-300x225.jpeg 300w, https:\/\/radiolifefm.com.br\/noticias\/wp-content\/uploads\/2022\/08\/foto-1-1-768x576.jpeg 768w, https:\/\/radiolifefm.com.br\/noticias\/wp-content\/uploads\/2022\/08\/foto-1-1.jpeg 1024w\" sizes=\"auto, (max-width: 300px) 100vw, 300px\" \/><\/p>\n<p>&nbsp;<\/p>\n<p>Fonte: Assessoria de Imprensa<\/p>\n","protected":false},"excerpt":{"rendered":"<p>Foi realizada ontem (24) uma cerim\u00f4nia na cidade de S\u00e3o Paulo com o objetivo de certificar os munic\u00edpios que participam do Programa Munic\u00edpio VerdeAzul. Adamantina ficou classificada em 25\u00ba lugar entre os 645 munic\u00edpios do Estado no ciclo 2021 com 88.84 pontos. Participaram da solenidade, o secret\u00e1rio de Agricultura, Abastecimento e Meio Ambiente (SAAMA), Thiago [&hellip;]<\/p>\n","protected":false},"author":13,"featured_media":57429,"comment_status":"closed","ping_status":"open","sticky":false,"template":"","format":"standard","meta":{"_acf_changed":false,"_exactmetrics_skip_tracking":false,"_exactmetrics_sitenote_active":false,"_exactmetrics_sitenote_note":"","_exactmetrics_sitenote_category":0,"footnotes":""},"categories":[21],"tags":[],"class_list":["post-57428","post","type-post","status-publish","format-standard","has-post-thumbnail","hentry","category-adamantina"],"acf":[],"yoast_head":"<!-- This site is optimized with the Yoast SEO plugin v27.2 - https:\/\/yoast.com\/product\/yoast-seo-wordpress\/ -->\n<title>Adamantina fica em 25\u00ba lugar entre os 645 munic\u00edpios do Estado em premia\u00e7\u00e3o do Munic\u00edpio VerdeAzul - R\u00e1dio Life FM<\/title>\n<meta name=\"robots\" content=\"index, follow, max-snippet:-1, max-image-preview:large, max-video-preview:-1\" \/>\n<link rel=\"canonical\" href=\"https:\/\/radiolifefm.com.br\/noticias\/adamantina-fica-em-25o-lugar-entre-os-645-municipios-do-estado-em-premiacao-do-municipio-verdeazul\/\" \/>\n<meta property=\"og:locale\" content=\"pt_BR\" \/>\n<meta property=\"og:type\" content=\"article\" \/>\n<meta property=\"og:title\" content=\"Adamantina fica em 25\u00ba lugar entre os 645 munic\u00edpios do Estado em premia\u00e7\u00e3o do Munic\u00edpio VerdeAzul - R\u00e1dio Life FM\" \/>\n<meta property=\"og:description\" content=\"Foi realizada ontem (24) uma cerim\u00f4nia na cidade de S\u00e3o Paulo com o objetivo de certificar os munic\u00edpios que participam do Programa Munic\u00edpio VerdeAzul. Adamantina ficou classificada em 25\u00ba lugar entre os 645 munic\u00edpios do Estado no ciclo 2021 com 88.84 pontos. Participaram da solenidade, o secret\u00e1rio de Agricultura, Abastecimento e Meio Ambiente (SAAMA), Thiago [&hellip;]\" \/>\n<meta property=\"og:url\" content=\"https:\/\/radiolifefm.com.br\/noticias\/adamantina-fica-em-25o-lugar-entre-os-645-municipios-do-estado-em-premiacao-do-municipio-verdeazul\/\" \/>\n<meta property=\"og:site_name\" content=\"R\u00e1dio Life FM\" \/>\n<meta property=\"article:publisher\" content=\"https:\/\/www.facebook.com\/radiolifefm\/\" \/>\n<meta property=\"article:published_time\" content=\"2022-08-26T11:16:05+00:00\" \/>\n<meta property=\"article:modified_time\" content=\"2026-01-12T13:05:28+00:00\" \/>\n<meta property=\"og:image\" content=\"https:\/\/radiolifefm.com.br\/noticias\/wp-content\/uploads\/2022\/08\/foto-1.jpeg\" \/>\n\t<meta property=\"og:image:width\" content=\"1280\" \/>\n\t<meta property=\"og:image:height\" content=\"960\" \/>\n\t<meta property=\"og:image:type\" content=\"image\/jpeg\" \/>\n<meta name=\"author\" content=\"ritanery\" \/>\n<meta name=\"twitter:card\" content=\"summary_large_image\" \/>\n<meta name=\"twitter:label1\" content=\"Escrito por\" \/>\n\t<meta name=\"twitter:data1\" content=\"ritanery\" \/>\n\t<meta name=\"twitter:label2\" content=\"Est. tempo de leitura\" \/>\n\t<meta name=\"twitter:data2\" content=\"2 minutos\" \/>\n<script type=\"application\/ld+json\" class=\"yoast-schema-graph\">{\"@context\":\"https:\/\/schema.org\",\"@graph\":[{\"@type\":\"Article\",\"@id\":\"https:\/\/radiolifefm.com.br\/noticias\/adamantina-fica-em-25o-lugar-entre-os-645-municipios-do-estado-em-premiacao-do-municipio-verdeazul\/#article\",\"isPartOf\":{\"@id\":\"https:\/\/radiolifefm.com.br\/noticias\/adamantina-fica-em-25o-lugar-entre-os-645-municipios-do-estado-em-premiacao-do-municipio-verdeazul\/\"},\"author\":{\"name\":\"ritanery\",\"@id\":\"https:\/\/radiolifefm.com.br\/noticias\/#\/schema\/person\/6339b9fac59d12b071dec680d7375d87\"},\"headline\":\"Adamantina fica em 25\u00ba lugar entre os 645 munic\u00edpios do Estado em premia\u00e7\u00e3o do Munic\u00edpio VerdeAzul\",\"datePublished\":\"2022-08-26T11:16:05+00:00\",\"dateModified\":\"2026-01-12T13:05:28+00:00\",\"mainEntityOfPage\":{\"@id\":\"https:\/\/radiolifefm.com.br\/noticias\/adamantina-fica-em-25o-lugar-entre-os-645-municipios-do-estado-em-premiacao-do-municipio-verdeazul\/\"},\"wordCount\":262,\"publisher\":{\"@id\":\"https:\/\/radiolifefm.com.br\/noticias\/#organization\"},\"image\":{\"@id\":\"https:\/\/radiolifefm.com.br\/noticias\/adamantina-fica-em-25o-lugar-entre-os-645-municipios-do-estado-em-premiacao-do-municipio-verdeazul\/#primaryimage\"},\"thumbnailUrl\":\"https:\/\/radiolifefm.com.br\/noticias\/wp-content\/uploads\/2022\/08\/foto-1.jpeg\",\"articleSection\":[\"Adamantina\"],\"inLanguage\":\"pt-BR\"},{\"@type\":\"WebPage\",\"@id\":\"https:\/\/radiolifefm.com.br\/noticias\/adamantina-fica-em-25o-lugar-entre-os-645-municipios-do-estado-em-premiacao-do-municipio-verdeazul\/\",\"url\":\"https:\/\/radiolifefm.com.br\/noticias\/adamantina-fica-em-25o-lugar-entre-os-645-municipios-do-estado-em-premiacao-do-municipio-verdeazul\/\",\"name\":\"Adamantina fica em 25\u00ba lugar entre os 645 munic\u00edpios do Estado em premia\u00e7\u00e3o do Munic\u00edpio VerdeAzul - R\u00e1dio Life FM\",\"isPartOf\":{\"@id\":\"https:\/\/radiolifefm.com.br\/noticias\/#website\"},\"primaryImageOfPage\":{\"@id\":\"https:\/\/radiolifefm.com.br\/noticias\/adamantina-fica-em-25o-lugar-entre-os-645-municipios-do-estado-em-premiacao-do-municipio-verdeazul\/#primaryimage\"},\"image\":{\"@id\":\"https:\/\/radiolifefm.com.br\/noticias\/adamantina-fica-em-25o-lugar-entre-os-645-municipios-do-estado-em-premiacao-do-municipio-verdeazul\/#primaryimage\"},\"thumbnailUrl\":\"https:\/\/radiolifefm.com.br\/noticias\/wp-content\/uploads\/2022\/08\/foto-1.jpeg\",\"datePublished\":\"2022-08-26T11:16:05+00:00\",\"dateModified\":\"2026-01-12T13:05:28+00:00\",\"breadcrumb\":{\"@id\":\"https:\/\/radiolifefm.com.br\/noticias\/adamantina-fica-em-25o-lugar-entre-os-645-municipios-do-estado-em-premiacao-do-municipio-verdeazul\/#breadcrumb\"},\"inLanguage\":\"pt-BR\",\"potentialAction\":[{\"@type\":\"ReadAction\",\"target\":[\"https:\/\/radiolifefm.com.br\/noticias\/adamantina-fica-em-25o-lugar-entre-os-645-municipios-do-estado-em-premiacao-do-municipio-verdeazul\/\"]}]},{\"@type\":\"ImageObject\",\"inLanguage\":\"pt-BR\",\"@id\":\"https:\/\/radiolifefm.com.br\/noticias\/adamantina-fica-em-25o-lugar-entre-os-645-municipios-do-estado-em-premiacao-do-municipio-verdeazul\/#primaryimage\",\"url\":\"https:\/\/radiolifefm.com.br\/noticias\/wp-content\/uploads\/2022\/08\/foto-1.jpeg\",\"contentUrl\":\"https:\/\/radiolifefm.com.br\/noticias\/wp-content\/uploads\/2022\/08\/foto-1.jpeg\",\"width\":1280,\"height\":960},{\"@type\":\"BreadcrumbList\",\"@id\":\"https:\/\/radiolifefm.com.br\/noticias\/adamantina-fica-em-25o-lugar-entre-os-645-municipios-do-estado-em-premiacao-do-municipio-verdeazul\/#breadcrumb\",\"itemListElement\":[{\"@type\":\"ListItem\",\"position\":1,\"name\":\"In\u00edcio\",\"item\":\"https:\/\/radiolifefm.com.br\/noticias\/\"},{\"@type\":\"ListItem\",\"position\":2,\"name\":\"Adamantina fica em 25\u00ba lugar entre os 645 munic\u00edpios do Estado em premia\u00e7\u00e3o do Munic\u00edpio VerdeAzul\"}]},{\"@type\":\"WebSite\",\"@id\":\"https:\/\/radiolifefm.com.br\/noticias\/#website\",\"url\":\"https:\/\/radiolifefm.com.br\/noticias\/\",\"name\":\"R\u00e1dio Life FM\",\"description\":\"O Portal de Not\u00edcias de Adamantina\",\"publisher\":{\"@id\":\"https:\/\/radiolifefm.com.br\/noticias\/#organization\"},\"alternateName\":\"Life FM\",\"potentialAction\":[{\"@type\":\"SearchAction\",\"target\":{\"@type\":\"EntryPoint\",\"urlTemplate\":\"https:\/\/radiolifefm.com.br\/noticias\/?s={search_term_string}\"},\"query-input\":{\"@type\":\"PropertyValueSpecification\",\"valueRequired\":true,\"valueName\":\"search_term_string\"}}],\"inLanguage\":\"pt-BR\"},{\"@type\":\"Organization\",\"@id\":\"https:\/\/radiolifefm.com.br\/noticias\/#organization\",\"name\":\"R\u00e1dio Life FM\",\"alternateName\":\"Life FM\",\"url\":\"https:\/\/radiolifefm.com.br\/noticias\/\",\"logo\":{\"@type\":\"ImageObject\",\"inLanguage\":\"pt-BR\",\"@id\":\"https:\/\/radiolifefm.com.br\/noticias\/#\/schema\/logo\/image\/\",\"url\":\"https:\/\/static.radiolifefm.com.br\/noticias\/wp-content\/uploads\/2019\/10\/logo-lifefm.png\",\"contentUrl\":\"https:\/\/static.radiolifefm.com.br\/noticias\/wp-content\/uploads\/2019\/10\/logo-lifefm.png\",\"width\":196,\"height\":47,\"caption\":\"R\u00e1dio Life FM\"},\"image\":{\"@id\":\"https:\/\/radiolifefm.com.br\/noticias\/#\/schema\/logo\/image\/\"},\"sameAs\":[\"https:\/\/www.facebook.com\/radiolifefm\/\",\"https:\/\/www.instagram.com\/life1079fm\/\"]},{\"@type\":\"Person\",\"@id\":\"https:\/\/radiolifefm.com.br\/noticias\/#\/schema\/person\/6339b9fac59d12b071dec680d7375d87\",\"name\":\"ritanery\",\"image\":{\"@type\":\"ImageObject\",\"inLanguage\":\"pt-BR\",\"@id\":\"https:\/\/secure.gravatar.com\/avatar\/0e37bb19071f47c0b8a23f62a903df117c5a0e75f65a0c2901562f97cd41cf86?s=96&d=mm&r=g\",\"url\":\"https:\/\/secure.gravatar.com\/avatar\/0e37bb19071f47c0b8a23f62a903df117c5a0e75f65a0c2901562f97cd41cf86?s=96&d=mm&r=g\",\"contentUrl\":\"https:\/\/secure.gravatar.com\/avatar\/0e37bb19071f47c0b8a23f62a903df117c5a0e75f65a0c2901562f97cd41cf86?s=96&d=mm&r=g\",\"caption\":\"ritanery\"}}]}<\/script>\n<!-- \/ Yoast SEO plugin. -->","yoast_head_json":{"title":"Adamantina fica em 25\u00ba lugar entre os 645 munic\u00edpios do Estado em premia\u00e7\u00e3o do Munic\u00edpio VerdeAzul - R\u00e1dio Life FM","robots":{"index":"index","follow":"follow","max-snippet":"max-snippet:-1","max-image-preview":"max-image-preview:large","max-video-preview":"max-video-preview:-1"},"canonical":"https:\/\/radiolifefm.com.br\/noticias\/adamantina-fica-em-25o-lugar-entre-os-645-municipios-do-estado-em-premiacao-do-municipio-verdeazul\/","og_locale":"pt_BR","og_type":"article","og_title":"Adamantina fica em 25\u00ba lugar entre os 645 munic\u00edpios do Estado em premia\u00e7\u00e3o do Munic\u00edpio VerdeAzul - R\u00e1dio Life FM","og_description":"Foi realizada ontem (24) uma cerim\u00f4nia na cidade de S\u00e3o Paulo com o objetivo de certificar os munic\u00edpios que participam do Programa Munic\u00edpio VerdeAzul. Adamantina ficou classificada em 25\u00ba lugar entre os 645 munic\u00edpios do Estado no ciclo 2021 com 88.84 pontos. Participaram da solenidade, o secret\u00e1rio de Agricultura, Abastecimento e Meio Ambiente (SAAMA), Thiago [&hellip;]","og_url":"https:\/\/radiolifefm.com.br\/noticias\/adamantina-fica-em-25o-lugar-entre-os-645-municipios-do-estado-em-premiacao-do-municipio-verdeazul\/","og_site_name":"R\u00e1dio Life FM","article_publisher":"https:\/\/www.facebook.com\/radiolifefm\/","article_published_time":"2022-08-26T11:16:05+00:00","article_modified_time":"2026-01-12T13:05:28+00:00","og_image":[{"width":1280,"height":960,"url":"https:\/\/radiolifefm.com.br\/noticias\/wp-content\/uploads\/2022\/08\/foto-1.jpeg","type":"image\/jpeg"}],"author":"ritanery","twitter_card":"summary_large_image","twitter_misc":{"Escrito por":"ritanery","Est. tempo de leitura":"2 minutos"},"schema":{"@context":"https:\/\/schema.org","@graph":[{"@type":"Article","@id":"https:\/\/radiolifefm.com.br\/noticias\/adamantina-fica-em-25o-lugar-entre-os-645-municipios-do-estado-em-premiacao-do-municipio-verdeazul\/#article","isPartOf":{"@id":"https:\/\/radiolifefm.com.br\/noticias\/adamantina-fica-em-25o-lugar-entre-os-645-municipios-do-estado-em-premiacao-do-municipio-verdeazul\/"},"author":{"name":"ritanery","@id":"https:\/\/radiolifefm.com.br\/noticias\/#\/schema\/person\/6339b9fac59d12b071dec680d7375d87"},"headline":"Adamantina fica em 25\u00ba lugar entre os 645 munic\u00edpios do Estado em premia\u00e7\u00e3o do Munic\u00edpio VerdeAzul","datePublished":"2022-08-26T11:16:05+00:00","dateModified":"2026-01-12T13:05:28+00:00","mainEntityOfPage":{"@id":"https:\/\/radiolifefm.com.br\/noticias\/adamantina-fica-em-25o-lugar-entre-os-645-municipios-do-estado-em-premiacao-do-municipio-verdeazul\/"},"wordCount":262,"publisher":{"@id":"https:\/\/radiolifefm.com.br\/noticias\/#organization"},"image":{"@id":"https:\/\/radiolifefm.com.br\/noticias\/adamantina-fica-em-25o-lugar-entre-os-645-municipios-do-estado-em-premiacao-do-municipio-verdeazul\/#primaryimage"},"thumbnailUrl":"https:\/\/radiolifefm.com.br\/noticias\/wp-content\/uploads\/2022\/08\/foto-1.jpeg","articleSection":["Adamantina"],"inLanguage":"pt-BR"},{"@type":"WebPage","@id":"https:\/\/radiolifefm.com.br\/noticias\/adamantina-fica-em-25o-lugar-entre-os-645-municipios-do-estado-em-premiacao-do-municipio-verdeazul\/","url":"https:\/\/radiolifefm.com.br\/noticias\/adamantina-fica-em-25o-lugar-entre-os-645-municipios-do-estado-em-premiacao-do-municipio-verdeazul\/","name":"Adamantina fica em 25\u00ba lugar entre os 645 munic\u00edpios do Estado em premia\u00e7\u00e3o do Munic\u00edpio VerdeAzul - R\u00e1dio Life FM","isPartOf":{"@id":"https:\/\/radiolifefm.com.br\/noticias\/#website"},"primaryImageOfPage":{"@id":"https:\/\/radiolifefm.com.br\/noticias\/adamantina-fica-em-25o-lugar-entre-os-645-municipios-do-estado-em-premiacao-do-municipio-verdeazul\/#primaryimage"},"image":{"@id":"https:\/\/radiolifefm.com.br\/noticias\/adamantina-fica-em-25o-lugar-entre-os-645-municipios-do-estado-em-premiacao-do-municipio-verdeazul\/#primaryimage"},"thumbnailUrl":"https:\/\/radiolifefm.com.br\/noticias\/wp-content\/uploads\/2022\/08\/foto-1.jpeg","datePublished":"2022-08-26T11:16:05+00:00","dateModified":"2026-01-12T13:05:28+00:00","breadcrumb":{"@id":"https:\/\/radiolifefm.com.br\/noticias\/adamantina-fica-em-25o-lugar-entre-os-645-municipios-do-estado-em-premiacao-do-municipio-verdeazul\/#breadcrumb"},"inLanguage":"pt-BR","potentialAction":[{"@type":"ReadAction","target":["https:\/\/radiolifefm.com.br\/noticias\/adamantina-fica-em-25o-lugar-entre-os-645-municipios-do-estado-em-premiacao-do-municipio-verdeazul\/"]}]},{"@type":"ImageObject","inLanguage":"pt-BR","@id":"https:\/\/radiolifefm.com.br\/noticias\/adamantina-fica-em-25o-lugar-entre-os-645-municipios-do-estado-em-premiacao-do-municipio-verdeazul\/#primaryimage","url":"https:\/\/radiolifefm.com.br\/noticias\/wp-content\/uploads\/2022\/08\/foto-1.jpeg","contentUrl":"https:\/\/radiolifefm.com.br\/noticias\/wp-content\/uploads\/2022\/08\/foto-1.jpeg","width":1280,"height":960},{"@type":"BreadcrumbList","@id":"https:\/\/radiolifefm.com.br\/noticias\/adamantina-fica-em-25o-lugar-entre-os-645-municipios-do-estado-em-premiacao-do-municipio-verdeazul\/#breadcrumb","itemListElement":[{"@type":"ListItem","position":1,"name":"In\u00edcio","item":"https:\/\/radiolifefm.com.br\/noticias\/"},{"@type":"ListItem","position":2,"name":"Adamantina fica em 25\u00ba lugar entre os 645 munic\u00edpios do Estado em premia\u00e7\u00e3o do Munic\u00edpio VerdeAzul"}]},{"@type":"WebSite","@id":"https:\/\/radiolifefm.com.br\/noticias\/#website","url":"https:\/\/radiolifefm.com.br\/noticias\/","name":"R\u00e1dio Life FM","description":"O Portal de Not\u00edcias de Adamantina","publisher":{"@id":"https:\/\/radiolifefm.com.br\/noticias\/#organization"},"alternateName":"Life FM","potentialAction":[{"@type":"SearchAction","target":{"@type":"EntryPoint","urlTemplate":"https:\/\/radiolifefm.com.br\/noticias\/?s={search_term_string}"},"query-input":{"@type":"PropertyValueSpecification","valueRequired":true,"valueName":"search_term_string"}}],"inLanguage":"pt-BR"},{"@type":"Organization","@id":"https:\/\/radiolifefm.com.br\/noticias\/#organization","name":"R\u00e1dio Life FM","alternateName":"Life FM","url":"https:\/\/radiolifefm.com.br\/noticias\/","logo":{"@type":"ImageObject","inLanguage":"pt-BR","@id":"https:\/\/radiolifefm.com.br\/noticias\/#\/schema\/logo\/image\/","url":"https:\/\/static.radiolifefm.com.br\/noticias\/wp-content\/uploads\/2019\/10\/logo-lifefm.png","contentUrl":"https:\/\/static.radiolifefm.com.br\/noticias\/wp-content\/uploads\/2019\/10\/logo-lifefm.png","width":196,"height":47,"caption":"R\u00e1dio Life FM"},"image":{"@id":"https:\/\/radiolifefm.com.br\/noticias\/#\/schema\/logo\/image\/"},"sameAs":["https:\/\/www.facebook.com\/radiolifefm\/","https:\/\/www.instagram.com\/life1079fm\/"]},{"@type":"Person","@id":"https:\/\/radiolifefm.com.br\/noticias\/#\/schema\/person\/6339b9fac59d12b071dec680d7375d87","name":"ritanery","image":{"@type":"ImageObject","inLanguage":"pt-BR","@id":"https:\/\/secure.gravatar.com\/avatar\/0e37bb19071f47c0b8a23f62a903df117c5a0e75f65a0c2901562f97cd41cf86?s=96&d=mm&r=g","url":"https:\/\/secure.gravatar.com\/avatar\/0e37bb19071f47c0b8a23f62a903df117c5a0e75f65a0c2901562f97cd41cf86?s=96&d=mm&r=g","contentUrl":"https:\/\/secure.gravatar.com\/avatar\/0e37bb19071f47c0b8a23f62a903df117c5a0e75f65a0c2901562f97cd41cf86?s=96&d=mm&r=g","caption":"ritanery"}}]}},"amp_enabled":true,"_links":{"self":[{"href":"https:\/\/radiolifefm.com.br\/noticias\/wp-json\/wp\/v2\/posts\/57428","targetHints":{"allow":["GET"]}}],"collection":[{"href":"https:\/\/radiolifefm.com.br\/noticias\/wp-json\/wp\/v2\/posts"}],"about":[{"href":"https:\/\/radiolifefm.com.br\/noticias\/wp-json\/wp\/v2\/types\/post"}],"author":[{"embeddable":true,"href":"https:\/\/radiolifefm.com.br\/noticias\/wp-json\/wp\/v2\/users\/13"}],"replies":[{"embeddable":true,"href":"https:\/\/radiolifefm.com.br\/noticias\/wp-json\/wp\/v2\/comments?post=57428"}],"version-history":[{"count":1,"href":"https:\/\/radiolifefm.com.br\/noticias\/wp-json\/wp\/v2\/posts\/57428\/revisions"}],"predecessor-version":[{"id":57431,"href":"https:\/\/radiolifefm.com.br\/noticias\/wp-json\/wp\/v2\/posts\/57428\/revisions\/57431"}],"wp:featuredmedia":[{"embeddable":true,"href":"https:\/\/radiolifefm.com.br\/noticias\/wp-json\/wp\/v2\/media\/57429"}],"wp:attachment":[{"href":"https:\/\/radiolifefm.com.br\/noticias\/wp-json\/wp\/v2\/media?parent=57428"}],"wp:term":[{"taxonomy":"category","embeddable":true,"href":"https:\/\/radiolifefm.com.br\/noticias\/wp-json\/wp\/v2\/categories?post=57428"},{"taxonomy":"post_tag","embeddable":true,"href":"https:\/\/radiolifefm.com.br\/noticias\/wp-json\/wp\/v2\/tags?post=57428"}],"curies":[{"name":"wp","href":"https:\/\/api.w.org\/{rel}","templated":true}]}}