{"id":57410,"date":"2022-08-25T20:03:28","date_gmt":"2022-08-25T23:03:28","guid":{"rendered":"https:\/\/radiolifefm.com.br\/noticias\/?p=57410"},"modified":"2026-02-17T16:03:51","modified_gmt":"2026-02-17T19:03:51","slug":"projeto-piloto-de-autoatendimento-vara-do-trabalho-de-adamantina-sp","status":"publish","type":"post","link":"https:\/\/radiolifefm.com.br\/noticias\/projeto-piloto-de-autoatendimento-vara-do-trabalho-de-adamantina-sp\/","title":{"rendered":"Projeto Piloto de Autoatendimento &#8211; VARA DO TRABALHO DE ADAMANTINA\/SP"},"content":{"rendered":"<div id=\"fb-root\"><\/div>\n<div class=\"l7ghb35v kjdc1dyq kmwttqpk gh25dzvf jikcssrz n3t5jt4f\"><\/div>\n<div class=\"l7ghb35v kjdc1dyq kmwttqpk gh25dzvf jikcssrz n3t5jt4f\">\n<div dir=\"auto\">\n<p>A Ordem dos Advogados do Brasil \u2013 59\u00aa Subse\u00e7\u00e3o de Adamantina\/SP, por seu presidente Dr. Marco Aur\u00e9lio Fontana Figueiredo, vem a presen\u00e7a de todos (as) advogados (as) e estagi\u00e1rios regularmente inscritos na OABSP , informar da implanta\u00e7\u00e3o do Projeto Piloto de Autoatendimento da Sala da OAB localizada na Vara do Trabalho de Adamantina.<\/p>\n<p>A viabiliza\u00e7\u00e3o do Projeto \u00e9 de suma import\u00e2ncia para otimiza\u00e7\u00e3o de recursos e o reaproveitamento da funcion\u00e1ria lotada neste posto de atendimento para auxiliar nos demais e in\u00fameros afazeres da Subse\u00e7\u00e3o.<\/p>\n<p>Toda a sala foi devidamente equipada e disponibiliza ao inscrito a base da infraestrutura f\u00edsica e tecnol\u00f3gica de apoio \u00e0s atividades inerentes ao profissional do direito.<\/p>\n<p>O ambiente \u00e9 monitorado por c\u00e2meras e pode ser visualizado pela sede da Subse\u00e7\u00e3o. As imagens servem para controle de patrim\u00f4nio e ser\u00e3o descartadas caso n\u00e3o haja ocorr\u00eancias. Existem instru\u00e7\u00f5es espalhadas por todo o local e haver\u00e1 um per\u00edodo de transi\u00e7\u00e3o de 30 (trinta) dias.<\/p>\n<p>A funcion\u00e1ria da nossa subse\u00e7\u00e3o, L\u00edvia, ir\u00e1 permanecer indo \u00e0 sala durante 30 dias, em dias de audi\u00eancias presenciais (que normalmente s\u00e3o as quartas e quintas feiras) para auxiliar os(as) advogados(as) e estagi\u00e1rios regularmente inscritos na OABSP no inicio ou auxiliar quem quiser ir la nesse per\u00edodo de transi\u00e7\u00e3o para saber mais sobre o funcionamento deste projeto.<\/p>\n<p>&nbsp;<\/p>\n<p>Ainda, toda e qualquer d\u00favida poder\u00e1 ser sanada na Casa da Advocacia e da Cidadania da nossa Subse\u00e7\u00e3o de Adamantina\/SP:<\/p>\n<p>Avenida Santo Ant\u00f4nio, 86 , Centro<\/p>\n<p>adamantina@oabsp.org.br<\/p>\n<p>(18) 3522-1115\/1140\/5618<\/p>\n<p>(18)\u00a099819-1826<\/p>\n<p><img loading=\"lazy\" decoding=\"async\" class=\"size-medium wp-image-57412 aligncenter\" src=\"https:\/\/static.radiolifefm.com.br\/wp-content\/uploads\/sites\/2\/2022\/08\/301407803_2364180173737088_1768702582214308117_n-300x300.jpg\" alt=\"\" width=\"300\" height=\"300\" srcset=\"https:\/\/radiolifefm.com.br\/noticias\/wp-content\/uploads\/2022\/08\/301407803_2364180173737088_1768702582214308117_n-300x300.jpg 300w, https:\/\/radiolifefm.com.br\/noticias\/wp-content\/uploads\/2022\/08\/301407803_2364180173737088_1768702582214308117_n-1024x1024.jpg 1024w, https:\/\/radiolifefm.com.br\/noticias\/wp-content\/uploads\/2022\/08\/301407803_2364180173737088_1768702582214308117_n-150x150.jpg 150w, https:\/\/radiolifefm.com.br\/noticias\/wp-content\/uploads\/2022\/08\/301407803_2364180173737088_1768702582214308117_n-768x768.jpg 768w, https:\/\/radiolifefm.com.br\/noticias\/wp-content\/uploads\/2022\/08\/301407803_2364180173737088_1768702582214308117_n-200x200.jpg 200w, https:\/\/radiolifefm.com.br\/noticias\/wp-content\/uploads\/2022\/08\/301407803_2364180173737088_1768702582214308117_n-250x250.jpg 250w, https:\/\/radiolifefm.com.br\/noticias\/wp-content\/uploads\/2022\/08\/301407803_2364180173737088_1768702582214308117_n-500x500.jpg 500w, https:\/\/radiolifefm.com.br\/noticias\/wp-content\/uploads\/2022\/08\/301407803_2364180173737088_1768702582214308117_n-700x700.jpg 700w, https:\/\/radiolifefm.com.br\/noticias\/wp-content\/uploads\/2022\/08\/301407803_2364180173737088_1768702582214308117_n.jpg 1080w\" sizes=\"auto, (max-width: 300px) 100vw, 300px\" \/><\/div>\n<\/div>\n<div dir=\"auto\">Fonte: OAB &#8211; 59\u00aa Subse\u00e7\u00e3o de Adamantina<\/div>\n","protected":false},"excerpt":{"rendered":"<p>A Ordem dos Advogados do Brasil \u2013 59\u00aa Subse\u00e7\u00e3o de Adamantina\/SP, por seu presidente Dr. Marco Aur\u00e9lio Fontana Figueiredo, vem a presen\u00e7a de todos (as) advogados (as) e estagi\u00e1rios regularmente inscritos na OABSP , informar da implanta\u00e7\u00e3o do Projeto Piloto de Autoatendimento da Sala da OAB localizada na Vara do Trabalho de Adamantina. A viabiliza\u00e7\u00e3o [&hellip;]<\/p>\n","protected":false},"author":13,"featured_media":57411,"comment_status":"closed","ping_status":"open","sticky":false,"template":"","format":"standard","meta":{"_acf_changed":false,"_exactmetrics_skip_tracking":false,"_exactmetrics_sitenote_active":false,"_exactmetrics_sitenote_note":"","_exactmetrics_sitenote_category":0,"footnotes":""},"categories":[21],"tags":[],"class_list":["post-57410","post","type-post","status-publish","format-standard","has-post-thumbnail","hentry","category-adamantina"],"acf":[],"yoast_head":"<!-- This site is optimized with the Yoast SEO plugin v27.2 - https:\/\/yoast.com\/product\/yoast-seo-wordpress\/ -->\n<title>Projeto Piloto de Autoatendimento - VARA DO TRABALHO DE ADAMANTINA\/SP - R\u00e1dio Life FM<\/title>\n<meta name=\"robots\" content=\"index, follow, max-snippet:-1, max-image-preview:large, max-video-preview:-1\" \/>\n<link rel=\"canonical\" href=\"https:\/\/radiolifefm.com.br\/noticias\/projeto-piloto-de-autoatendimento-vara-do-trabalho-de-adamantina-sp\/\" \/>\n<meta property=\"og:locale\" content=\"pt_BR\" \/>\n<meta property=\"og:type\" content=\"article\" \/>\n<meta property=\"og:title\" content=\"Projeto Piloto de Autoatendimento - VARA DO TRABALHO DE ADAMANTINA\/SP - R\u00e1dio Life FM\" \/>\n<meta property=\"og:description\" content=\"A Ordem dos Advogados do Brasil \u2013 59\u00aa Subse\u00e7\u00e3o de Adamantina\/SP, por seu presidente Dr. Marco Aur\u00e9lio Fontana Figueiredo, vem a presen\u00e7a de todos (as) advogados (as) e estagi\u00e1rios regularmente inscritos na OABSP , informar da implanta\u00e7\u00e3o do Projeto Piloto de Autoatendimento da Sala da OAB localizada na Vara do Trabalho de Adamantina. A viabiliza\u00e7\u00e3o [&hellip;]\" \/>\n<meta property=\"og:url\" content=\"https:\/\/radiolifefm.com.br\/noticias\/projeto-piloto-de-autoatendimento-vara-do-trabalho-de-adamantina-sp\/\" \/>\n<meta property=\"og:site_name\" content=\"R\u00e1dio Life FM\" \/>\n<meta property=\"article:publisher\" content=\"https:\/\/www.facebook.com\/radiolifefm\/\" \/>\n<meta property=\"article:published_time\" content=\"2022-08-25T23:03:28+00:00\" \/>\n<meta property=\"article:modified_time\" content=\"2026-02-17T19:03:51+00:00\" \/>\n<meta property=\"og:image\" content=\"https:\/\/radiolifefm.com.br\/noticias\/wp-content\/uploads\/2022\/08\/301242938_2364180170403755_6242664328190217693_n.jpg\" \/>\n\t<meta property=\"og:image:width\" content=\"1440\" \/>\n\t<meta property=\"og:image:height\" content=\"1440\" \/>\n\t<meta property=\"og:image:type\" content=\"image\/jpeg\" \/>\n<meta name=\"author\" content=\"ritanery\" \/>\n<meta name=\"twitter:card\" content=\"summary_large_image\" \/>\n<meta name=\"twitter:label1\" content=\"Escrito por\" \/>\n\t<meta name=\"twitter:data1\" content=\"ritanery\" \/>\n\t<meta name=\"twitter:label2\" content=\"Est. tempo de leitura\" \/>\n\t<meta name=\"twitter:data2\" content=\"2 minutos\" \/>\n<script type=\"application\/ld+json\" class=\"yoast-schema-graph\">{\"@context\":\"https:\/\/schema.org\",\"@graph\":[{\"@type\":\"Article\",\"@id\":\"https:\/\/radiolifefm.com.br\/noticias\/projeto-piloto-de-autoatendimento-vara-do-trabalho-de-adamantina-sp\/#article\",\"isPartOf\":{\"@id\":\"https:\/\/radiolifefm.com.br\/noticias\/projeto-piloto-de-autoatendimento-vara-do-trabalho-de-adamantina-sp\/\"},\"author\":{\"name\":\"ritanery\",\"@id\":\"https:\/\/radiolifefm.com.br\/noticias\/#\/schema\/person\/6339b9fac59d12b071dec680d7375d87\"},\"headline\":\"Projeto Piloto de Autoatendimento &#8211; VARA DO TRABALHO DE ADAMANTINA\/SP\",\"datePublished\":\"2022-08-25T23:03:28+00:00\",\"dateModified\":\"2026-02-17T19:03:51+00:00\",\"mainEntityOfPage\":{\"@id\":\"https:\/\/radiolifefm.com.br\/noticias\/projeto-piloto-de-autoatendimento-vara-do-trabalho-de-adamantina-sp\/\"},\"wordCount\":290,\"publisher\":{\"@id\":\"https:\/\/radiolifefm.com.br\/noticias\/#organization\"},\"image\":{\"@id\":\"https:\/\/radiolifefm.com.br\/noticias\/projeto-piloto-de-autoatendimento-vara-do-trabalho-de-adamantina-sp\/#primaryimage\"},\"thumbnailUrl\":\"https:\/\/radiolifefm.com.br\/noticias\/wp-content\/uploads\/2022\/08\/301242938_2364180170403755_6242664328190217693_n.jpg\",\"articleSection\":[\"Adamantina\"],\"inLanguage\":\"pt-BR\"},{\"@type\":\"WebPage\",\"@id\":\"https:\/\/radiolifefm.com.br\/noticias\/projeto-piloto-de-autoatendimento-vara-do-trabalho-de-adamantina-sp\/\",\"url\":\"https:\/\/radiolifefm.com.br\/noticias\/projeto-piloto-de-autoatendimento-vara-do-trabalho-de-adamantina-sp\/\",\"name\":\"Projeto Piloto de Autoatendimento - VARA DO TRABALHO DE ADAMANTINA\/SP - R\u00e1dio Life FM\",\"isPartOf\":{\"@id\":\"https:\/\/radiolifefm.com.br\/noticias\/#website\"},\"primaryImageOfPage\":{\"@id\":\"https:\/\/radiolifefm.com.br\/noticias\/projeto-piloto-de-autoatendimento-vara-do-trabalho-de-adamantina-sp\/#primaryimage\"},\"image\":{\"@id\":\"https:\/\/radiolifefm.com.br\/noticias\/projeto-piloto-de-autoatendimento-vara-do-trabalho-de-adamantina-sp\/#primaryimage\"},\"thumbnailUrl\":\"https:\/\/radiolifefm.com.br\/noticias\/wp-content\/uploads\/2022\/08\/301242938_2364180170403755_6242664328190217693_n.jpg\",\"datePublished\":\"2022-08-25T23:03:28+00:00\",\"dateModified\":\"2026-02-17T19:03:51+00:00\",\"breadcrumb\":{\"@id\":\"https:\/\/radiolifefm.com.br\/noticias\/projeto-piloto-de-autoatendimento-vara-do-trabalho-de-adamantina-sp\/#breadcrumb\"},\"inLanguage\":\"pt-BR\",\"potentialAction\":[{\"@type\":\"ReadAction\",\"target\":[\"https:\/\/radiolifefm.com.br\/noticias\/projeto-piloto-de-autoatendimento-vara-do-trabalho-de-adamantina-sp\/\"]}]},{\"@type\":\"ImageObject\",\"inLanguage\":\"pt-BR\",\"@id\":\"https:\/\/radiolifefm.com.br\/noticias\/projeto-piloto-de-autoatendimento-vara-do-trabalho-de-adamantina-sp\/#primaryimage\",\"url\":\"https:\/\/radiolifefm.com.br\/noticias\/wp-content\/uploads\/2022\/08\/301242938_2364180170403755_6242664328190217693_n.jpg\",\"contentUrl\":\"https:\/\/radiolifefm.com.br\/noticias\/wp-content\/uploads\/2022\/08\/301242938_2364180170403755_6242664328190217693_n.jpg\",\"width\":1440,\"height\":1440},{\"@type\":\"BreadcrumbList\",\"@id\":\"https:\/\/radiolifefm.com.br\/noticias\/projeto-piloto-de-autoatendimento-vara-do-trabalho-de-adamantina-sp\/#breadcrumb\",\"itemListElement\":[{\"@type\":\"ListItem\",\"position\":1,\"name\":\"In\u00edcio\",\"item\":\"https:\/\/radiolifefm.com.br\/noticias\/\"},{\"@type\":\"ListItem\",\"position\":2,\"name\":\"Projeto Piloto de Autoatendimento &#8211; VARA DO TRABALHO DE ADAMANTINA\/SP\"}]},{\"@type\":\"WebSite\",\"@id\":\"https:\/\/radiolifefm.com.br\/noticias\/#website\",\"url\":\"https:\/\/radiolifefm.com.br\/noticias\/\",\"name\":\"R\u00e1dio Life FM\",\"description\":\"O Portal de Not\u00edcias de Adamantina\",\"publisher\":{\"@id\":\"https:\/\/radiolifefm.com.br\/noticias\/#organization\"},\"alternateName\":\"Life FM\",\"potentialAction\":[{\"@type\":\"SearchAction\",\"target\":{\"@type\":\"EntryPoint\",\"urlTemplate\":\"https:\/\/radiolifefm.com.br\/noticias\/?s={search_term_string}\"},\"query-input\":{\"@type\":\"PropertyValueSpecification\",\"valueRequired\":true,\"valueName\":\"search_term_string\"}}],\"inLanguage\":\"pt-BR\"},{\"@type\":\"Organization\",\"@id\":\"https:\/\/radiolifefm.com.br\/noticias\/#organization\",\"name\":\"R\u00e1dio Life FM\",\"alternateName\":\"Life FM\",\"url\":\"https:\/\/radiolifefm.com.br\/noticias\/\",\"logo\":{\"@type\":\"ImageObject\",\"inLanguage\":\"pt-BR\",\"@id\":\"https:\/\/radiolifefm.com.br\/noticias\/#\/schema\/logo\/image\/\",\"url\":\"https:\/\/static.radiolifefm.com.br\/noticias\/wp-content\/uploads\/2019\/10\/logo-lifefm.png\",\"contentUrl\":\"https:\/\/static.radiolifefm.com.br\/noticias\/wp-content\/uploads\/2019\/10\/logo-lifefm.png\",\"width\":196,\"height\":47,\"caption\":\"R\u00e1dio Life FM\"},\"image\":{\"@id\":\"https:\/\/radiolifefm.com.br\/noticias\/#\/schema\/logo\/image\/\"},\"sameAs\":[\"https:\/\/www.facebook.com\/radiolifefm\/\",\"https:\/\/www.instagram.com\/life1079fm\/\"]},{\"@type\":\"Person\",\"@id\":\"https:\/\/radiolifefm.com.br\/noticias\/#\/schema\/person\/6339b9fac59d12b071dec680d7375d87\",\"name\":\"ritanery\",\"image\":{\"@type\":\"ImageObject\",\"inLanguage\":\"pt-BR\",\"@id\":\"https:\/\/secure.gravatar.com\/avatar\/0e37bb19071f47c0b8a23f62a903df117c5a0e75f65a0c2901562f97cd41cf86?s=96&d=mm&r=g\",\"url\":\"https:\/\/secure.gravatar.com\/avatar\/0e37bb19071f47c0b8a23f62a903df117c5a0e75f65a0c2901562f97cd41cf86?s=96&d=mm&r=g\",\"contentUrl\":\"https:\/\/secure.gravatar.com\/avatar\/0e37bb19071f47c0b8a23f62a903df117c5a0e75f65a0c2901562f97cd41cf86?s=96&d=mm&r=g\",\"caption\":\"ritanery\"}}]}<\/script>\n<!-- \/ Yoast SEO plugin. -->","yoast_head_json":{"title":"Projeto Piloto de Autoatendimento - VARA DO TRABALHO DE ADAMANTINA\/SP - R\u00e1dio Life FM","robots":{"index":"index","follow":"follow","max-snippet":"max-snippet:-1","max-image-preview":"max-image-preview:large","max-video-preview":"max-video-preview:-1"},"canonical":"https:\/\/radiolifefm.com.br\/noticias\/projeto-piloto-de-autoatendimento-vara-do-trabalho-de-adamantina-sp\/","og_locale":"pt_BR","og_type":"article","og_title":"Projeto Piloto de Autoatendimento - VARA DO TRABALHO DE ADAMANTINA\/SP - R\u00e1dio Life FM","og_description":"A Ordem dos Advogados do Brasil \u2013 59\u00aa Subse\u00e7\u00e3o de Adamantina\/SP, por seu presidente Dr. Marco Aur\u00e9lio Fontana Figueiredo, vem a presen\u00e7a de todos (as) advogados (as) e estagi\u00e1rios regularmente inscritos na OABSP , informar da implanta\u00e7\u00e3o do Projeto Piloto de Autoatendimento da Sala da OAB localizada na Vara do Trabalho de Adamantina. A viabiliza\u00e7\u00e3o [&hellip;]","og_url":"https:\/\/radiolifefm.com.br\/noticias\/projeto-piloto-de-autoatendimento-vara-do-trabalho-de-adamantina-sp\/","og_site_name":"R\u00e1dio Life FM","article_publisher":"https:\/\/www.facebook.com\/radiolifefm\/","article_published_time":"2022-08-25T23:03:28+00:00","article_modified_time":"2026-02-17T19:03:51+00:00","og_image":[{"width":1440,"height":1440,"url":"https:\/\/radiolifefm.com.br\/noticias\/wp-content\/uploads\/2022\/08\/301242938_2364180170403755_6242664328190217693_n.jpg","type":"image\/jpeg"}],"author":"ritanery","twitter_card":"summary_large_image","twitter_misc":{"Escrito por":"ritanery","Est. tempo de leitura":"2 minutos"},"schema":{"@context":"https:\/\/schema.org","@graph":[{"@type":"Article","@id":"https:\/\/radiolifefm.com.br\/noticias\/projeto-piloto-de-autoatendimento-vara-do-trabalho-de-adamantina-sp\/#article","isPartOf":{"@id":"https:\/\/radiolifefm.com.br\/noticias\/projeto-piloto-de-autoatendimento-vara-do-trabalho-de-adamantina-sp\/"},"author":{"name":"ritanery","@id":"https:\/\/radiolifefm.com.br\/noticias\/#\/schema\/person\/6339b9fac59d12b071dec680d7375d87"},"headline":"Projeto Piloto de Autoatendimento &#8211; VARA DO TRABALHO DE ADAMANTINA\/SP","datePublished":"2022-08-25T23:03:28+00:00","dateModified":"2026-02-17T19:03:51+00:00","mainEntityOfPage":{"@id":"https:\/\/radiolifefm.com.br\/noticias\/projeto-piloto-de-autoatendimento-vara-do-trabalho-de-adamantina-sp\/"},"wordCount":290,"publisher":{"@id":"https:\/\/radiolifefm.com.br\/noticias\/#organization"},"image":{"@id":"https:\/\/radiolifefm.com.br\/noticias\/projeto-piloto-de-autoatendimento-vara-do-trabalho-de-adamantina-sp\/#primaryimage"},"thumbnailUrl":"https:\/\/radiolifefm.com.br\/noticias\/wp-content\/uploads\/2022\/08\/301242938_2364180170403755_6242664328190217693_n.jpg","articleSection":["Adamantina"],"inLanguage":"pt-BR"},{"@type":"WebPage","@id":"https:\/\/radiolifefm.com.br\/noticias\/projeto-piloto-de-autoatendimento-vara-do-trabalho-de-adamantina-sp\/","url":"https:\/\/radiolifefm.com.br\/noticias\/projeto-piloto-de-autoatendimento-vara-do-trabalho-de-adamantina-sp\/","name":"Projeto Piloto de Autoatendimento - VARA DO TRABALHO DE ADAMANTINA\/SP - R\u00e1dio Life FM","isPartOf":{"@id":"https:\/\/radiolifefm.com.br\/noticias\/#website"},"primaryImageOfPage":{"@id":"https:\/\/radiolifefm.com.br\/noticias\/projeto-piloto-de-autoatendimento-vara-do-trabalho-de-adamantina-sp\/#primaryimage"},"image":{"@id":"https:\/\/radiolifefm.com.br\/noticias\/projeto-piloto-de-autoatendimento-vara-do-trabalho-de-adamantina-sp\/#primaryimage"},"thumbnailUrl":"https:\/\/radiolifefm.com.br\/noticias\/wp-content\/uploads\/2022\/08\/301242938_2364180170403755_6242664328190217693_n.jpg","datePublished":"2022-08-25T23:03:28+00:00","dateModified":"2026-02-17T19:03:51+00:00","breadcrumb":{"@id":"https:\/\/radiolifefm.com.br\/noticias\/projeto-piloto-de-autoatendimento-vara-do-trabalho-de-adamantina-sp\/#breadcrumb"},"inLanguage":"pt-BR","potentialAction":[{"@type":"ReadAction","target":["https:\/\/radiolifefm.com.br\/noticias\/projeto-piloto-de-autoatendimento-vara-do-trabalho-de-adamantina-sp\/"]}]},{"@type":"ImageObject","inLanguage":"pt-BR","@id":"https:\/\/radiolifefm.com.br\/noticias\/projeto-piloto-de-autoatendimento-vara-do-trabalho-de-adamantina-sp\/#primaryimage","url":"https:\/\/radiolifefm.com.br\/noticias\/wp-content\/uploads\/2022\/08\/301242938_2364180170403755_6242664328190217693_n.jpg","contentUrl":"https:\/\/radiolifefm.com.br\/noticias\/wp-content\/uploads\/2022\/08\/301242938_2364180170403755_6242664328190217693_n.jpg","width":1440,"height":1440},{"@type":"BreadcrumbList","@id":"https:\/\/radiolifefm.com.br\/noticias\/projeto-piloto-de-autoatendimento-vara-do-trabalho-de-adamantina-sp\/#breadcrumb","itemListElement":[{"@type":"ListItem","position":1,"name":"In\u00edcio","item":"https:\/\/radiolifefm.com.br\/noticias\/"},{"@type":"ListItem","position":2,"name":"Projeto Piloto de Autoatendimento &#8211; VARA DO TRABALHO DE ADAMANTINA\/SP"}]},{"@type":"WebSite","@id":"https:\/\/radiolifefm.com.br\/noticias\/#website","url":"https:\/\/radiolifefm.com.br\/noticias\/","name":"R\u00e1dio Life FM","description":"O Portal de Not\u00edcias de Adamantina","publisher":{"@id":"https:\/\/radiolifefm.com.br\/noticias\/#organization"},"alternateName":"Life FM","potentialAction":[{"@type":"SearchAction","target":{"@type":"EntryPoint","urlTemplate":"https:\/\/radiolifefm.com.br\/noticias\/?s={search_term_string}"},"query-input":{"@type":"PropertyValueSpecification","valueRequired":true,"valueName":"search_term_string"}}],"inLanguage":"pt-BR"},{"@type":"Organization","@id":"https:\/\/radiolifefm.com.br\/noticias\/#organization","name":"R\u00e1dio Life FM","alternateName":"Life FM","url":"https:\/\/radiolifefm.com.br\/noticias\/","logo":{"@type":"ImageObject","inLanguage":"pt-BR","@id":"https:\/\/radiolifefm.com.br\/noticias\/#\/schema\/logo\/image\/","url":"https:\/\/static.radiolifefm.com.br\/noticias\/wp-content\/uploads\/2019\/10\/logo-lifefm.png","contentUrl":"https:\/\/static.radiolifefm.com.br\/noticias\/wp-content\/uploads\/2019\/10\/logo-lifefm.png","width":196,"height":47,"caption":"R\u00e1dio Life FM"},"image":{"@id":"https:\/\/radiolifefm.com.br\/noticias\/#\/schema\/logo\/image\/"},"sameAs":["https:\/\/www.facebook.com\/radiolifefm\/","https:\/\/www.instagram.com\/life1079fm\/"]},{"@type":"Person","@id":"https:\/\/radiolifefm.com.br\/noticias\/#\/schema\/person\/6339b9fac59d12b071dec680d7375d87","name":"ritanery","image":{"@type":"ImageObject","inLanguage":"pt-BR","@id":"https:\/\/secure.gravatar.com\/avatar\/0e37bb19071f47c0b8a23f62a903df117c5a0e75f65a0c2901562f97cd41cf86?s=96&d=mm&r=g","url":"https:\/\/secure.gravatar.com\/avatar\/0e37bb19071f47c0b8a23f62a903df117c5a0e75f65a0c2901562f97cd41cf86?s=96&d=mm&r=g","contentUrl":"https:\/\/secure.gravatar.com\/avatar\/0e37bb19071f47c0b8a23f62a903df117c5a0e75f65a0c2901562f97cd41cf86?s=96&d=mm&r=g","caption":"ritanery"}}]}},"amp_enabled":true,"_links":{"self":[{"href":"https:\/\/radiolifefm.com.br\/noticias\/wp-json\/wp\/v2\/posts\/57410","targetHints":{"allow":["GET"]}}],"collection":[{"href":"https:\/\/radiolifefm.com.br\/noticias\/wp-json\/wp\/v2\/posts"}],"about":[{"href":"https:\/\/radiolifefm.com.br\/noticias\/wp-json\/wp\/v2\/types\/post"}],"author":[{"embeddable":true,"href":"https:\/\/radiolifefm.com.br\/noticias\/wp-json\/wp\/v2\/users\/13"}],"replies":[{"embeddable":true,"href":"https:\/\/radiolifefm.com.br\/noticias\/wp-json\/wp\/v2\/comments?post=57410"}],"version-history":[{"count":3,"href":"https:\/\/radiolifefm.com.br\/noticias\/wp-json\/wp\/v2\/posts\/57410\/revisions"}],"predecessor-version":[{"id":57415,"href":"https:\/\/radiolifefm.com.br\/noticias\/wp-json\/wp\/v2\/posts\/57410\/revisions\/57415"}],"wp:featuredmedia":[{"embeddable":true,"href":"https:\/\/radiolifefm.com.br\/noticias\/wp-json\/wp\/v2\/media\/57411"}],"wp:attachment":[{"href":"https:\/\/radiolifefm.com.br\/noticias\/wp-json\/wp\/v2\/media?parent=57410"}],"wp:term":[{"taxonomy":"category","embeddable":true,"href":"https:\/\/radiolifefm.com.br\/noticias\/wp-json\/wp\/v2\/categories?post=57410"},{"taxonomy":"post_tag","embeddable":true,"href":"https:\/\/radiolifefm.com.br\/noticias\/wp-json\/wp\/v2\/tags?post=57410"}],"curies":[{"name":"wp","href":"https:\/\/api.w.org\/{rel}","templated":true}]}}