{"id":57359,"date":"2022-08-23T21:30:08","date_gmt":"2022-08-24T00:30:08","guid":{"rendered":"https:\/\/radiolifefm.com.br\/noticias\/?p=57359"},"modified":"2026-01-21T17:59:55","modified_gmt":"2026-01-21T20:59:55","slug":"cultura-recebe-mocao-pela-realizacao-da-virada-cultural","status":"publish","type":"post","link":"https:\/\/radiolifefm.com.br\/noticias\/cultura-recebe-mocao-pela-realizacao-da-virada-cultural\/","title":{"rendered":"Cultura recebe Mo\u00e7\u00e3o pela realiza\u00e7\u00e3o da Virada Cultural"},"content":{"rendered":"<div id=\"fb-root\"><\/div>\n<p>De autoria do vereador H\u00e9lio Jos\u00e9 dos Santos e subscrita por todos os demais vereadores, a C\u00e2mara Municipal de Adamantina concedeu \u00e0 Secretaria de Cultura de Adamantina Mo\u00e7\u00e3o de Congratula\u00e7\u00f5es e Aplausos pela realiza\u00e7\u00e3o da Virada Cultural SP.<\/p>\n<p>A mo\u00e7\u00e3o se entende ao prefeito M\u00e1rcio Cardim, ao secret\u00e1rio de Estado da Cultura S\u00e9rgio S\u00e1 Leit\u00e3o e a diretora-geral dos Amigos da Arte Danielle Nigromonte.<\/p>\n<p>Adamantina abriu nos dias 13 e 14 de agosto a maratona de 22 cidades do Estado de S\u00e3o Paulo a receber a Virada Cultural SP, projeto do Governo que visa a difus\u00e3o da arte e da cultura em munic\u00edpios do interior. Em dois dias foram 24 apresenta\u00e7\u00f5es de artistas renomados e de artistas locais de v\u00e1rias vertentes da m\u00fasica, al\u00e9m de exposi\u00e7\u00f5es, yoga, standa-up, interven\u00e7\u00f5es e outras atividades.<\/p>\n<p>Para o secret\u00e1rio municipal de cultura, S\u00e9rgio Vanderlei, receber a Virada Cultural foi um grande presente para Adamantina, que chegou em boa hora. \u201cUm evento que entra para a hist\u00f3ria do munic\u00edpio, justamente quando estamos investindo e tratando cultura como politica p\u00fablica\u201d, pontua.<\/p>\n<p>&nbsp;<\/p>\n<p>Fonte: Assessoria de Imprensa<\/p>\n","protected":false},"excerpt":{"rendered":"<p>De autoria do vereador H\u00e9lio Jos\u00e9 dos Santos e subscrita por todos os demais vereadores, a C\u00e2mara Municipal de Adamantina concedeu \u00e0 Secretaria de Cultura de Adamantina Mo\u00e7\u00e3o de Congratula\u00e7\u00f5es e Aplausos pela realiza\u00e7\u00e3o da Virada Cultural SP. A mo\u00e7\u00e3o se entende ao prefeito M\u00e1rcio Cardim, ao secret\u00e1rio de Estado da Cultura S\u00e9rgio S\u00e1 Leit\u00e3o [&hellip;]<\/p>\n","protected":false},"author":13,"featured_media":57360,"comment_status":"closed","ping_status":"open","sticky":false,"template":"","format":"standard","meta":{"_acf_changed":false,"_exactmetrics_skip_tracking":false,"_exactmetrics_sitenote_active":false,"_exactmetrics_sitenote_note":"","_exactmetrics_sitenote_category":0,"footnotes":""},"categories":[21],"tags":[],"class_list":["post-57359","post","type-post","status-publish","format-standard","has-post-thumbnail","hentry","category-adamantina"],"acf":[],"yoast_head":"<!-- This site is optimized with the Yoast SEO plugin v27.2 - https:\/\/yoast.com\/product\/yoast-seo-wordpress\/ -->\n<title>Cultura recebe Mo\u00e7\u00e3o pela realiza\u00e7\u00e3o da Virada Cultural - R\u00e1dio Life FM<\/title>\n<meta name=\"robots\" content=\"index, follow, max-snippet:-1, max-image-preview:large, max-video-preview:-1\" \/>\n<link rel=\"canonical\" href=\"https:\/\/radiolifefm.com.br\/noticias\/cultura-recebe-mocao-pela-realizacao-da-virada-cultural\/\" \/>\n<meta property=\"og:locale\" content=\"pt_BR\" \/>\n<meta property=\"og:type\" content=\"article\" \/>\n<meta property=\"og:title\" content=\"Cultura recebe Mo\u00e7\u00e3o pela realiza\u00e7\u00e3o da Virada Cultural - R\u00e1dio Life FM\" \/>\n<meta property=\"og:description\" content=\"De autoria do vereador H\u00e9lio Jos\u00e9 dos Santos e subscrita por todos os demais vereadores, a C\u00e2mara Municipal de Adamantina concedeu \u00e0 Secretaria de Cultura de Adamantina Mo\u00e7\u00e3o de Congratula\u00e7\u00f5es e Aplausos pela realiza\u00e7\u00e3o da Virada Cultural SP. A mo\u00e7\u00e3o se entende ao prefeito M\u00e1rcio Cardim, ao secret\u00e1rio de Estado da Cultura S\u00e9rgio S\u00e1 Leit\u00e3o [&hellip;]\" \/>\n<meta property=\"og:url\" content=\"https:\/\/radiolifefm.com.br\/noticias\/cultura-recebe-mocao-pela-realizacao-da-virada-cultural\/\" \/>\n<meta property=\"og:site_name\" content=\"R\u00e1dio Life FM\" \/>\n<meta property=\"article:publisher\" content=\"https:\/\/www.facebook.com\/radiolifefm\/\" \/>\n<meta property=\"article:published_time\" content=\"2022-08-24T00:30:08+00:00\" \/>\n<meta property=\"article:modified_time\" content=\"2026-01-21T20:59:55+00:00\" \/>\n<meta property=\"og:image\" content=\"https:\/\/radiolifefm.com.br\/noticias\/wp-content\/uploads\/2022\/08\/WhatsApp-Image-2022-08-23-at-14.01.08.jpeg\" \/>\n\t<meta property=\"og:image:width\" content=\"1599\" \/>\n\t<meta property=\"og:image:height\" content=\"1200\" \/>\n\t<meta property=\"og:image:type\" content=\"image\/jpeg\" \/>\n<meta name=\"author\" content=\"ritanery\" \/>\n<meta name=\"twitter:card\" content=\"summary_large_image\" \/>\n<meta name=\"twitter:label1\" content=\"Escrito por\" \/>\n\t<meta name=\"twitter:data1\" content=\"ritanery\" \/>\n\t<meta name=\"twitter:label2\" content=\"Est. tempo de leitura\" \/>\n\t<meta name=\"twitter:data2\" content=\"1 minuto\" \/>\n<script type=\"application\/ld+json\" class=\"yoast-schema-graph\">{\"@context\":\"https:\/\/schema.org\",\"@graph\":[{\"@type\":\"Article\",\"@id\":\"https:\/\/radiolifefm.com.br\/noticias\/cultura-recebe-mocao-pela-realizacao-da-virada-cultural\/#article\",\"isPartOf\":{\"@id\":\"https:\/\/radiolifefm.com.br\/noticias\/cultura-recebe-mocao-pela-realizacao-da-virada-cultural\/\"},\"author\":{\"name\":\"ritanery\",\"@id\":\"https:\/\/radiolifefm.com.br\/noticias\/#\/schema\/person\/6339b9fac59d12b071dec680d7375d87\"},\"headline\":\"Cultura recebe Mo\u00e7\u00e3o pela realiza\u00e7\u00e3o da Virada Cultural\",\"datePublished\":\"2022-08-24T00:30:08+00:00\",\"dateModified\":\"2026-01-21T20:59:55+00:00\",\"mainEntityOfPage\":{\"@id\":\"https:\/\/radiolifefm.com.br\/noticias\/cultura-recebe-mocao-pela-realizacao-da-virada-cultural\/\"},\"wordCount\":209,\"publisher\":{\"@id\":\"https:\/\/radiolifefm.com.br\/noticias\/#organization\"},\"image\":{\"@id\":\"https:\/\/radiolifefm.com.br\/noticias\/cultura-recebe-mocao-pela-realizacao-da-virada-cultural\/#primaryimage\"},\"thumbnailUrl\":\"https:\/\/radiolifefm.com.br\/noticias\/wp-content\/uploads\/2022\/08\/WhatsApp-Image-2022-08-23-at-14.01.08.jpeg\",\"articleSection\":[\"Adamantina\"],\"inLanguage\":\"pt-BR\"},{\"@type\":\"WebPage\",\"@id\":\"https:\/\/radiolifefm.com.br\/noticias\/cultura-recebe-mocao-pela-realizacao-da-virada-cultural\/\",\"url\":\"https:\/\/radiolifefm.com.br\/noticias\/cultura-recebe-mocao-pela-realizacao-da-virada-cultural\/\",\"name\":\"Cultura recebe Mo\u00e7\u00e3o pela realiza\u00e7\u00e3o da Virada Cultural - R\u00e1dio Life FM\",\"isPartOf\":{\"@id\":\"https:\/\/radiolifefm.com.br\/noticias\/#website\"},\"primaryImageOfPage\":{\"@id\":\"https:\/\/radiolifefm.com.br\/noticias\/cultura-recebe-mocao-pela-realizacao-da-virada-cultural\/#primaryimage\"},\"image\":{\"@id\":\"https:\/\/radiolifefm.com.br\/noticias\/cultura-recebe-mocao-pela-realizacao-da-virada-cultural\/#primaryimage\"},\"thumbnailUrl\":\"https:\/\/radiolifefm.com.br\/noticias\/wp-content\/uploads\/2022\/08\/WhatsApp-Image-2022-08-23-at-14.01.08.jpeg\",\"datePublished\":\"2022-08-24T00:30:08+00:00\",\"dateModified\":\"2026-01-21T20:59:55+00:00\",\"breadcrumb\":{\"@id\":\"https:\/\/radiolifefm.com.br\/noticias\/cultura-recebe-mocao-pela-realizacao-da-virada-cultural\/#breadcrumb\"},\"inLanguage\":\"pt-BR\",\"potentialAction\":[{\"@type\":\"ReadAction\",\"target\":[\"https:\/\/radiolifefm.com.br\/noticias\/cultura-recebe-mocao-pela-realizacao-da-virada-cultural\/\"]}]},{\"@type\":\"ImageObject\",\"inLanguage\":\"pt-BR\",\"@id\":\"https:\/\/radiolifefm.com.br\/noticias\/cultura-recebe-mocao-pela-realizacao-da-virada-cultural\/#primaryimage\",\"url\":\"https:\/\/radiolifefm.com.br\/noticias\/wp-content\/uploads\/2022\/08\/WhatsApp-Image-2022-08-23-at-14.01.08.jpeg\",\"contentUrl\":\"https:\/\/radiolifefm.com.br\/noticias\/wp-content\/uploads\/2022\/08\/WhatsApp-Image-2022-08-23-at-14.01.08.jpeg\",\"width\":1599,\"height\":1200},{\"@type\":\"BreadcrumbList\",\"@id\":\"https:\/\/radiolifefm.com.br\/noticias\/cultura-recebe-mocao-pela-realizacao-da-virada-cultural\/#breadcrumb\",\"itemListElement\":[{\"@type\":\"ListItem\",\"position\":1,\"name\":\"In\u00edcio\",\"item\":\"https:\/\/radiolifefm.com.br\/noticias\/\"},{\"@type\":\"ListItem\",\"position\":2,\"name\":\"Cultura recebe Mo\u00e7\u00e3o pela realiza\u00e7\u00e3o da Virada Cultural\"}]},{\"@type\":\"WebSite\",\"@id\":\"https:\/\/radiolifefm.com.br\/noticias\/#website\",\"url\":\"https:\/\/radiolifefm.com.br\/noticias\/\",\"name\":\"R\u00e1dio Life FM\",\"description\":\"O Portal de Not\u00edcias de Adamantina\",\"publisher\":{\"@id\":\"https:\/\/radiolifefm.com.br\/noticias\/#organization\"},\"alternateName\":\"Life FM\",\"potentialAction\":[{\"@type\":\"SearchAction\",\"target\":{\"@type\":\"EntryPoint\",\"urlTemplate\":\"https:\/\/radiolifefm.com.br\/noticias\/?s={search_term_string}\"},\"query-input\":{\"@type\":\"PropertyValueSpecification\",\"valueRequired\":true,\"valueName\":\"search_term_string\"}}],\"inLanguage\":\"pt-BR\"},{\"@type\":\"Organization\",\"@id\":\"https:\/\/radiolifefm.com.br\/noticias\/#organization\",\"name\":\"R\u00e1dio Life FM\",\"alternateName\":\"Life FM\",\"url\":\"https:\/\/radiolifefm.com.br\/noticias\/\",\"logo\":{\"@type\":\"ImageObject\",\"inLanguage\":\"pt-BR\",\"@id\":\"https:\/\/radiolifefm.com.br\/noticias\/#\/schema\/logo\/image\/\",\"url\":\"https:\/\/static.radiolifefm.com.br\/noticias\/wp-content\/uploads\/2019\/10\/logo-lifefm.png\",\"contentUrl\":\"https:\/\/static.radiolifefm.com.br\/noticias\/wp-content\/uploads\/2019\/10\/logo-lifefm.png\",\"width\":196,\"height\":47,\"caption\":\"R\u00e1dio Life FM\"},\"image\":{\"@id\":\"https:\/\/radiolifefm.com.br\/noticias\/#\/schema\/logo\/image\/\"},\"sameAs\":[\"https:\/\/www.facebook.com\/radiolifefm\/\",\"https:\/\/www.instagram.com\/life1079fm\/\"]},{\"@type\":\"Person\",\"@id\":\"https:\/\/radiolifefm.com.br\/noticias\/#\/schema\/person\/6339b9fac59d12b071dec680d7375d87\",\"name\":\"ritanery\",\"image\":{\"@type\":\"ImageObject\",\"inLanguage\":\"pt-BR\",\"@id\":\"https:\/\/secure.gravatar.com\/avatar\/0e37bb19071f47c0b8a23f62a903df117c5a0e75f65a0c2901562f97cd41cf86?s=96&d=mm&r=g\",\"url\":\"https:\/\/secure.gravatar.com\/avatar\/0e37bb19071f47c0b8a23f62a903df117c5a0e75f65a0c2901562f97cd41cf86?s=96&d=mm&r=g\",\"contentUrl\":\"https:\/\/secure.gravatar.com\/avatar\/0e37bb19071f47c0b8a23f62a903df117c5a0e75f65a0c2901562f97cd41cf86?s=96&d=mm&r=g\",\"caption\":\"ritanery\"}}]}<\/script>\n<!-- \/ Yoast SEO plugin. -->","yoast_head_json":{"title":"Cultura recebe Mo\u00e7\u00e3o pela realiza\u00e7\u00e3o da Virada Cultural - R\u00e1dio Life FM","robots":{"index":"index","follow":"follow","max-snippet":"max-snippet:-1","max-image-preview":"max-image-preview:large","max-video-preview":"max-video-preview:-1"},"canonical":"https:\/\/radiolifefm.com.br\/noticias\/cultura-recebe-mocao-pela-realizacao-da-virada-cultural\/","og_locale":"pt_BR","og_type":"article","og_title":"Cultura recebe Mo\u00e7\u00e3o pela realiza\u00e7\u00e3o da Virada Cultural - R\u00e1dio Life FM","og_description":"De autoria do vereador H\u00e9lio Jos\u00e9 dos Santos e subscrita por todos os demais vereadores, a C\u00e2mara Municipal de Adamantina concedeu \u00e0 Secretaria de Cultura de Adamantina Mo\u00e7\u00e3o de Congratula\u00e7\u00f5es e Aplausos pela realiza\u00e7\u00e3o da Virada Cultural SP. A mo\u00e7\u00e3o se entende ao prefeito M\u00e1rcio Cardim, ao secret\u00e1rio de Estado da Cultura S\u00e9rgio S\u00e1 Leit\u00e3o [&hellip;]","og_url":"https:\/\/radiolifefm.com.br\/noticias\/cultura-recebe-mocao-pela-realizacao-da-virada-cultural\/","og_site_name":"R\u00e1dio Life FM","article_publisher":"https:\/\/www.facebook.com\/radiolifefm\/","article_published_time":"2022-08-24T00:30:08+00:00","article_modified_time":"2026-01-21T20:59:55+00:00","og_image":[{"width":1599,"height":1200,"url":"https:\/\/radiolifefm.com.br\/noticias\/wp-content\/uploads\/2022\/08\/WhatsApp-Image-2022-08-23-at-14.01.08.jpeg","type":"image\/jpeg"}],"author":"ritanery","twitter_card":"summary_large_image","twitter_misc":{"Escrito por":"ritanery","Est. tempo de leitura":"1 minuto"},"schema":{"@context":"https:\/\/schema.org","@graph":[{"@type":"Article","@id":"https:\/\/radiolifefm.com.br\/noticias\/cultura-recebe-mocao-pela-realizacao-da-virada-cultural\/#article","isPartOf":{"@id":"https:\/\/radiolifefm.com.br\/noticias\/cultura-recebe-mocao-pela-realizacao-da-virada-cultural\/"},"author":{"name":"ritanery","@id":"https:\/\/radiolifefm.com.br\/noticias\/#\/schema\/person\/6339b9fac59d12b071dec680d7375d87"},"headline":"Cultura recebe Mo\u00e7\u00e3o pela realiza\u00e7\u00e3o da Virada Cultural","datePublished":"2022-08-24T00:30:08+00:00","dateModified":"2026-01-21T20:59:55+00:00","mainEntityOfPage":{"@id":"https:\/\/radiolifefm.com.br\/noticias\/cultura-recebe-mocao-pela-realizacao-da-virada-cultural\/"},"wordCount":209,"publisher":{"@id":"https:\/\/radiolifefm.com.br\/noticias\/#organization"},"image":{"@id":"https:\/\/radiolifefm.com.br\/noticias\/cultura-recebe-mocao-pela-realizacao-da-virada-cultural\/#primaryimage"},"thumbnailUrl":"https:\/\/radiolifefm.com.br\/noticias\/wp-content\/uploads\/2022\/08\/WhatsApp-Image-2022-08-23-at-14.01.08.jpeg","articleSection":["Adamantina"],"inLanguage":"pt-BR"},{"@type":"WebPage","@id":"https:\/\/radiolifefm.com.br\/noticias\/cultura-recebe-mocao-pela-realizacao-da-virada-cultural\/","url":"https:\/\/radiolifefm.com.br\/noticias\/cultura-recebe-mocao-pela-realizacao-da-virada-cultural\/","name":"Cultura recebe Mo\u00e7\u00e3o pela realiza\u00e7\u00e3o da Virada Cultural - R\u00e1dio Life FM","isPartOf":{"@id":"https:\/\/radiolifefm.com.br\/noticias\/#website"},"primaryImageOfPage":{"@id":"https:\/\/radiolifefm.com.br\/noticias\/cultura-recebe-mocao-pela-realizacao-da-virada-cultural\/#primaryimage"},"image":{"@id":"https:\/\/radiolifefm.com.br\/noticias\/cultura-recebe-mocao-pela-realizacao-da-virada-cultural\/#primaryimage"},"thumbnailUrl":"https:\/\/radiolifefm.com.br\/noticias\/wp-content\/uploads\/2022\/08\/WhatsApp-Image-2022-08-23-at-14.01.08.jpeg","datePublished":"2022-08-24T00:30:08+00:00","dateModified":"2026-01-21T20:59:55+00:00","breadcrumb":{"@id":"https:\/\/radiolifefm.com.br\/noticias\/cultura-recebe-mocao-pela-realizacao-da-virada-cultural\/#breadcrumb"},"inLanguage":"pt-BR","potentialAction":[{"@type":"ReadAction","target":["https:\/\/radiolifefm.com.br\/noticias\/cultura-recebe-mocao-pela-realizacao-da-virada-cultural\/"]}]},{"@type":"ImageObject","inLanguage":"pt-BR","@id":"https:\/\/radiolifefm.com.br\/noticias\/cultura-recebe-mocao-pela-realizacao-da-virada-cultural\/#primaryimage","url":"https:\/\/radiolifefm.com.br\/noticias\/wp-content\/uploads\/2022\/08\/WhatsApp-Image-2022-08-23-at-14.01.08.jpeg","contentUrl":"https:\/\/radiolifefm.com.br\/noticias\/wp-content\/uploads\/2022\/08\/WhatsApp-Image-2022-08-23-at-14.01.08.jpeg","width":1599,"height":1200},{"@type":"BreadcrumbList","@id":"https:\/\/radiolifefm.com.br\/noticias\/cultura-recebe-mocao-pela-realizacao-da-virada-cultural\/#breadcrumb","itemListElement":[{"@type":"ListItem","position":1,"name":"In\u00edcio","item":"https:\/\/radiolifefm.com.br\/noticias\/"},{"@type":"ListItem","position":2,"name":"Cultura recebe Mo\u00e7\u00e3o pela realiza\u00e7\u00e3o da Virada Cultural"}]},{"@type":"WebSite","@id":"https:\/\/radiolifefm.com.br\/noticias\/#website","url":"https:\/\/radiolifefm.com.br\/noticias\/","name":"R\u00e1dio Life FM","description":"O Portal de Not\u00edcias de Adamantina","publisher":{"@id":"https:\/\/radiolifefm.com.br\/noticias\/#organization"},"alternateName":"Life FM","potentialAction":[{"@type":"SearchAction","target":{"@type":"EntryPoint","urlTemplate":"https:\/\/radiolifefm.com.br\/noticias\/?s={search_term_string}"},"query-input":{"@type":"PropertyValueSpecification","valueRequired":true,"valueName":"search_term_string"}}],"inLanguage":"pt-BR"},{"@type":"Organization","@id":"https:\/\/radiolifefm.com.br\/noticias\/#organization","name":"R\u00e1dio Life FM","alternateName":"Life FM","url":"https:\/\/radiolifefm.com.br\/noticias\/","logo":{"@type":"ImageObject","inLanguage":"pt-BR","@id":"https:\/\/radiolifefm.com.br\/noticias\/#\/schema\/logo\/image\/","url":"https:\/\/static.radiolifefm.com.br\/noticias\/wp-content\/uploads\/2019\/10\/logo-lifefm.png","contentUrl":"https:\/\/static.radiolifefm.com.br\/noticias\/wp-content\/uploads\/2019\/10\/logo-lifefm.png","width":196,"height":47,"caption":"R\u00e1dio Life FM"},"image":{"@id":"https:\/\/radiolifefm.com.br\/noticias\/#\/schema\/logo\/image\/"},"sameAs":["https:\/\/www.facebook.com\/radiolifefm\/","https:\/\/www.instagram.com\/life1079fm\/"]},{"@type":"Person","@id":"https:\/\/radiolifefm.com.br\/noticias\/#\/schema\/person\/6339b9fac59d12b071dec680d7375d87","name":"ritanery","image":{"@type":"ImageObject","inLanguage":"pt-BR","@id":"https:\/\/secure.gravatar.com\/avatar\/0e37bb19071f47c0b8a23f62a903df117c5a0e75f65a0c2901562f97cd41cf86?s=96&d=mm&r=g","url":"https:\/\/secure.gravatar.com\/avatar\/0e37bb19071f47c0b8a23f62a903df117c5a0e75f65a0c2901562f97cd41cf86?s=96&d=mm&r=g","contentUrl":"https:\/\/secure.gravatar.com\/avatar\/0e37bb19071f47c0b8a23f62a903df117c5a0e75f65a0c2901562f97cd41cf86?s=96&d=mm&r=g","caption":"ritanery"}}]}},"amp_enabled":true,"_links":{"self":[{"href":"https:\/\/radiolifefm.com.br\/noticias\/wp-json\/wp\/v2\/posts\/57359","targetHints":{"allow":["GET"]}}],"collection":[{"href":"https:\/\/radiolifefm.com.br\/noticias\/wp-json\/wp\/v2\/posts"}],"about":[{"href":"https:\/\/radiolifefm.com.br\/noticias\/wp-json\/wp\/v2\/types\/post"}],"author":[{"embeddable":true,"href":"https:\/\/radiolifefm.com.br\/noticias\/wp-json\/wp\/v2\/users\/13"}],"replies":[{"embeddable":true,"href":"https:\/\/radiolifefm.com.br\/noticias\/wp-json\/wp\/v2\/comments?post=57359"}],"version-history":[{"count":2,"href":"https:\/\/radiolifefm.com.br\/noticias\/wp-json\/wp\/v2\/posts\/57359\/revisions"}],"predecessor-version":[{"id":57362,"href":"https:\/\/radiolifefm.com.br\/noticias\/wp-json\/wp\/v2\/posts\/57359\/revisions\/57362"}],"wp:featuredmedia":[{"embeddable":true,"href":"https:\/\/radiolifefm.com.br\/noticias\/wp-json\/wp\/v2\/media\/57360"}],"wp:attachment":[{"href":"https:\/\/radiolifefm.com.br\/noticias\/wp-json\/wp\/v2\/media?parent=57359"}],"wp:term":[{"taxonomy":"category","embeddable":true,"href":"https:\/\/radiolifefm.com.br\/noticias\/wp-json\/wp\/v2\/categories?post=57359"},{"taxonomy":"post_tag","embeddable":true,"href":"https:\/\/radiolifefm.com.br\/noticias\/wp-json\/wp\/v2\/tags?post=57359"}],"curies":[{"name":"wp","href":"https:\/\/api.w.org\/{rel}","templated":true}]}}