{"id":57340,"date":"2022-08-23T09:14:11","date_gmt":"2022-08-23T12:14:11","guid":{"rendered":"https:\/\/radiolifefm.com.br\/noticias\/?p=57340"},"modified":"2026-01-15T05:00:27","modified_gmt":"2026-01-15T08:00:27","slug":"cavalgada-do-bem-acontece-domingo-28","status":"publish","type":"post","link":"https:\/\/radiolifefm.com.br\/noticias\/cavalgada-do-bem-acontece-domingo-28\/","title":{"rendered":"Cavalgada do Bem acontece domingo (28)"},"content":{"rendered":"<div id=\"fb-root\"><\/div>\n<p>Abrindo a 30\u00aa edi\u00e7\u00e3o da ExpoVerde 2022, que ser\u00e1 realizada de 30 de agosto a 4 de setembro, acontece domingo (28), a Cavalgada do Bem.<\/p>\n<p>Neste ano, a iniciativa, que \u00e9 organizada por um grupo de volunt\u00e1rios, que destinar\u00e1 os recursos arrecadados para a Sociedade de S\u00e3o Vicente de Paulo (Vicentinos) e para a Casa da Sopa (Joanna de Angelis).<\/p>\n<p><strong>Trajeto<\/strong><\/p>\n<p>A sa\u00edda Cavalgada do Bem est\u00e1 marcada para \u00e0s 10h do Campus III da Unifai. De l\u00e1, os cavaleiros seguem at\u00e9 o Campus II da UniFAI, percorrem a Avenida Rio Branco at\u00e9 a altura do Banco do Brasil seguindo pela Avenida Adhemar de Barros at\u00e9 a Associa\u00e7\u00e3o dos Servidores P\u00fablicos Municipais de Adamantina (Aspuma) onde o almo\u00e7o ser\u00e1 servido a partir das 12h.<\/p>\n<p><strong>Almo\u00e7o<\/strong><\/p>\n<p>Ap\u00f3s a Cavalgada do Bem que percorre os principais trechos de Adamantina, os cavaleiros e a popula\u00e7\u00e3o em geral participam de um almo\u00e7o. O valor do convite ser\u00e1 de R$30,00 para os cavaleiros montados, sendo um cavaleiro por cavalo e dois por charrete.<\/p>\n<p>Para a popula\u00e7\u00e3o em geral, o convite tem o valor de R$40,00 e as crian\u00e7as at\u00e9 10 anos n\u00e3o pagam mediante a apresenta\u00e7\u00e3o do documento. O almo\u00e7o ter\u00e1 como card\u00e1pio: arroz, feij\u00e3o gordo, carne bovina, su\u00edna e lingui\u00e7a, mandioca, salada e farofa.<\/p>\n<p><strong>Onde adquirir os convites?<\/strong><\/p>\n<p>Os pontos de venda dos convites para o almo\u00e7o da Cavalgada do Bem s\u00e3o:<\/p>\n<p>&nbsp;<\/p>\n<ul>\n<li>Carnes e Companhia;<\/li>\n<\/ul>\n<p>&nbsp;<\/p>\n<ul>\n<li>Florada Po\u00e7os Artesianos,<\/li>\n<\/ul>\n<p>&nbsp;<\/p>\n<ul>\n<li>Centro de Equoterapia Passos que Curam;<\/li>\n<\/ul>\n<p>&nbsp;<\/p>\n<ul>\n<li>Conveni\u00eancia do Luiz;<\/li>\n<\/ul>\n<p>&nbsp;<\/p>\n<ul>\n<li>Bar e Mercearia Nossa Senhora Aparecida no Jardim Ipiranga;<\/li>\n<\/ul>\n<p>&nbsp;<\/p>\n<ul>\n<li>Wizard;<\/li>\n<\/ul>\n<p>&nbsp;<\/p>\n<ul>\n<li>Casa de Carnes Adamantina;<\/li>\n<\/ul>\n<p>&nbsp;<\/p>\n<ul>\n<li>America Country;<\/li>\n<\/ul>\n<p>&nbsp;<\/p>\n<ul>\n<li>Entidades Casa da Sopa e Vicentinos<\/li>\n<\/ul>\n<p>&nbsp;<\/p>\n<ul>\n<li>Stillo Modas<\/li>\n<\/ul>\n<p>&nbsp;<\/p>\n<p>Mais informa\u00e7\u00f5es podem ser obtidos com os volunt\u00e1rios das entidades Sociedade S\u00e3o Vicente de Paulo (Vicentinos) e da Casa da Sopa (Joanna de Angelis) ou com Matheus Parra, Gustavo Namba e Rafael Dalbelo pelos telefones (18) 98135-2410; (18)99678-9852 ou (18) 99792-9195.<\/p>\n<p>&nbsp;<\/p>\n<p>Fonte: Assessoria de Imprensa<\/p>\n","protected":false},"excerpt":{"rendered":"<p>Abrindo a 30\u00aa edi\u00e7\u00e3o da ExpoVerde 2022, que ser\u00e1 realizada de 30 de agosto a 4 de setembro, acontece domingo (28), a Cavalgada do Bem. Neste ano, a iniciativa, que \u00e9 organizada por um grupo de volunt\u00e1rios, que destinar\u00e1 os recursos arrecadados para a Sociedade de S\u00e3o Vicente de Paulo (Vicentinos) e para a Casa [&hellip;]<\/p>\n","protected":false},"author":13,"featured_media":57341,"comment_status":"open","ping_status":"open","sticky":false,"template":"","format":"standard","meta":{"_acf_changed":false,"_exactmetrics_skip_tracking":false,"_exactmetrics_sitenote_active":false,"_exactmetrics_sitenote_note":"","_exactmetrics_sitenote_category":0,"footnotes":""},"categories":[21],"tags":[],"class_list":["post-57340","post","type-post","status-publish","format-standard","has-post-thumbnail","hentry","category-adamantina"],"acf":[],"yoast_head":"<!-- This site is optimized with the Yoast SEO plugin v27.2 - https:\/\/yoast.com\/product\/yoast-seo-wordpress\/ -->\n<title>Cavalgada do Bem acontece domingo (28) - R\u00e1dio Life FM<\/title>\n<meta name=\"robots\" content=\"index, follow, max-snippet:-1, max-image-preview:large, max-video-preview:-1\" \/>\n<link rel=\"canonical\" href=\"https:\/\/radiolifefm.com.br\/noticias\/cavalgada-do-bem-acontece-domingo-28\/\" \/>\n<meta property=\"og:locale\" content=\"pt_BR\" \/>\n<meta property=\"og:type\" content=\"article\" \/>\n<meta property=\"og:title\" content=\"Cavalgada do Bem acontece domingo (28) - R\u00e1dio Life FM\" \/>\n<meta property=\"og:description\" content=\"Abrindo a 30\u00aa edi\u00e7\u00e3o da ExpoVerde 2022, que ser\u00e1 realizada de 30 de agosto a 4 de setembro, acontece domingo (28), a Cavalgada do Bem. Neste ano, a iniciativa, que \u00e9 organizada por um grupo de volunt\u00e1rios, que destinar\u00e1 os recursos arrecadados para a Sociedade de S\u00e3o Vicente de Paulo (Vicentinos) e para a Casa [&hellip;]\" \/>\n<meta property=\"og:url\" content=\"https:\/\/radiolifefm.com.br\/noticias\/cavalgada-do-bem-acontece-domingo-28\/\" \/>\n<meta property=\"og:site_name\" content=\"R\u00e1dio Life FM\" \/>\n<meta property=\"article:publisher\" content=\"https:\/\/www.facebook.com\/radiolifefm\/\" \/>\n<meta property=\"article:published_time\" content=\"2022-08-23T12:14:11+00:00\" \/>\n<meta property=\"article:modified_time\" content=\"2026-01-15T08:00:27+00:00\" \/>\n<meta property=\"og:image\" content=\"https:\/\/radiolifefm.com.br\/noticias\/wp-content\/uploads\/2022\/08\/cavalgada.jpg\" \/>\n\t<meta property=\"og:image:width\" content=\"843\" \/>\n\t<meta property=\"og:image:height\" content=\"843\" \/>\n\t<meta property=\"og:image:type\" content=\"image\/jpeg\" \/>\n<meta name=\"author\" content=\"ritanery\" \/>\n<meta name=\"twitter:card\" content=\"summary_large_image\" \/>\n<meta name=\"twitter:label1\" content=\"Escrito por\" \/>\n\t<meta name=\"twitter:data1\" content=\"ritanery\" \/>\n\t<meta name=\"twitter:label2\" content=\"Est. tempo de leitura\" \/>\n\t<meta name=\"twitter:data2\" content=\"2 minutos\" \/>\n<script type=\"application\/ld+json\" class=\"yoast-schema-graph\">{\"@context\":\"https:\/\/schema.org\",\"@graph\":[{\"@type\":\"Article\",\"@id\":\"https:\/\/radiolifefm.com.br\/noticias\/cavalgada-do-bem-acontece-domingo-28\/#article\",\"isPartOf\":{\"@id\":\"https:\/\/radiolifefm.com.br\/noticias\/cavalgada-do-bem-acontece-domingo-28\/\"},\"author\":{\"name\":\"ritanery\",\"@id\":\"https:\/\/radiolifefm.com.br\/noticias\/#\/schema\/person\/6339b9fac59d12b071dec680d7375d87\"},\"headline\":\"Cavalgada do Bem acontece domingo (28)\",\"datePublished\":\"2022-08-23T12:14:11+00:00\",\"dateModified\":\"2026-01-15T08:00:27+00:00\",\"mainEntityOfPage\":{\"@id\":\"https:\/\/radiolifefm.com.br\/noticias\/cavalgada-do-bem-acontece-domingo-28\/\"},\"wordCount\":347,\"commentCount\":0,\"publisher\":{\"@id\":\"https:\/\/radiolifefm.com.br\/noticias\/#organization\"},\"image\":{\"@id\":\"https:\/\/radiolifefm.com.br\/noticias\/cavalgada-do-bem-acontece-domingo-28\/#primaryimage\"},\"thumbnailUrl\":\"https:\/\/radiolifefm.com.br\/noticias\/wp-content\/uploads\/2022\/08\/cavalgada.jpg\",\"articleSection\":[\"Adamantina\"],\"inLanguage\":\"pt-BR\",\"potentialAction\":[{\"@type\":\"CommentAction\",\"name\":\"Comment\",\"target\":[\"https:\/\/radiolifefm.com.br\/noticias\/cavalgada-do-bem-acontece-domingo-28\/#respond\"]}]},{\"@type\":\"WebPage\",\"@id\":\"https:\/\/radiolifefm.com.br\/noticias\/cavalgada-do-bem-acontece-domingo-28\/\",\"url\":\"https:\/\/radiolifefm.com.br\/noticias\/cavalgada-do-bem-acontece-domingo-28\/\",\"name\":\"Cavalgada do Bem acontece domingo (28) - R\u00e1dio Life FM\",\"isPartOf\":{\"@id\":\"https:\/\/radiolifefm.com.br\/noticias\/#website\"},\"primaryImageOfPage\":{\"@id\":\"https:\/\/radiolifefm.com.br\/noticias\/cavalgada-do-bem-acontece-domingo-28\/#primaryimage\"},\"image\":{\"@id\":\"https:\/\/radiolifefm.com.br\/noticias\/cavalgada-do-bem-acontece-domingo-28\/#primaryimage\"},\"thumbnailUrl\":\"https:\/\/radiolifefm.com.br\/noticias\/wp-content\/uploads\/2022\/08\/cavalgada.jpg\",\"datePublished\":\"2022-08-23T12:14:11+00:00\",\"dateModified\":\"2026-01-15T08:00:27+00:00\",\"breadcrumb\":{\"@id\":\"https:\/\/radiolifefm.com.br\/noticias\/cavalgada-do-bem-acontece-domingo-28\/#breadcrumb\"},\"inLanguage\":\"pt-BR\",\"potentialAction\":[{\"@type\":\"ReadAction\",\"target\":[\"https:\/\/radiolifefm.com.br\/noticias\/cavalgada-do-bem-acontece-domingo-28\/\"]}]},{\"@type\":\"ImageObject\",\"inLanguage\":\"pt-BR\",\"@id\":\"https:\/\/radiolifefm.com.br\/noticias\/cavalgada-do-bem-acontece-domingo-28\/#primaryimage\",\"url\":\"https:\/\/radiolifefm.com.br\/noticias\/wp-content\/uploads\/2022\/08\/cavalgada.jpg\",\"contentUrl\":\"https:\/\/radiolifefm.com.br\/noticias\/wp-content\/uploads\/2022\/08\/cavalgada.jpg\",\"width\":843,\"height\":843},{\"@type\":\"BreadcrumbList\",\"@id\":\"https:\/\/radiolifefm.com.br\/noticias\/cavalgada-do-bem-acontece-domingo-28\/#breadcrumb\",\"itemListElement\":[{\"@type\":\"ListItem\",\"position\":1,\"name\":\"In\u00edcio\",\"item\":\"https:\/\/radiolifefm.com.br\/noticias\/\"},{\"@type\":\"ListItem\",\"position\":2,\"name\":\"Cavalgada do Bem acontece domingo (28)\"}]},{\"@type\":\"WebSite\",\"@id\":\"https:\/\/radiolifefm.com.br\/noticias\/#website\",\"url\":\"https:\/\/radiolifefm.com.br\/noticias\/\",\"name\":\"R\u00e1dio Life FM\",\"description\":\"O Portal de Not\u00edcias de Adamantina\",\"publisher\":{\"@id\":\"https:\/\/radiolifefm.com.br\/noticias\/#organization\"},\"alternateName\":\"Life FM\",\"potentialAction\":[{\"@type\":\"SearchAction\",\"target\":{\"@type\":\"EntryPoint\",\"urlTemplate\":\"https:\/\/radiolifefm.com.br\/noticias\/?s={search_term_string}\"},\"query-input\":{\"@type\":\"PropertyValueSpecification\",\"valueRequired\":true,\"valueName\":\"search_term_string\"}}],\"inLanguage\":\"pt-BR\"},{\"@type\":\"Organization\",\"@id\":\"https:\/\/radiolifefm.com.br\/noticias\/#organization\",\"name\":\"R\u00e1dio Life FM\",\"alternateName\":\"Life FM\",\"url\":\"https:\/\/radiolifefm.com.br\/noticias\/\",\"logo\":{\"@type\":\"ImageObject\",\"inLanguage\":\"pt-BR\",\"@id\":\"https:\/\/radiolifefm.com.br\/noticias\/#\/schema\/logo\/image\/\",\"url\":\"https:\/\/static.radiolifefm.com.br\/noticias\/wp-content\/uploads\/2019\/10\/logo-lifefm.png\",\"contentUrl\":\"https:\/\/static.radiolifefm.com.br\/noticias\/wp-content\/uploads\/2019\/10\/logo-lifefm.png\",\"width\":196,\"height\":47,\"caption\":\"R\u00e1dio Life FM\"},\"image\":{\"@id\":\"https:\/\/radiolifefm.com.br\/noticias\/#\/schema\/logo\/image\/\"},\"sameAs\":[\"https:\/\/www.facebook.com\/radiolifefm\/\",\"https:\/\/www.instagram.com\/life1079fm\/\"]},{\"@type\":\"Person\",\"@id\":\"https:\/\/radiolifefm.com.br\/noticias\/#\/schema\/person\/6339b9fac59d12b071dec680d7375d87\",\"name\":\"ritanery\",\"image\":{\"@type\":\"ImageObject\",\"inLanguage\":\"pt-BR\",\"@id\":\"https:\/\/secure.gravatar.com\/avatar\/0e37bb19071f47c0b8a23f62a903df117c5a0e75f65a0c2901562f97cd41cf86?s=96&d=mm&r=g\",\"url\":\"https:\/\/secure.gravatar.com\/avatar\/0e37bb19071f47c0b8a23f62a903df117c5a0e75f65a0c2901562f97cd41cf86?s=96&d=mm&r=g\",\"contentUrl\":\"https:\/\/secure.gravatar.com\/avatar\/0e37bb19071f47c0b8a23f62a903df117c5a0e75f65a0c2901562f97cd41cf86?s=96&d=mm&r=g\",\"caption\":\"ritanery\"}}]}<\/script>\n<!-- \/ Yoast SEO plugin. -->","yoast_head_json":{"title":"Cavalgada do Bem acontece domingo (28) - R\u00e1dio Life FM","robots":{"index":"index","follow":"follow","max-snippet":"max-snippet:-1","max-image-preview":"max-image-preview:large","max-video-preview":"max-video-preview:-1"},"canonical":"https:\/\/radiolifefm.com.br\/noticias\/cavalgada-do-bem-acontece-domingo-28\/","og_locale":"pt_BR","og_type":"article","og_title":"Cavalgada do Bem acontece domingo (28) - R\u00e1dio Life FM","og_description":"Abrindo a 30\u00aa edi\u00e7\u00e3o da ExpoVerde 2022, que ser\u00e1 realizada de 30 de agosto a 4 de setembro, acontece domingo (28), a Cavalgada do Bem. Neste ano, a iniciativa, que \u00e9 organizada por um grupo de volunt\u00e1rios, que destinar\u00e1 os recursos arrecadados para a Sociedade de S\u00e3o Vicente de Paulo (Vicentinos) e para a Casa [&hellip;]","og_url":"https:\/\/radiolifefm.com.br\/noticias\/cavalgada-do-bem-acontece-domingo-28\/","og_site_name":"R\u00e1dio Life FM","article_publisher":"https:\/\/www.facebook.com\/radiolifefm\/","article_published_time":"2022-08-23T12:14:11+00:00","article_modified_time":"2026-01-15T08:00:27+00:00","og_image":[{"width":843,"height":843,"url":"https:\/\/radiolifefm.com.br\/noticias\/wp-content\/uploads\/2022\/08\/cavalgada.jpg","type":"image\/jpeg"}],"author":"ritanery","twitter_card":"summary_large_image","twitter_misc":{"Escrito por":"ritanery","Est. tempo de leitura":"2 minutos"},"schema":{"@context":"https:\/\/schema.org","@graph":[{"@type":"Article","@id":"https:\/\/radiolifefm.com.br\/noticias\/cavalgada-do-bem-acontece-domingo-28\/#article","isPartOf":{"@id":"https:\/\/radiolifefm.com.br\/noticias\/cavalgada-do-bem-acontece-domingo-28\/"},"author":{"name":"ritanery","@id":"https:\/\/radiolifefm.com.br\/noticias\/#\/schema\/person\/6339b9fac59d12b071dec680d7375d87"},"headline":"Cavalgada do Bem acontece domingo (28)","datePublished":"2022-08-23T12:14:11+00:00","dateModified":"2026-01-15T08:00:27+00:00","mainEntityOfPage":{"@id":"https:\/\/radiolifefm.com.br\/noticias\/cavalgada-do-bem-acontece-domingo-28\/"},"wordCount":347,"commentCount":0,"publisher":{"@id":"https:\/\/radiolifefm.com.br\/noticias\/#organization"},"image":{"@id":"https:\/\/radiolifefm.com.br\/noticias\/cavalgada-do-bem-acontece-domingo-28\/#primaryimage"},"thumbnailUrl":"https:\/\/radiolifefm.com.br\/noticias\/wp-content\/uploads\/2022\/08\/cavalgada.jpg","articleSection":["Adamantina"],"inLanguage":"pt-BR","potentialAction":[{"@type":"CommentAction","name":"Comment","target":["https:\/\/radiolifefm.com.br\/noticias\/cavalgada-do-bem-acontece-domingo-28\/#respond"]}]},{"@type":"WebPage","@id":"https:\/\/radiolifefm.com.br\/noticias\/cavalgada-do-bem-acontece-domingo-28\/","url":"https:\/\/radiolifefm.com.br\/noticias\/cavalgada-do-bem-acontece-domingo-28\/","name":"Cavalgada do Bem acontece domingo (28) - R\u00e1dio Life FM","isPartOf":{"@id":"https:\/\/radiolifefm.com.br\/noticias\/#website"},"primaryImageOfPage":{"@id":"https:\/\/radiolifefm.com.br\/noticias\/cavalgada-do-bem-acontece-domingo-28\/#primaryimage"},"image":{"@id":"https:\/\/radiolifefm.com.br\/noticias\/cavalgada-do-bem-acontece-domingo-28\/#primaryimage"},"thumbnailUrl":"https:\/\/radiolifefm.com.br\/noticias\/wp-content\/uploads\/2022\/08\/cavalgada.jpg","datePublished":"2022-08-23T12:14:11+00:00","dateModified":"2026-01-15T08:00:27+00:00","breadcrumb":{"@id":"https:\/\/radiolifefm.com.br\/noticias\/cavalgada-do-bem-acontece-domingo-28\/#breadcrumb"},"inLanguage":"pt-BR","potentialAction":[{"@type":"ReadAction","target":["https:\/\/radiolifefm.com.br\/noticias\/cavalgada-do-bem-acontece-domingo-28\/"]}]},{"@type":"ImageObject","inLanguage":"pt-BR","@id":"https:\/\/radiolifefm.com.br\/noticias\/cavalgada-do-bem-acontece-domingo-28\/#primaryimage","url":"https:\/\/radiolifefm.com.br\/noticias\/wp-content\/uploads\/2022\/08\/cavalgada.jpg","contentUrl":"https:\/\/radiolifefm.com.br\/noticias\/wp-content\/uploads\/2022\/08\/cavalgada.jpg","width":843,"height":843},{"@type":"BreadcrumbList","@id":"https:\/\/radiolifefm.com.br\/noticias\/cavalgada-do-bem-acontece-domingo-28\/#breadcrumb","itemListElement":[{"@type":"ListItem","position":1,"name":"In\u00edcio","item":"https:\/\/radiolifefm.com.br\/noticias\/"},{"@type":"ListItem","position":2,"name":"Cavalgada do Bem acontece domingo (28)"}]},{"@type":"WebSite","@id":"https:\/\/radiolifefm.com.br\/noticias\/#website","url":"https:\/\/radiolifefm.com.br\/noticias\/","name":"R\u00e1dio Life FM","description":"O Portal de Not\u00edcias de Adamantina","publisher":{"@id":"https:\/\/radiolifefm.com.br\/noticias\/#organization"},"alternateName":"Life FM","potentialAction":[{"@type":"SearchAction","target":{"@type":"EntryPoint","urlTemplate":"https:\/\/radiolifefm.com.br\/noticias\/?s={search_term_string}"},"query-input":{"@type":"PropertyValueSpecification","valueRequired":true,"valueName":"search_term_string"}}],"inLanguage":"pt-BR"},{"@type":"Organization","@id":"https:\/\/radiolifefm.com.br\/noticias\/#organization","name":"R\u00e1dio Life FM","alternateName":"Life FM","url":"https:\/\/radiolifefm.com.br\/noticias\/","logo":{"@type":"ImageObject","inLanguage":"pt-BR","@id":"https:\/\/radiolifefm.com.br\/noticias\/#\/schema\/logo\/image\/","url":"https:\/\/static.radiolifefm.com.br\/noticias\/wp-content\/uploads\/2019\/10\/logo-lifefm.png","contentUrl":"https:\/\/static.radiolifefm.com.br\/noticias\/wp-content\/uploads\/2019\/10\/logo-lifefm.png","width":196,"height":47,"caption":"R\u00e1dio Life FM"},"image":{"@id":"https:\/\/radiolifefm.com.br\/noticias\/#\/schema\/logo\/image\/"},"sameAs":["https:\/\/www.facebook.com\/radiolifefm\/","https:\/\/www.instagram.com\/life1079fm\/"]},{"@type":"Person","@id":"https:\/\/radiolifefm.com.br\/noticias\/#\/schema\/person\/6339b9fac59d12b071dec680d7375d87","name":"ritanery","image":{"@type":"ImageObject","inLanguage":"pt-BR","@id":"https:\/\/secure.gravatar.com\/avatar\/0e37bb19071f47c0b8a23f62a903df117c5a0e75f65a0c2901562f97cd41cf86?s=96&d=mm&r=g","url":"https:\/\/secure.gravatar.com\/avatar\/0e37bb19071f47c0b8a23f62a903df117c5a0e75f65a0c2901562f97cd41cf86?s=96&d=mm&r=g","contentUrl":"https:\/\/secure.gravatar.com\/avatar\/0e37bb19071f47c0b8a23f62a903df117c5a0e75f65a0c2901562f97cd41cf86?s=96&d=mm&r=g","caption":"ritanery"}}]}},"amp_enabled":true,"_links":{"self":[{"href":"https:\/\/radiolifefm.com.br\/noticias\/wp-json\/wp\/v2\/posts\/57340","targetHints":{"allow":["GET"]}}],"collection":[{"href":"https:\/\/radiolifefm.com.br\/noticias\/wp-json\/wp\/v2\/posts"}],"about":[{"href":"https:\/\/radiolifefm.com.br\/noticias\/wp-json\/wp\/v2\/types\/post"}],"author":[{"embeddable":true,"href":"https:\/\/radiolifefm.com.br\/noticias\/wp-json\/wp\/v2\/users\/13"}],"replies":[{"embeddable":true,"href":"https:\/\/radiolifefm.com.br\/noticias\/wp-json\/wp\/v2\/comments?post=57340"}],"version-history":[{"count":1,"href":"https:\/\/radiolifefm.com.br\/noticias\/wp-json\/wp\/v2\/posts\/57340\/revisions"}],"predecessor-version":[{"id":57342,"href":"https:\/\/radiolifefm.com.br\/noticias\/wp-json\/wp\/v2\/posts\/57340\/revisions\/57342"}],"wp:featuredmedia":[{"embeddable":true,"href":"https:\/\/radiolifefm.com.br\/noticias\/wp-json\/wp\/v2\/media\/57341"}],"wp:attachment":[{"href":"https:\/\/radiolifefm.com.br\/noticias\/wp-json\/wp\/v2\/media?parent=57340"}],"wp:term":[{"taxonomy":"category","embeddable":true,"href":"https:\/\/radiolifefm.com.br\/noticias\/wp-json\/wp\/v2\/categories?post=57340"},{"taxonomy":"post_tag","embeddable":true,"href":"https:\/\/radiolifefm.com.br\/noticias\/wp-json\/wp\/v2\/tags?post=57340"}],"curies":[{"name":"wp","href":"https:\/\/api.w.org\/{rel}","templated":true}]}}