{"id":57319,"date":"2022-08-22T19:29:01","date_gmt":"2022-08-22T22:29:01","guid":{"rendered":"https:\/\/radiolifefm.com.br\/noticias\/?p=57319"},"modified":"2026-04-12T22:56:20","modified_gmt":"2026-04-13T01:56:20","slug":"prefeitura-de-adamantina-e-parceiros-realizam-acoes-de-conscientizacao-do-combate-a-violencia-contra-a-mulher","status":"publish","type":"post","link":"https:\/\/radiolifefm.com.br\/noticias\/prefeitura-de-adamantina-e-parceiros-realizam-acoes-de-conscientizacao-do-combate-a-violencia-contra-a-mulher\/","title":{"rendered":"Prefeitura de Adamantina e parceiros realizam a\u00e7\u00f5es de conscientiza\u00e7\u00e3o do combate \u00e0 viol\u00eancia contra a mulher"},"content":{"rendered":"<div id=\"fb-root\"><\/div>\n<p>A Prefeitura de Adamantina, por meio da Secretaria de Assist\u00eancia Social e seus equipamentos CREAS e CRAS, est\u00e1 realizando a\u00e7\u00f5es durante o \u201cAgosto Lil\u00e1s \u2013 M\u00eas de Conscientiza\u00e7\u00e3o do Combate a Viol\u00eancia Contra a Mulher\u201d.<\/p>\n<p>Entre as a\u00e7\u00f5es, est\u00e1 a realiza\u00e7\u00e3o no s\u00e1bado, 27 de agosto, da 1\u00aa Caminhada pelo Fim da Viol\u00eancia Dom\u00e9stica. A iniciativa \u00e9 da Comiss\u00e3o da Mulher Advogada da 59\u00aa Subse\u00e7\u00e3o de Adamantina.<\/p>\n<p>O ponto de partida ser\u00e1 a Casa da Advocacia e Cidadania de Adamantina, situada na Avenida Santo Ant\u00f4nio, 86, tendo como destino a Pra\u00e7a \u00c9lio Micheloni.<\/p>\n<div><\/div>\n<div>Ap\u00f3s o percurso, os participantes seguir\u00e3o para o Jardim Bela Vista para panfletagem. O local foi escolhido em virtude da realiza\u00e7\u00e3o do \u201cMeu Bairro em A\u00e7\u00e3o\u201d.<\/p>\n<p>A Secretaria de Assist\u00eancia Social, CRAS, CREAS, Delegacia da Mulher e Poder Judici\u00e1rio s\u00e3o parceiros da a\u00e7\u00e3o.<\/p>\n<p>No dia 30, no Anfiteatro Fernando Paloni, ser\u00e1 realizada uma palestra com o tema \u201cMulher: sua voz, sua for\u00e7a\u201d.<\/p>\n<p>A apresenta\u00e7\u00e3o \u00e9 destinada \u00e0s fam\u00edlias que s\u00e3o referenciadas no Servi\u00e7o de Conviv\u00eancia e Fortalecimento de V\u00ednculos, aos profissionais de sa\u00fade e \u00e0 popula\u00e7\u00e3o que desejar obter mais conhecimento sobre a tem\u00e1tica.<\/p><\/div>\n<div><\/div>\n<div><\/div>\n<div>Fonte: Assessoria de Imprensa<\/div>\n","protected":false},"excerpt":{"rendered":"<p>A Prefeitura de Adamantina, por meio da Secretaria de Assist\u00eancia Social e seus equipamentos CREAS e CRAS, est\u00e1 realizando a\u00e7\u00f5es durante o \u201cAgosto Lil\u00e1s \u2013 M\u00eas de Conscientiza\u00e7\u00e3o do Combate a Viol\u00eancia Contra a Mulher\u201d. Entre as a\u00e7\u00f5es, est\u00e1 a realiza\u00e7\u00e3o no s\u00e1bado, 27 de agosto, da 1\u00aa Caminhada pelo Fim da Viol\u00eancia Dom\u00e9stica. A [&hellip;]<\/p>\n","protected":false},"author":13,"featured_media":57320,"comment_status":"closed","ping_status":"open","sticky":false,"template":"","format":"standard","meta":{"_acf_changed":false,"_exactmetrics_skip_tracking":false,"_exactmetrics_sitenote_active":false,"_exactmetrics_sitenote_note":"","_exactmetrics_sitenote_category":0,"footnotes":""},"categories":[21],"tags":[],"class_list":["post-57319","post","type-post","status-publish","format-standard","has-post-thumbnail","hentry","category-adamantina"],"acf":[],"yoast_head":"<!-- This site is optimized with the Yoast SEO plugin v27.2 - https:\/\/yoast.com\/product\/yoast-seo-wordpress\/ -->\n<title>Prefeitura de Adamantina e parceiros realizam a\u00e7\u00f5es de conscientiza\u00e7\u00e3o do combate \u00e0 viol\u00eancia contra a mulher - R\u00e1dio Life FM<\/title>\n<meta name=\"robots\" content=\"index, follow, max-snippet:-1, max-image-preview:large, max-video-preview:-1\" \/>\n<link rel=\"canonical\" href=\"https:\/\/radiolifefm.com.br\/noticias\/prefeitura-de-adamantina-e-parceiros-realizam-acoes-de-conscientizacao-do-combate-a-violencia-contra-a-mulher\/\" \/>\n<meta property=\"og:locale\" content=\"pt_BR\" \/>\n<meta property=\"og:type\" content=\"article\" \/>\n<meta property=\"og:title\" content=\"Prefeitura de Adamantina e parceiros realizam a\u00e7\u00f5es de conscientiza\u00e7\u00e3o do combate \u00e0 viol\u00eancia contra a mulher - R\u00e1dio Life FM\" \/>\n<meta property=\"og:description\" content=\"A Prefeitura de Adamantina, por meio da Secretaria de Assist\u00eancia Social e seus equipamentos CREAS e CRAS, est\u00e1 realizando a\u00e7\u00f5es durante o \u201cAgosto Lil\u00e1s \u2013 M\u00eas de Conscientiza\u00e7\u00e3o do Combate a Viol\u00eancia Contra a Mulher\u201d. Entre as a\u00e7\u00f5es, est\u00e1 a realiza\u00e7\u00e3o no s\u00e1bado, 27 de agosto, da 1\u00aa Caminhada pelo Fim da Viol\u00eancia Dom\u00e9stica. A [&hellip;]\" \/>\n<meta property=\"og:url\" content=\"https:\/\/radiolifefm.com.br\/noticias\/prefeitura-de-adamantina-e-parceiros-realizam-acoes-de-conscientizacao-do-combate-a-violencia-contra-a-mulher\/\" \/>\n<meta property=\"og:site_name\" content=\"R\u00e1dio Life FM\" \/>\n<meta property=\"article:publisher\" content=\"https:\/\/www.facebook.com\/radiolifefm\/\" \/>\n<meta property=\"article:published_time\" content=\"2022-08-22T22:29:01+00:00\" \/>\n<meta property=\"article:modified_time\" content=\"2026-04-13T01:56:20+00:00\" \/>\n<meta property=\"og:image\" content=\"https:\/\/radiolifefm.com.br\/noticias\/wp-content\/uploads\/2022\/08\/download-2.jpeg\" \/>\n\t<meta property=\"og:image:width\" content=\"266\" \/>\n\t<meta property=\"og:image:height\" content=\"190\" \/>\n\t<meta property=\"og:image:type\" content=\"image\/jpeg\" \/>\n<meta name=\"author\" content=\"ritanery\" \/>\n<meta name=\"twitter:card\" content=\"summary_large_image\" \/>\n<meta name=\"twitter:label1\" content=\"Escrito por\" \/>\n\t<meta name=\"twitter:data1\" content=\"ritanery\" \/>\n\t<meta name=\"twitter:label2\" content=\"Est. tempo de leitura\" \/>\n\t<meta name=\"twitter:data2\" content=\"2 minutos\" \/>\n<script type=\"application\/ld+json\" class=\"yoast-schema-graph\">{\"@context\":\"https:\/\/schema.org\",\"@graph\":[{\"@type\":\"Article\",\"@id\":\"https:\/\/radiolifefm.com.br\/noticias\/prefeitura-de-adamantina-e-parceiros-realizam-acoes-de-conscientizacao-do-combate-a-violencia-contra-a-mulher\/#article\",\"isPartOf\":{\"@id\":\"https:\/\/radiolifefm.com.br\/noticias\/prefeitura-de-adamantina-e-parceiros-realizam-acoes-de-conscientizacao-do-combate-a-violencia-contra-a-mulher\/\"},\"author\":{\"name\":\"ritanery\",\"@id\":\"https:\/\/radiolifefm.com.br\/noticias\/#\/schema\/person\/6339b9fac59d12b071dec680d7375d87\"},\"headline\":\"Prefeitura de Adamantina e parceiros realizam a\u00e7\u00f5es de conscientiza\u00e7\u00e3o do combate \u00e0 viol\u00eancia contra a mulher\",\"datePublished\":\"2022-08-22T22:29:01+00:00\",\"dateModified\":\"2026-04-13T01:56:20+00:00\",\"mainEntityOfPage\":{\"@id\":\"https:\/\/radiolifefm.com.br\/noticias\/prefeitura-de-adamantina-e-parceiros-realizam-acoes-de-conscientizacao-do-combate-a-violencia-contra-a-mulher\/\"},\"wordCount\":233,\"publisher\":{\"@id\":\"https:\/\/radiolifefm.com.br\/noticias\/#organization\"},\"image\":{\"@id\":\"https:\/\/radiolifefm.com.br\/noticias\/prefeitura-de-adamantina-e-parceiros-realizam-acoes-de-conscientizacao-do-combate-a-violencia-contra-a-mulher\/#primaryimage\"},\"thumbnailUrl\":\"https:\/\/radiolifefm.com.br\/noticias\/wp-content\/uploads\/2022\/08\/download-2.jpeg\",\"articleSection\":[\"Adamantina\"],\"inLanguage\":\"pt-BR\"},{\"@type\":\"WebPage\",\"@id\":\"https:\/\/radiolifefm.com.br\/noticias\/prefeitura-de-adamantina-e-parceiros-realizam-acoes-de-conscientizacao-do-combate-a-violencia-contra-a-mulher\/\",\"url\":\"https:\/\/radiolifefm.com.br\/noticias\/prefeitura-de-adamantina-e-parceiros-realizam-acoes-de-conscientizacao-do-combate-a-violencia-contra-a-mulher\/\",\"name\":\"Prefeitura de Adamantina e parceiros realizam a\u00e7\u00f5es de conscientiza\u00e7\u00e3o do combate \u00e0 viol\u00eancia contra a mulher - R\u00e1dio Life FM\",\"isPartOf\":{\"@id\":\"https:\/\/radiolifefm.com.br\/noticias\/#website\"},\"primaryImageOfPage\":{\"@id\":\"https:\/\/radiolifefm.com.br\/noticias\/prefeitura-de-adamantina-e-parceiros-realizam-acoes-de-conscientizacao-do-combate-a-violencia-contra-a-mulher\/#primaryimage\"},\"image\":{\"@id\":\"https:\/\/radiolifefm.com.br\/noticias\/prefeitura-de-adamantina-e-parceiros-realizam-acoes-de-conscientizacao-do-combate-a-violencia-contra-a-mulher\/#primaryimage\"},\"thumbnailUrl\":\"https:\/\/radiolifefm.com.br\/noticias\/wp-content\/uploads\/2022\/08\/download-2.jpeg\",\"datePublished\":\"2022-08-22T22:29:01+00:00\",\"dateModified\":\"2026-04-13T01:56:20+00:00\",\"breadcrumb\":{\"@id\":\"https:\/\/radiolifefm.com.br\/noticias\/prefeitura-de-adamantina-e-parceiros-realizam-acoes-de-conscientizacao-do-combate-a-violencia-contra-a-mulher\/#breadcrumb\"},\"inLanguage\":\"pt-BR\",\"potentialAction\":[{\"@type\":\"ReadAction\",\"target\":[\"https:\/\/radiolifefm.com.br\/noticias\/prefeitura-de-adamantina-e-parceiros-realizam-acoes-de-conscientizacao-do-combate-a-violencia-contra-a-mulher\/\"]}]},{\"@type\":\"ImageObject\",\"inLanguage\":\"pt-BR\",\"@id\":\"https:\/\/radiolifefm.com.br\/noticias\/prefeitura-de-adamantina-e-parceiros-realizam-acoes-de-conscientizacao-do-combate-a-violencia-contra-a-mulher\/#primaryimage\",\"url\":\"https:\/\/radiolifefm.com.br\/noticias\/wp-content\/uploads\/2022\/08\/download-2.jpeg\",\"contentUrl\":\"https:\/\/radiolifefm.com.br\/noticias\/wp-content\/uploads\/2022\/08\/download-2.jpeg\",\"width\":266,\"height\":190},{\"@type\":\"BreadcrumbList\",\"@id\":\"https:\/\/radiolifefm.com.br\/noticias\/prefeitura-de-adamantina-e-parceiros-realizam-acoes-de-conscientizacao-do-combate-a-violencia-contra-a-mulher\/#breadcrumb\",\"itemListElement\":[{\"@type\":\"ListItem\",\"position\":1,\"name\":\"In\u00edcio\",\"item\":\"https:\/\/radiolifefm.com.br\/noticias\/\"},{\"@type\":\"ListItem\",\"position\":2,\"name\":\"Prefeitura de Adamantina e parceiros realizam a\u00e7\u00f5es de conscientiza\u00e7\u00e3o do combate \u00e0 viol\u00eancia contra a mulher\"}]},{\"@type\":\"WebSite\",\"@id\":\"https:\/\/radiolifefm.com.br\/noticias\/#website\",\"url\":\"https:\/\/radiolifefm.com.br\/noticias\/\",\"name\":\"R\u00e1dio Life FM\",\"description\":\"O Portal de Not\u00edcias de Adamantina\",\"publisher\":{\"@id\":\"https:\/\/radiolifefm.com.br\/noticias\/#organization\"},\"alternateName\":\"Life FM\",\"potentialAction\":[{\"@type\":\"SearchAction\",\"target\":{\"@type\":\"EntryPoint\",\"urlTemplate\":\"https:\/\/radiolifefm.com.br\/noticias\/?s={search_term_string}\"},\"query-input\":{\"@type\":\"PropertyValueSpecification\",\"valueRequired\":true,\"valueName\":\"search_term_string\"}}],\"inLanguage\":\"pt-BR\"},{\"@type\":\"Organization\",\"@id\":\"https:\/\/radiolifefm.com.br\/noticias\/#organization\",\"name\":\"R\u00e1dio Life FM\",\"alternateName\":\"Life FM\",\"url\":\"https:\/\/radiolifefm.com.br\/noticias\/\",\"logo\":{\"@type\":\"ImageObject\",\"inLanguage\":\"pt-BR\",\"@id\":\"https:\/\/radiolifefm.com.br\/noticias\/#\/schema\/logo\/image\/\",\"url\":\"https:\/\/static.radiolifefm.com.br\/noticias\/wp-content\/uploads\/2019\/10\/logo-lifefm.png\",\"contentUrl\":\"https:\/\/static.radiolifefm.com.br\/noticias\/wp-content\/uploads\/2019\/10\/logo-lifefm.png\",\"width\":196,\"height\":47,\"caption\":\"R\u00e1dio Life FM\"},\"image\":{\"@id\":\"https:\/\/radiolifefm.com.br\/noticias\/#\/schema\/logo\/image\/\"},\"sameAs\":[\"https:\/\/www.facebook.com\/radiolifefm\/\",\"https:\/\/www.instagram.com\/life1079fm\/\"]},{\"@type\":\"Person\",\"@id\":\"https:\/\/radiolifefm.com.br\/noticias\/#\/schema\/person\/6339b9fac59d12b071dec680d7375d87\",\"name\":\"ritanery\",\"image\":{\"@type\":\"ImageObject\",\"inLanguage\":\"pt-BR\",\"@id\":\"https:\/\/secure.gravatar.com\/avatar\/0e37bb19071f47c0b8a23f62a903df117c5a0e75f65a0c2901562f97cd41cf86?s=96&d=mm&r=g\",\"url\":\"https:\/\/secure.gravatar.com\/avatar\/0e37bb19071f47c0b8a23f62a903df117c5a0e75f65a0c2901562f97cd41cf86?s=96&d=mm&r=g\",\"contentUrl\":\"https:\/\/secure.gravatar.com\/avatar\/0e37bb19071f47c0b8a23f62a903df117c5a0e75f65a0c2901562f97cd41cf86?s=96&d=mm&r=g\",\"caption\":\"ritanery\"}}]}<\/script>\n<!-- \/ Yoast SEO plugin. -->","yoast_head_json":{"title":"Prefeitura de Adamantina e parceiros realizam a\u00e7\u00f5es de conscientiza\u00e7\u00e3o do combate \u00e0 viol\u00eancia contra a mulher - R\u00e1dio Life FM","robots":{"index":"index","follow":"follow","max-snippet":"max-snippet:-1","max-image-preview":"max-image-preview:large","max-video-preview":"max-video-preview:-1"},"canonical":"https:\/\/radiolifefm.com.br\/noticias\/prefeitura-de-adamantina-e-parceiros-realizam-acoes-de-conscientizacao-do-combate-a-violencia-contra-a-mulher\/","og_locale":"pt_BR","og_type":"article","og_title":"Prefeitura de Adamantina e parceiros realizam a\u00e7\u00f5es de conscientiza\u00e7\u00e3o do combate \u00e0 viol\u00eancia contra a mulher - R\u00e1dio Life FM","og_description":"A Prefeitura de Adamantina, por meio da Secretaria de Assist\u00eancia Social e seus equipamentos CREAS e CRAS, est\u00e1 realizando a\u00e7\u00f5es durante o \u201cAgosto Lil\u00e1s \u2013 M\u00eas de Conscientiza\u00e7\u00e3o do Combate a Viol\u00eancia Contra a Mulher\u201d. Entre as a\u00e7\u00f5es, est\u00e1 a realiza\u00e7\u00e3o no s\u00e1bado, 27 de agosto, da 1\u00aa Caminhada pelo Fim da Viol\u00eancia Dom\u00e9stica. A [&hellip;]","og_url":"https:\/\/radiolifefm.com.br\/noticias\/prefeitura-de-adamantina-e-parceiros-realizam-acoes-de-conscientizacao-do-combate-a-violencia-contra-a-mulher\/","og_site_name":"R\u00e1dio Life FM","article_publisher":"https:\/\/www.facebook.com\/radiolifefm\/","article_published_time":"2022-08-22T22:29:01+00:00","article_modified_time":"2026-04-13T01:56:20+00:00","og_image":[{"width":266,"height":190,"url":"https:\/\/radiolifefm.com.br\/noticias\/wp-content\/uploads\/2022\/08\/download-2.jpeg","type":"image\/jpeg"}],"author":"ritanery","twitter_card":"summary_large_image","twitter_misc":{"Escrito por":"ritanery","Est. tempo de leitura":"2 minutos"},"schema":{"@context":"https:\/\/schema.org","@graph":[{"@type":"Article","@id":"https:\/\/radiolifefm.com.br\/noticias\/prefeitura-de-adamantina-e-parceiros-realizam-acoes-de-conscientizacao-do-combate-a-violencia-contra-a-mulher\/#article","isPartOf":{"@id":"https:\/\/radiolifefm.com.br\/noticias\/prefeitura-de-adamantina-e-parceiros-realizam-acoes-de-conscientizacao-do-combate-a-violencia-contra-a-mulher\/"},"author":{"name":"ritanery","@id":"https:\/\/radiolifefm.com.br\/noticias\/#\/schema\/person\/6339b9fac59d12b071dec680d7375d87"},"headline":"Prefeitura de Adamantina e parceiros realizam a\u00e7\u00f5es de conscientiza\u00e7\u00e3o do combate \u00e0 viol\u00eancia contra a mulher","datePublished":"2022-08-22T22:29:01+00:00","dateModified":"2026-04-13T01:56:20+00:00","mainEntityOfPage":{"@id":"https:\/\/radiolifefm.com.br\/noticias\/prefeitura-de-adamantina-e-parceiros-realizam-acoes-de-conscientizacao-do-combate-a-violencia-contra-a-mulher\/"},"wordCount":233,"publisher":{"@id":"https:\/\/radiolifefm.com.br\/noticias\/#organization"},"image":{"@id":"https:\/\/radiolifefm.com.br\/noticias\/prefeitura-de-adamantina-e-parceiros-realizam-acoes-de-conscientizacao-do-combate-a-violencia-contra-a-mulher\/#primaryimage"},"thumbnailUrl":"https:\/\/radiolifefm.com.br\/noticias\/wp-content\/uploads\/2022\/08\/download-2.jpeg","articleSection":["Adamantina"],"inLanguage":"pt-BR"},{"@type":"WebPage","@id":"https:\/\/radiolifefm.com.br\/noticias\/prefeitura-de-adamantina-e-parceiros-realizam-acoes-de-conscientizacao-do-combate-a-violencia-contra-a-mulher\/","url":"https:\/\/radiolifefm.com.br\/noticias\/prefeitura-de-adamantina-e-parceiros-realizam-acoes-de-conscientizacao-do-combate-a-violencia-contra-a-mulher\/","name":"Prefeitura de Adamantina e parceiros realizam a\u00e7\u00f5es de conscientiza\u00e7\u00e3o do combate \u00e0 viol\u00eancia contra a mulher - R\u00e1dio Life FM","isPartOf":{"@id":"https:\/\/radiolifefm.com.br\/noticias\/#website"},"primaryImageOfPage":{"@id":"https:\/\/radiolifefm.com.br\/noticias\/prefeitura-de-adamantina-e-parceiros-realizam-acoes-de-conscientizacao-do-combate-a-violencia-contra-a-mulher\/#primaryimage"},"image":{"@id":"https:\/\/radiolifefm.com.br\/noticias\/prefeitura-de-adamantina-e-parceiros-realizam-acoes-de-conscientizacao-do-combate-a-violencia-contra-a-mulher\/#primaryimage"},"thumbnailUrl":"https:\/\/radiolifefm.com.br\/noticias\/wp-content\/uploads\/2022\/08\/download-2.jpeg","datePublished":"2022-08-22T22:29:01+00:00","dateModified":"2026-04-13T01:56:20+00:00","breadcrumb":{"@id":"https:\/\/radiolifefm.com.br\/noticias\/prefeitura-de-adamantina-e-parceiros-realizam-acoes-de-conscientizacao-do-combate-a-violencia-contra-a-mulher\/#breadcrumb"},"inLanguage":"pt-BR","potentialAction":[{"@type":"ReadAction","target":["https:\/\/radiolifefm.com.br\/noticias\/prefeitura-de-adamantina-e-parceiros-realizam-acoes-de-conscientizacao-do-combate-a-violencia-contra-a-mulher\/"]}]},{"@type":"ImageObject","inLanguage":"pt-BR","@id":"https:\/\/radiolifefm.com.br\/noticias\/prefeitura-de-adamantina-e-parceiros-realizam-acoes-de-conscientizacao-do-combate-a-violencia-contra-a-mulher\/#primaryimage","url":"https:\/\/radiolifefm.com.br\/noticias\/wp-content\/uploads\/2022\/08\/download-2.jpeg","contentUrl":"https:\/\/radiolifefm.com.br\/noticias\/wp-content\/uploads\/2022\/08\/download-2.jpeg","width":266,"height":190},{"@type":"BreadcrumbList","@id":"https:\/\/radiolifefm.com.br\/noticias\/prefeitura-de-adamantina-e-parceiros-realizam-acoes-de-conscientizacao-do-combate-a-violencia-contra-a-mulher\/#breadcrumb","itemListElement":[{"@type":"ListItem","position":1,"name":"In\u00edcio","item":"https:\/\/radiolifefm.com.br\/noticias\/"},{"@type":"ListItem","position":2,"name":"Prefeitura de Adamantina e parceiros realizam a\u00e7\u00f5es de conscientiza\u00e7\u00e3o do combate \u00e0 viol\u00eancia contra a mulher"}]},{"@type":"WebSite","@id":"https:\/\/radiolifefm.com.br\/noticias\/#website","url":"https:\/\/radiolifefm.com.br\/noticias\/","name":"R\u00e1dio Life FM","description":"O Portal de Not\u00edcias de Adamantina","publisher":{"@id":"https:\/\/radiolifefm.com.br\/noticias\/#organization"},"alternateName":"Life FM","potentialAction":[{"@type":"SearchAction","target":{"@type":"EntryPoint","urlTemplate":"https:\/\/radiolifefm.com.br\/noticias\/?s={search_term_string}"},"query-input":{"@type":"PropertyValueSpecification","valueRequired":true,"valueName":"search_term_string"}}],"inLanguage":"pt-BR"},{"@type":"Organization","@id":"https:\/\/radiolifefm.com.br\/noticias\/#organization","name":"R\u00e1dio Life FM","alternateName":"Life FM","url":"https:\/\/radiolifefm.com.br\/noticias\/","logo":{"@type":"ImageObject","inLanguage":"pt-BR","@id":"https:\/\/radiolifefm.com.br\/noticias\/#\/schema\/logo\/image\/","url":"https:\/\/static.radiolifefm.com.br\/noticias\/wp-content\/uploads\/2019\/10\/logo-lifefm.png","contentUrl":"https:\/\/static.radiolifefm.com.br\/noticias\/wp-content\/uploads\/2019\/10\/logo-lifefm.png","width":196,"height":47,"caption":"R\u00e1dio Life FM"},"image":{"@id":"https:\/\/radiolifefm.com.br\/noticias\/#\/schema\/logo\/image\/"},"sameAs":["https:\/\/www.facebook.com\/radiolifefm\/","https:\/\/www.instagram.com\/life1079fm\/"]},{"@type":"Person","@id":"https:\/\/radiolifefm.com.br\/noticias\/#\/schema\/person\/6339b9fac59d12b071dec680d7375d87","name":"ritanery","image":{"@type":"ImageObject","inLanguage":"pt-BR","@id":"https:\/\/secure.gravatar.com\/avatar\/0e37bb19071f47c0b8a23f62a903df117c5a0e75f65a0c2901562f97cd41cf86?s=96&d=mm&r=g","url":"https:\/\/secure.gravatar.com\/avatar\/0e37bb19071f47c0b8a23f62a903df117c5a0e75f65a0c2901562f97cd41cf86?s=96&d=mm&r=g","contentUrl":"https:\/\/secure.gravatar.com\/avatar\/0e37bb19071f47c0b8a23f62a903df117c5a0e75f65a0c2901562f97cd41cf86?s=96&d=mm&r=g","caption":"ritanery"}}]}},"amp_enabled":true,"_links":{"self":[{"href":"https:\/\/radiolifefm.com.br\/noticias\/wp-json\/wp\/v2\/posts\/57319","targetHints":{"allow":["GET"]}}],"collection":[{"href":"https:\/\/radiolifefm.com.br\/noticias\/wp-json\/wp\/v2\/posts"}],"about":[{"href":"https:\/\/radiolifefm.com.br\/noticias\/wp-json\/wp\/v2\/types\/post"}],"author":[{"embeddable":true,"href":"https:\/\/radiolifefm.com.br\/noticias\/wp-json\/wp\/v2\/users\/13"}],"replies":[{"embeddable":true,"href":"https:\/\/radiolifefm.com.br\/noticias\/wp-json\/wp\/v2\/comments?post=57319"}],"version-history":[{"count":1,"href":"https:\/\/radiolifefm.com.br\/noticias\/wp-json\/wp\/v2\/posts\/57319\/revisions"}],"predecessor-version":[{"id":57321,"href":"https:\/\/radiolifefm.com.br\/noticias\/wp-json\/wp\/v2\/posts\/57319\/revisions\/57321"}],"wp:featuredmedia":[{"embeddable":true,"href":"https:\/\/radiolifefm.com.br\/noticias\/wp-json\/wp\/v2\/media\/57320"}],"wp:attachment":[{"href":"https:\/\/radiolifefm.com.br\/noticias\/wp-json\/wp\/v2\/media?parent=57319"}],"wp:term":[{"taxonomy":"category","embeddable":true,"href":"https:\/\/radiolifefm.com.br\/noticias\/wp-json\/wp\/v2\/categories?post=57319"},{"taxonomy":"post_tag","embeddable":true,"href":"https:\/\/radiolifefm.com.br\/noticias\/wp-json\/wp\/v2\/tags?post=57319"}],"curies":[{"name":"wp","href":"https:\/\/api.w.org\/{rel}","templated":true}]}}