{"id":57174,"date":"2022-08-19T20:20:02","date_gmt":"2022-08-19T23:20:02","guid":{"rendered":"https:\/\/radiolifefm.com.br\/noticias\/?p=57174"},"modified":"2026-04-24T12:50:36","modified_gmt":"2026-04-24T15:50:36","slug":"news_a-cobertura-da-virada-sp-adamantina-pela-life-fm_","status":"publish","type":"post","link":"https:\/\/radiolifefm.com.br\/noticias\/news_a-cobertura-da-virada-sp-adamantina-pela-life-fm_\/","title":{"rendered":"A cobertura da Virada SP Adamantina pela Life FM"},"content":{"rendered":"<div id=\"fb-root\"><\/div>\n<p>&nbsp;<\/p>\n<p>No \u00faltimo final de semana Adamantina sediou a Virada Cultural SP. Espet\u00e1culos de teatro, shows musicais e diversas apresenta\u00e7\u00f5es encheram a cidade de arte e cultura.<\/p>\n<p>&nbsp;<\/p>\n<p>A cobertura que a LIFE FM realizou durante as 24h da virada SP em Adamantina evidenciou os artistas antes das apresenta\u00e7\u00f5es na pra\u00e7a Helio Micheloni, anfiteatro Fernando Paloni e no Parque dos Pioneiros.<\/p>\n<p>&nbsp;<\/p>\n<p>O objetivo da Life FM era registrar a diversidade cultural e a magnitude da virada SP que fez de Adamantina a capital da cultura por 24h.<\/p>\n<p>&nbsp;<\/p>\n<p>Foi uma miss\u00e3o desafiadora e muito prazerosa ser canal transmissor das diversidades culturais, ideol\u00f3gicas e atuantes na vida dos artistas envolvidos no projeto que, atrav\u00e9s de suas artes, passaram a mensagem da import\u00e2ncia da cultura.<\/p>\n<p>&nbsp;<\/p>\n<p>Estar atendo ao cronograma, falar com os produtores e entrevistar os artistas parece f\u00e1cil, mas n\u00e3o \u00e9. A agilidade para passar a informa\u00e7\u00e3o em tempo real, motivar a participa\u00e7\u00e3o do p\u00fablico, indo at\u00e9 os pontos de apresenta\u00e7\u00e3o exige entusiasmo e muito amor pelo que est\u00e1 sendo realizado.<\/p>\n<p>&nbsp;<\/p>\n<p>&nbsp;<\/p>\n<p>A diretoria da R\u00e1dio Life FM Adamantina agradece ao secret\u00e1rio S\u00e9rgio Vanderlei. pela contrata\u00e7\u00e3o, aos apoiadores da cobertura, Jo\u00e3o Augusto do Santos da Ultragaz e a Empres\u00e1ria Kawana da The Best A\u00e7a\u00ed, pela parceria e pela confian\u00e7a em nosso trabalho.<\/p>\n<p>&nbsp;<\/p>\n<p>&nbsp;<\/p>\n<p>Desejamos que mais empres\u00e1rios se conscientizem da import\u00e2ncia em apoiar a divulga\u00e7\u00e3o de eventos culturais, sociais e esportivos que tanto agrega valor na vida das pessoas e evid\u00eancia a cidade onde estabeleceu suas fam\u00edlias e suas empresas.<\/p>\n<p>&nbsp;<\/p>\n<p>&nbsp;<\/p>\n<p>A palavra \u00e9 gratid\u00e3o!<\/p>\n<p>&nbsp;<\/p>\n<p>&nbsp;<\/p>\n<p>Confira as fotos registradas durante as 24h de Virada SP Adamantina:<\/p>\n<p>&nbsp;<\/p>\n<p>&nbsp;<\/p>\n<div class='flex flex-wrap items-center -mx-1'>\r\n<a class='thumbnail gallery p-1 w-1\/2 md:w-1\/4' href='https:\/\/radiolifefm.com.br\/noticias\/wp-content\/uploads\/2022\/08\/Virada-Cultural-SP-Adamantina-1.jpeg'><img class='border border-white' src='https:\/\/radiolifefm.com.br\/noticias\/wp-content\/uploads\/2022\/08\/Virada-Cultural-SP-Adamantina-1-200x200.jpeg' alt='Virada Cultural SP Adamantina (1)' \/><\/a><a class='thumbnail gallery p-1 w-1\/2 md:w-1\/4' href='https:\/\/radiolifefm.com.br\/noticias\/wp-content\/uploads\/2022\/08\/Virada-Cultural-SP-Adamantina-2.jpeg'><img class='border border-white' src='https:\/\/radiolifefm.com.br\/noticias\/wp-content\/uploads\/2022\/08\/Virada-Cultural-SP-Adamantina-2-200x200.jpeg' alt='Virada Cultural SP Adamantina (2)' \/><\/a><a class='thumbnail gallery p-1 w-1\/2 md:w-1\/4' href='https:\/\/radiolifefm.com.br\/noticias\/wp-content\/uploads\/2022\/08\/Virada-Cultural-SP-Adamantina-3.jpeg'><img class='border border-white' src='https:\/\/radiolifefm.com.br\/noticias\/wp-content\/uploads\/2022\/08\/Virada-Cultural-SP-Adamantina-3-200x200.jpeg' alt='Virada Cultural SP Adamantina (3)' \/><\/a><a class='thumbnail gallery p-1 w-1\/2 md:w-1\/4' href='https:\/\/radiolifefm.com.br\/noticias\/wp-content\/uploads\/2022\/08\/Virada-Cultural-SP-Adamantina-4.jpeg'><img class='border border-white' src='https:\/\/radiolifefm.com.br\/noticias\/wp-content\/uploads\/2022\/08\/Virada-Cultural-SP-Adamantina-4-200x200.jpeg' alt='Virada Cultural SP Adamantina (4)' \/><\/a><a class='thumbnail gallery p-1 w-1\/2 md:w-1\/4' href='https:\/\/radiolifefm.com.br\/noticias\/wp-content\/uploads\/2022\/08\/Virada-Cultural-SP-Adamantina-5.jpeg'><img class='border border-white' src='https:\/\/radiolifefm.com.br\/noticias\/wp-content\/uploads\/2022\/08\/Virada-Cultural-SP-Adamantina-5-200x200.jpeg' alt='Virada Cultural SP Adamantina (5)' \/><\/a><a class='thumbnail gallery p-1 w-1\/2 md:w-1\/4' href='https:\/\/radiolifefm.com.br\/noticias\/wp-content\/uploads\/2022\/08\/Virada-Cultural-SP-Adamantina-6.jpeg'><img class='border border-white' src='https:\/\/radiolifefm.com.br\/noticias\/wp-content\/uploads\/2022\/08\/Virada-Cultural-SP-Adamantina-6-200x200.jpeg' alt='Virada Cultural SP Adamantina (6)' \/><\/a><a class='thumbnail gallery p-1 w-1\/2 md:w-1\/4' href='https:\/\/radiolifefm.com.br\/noticias\/wp-content\/uploads\/2022\/08\/Virada-Cultural-SP-Adamantina-7.jpeg'><img class='border border-white' src='https:\/\/radiolifefm.com.br\/noticias\/wp-content\/uploads\/2022\/08\/Virada-Cultural-SP-Adamantina-7-200x200.jpeg' alt='Virada Cultural SP Adamantina (7)' \/><\/a><a class='thumbnail gallery p-1 w-1\/2 md:w-1\/4' href='https:\/\/radiolifefm.com.br\/noticias\/wp-content\/uploads\/2022\/08\/Virada-Cultural-SP-Adamantina-8.jpeg'><img class='border border-white' src='https:\/\/radiolifefm.com.br\/noticias\/wp-content\/uploads\/2022\/08\/Virada-Cultural-SP-Adamantina-8-200x200.jpeg' alt='Virada Cultural SP Adamantina (8)' \/><\/a><a class='thumbnail gallery p-1 w-1\/2 md:w-1\/4' href='https:\/\/radiolifefm.com.br\/noticias\/wp-content\/uploads\/2022\/08\/Virada-Cultural-SP-Adamantina-9.jpeg'><img class='border border-white' src='https:\/\/radiolifefm.com.br\/noticias\/wp-content\/uploads\/2022\/08\/Virada-Cultural-SP-Adamantina-9-200x200.jpeg' alt='Virada Cultural SP Adamantina (9)' \/><\/a><a class='thumbnail gallery p-1 w-1\/2 md:w-1\/4' href='https:\/\/radiolifefm.com.br\/noticias\/wp-content\/uploads\/2022\/08\/Virada-Cultural-SP-Adamantina-10.jpeg'><img class='border border-white' src='https:\/\/radiolifefm.com.br\/noticias\/wp-content\/uploads\/2022\/08\/Virada-Cultural-SP-Adamantina-10-200x200.jpeg' alt='Virada Cultural SP Adamantina (10)' \/><\/a><a class='thumbnail gallery p-1 w-1\/2 md:w-1\/4' href='https:\/\/radiolifefm.com.br\/noticias\/wp-content\/uploads\/2022\/08\/Virada-Cultural-SP-Adamantina-11.jpeg'><img class='border border-white' src='https:\/\/radiolifefm.com.br\/noticias\/wp-content\/uploads\/2022\/08\/Virada-Cultural-SP-Adamantina-11-200x200.jpeg' alt='Virada Cultural SP Adamantina (11)' \/><\/a><a class='thumbnail gallery p-1 w-1\/2 md:w-1\/4' href='https:\/\/radiolifefm.com.br\/noticias\/wp-content\/uploads\/2022\/08\/Virada-Cultural-SP-Adamantina-12.jpeg'><img class='border border-white' src='https:\/\/radiolifefm.com.br\/noticias\/wp-content\/uploads\/2022\/08\/Virada-Cultural-SP-Adamantina-12-200x200.jpeg' alt='Virada Cultural SP Adamantina (12)' \/><\/a><a class='thumbnail gallery p-1 w-1\/2 md:w-1\/4' href='https:\/\/radiolifefm.com.br\/noticias\/wp-content\/uploads\/2022\/08\/Virada-Cultural-SP-Adamantina-13.jpeg'><img class='border border-white' src='https:\/\/radiolifefm.com.br\/noticias\/wp-content\/uploads\/2022\/08\/Virada-Cultural-SP-Adamantina-13-200x200.jpeg' alt='Virada Cultural SP Adamantina (13)' \/><\/a><a class='thumbnail gallery p-1 w-1\/2 md:w-1\/4' href='https:\/\/radiolifefm.com.br\/noticias\/wp-content\/uploads\/2022\/08\/Virada-Cultural-SP-Adamantina-14.jpeg'><img class='border border-white' src='https:\/\/radiolifefm.com.br\/noticias\/wp-content\/uploads\/2022\/08\/Virada-Cultural-SP-Adamantina-14-200x200.jpeg' alt='Virada Cultural SP Adamantina (14)' \/><\/a><a class='thumbnail gallery p-1 w-1\/2 md:w-1\/4' href='https:\/\/radiolifefm.com.br\/noticias\/wp-content\/uploads\/2022\/08\/Virada-Cultural-SP-Adamantina-15.jpeg'><img class='border border-white' src='https:\/\/radiolifefm.com.br\/noticias\/wp-content\/uploads\/2022\/08\/Virada-Cultural-SP-Adamantina-15-200x200.jpeg' alt='Virada Cultural SP Adamantina (15)' \/><\/a><a class='thumbnail gallery p-1 w-1\/2 md:w-1\/4' href='https:\/\/radiolifefm.com.br\/noticias\/wp-content\/uploads\/2022\/08\/Virada-Cultural-SP-Adamantina-16.jpeg'><img class='border border-white' src='https:\/\/radiolifefm.com.br\/noticias\/wp-content\/uploads\/2022\/08\/Virada-Cultural-SP-Adamantina-16-200x200.jpeg' alt='Virada Cultural SP Adamantina (16)' \/><\/a><a class='thumbnail gallery p-1 w-1\/2 md:w-1\/4' href='https:\/\/radiolifefm.com.br\/noticias\/wp-content\/uploads\/2022\/08\/Virada-Cultural-SP-Adamantina-17.jpeg'><img class='border border-white' src='https:\/\/radiolifefm.com.br\/noticias\/wp-content\/uploads\/2022\/08\/Virada-Cultural-SP-Adamantina-17-200x200.jpeg' alt='Virada Cultural SP Adamantina (17)' \/><\/a><a class='thumbnail gallery p-1 w-1\/2 md:w-1\/4' href='https:\/\/radiolifefm.com.br\/noticias\/wp-content\/uploads\/2022\/08\/Virada-Cultural-SP-Adamantina-18.jpeg'><img class='border border-white' src='https:\/\/radiolifefm.com.br\/noticias\/wp-content\/uploads\/2022\/08\/Virada-Cultural-SP-Adamantina-18-200x200.jpeg' alt='Virada Cultural SP Adamantina (18)' \/><\/a><a class='thumbnail gallery p-1 w-1\/2 md:w-1\/4' href='https:\/\/radiolifefm.com.br\/noticias\/wp-content\/uploads\/2022\/08\/Virada-Cultural-SP-Adamantina-19.jpeg'><img class='border border-white' src='https:\/\/radiolifefm.com.br\/noticias\/wp-content\/uploads\/2022\/08\/Virada-Cultural-SP-Adamantina-19-200x200.jpeg' alt='Virada Cultural SP Adamantina (19)' \/><\/a><a class='thumbnail gallery p-1 w-1\/2 md:w-1\/4' href='https:\/\/radiolifefm.com.br\/noticias\/wp-content\/uploads\/2022\/08\/Virada-Cultural-SP-Adamantina-20.jpeg'><img class='border border-white' src='https:\/\/radiolifefm.com.br\/noticias\/wp-content\/uploads\/2022\/08\/Virada-Cultural-SP-Adamantina-20-200x200.jpeg' alt='Virada Cultural SP Adamantina (20)' \/><\/a><a class='thumbnail gallery p-1 w-1\/2 md:w-1\/4' href='https:\/\/radiolifefm.com.br\/noticias\/wp-content\/uploads\/2022\/08\/Virada-Cultural-SP-Adamantina-21.jpeg'><img class='border border-white' src='https:\/\/radiolifefm.com.br\/noticias\/wp-content\/uploads\/2022\/08\/Virada-Cultural-SP-Adamantina-21-200x200.jpeg' alt='Virada Cultural SP Adamantina (21)' \/><\/a><a class='thumbnail gallery p-1 w-1\/2 md:w-1\/4' href='https:\/\/radiolifefm.com.br\/noticias\/wp-content\/uploads\/2022\/08\/Virada-Cultural-SP-Adamantina-22.jpeg'><img class='border border-white' src='https:\/\/radiolifefm.com.br\/noticias\/wp-content\/uploads\/2022\/08\/Virada-Cultural-SP-Adamantina-22-200x200.jpeg' alt='Virada Cultural SP Adamantina (22)' \/><\/a><a class='thumbnail gallery p-1 w-1\/2 md:w-1\/4' href='https:\/\/radiolifefm.com.br\/noticias\/wp-content\/uploads\/2022\/08\/Virada-Cultural-SP-Adamantina-23.jpeg'><img class='border border-white' src='https:\/\/radiolifefm.com.br\/noticias\/wp-content\/uploads\/2022\/08\/Virada-Cultural-SP-Adamantina-23-200x200.jpeg' alt='Virada Cultural SP Adamantina (23)' \/><\/a><a class='thumbnail gallery p-1 w-1\/2 md:w-1\/4' href='https:\/\/radiolifefm.com.br\/noticias\/wp-content\/uploads\/2022\/08\/Virada-Cultural-SP-Adamantina-24.jpeg'><img class='border border-white' src='https:\/\/radiolifefm.com.br\/noticias\/wp-content\/uploads\/2022\/08\/Virada-Cultural-SP-Adamantina-24-200x200.jpeg' alt='Virada Cultural SP Adamantina (24)' \/><\/a><a class='thumbnail gallery p-1 w-1\/2 md:w-1\/4' href='https:\/\/radiolifefm.com.br\/noticias\/wp-content\/uploads\/2022\/08\/Virada-Cultural-SP-Adamantina-25.jpeg'><img class='border border-white' src='https:\/\/radiolifefm.com.br\/noticias\/wp-content\/uploads\/2022\/08\/Virada-Cultural-SP-Adamantina-25-200x200.jpeg' alt='Virada Cultural SP Adamantina (25)' \/><\/a><a class='thumbnail gallery p-1 w-1\/2 md:w-1\/4' href='https:\/\/radiolifefm.com.br\/noticias\/wp-content\/uploads\/2022\/08\/Virada-Cultural-SP-Adamantina-27.jpeg'><img class='border border-white' src='https:\/\/radiolifefm.com.br\/noticias\/wp-content\/uploads\/2022\/08\/Virada-Cultural-SP-Adamantina-27-200x200.jpeg' alt='Virada Cultural SP Adamantina (27)' \/><\/a><a class='thumbnail gallery p-1 w-1\/2 md:w-1\/4' href='https:\/\/radiolifefm.com.br\/noticias\/wp-content\/uploads\/2022\/08\/Virada-Cultural-SP-Adamantina-28.jpeg'><img class='border border-white' src='https:\/\/radiolifefm.com.br\/noticias\/wp-content\/uploads\/2022\/08\/Virada-Cultural-SP-Adamantina-28-200x200.jpeg' alt='Virada Cultural SP Adamantina (28)' \/><\/a><a class='thumbnail gallery p-1 w-1\/2 md:w-1\/4' href='https:\/\/radiolifefm.com.br\/noticias\/wp-content\/uploads\/2022\/08\/Virada-Cultural-SP-Adamantina-30.jpeg'><img class='border border-white' src='https:\/\/radiolifefm.com.br\/noticias\/wp-content\/uploads\/2022\/08\/Virada-Cultural-SP-Adamantina-30-200x200.jpeg' alt='Virada Cultural SP Adamantina (30)' \/><\/a><\/div>\n<p>&nbsp;<\/p>\n<p>&nbsp;<\/p>\n<p>Da Reda\u00e7\u00e3o<\/p>\n","protected":false},"excerpt":{"rendered":"<p>&nbsp; No \u00faltimo final de semana Adamantina sediou a Virada Cultural SP. Espet\u00e1culos de teatro, shows musicais e diversas apresenta\u00e7\u00f5es encheram a cidade de arte e cultura. &nbsp; A cobertura que a LIFE FM realizou durante as 24h da virada SP em Adamantina evidenciou os artistas antes das apresenta\u00e7\u00f5es na pra\u00e7a Helio Micheloni, anfiteatro Fernando [&hellip;]<\/p>\n","protected":false},"author":12,"featured_media":57203,"comment_status":"closed","ping_status":"open","sticky":false,"template":"","format":"standard","meta":{"_acf_changed":false,"_exactmetrics_skip_tracking":false,"_exactmetrics_sitenote_active":false,"_exactmetrics_sitenote_note":"","_exactmetrics_sitenote_category":0,"footnotes":""},"categories":[21],"tags":[],"class_list":["post-57174","post","type-post","status-publish","format-standard","has-post-thumbnail","hentry","category-adamantina"],"acf":[],"yoast_head":"<!-- This site is optimized with the Yoast SEO plugin v27.2 - https:\/\/yoast.com\/product\/yoast-seo-wordpress\/ -->\n<title>A cobertura da Virada SP Adamantina pela Life FM - R\u00e1dio Life FM<\/title>\n<meta name=\"robots\" content=\"index, follow, max-snippet:-1, max-image-preview:large, max-video-preview:-1\" \/>\n<link rel=\"canonical\" href=\"https:\/\/radiolifefm.com.br\/noticias\/news_a-cobertura-da-virada-sp-adamantina-pela-life-fm_\/\" \/>\n<meta property=\"og:locale\" content=\"pt_BR\" \/>\n<meta property=\"og:type\" content=\"article\" \/>\n<meta property=\"og:title\" content=\"A cobertura da Virada SP Adamantina pela Life FM - R\u00e1dio Life FM\" \/>\n<meta property=\"og:description\" content=\"&nbsp; No \u00faltimo final de semana Adamantina sediou a Virada Cultural SP. Espet\u00e1culos de teatro, shows musicais e diversas apresenta\u00e7\u00f5es encheram a cidade de arte e cultura. &nbsp; A cobertura que a LIFE FM realizou durante as 24h da virada SP em Adamantina evidenciou os artistas antes das apresenta\u00e7\u00f5es na pra\u00e7a Helio Micheloni, anfiteatro Fernando [&hellip;]\" \/>\n<meta property=\"og:url\" content=\"https:\/\/radiolifefm.com.br\/noticias\/news_a-cobertura-da-virada-sp-adamantina-pela-life-fm_\/\" \/>\n<meta property=\"og:site_name\" content=\"R\u00e1dio Life FM\" \/>\n<meta property=\"article:publisher\" content=\"https:\/\/www.facebook.com\/radiolifefm\/\" \/>\n<meta property=\"article:published_time\" content=\"2022-08-19T23:20:02+00:00\" \/>\n<meta property=\"article:modified_time\" content=\"2026-04-24T15:50:36+00:00\" \/>\n<meta property=\"og:image\" content=\"https:\/\/radiolifefm.com.br\/noticias\/wp-content\/uploads\/2022\/08\/Virada-Cultural-SP-Adamantina-29.jpeg\" \/>\n\t<meta property=\"og:image:width\" content=\"1080\" \/>\n\t<meta property=\"og:image:height\" content=\"1180\" \/>\n\t<meta property=\"og:image:type\" content=\"image\/jpeg\" \/>\n<meta name=\"author\" content=\"mayraferrari\" \/>\n<meta name=\"twitter:card\" content=\"summary_large_image\" \/>\n<meta name=\"twitter:label1\" content=\"Escrito por\" \/>\n\t<meta name=\"twitter:data1\" content=\"mayraferrari\" \/>\n\t<meta name=\"twitter:label2\" content=\"Est. tempo de leitura\" \/>\n\t<meta name=\"twitter:data2\" content=\"2 minutos\" \/>\n<script type=\"application\/ld+json\" class=\"yoast-schema-graph\">{\"@context\":\"https:\/\/schema.org\",\"@graph\":[{\"@type\":\"Article\",\"@id\":\"https:\/\/radiolifefm.com.br\/noticias\/news_a-cobertura-da-virada-sp-adamantina-pela-life-fm_\/#article\",\"isPartOf\":{\"@id\":\"https:\/\/radiolifefm.com.br\/noticias\/news_a-cobertura-da-virada-sp-adamantina-pela-life-fm_\/\"},\"author\":{\"name\":\"mayraferrari\",\"@id\":\"https:\/\/radiolifefm.com.br\/noticias\/#\/schema\/person\/d37940c51f50a0c5db4e065bb527a35d\"},\"headline\":\"A cobertura da Virada SP Adamantina pela Life FM\",\"datePublished\":\"2022-08-19T23:20:02+00:00\",\"dateModified\":\"2026-04-24T15:50:36+00:00\",\"mainEntityOfPage\":{\"@id\":\"https:\/\/radiolifefm.com.br\/noticias\/news_a-cobertura-da-virada-sp-adamantina-pela-life-fm_\/\"},\"wordCount\":317,\"publisher\":{\"@id\":\"https:\/\/radiolifefm.com.br\/noticias\/#organization\"},\"image\":{\"@id\":\"https:\/\/radiolifefm.com.br\/noticias\/news_a-cobertura-da-virada-sp-adamantina-pela-life-fm_\/#primaryimage\"},\"thumbnailUrl\":\"https:\/\/radiolifefm.com.br\/noticias\/wp-content\/uploads\/2022\/08\/Virada-Cultural-SP-Adamantina-29.jpeg\",\"articleSection\":[\"Adamantina\"],\"inLanguage\":\"pt-BR\"},{\"@type\":\"WebPage\",\"@id\":\"https:\/\/radiolifefm.com.br\/noticias\/news_a-cobertura-da-virada-sp-adamantina-pela-life-fm_\/\",\"url\":\"https:\/\/radiolifefm.com.br\/noticias\/news_a-cobertura-da-virada-sp-adamantina-pela-life-fm_\/\",\"name\":\"A cobertura da Virada SP Adamantina pela Life FM - R\u00e1dio Life FM\",\"isPartOf\":{\"@id\":\"https:\/\/radiolifefm.com.br\/noticias\/#website\"},\"primaryImageOfPage\":{\"@id\":\"https:\/\/radiolifefm.com.br\/noticias\/news_a-cobertura-da-virada-sp-adamantina-pela-life-fm_\/#primaryimage\"},\"image\":{\"@id\":\"https:\/\/radiolifefm.com.br\/noticias\/news_a-cobertura-da-virada-sp-adamantina-pela-life-fm_\/#primaryimage\"},\"thumbnailUrl\":\"https:\/\/radiolifefm.com.br\/noticias\/wp-content\/uploads\/2022\/08\/Virada-Cultural-SP-Adamantina-29.jpeg\",\"datePublished\":\"2022-08-19T23:20:02+00:00\",\"dateModified\":\"2026-04-24T15:50:36+00:00\",\"breadcrumb\":{\"@id\":\"https:\/\/radiolifefm.com.br\/noticias\/news_a-cobertura-da-virada-sp-adamantina-pela-life-fm_\/#breadcrumb\"},\"inLanguage\":\"pt-BR\",\"potentialAction\":[{\"@type\":\"ReadAction\",\"target\":[\"https:\/\/radiolifefm.com.br\/noticias\/news_a-cobertura-da-virada-sp-adamantina-pela-life-fm_\/\"]}]},{\"@type\":\"ImageObject\",\"inLanguage\":\"pt-BR\",\"@id\":\"https:\/\/radiolifefm.com.br\/noticias\/news_a-cobertura-da-virada-sp-adamantina-pela-life-fm_\/#primaryimage\",\"url\":\"https:\/\/radiolifefm.com.br\/noticias\/wp-content\/uploads\/2022\/08\/Virada-Cultural-SP-Adamantina-29.jpeg\",\"contentUrl\":\"https:\/\/radiolifefm.com.br\/noticias\/wp-content\/uploads\/2022\/08\/Virada-Cultural-SP-Adamantina-29.jpeg\",\"width\":1080,\"height\":1180},{\"@type\":\"BreadcrumbList\",\"@id\":\"https:\/\/radiolifefm.com.br\/noticias\/news_a-cobertura-da-virada-sp-adamantina-pela-life-fm_\/#breadcrumb\",\"itemListElement\":[{\"@type\":\"ListItem\",\"position\":1,\"name\":\"In\u00edcio\",\"item\":\"https:\/\/radiolifefm.com.br\/noticias\/\"},{\"@type\":\"ListItem\",\"position\":2,\"name\":\"A cobertura da Virada SP Adamantina pela Life FM\"}]},{\"@type\":\"WebSite\",\"@id\":\"https:\/\/radiolifefm.com.br\/noticias\/#website\",\"url\":\"https:\/\/radiolifefm.com.br\/noticias\/\",\"name\":\"R\u00e1dio Life FM\",\"description\":\"O Portal de Not\u00edcias de Adamantina\",\"publisher\":{\"@id\":\"https:\/\/radiolifefm.com.br\/noticias\/#organization\"},\"alternateName\":\"Life FM\",\"potentialAction\":[{\"@type\":\"SearchAction\",\"target\":{\"@type\":\"EntryPoint\",\"urlTemplate\":\"https:\/\/radiolifefm.com.br\/noticias\/?s={search_term_string}\"},\"query-input\":{\"@type\":\"PropertyValueSpecification\",\"valueRequired\":true,\"valueName\":\"search_term_string\"}}],\"inLanguage\":\"pt-BR\"},{\"@type\":\"Organization\",\"@id\":\"https:\/\/radiolifefm.com.br\/noticias\/#organization\",\"name\":\"R\u00e1dio Life FM\",\"alternateName\":\"Life FM\",\"url\":\"https:\/\/radiolifefm.com.br\/noticias\/\",\"logo\":{\"@type\":\"ImageObject\",\"inLanguage\":\"pt-BR\",\"@id\":\"https:\/\/radiolifefm.com.br\/noticias\/#\/schema\/logo\/image\/\",\"url\":\"https:\/\/static.radiolifefm.com.br\/noticias\/wp-content\/uploads\/2019\/10\/logo-lifefm.png\",\"contentUrl\":\"https:\/\/static.radiolifefm.com.br\/noticias\/wp-content\/uploads\/2019\/10\/logo-lifefm.png\",\"width\":196,\"height\":47,\"caption\":\"R\u00e1dio Life FM\"},\"image\":{\"@id\":\"https:\/\/radiolifefm.com.br\/noticias\/#\/schema\/logo\/image\/\"},\"sameAs\":[\"https:\/\/www.facebook.com\/radiolifefm\/\",\"https:\/\/www.instagram.com\/life1079fm\/\"]},{\"@type\":\"Person\",\"@id\":\"https:\/\/radiolifefm.com.br\/noticias\/#\/schema\/person\/d37940c51f50a0c5db4e065bb527a35d\",\"name\":\"mayraferrari\",\"image\":{\"@type\":\"ImageObject\",\"inLanguage\":\"pt-BR\",\"@id\":\"https:\/\/secure.gravatar.com\/avatar\/69374fafea2eae004e87f555bcb8bb6e24c5d501c2ffec6bbedf0a8f25427b93?s=96&d=mm&r=g\",\"url\":\"https:\/\/secure.gravatar.com\/avatar\/69374fafea2eae004e87f555bcb8bb6e24c5d501c2ffec6bbedf0a8f25427b93?s=96&d=mm&r=g\",\"contentUrl\":\"https:\/\/secure.gravatar.com\/avatar\/69374fafea2eae004e87f555bcb8bb6e24c5d501c2ffec6bbedf0a8f25427b93?s=96&d=mm&r=g\",\"caption\":\"mayraferrari\"}}]}<\/script>\n<!-- \/ Yoast SEO plugin. -->","yoast_head_json":{"title":"A cobertura da Virada SP Adamantina pela Life FM - R\u00e1dio Life FM","robots":{"index":"index","follow":"follow","max-snippet":"max-snippet:-1","max-image-preview":"max-image-preview:large","max-video-preview":"max-video-preview:-1"},"canonical":"https:\/\/radiolifefm.com.br\/noticias\/news_a-cobertura-da-virada-sp-adamantina-pela-life-fm_\/","og_locale":"pt_BR","og_type":"article","og_title":"A cobertura da Virada SP Adamantina pela Life FM - R\u00e1dio Life FM","og_description":"&nbsp; No \u00faltimo final de semana Adamantina sediou a Virada Cultural SP. Espet\u00e1culos de teatro, shows musicais e diversas apresenta\u00e7\u00f5es encheram a cidade de arte e cultura. &nbsp; A cobertura que a LIFE FM realizou durante as 24h da virada SP em Adamantina evidenciou os artistas antes das apresenta\u00e7\u00f5es na pra\u00e7a Helio Micheloni, anfiteatro Fernando [&hellip;]","og_url":"https:\/\/radiolifefm.com.br\/noticias\/news_a-cobertura-da-virada-sp-adamantina-pela-life-fm_\/","og_site_name":"R\u00e1dio Life FM","article_publisher":"https:\/\/www.facebook.com\/radiolifefm\/","article_published_time":"2022-08-19T23:20:02+00:00","article_modified_time":"2026-04-24T15:50:36+00:00","og_image":[{"width":1080,"height":1180,"url":"https:\/\/radiolifefm.com.br\/noticias\/wp-content\/uploads\/2022\/08\/Virada-Cultural-SP-Adamantina-29.jpeg","type":"image\/jpeg"}],"author":"mayraferrari","twitter_card":"summary_large_image","twitter_misc":{"Escrito por":"mayraferrari","Est. tempo de leitura":"2 minutos"},"schema":{"@context":"https:\/\/schema.org","@graph":[{"@type":"Article","@id":"https:\/\/radiolifefm.com.br\/noticias\/news_a-cobertura-da-virada-sp-adamantina-pela-life-fm_\/#article","isPartOf":{"@id":"https:\/\/radiolifefm.com.br\/noticias\/news_a-cobertura-da-virada-sp-adamantina-pela-life-fm_\/"},"author":{"name":"mayraferrari","@id":"https:\/\/radiolifefm.com.br\/noticias\/#\/schema\/person\/d37940c51f50a0c5db4e065bb527a35d"},"headline":"A cobertura da Virada SP Adamantina pela Life FM","datePublished":"2022-08-19T23:20:02+00:00","dateModified":"2026-04-24T15:50:36+00:00","mainEntityOfPage":{"@id":"https:\/\/radiolifefm.com.br\/noticias\/news_a-cobertura-da-virada-sp-adamantina-pela-life-fm_\/"},"wordCount":317,"publisher":{"@id":"https:\/\/radiolifefm.com.br\/noticias\/#organization"},"image":{"@id":"https:\/\/radiolifefm.com.br\/noticias\/news_a-cobertura-da-virada-sp-adamantina-pela-life-fm_\/#primaryimage"},"thumbnailUrl":"https:\/\/radiolifefm.com.br\/noticias\/wp-content\/uploads\/2022\/08\/Virada-Cultural-SP-Adamantina-29.jpeg","articleSection":["Adamantina"],"inLanguage":"pt-BR"},{"@type":"WebPage","@id":"https:\/\/radiolifefm.com.br\/noticias\/news_a-cobertura-da-virada-sp-adamantina-pela-life-fm_\/","url":"https:\/\/radiolifefm.com.br\/noticias\/news_a-cobertura-da-virada-sp-adamantina-pela-life-fm_\/","name":"A cobertura da Virada SP Adamantina pela Life FM - R\u00e1dio Life FM","isPartOf":{"@id":"https:\/\/radiolifefm.com.br\/noticias\/#website"},"primaryImageOfPage":{"@id":"https:\/\/radiolifefm.com.br\/noticias\/news_a-cobertura-da-virada-sp-adamantina-pela-life-fm_\/#primaryimage"},"image":{"@id":"https:\/\/radiolifefm.com.br\/noticias\/news_a-cobertura-da-virada-sp-adamantina-pela-life-fm_\/#primaryimage"},"thumbnailUrl":"https:\/\/radiolifefm.com.br\/noticias\/wp-content\/uploads\/2022\/08\/Virada-Cultural-SP-Adamantina-29.jpeg","datePublished":"2022-08-19T23:20:02+00:00","dateModified":"2026-04-24T15:50:36+00:00","breadcrumb":{"@id":"https:\/\/radiolifefm.com.br\/noticias\/news_a-cobertura-da-virada-sp-adamantina-pela-life-fm_\/#breadcrumb"},"inLanguage":"pt-BR","potentialAction":[{"@type":"ReadAction","target":["https:\/\/radiolifefm.com.br\/noticias\/news_a-cobertura-da-virada-sp-adamantina-pela-life-fm_\/"]}]},{"@type":"ImageObject","inLanguage":"pt-BR","@id":"https:\/\/radiolifefm.com.br\/noticias\/news_a-cobertura-da-virada-sp-adamantina-pela-life-fm_\/#primaryimage","url":"https:\/\/radiolifefm.com.br\/noticias\/wp-content\/uploads\/2022\/08\/Virada-Cultural-SP-Adamantina-29.jpeg","contentUrl":"https:\/\/radiolifefm.com.br\/noticias\/wp-content\/uploads\/2022\/08\/Virada-Cultural-SP-Adamantina-29.jpeg","width":1080,"height":1180},{"@type":"BreadcrumbList","@id":"https:\/\/radiolifefm.com.br\/noticias\/news_a-cobertura-da-virada-sp-adamantina-pela-life-fm_\/#breadcrumb","itemListElement":[{"@type":"ListItem","position":1,"name":"In\u00edcio","item":"https:\/\/radiolifefm.com.br\/noticias\/"},{"@type":"ListItem","position":2,"name":"A cobertura da Virada SP Adamantina pela Life FM"}]},{"@type":"WebSite","@id":"https:\/\/radiolifefm.com.br\/noticias\/#website","url":"https:\/\/radiolifefm.com.br\/noticias\/","name":"R\u00e1dio Life FM","description":"O Portal de Not\u00edcias de Adamantina","publisher":{"@id":"https:\/\/radiolifefm.com.br\/noticias\/#organization"},"alternateName":"Life FM","potentialAction":[{"@type":"SearchAction","target":{"@type":"EntryPoint","urlTemplate":"https:\/\/radiolifefm.com.br\/noticias\/?s={search_term_string}"},"query-input":{"@type":"PropertyValueSpecification","valueRequired":true,"valueName":"search_term_string"}}],"inLanguage":"pt-BR"},{"@type":"Organization","@id":"https:\/\/radiolifefm.com.br\/noticias\/#organization","name":"R\u00e1dio Life FM","alternateName":"Life FM","url":"https:\/\/radiolifefm.com.br\/noticias\/","logo":{"@type":"ImageObject","inLanguage":"pt-BR","@id":"https:\/\/radiolifefm.com.br\/noticias\/#\/schema\/logo\/image\/","url":"https:\/\/static.radiolifefm.com.br\/noticias\/wp-content\/uploads\/2019\/10\/logo-lifefm.png","contentUrl":"https:\/\/static.radiolifefm.com.br\/noticias\/wp-content\/uploads\/2019\/10\/logo-lifefm.png","width":196,"height":47,"caption":"R\u00e1dio Life FM"},"image":{"@id":"https:\/\/radiolifefm.com.br\/noticias\/#\/schema\/logo\/image\/"},"sameAs":["https:\/\/www.facebook.com\/radiolifefm\/","https:\/\/www.instagram.com\/life1079fm\/"]},{"@type":"Person","@id":"https:\/\/radiolifefm.com.br\/noticias\/#\/schema\/person\/d37940c51f50a0c5db4e065bb527a35d","name":"mayraferrari","image":{"@type":"ImageObject","inLanguage":"pt-BR","@id":"https:\/\/secure.gravatar.com\/avatar\/69374fafea2eae004e87f555bcb8bb6e24c5d501c2ffec6bbedf0a8f25427b93?s=96&d=mm&r=g","url":"https:\/\/secure.gravatar.com\/avatar\/69374fafea2eae004e87f555bcb8bb6e24c5d501c2ffec6bbedf0a8f25427b93?s=96&d=mm&r=g","contentUrl":"https:\/\/secure.gravatar.com\/avatar\/69374fafea2eae004e87f555bcb8bb6e24c5d501c2ffec6bbedf0a8f25427b93?s=96&d=mm&r=g","caption":"mayraferrari"}}]}},"amp_enabled":true,"_links":{"self":[{"href":"https:\/\/radiolifefm.com.br\/noticias\/wp-json\/wp\/v2\/posts\/57174","targetHints":{"allow":["GET"]}}],"collection":[{"href":"https:\/\/radiolifefm.com.br\/noticias\/wp-json\/wp\/v2\/posts"}],"about":[{"href":"https:\/\/radiolifefm.com.br\/noticias\/wp-json\/wp\/v2\/types\/post"}],"author":[{"embeddable":true,"href":"https:\/\/radiolifefm.com.br\/noticias\/wp-json\/wp\/v2\/users\/12"}],"replies":[{"embeddable":true,"href":"https:\/\/radiolifefm.com.br\/noticias\/wp-json\/wp\/v2\/comments?post=57174"}],"version-history":[{"count":2,"href":"https:\/\/radiolifefm.com.br\/noticias\/wp-json\/wp\/v2\/posts\/57174\/revisions"}],"predecessor-version":[{"id":57206,"href":"https:\/\/radiolifefm.com.br\/noticias\/wp-json\/wp\/v2\/posts\/57174\/revisions\/57206"}],"wp:featuredmedia":[{"embeddable":true,"href":"https:\/\/radiolifefm.com.br\/noticias\/wp-json\/wp\/v2\/media\/57203"}],"wp:attachment":[{"href":"https:\/\/radiolifefm.com.br\/noticias\/wp-json\/wp\/v2\/media?parent=57174"}],"wp:term":[{"taxonomy":"category","embeddable":true,"href":"https:\/\/radiolifefm.com.br\/noticias\/wp-json\/wp\/v2\/categories?post=57174"},{"taxonomy":"post_tag","embeddable":true,"href":"https:\/\/radiolifefm.com.br\/noticias\/wp-json\/wp\/v2\/tags?post=57174"}],"curies":[{"name":"wp","href":"https:\/\/api.w.org\/{rel}","templated":true}]}}