{"id":57166,"date":"2022-08-19T08:52:24","date_gmt":"2022-08-19T11:52:24","guid":{"rendered":"https:\/\/radiolifefm.com.br\/noticias\/?p=57166"},"modified":"2026-03-18T17:28:53","modified_gmt":"2026-03-18T20:28:53","slug":"trabalhadores-na-saude-municipal-de-adamantina-cobram-adequacao-de-salarios-a-pisos-nacionais","status":"publish","type":"post","link":"https:\/\/radiolifefm.com.br\/noticias\/trabalhadores-na-saude-municipal-de-adamantina-cobram-adequacao-de-salarios-a-pisos-nacionais\/","title":{"rendered":"Trabalhadores na sa\u00fade municipal de Adamantina cobram adequa\u00e7\u00e3o de sal\u00e1rios a pisos nacionais"},"content":{"rendered":"<div id=\"fb-root\"><\/div>\n<p style=\"font-weight: 400\">Profissionais de sa\u00fade do quadro da Prefeitura de Adamantina que atuam nos empregos de agentes comunit\u00e1rios de sa\u00fade, agentes de combate a endemias, enfermeiros, auxiliares de enfermagem e t\u00e9cnicos de enfermagem aderiram a um abaixo-assinado em que pedem a adequa\u00e7\u00e3o de seus sal\u00e1rios ao piso nacional dessas categorias.<\/p>\n<p style=\"font-weight: 400\">O manifesto teve ades\u00e3o de 100 dos 121 trabalhadores dessas categorias, o que representa 82,64 do quadro, conforme apurado pelos mobilizadores a partir do portal da transpar\u00eancia municipal.<\/p>\n<p style=\"font-weight: 400\">Um documento com a fundamenta\u00e7\u00e3o do pedido foi protocolado pelo agente comunit\u00e1rio de sa\u00fade Daniel Martins Angria junto \u00e0 C\u00e2mara Municipal e lido em plen\u00e1rio na sess\u00e3o de segunda-feira (15), no in\u00edcio desta semana. Conforme o texto, &#8220;Pede-se a formula\u00e7\u00e3o de uma nova tabela que conste o piso inicial de cada categoria supracitadas conforme as legisla\u00e7\u00f5es vigentes ou ainda a inclus\u00e3o das refer\u00eancias pagamentos na tabela criada para servidores, de ESF (TABELA DE SERVIDORES ESF 2022 16%) iniciando cada refer\u00eancia conforme o piso contido nas legisla\u00e7\u00f5es, para evitar perca de pec\u00fanias e at\u00e9 mesmo processos futuros trabalhista em massa&#8221;, narra o documento. &#8220;Refor\u00e7ando que nosso pedido est\u00e1 baseado na Constitui\u00e7\u00e3o Brasileira e reivindicamos apenas o que \u00e9 nosso de direito&#8221;, justifica.<\/p>\n<p style=\"font-weight: 400\">Um encontre entre representantes do Sindicato das categorias, junto com os agentes comunit\u00e1rios de sa\u00fade e agentes de combate a endemias ocorreu semana pasada no plen\u00e1rio da C\u00e2mara Municipal, onde tamb\u00e9m participou o vereador Alcio Ikeda.<\/p>\n<p style=\"font-weight: 400\"><strong>Agentes comunit\u00e1rios de sa\u00fade e de controle de endemias<\/strong><\/p>\n<p style=\"font-weight: 400\">Em rela\u00e7\u00e3o aos agentes comunit\u00e1rios de sa\u00fade, agentes de combate a endemias, o abaixo-assinado cobra o piso inicial dessas categorias no valor de dois sal\u00e1rios m\u00ednimos, como ficou estabelecido na\u00a0<a href=\"http:\/\/www.planalto.gov.br\/ccivil_03\/constituicao\/Emendas\/Emc\/emc120.htm\"><strong>Emenda Constitucional N\u00ba 120<\/strong><\/a>, de 5 de maio de 2022.<\/p>\n<p style=\"font-weight: 400\">A Emenda que atualiza o artigo 198 da Constitui\u00e7\u00e3o Federal \u00e9 objetiva ao estabelecer que &#8220;\u00a7 9\u00ba &#8211; O vencimento dos agentes comunit\u00e1rios de sa\u00fade e dos agentes de combate \u00e0s endemias n\u00e3o ser\u00e1 inferior a 2 (dois) sal\u00e1rios m\u00ednimos, repassados pela Uni\u00e3o aos Munic\u00edpios, aos Estados e ao Distrito Federal&#8221;, o que corresponde, conforme o sal\u00e1rio m\u00ednimo vigente, a R$ 2.424,00.<\/p>\n<p style=\"font-weight: 400\">A Emenda tamb\u00e9m afirma o custeio do piso dessas duas categorias a partir da transfer\u00eancia de recursos da Uni\u00e3o: &#8220;\u00a7 7\u00ba O vencimento dos agentes comunit\u00e1rios de sa\u00fade e dos agentes de combate \u00e0s endemias fica sob responsabilidade da Uni\u00e3o, e cabe aos Estados, ao Distrito Federal e aos Munic\u00edpios estabelecer, al\u00e9m de outros consect\u00e1rios e vantagens, incentivos, aux\u00edlios, gratifica\u00e7\u00f5es e indeniza\u00e7\u00f5es, a fim de valorizar o trabalho desses profissionais&#8221;.\u00a0Essas duas situa\u00e7\u00f5es centrais da Emenda foram destacadas no texto do abaixo-assinado.<\/p>\n<p><img loading=\"lazy\" decoding=\"async\" class=\"size-medium wp-image-57167 aligncenter\" src=\"https:\/\/static.radiolifefm.com.br\/wp-content\/uploads\/sites\/2\/2022\/08\/whatsapp-image-20220815-at-112432-1jpg166085206962fe9765cb922-300x158.jpg\" alt=\"\" width=\"300\" height=\"158\" srcset=\"https:\/\/radiolifefm.com.br\/noticias\/wp-content\/uploads\/2022\/08\/whatsapp-image-20220815-at-112432-1jpg166085206962fe9765cb922-300x158.jpg 300w, https:\/\/radiolifefm.com.br\/noticias\/wp-content\/uploads\/2022\/08\/whatsapp-image-20220815-at-112432-1jpg166085206962fe9765cb922-768x404.jpg 768w, https:\/\/radiolifefm.com.br\/noticias\/wp-content\/uploads\/2022\/08\/whatsapp-image-20220815-at-112432-1jpg166085206962fe9765cb922.jpg 988w\" sizes=\"auto, (max-width: 300px) 100vw, 300px\" \/><\/p>\n<p>Entre esses profissionais, segundo o abaixo-assinado, o quadro municipal tem um total de 67 trabalhadores, sendo 51 comunit\u00e1rios de sa\u00fade e 16 agentes de combate \u00e0s endemias. Conforme o documento, a Prefeitura de Adamantina j\u00e1 estaria descumprindo o piso nacional das categorias vigente antes da Emenda Constitucional, que era de R$ 1.550,00. Atualmente, a remunera\u00e7\u00e3o inicial\/base para agentes comunit\u00e1rios do quadro municipal \u00e9 de R$ 1.220,35, e dos agentes de combate \u00e0s endemias, R$ 1.234,19.<\/p>\n<p>A Emenda Constitucional de 5 de maio entrou em vigor na data de sua publica\u00e7\u00e3o. Ou seja, desde ent\u00e3o, o piso nacional dessas duas categorias \u00e9 de dois sal\u00e1rios m\u00ednimos, ou seja, R$ 2.424,00.\u00a0\u00a0\u00c9 essa equipara\u00e7\u00e3o ao novo piso que os trabalhadores buscam com a mobiliza\u00e7\u00e3o.<\/p>\n<p><strong>Enfermeiros e auxiliares de enfermagem<\/strong><\/p>\n<p>Na mesma linha, o documento faz cobran\u00e7as quanto a adequa\u00e7\u00e3o das remunera\u00e7\u00f5es pagas pelo munic\u00edpio aos profissionais de enfermagem, ao que estabelece a\u00a0<a href=\"http:\/\/www.planalto.gov.br\/ccivil_03\/_Ato2019-2022\/2022\/Lei\/L14434.htm\"><strong>Lei N\u00b0 14.434\/2022<\/strong><\/a>, sancionada em 4 de agosto, que institui o piso salarial nacional do enfermeiro, do t\u00e9cnico de<\/p>\n<p>No quadro municipal, segundo o abaixo assinado, h\u00e1 54 servidores exercendo cargos de enfermagem, sendo 15 enfermeiros com jornadas de 30\/h semanais, 7 enfermeiros com jornadas de 40\/h semanais, 26 auxiliares de enfermagem de 30\/h semanais e 6 auxiliares de enfermagem de 40\/h semanais.<\/p>\n<p>Conforme o novo piso nacional, vigente desde o in\u00edcio deste m\u00eas, o piso do enfermeiro \u00e9 de R$ 4.750,00 e do auxiliar de enfermagem 50% desse valor, ou seja, R$ 2.375,00. Hoje, conforme narra o abaixo assinado, a remunera\u00e7\u00e3o inicial\/base paga pela Prefeitura de Adamantina \u00e9 de R$ 3.279,96 para enfermeiros com jornada de 30\/h semanais e R$ 3.644,41 para enfermeiros com jornada de 40\/h semanais, abaixo dos R$ 4.750,00.<\/p>\n<p>J\u00e1 para auxiliares de enfermagem, a remunera\u00e7\u00e3o inicial\/base paga pega prefeitura \u00e9 de R$ 1.657,84 para profissionais dessa categoria com jornada de 30\/h semanais e R$ 1.842,04 para aqueles com jornada de 40h semanais, tamb\u00e9m abaixo do piso, de R$ 2.375,00.<\/p>\n<p>A mesma cobran\u00e7a foi feita pelo Sindicado dos Servidores P\u00fablicos Municipais de Adamantina, tamb\u00e9m na sess\u00e3o desta segunda-feira. Foi lido um of\u00edcio com abordagem equivalente, cobrando do munic\u00edpio a adequa\u00e7\u00e3o da remunera\u00e7\u00e3o dos enfermeiros e auxiliares de enfermagem ao que determina o novo piso nacional.<\/p>\n<p>&nbsp;<\/p>\n<p>Fonte: Siga Mais<\/p>\n","protected":false},"excerpt":{"rendered":"<p>Profissionais de sa\u00fade do quadro da Prefeitura de Adamantina que atuam nos empregos de agentes comunit\u00e1rios de sa\u00fade, agentes de combate a endemias, enfermeiros, auxiliares de enfermagem e t\u00e9cnicos de enfermagem aderiram a um abaixo-assinado em que pedem a adequa\u00e7\u00e3o de seus sal\u00e1rios ao piso nacional dessas categorias. O manifesto teve ades\u00e3o de 100 dos [&hellip;]<\/p>\n","protected":false},"author":13,"featured_media":57168,"comment_status":"closed","ping_status":"open","sticky":false,"template":"","format":"standard","meta":{"_acf_changed":false,"_exactmetrics_skip_tracking":false,"_exactmetrics_sitenote_active":false,"_exactmetrics_sitenote_note":"","_exactmetrics_sitenote_category":0,"footnotes":""},"categories":[21],"tags":[],"class_list":["post-57166","post","type-post","status-publish","format-standard","has-post-thumbnail","hentry","category-adamantina"],"acf":[],"yoast_head":"<!-- This site is optimized with the Yoast SEO plugin v27.2 - https:\/\/yoast.com\/product\/yoast-seo-wordpress\/ -->\n<title>Trabalhadores na sa\u00fade municipal de Adamantina cobram adequa\u00e7\u00e3o de sal\u00e1rios a pisos nacionais - R\u00e1dio Life FM<\/title>\n<meta name=\"robots\" content=\"index, follow, max-snippet:-1, max-image-preview:large, max-video-preview:-1\" \/>\n<link rel=\"canonical\" href=\"https:\/\/radiolifefm.com.br\/noticias\/trabalhadores-na-saude-municipal-de-adamantina-cobram-adequacao-de-salarios-a-pisos-nacionais\/\" \/>\n<meta property=\"og:locale\" content=\"pt_BR\" \/>\n<meta property=\"og:type\" content=\"article\" \/>\n<meta property=\"og:title\" content=\"Trabalhadores na sa\u00fade municipal de Adamantina cobram adequa\u00e7\u00e3o de sal\u00e1rios a pisos nacionais - R\u00e1dio Life FM\" \/>\n<meta property=\"og:description\" content=\"Profissionais de sa\u00fade do quadro da Prefeitura de Adamantina que atuam nos empregos de agentes comunit\u00e1rios de sa\u00fade, agentes de combate a endemias, enfermeiros, auxiliares de enfermagem e t\u00e9cnicos de enfermagem aderiram a um abaixo-assinado em que pedem a adequa\u00e7\u00e3o de seus sal\u00e1rios ao piso nacional dessas categorias. O manifesto teve ades\u00e3o de 100 dos [&hellip;]\" \/>\n<meta property=\"og:url\" content=\"https:\/\/radiolifefm.com.br\/noticias\/trabalhadores-na-saude-municipal-de-adamantina-cobram-adequacao-de-salarios-a-pisos-nacionais\/\" \/>\n<meta property=\"og:site_name\" content=\"R\u00e1dio Life FM\" \/>\n<meta property=\"article:publisher\" content=\"https:\/\/www.facebook.com\/radiolifefm\/\" \/>\n<meta property=\"article:published_time\" content=\"2022-08-19T11:52:24+00:00\" \/>\n<meta property=\"article:modified_time\" content=\"2026-03-18T20:28:53+00:00\" \/>\n<meta property=\"og:image\" content=\"https:\/\/radiolifefm.com.br\/noticias\/wp-content\/uploads\/2022\/08\/capajpeg166085199862fe971e95f16.jpeg\" \/>\n\t<meta property=\"og:image:width\" content=\"600\" \/>\n\t<meta property=\"og:image:height\" content=\"337\" \/>\n\t<meta property=\"og:image:type\" content=\"image\/jpeg\" \/>\n<meta name=\"author\" content=\"ritanery\" \/>\n<meta name=\"twitter:card\" content=\"summary_large_image\" \/>\n<meta name=\"twitter:label1\" content=\"Escrito por\" \/>\n\t<meta name=\"twitter:data1\" content=\"ritanery\" \/>\n\t<meta name=\"twitter:label2\" content=\"Est. tempo de leitura\" \/>\n\t<meta name=\"twitter:data2\" content=\"4 minutos\" \/>\n<script type=\"application\/ld+json\" class=\"yoast-schema-graph\">{\"@context\":\"https:\/\/schema.org\",\"@graph\":[{\"@type\":\"Article\",\"@id\":\"https:\/\/radiolifefm.com.br\/noticias\/trabalhadores-na-saude-municipal-de-adamantina-cobram-adequacao-de-salarios-a-pisos-nacionais\/#article\",\"isPartOf\":{\"@id\":\"https:\/\/radiolifefm.com.br\/noticias\/trabalhadores-na-saude-municipal-de-adamantina-cobram-adequacao-de-salarios-a-pisos-nacionais\/\"},\"author\":{\"name\":\"ritanery\",\"@id\":\"https:\/\/radiolifefm.com.br\/noticias\/#\/schema\/person\/6339b9fac59d12b071dec680d7375d87\"},\"headline\":\"Trabalhadores na sa\u00fade municipal de Adamantina cobram adequa\u00e7\u00e3o de sal\u00e1rios a pisos nacionais\",\"datePublished\":\"2022-08-19T11:52:24+00:00\",\"dateModified\":\"2026-03-18T20:28:53+00:00\",\"mainEntityOfPage\":{\"@id\":\"https:\/\/radiolifefm.com.br\/noticias\/trabalhadores-na-saude-municipal-de-adamantina-cobram-adequacao-de-salarios-a-pisos-nacionais\/\"},\"wordCount\":856,\"publisher\":{\"@id\":\"https:\/\/radiolifefm.com.br\/noticias\/#organization\"},\"image\":{\"@id\":\"https:\/\/radiolifefm.com.br\/noticias\/trabalhadores-na-saude-municipal-de-adamantina-cobram-adequacao-de-salarios-a-pisos-nacionais\/#primaryimage\"},\"thumbnailUrl\":\"https:\/\/radiolifefm.com.br\/noticias\/wp-content\/uploads\/2022\/08\/capajpeg166085199862fe971e95f16.jpeg\",\"articleSection\":[\"Adamantina\"],\"inLanguage\":\"pt-BR\"},{\"@type\":\"WebPage\",\"@id\":\"https:\/\/radiolifefm.com.br\/noticias\/trabalhadores-na-saude-municipal-de-adamantina-cobram-adequacao-de-salarios-a-pisos-nacionais\/\",\"url\":\"https:\/\/radiolifefm.com.br\/noticias\/trabalhadores-na-saude-municipal-de-adamantina-cobram-adequacao-de-salarios-a-pisos-nacionais\/\",\"name\":\"Trabalhadores na sa\u00fade municipal de Adamantina cobram adequa\u00e7\u00e3o de sal\u00e1rios a pisos nacionais - R\u00e1dio Life FM\",\"isPartOf\":{\"@id\":\"https:\/\/radiolifefm.com.br\/noticias\/#website\"},\"primaryImageOfPage\":{\"@id\":\"https:\/\/radiolifefm.com.br\/noticias\/trabalhadores-na-saude-municipal-de-adamantina-cobram-adequacao-de-salarios-a-pisos-nacionais\/#primaryimage\"},\"image\":{\"@id\":\"https:\/\/radiolifefm.com.br\/noticias\/trabalhadores-na-saude-municipal-de-adamantina-cobram-adequacao-de-salarios-a-pisos-nacionais\/#primaryimage\"},\"thumbnailUrl\":\"https:\/\/radiolifefm.com.br\/noticias\/wp-content\/uploads\/2022\/08\/capajpeg166085199862fe971e95f16.jpeg\",\"datePublished\":\"2022-08-19T11:52:24+00:00\",\"dateModified\":\"2026-03-18T20:28:53+00:00\",\"breadcrumb\":{\"@id\":\"https:\/\/radiolifefm.com.br\/noticias\/trabalhadores-na-saude-municipal-de-adamantina-cobram-adequacao-de-salarios-a-pisos-nacionais\/#breadcrumb\"},\"inLanguage\":\"pt-BR\",\"potentialAction\":[{\"@type\":\"ReadAction\",\"target\":[\"https:\/\/radiolifefm.com.br\/noticias\/trabalhadores-na-saude-municipal-de-adamantina-cobram-adequacao-de-salarios-a-pisos-nacionais\/\"]}]},{\"@type\":\"ImageObject\",\"inLanguage\":\"pt-BR\",\"@id\":\"https:\/\/radiolifefm.com.br\/noticias\/trabalhadores-na-saude-municipal-de-adamantina-cobram-adequacao-de-salarios-a-pisos-nacionais\/#primaryimage\",\"url\":\"https:\/\/radiolifefm.com.br\/noticias\/wp-content\/uploads\/2022\/08\/capajpeg166085199862fe971e95f16.jpeg\",\"contentUrl\":\"https:\/\/radiolifefm.com.br\/noticias\/wp-content\/uploads\/2022\/08\/capajpeg166085199862fe971e95f16.jpeg\",\"width\":600,\"height\":337,\"caption\":\"Agentes comunit\u00e1rios de sa\u00fade, de endemias e profissionais da enfermagem t\u00eam piso salarial nacional.\"},{\"@type\":\"BreadcrumbList\",\"@id\":\"https:\/\/radiolifefm.com.br\/noticias\/trabalhadores-na-saude-municipal-de-adamantina-cobram-adequacao-de-salarios-a-pisos-nacionais\/#breadcrumb\",\"itemListElement\":[{\"@type\":\"ListItem\",\"position\":1,\"name\":\"In\u00edcio\",\"item\":\"https:\/\/radiolifefm.com.br\/noticias\/\"},{\"@type\":\"ListItem\",\"position\":2,\"name\":\"Trabalhadores na sa\u00fade municipal de Adamantina cobram adequa\u00e7\u00e3o de sal\u00e1rios a pisos nacionais\"}]},{\"@type\":\"WebSite\",\"@id\":\"https:\/\/radiolifefm.com.br\/noticias\/#website\",\"url\":\"https:\/\/radiolifefm.com.br\/noticias\/\",\"name\":\"R\u00e1dio Life FM\",\"description\":\"O Portal de Not\u00edcias de Adamantina\",\"publisher\":{\"@id\":\"https:\/\/radiolifefm.com.br\/noticias\/#organization\"},\"alternateName\":\"Life FM\",\"potentialAction\":[{\"@type\":\"SearchAction\",\"target\":{\"@type\":\"EntryPoint\",\"urlTemplate\":\"https:\/\/radiolifefm.com.br\/noticias\/?s={search_term_string}\"},\"query-input\":{\"@type\":\"PropertyValueSpecification\",\"valueRequired\":true,\"valueName\":\"search_term_string\"}}],\"inLanguage\":\"pt-BR\"},{\"@type\":\"Organization\",\"@id\":\"https:\/\/radiolifefm.com.br\/noticias\/#organization\",\"name\":\"R\u00e1dio Life FM\",\"alternateName\":\"Life FM\",\"url\":\"https:\/\/radiolifefm.com.br\/noticias\/\",\"logo\":{\"@type\":\"ImageObject\",\"inLanguage\":\"pt-BR\",\"@id\":\"https:\/\/radiolifefm.com.br\/noticias\/#\/schema\/logo\/image\/\",\"url\":\"https:\/\/static.radiolifefm.com.br\/noticias\/wp-content\/uploads\/2019\/10\/logo-lifefm.png\",\"contentUrl\":\"https:\/\/static.radiolifefm.com.br\/noticias\/wp-content\/uploads\/2019\/10\/logo-lifefm.png\",\"width\":196,\"height\":47,\"caption\":\"R\u00e1dio Life FM\"},\"image\":{\"@id\":\"https:\/\/radiolifefm.com.br\/noticias\/#\/schema\/logo\/image\/\"},\"sameAs\":[\"https:\/\/www.facebook.com\/radiolifefm\/\",\"https:\/\/www.instagram.com\/life1079fm\/\"]},{\"@type\":\"Person\",\"@id\":\"https:\/\/radiolifefm.com.br\/noticias\/#\/schema\/person\/6339b9fac59d12b071dec680d7375d87\",\"name\":\"ritanery\",\"image\":{\"@type\":\"ImageObject\",\"inLanguage\":\"pt-BR\",\"@id\":\"https:\/\/secure.gravatar.com\/avatar\/0e37bb19071f47c0b8a23f62a903df117c5a0e75f65a0c2901562f97cd41cf86?s=96&d=mm&r=g\",\"url\":\"https:\/\/secure.gravatar.com\/avatar\/0e37bb19071f47c0b8a23f62a903df117c5a0e75f65a0c2901562f97cd41cf86?s=96&d=mm&r=g\",\"contentUrl\":\"https:\/\/secure.gravatar.com\/avatar\/0e37bb19071f47c0b8a23f62a903df117c5a0e75f65a0c2901562f97cd41cf86?s=96&d=mm&r=g\",\"caption\":\"ritanery\"}}]}<\/script>\n<!-- \/ Yoast SEO plugin. -->","yoast_head_json":{"title":"Trabalhadores na sa\u00fade municipal de Adamantina cobram adequa\u00e7\u00e3o de sal\u00e1rios a pisos nacionais - R\u00e1dio Life FM","robots":{"index":"index","follow":"follow","max-snippet":"max-snippet:-1","max-image-preview":"max-image-preview:large","max-video-preview":"max-video-preview:-1"},"canonical":"https:\/\/radiolifefm.com.br\/noticias\/trabalhadores-na-saude-municipal-de-adamantina-cobram-adequacao-de-salarios-a-pisos-nacionais\/","og_locale":"pt_BR","og_type":"article","og_title":"Trabalhadores na sa\u00fade municipal de Adamantina cobram adequa\u00e7\u00e3o de sal\u00e1rios a pisos nacionais - R\u00e1dio Life FM","og_description":"Profissionais de sa\u00fade do quadro da Prefeitura de Adamantina que atuam nos empregos de agentes comunit\u00e1rios de sa\u00fade, agentes de combate a endemias, enfermeiros, auxiliares de enfermagem e t\u00e9cnicos de enfermagem aderiram a um abaixo-assinado em que pedem a adequa\u00e7\u00e3o de seus sal\u00e1rios ao piso nacional dessas categorias. O manifesto teve ades\u00e3o de 100 dos [&hellip;]","og_url":"https:\/\/radiolifefm.com.br\/noticias\/trabalhadores-na-saude-municipal-de-adamantina-cobram-adequacao-de-salarios-a-pisos-nacionais\/","og_site_name":"R\u00e1dio Life FM","article_publisher":"https:\/\/www.facebook.com\/radiolifefm\/","article_published_time":"2022-08-19T11:52:24+00:00","article_modified_time":"2026-03-18T20:28:53+00:00","og_image":[{"width":600,"height":337,"url":"https:\/\/radiolifefm.com.br\/noticias\/wp-content\/uploads\/2022\/08\/capajpeg166085199862fe971e95f16.jpeg","type":"image\/jpeg"}],"author":"ritanery","twitter_card":"summary_large_image","twitter_misc":{"Escrito por":"ritanery","Est. tempo de leitura":"4 minutos"},"schema":{"@context":"https:\/\/schema.org","@graph":[{"@type":"Article","@id":"https:\/\/radiolifefm.com.br\/noticias\/trabalhadores-na-saude-municipal-de-adamantina-cobram-adequacao-de-salarios-a-pisos-nacionais\/#article","isPartOf":{"@id":"https:\/\/radiolifefm.com.br\/noticias\/trabalhadores-na-saude-municipal-de-adamantina-cobram-adequacao-de-salarios-a-pisos-nacionais\/"},"author":{"name":"ritanery","@id":"https:\/\/radiolifefm.com.br\/noticias\/#\/schema\/person\/6339b9fac59d12b071dec680d7375d87"},"headline":"Trabalhadores na sa\u00fade municipal de Adamantina cobram adequa\u00e7\u00e3o de sal\u00e1rios a pisos nacionais","datePublished":"2022-08-19T11:52:24+00:00","dateModified":"2026-03-18T20:28:53+00:00","mainEntityOfPage":{"@id":"https:\/\/radiolifefm.com.br\/noticias\/trabalhadores-na-saude-municipal-de-adamantina-cobram-adequacao-de-salarios-a-pisos-nacionais\/"},"wordCount":856,"publisher":{"@id":"https:\/\/radiolifefm.com.br\/noticias\/#organization"},"image":{"@id":"https:\/\/radiolifefm.com.br\/noticias\/trabalhadores-na-saude-municipal-de-adamantina-cobram-adequacao-de-salarios-a-pisos-nacionais\/#primaryimage"},"thumbnailUrl":"https:\/\/radiolifefm.com.br\/noticias\/wp-content\/uploads\/2022\/08\/capajpeg166085199862fe971e95f16.jpeg","articleSection":["Adamantina"],"inLanguage":"pt-BR"},{"@type":"WebPage","@id":"https:\/\/radiolifefm.com.br\/noticias\/trabalhadores-na-saude-municipal-de-adamantina-cobram-adequacao-de-salarios-a-pisos-nacionais\/","url":"https:\/\/radiolifefm.com.br\/noticias\/trabalhadores-na-saude-municipal-de-adamantina-cobram-adequacao-de-salarios-a-pisos-nacionais\/","name":"Trabalhadores na sa\u00fade municipal de Adamantina cobram adequa\u00e7\u00e3o de sal\u00e1rios a pisos nacionais - R\u00e1dio Life FM","isPartOf":{"@id":"https:\/\/radiolifefm.com.br\/noticias\/#website"},"primaryImageOfPage":{"@id":"https:\/\/radiolifefm.com.br\/noticias\/trabalhadores-na-saude-municipal-de-adamantina-cobram-adequacao-de-salarios-a-pisos-nacionais\/#primaryimage"},"image":{"@id":"https:\/\/radiolifefm.com.br\/noticias\/trabalhadores-na-saude-municipal-de-adamantina-cobram-adequacao-de-salarios-a-pisos-nacionais\/#primaryimage"},"thumbnailUrl":"https:\/\/radiolifefm.com.br\/noticias\/wp-content\/uploads\/2022\/08\/capajpeg166085199862fe971e95f16.jpeg","datePublished":"2022-08-19T11:52:24+00:00","dateModified":"2026-03-18T20:28:53+00:00","breadcrumb":{"@id":"https:\/\/radiolifefm.com.br\/noticias\/trabalhadores-na-saude-municipal-de-adamantina-cobram-adequacao-de-salarios-a-pisos-nacionais\/#breadcrumb"},"inLanguage":"pt-BR","potentialAction":[{"@type":"ReadAction","target":["https:\/\/radiolifefm.com.br\/noticias\/trabalhadores-na-saude-municipal-de-adamantina-cobram-adequacao-de-salarios-a-pisos-nacionais\/"]}]},{"@type":"ImageObject","inLanguage":"pt-BR","@id":"https:\/\/radiolifefm.com.br\/noticias\/trabalhadores-na-saude-municipal-de-adamantina-cobram-adequacao-de-salarios-a-pisos-nacionais\/#primaryimage","url":"https:\/\/radiolifefm.com.br\/noticias\/wp-content\/uploads\/2022\/08\/capajpeg166085199862fe971e95f16.jpeg","contentUrl":"https:\/\/radiolifefm.com.br\/noticias\/wp-content\/uploads\/2022\/08\/capajpeg166085199862fe971e95f16.jpeg","width":600,"height":337,"caption":"Agentes comunit\u00e1rios de sa\u00fade, de endemias e profissionais da enfermagem t\u00eam piso salarial nacional."},{"@type":"BreadcrumbList","@id":"https:\/\/radiolifefm.com.br\/noticias\/trabalhadores-na-saude-municipal-de-adamantina-cobram-adequacao-de-salarios-a-pisos-nacionais\/#breadcrumb","itemListElement":[{"@type":"ListItem","position":1,"name":"In\u00edcio","item":"https:\/\/radiolifefm.com.br\/noticias\/"},{"@type":"ListItem","position":2,"name":"Trabalhadores na sa\u00fade municipal de Adamantina cobram adequa\u00e7\u00e3o de sal\u00e1rios a pisos nacionais"}]},{"@type":"WebSite","@id":"https:\/\/radiolifefm.com.br\/noticias\/#website","url":"https:\/\/radiolifefm.com.br\/noticias\/","name":"R\u00e1dio Life FM","description":"O Portal de Not\u00edcias de Adamantina","publisher":{"@id":"https:\/\/radiolifefm.com.br\/noticias\/#organization"},"alternateName":"Life FM","potentialAction":[{"@type":"SearchAction","target":{"@type":"EntryPoint","urlTemplate":"https:\/\/radiolifefm.com.br\/noticias\/?s={search_term_string}"},"query-input":{"@type":"PropertyValueSpecification","valueRequired":true,"valueName":"search_term_string"}}],"inLanguage":"pt-BR"},{"@type":"Organization","@id":"https:\/\/radiolifefm.com.br\/noticias\/#organization","name":"R\u00e1dio Life FM","alternateName":"Life FM","url":"https:\/\/radiolifefm.com.br\/noticias\/","logo":{"@type":"ImageObject","inLanguage":"pt-BR","@id":"https:\/\/radiolifefm.com.br\/noticias\/#\/schema\/logo\/image\/","url":"https:\/\/static.radiolifefm.com.br\/noticias\/wp-content\/uploads\/2019\/10\/logo-lifefm.png","contentUrl":"https:\/\/static.radiolifefm.com.br\/noticias\/wp-content\/uploads\/2019\/10\/logo-lifefm.png","width":196,"height":47,"caption":"R\u00e1dio Life FM"},"image":{"@id":"https:\/\/radiolifefm.com.br\/noticias\/#\/schema\/logo\/image\/"},"sameAs":["https:\/\/www.facebook.com\/radiolifefm\/","https:\/\/www.instagram.com\/life1079fm\/"]},{"@type":"Person","@id":"https:\/\/radiolifefm.com.br\/noticias\/#\/schema\/person\/6339b9fac59d12b071dec680d7375d87","name":"ritanery","image":{"@type":"ImageObject","inLanguage":"pt-BR","@id":"https:\/\/secure.gravatar.com\/avatar\/0e37bb19071f47c0b8a23f62a903df117c5a0e75f65a0c2901562f97cd41cf86?s=96&d=mm&r=g","url":"https:\/\/secure.gravatar.com\/avatar\/0e37bb19071f47c0b8a23f62a903df117c5a0e75f65a0c2901562f97cd41cf86?s=96&d=mm&r=g","contentUrl":"https:\/\/secure.gravatar.com\/avatar\/0e37bb19071f47c0b8a23f62a903df117c5a0e75f65a0c2901562f97cd41cf86?s=96&d=mm&r=g","caption":"ritanery"}}]}},"amp_enabled":true,"_links":{"self":[{"href":"https:\/\/radiolifefm.com.br\/noticias\/wp-json\/wp\/v2\/posts\/57166","targetHints":{"allow":["GET"]}}],"collection":[{"href":"https:\/\/radiolifefm.com.br\/noticias\/wp-json\/wp\/v2\/posts"}],"about":[{"href":"https:\/\/radiolifefm.com.br\/noticias\/wp-json\/wp\/v2\/types\/post"}],"author":[{"embeddable":true,"href":"https:\/\/radiolifefm.com.br\/noticias\/wp-json\/wp\/v2\/users\/13"}],"replies":[{"embeddable":true,"href":"https:\/\/radiolifefm.com.br\/noticias\/wp-json\/wp\/v2\/comments?post=57166"}],"version-history":[{"count":4,"href":"https:\/\/radiolifefm.com.br\/noticias\/wp-json\/wp\/v2\/posts\/57166\/revisions"}],"predecessor-version":[{"id":57172,"href":"https:\/\/radiolifefm.com.br\/noticias\/wp-json\/wp\/v2\/posts\/57166\/revisions\/57172"}],"wp:featuredmedia":[{"embeddable":true,"href":"https:\/\/radiolifefm.com.br\/noticias\/wp-json\/wp\/v2\/media\/57168"}],"wp:attachment":[{"href":"https:\/\/radiolifefm.com.br\/noticias\/wp-json\/wp\/v2\/media?parent=57166"}],"wp:term":[{"taxonomy":"category","embeddable":true,"href":"https:\/\/radiolifefm.com.br\/noticias\/wp-json\/wp\/v2\/categories?post=57166"},{"taxonomy":"post_tag","embeddable":true,"href":"https:\/\/radiolifefm.com.br\/noticias\/wp-json\/wp\/v2\/tags?post=57166"}],"curies":[{"name":"wp","href":"https:\/\/api.w.org\/{rel}","templated":true}]}}