{"id":57157,"date":"2022-08-19T08:21:03","date_gmt":"2022-08-19T11:21:03","guid":{"rendered":"https:\/\/radiolifefm.com.br\/noticias\/?p=57157"},"modified":"2026-04-05T11:47:13","modified_gmt":"2026-04-05T14:47:13","slug":"moveis-usados-podem-ser-doados-ao-fundo-social-de-solidariedade-de-adamantina-2","status":"publish","type":"post","link":"https:\/\/radiolifefm.com.br\/noticias\/moveis-usados-podem-ser-doados-ao-fundo-social-de-solidariedade-de-adamantina-2\/","title":{"rendered":"M\u00f3veis usados podem ser doados ao Fundo Social de Solidariedade de Adamantina"},"content":{"rendered":"<div id=\"fb-root\"><\/div>\n<p>A Prefeitura de Adamantina, por meio do Fundo Social de Solidariedade, est\u00e1 realizando uma campanha que visa arrecadar m\u00f3veis que n\u00e3o est\u00e3o mais em uso.<\/p>\n<div><\/div>\n<div>Os m\u00f3veis arrecadados ser\u00e3o destinados \u00e0s fam\u00edlias de Adamantina que est\u00e3o em situa\u00e7\u00e3o de vulnerabilidade social.<\/p>\n<p>Os interessados em doar podem entrar em contato com o Fundo Social de Solidariedade pelo telefone (18)3522-1472 para mais informa\u00e7\u00f5es e agendamento da retirada do item que ser\u00e1 destinado a doa\u00e7\u00e3o.<\/p><\/div>\n<div><\/div>\n<div>Semanalmente, uma equipe da Prefeitura de Adamantina, visitar\u00e1 aqueles que querem doar para fazer a retirada dos m\u00f3veis.<\/div>\n<div><\/div>\n<div><\/div>\n<div>Fonte: Assessoria de Imprensa<\/div>\n","protected":false},"excerpt":{"rendered":"<p>A Prefeitura de Adamantina, por meio do Fundo Social de Solidariedade, est\u00e1 realizando uma campanha que visa arrecadar m\u00f3veis que n\u00e3o est\u00e3o mais em uso. Os m\u00f3veis arrecadados ser\u00e3o destinados \u00e0s fam\u00edlias de Adamantina que est\u00e3o em situa\u00e7\u00e3o de vulnerabilidade social. Os interessados em doar podem entrar em contato com o Fundo Social de Solidariedade [&hellip;]<\/p>\n","protected":false},"author":13,"featured_media":57158,"comment_status":"closed","ping_status":"open","sticky":false,"template":"","format":"standard","meta":{"_acf_changed":false,"_exactmetrics_skip_tracking":false,"_exactmetrics_sitenote_active":false,"_exactmetrics_sitenote_note":"","_exactmetrics_sitenote_category":0,"footnotes":""},"categories":[21],"tags":[],"class_list":["post-57157","post","type-post","status-publish","format-standard","has-post-thumbnail","hentry","category-adamantina"],"acf":[],"yoast_head":"<!-- This site is optimized with the Yoast SEO plugin v27.2 - https:\/\/yoast.com\/product\/yoast-seo-wordpress\/ -->\n<title>M\u00f3veis usados podem ser doados ao Fundo Social de Solidariedade de Adamantina - R\u00e1dio Life FM<\/title>\n<meta name=\"robots\" content=\"index, follow, max-snippet:-1, max-image-preview:large, max-video-preview:-1\" \/>\n<link rel=\"canonical\" href=\"https:\/\/radiolifefm.com.br\/noticias\/moveis-usados-podem-ser-doados-ao-fundo-social-de-solidariedade-de-adamantina-2\/\" \/>\n<meta property=\"og:locale\" content=\"pt_BR\" \/>\n<meta property=\"og:type\" content=\"article\" \/>\n<meta property=\"og:title\" content=\"M\u00f3veis usados podem ser doados ao Fundo Social de Solidariedade de Adamantina - R\u00e1dio Life FM\" \/>\n<meta property=\"og:description\" content=\"A Prefeitura de Adamantina, por meio do Fundo Social de Solidariedade, est\u00e1 realizando uma campanha que visa arrecadar m\u00f3veis que n\u00e3o est\u00e3o mais em uso. Os m\u00f3veis arrecadados ser\u00e3o destinados \u00e0s fam\u00edlias de Adamantina que est\u00e3o em situa\u00e7\u00e3o de vulnerabilidade social. Os interessados em doar podem entrar em contato com o Fundo Social de Solidariedade [&hellip;]\" \/>\n<meta property=\"og:url\" content=\"https:\/\/radiolifefm.com.br\/noticias\/moveis-usados-podem-ser-doados-ao-fundo-social-de-solidariedade-de-adamantina-2\/\" \/>\n<meta property=\"og:site_name\" content=\"R\u00e1dio Life FM\" \/>\n<meta property=\"article:publisher\" content=\"https:\/\/www.facebook.com\/radiolifefm\/\" \/>\n<meta property=\"article:published_time\" content=\"2022-08-19T11:21:03+00:00\" \/>\n<meta property=\"article:modified_time\" content=\"2026-04-05T14:47:13+00:00\" \/>\n<meta property=\"og:image\" content=\"https:\/\/radiolifefm.com.br\/noticias\/wp-content\/uploads\/2022\/08\/download-1.jpg\" \/>\n\t<meta property=\"og:image:width\" content=\"284\" \/>\n\t<meta property=\"og:image:height\" content=\"177\" \/>\n\t<meta property=\"og:image:type\" content=\"image\/jpeg\" \/>\n<meta name=\"author\" content=\"ritanery\" \/>\n<meta name=\"twitter:card\" content=\"summary_large_image\" \/>\n<meta name=\"twitter:label1\" content=\"Escrito por\" \/>\n\t<meta name=\"twitter:data1\" content=\"ritanery\" \/>\n\t<meta name=\"twitter:label2\" content=\"Est. tempo de leitura\" \/>\n\t<meta name=\"twitter:data2\" content=\"1 minuto\" \/>\n<script type=\"application\/ld+json\" class=\"yoast-schema-graph\">{\"@context\":\"https:\/\/schema.org\",\"@graph\":[{\"@type\":\"Article\",\"@id\":\"https:\/\/radiolifefm.com.br\/noticias\/moveis-usados-podem-ser-doados-ao-fundo-social-de-solidariedade-de-adamantina-2\/#article\",\"isPartOf\":{\"@id\":\"https:\/\/radiolifefm.com.br\/noticias\/moveis-usados-podem-ser-doados-ao-fundo-social-de-solidariedade-de-adamantina-2\/\"},\"author\":{\"name\":\"ritanery\",\"@id\":\"https:\/\/radiolifefm.com.br\/noticias\/#\/schema\/person\/6339b9fac59d12b071dec680d7375d87\"},\"headline\":\"M\u00f3veis usados podem ser doados ao Fundo Social de Solidariedade de Adamantina\",\"datePublished\":\"2022-08-19T11:21:03+00:00\",\"dateModified\":\"2026-04-05T14:47:13+00:00\",\"mainEntityOfPage\":{\"@id\":\"https:\/\/radiolifefm.com.br\/noticias\/moveis-usados-podem-ser-doados-ao-fundo-social-de-solidariedade-de-adamantina-2\/\"},\"wordCount\":118,\"publisher\":{\"@id\":\"https:\/\/radiolifefm.com.br\/noticias\/#organization\"},\"image\":{\"@id\":\"https:\/\/radiolifefm.com.br\/noticias\/moveis-usados-podem-ser-doados-ao-fundo-social-de-solidariedade-de-adamantina-2\/#primaryimage\"},\"thumbnailUrl\":\"https:\/\/radiolifefm.com.br\/noticias\/wp-content\/uploads\/2022\/08\/download-1.jpg\",\"articleSection\":[\"Adamantina\"],\"inLanguage\":\"pt-BR\"},{\"@type\":\"WebPage\",\"@id\":\"https:\/\/radiolifefm.com.br\/noticias\/moveis-usados-podem-ser-doados-ao-fundo-social-de-solidariedade-de-adamantina-2\/\",\"url\":\"https:\/\/radiolifefm.com.br\/noticias\/moveis-usados-podem-ser-doados-ao-fundo-social-de-solidariedade-de-adamantina-2\/\",\"name\":\"M\u00f3veis usados podem ser doados ao Fundo Social de Solidariedade de Adamantina - R\u00e1dio Life FM\",\"isPartOf\":{\"@id\":\"https:\/\/radiolifefm.com.br\/noticias\/#website\"},\"primaryImageOfPage\":{\"@id\":\"https:\/\/radiolifefm.com.br\/noticias\/moveis-usados-podem-ser-doados-ao-fundo-social-de-solidariedade-de-adamantina-2\/#primaryimage\"},\"image\":{\"@id\":\"https:\/\/radiolifefm.com.br\/noticias\/moveis-usados-podem-ser-doados-ao-fundo-social-de-solidariedade-de-adamantina-2\/#primaryimage\"},\"thumbnailUrl\":\"https:\/\/radiolifefm.com.br\/noticias\/wp-content\/uploads\/2022\/08\/download-1.jpg\",\"datePublished\":\"2022-08-19T11:21:03+00:00\",\"dateModified\":\"2026-04-05T14:47:13+00:00\",\"breadcrumb\":{\"@id\":\"https:\/\/radiolifefm.com.br\/noticias\/moveis-usados-podem-ser-doados-ao-fundo-social-de-solidariedade-de-adamantina-2\/#breadcrumb\"},\"inLanguage\":\"pt-BR\",\"potentialAction\":[{\"@type\":\"ReadAction\",\"target\":[\"https:\/\/radiolifefm.com.br\/noticias\/moveis-usados-podem-ser-doados-ao-fundo-social-de-solidariedade-de-adamantina-2\/\"]}]},{\"@type\":\"ImageObject\",\"inLanguage\":\"pt-BR\",\"@id\":\"https:\/\/radiolifefm.com.br\/noticias\/moveis-usados-podem-ser-doados-ao-fundo-social-de-solidariedade-de-adamantina-2\/#primaryimage\",\"url\":\"https:\/\/radiolifefm.com.br\/noticias\/wp-content\/uploads\/2022\/08\/download-1.jpg\",\"contentUrl\":\"https:\/\/radiolifefm.com.br\/noticias\/wp-content\/uploads\/2022\/08\/download-1.jpg\",\"width\":284,\"height\":177},{\"@type\":\"BreadcrumbList\",\"@id\":\"https:\/\/radiolifefm.com.br\/noticias\/moveis-usados-podem-ser-doados-ao-fundo-social-de-solidariedade-de-adamantina-2\/#breadcrumb\",\"itemListElement\":[{\"@type\":\"ListItem\",\"position\":1,\"name\":\"In\u00edcio\",\"item\":\"https:\/\/radiolifefm.com.br\/noticias\/\"},{\"@type\":\"ListItem\",\"position\":2,\"name\":\"M\u00f3veis usados podem ser doados ao Fundo Social de Solidariedade de Adamantina\"}]},{\"@type\":\"WebSite\",\"@id\":\"https:\/\/radiolifefm.com.br\/noticias\/#website\",\"url\":\"https:\/\/radiolifefm.com.br\/noticias\/\",\"name\":\"R\u00e1dio Life FM\",\"description\":\"O Portal de Not\u00edcias de Adamantina\",\"publisher\":{\"@id\":\"https:\/\/radiolifefm.com.br\/noticias\/#organization\"},\"alternateName\":\"Life FM\",\"potentialAction\":[{\"@type\":\"SearchAction\",\"target\":{\"@type\":\"EntryPoint\",\"urlTemplate\":\"https:\/\/radiolifefm.com.br\/noticias\/?s={search_term_string}\"},\"query-input\":{\"@type\":\"PropertyValueSpecification\",\"valueRequired\":true,\"valueName\":\"search_term_string\"}}],\"inLanguage\":\"pt-BR\"},{\"@type\":\"Organization\",\"@id\":\"https:\/\/radiolifefm.com.br\/noticias\/#organization\",\"name\":\"R\u00e1dio Life FM\",\"alternateName\":\"Life FM\",\"url\":\"https:\/\/radiolifefm.com.br\/noticias\/\",\"logo\":{\"@type\":\"ImageObject\",\"inLanguage\":\"pt-BR\",\"@id\":\"https:\/\/radiolifefm.com.br\/noticias\/#\/schema\/logo\/image\/\",\"url\":\"https:\/\/static.radiolifefm.com.br\/noticias\/wp-content\/uploads\/2019\/10\/logo-lifefm.png\",\"contentUrl\":\"https:\/\/static.radiolifefm.com.br\/noticias\/wp-content\/uploads\/2019\/10\/logo-lifefm.png\",\"width\":196,\"height\":47,\"caption\":\"R\u00e1dio Life FM\"},\"image\":{\"@id\":\"https:\/\/radiolifefm.com.br\/noticias\/#\/schema\/logo\/image\/\"},\"sameAs\":[\"https:\/\/www.facebook.com\/radiolifefm\/\",\"https:\/\/www.instagram.com\/life1079fm\/\"]},{\"@type\":\"Person\",\"@id\":\"https:\/\/radiolifefm.com.br\/noticias\/#\/schema\/person\/6339b9fac59d12b071dec680d7375d87\",\"name\":\"ritanery\",\"image\":{\"@type\":\"ImageObject\",\"inLanguage\":\"pt-BR\",\"@id\":\"https:\/\/secure.gravatar.com\/avatar\/0e37bb19071f47c0b8a23f62a903df117c5a0e75f65a0c2901562f97cd41cf86?s=96&d=mm&r=g\",\"url\":\"https:\/\/secure.gravatar.com\/avatar\/0e37bb19071f47c0b8a23f62a903df117c5a0e75f65a0c2901562f97cd41cf86?s=96&d=mm&r=g\",\"contentUrl\":\"https:\/\/secure.gravatar.com\/avatar\/0e37bb19071f47c0b8a23f62a903df117c5a0e75f65a0c2901562f97cd41cf86?s=96&d=mm&r=g\",\"caption\":\"ritanery\"}}]}<\/script>\n<!-- \/ Yoast SEO plugin. -->","yoast_head_json":{"title":"M\u00f3veis usados podem ser doados ao Fundo Social de Solidariedade de Adamantina - R\u00e1dio Life FM","robots":{"index":"index","follow":"follow","max-snippet":"max-snippet:-1","max-image-preview":"max-image-preview:large","max-video-preview":"max-video-preview:-1"},"canonical":"https:\/\/radiolifefm.com.br\/noticias\/moveis-usados-podem-ser-doados-ao-fundo-social-de-solidariedade-de-adamantina-2\/","og_locale":"pt_BR","og_type":"article","og_title":"M\u00f3veis usados podem ser doados ao Fundo Social de Solidariedade de Adamantina - R\u00e1dio Life FM","og_description":"A Prefeitura de Adamantina, por meio do Fundo Social de Solidariedade, est\u00e1 realizando uma campanha que visa arrecadar m\u00f3veis que n\u00e3o est\u00e3o mais em uso. Os m\u00f3veis arrecadados ser\u00e3o destinados \u00e0s fam\u00edlias de Adamantina que est\u00e3o em situa\u00e7\u00e3o de vulnerabilidade social. Os interessados em doar podem entrar em contato com o Fundo Social de Solidariedade [&hellip;]","og_url":"https:\/\/radiolifefm.com.br\/noticias\/moveis-usados-podem-ser-doados-ao-fundo-social-de-solidariedade-de-adamantina-2\/","og_site_name":"R\u00e1dio Life FM","article_publisher":"https:\/\/www.facebook.com\/radiolifefm\/","article_published_time":"2022-08-19T11:21:03+00:00","article_modified_time":"2026-04-05T14:47:13+00:00","og_image":[{"width":284,"height":177,"url":"https:\/\/radiolifefm.com.br\/noticias\/wp-content\/uploads\/2022\/08\/download-1.jpg","type":"image\/jpeg"}],"author":"ritanery","twitter_card":"summary_large_image","twitter_misc":{"Escrito por":"ritanery","Est. tempo de leitura":"1 minuto"},"schema":{"@context":"https:\/\/schema.org","@graph":[{"@type":"Article","@id":"https:\/\/radiolifefm.com.br\/noticias\/moveis-usados-podem-ser-doados-ao-fundo-social-de-solidariedade-de-adamantina-2\/#article","isPartOf":{"@id":"https:\/\/radiolifefm.com.br\/noticias\/moveis-usados-podem-ser-doados-ao-fundo-social-de-solidariedade-de-adamantina-2\/"},"author":{"name":"ritanery","@id":"https:\/\/radiolifefm.com.br\/noticias\/#\/schema\/person\/6339b9fac59d12b071dec680d7375d87"},"headline":"M\u00f3veis usados podem ser doados ao Fundo Social de Solidariedade de Adamantina","datePublished":"2022-08-19T11:21:03+00:00","dateModified":"2026-04-05T14:47:13+00:00","mainEntityOfPage":{"@id":"https:\/\/radiolifefm.com.br\/noticias\/moveis-usados-podem-ser-doados-ao-fundo-social-de-solidariedade-de-adamantina-2\/"},"wordCount":118,"publisher":{"@id":"https:\/\/radiolifefm.com.br\/noticias\/#organization"},"image":{"@id":"https:\/\/radiolifefm.com.br\/noticias\/moveis-usados-podem-ser-doados-ao-fundo-social-de-solidariedade-de-adamantina-2\/#primaryimage"},"thumbnailUrl":"https:\/\/radiolifefm.com.br\/noticias\/wp-content\/uploads\/2022\/08\/download-1.jpg","articleSection":["Adamantina"],"inLanguage":"pt-BR"},{"@type":"WebPage","@id":"https:\/\/radiolifefm.com.br\/noticias\/moveis-usados-podem-ser-doados-ao-fundo-social-de-solidariedade-de-adamantina-2\/","url":"https:\/\/radiolifefm.com.br\/noticias\/moveis-usados-podem-ser-doados-ao-fundo-social-de-solidariedade-de-adamantina-2\/","name":"M\u00f3veis usados podem ser doados ao Fundo Social de Solidariedade de Adamantina - R\u00e1dio Life FM","isPartOf":{"@id":"https:\/\/radiolifefm.com.br\/noticias\/#website"},"primaryImageOfPage":{"@id":"https:\/\/radiolifefm.com.br\/noticias\/moveis-usados-podem-ser-doados-ao-fundo-social-de-solidariedade-de-adamantina-2\/#primaryimage"},"image":{"@id":"https:\/\/radiolifefm.com.br\/noticias\/moveis-usados-podem-ser-doados-ao-fundo-social-de-solidariedade-de-adamantina-2\/#primaryimage"},"thumbnailUrl":"https:\/\/radiolifefm.com.br\/noticias\/wp-content\/uploads\/2022\/08\/download-1.jpg","datePublished":"2022-08-19T11:21:03+00:00","dateModified":"2026-04-05T14:47:13+00:00","breadcrumb":{"@id":"https:\/\/radiolifefm.com.br\/noticias\/moveis-usados-podem-ser-doados-ao-fundo-social-de-solidariedade-de-adamantina-2\/#breadcrumb"},"inLanguage":"pt-BR","potentialAction":[{"@type":"ReadAction","target":["https:\/\/radiolifefm.com.br\/noticias\/moveis-usados-podem-ser-doados-ao-fundo-social-de-solidariedade-de-adamantina-2\/"]}]},{"@type":"ImageObject","inLanguage":"pt-BR","@id":"https:\/\/radiolifefm.com.br\/noticias\/moveis-usados-podem-ser-doados-ao-fundo-social-de-solidariedade-de-adamantina-2\/#primaryimage","url":"https:\/\/radiolifefm.com.br\/noticias\/wp-content\/uploads\/2022\/08\/download-1.jpg","contentUrl":"https:\/\/radiolifefm.com.br\/noticias\/wp-content\/uploads\/2022\/08\/download-1.jpg","width":284,"height":177},{"@type":"BreadcrumbList","@id":"https:\/\/radiolifefm.com.br\/noticias\/moveis-usados-podem-ser-doados-ao-fundo-social-de-solidariedade-de-adamantina-2\/#breadcrumb","itemListElement":[{"@type":"ListItem","position":1,"name":"In\u00edcio","item":"https:\/\/radiolifefm.com.br\/noticias\/"},{"@type":"ListItem","position":2,"name":"M\u00f3veis usados podem ser doados ao Fundo Social de Solidariedade de Adamantina"}]},{"@type":"WebSite","@id":"https:\/\/radiolifefm.com.br\/noticias\/#website","url":"https:\/\/radiolifefm.com.br\/noticias\/","name":"R\u00e1dio Life FM","description":"O Portal de Not\u00edcias de Adamantina","publisher":{"@id":"https:\/\/radiolifefm.com.br\/noticias\/#organization"},"alternateName":"Life FM","potentialAction":[{"@type":"SearchAction","target":{"@type":"EntryPoint","urlTemplate":"https:\/\/radiolifefm.com.br\/noticias\/?s={search_term_string}"},"query-input":{"@type":"PropertyValueSpecification","valueRequired":true,"valueName":"search_term_string"}}],"inLanguage":"pt-BR"},{"@type":"Organization","@id":"https:\/\/radiolifefm.com.br\/noticias\/#organization","name":"R\u00e1dio Life FM","alternateName":"Life FM","url":"https:\/\/radiolifefm.com.br\/noticias\/","logo":{"@type":"ImageObject","inLanguage":"pt-BR","@id":"https:\/\/radiolifefm.com.br\/noticias\/#\/schema\/logo\/image\/","url":"https:\/\/static.radiolifefm.com.br\/noticias\/wp-content\/uploads\/2019\/10\/logo-lifefm.png","contentUrl":"https:\/\/static.radiolifefm.com.br\/noticias\/wp-content\/uploads\/2019\/10\/logo-lifefm.png","width":196,"height":47,"caption":"R\u00e1dio Life FM"},"image":{"@id":"https:\/\/radiolifefm.com.br\/noticias\/#\/schema\/logo\/image\/"},"sameAs":["https:\/\/www.facebook.com\/radiolifefm\/","https:\/\/www.instagram.com\/life1079fm\/"]},{"@type":"Person","@id":"https:\/\/radiolifefm.com.br\/noticias\/#\/schema\/person\/6339b9fac59d12b071dec680d7375d87","name":"ritanery","image":{"@type":"ImageObject","inLanguage":"pt-BR","@id":"https:\/\/secure.gravatar.com\/avatar\/0e37bb19071f47c0b8a23f62a903df117c5a0e75f65a0c2901562f97cd41cf86?s=96&d=mm&r=g","url":"https:\/\/secure.gravatar.com\/avatar\/0e37bb19071f47c0b8a23f62a903df117c5a0e75f65a0c2901562f97cd41cf86?s=96&d=mm&r=g","contentUrl":"https:\/\/secure.gravatar.com\/avatar\/0e37bb19071f47c0b8a23f62a903df117c5a0e75f65a0c2901562f97cd41cf86?s=96&d=mm&r=g","caption":"ritanery"}}]}},"amp_enabled":true,"_links":{"self":[{"href":"https:\/\/radiolifefm.com.br\/noticias\/wp-json\/wp\/v2\/posts\/57157","targetHints":{"allow":["GET"]}}],"collection":[{"href":"https:\/\/radiolifefm.com.br\/noticias\/wp-json\/wp\/v2\/posts"}],"about":[{"href":"https:\/\/radiolifefm.com.br\/noticias\/wp-json\/wp\/v2\/types\/post"}],"author":[{"embeddable":true,"href":"https:\/\/radiolifefm.com.br\/noticias\/wp-json\/wp\/v2\/users\/13"}],"replies":[{"embeddable":true,"href":"https:\/\/radiolifefm.com.br\/noticias\/wp-json\/wp\/v2\/comments?post=57157"}],"version-history":[{"count":1,"href":"https:\/\/radiolifefm.com.br\/noticias\/wp-json\/wp\/v2\/posts\/57157\/revisions"}],"predecessor-version":[{"id":57159,"href":"https:\/\/radiolifefm.com.br\/noticias\/wp-json\/wp\/v2\/posts\/57157\/revisions\/57159"}],"wp:featuredmedia":[{"embeddable":true,"href":"https:\/\/radiolifefm.com.br\/noticias\/wp-json\/wp\/v2\/media\/57158"}],"wp:attachment":[{"href":"https:\/\/radiolifefm.com.br\/noticias\/wp-json\/wp\/v2\/media?parent=57157"}],"wp:term":[{"taxonomy":"category","embeddable":true,"href":"https:\/\/radiolifefm.com.br\/noticias\/wp-json\/wp\/v2\/categories?post=57157"},{"taxonomy":"post_tag","embeddable":true,"href":"https:\/\/radiolifefm.com.br\/noticias\/wp-json\/wp\/v2\/tags?post=57157"}],"curies":[{"name":"wp","href":"https:\/\/api.w.org\/{rel}","templated":true}]}}