{"id":57143,"date":"2022-08-18T16:14:43","date_gmt":"2022-08-18T19:14:43","guid":{"rendered":"https:\/\/radiolifefm.com.br\/noticias\/?p=57143"},"modified":"2026-04-05T22:02:06","modified_gmt":"2026-04-06T01:02:06","slug":"news_gratidao-e-consideracao-marcaram-o-cafe-da-manha-especial-no-supermercado-mituo_lifefm","status":"publish","type":"post","link":"https:\/\/radiolifefm.com.br\/noticias\/news_gratidao-e-consideracao-marcaram-o-cafe-da-manha-especial-no-supermercado-mituo_lifefm\/","title":{"rendered":"Gratid\u00e3o e considera\u00e7\u00e3o marcaram o Caf\u00e9 da Manh\u00e3 especial no Supermercado Mituo"},"content":{"rendered":"<div id=\"fb-root\"><\/div>\n<p>&nbsp;<\/p>\n<p>&nbsp;<\/p>\n<p>No \u00faltimo s\u00e1bado dia (13) a fam\u00edlia do supermercado Mituo, Carlinhos, Anderson e equipe preparou um caf\u00e9 da manh\u00e3 especial em comemora\u00e7\u00e3o ao dia dos pais. Foi oferecido p\u00e3es com pat\u00ea, presunto, queijo, mortadela, bolos de diversos sabores, salgadinhos, suco, refrigerante, bebida l\u00e1ctea e caf\u00e9.<\/p>\n<p>&nbsp;<\/p>\n<p>O supermercado Mituo, tradicional na cidade de Adamantina, tem como seu maior patrim\u00f4nio os clientes que h\u00e1 mais de 50 anos acompanham a sua evolu\u00e7\u00e3o, desde o in\u00edcio, quando era ainda uma quitanda, da av\u00f3 do popular &#8216;Carlinhos do Mituo&#8217;.<\/p>\n<p>A Life FM marcou presen\u00e7a e entrevistou v\u00e1rios clientes que relataram a considera\u00e7\u00e3o e a fidelidade ao supermercado, ou seja, a fam\u00edlia Mituo.<\/p>\n<p>&nbsp;<\/p>\n<p>Em muitos depoimentos o nome da querida e saudosa Dona Lucia foi citado, \u00e9 impressionante como ela \u00e9 lembrada por todos com muito carinho.<\/p>\n<p>Os clientes que participaram das entrevistas foram presenteados com bolos especiais para comemorar o dia dos pais em fam\u00edlia. Carlinhos e Anderson fizeram quest\u00e3o de entregar pessoalmente os bolos e registrar a gratid\u00e3o pela prefer\u00eancia dos clientes.<\/p>\n<p>&nbsp;<\/p>\n<div class='flex flex-wrap items-center -mx-1'>\r\n<a class='thumbnail gallery p-1 w-1\/2 md:w-1\/4' href='https:\/\/radiolifefm.com.br\/noticias\/wp-content\/uploads\/2022\/08\/Mituo-5.jpeg'><img class='border border-white' src='https:\/\/radiolifefm.com.br\/noticias\/wp-content\/uploads\/2022\/08\/Mituo-5-200x200.jpeg' alt='Mituo (5)' \/><\/a><a class='thumbnail gallery p-1 w-1\/2 md:w-1\/4' href='https:\/\/radiolifefm.com.br\/noticias\/wp-content\/uploads\/2022\/08\/Mituo-6.jpeg'><img class='border border-white' src='https:\/\/radiolifefm.com.br\/noticias\/wp-content\/uploads\/2022\/08\/Mituo-6-200x200.jpeg' alt='Mituo (6)' \/><\/a><a class='thumbnail gallery p-1 w-1\/2 md:w-1\/4' href='https:\/\/radiolifefm.com.br\/noticias\/wp-content\/uploads\/2022\/08\/Mituo-1.jpeg'><img class='border border-white' src='https:\/\/radiolifefm.com.br\/noticias\/wp-content\/uploads\/2022\/08\/Mituo-1-200x200.jpeg' alt='Mituo (1)' \/><\/a><a class='thumbnail gallery p-1 w-1\/2 md:w-1\/4' href='https:\/\/radiolifefm.com.br\/noticias\/wp-content\/uploads\/2022\/08\/Mituo-2.jpeg'><img class='border border-white' src='https:\/\/radiolifefm.com.br\/noticias\/wp-content\/uploads\/2022\/08\/Mituo-2-200x200.jpeg' alt='Mituo (2)' \/><\/a><a class='thumbnail gallery p-1 w-1\/2 md:w-1\/4' href='https:\/\/radiolifefm.com.br\/noticias\/wp-content\/uploads\/2022\/08\/Mituo-3.jpeg'><img class='border border-white' src='https:\/\/radiolifefm.com.br\/noticias\/wp-content\/uploads\/2022\/08\/Mituo-3-200x200.jpeg' alt='Mituo (3)' \/><\/a><a class='thumbnail gallery p-1 w-1\/2 md:w-1\/4' href='https:\/\/radiolifefm.com.br\/noticias\/wp-content\/uploads\/2022\/08\/Mituo-4.jpeg'><img class='border border-white' src='https:\/\/radiolifefm.com.br\/noticias\/wp-content\/uploads\/2022\/08\/Mituo-4-200x200.jpeg' alt='Mituo (4)' \/><\/a><\/div>\n<p>&nbsp;<\/p>\n<p>&nbsp;<\/p>\n<p>No final, Anderson realizou o sorteio de uma AIR FRAYER MONDIAL, oferecida aos clientes que compraram o Caf\u00e9 MACALI.<\/p>\n<p>Veja:<\/p>\n<p>&nbsp;<\/p>\n<p><iframe loading=\"lazy\" title=\"Encerramento da Live especial do Dia dos Pais no Supermercado Mituo\" width=\"500\" height=\"281\" src=\"https:\/\/www.youtube.com\/embed\/Ztx16qK9bkc?feature=oembed\" frameborder=\"0\" allow=\"accelerometer; autoplay; clipboard-write; encrypted-media; gyroscope; picture-in-picture; web-share\" referrerpolicy=\"strict-origin-when-cross-origin\" allowfullscreen><\/iframe><\/p>\n<p>&nbsp;<\/p>\n<p>&nbsp;<\/p>\n<p>&nbsp;<\/p>\n<p>Assista o relato dos clientes clicando nos links abaixo:<\/p>\n<p>&nbsp;<\/p>\n<p>Noemi<\/p>\n<p><iframe loading=\"lazy\" title=\"Caf\u00e9 da manh\u00e3 especial dia dos pais no Supermercado Mituo entrevistando clientes\" width=\"500\" height=\"281\" src=\"https:\/\/www.youtube.com\/embed\/ILnpPWR9JDM?feature=oembed\" frameborder=\"0\" allow=\"accelerometer; autoplay; clipboard-write; encrypted-media; gyroscope; picture-in-picture; web-share\" referrerpolicy=\"strict-origin-when-cross-origin\" allowfullscreen><\/iframe><\/p>\n<p>&nbsp;<\/p>\n<p>Cl\u00f3vis<\/p>\n<p><iframe loading=\"lazy\" title=\"Caf\u00e9 da manh\u00e3 especial do dia dos pais no Supermercado Mituo, com o cliente Cl\u00f3vis\" width=\"500\" height=\"281\" src=\"https:\/\/www.youtube.com\/embed\/6yBGufzlEeg?feature=oembed\" frameborder=\"0\" allow=\"accelerometer; autoplay; clipboard-write; encrypted-media; gyroscope; picture-in-picture; web-share\" referrerpolicy=\"strict-origin-when-cross-origin\" allowfullscreen><\/iframe><\/p>\n<p>&nbsp;<\/p>\n<p>Moacir<\/p>\n<p><iframe loading=\"lazy\" title=\"Caf\u00e9 da manh\u00e3 especial do dia dos pais no Supermercado Mituo, entrevistando o cliente Moacir\" width=\"500\" height=\"281\" src=\"https:\/\/www.youtube.com\/embed\/Bn7YXUTZIMk?feature=oembed\" frameborder=\"0\" allow=\"accelerometer; autoplay; clipboard-write; encrypted-media; gyroscope; picture-in-picture; web-share\" referrerpolicy=\"strict-origin-when-cross-origin\" allowfullscreen><\/iframe><\/p>\n<p>&nbsp;<\/p>\n<p>Giu<\/p>\n<p><iframe loading=\"lazy\" title=\"Caf\u00e9 da manh\u00e3 especial do dia dos pais no Supermercado Mituo, entrevistando a cliente Giulia Gil\" width=\"500\" height=\"281\" src=\"https:\/\/www.youtube.com\/embed\/hEoXjGHxTX0?feature=oembed\" frameborder=\"0\" allow=\"accelerometer; autoplay; clipboard-write; encrypted-media; gyroscope; picture-in-picture; web-share\" referrerpolicy=\"strict-origin-when-cross-origin\" allowfullscreen><\/iframe><\/p>\n<p>&nbsp;<\/p>\n<p>Ant\u00f4nio<\/p>\n<p><iframe loading=\"lazy\" title=\"Caf\u00e9 da manh\u00e3 especial do dia dos Pais no Supermercado Mituo, entrevistando o cliente Ant\u00f4nio\" width=\"500\" height=\"281\" src=\"https:\/\/www.youtube.com\/embed\/S5dYqJC8HSc?feature=oembed\" frameborder=\"0\" allow=\"accelerometer; autoplay; clipboard-write; encrypted-media; gyroscope; picture-in-picture; web-share\" referrerpolicy=\"strict-origin-when-cross-origin\" allowfullscreen><\/iframe><\/p>\n<p>&nbsp;<\/p>\n<p>Fabio<\/p>\n<p><iframe loading=\"lazy\" title=\"Caf\u00e9 da manh\u00e3 especial do dia dos Pais no Supermercado Mituo com o cliente Fabio\" width=\"500\" height=\"281\" src=\"https:\/\/www.youtube.com\/embed\/G1sOswtYWRY?feature=oembed\" frameborder=\"0\" allow=\"accelerometer; autoplay; clipboard-write; encrypted-media; gyroscope; picture-in-picture; web-share\" referrerpolicy=\"strict-origin-when-cross-origin\" allowfullscreen><\/iframe><\/p>\n<p>&nbsp;<\/p>\n<p>&nbsp;<\/p>\n<p>Entrevista com o a\u00e7ougueiro Cl\u00f3vis:<\/p>\n<p>&nbsp;<\/p>\n<p><iframe loading=\"lazy\" title=\"Caf\u00e9 da manh\u00e3 especial do dia dos pais no Supermercado Mituo, entrevistando o a\u00e7ougueiro Cl\u00f3vis\" width=\"500\" height=\"281\" src=\"https:\/\/www.youtube.com\/embed\/6-GFK1B0KG4?feature=oembed\" frameborder=\"0\" allow=\"accelerometer; autoplay; clipboard-write; encrypted-media; gyroscope; picture-in-picture; web-share\" referrerpolicy=\"strict-origin-when-cross-origin\" allowfullscreen><\/iframe><\/p>\n<p>&nbsp;<\/p>\n<p>&nbsp;<\/p>\n<p>&nbsp;<\/p>\n<p>Da Reda\u00e7\u00e3o<\/p>\n","protected":false},"excerpt":{"rendered":"<p>&nbsp; &nbsp; No \u00faltimo s\u00e1bado dia (13) a fam\u00edlia do supermercado Mituo, Carlinhos, Anderson e equipe preparou um caf\u00e9 da manh\u00e3 especial em comemora\u00e7\u00e3o ao dia dos pais. Foi oferecido p\u00e3es com pat\u00ea, presunto, queijo, mortadela, bolos de diversos sabores, salgadinhos, suco, refrigerante, bebida l\u00e1ctea e caf\u00e9. &nbsp; O supermercado Mituo, tradicional na cidade de [&hellip;]<\/p>\n","protected":false},"author":12,"featured_media":57152,"comment_status":"closed","ping_status":"open","sticky":false,"template":"","format":"standard","meta":{"_acf_changed":false,"_exactmetrics_skip_tracking":false,"_exactmetrics_sitenote_active":false,"_exactmetrics_sitenote_note":"","_exactmetrics_sitenote_category":0,"footnotes":""},"categories":[21],"tags":[],"class_list":["post-57143","post","type-post","status-publish","format-standard","has-post-thumbnail","hentry","category-adamantina"],"acf":[],"yoast_head":"<!-- This site is optimized with the Yoast SEO plugin v27.2 - https:\/\/yoast.com\/product\/yoast-seo-wordpress\/ -->\n<title>Gratid\u00e3o e considera\u00e7\u00e3o marcaram o Caf\u00e9 da Manh\u00e3 especial no Supermercado Mituo - R\u00e1dio Life FM<\/title>\n<meta name=\"robots\" content=\"index, follow, max-snippet:-1, max-image-preview:large, max-video-preview:-1\" \/>\n<link rel=\"canonical\" href=\"https:\/\/radiolifefm.com.br\/noticias\/news_gratidao-e-consideracao-marcaram-o-cafe-da-manha-especial-no-supermercado-mituo_lifefm\/\" \/>\n<meta property=\"og:locale\" content=\"pt_BR\" \/>\n<meta property=\"og:type\" content=\"article\" \/>\n<meta property=\"og:title\" content=\"Gratid\u00e3o e considera\u00e7\u00e3o marcaram o Caf\u00e9 da Manh\u00e3 especial no Supermercado Mituo - R\u00e1dio Life FM\" \/>\n<meta property=\"og:description\" content=\"&nbsp; &nbsp; No \u00faltimo s\u00e1bado dia (13) a fam\u00edlia do supermercado Mituo, Carlinhos, Anderson e equipe preparou um caf\u00e9 da manh\u00e3 especial em comemora\u00e7\u00e3o ao dia dos pais. Foi oferecido p\u00e3es com pat\u00ea, presunto, queijo, mortadela, bolos de diversos sabores, salgadinhos, suco, refrigerante, bebida l\u00e1ctea e caf\u00e9. &nbsp; O supermercado Mituo, tradicional na cidade de [&hellip;]\" \/>\n<meta property=\"og:url\" content=\"https:\/\/radiolifefm.com.br\/noticias\/news_gratidao-e-consideracao-marcaram-o-cafe-da-manha-especial-no-supermercado-mituo_lifefm\/\" \/>\n<meta property=\"og:site_name\" content=\"R\u00e1dio Life FM\" \/>\n<meta property=\"article:publisher\" content=\"https:\/\/www.facebook.com\/radiolifefm\/\" \/>\n<meta property=\"article:published_time\" content=\"2022-08-18T19:14:43+00:00\" \/>\n<meta property=\"article:modified_time\" content=\"2026-04-06T01:02:06+00:00\" \/>\n<meta property=\"og:image\" content=\"https:\/\/radiolifefm.com.br\/noticias\/wp-content\/uploads\/2022\/08\/Anderson-e-Carlinhos-e1660850335703.jpeg\" \/>\n\t<meta property=\"og:image:width\" content=\"834\" \/>\n\t<meta property=\"og:image:height\" content=\"647\" \/>\n\t<meta property=\"og:image:type\" content=\"image\/jpeg\" \/>\n<meta name=\"author\" content=\"mayraferrari\" \/>\n<meta name=\"twitter:card\" content=\"summary_large_image\" \/>\n<meta name=\"twitter:label1\" content=\"Escrito por\" \/>\n\t<meta name=\"twitter:data1\" content=\"mayraferrari\" \/>\n\t<meta name=\"twitter:label2\" content=\"Est. tempo de leitura\" \/>\n\t<meta name=\"twitter:data2\" content=\"2 minutos\" \/>\n<script type=\"application\/ld+json\" class=\"yoast-schema-graph\">{\"@context\":\"https:\/\/schema.org\",\"@graph\":[{\"@type\":\"Article\",\"@id\":\"https:\/\/radiolifefm.com.br\/noticias\/news_gratidao-e-consideracao-marcaram-o-cafe-da-manha-especial-no-supermercado-mituo_lifefm\/#article\",\"isPartOf\":{\"@id\":\"https:\/\/radiolifefm.com.br\/noticias\/news_gratidao-e-consideracao-marcaram-o-cafe-da-manha-especial-no-supermercado-mituo_lifefm\/\"},\"author\":{\"name\":\"mayraferrari\",\"@id\":\"https:\/\/radiolifefm.com.br\/noticias\/#\/schema\/person\/d37940c51f50a0c5db4e065bb527a35d\"},\"headline\":\"Gratid\u00e3o e considera\u00e7\u00e3o marcaram o Caf\u00e9 da Manh\u00e3 especial no Supermercado Mituo\",\"datePublished\":\"2022-08-18T19:14:43+00:00\",\"dateModified\":\"2026-04-06T01:02:06+00:00\",\"mainEntityOfPage\":{\"@id\":\"https:\/\/radiolifefm.com.br\/noticias\/news_gratidao-e-consideracao-marcaram-o-cafe-da-manha-especial-no-supermercado-mituo_lifefm\/\"},\"wordCount\":310,\"publisher\":{\"@id\":\"https:\/\/radiolifefm.com.br\/noticias\/#organization\"},\"image\":{\"@id\":\"https:\/\/radiolifefm.com.br\/noticias\/news_gratidao-e-consideracao-marcaram-o-cafe-da-manha-especial-no-supermercado-mituo_lifefm\/#primaryimage\"},\"thumbnailUrl\":\"https:\/\/radiolifefm.com.br\/noticias\/wp-content\/uploads\/2022\/08\/Anderson-e-Carlinhos-e1660850335703.jpeg\",\"articleSection\":[\"Adamantina\"],\"inLanguage\":\"pt-BR\"},{\"@type\":\"WebPage\",\"@id\":\"https:\/\/radiolifefm.com.br\/noticias\/news_gratidao-e-consideracao-marcaram-o-cafe-da-manha-especial-no-supermercado-mituo_lifefm\/\",\"url\":\"https:\/\/radiolifefm.com.br\/noticias\/news_gratidao-e-consideracao-marcaram-o-cafe-da-manha-especial-no-supermercado-mituo_lifefm\/\",\"name\":\"Gratid\u00e3o e considera\u00e7\u00e3o marcaram o Caf\u00e9 da Manh\u00e3 especial no Supermercado Mituo - R\u00e1dio Life FM\",\"isPartOf\":{\"@id\":\"https:\/\/radiolifefm.com.br\/noticias\/#website\"},\"primaryImageOfPage\":{\"@id\":\"https:\/\/radiolifefm.com.br\/noticias\/news_gratidao-e-consideracao-marcaram-o-cafe-da-manha-especial-no-supermercado-mituo_lifefm\/#primaryimage\"},\"image\":{\"@id\":\"https:\/\/radiolifefm.com.br\/noticias\/news_gratidao-e-consideracao-marcaram-o-cafe-da-manha-especial-no-supermercado-mituo_lifefm\/#primaryimage\"},\"thumbnailUrl\":\"https:\/\/radiolifefm.com.br\/noticias\/wp-content\/uploads\/2022\/08\/Anderson-e-Carlinhos-e1660850335703.jpeg\",\"datePublished\":\"2022-08-18T19:14:43+00:00\",\"dateModified\":\"2026-04-06T01:02:06+00:00\",\"breadcrumb\":{\"@id\":\"https:\/\/radiolifefm.com.br\/noticias\/news_gratidao-e-consideracao-marcaram-o-cafe-da-manha-especial-no-supermercado-mituo_lifefm\/#breadcrumb\"},\"inLanguage\":\"pt-BR\",\"potentialAction\":[{\"@type\":\"ReadAction\",\"target\":[\"https:\/\/radiolifefm.com.br\/noticias\/news_gratidao-e-consideracao-marcaram-o-cafe-da-manha-especial-no-supermercado-mituo_lifefm\/\"]}]},{\"@type\":\"ImageObject\",\"inLanguage\":\"pt-BR\",\"@id\":\"https:\/\/radiolifefm.com.br\/noticias\/news_gratidao-e-consideracao-marcaram-o-cafe-da-manha-especial-no-supermercado-mituo_lifefm\/#primaryimage\",\"url\":\"https:\/\/radiolifefm.com.br\/noticias\/wp-content\/uploads\/2022\/08\/Anderson-e-Carlinhos-e1660850335703.jpeg\",\"contentUrl\":\"https:\/\/radiolifefm.com.br\/noticias\/wp-content\/uploads\/2022\/08\/Anderson-e-Carlinhos-e1660850335703.jpeg\",\"width\":834,\"height\":647},{\"@type\":\"BreadcrumbList\",\"@id\":\"https:\/\/radiolifefm.com.br\/noticias\/news_gratidao-e-consideracao-marcaram-o-cafe-da-manha-especial-no-supermercado-mituo_lifefm\/#breadcrumb\",\"itemListElement\":[{\"@type\":\"ListItem\",\"position\":1,\"name\":\"In\u00edcio\",\"item\":\"https:\/\/radiolifefm.com.br\/noticias\/\"},{\"@type\":\"ListItem\",\"position\":2,\"name\":\"Gratid\u00e3o e considera\u00e7\u00e3o marcaram o Caf\u00e9 da Manh\u00e3 especial no Supermercado Mituo\"}]},{\"@type\":\"WebSite\",\"@id\":\"https:\/\/radiolifefm.com.br\/noticias\/#website\",\"url\":\"https:\/\/radiolifefm.com.br\/noticias\/\",\"name\":\"R\u00e1dio Life FM\",\"description\":\"O Portal de Not\u00edcias de Adamantina\",\"publisher\":{\"@id\":\"https:\/\/radiolifefm.com.br\/noticias\/#organization\"},\"alternateName\":\"Life FM\",\"potentialAction\":[{\"@type\":\"SearchAction\",\"target\":{\"@type\":\"EntryPoint\",\"urlTemplate\":\"https:\/\/radiolifefm.com.br\/noticias\/?s={search_term_string}\"},\"query-input\":{\"@type\":\"PropertyValueSpecification\",\"valueRequired\":true,\"valueName\":\"search_term_string\"}}],\"inLanguage\":\"pt-BR\"},{\"@type\":\"Organization\",\"@id\":\"https:\/\/radiolifefm.com.br\/noticias\/#organization\",\"name\":\"R\u00e1dio Life FM\",\"alternateName\":\"Life FM\",\"url\":\"https:\/\/radiolifefm.com.br\/noticias\/\",\"logo\":{\"@type\":\"ImageObject\",\"inLanguage\":\"pt-BR\",\"@id\":\"https:\/\/radiolifefm.com.br\/noticias\/#\/schema\/logo\/image\/\",\"url\":\"https:\/\/static.radiolifefm.com.br\/noticias\/wp-content\/uploads\/2019\/10\/logo-lifefm.png\",\"contentUrl\":\"https:\/\/static.radiolifefm.com.br\/noticias\/wp-content\/uploads\/2019\/10\/logo-lifefm.png\",\"width\":196,\"height\":47,\"caption\":\"R\u00e1dio Life FM\"},\"image\":{\"@id\":\"https:\/\/radiolifefm.com.br\/noticias\/#\/schema\/logo\/image\/\"},\"sameAs\":[\"https:\/\/www.facebook.com\/radiolifefm\/\",\"https:\/\/www.instagram.com\/life1079fm\/\"]},{\"@type\":\"Person\",\"@id\":\"https:\/\/radiolifefm.com.br\/noticias\/#\/schema\/person\/d37940c51f50a0c5db4e065bb527a35d\",\"name\":\"mayraferrari\",\"image\":{\"@type\":\"ImageObject\",\"inLanguage\":\"pt-BR\",\"@id\":\"https:\/\/secure.gravatar.com\/avatar\/69374fafea2eae004e87f555bcb8bb6e24c5d501c2ffec6bbedf0a8f25427b93?s=96&d=mm&r=g\",\"url\":\"https:\/\/secure.gravatar.com\/avatar\/69374fafea2eae004e87f555bcb8bb6e24c5d501c2ffec6bbedf0a8f25427b93?s=96&d=mm&r=g\",\"contentUrl\":\"https:\/\/secure.gravatar.com\/avatar\/69374fafea2eae004e87f555bcb8bb6e24c5d501c2ffec6bbedf0a8f25427b93?s=96&d=mm&r=g\",\"caption\":\"mayraferrari\"}}]}<\/script>\n<!-- \/ Yoast SEO plugin. -->","yoast_head_json":{"title":"Gratid\u00e3o e considera\u00e7\u00e3o marcaram o Caf\u00e9 da Manh\u00e3 especial no Supermercado Mituo - R\u00e1dio Life FM","robots":{"index":"index","follow":"follow","max-snippet":"max-snippet:-1","max-image-preview":"max-image-preview:large","max-video-preview":"max-video-preview:-1"},"canonical":"https:\/\/radiolifefm.com.br\/noticias\/news_gratidao-e-consideracao-marcaram-o-cafe-da-manha-especial-no-supermercado-mituo_lifefm\/","og_locale":"pt_BR","og_type":"article","og_title":"Gratid\u00e3o e considera\u00e7\u00e3o marcaram o Caf\u00e9 da Manh\u00e3 especial no Supermercado Mituo - R\u00e1dio Life FM","og_description":"&nbsp; &nbsp; No \u00faltimo s\u00e1bado dia (13) a fam\u00edlia do supermercado Mituo, Carlinhos, Anderson e equipe preparou um caf\u00e9 da manh\u00e3 especial em comemora\u00e7\u00e3o ao dia dos pais. Foi oferecido p\u00e3es com pat\u00ea, presunto, queijo, mortadela, bolos de diversos sabores, salgadinhos, suco, refrigerante, bebida l\u00e1ctea e caf\u00e9. &nbsp; O supermercado Mituo, tradicional na cidade de [&hellip;]","og_url":"https:\/\/radiolifefm.com.br\/noticias\/news_gratidao-e-consideracao-marcaram-o-cafe-da-manha-especial-no-supermercado-mituo_lifefm\/","og_site_name":"R\u00e1dio Life FM","article_publisher":"https:\/\/www.facebook.com\/radiolifefm\/","article_published_time":"2022-08-18T19:14:43+00:00","article_modified_time":"2026-04-06T01:02:06+00:00","og_image":[{"width":834,"height":647,"url":"https:\/\/radiolifefm.com.br\/noticias\/wp-content\/uploads\/2022\/08\/Anderson-e-Carlinhos-e1660850335703.jpeg","type":"image\/jpeg"}],"author":"mayraferrari","twitter_card":"summary_large_image","twitter_misc":{"Escrito por":"mayraferrari","Est. tempo de leitura":"2 minutos"},"schema":{"@context":"https:\/\/schema.org","@graph":[{"@type":"Article","@id":"https:\/\/radiolifefm.com.br\/noticias\/news_gratidao-e-consideracao-marcaram-o-cafe-da-manha-especial-no-supermercado-mituo_lifefm\/#article","isPartOf":{"@id":"https:\/\/radiolifefm.com.br\/noticias\/news_gratidao-e-consideracao-marcaram-o-cafe-da-manha-especial-no-supermercado-mituo_lifefm\/"},"author":{"name":"mayraferrari","@id":"https:\/\/radiolifefm.com.br\/noticias\/#\/schema\/person\/d37940c51f50a0c5db4e065bb527a35d"},"headline":"Gratid\u00e3o e considera\u00e7\u00e3o marcaram o Caf\u00e9 da Manh\u00e3 especial no Supermercado Mituo","datePublished":"2022-08-18T19:14:43+00:00","dateModified":"2026-04-06T01:02:06+00:00","mainEntityOfPage":{"@id":"https:\/\/radiolifefm.com.br\/noticias\/news_gratidao-e-consideracao-marcaram-o-cafe-da-manha-especial-no-supermercado-mituo_lifefm\/"},"wordCount":310,"publisher":{"@id":"https:\/\/radiolifefm.com.br\/noticias\/#organization"},"image":{"@id":"https:\/\/radiolifefm.com.br\/noticias\/news_gratidao-e-consideracao-marcaram-o-cafe-da-manha-especial-no-supermercado-mituo_lifefm\/#primaryimage"},"thumbnailUrl":"https:\/\/radiolifefm.com.br\/noticias\/wp-content\/uploads\/2022\/08\/Anderson-e-Carlinhos-e1660850335703.jpeg","articleSection":["Adamantina"],"inLanguage":"pt-BR"},{"@type":"WebPage","@id":"https:\/\/radiolifefm.com.br\/noticias\/news_gratidao-e-consideracao-marcaram-o-cafe-da-manha-especial-no-supermercado-mituo_lifefm\/","url":"https:\/\/radiolifefm.com.br\/noticias\/news_gratidao-e-consideracao-marcaram-o-cafe-da-manha-especial-no-supermercado-mituo_lifefm\/","name":"Gratid\u00e3o e considera\u00e7\u00e3o marcaram o Caf\u00e9 da Manh\u00e3 especial no Supermercado Mituo - R\u00e1dio Life FM","isPartOf":{"@id":"https:\/\/radiolifefm.com.br\/noticias\/#website"},"primaryImageOfPage":{"@id":"https:\/\/radiolifefm.com.br\/noticias\/news_gratidao-e-consideracao-marcaram-o-cafe-da-manha-especial-no-supermercado-mituo_lifefm\/#primaryimage"},"image":{"@id":"https:\/\/radiolifefm.com.br\/noticias\/news_gratidao-e-consideracao-marcaram-o-cafe-da-manha-especial-no-supermercado-mituo_lifefm\/#primaryimage"},"thumbnailUrl":"https:\/\/radiolifefm.com.br\/noticias\/wp-content\/uploads\/2022\/08\/Anderson-e-Carlinhos-e1660850335703.jpeg","datePublished":"2022-08-18T19:14:43+00:00","dateModified":"2026-04-06T01:02:06+00:00","breadcrumb":{"@id":"https:\/\/radiolifefm.com.br\/noticias\/news_gratidao-e-consideracao-marcaram-o-cafe-da-manha-especial-no-supermercado-mituo_lifefm\/#breadcrumb"},"inLanguage":"pt-BR","potentialAction":[{"@type":"ReadAction","target":["https:\/\/radiolifefm.com.br\/noticias\/news_gratidao-e-consideracao-marcaram-o-cafe-da-manha-especial-no-supermercado-mituo_lifefm\/"]}]},{"@type":"ImageObject","inLanguage":"pt-BR","@id":"https:\/\/radiolifefm.com.br\/noticias\/news_gratidao-e-consideracao-marcaram-o-cafe-da-manha-especial-no-supermercado-mituo_lifefm\/#primaryimage","url":"https:\/\/radiolifefm.com.br\/noticias\/wp-content\/uploads\/2022\/08\/Anderson-e-Carlinhos-e1660850335703.jpeg","contentUrl":"https:\/\/radiolifefm.com.br\/noticias\/wp-content\/uploads\/2022\/08\/Anderson-e-Carlinhos-e1660850335703.jpeg","width":834,"height":647},{"@type":"BreadcrumbList","@id":"https:\/\/radiolifefm.com.br\/noticias\/news_gratidao-e-consideracao-marcaram-o-cafe-da-manha-especial-no-supermercado-mituo_lifefm\/#breadcrumb","itemListElement":[{"@type":"ListItem","position":1,"name":"In\u00edcio","item":"https:\/\/radiolifefm.com.br\/noticias\/"},{"@type":"ListItem","position":2,"name":"Gratid\u00e3o e considera\u00e7\u00e3o marcaram o Caf\u00e9 da Manh\u00e3 especial no Supermercado Mituo"}]},{"@type":"WebSite","@id":"https:\/\/radiolifefm.com.br\/noticias\/#website","url":"https:\/\/radiolifefm.com.br\/noticias\/","name":"R\u00e1dio Life FM","description":"O Portal de Not\u00edcias de Adamantina","publisher":{"@id":"https:\/\/radiolifefm.com.br\/noticias\/#organization"},"alternateName":"Life FM","potentialAction":[{"@type":"SearchAction","target":{"@type":"EntryPoint","urlTemplate":"https:\/\/radiolifefm.com.br\/noticias\/?s={search_term_string}"},"query-input":{"@type":"PropertyValueSpecification","valueRequired":true,"valueName":"search_term_string"}}],"inLanguage":"pt-BR"},{"@type":"Organization","@id":"https:\/\/radiolifefm.com.br\/noticias\/#organization","name":"R\u00e1dio Life FM","alternateName":"Life FM","url":"https:\/\/radiolifefm.com.br\/noticias\/","logo":{"@type":"ImageObject","inLanguage":"pt-BR","@id":"https:\/\/radiolifefm.com.br\/noticias\/#\/schema\/logo\/image\/","url":"https:\/\/static.radiolifefm.com.br\/noticias\/wp-content\/uploads\/2019\/10\/logo-lifefm.png","contentUrl":"https:\/\/static.radiolifefm.com.br\/noticias\/wp-content\/uploads\/2019\/10\/logo-lifefm.png","width":196,"height":47,"caption":"R\u00e1dio Life FM"},"image":{"@id":"https:\/\/radiolifefm.com.br\/noticias\/#\/schema\/logo\/image\/"},"sameAs":["https:\/\/www.facebook.com\/radiolifefm\/","https:\/\/www.instagram.com\/life1079fm\/"]},{"@type":"Person","@id":"https:\/\/radiolifefm.com.br\/noticias\/#\/schema\/person\/d37940c51f50a0c5db4e065bb527a35d","name":"mayraferrari","image":{"@type":"ImageObject","inLanguage":"pt-BR","@id":"https:\/\/secure.gravatar.com\/avatar\/69374fafea2eae004e87f555bcb8bb6e24c5d501c2ffec6bbedf0a8f25427b93?s=96&d=mm&r=g","url":"https:\/\/secure.gravatar.com\/avatar\/69374fafea2eae004e87f555bcb8bb6e24c5d501c2ffec6bbedf0a8f25427b93?s=96&d=mm&r=g","contentUrl":"https:\/\/secure.gravatar.com\/avatar\/69374fafea2eae004e87f555bcb8bb6e24c5d501c2ffec6bbedf0a8f25427b93?s=96&d=mm&r=g","caption":"mayraferrari"}}]}},"amp_enabled":true,"_links":{"self":[{"href":"https:\/\/radiolifefm.com.br\/noticias\/wp-json\/wp\/v2\/posts\/57143","targetHints":{"allow":["GET"]}}],"collection":[{"href":"https:\/\/radiolifefm.com.br\/noticias\/wp-json\/wp\/v2\/posts"}],"about":[{"href":"https:\/\/radiolifefm.com.br\/noticias\/wp-json\/wp\/v2\/types\/post"}],"author":[{"embeddable":true,"href":"https:\/\/radiolifefm.com.br\/noticias\/wp-json\/wp\/v2\/users\/12"}],"replies":[{"embeddable":true,"href":"https:\/\/radiolifefm.com.br\/noticias\/wp-json\/wp\/v2\/comments?post=57143"}],"version-history":[{"count":1,"href":"https:\/\/radiolifefm.com.br\/noticias\/wp-json\/wp\/v2\/posts\/57143\/revisions"}],"predecessor-version":[{"id":57151,"href":"https:\/\/radiolifefm.com.br\/noticias\/wp-json\/wp\/v2\/posts\/57143\/revisions\/57151"}],"wp:featuredmedia":[{"embeddable":true,"href":"https:\/\/radiolifefm.com.br\/noticias\/wp-json\/wp\/v2\/media\/57152"}],"wp:attachment":[{"href":"https:\/\/radiolifefm.com.br\/noticias\/wp-json\/wp\/v2\/media?parent=57143"}],"wp:term":[{"taxonomy":"category","embeddable":true,"href":"https:\/\/radiolifefm.com.br\/noticias\/wp-json\/wp\/v2\/categories?post=57143"},{"taxonomy":"post_tag","embeddable":true,"href":"https:\/\/radiolifefm.com.br\/noticias\/wp-json\/wp\/v2\/tags?post=57143"}],"curies":[{"name":"wp","href":"https:\/\/api.w.org\/{rel}","templated":true}]}}