{"id":57131,"date":"2022-08-18T10:30:53","date_gmt":"2022-08-18T13:30:53","guid":{"rendered":"https:\/\/radiolifefm.com.br\/noticias\/?p=57131"},"modified":"2026-04-26T15:08:58","modified_gmt":"2026-04-26T18:08:58","slug":"vereadores-pedem-a-separacao-do-banco-do-povo-e-procon-dos-outros-atendimentos-do-poupatempo","status":"publish","type":"post","link":"https:\/\/radiolifefm.com.br\/noticias\/vereadores-pedem-a-separacao-do-banco-do-povo-e-procon-dos-outros-atendimentos-do-poupatempo\/","title":{"rendered":"Vereadores pedem a separa\u00e7\u00e3o do Banco do Povo e Procon dos outros atendimentos do Poupatempo"},"content":{"rendered":"<div id=\"fb-root\"><\/div>\n<p>O fato de usu\u00e1rios se sentirem constrangidos pela exposi\u00e7\u00e3o ao buscarem os servi\u00e7os do Banco do povo e do Procon, j\u00e1 que os \u00f3rg\u00e3os funcionam junto com a unidade do Poupatempo de Adamantina, provocou a elabora\u00e7\u00e3o da Indica\u00e7\u00e3o n\u00ba 325\/22 na C\u00e2mara Municipal que pede a separa\u00e7\u00e3o dos atendimentos dos \u00f3rg\u00e3os.<\/p>\n<p>Apresentado em sess\u00e3o ordin\u00e1ria da C\u00e2mara Municipal e assinado pelos vereadores Noriko Saito (PV) e Aguinaldo Galv\u00e3o (UNI\u00c3O), o documento \u00e9 direcionado \u00e0 Prefeitura e \u00e0 dire\u00e7\u00e3o do Poupatempo. Vale contextualizar que o \u00f3rg\u00e3o foi inaugurado e iniciou seus atendimentos em Adamantina no \u00faltimo m\u00eas de julho.<\/p>\n<p>\u201cA presente solicita\u00e7\u00e3o se faz necess\u00e1ria tendo em vista que v\u00e1rias pessoas t\u00eam reclamado que ficam constrangidas de tratar de empr\u00e9stimos no banco, bem como fazer as den\u00fancias no Procon, exigindo desta forma privacidade\u201d, justificaram os autores do pedido.<\/p>\n<p>A Indica\u00e7\u00e3o passou pelo plen\u00e1rio do Poder Legislativo e foi enviada aos respons\u00e1veis por analisarem a possibilidade de separar os atendimentos do Banco do Povo e Procon dos demais.<\/p>\n<p>&nbsp;<\/p>\n<p>Fonte: Adamantina Net<\/p>\n","protected":false},"excerpt":{"rendered":"<p>O fato de usu\u00e1rios se sentirem constrangidos pela exposi\u00e7\u00e3o ao buscarem os servi\u00e7os do Banco do povo e do Procon, j\u00e1 que os \u00f3rg\u00e3os funcionam junto com a unidade do Poupatempo de Adamantina, provocou a elabora\u00e7\u00e3o da Indica\u00e7\u00e3o n\u00ba 325\/22 na C\u00e2mara Municipal que pede a separa\u00e7\u00e3o dos atendimentos dos \u00f3rg\u00e3os. Apresentado em sess\u00e3o ordin\u00e1ria [&hellip;]<\/p>\n","protected":false},"author":13,"featured_media":57132,"comment_status":"closed","ping_status":"open","sticky":false,"template":"","format":"standard","meta":{"_acf_changed":false,"_exactmetrics_skip_tracking":false,"_exactmetrics_sitenote_active":false,"_exactmetrics_sitenote_note":"","_exactmetrics_sitenote_category":0,"footnotes":""},"categories":[21],"tags":[],"class_list":["post-57131","post","type-post","status-publish","format-standard","has-post-thumbnail","hentry","category-adamantina"],"acf":[],"yoast_head":"<!-- This site is optimized with the Yoast SEO plugin v27.2 - https:\/\/yoast.com\/product\/yoast-seo-wordpress\/ -->\n<title>Vereadores pedem a separa\u00e7\u00e3o do Banco do Povo e Procon dos outros atendimentos do Poupatempo - R\u00e1dio Life FM<\/title>\n<meta name=\"robots\" content=\"index, follow, max-snippet:-1, max-image-preview:large, max-video-preview:-1\" \/>\n<link rel=\"canonical\" href=\"https:\/\/radiolifefm.com.br\/noticias\/vereadores-pedem-a-separacao-do-banco-do-povo-e-procon-dos-outros-atendimentos-do-poupatempo\/\" \/>\n<meta property=\"og:locale\" content=\"pt_BR\" \/>\n<meta property=\"og:type\" content=\"article\" \/>\n<meta property=\"og:title\" content=\"Vereadores pedem a separa\u00e7\u00e3o do Banco do Povo e Procon dos outros atendimentos do Poupatempo - R\u00e1dio Life FM\" \/>\n<meta property=\"og:description\" content=\"O fato de usu\u00e1rios se sentirem constrangidos pela exposi\u00e7\u00e3o ao buscarem os servi\u00e7os do Banco do povo e do Procon, j\u00e1 que os \u00f3rg\u00e3os funcionam junto com a unidade do Poupatempo de Adamantina, provocou a elabora\u00e7\u00e3o da Indica\u00e7\u00e3o n\u00ba 325\/22 na C\u00e2mara Municipal que pede a separa\u00e7\u00e3o dos atendimentos dos \u00f3rg\u00e3os. Apresentado em sess\u00e3o ordin\u00e1ria [&hellip;]\" \/>\n<meta property=\"og:url\" content=\"https:\/\/radiolifefm.com.br\/noticias\/vereadores-pedem-a-separacao-do-banco-do-povo-e-procon-dos-outros-atendimentos-do-poupatempo\/\" \/>\n<meta property=\"og:site_name\" content=\"R\u00e1dio Life FM\" \/>\n<meta property=\"article:publisher\" content=\"https:\/\/www.facebook.com\/radiolifefm\/\" \/>\n<meta property=\"article:published_time\" content=\"2022-08-18T13:30:53+00:00\" \/>\n<meta property=\"article:modified_time\" content=\"2026-04-26T18:08:58+00:00\" \/>\n<meta property=\"og:image\" content=\"https:\/\/radiolifefm.com.br\/noticias\/wp-content\/uploads\/2022\/08\/cats-39.jpg\" \/>\n\t<meta property=\"og:image:width\" content=\"1000\" \/>\n\t<meta property=\"og:image:height\" content=\"523\" \/>\n\t<meta property=\"og:image:type\" content=\"image\/jpeg\" \/>\n<meta name=\"author\" content=\"ritanery\" \/>\n<meta name=\"twitter:card\" content=\"summary_large_image\" \/>\n<meta name=\"twitter:label1\" content=\"Escrito por\" \/>\n\t<meta name=\"twitter:data1\" content=\"ritanery\" \/>\n\t<meta name=\"twitter:label2\" content=\"Est. tempo de leitura\" \/>\n\t<meta name=\"twitter:data2\" content=\"1 minuto\" \/>\n<script type=\"application\/ld+json\" class=\"yoast-schema-graph\">{\"@context\":\"https:\/\/schema.org\",\"@graph\":[{\"@type\":\"Article\",\"@id\":\"https:\/\/radiolifefm.com.br\/noticias\/vereadores-pedem-a-separacao-do-banco-do-povo-e-procon-dos-outros-atendimentos-do-poupatempo\/#article\",\"isPartOf\":{\"@id\":\"https:\/\/radiolifefm.com.br\/noticias\/vereadores-pedem-a-separacao-do-banco-do-povo-e-procon-dos-outros-atendimentos-do-poupatempo\/\"},\"author\":{\"name\":\"ritanery\",\"@id\":\"https:\/\/radiolifefm.com.br\/noticias\/#\/schema\/person\/6339b9fac59d12b071dec680d7375d87\"},\"headline\":\"Vereadores pedem a separa\u00e7\u00e3o do Banco do Povo e Procon dos outros atendimentos do Poupatempo\",\"datePublished\":\"2022-08-18T13:30:53+00:00\",\"dateModified\":\"2026-04-26T18:08:58+00:00\",\"mainEntityOfPage\":{\"@id\":\"https:\/\/radiolifefm.com.br\/noticias\/vereadores-pedem-a-separacao-do-banco-do-povo-e-procon-dos-outros-atendimentos-do-poupatempo\/\"},\"wordCount\":208,\"publisher\":{\"@id\":\"https:\/\/radiolifefm.com.br\/noticias\/#organization\"},\"image\":{\"@id\":\"https:\/\/radiolifefm.com.br\/noticias\/vereadores-pedem-a-separacao-do-banco-do-povo-e-procon-dos-outros-atendimentos-do-poupatempo\/#primaryimage\"},\"thumbnailUrl\":\"https:\/\/radiolifefm.com.br\/noticias\/wp-content\/uploads\/2022\/08\/cats-39.jpg\",\"articleSection\":[\"Adamantina\"],\"inLanguage\":\"pt-BR\"},{\"@type\":\"WebPage\",\"@id\":\"https:\/\/radiolifefm.com.br\/noticias\/vereadores-pedem-a-separacao-do-banco-do-povo-e-procon-dos-outros-atendimentos-do-poupatempo\/\",\"url\":\"https:\/\/radiolifefm.com.br\/noticias\/vereadores-pedem-a-separacao-do-banco-do-povo-e-procon-dos-outros-atendimentos-do-poupatempo\/\",\"name\":\"Vereadores pedem a separa\u00e7\u00e3o do Banco do Povo e Procon dos outros atendimentos do Poupatempo - R\u00e1dio Life FM\",\"isPartOf\":{\"@id\":\"https:\/\/radiolifefm.com.br\/noticias\/#website\"},\"primaryImageOfPage\":{\"@id\":\"https:\/\/radiolifefm.com.br\/noticias\/vereadores-pedem-a-separacao-do-banco-do-povo-e-procon-dos-outros-atendimentos-do-poupatempo\/#primaryimage\"},\"image\":{\"@id\":\"https:\/\/radiolifefm.com.br\/noticias\/vereadores-pedem-a-separacao-do-banco-do-povo-e-procon-dos-outros-atendimentos-do-poupatempo\/#primaryimage\"},\"thumbnailUrl\":\"https:\/\/radiolifefm.com.br\/noticias\/wp-content\/uploads\/2022\/08\/cats-39.jpg\",\"datePublished\":\"2022-08-18T13:30:53+00:00\",\"dateModified\":\"2026-04-26T18:08:58+00:00\",\"breadcrumb\":{\"@id\":\"https:\/\/radiolifefm.com.br\/noticias\/vereadores-pedem-a-separacao-do-banco-do-povo-e-procon-dos-outros-atendimentos-do-poupatempo\/#breadcrumb\"},\"inLanguage\":\"pt-BR\",\"potentialAction\":[{\"@type\":\"ReadAction\",\"target\":[\"https:\/\/radiolifefm.com.br\/noticias\/vereadores-pedem-a-separacao-do-banco-do-povo-e-procon-dos-outros-atendimentos-do-poupatempo\/\"]}]},{\"@type\":\"ImageObject\",\"inLanguage\":\"pt-BR\",\"@id\":\"https:\/\/radiolifefm.com.br\/noticias\/vereadores-pedem-a-separacao-do-banco-do-povo-e-procon-dos-outros-atendimentos-do-poupatempo\/#primaryimage\",\"url\":\"https:\/\/radiolifefm.com.br\/noticias\/wp-content\/uploads\/2022\/08\/cats-39.jpg\",\"contentUrl\":\"https:\/\/radiolifefm.com.br\/noticias\/wp-content\/uploads\/2022\/08\/cats-39.jpg\",\"width\":1000,\"height\":523,\"caption\":\"Curr\u00edculos devem ser encaminhados para o e-mail: pat@adamantina.sp.gov.br ou entregues diretamente no Posto de Atendimento ao Trabalhador que funciona no pr\u00e9dio do Poupatempo\"},{\"@type\":\"BreadcrumbList\",\"@id\":\"https:\/\/radiolifefm.com.br\/noticias\/vereadores-pedem-a-separacao-do-banco-do-povo-e-procon-dos-outros-atendimentos-do-poupatempo\/#breadcrumb\",\"itemListElement\":[{\"@type\":\"ListItem\",\"position\":1,\"name\":\"In\u00edcio\",\"item\":\"https:\/\/radiolifefm.com.br\/noticias\/\"},{\"@type\":\"ListItem\",\"position\":2,\"name\":\"Vereadores pedem a separa\u00e7\u00e3o do Banco do Povo e Procon dos outros atendimentos do Poupatempo\"}]},{\"@type\":\"WebSite\",\"@id\":\"https:\/\/radiolifefm.com.br\/noticias\/#website\",\"url\":\"https:\/\/radiolifefm.com.br\/noticias\/\",\"name\":\"R\u00e1dio Life FM\",\"description\":\"O Portal de Not\u00edcias de Adamantina\",\"publisher\":{\"@id\":\"https:\/\/radiolifefm.com.br\/noticias\/#organization\"},\"alternateName\":\"Life FM\",\"potentialAction\":[{\"@type\":\"SearchAction\",\"target\":{\"@type\":\"EntryPoint\",\"urlTemplate\":\"https:\/\/radiolifefm.com.br\/noticias\/?s={search_term_string}\"},\"query-input\":{\"@type\":\"PropertyValueSpecification\",\"valueRequired\":true,\"valueName\":\"search_term_string\"}}],\"inLanguage\":\"pt-BR\"},{\"@type\":\"Organization\",\"@id\":\"https:\/\/radiolifefm.com.br\/noticias\/#organization\",\"name\":\"R\u00e1dio Life FM\",\"alternateName\":\"Life FM\",\"url\":\"https:\/\/radiolifefm.com.br\/noticias\/\",\"logo\":{\"@type\":\"ImageObject\",\"inLanguage\":\"pt-BR\",\"@id\":\"https:\/\/radiolifefm.com.br\/noticias\/#\/schema\/logo\/image\/\",\"url\":\"https:\/\/static.radiolifefm.com.br\/noticias\/wp-content\/uploads\/2019\/10\/logo-lifefm.png\",\"contentUrl\":\"https:\/\/static.radiolifefm.com.br\/noticias\/wp-content\/uploads\/2019\/10\/logo-lifefm.png\",\"width\":196,\"height\":47,\"caption\":\"R\u00e1dio Life FM\"},\"image\":{\"@id\":\"https:\/\/radiolifefm.com.br\/noticias\/#\/schema\/logo\/image\/\"},\"sameAs\":[\"https:\/\/www.facebook.com\/radiolifefm\/\",\"https:\/\/www.instagram.com\/life1079fm\/\"]},{\"@type\":\"Person\",\"@id\":\"https:\/\/radiolifefm.com.br\/noticias\/#\/schema\/person\/6339b9fac59d12b071dec680d7375d87\",\"name\":\"ritanery\",\"image\":{\"@type\":\"ImageObject\",\"inLanguage\":\"pt-BR\",\"@id\":\"https:\/\/secure.gravatar.com\/avatar\/0e37bb19071f47c0b8a23f62a903df117c5a0e75f65a0c2901562f97cd41cf86?s=96&d=mm&r=g\",\"url\":\"https:\/\/secure.gravatar.com\/avatar\/0e37bb19071f47c0b8a23f62a903df117c5a0e75f65a0c2901562f97cd41cf86?s=96&d=mm&r=g\",\"contentUrl\":\"https:\/\/secure.gravatar.com\/avatar\/0e37bb19071f47c0b8a23f62a903df117c5a0e75f65a0c2901562f97cd41cf86?s=96&d=mm&r=g\",\"caption\":\"ritanery\"}}]}<\/script>\n<!-- \/ Yoast SEO plugin. -->","yoast_head_json":{"title":"Vereadores pedem a separa\u00e7\u00e3o do Banco do Povo e Procon dos outros atendimentos do Poupatempo - R\u00e1dio Life FM","robots":{"index":"index","follow":"follow","max-snippet":"max-snippet:-1","max-image-preview":"max-image-preview:large","max-video-preview":"max-video-preview:-1"},"canonical":"https:\/\/radiolifefm.com.br\/noticias\/vereadores-pedem-a-separacao-do-banco-do-povo-e-procon-dos-outros-atendimentos-do-poupatempo\/","og_locale":"pt_BR","og_type":"article","og_title":"Vereadores pedem a separa\u00e7\u00e3o do Banco do Povo e Procon dos outros atendimentos do Poupatempo - R\u00e1dio Life FM","og_description":"O fato de usu\u00e1rios se sentirem constrangidos pela exposi\u00e7\u00e3o ao buscarem os servi\u00e7os do Banco do povo e do Procon, j\u00e1 que os \u00f3rg\u00e3os funcionam junto com a unidade do Poupatempo de Adamantina, provocou a elabora\u00e7\u00e3o da Indica\u00e7\u00e3o n\u00ba 325\/22 na C\u00e2mara Municipal que pede a separa\u00e7\u00e3o dos atendimentos dos \u00f3rg\u00e3os. Apresentado em sess\u00e3o ordin\u00e1ria [&hellip;]","og_url":"https:\/\/radiolifefm.com.br\/noticias\/vereadores-pedem-a-separacao-do-banco-do-povo-e-procon-dos-outros-atendimentos-do-poupatempo\/","og_site_name":"R\u00e1dio Life FM","article_publisher":"https:\/\/www.facebook.com\/radiolifefm\/","article_published_time":"2022-08-18T13:30:53+00:00","article_modified_time":"2026-04-26T18:08:58+00:00","og_image":[{"width":1000,"height":523,"url":"https:\/\/radiolifefm.com.br\/noticias\/wp-content\/uploads\/2022\/08\/cats-39.jpg","type":"image\/jpeg"}],"author":"ritanery","twitter_card":"summary_large_image","twitter_misc":{"Escrito por":"ritanery","Est. tempo de leitura":"1 minuto"},"schema":{"@context":"https:\/\/schema.org","@graph":[{"@type":"Article","@id":"https:\/\/radiolifefm.com.br\/noticias\/vereadores-pedem-a-separacao-do-banco-do-povo-e-procon-dos-outros-atendimentos-do-poupatempo\/#article","isPartOf":{"@id":"https:\/\/radiolifefm.com.br\/noticias\/vereadores-pedem-a-separacao-do-banco-do-povo-e-procon-dos-outros-atendimentos-do-poupatempo\/"},"author":{"name":"ritanery","@id":"https:\/\/radiolifefm.com.br\/noticias\/#\/schema\/person\/6339b9fac59d12b071dec680d7375d87"},"headline":"Vereadores pedem a separa\u00e7\u00e3o do Banco do Povo e Procon dos outros atendimentos do Poupatempo","datePublished":"2022-08-18T13:30:53+00:00","dateModified":"2026-04-26T18:08:58+00:00","mainEntityOfPage":{"@id":"https:\/\/radiolifefm.com.br\/noticias\/vereadores-pedem-a-separacao-do-banco-do-povo-e-procon-dos-outros-atendimentos-do-poupatempo\/"},"wordCount":208,"publisher":{"@id":"https:\/\/radiolifefm.com.br\/noticias\/#organization"},"image":{"@id":"https:\/\/radiolifefm.com.br\/noticias\/vereadores-pedem-a-separacao-do-banco-do-povo-e-procon-dos-outros-atendimentos-do-poupatempo\/#primaryimage"},"thumbnailUrl":"https:\/\/radiolifefm.com.br\/noticias\/wp-content\/uploads\/2022\/08\/cats-39.jpg","articleSection":["Adamantina"],"inLanguage":"pt-BR"},{"@type":"WebPage","@id":"https:\/\/radiolifefm.com.br\/noticias\/vereadores-pedem-a-separacao-do-banco-do-povo-e-procon-dos-outros-atendimentos-do-poupatempo\/","url":"https:\/\/radiolifefm.com.br\/noticias\/vereadores-pedem-a-separacao-do-banco-do-povo-e-procon-dos-outros-atendimentos-do-poupatempo\/","name":"Vereadores pedem a separa\u00e7\u00e3o do Banco do Povo e Procon dos outros atendimentos do Poupatempo - R\u00e1dio Life FM","isPartOf":{"@id":"https:\/\/radiolifefm.com.br\/noticias\/#website"},"primaryImageOfPage":{"@id":"https:\/\/radiolifefm.com.br\/noticias\/vereadores-pedem-a-separacao-do-banco-do-povo-e-procon-dos-outros-atendimentos-do-poupatempo\/#primaryimage"},"image":{"@id":"https:\/\/radiolifefm.com.br\/noticias\/vereadores-pedem-a-separacao-do-banco-do-povo-e-procon-dos-outros-atendimentos-do-poupatempo\/#primaryimage"},"thumbnailUrl":"https:\/\/radiolifefm.com.br\/noticias\/wp-content\/uploads\/2022\/08\/cats-39.jpg","datePublished":"2022-08-18T13:30:53+00:00","dateModified":"2026-04-26T18:08:58+00:00","breadcrumb":{"@id":"https:\/\/radiolifefm.com.br\/noticias\/vereadores-pedem-a-separacao-do-banco-do-povo-e-procon-dos-outros-atendimentos-do-poupatempo\/#breadcrumb"},"inLanguage":"pt-BR","potentialAction":[{"@type":"ReadAction","target":["https:\/\/radiolifefm.com.br\/noticias\/vereadores-pedem-a-separacao-do-banco-do-povo-e-procon-dos-outros-atendimentos-do-poupatempo\/"]}]},{"@type":"ImageObject","inLanguage":"pt-BR","@id":"https:\/\/radiolifefm.com.br\/noticias\/vereadores-pedem-a-separacao-do-banco-do-povo-e-procon-dos-outros-atendimentos-do-poupatempo\/#primaryimage","url":"https:\/\/radiolifefm.com.br\/noticias\/wp-content\/uploads\/2022\/08\/cats-39.jpg","contentUrl":"https:\/\/radiolifefm.com.br\/noticias\/wp-content\/uploads\/2022\/08\/cats-39.jpg","width":1000,"height":523,"caption":"Curr\u00edculos devem ser encaminhados para o e-mail: pat@adamantina.sp.gov.br ou entregues diretamente no Posto de Atendimento ao Trabalhador que funciona no pr\u00e9dio do Poupatempo"},{"@type":"BreadcrumbList","@id":"https:\/\/radiolifefm.com.br\/noticias\/vereadores-pedem-a-separacao-do-banco-do-povo-e-procon-dos-outros-atendimentos-do-poupatempo\/#breadcrumb","itemListElement":[{"@type":"ListItem","position":1,"name":"In\u00edcio","item":"https:\/\/radiolifefm.com.br\/noticias\/"},{"@type":"ListItem","position":2,"name":"Vereadores pedem a separa\u00e7\u00e3o do Banco do Povo e Procon dos outros atendimentos do Poupatempo"}]},{"@type":"WebSite","@id":"https:\/\/radiolifefm.com.br\/noticias\/#website","url":"https:\/\/radiolifefm.com.br\/noticias\/","name":"R\u00e1dio Life FM","description":"O Portal de Not\u00edcias de Adamantina","publisher":{"@id":"https:\/\/radiolifefm.com.br\/noticias\/#organization"},"alternateName":"Life FM","potentialAction":[{"@type":"SearchAction","target":{"@type":"EntryPoint","urlTemplate":"https:\/\/radiolifefm.com.br\/noticias\/?s={search_term_string}"},"query-input":{"@type":"PropertyValueSpecification","valueRequired":true,"valueName":"search_term_string"}}],"inLanguage":"pt-BR"},{"@type":"Organization","@id":"https:\/\/radiolifefm.com.br\/noticias\/#organization","name":"R\u00e1dio Life FM","alternateName":"Life FM","url":"https:\/\/radiolifefm.com.br\/noticias\/","logo":{"@type":"ImageObject","inLanguage":"pt-BR","@id":"https:\/\/radiolifefm.com.br\/noticias\/#\/schema\/logo\/image\/","url":"https:\/\/static.radiolifefm.com.br\/noticias\/wp-content\/uploads\/2019\/10\/logo-lifefm.png","contentUrl":"https:\/\/static.radiolifefm.com.br\/noticias\/wp-content\/uploads\/2019\/10\/logo-lifefm.png","width":196,"height":47,"caption":"R\u00e1dio Life FM"},"image":{"@id":"https:\/\/radiolifefm.com.br\/noticias\/#\/schema\/logo\/image\/"},"sameAs":["https:\/\/www.facebook.com\/radiolifefm\/","https:\/\/www.instagram.com\/life1079fm\/"]},{"@type":"Person","@id":"https:\/\/radiolifefm.com.br\/noticias\/#\/schema\/person\/6339b9fac59d12b071dec680d7375d87","name":"ritanery","image":{"@type":"ImageObject","inLanguage":"pt-BR","@id":"https:\/\/secure.gravatar.com\/avatar\/0e37bb19071f47c0b8a23f62a903df117c5a0e75f65a0c2901562f97cd41cf86?s=96&d=mm&r=g","url":"https:\/\/secure.gravatar.com\/avatar\/0e37bb19071f47c0b8a23f62a903df117c5a0e75f65a0c2901562f97cd41cf86?s=96&d=mm&r=g","contentUrl":"https:\/\/secure.gravatar.com\/avatar\/0e37bb19071f47c0b8a23f62a903df117c5a0e75f65a0c2901562f97cd41cf86?s=96&d=mm&r=g","caption":"ritanery"}}]}},"amp_enabled":true,"_links":{"self":[{"href":"https:\/\/radiolifefm.com.br\/noticias\/wp-json\/wp\/v2\/posts\/57131","targetHints":{"allow":["GET"]}}],"collection":[{"href":"https:\/\/radiolifefm.com.br\/noticias\/wp-json\/wp\/v2\/posts"}],"about":[{"href":"https:\/\/radiolifefm.com.br\/noticias\/wp-json\/wp\/v2\/types\/post"}],"author":[{"embeddable":true,"href":"https:\/\/radiolifefm.com.br\/noticias\/wp-json\/wp\/v2\/users\/13"}],"replies":[{"embeddable":true,"href":"https:\/\/radiolifefm.com.br\/noticias\/wp-json\/wp\/v2\/comments?post=57131"}],"version-history":[{"count":2,"href":"https:\/\/radiolifefm.com.br\/noticias\/wp-json\/wp\/v2\/posts\/57131\/revisions"}],"predecessor-version":[{"id":57134,"href":"https:\/\/radiolifefm.com.br\/noticias\/wp-json\/wp\/v2\/posts\/57131\/revisions\/57134"}],"wp:featuredmedia":[{"embeddable":true,"href":"https:\/\/radiolifefm.com.br\/noticias\/wp-json\/wp\/v2\/media\/57132"}],"wp:attachment":[{"href":"https:\/\/radiolifefm.com.br\/noticias\/wp-json\/wp\/v2\/media?parent=57131"}],"wp:term":[{"taxonomy":"category","embeddable":true,"href":"https:\/\/radiolifefm.com.br\/noticias\/wp-json\/wp\/v2\/categories?post=57131"},{"taxonomy":"post_tag","embeddable":true,"href":"https:\/\/radiolifefm.com.br\/noticias\/wp-json\/wp\/v2\/tags?post=57131"}],"curies":[{"name":"wp","href":"https:\/\/api.w.org\/{rel}","templated":true}]}}