{"id":57101,"date":"2022-08-17T22:24:50","date_gmt":"2022-08-18T01:24:50","guid":{"rendered":"https:\/\/radiolifefm.com.br\/noticias\/?p=57101"},"modified":"2025-05-10T17:54:33","modified_gmt":"2025-05-10T20:54:33","slug":"comissao-organizadora-da-expoverde-2022-divulga-palestras-que-serao-realizadas-no-espaco-inovacao-e-eventos","status":"publish","type":"post","link":"https:\/\/radiolifefm.com.br\/noticias\/comissao-organizadora-da-expoverde-2022-divulga-palestras-que-serao-realizadas-no-espaco-inovacao-e-eventos\/","title":{"rendered":"Comiss\u00e3o Organizadora da ExpoVerde 2022 divulga palestras que ser\u00e3o realizadas no &#8220;Espa\u00e7o Inova\u00e7\u00e3o e Eventos&#8221;"},"content":{"rendered":"<div id=\"fb-root\"><\/div>\n<p style=\"font-weight: 400\">A ExpoVerde 2022 ser\u00e1 realizada de 30 de agosto a 4 de setembro. Este ano, a festa conta com uma novidade que \u00e9 o \u201cEspa\u00e7o Inova\u00e7\u00e3o e Eventos \u2013 Expoverde 2022\u201d.<\/p>\n<p style=\"font-weight: 400\">Esse ambiente foi criado com o objetivo de gerar conhecimento aos diferentes p\u00fablicos que passar\u00e3o pelo Recinto Poliesportivo Sebasti\u00e3o Pires da Silva durante os 6 dias de festa. Todas as palestras s\u00e3o gratuitas.<\/p>\n<p style=\"font-weight: 400\"><strong>31 de agosto<\/strong><\/p>\n<p style=\"font-weight: 400\">No dia 31, a partir das 9h30 ser\u00e1 realizada a apresenta\u00e7\u00e3o com o tema &#8220;Gest\u00e3o Financeira e Cr\u00e9dito Orientado&#8221; pelo Sebrae.<\/p>\n<p style=\"font-weight: 400\">\u00c0s 10h30 a palestra ser\u00e1 \u201cAs \u00e1guas que passam por Adamantina\u201d, a\u00a0partir das 14h, a ministra\u00e7\u00e3o tratar\u00e1 sobre \u201cPrincipais desafios de gest\u00e3o e lideran\u00e7a no agroneg\u00f3cio\u201d e \u00e0s 15h30 tem in\u00edcio \u201cA import\u00e2ncia dos seguros agr\u00edcolas\u201d, todas essas palestras s\u00e3o disponibilizadas pelo\u00a0Hinap\u00a0\u2013 Hub de Inova\u00e7\u00e3o da Nova Alta Paulista.<\/p>\n<p style=\"font-weight: 400\"><strong>01 de setembro<\/strong><\/p>\n<p style=\"font-weight: 400\">No dia 01 de setembro, o cabo PM Ebeling ensinar\u00e1 os a respeito da reanima\u00e7\u00e3o cardiopulmonar.<\/p>\n<p style=\"font-weight: 400\">Aqueles que s\u00e3o amantes do universo da moda podem participar da palestra Universo da Moda: Consci\u00eancia e Sustentabilidade a partir das 10h30, promovida pela Secretaria de Desenvolvimento Econ\u00f4mico.<\/p>\n<p style=\"font-weight: 400\">No per\u00edodo da tarde, a partir das 14h o Sebrae tratar\u00e1 sobre Turismo Rural e de Neg\u00f3cios e o Hinap \u2013 Hub de Inova\u00e7\u00e3o da Nova Paulista abordar\u00e1 a tem\u00e1tica \u201cConceitos e Projetos de Ilumina\u00e7\u00e3o P\u00fablica\u201d.<\/p>\n<p style=\"font-weight: 400\"><strong>02 de setembro<\/strong><\/p>\n<p style=\"font-weight: 400\">Na sexta, 2 de setembro, o cabo PM Ebeling ensinar\u00e1 sobre Desengasgamento.\u00a0\u00a0A\u00a0Associa\u00e7\u00e3o Brasileira de Criadores ZEBU\u00a0\u00a0(ABCZ) trar\u00e1 para os produtores a tem\u00e1tica \u201cVantagens da utiliza\u00e7\u00e3o de Touro Melhorador\u201d.<\/p>\n<p style=\"font-weight: 400\">Aqueles que tem interesse em vender para o poder p\u00fablico, poder\u00e3o ter informa\u00e7\u00f5es a respeito disso, por meio da palestra ministrada pelo Sebrae que come\u00e7a \u00e0s 14h; \u00e0s 15h o Hinap &#8211; \u00a0Hub de Inova\u00e7\u00e3o da Nova Alta Paulista ministrar\u00e1 uma palestra sobre \u201cConceitos e Projetos de Efici\u00eancia Energ\u00e9tica\u201d.<\/p>\n<p style=\"font-weight: 400\">A Secretaria de Agricultura, Abastecimento e Meio Ambiente (SAAMA) tamb\u00e9m far\u00e1 uma apresenta\u00e7\u00e3o com o tema \u201cManuten\u00e7\u00e3o de Jardim e Ornamenta\u00e7\u00e3o\u201d.<\/p>\n<p style=\"font-weight: 400\"><strong>03 de setembro<\/strong><\/p>\n<p style=\"font-weight: 400\">Encerrando as palestras, no s\u00e1bado, o cabo PM Ebelig estar\u00e1 tirando d\u00favidas e dando informa\u00e7\u00f5es a respeito da profiss\u00e3o de bombeiro a partir das 9h30.<\/p>\n<p style=\"font-weight: 400\">Aqueles que desejarem aprender sobre o cultivo de orqu\u00eddeas poder\u00e3o participar do curso que ser\u00e1 ministrado \u00e0s 10h30 ou \u00e0s 14h. A \u00faltima apresenta\u00e7\u00e3o ser\u00e1 voltada ao \u201cManejo Parasit\u00e1rio de Ovinos\u201d.<\/p>\n<p style=\"font-weight: 400\">&#8220;Queremos envolver todo tipo de p\u00fablico no espa\u00e7o &#8220;Inova\u00e7\u00e3o e Eventos&#8221; durante a Expoverde. Al\u00e9m de proporcionar uma exposi\u00e7\u00e3o de alto n\u00edvel, shows com excelente repercuss\u00e3o, tamb\u00e9m queremos oferecer conhecimento e troca de experi\u00eancias. Lembrando que tudo isso \u00e9 com entrada franca!&#8221;, comenta o presidente da Expoverde 2022, Gustavo Rufino.<\/p>\n<p style=\"font-weight: 400\">As inscri\u00e7\u00f5es gratuitas devem ser efetuadas no link:\u00a0<a href=\"https:\/\/docs.google.com\/forms\/d\/e\/1FAIpQLScA_9enzyAYc5dky7MXhJpwzYhbZCThgHC3s8zssf4kFXlnXQ\/viewform\" data-saferedirecturl=\"https:\/\/www.google.com\/url?q=https:\/\/docs.google.com\/forms\/d\/e\/1FAIpQLScA_9enzyAYc5dky7MXhJpwzYhbZCThgHC3s8zssf4kFXlnXQ\/viewform&amp;source=gmail&amp;ust=1660871643328000&amp;usg=AOvVaw2gC_AVWn2lin8H8m73y9bP\">https:\/\/docs.google.com\/forms\/d\/e\/1FAIpQLScA_9enzyAYc5dky7MXhJpwzYhbZCThgHC3s8zssf4kFXlnXQ\/viewform<\/a><\/p>\n<p>&nbsp;<\/p>\n<p>Fonte: Assessoria de Imprensa<\/p>\n","protected":false},"excerpt":{"rendered":"<p>A ExpoVerde 2022 ser\u00e1 realizada de 30 de agosto a 4 de setembro. Este ano, a festa conta com uma novidade que \u00e9 o \u201cEspa\u00e7o Inova\u00e7\u00e3o e Eventos \u2013 Expoverde 2022\u201d. Esse ambiente foi criado com o objetivo de gerar conhecimento aos diferentes p\u00fablicos que passar\u00e3o pelo Recinto Poliesportivo Sebasti\u00e3o Pires da Silva durante os [&hellip;]<\/p>\n","protected":false},"author":13,"featured_media":56389,"comment_status":"closed","ping_status":"open","sticky":false,"template":"","format":"standard","meta":{"_acf_changed":false,"_exactmetrics_skip_tracking":false,"_exactmetrics_sitenote_active":false,"_exactmetrics_sitenote_note":"","_exactmetrics_sitenote_category":0,"footnotes":""},"categories":[21],"tags":[],"class_list":["post-57101","post","type-post","status-publish","format-standard","has-post-thumbnail","hentry","category-adamantina"],"acf":[],"yoast_head":"<!-- This site is optimized with the Yoast SEO plugin v27.2 - https:\/\/yoast.com\/product\/yoast-seo-wordpress\/ -->\n<title>Comiss\u00e3o Organizadora da ExpoVerde 2022 divulga palestras que ser\u00e3o realizadas no &quot;Espa\u00e7o Inova\u00e7\u00e3o e Eventos&quot; - R\u00e1dio Life FM<\/title>\n<meta name=\"robots\" content=\"index, follow, max-snippet:-1, max-image-preview:large, max-video-preview:-1\" \/>\n<link rel=\"canonical\" href=\"https:\/\/radiolifefm.com.br\/noticias\/comissao-organizadora-da-expoverde-2022-divulga-palestras-que-serao-realizadas-no-espaco-inovacao-e-eventos\/\" \/>\n<meta property=\"og:locale\" content=\"pt_BR\" \/>\n<meta property=\"og:type\" content=\"article\" \/>\n<meta property=\"og:title\" content=\"Comiss\u00e3o Organizadora da ExpoVerde 2022 divulga palestras que ser\u00e3o realizadas no &quot;Espa\u00e7o Inova\u00e7\u00e3o e Eventos&quot; - R\u00e1dio Life FM\" \/>\n<meta property=\"og:description\" content=\"A ExpoVerde 2022 ser\u00e1 realizada de 30 de agosto a 4 de setembro. Este ano, a festa conta com uma novidade que \u00e9 o \u201cEspa\u00e7o Inova\u00e7\u00e3o e Eventos \u2013 Expoverde 2022\u201d. Esse ambiente foi criado com o objetivo de gerar conhecimento aos diferentes p\u00fablicos que passar\u00e3o pelo Recinto Poliesportivo Sebasti\u00e3o Pires da Silva durante os [&hellip;]\" \/>\n<meta property=\"og:url\" content=\"https:\/\/radiolifefm.com.br\/noticias\/comissao-organizadora-da-expoverde-2022-divulga-palestras-que-serao-realizadas-no-espaco-inovacao-e-eventos\/\" \/>\n<meta property=\"og:site_name\" content=\"R\u00e1dio Life FM\" \/>\n<meta property=\"article:publisher\" content=\"https:\/\/www.facebook.com\/radiolifefm\/\" \/>\n<meta property=\"article:published_time\" content=\"2022-08-18T01:24:50+00:00\" \/>\n<meta property=\"article:modified_time\" content=\"2025-05-10T20:54:33+00:00\" \/>\n<meta property=\"og:image\" content=\"https:\/\/static.radiolifefm.com.br\/noticias\/wp-content\/uploads\/2022\/07\/6b4d476af0dfe99b21919efa3ff0c9ce.jpg\" \/>\n\t<meta property=\"og:image:width\" content=\"848\" \/>\n\t<meta property=\"og:image:height\" content=\"307\" \/>\n\t<meta property=\"og:image:type\" content=\"image\/jpeg\" \/>\n<meta name=\"author\" content=\"ritanery\" \/>\n<meta name=\"twitter:card\" content=\"summary_large_image\" \/>\n<meta name=\"twitter:label1\" content=\"Escrito por\" \/>\n\t<meta name=\"twitter:data1\" content=\"ritanery\" \/>\n\t<meta name=\"twitter:label2\" content=\"Est. tempo de leitura\" \/>\n\t<meta name=\"twitter:data2\" content=\"3 minutos\" \/>\n<script type=\"application\/ld+json\" class=\"yoast-schema-graph\">{\"@context\":\"https:\/\/schema.org\",\"@graph\":[{\"@type\":\"Article\",\"@id\":\"https:\/\/radiolifefm.com.br\/noticias\/comissao-organizadora-da-expoverde-2022-divulga-palestras-que-serao-realizadas-no-espaco-inovacao-e-eventos\/#article\",\"isPartOf\":{\"@id\":\"https:\/\/radiolifefm.com.br\/noticias\/comissao-organizadora-da-expoverde-2022-divulga-palestras-que-serao-realizadas-no-espaco-inovacao-e-eventos\/\"},\"author\":{\"name\":\"ritanery\",\"@id\":\"https:\/\/radiolifefm.com.br\/noticias\/#\/schema\/person\/6339b9fac59d12b071dec680d7375d87\"},\"headline\":\"Comiss\u00e3o Organizadora da ExpoVerde 2022 divulga palestras que ser\u00e3o realizadas no &#8220;Espa\u00e7o Inova\u00e7\u00e3o e Eventos&#8221;\",\"datePublished\":\"2022-08-18T01:24:50+00:00\",\"dateModified\":\"2025-05-10T20:54:33+00:00\",\"mainEntityOfPage\":{\"@id\":\"https:\/\/radiolifefm.com.br\/noticias\/comissao-organizadora-da-expoverde-2022-divulga-palestras-que-serao-realizadas-no-espaco-inovacao-e-eventos\/\"},\"wordCount\":524,\"publisher\":{\"@id\":\"https:\/\/radiolifefm.com.br\/noticias\/#organization\"},\"image\":{\"@id\":\"https:\/\/radiolifefm.com.br\/noticias\/comissao-organizadora-da-expoverde-2022-divulga-palestras-que-serao-realizadas-no-espaco-inovacao-e-eventos\/#primaryimage\"},\"thumbnailUrl\":\"https:\/\/radiolifefm.com.br\/noticias\/wp-content\/uploads\/2022\/07\/6b4d476af0dfe99b21919efa3ff0c9ce.jpg\",\"articleSection\":[\"Adamantina\"],\"inLanguage\":\"pt-BR\"},{\"@type\":\"WebPage\",\"@id\":\"https:\/\/radiolifefm.com.br\/noticias\/comissao-organizadora-da-expoverde-2022-divulga-palestras-que-serao-realizadas-no-espaco-inovacao-e-eventos\/\",\"url\":\"https:\/\/radiolifefm.com.br\/noticias\/comissao-organizadora-da-expoverde-2022-divulga-palestras-que-serao-realizadas-no-espaco-inovacao-e-eventos\/\",\"name\":\"Comiss\u00e3o Organizadora da ExpoVerde 2022 divulga palestras que ser\u00e3o realizadas no \\\"Espa\u00e7o Inova\u00e7\u00e3o e Eventos\\\" - R\u00e1dio Life FM\",\"isPartOf\":{\"@id\":\"https:\/\/radiolifefm.com.br\/noticias\/#website\"},\"primaryImageOfPage\":{\"@id\":\"https:\/\/radiolifefm.com.br\/noticias\/comissao-organizadora-da-expoverde-2022-divulga-palestras-que-serao-realizadas-no-espaco-inovacao-e-eventos\/#primaryimage\"},\"image\":{\"@id\":\"https:\/\/radiolifefm.com.br\/noticias\/comissao-organizadora-da-expoverde-2022-divulga-palestras-que-serao-realizadas-no-espaco-inovacao-e-eventos\/#primaryimage\"},\"thumbnailUrl\":\"https:\/\/radiolifefm.com.br\/noticias\/wp-content\/uploads\/2022\/07\/6b4d476af0dfe99b21919efa3ff0c9ce.jpg\",\"datePublished\":\"2022-08-18T01:24:50+00:00\",\"dateModified\":\"2025-05-10T20:54:33+00:00\",\"breadcrumb\":{\"@id\":\"https:\/\/radiolifefm.com.br\/noticias\/comissao-organizadora-da-expoverde-2022-divulga-palestras-que-serao-realizadas-no-espaco-inovacao-e-eventos\/#breadcrumb\"},\"inLanguage\":\"pt-BR\",\"potentialAction\":[{\"@type\":\"ReadAction\",\"target\":[\"https:\/\/radiolifefm.com.br\/noticias\/comissao-organizadora-da-expoverde-2022-divulga-palestras-que-serao-realizadas-no-espaco-inovacao-e-eventos\/\"]}]},{\"@type\":\"ImageObject\",\"inLanguage\":\"pt-BR\",\"@id\":\"https:\/\/radiolifefm.com.br\/noticias\/comissao-organizadora-da-expoverde-2022-divulga-palestras-que-serao-realizadas-no-espaco-inovacao-e-eventos\/#primaryimage\",\"url\":\"https:\/\/radiolifefm.com.br\/noticias\/wp-content\/uploads\/2022\/07\/6b4d476af0dfe99b21919efa3ff0c9ce.jpg\",\"contentUrl\":\"https:\/\/radiolifefm.com.br\/noticias\/wp-content\/uploads\/2022\/07\/6b4d476af0dfe99b21919efa3ff0c9ce.jpg\",\"width\":848,\"height\":307,\"caption\":\"A 30\u00aa Feira do Verde e Exposi\u00e7\u00e3o Agropecu\u00e1ria, Comercial e Industrial de Adamantina ser\u00e1 realizada de 30 de agosto a 4 de setembro\"},{\"@type\":\"BreadcrumbList\",\"@id\":\"https:\/\/radiolifefm.com.br\/noticias\/comissao-organizadora-da-expoverde-2022-divulga-palestras-que-serao-realizadas-no-espaco-inovacao-e-eventos\/#breadcrumb\",\"itemListElement\":[{\"@type\":\"ListItem\",\"position\":1,\"name\":\"In\u00edcio\",\"item\":\"https:\/\/radiolifefm.com.br\/noticias\/\"},{\"@type\":\"ListItem\",\"position\":2,\"name\":\"Comiss\u00e3o Organizadora da ExpoVerde 2022 divulga palestras que ser\u00e3o realizadas no &#8220;Espa\u00e7o Inova\u00e7\u00e3o e Eventos&#8221;\"}]},{\"@type\":\"WebSite\",\"@id\":\"https:\/\/radiolifefm.com.br\/noticias\/#website\",\"url\":\"https:\/\/radiolifefm.com.br\/noticias\/\",\"name\":\"R\u00e1dio Life FM\",\"description\":\"O Portal de Not\u00edcias de Adamantina\",\"publisher\":{\"@id\":\"https:\/\/radiolifefm.com.br\/noticias\/#organization\"},\"alternateName\":\"Life FM\",\"potentialAction\":[{\"@type\":\"SearchAction\",\"target\":{\"@type\":\"EntryPoint\",\"urlTemplate\":\"https:\/\/radiolifefm.com.br\/noticias\/?s={search_term_string}\"},\"query-input\":{\"@type\":\"PropertyValueSpecification\",\"valueRequired\":true,\"valueName\":\"search_term_string\"}}],\"inLanguage\":\"pt-BR\"},{\"@type\":\"Organization\",\"@id\":\"https:\/\/radiolifefm.com.br\/noticias\/#organization\",\"name\":\"R\u00e1dio Life FM\",\"alternateName\":\"Life FM\",\"url\":\"https:\/\/radiolifefm.com.br\/noticias\/\",\"logo\":{\"@type\":\"ImageObject\",\"inLanguage\":\"pt-BR\",\"@id\":\"https:\/\/radiolifefm.com.br\/noticias\/#\/schema\/logo\/image\/\",\"url\":\"https:\/\/static.radiolifefm.com.br\/noticias\/wp-content\/uploads\/2019\/10\/logo-lifefm.png\",\"contentUrl\":\"https:\/\/static.radiolifefm.com.br\/noticias\/wp-content\/uploads\/2019\/10\/logo-lifefm.png\",\"width\":196,\"height\":47,\"caption\":\"R\u00e1dio Life FM\"},\"image\":{\"@id\":\"https:\/\/radiolifefm.com.br\/noticias\/#\/schema\/logo\/image\/\"},\"sameAs\":[\"https:\/\/www.facebook.com\/radiolifefm\/\",\"https:\/\/www.instagram.com\/life1079fm\/\"]},{\"@type\":\"Person\",\"@id\":\"https:\/\/radiolifefm.com.br\/noticias\/#\/schema\/person\/6339b9fac59d12b071dec680d7375d87\",\"name\":\"ritanery\",\"image\":{\"@type\":\"ImageObject\",\"inLanguage\":\"pt-BR\",\"@id\":\"https:\/\/secure.gravatar.com\/avatar\/0e37bb19071f47c0b8a23f62a903df117c5a0e75f65a0c2901562f97cd41cf86?s=96&d=mm&r=g\",\"url\":\"https:\/\/secure.gravatar.com\/avatar\/0e37bb19071f47c0b8a23f62a903df117c5a0e75f65a0c2901562f97cd41cf86?s=96&d=mm&r=g\",\"contentUrl\":\"https:\/\/secure.gravatar.com\/avatar\/0e37bb19071f47c0b8a23f62a903df117c5a0e75f65a0c2901562f97cd41cf86?s=96&d=mm&r=g\",\"caption\":\"ritanery\"}}]}<\/script>\n<!-- \/ Yoast SEO plugin. -->","yoast_head_json":{"title":"Comiss\u00e3o Organizadora da ExpoVerde 2022 divulga palestras que ser\u00e3o realizadas no \"Espa\u00e7o Inova\u00e7\u00e3o e Eventos\" - R\u00e1dio Life FM","robots":{"index":"index","follow":"follow","max-snippet":"max-snippet:-1","max-image-preview":"max-image-preview:large","max-video-preview":"max-video-preview:-1"},"canonical":"https:\/\/radiolifefm.com.br\/noticias\/comissao-organizadora-da-expoverde-2022-divulga-palestras-que-serao-realizadas-no-espaco-inovacao-e-eventos\/","og_locale":"pt_BR","og_type":"article","og_title":"Comiss\u00e3o Organizadora da ExpoVerde 2022 divulga palestras que ser\u00e3o realizadas no \"Espa\u00e7o Inova\u00e7\u00e3o e Eventos\" - R\u00e1dio Life FM","og_description":"A ExpoVerde 2022 ser\u00e1 realizada de 30 de agosto a 4 de setembro. Este ano, a festa conta com uma novidade que \u00e9 o \u201cEspa\u00e7o Inova\u00e7\u00e3o e Eventos \u2013 Expoverde 2022\u201d. Esse ambiente foi criado com o objetivo de gerar conhecimento aos diferentes p\u00fablicos que passar\u00e3o pelo Recinto Poliesportivo Sebasti\u00e3o Pires da Silva durante os [&hellip;]","og_url":"https:\/\/radiolifefm.com.br\/noticias\/comissao-organizadora-da-expoverde-2022-divulga-palestras-que-serao-realizadas-no-espaco-inovacao-e-eventos\/","og_site_name":"R\u00e1dio Life FM","article_publisher":"https:\/\/www.facebook.com\/radiolifefm\/","article_published_time":"2022-08-18T01:24:50+00:00","article_modified_time":"2025-05-10T20:54:33+00:00","og_image":[{"width":848,"height":307,"url":"https:\/\/static.radiolifefm.com.br\/noticias\/wp-content\/uploads\/2022\/07\/6b4d476af0dfe99b21919efa3ff0c9ce.jpg","type":"image\/jpeg"}],"author":"ritanery","twitter_card":"summary_large_image","twitter_misc":{"Escrito por":"ritanery","Est. tempo de leitura":"3 minutos"},"schema":{"@context":"https:\/\/schema.org","@graph":[{"@type":"Article","@id":"https:\/\/radiolifefm.com.br\/noticias\/comissao-organizadora-da-expoverde-2022-divulga-palestras-que-serao-realizadas-no-espaco-inovacao-e-eventos\/#article","isPartOf":{"@id":"https:\/\/radiolifefm.com.br\/noticias\/comissao-organizadora-da-expoverde-2022-divulga-palestras-que-serao-realizadas-no-espaco-inovacao-e-eventos\/"},"author":{"name":"ritanery","@id":"https:\/\/radiolifefm.com.br\/noticias\/#\/schema\/person\/6339b9fac59d12b071dec680d7375d87"},"headline":"Comiss\u00e3o Organizadora da ExpoVerde 2022 divulga palestras que ser\u00e3o realizadas no &#8220;Espa\u00e7o Inova\u00e7\u00e3o e Eventos&#8221;","datePublished":"2022-08-18T01:24:50+00:00","dateModified":"2025-05-10T20:54:33+00:00","mainEntityOfPage":{"@id":"https:\/\/radiolifefm.com.br\/noticias\/comissao-organizadora-da-expoverde-2022-divulga-palestras-que-serao-realizadas-no-espaco-inovacao-e-eventos\/"},"wordCount":524,"publisher":{"@id":"https:\/\/radiolifefm.com.br\/noticias\/#organization"},"image":{"@id":"https:\/\/radiolifefm.com.br\/noticias\/comissao-organizadora-da-expoverde-2022-divulga-palestras-que-serao-realizadas-no-espaco-inovacao-e-eventos\/#primaryimage"},"thumbnailUrl":"https:\/\/radiolifefm.com.br\/noticias\/wp-content\/uploads\/2022\/07\/6b4d476af0dfe99b21919efa3ff0c9ce.jpg","articleSection":["Adamantina"],"inLanguage":"pt-BR"},{"@type":"WebPage","@id":"https:\/\/radiolifefm.com.br\/noticias\/comissao-organizadora-da-expoverde-2022-divulga-palestras-que-serao-realizadas-no-espaco-inovacao-e-eventos\/","url":"https:\/\/radiolifefm.com.br\/noticias\/comissao-organizadora-da-expoverde-2022-divulga-palestras-que-serao-realizadas-no-espaco-inovacao-e-eventos\/","name":"Comiss\u00e3o Organizadora da ExpoVerde 2022 divulga palestras que ser\u00e3o realizadas no \"Espa\u00e7o Inova\u00e7\u00e3o e Eventos\" - R\u00e1dio Life FM","isPartOf":{"@id":"https:\/\/radiolifefm.com.br\/noticias\/#website"},"primaryImageOfPage":{"@id":"https:\/\/radiolifefm.com.br\/noticias\/comissao-organizadora-da-expoverde-2022-divulga-palestras-que-serao-realizadas-no-espaco-inovacao-e-eventos\/#primaryimage"},"image":{"@id":"https:\/\/radiolifefm.com.br\/noticias\/comissao-organizadora-da-expoverde-2022-divulga-palestras-que-serao-realizadas-no-espaco-inovacao-e-eventos\/#primaryimage"},"thumbnailUrl":"https:\/\/radiolifefm.com.br\/noticias\/wp-content\/uploads\/2022\/07\/6b4d476af0dfe99b21919efa3ff0c9ce.jpg","datePublished":"2022-08-18T01:24:50+00:00","dateModified":"2025-05-10T20:54:33+00:00","breadcrumb":{"@id":"https:\/\/radiolifefm.com.br\/noticias\/comissao-organizadora-da-expoverde-2022-divulga-palestras-que-serao-realizadas-no-espaco-inovacao-e-eventos\/#breadcrumb"},"inLanguage":"pt-BR","potentialAction":[{"@type":"ReadAction","target":["https:\/\/radiolifefm.com.br\/noticias\/comissao-organizadora-da-expoverde-2022-divulga-palestras-que-serao-realizadas-no-espaco-inovacao-e-eventos\/"]}]},{"@type":"ImageObject","inLanguage":"pt-BR","@id":"https:\/\/radiolifefm.com.br\/noticias\/comissao-organizadora-da-expoverde-2022-divulga-palestras-que-serao-realizadas-no-espaco-inovacao-e-eventos\/#primaryimage","url":"https:\/\/radiolifefm.com.br\/noticias\/wp-content\/uploads\/2022\/07\/6b4d476af0dfe99b21919efa3ff0c9ce.jpg","contentUrl":"https:\/\/radiolifefm.com.br\/noticias\/wp-content\/uploads\/2022\/07\/6b4d476af0dfe99b21919efa3ff0c9ce.jpg","width":848,"height":307,"caption":"A 30\u00aa Feira do Verde e Exposi\u00e7\u00e3o Agropecu\u00e1ria, Comercial e Industrial de Adamantina ser\u00e1 realizada de 30 de agosto a 4 de setembro"},{"@type":"BreadcrumbList","@id":"https:\/\/radiolifefm.com.br\/noticias\/comissao-organizadora-da-expoverde-2022-divulga-palestras-que-serao-realizadas-no-espaco-inovacao-e-eventos\/#breadcrumb","itemListElement":[{"@type":"ListItem","position":1,"name":"In\u00edcio","item":"https:\/\/radiolifefm.com.br\/noticias\/"},{"@type":"ListItem","position":2,"name":"Comiss\u00e3o Organizadora da ExpoVerde 2022 divulga palestras que ser\u00e3o realizadas no &#8220;Espa\u00e7o Inova\u00e7\u00e3o e Eventos&#8221;"}]},{"@type":"WebSite","@id":"https:\/\/radiolifefm.com.br\/noticias\/#website","url":"https:\/\/radiolifefm.com.br\/noticias\/","name":"R\u00e1dio Life FM","description":"O Portal de Not\u00edcias de Adamantina","publisher":{"@id":"https:\/\/radiolifefm.com.br\/noticias\/#organization"},"alternateName":"Life FM","potentialAction":[{"@type":"SearchAction","target":{"@type":"EntryPoint","urlTemplate":"https:\/\/radiolifefm.com.br\/noticias\/?s={search_term_string}"},"query-input":{"@type":"PropertyValueSpecification","valueRequired":true,"valueName":"search_term_string"}}],"inLanguage":"pt-BR"},{"@type":"Organization","@id":"https:\/\/radiolifefm.com.br\/noticias\/#organization","name":"R\u00e1dio Life FM","alternateName":"Life FM","url":"https:\/\/radiolifefm.com.br\/noticias\/","logo":{"@type":"ImageObject","inLanguage":"pt-BR","@id":"https:\/\/radiolifefm.com.br\/noticias\/#\/schema\/logo\/image\/","url":"https:\/\/static.radiolifefm.com.br\/noticias\/wp-content\/uploads\/2019\/10\/logo-lifefm.png","contentUrl":"https:\/\/static.radiolifefm.com.br\/noticias\/wp-content\/uploads\/2019\/10\/logo-lifefm.png","width":196,"height":47,"caption":"R\u00e1dio Life FM"},"image":{"@id":"https:\/\/radiolifefm.com.br\/noticias\/#\/schema\/logo\/image\/"},"sameAs":["https:\/\/www.facebook.com\/radiolifefm\/","https:\/\/www.instagram.com\/life1079fm\/"]},{"@type":"Person","@id":"https:\/\/radiolifefm.com.br\/noticias\/#\/schema\/person\/6339b9fac59d12b071dec680d7375d87","name":"ritanery","image":{"@type":"ImageObject","inLanguage":"pt-BR","@id":"https:\/\/secure.gravatar.com\/avatar\/0e37bb19071f47c0b8a23f62a903df117c5a0e75f65a0c2901562f97cd41cf86?s=96&d=mm&r=g","url":"https:\/\/secure.gravatar.com\/avatar\/0e37bb19071f47c0b8a23f62a903df117c5a0e75f65a0c2901562f97cd41cf86?s=96&d=mm&r=g","contentUrl":"https:\/\/secure.gravatar.com\/avatar\/0e37bb19071f47c0b8a23f62a903df117c5a0e75f65a0c2901562f97cd41cf86?s=96&d=mm&r=g","caption":"ritanery"}}]}},"amp_enabled":true,"_links":{"self":[{"href":"https:\/\/radiolifefm.com.br\/noticias\/wp-json\/wp\/v2\/posts\/57101","targetHints":{"allow":["GET"]}}],"collection":[{"href":"https:\/\/radiolifefm.com.br\/noticias\/wp-json\/wp\/v2\/posts"}],"about":[{"href":"https:\/\/radiolifefm.com.br\/noticias\/wp-json\/wp\/v2\/types\/post"}],"author":[{"embeddable":true,"href":"https:\/\/radiolifefm.com.br\/noticias\/wp-json\/wp\/v2\/users\/13"}],"replies":[{"embeddable":true,"href":"https:\/\/radiolifefm.com.br\/noticias\/wp-json\/wp\/v2\/comments?post=57101"}],"version-history":[{"count":4,"href":"https:\/\/radiolifefm.com.br\/noticias\/wp-json\/wp\/v2\/posts\/57101\/revisions"}],"predecessor-version":[{"id":57105,"href":"https:\/\/radiolifefm.com.br\/noticias\/wp-json\/wp\/v2\/posts\/57101\/revisions\/57105"}],"wp:featuredmedia":[{"embeddable":true,"href":"https:\/\/radiolifefm.com.br\/noticias\/wp-json\/wp\/v2\/media\/56389"}],"wp:attachment":[{"href":"https:\/\/radiolifefm.com.br\/noticias\/wp-json\/wp\/v2\/media?parent=57101"}],"wp:term":[{"taxonomy":"category","embeddable":true,"href":"https:\/\/radiolifefm.com.br\/noticias\/wp-json\/wp\/v2\/categories?post=57101"},{"taxonomy":"post_tag","embeddable":true,"href":"https:\/\/radiolifefm.com.br\/noticias\/wp-json\/wp\/v2\/tags?post=57101"}],"curies":[{"name":"wp","href":"https:\/\/api.w.org\/{rel}","templated":true}]}}