{"id":57082,"date":"2022-08-17T17:14:55","date_gmt":"2022-08-17T20:14:55","guid":{"rendered":"https:\/\/radiolifefm.com.br\/noticias\/?p=57082"},"modified":"2025-11-27T04:40:55","modified_gmt":"2025-11-27T07:40:55","slug":"adamantina-envia-novos-alunos-para-o-conservatorio-de-tatui","status":"publish","type":"post","link":"https:\/\/radiolifefm.com.br\/noticias\/adamantina-envia-novos-alunos-para-o-conservatorio-de-tatui\/","title":{"rendered":"Adamantina envia novos alunos para o Conservat\u00f3rio de Tatu\u00ed"},"content":{"rendered":"<div id=\"fb-root\"><\/div>\n<p>A Prefeitura de Adamantina, atrav\u00e9s da Secretaria de Cultura e Turismo, iniciou nesta semana mais um importante projeto que visa o aperfei\u00e7oamento e a educa\u00e7\u00e3o de crian\u00e7as, jovens e adultos do munic\u00edpio. Semanalmente 10 integrantes da Banda Marcial e da Orquestra de Viola Caipira, entre alunos iniciantes e professores, far\u00e3o aulas no Conservat\u00f3rio Dram\u00e1tico e Musical \u201cDr. Carlos de Campos\u201d, mais conhecido como Conservat\u00f3rio de Tatu\u00ed, uma das maiores e renomadas escolas da Am\u00e9rica Latina.<\/p>\n<p>Os alunos passaram por rigoroso processo seletivo e ter\u00e3o aulas \u00e0s ter\u00e7as-feiras, com transporte garantido pela Prefeitura do Munic\u00edpio. S\u00e3o eles: Mateus Batista Scherole (trompete erudido), Gustavo Souza Fazolli (percuss\u00e3o erudita), Jorge Miguel Queiroz Cecilio (trombone erudito), Caique Henrique de Lima Correira (percuss\u00e3o erudita), Daniel Barbosa da Concei\u00e7\u00e3o (tuba), Sofia Guimar\u00e3es dos Santos Ferreira (trombone erudito), Eduardo Souza Fazolli (trompete erudito), Valter Negrini (viola caipira), Jair Prates (viola caipira) e o j\u00e1 aluno do conservat\u00f3rio, Lucas Rafael Tanigutti (saxofone).<\/p>\n<p>Para o secret\u00e1rio de cultura e turismo de Adamantina, S\u00e9rgio Vanderlei, este \u00e9 mais um grande avan\u00e7o para o munic\u00edpio. \u201cPoder garantir a esses alunos educa\u00e7\u00e3o de alto n\u00edvel em uma das principais escolas do pa\u00eds, com toda certeza trar\u00e1 bons frutos, n\u00e3o s\u00f3 para os alunos em suas vidas, mas para a cena cultural de nossa cidade\u201d.<\/p>\n<p><img loading=\"lazy\" decoding=\"async\" class=\"alignnone size-medium wp-image-57083\" src=\"https:\/\/static.radiolifefm.com.br\/wp-content\/uploads\/sites\/2\/2022\/08\/IMG-20220817-WA0083-300x300.jpg\" alt=\"\" width=\"300\" height=\"300\" srcset=\"https:\/\/radiolifefm.com.br\/noticias\/wp-content\/uploads\/2022\/08\/IMG-20220817-WA0083-300x300.jpg 300w, https:\/\/radiolifefm.com.br\/noticias\/wp-content\/uploads\/2022\/08\/IMG-20220817-WA0083-1024x1024.jpg 1024w, https:\/\/radiolifefm.com.br\/noticias\/wp-content\/uploads\/2022\/08\/IMG-20220817-WA0083-150x150.jpg 150w, https:\/\/radiolifefm.com.br\/noticias\/wp-content\/uploads\/2022\/08\/IMG-20220817-WA0083-768x768.jpg 768w, https:\/\/radiolifefm.com.br\/noticias\/wp-content\/uploads\/2022\/08\/IMG-20220817-WA0083-200x200.jpg 200w, https:\/\/radiolifefm.com.br\/noticias\/wp-content\/uploads\/2022\/08\/IMG-20220817-WA0083-250x250.jpg 250w, https:\/\/radiolifefm.com.br\/noticias\/wp-content\/uploads\/2022\/08\/IMG-20220817-WA0083-500x500.jpg 500w, https:\/\/radiolifefm.com.br\/noticias\/wp-content\/uploads\/2022\/08\/IMG-20220817-WA0083-700x700.jpg 700w, https:\/\/radiolifefm.com.br\/noticias\/wp-content\/uploads\/2022\/08\/IMG-20220817-WA0083.jpg 1080w\" sizes=\"auto, (max-width: 300px) 100vw, 300px\" \/> <img loading=\"lazy\" decoding=\"async\" class=\"alignnone size-medium wp-image-57084\" src=\"https:\/\/static.radiolifefm.com.br\/wp-content\/uploads\/sites\/2\/2022\/08\/IMG-20220817-WA0084-300x300.jpg\" alt=\"\" width=\"300\" height=\"300\" srcset=\"https:\/\/radiolifefm.com.br\/noticias\/wp-content\/uploads\/2022\/08\/IMG-20220817-WA0084-300x300.jpg 300w, https:\/\/radiolifefm.com.br\/noticias\/wp-content\/uploads\/2022\/08\/IMG-20220817-WA0084-150x150.jpg 150w, https:\/\/radiolifefm.com.br\/noticias\/wp-content\/uploads\/2022\/08\/IMG-20220817-WA0084-768x768.jpg 768w, https:\/\/radiolifefm.com.br\/noticias\/wp-content\/uploads\/2022\/08\/IMG-20220817-WA0084-200x200.jpg 200w, https:\/\/radiolifefm.com.br\/noticias\/wp-content\/uploads\/2022\/08\/IMG-20220817-WA0084-250x250.jpg 250w, https:\/\/radiolifefm.com.br\/noticias\/wp-content\/uploads\/2022\/08\/IMG-20220817-WA0084-500x500.jpg 500w, https:\/\/radiolifefm.com.br\/noticias\/wp-content\/uploads\/2022\/08\/IMG-20220817-WA0084-700x700.jpg 700w, https:\/\/radiolifefm.com.br\/noticias\/wp-content\/uploads\/2022\/08\/IMG-20220817-WA0084.jpg 960w\" sizes=\"auto, (max-width: 300px) 100vw, 300px\" \/><br \/>\nFonte: Assessoria de Imprensa<\/p>\n","protected":false},"excerpt":{"rendered":"<p>A Prefeitura de Adamantina, atrav\u00e9s da Secretaria de Cultura e Turismo, iniciou nesta semana mais um importante projeto que visa o aperfei\u00e7oamento e a educa\u00e7\u00e3o de crian\u00e7as, jovens e adultos do munic\u00edpio. Semanalmente 10 integrantes da Banda Marcial e da Orquestra de Viola Caipira, entre alunos iniciantes e professores, far\u00e3o aulas no Conservat\u00f3rio Dram\u00e1tico e [&hellip;]<\/p>\n","protected":false},"author":13,"featured_media":57085,"comment_status":"closed","ping_status":"open","sticky":false,"template":"","format":"standard","meta":{"_acf_changed":false,"_exactmetrics_skip_tracking":false,"_exactmetrics_sitenote_active":false,"_exactmetrics_sitenote_note":"","_exactmetrics_sitenote_category":0,"footnotes":""},"categories":[21],"tags":[],"class_list":["post-57082","post","type-post","status-publish","format-standard","has-post-thumbnail","hentry","category-adamantina"],"acf":[],"yoast_head":"<!-- This site is optimized with the Yoast SEO plugin v27.2 - https:\/\/yoast.com\/product\/yoast-seo-wordpress\/ -->\n<title>Adamantina envia novos alunos para o Conservat\u00f3rio de Tatu\u00ed - R\u00e1dio Life FM<\/title>\n<meta name=\"robots\" content=\"index, follow, max-snippet:-1, max-image-preview:large, max-video-preview:-1\" \/>\n<link rel=\"canonical\" href=\"https:\/\/radiolifefm.com.br\/noticias\/adamantina-envia-novos-alunos-para-o-conservatorio-de-tatui\/\" \/>\n<meta property=\"og:locale\" content=\"pt_BR\" \/>\n<meta property=\"og:type\" content=\"article\" \/>\n<meta property=\"og:title\" content=\"Adamantina envia novos alunos para o Conservat\u00f3rio de Tatu\u00ed - R\u00e1dio Life FM\" \/>\n<meta property=\"og:description\" content=\"A Prefeitura de Adamantina, atrav\u00e9s da Secretaria de Cultura e Turismo, iniciou nesta semana mais um importante projeto que visa o aperfei\u00e7oamento e a educa\u00e7\u00e3o de crian\u00e7as, jovens e adultos do munic\u00edpio. Semanalmente 10 integrantes da Banda Marcial e da Orquestra de Viola Caipira, entre alunos iniciantes e professores, far\u00e3o aulas no Conservat\u00f3rio Dram\u00e1tico e [&hellip;]\" \/>\n<meta property=\"og:url\" content=\"https:\/\/radiolifefm.com.br\/noticias\/adamantina-envia-novos-alunos-para-o-conservatorio-de-tatui\/\" \/>\n<meta property=\"og:site_name\" content=\"R\u00e1dio Life FM\" \/>\n<meta property=\"article:publisher\" content=\"https:\/\/www.facebook.com\/radiolifefm\/\" \/>\n<meta property=\"article:published_time\" content=\"2022-08-17T20:14:55+00:00\" \/>\n<meta property=\"article:modified_time\" content=\"2025-11-27T07:40:55+00:00\" \/>\n<meta property=\"og:image\" content=\"https:\/\/radiolifefm.com.br\/noticias\/wp-content\/uploads\/2022\/08\/IMG-20220817-WA0085.jpg\" \/>\n\t<meta property=\"og:image:width\" content=\"960\" \/>\n\t<meta property=\"og:image:height\" content=\"960\" \/>\n\t<meta property=\"og:image:type\" content=\"image\/jpeg\" \/>\n<meta name=\"author\" content=\"ritanery\" \/>\n<meta name=\"twitter:card\" content=\"summary_large_image\" \/>\n<meta name=\"twitter:label1\" content=\"Escrito por\" \/>\n\t<meta name=\"twitter:data1\" content=\"ritanery\" \/>\n\t<meta name=\"twitter:label2\" content=\"Est. tempo de leitura\" \/>\n\t<meta name=\"twitter:data2\" content=\"2 minutos\" \/>\n<script type=\"application\/ld+json\" class=\"yoast-schema-graph\">{\"@context\":\"https:\/\/schema.org\",\"@graph\":[{\"@type\":\"Article\",\"@id\":\"https:\/\/radiolifefm.com.br\/noticias\/adamantina-envia-novos-alunos-para-o-conservatorio-de-tatui\/#article\",\"isPartOf\":{\"@id\":\"https:\/\/radiolifefm.com.br\/noticias\/adamantina-envia-novos-alunos-para-o-conservatorio-de-tatui\/\"},\"author\":{\"name\":\"ritanery\",\"@id\":\"https:\/\/radiolifefm.com.br\/noticias\/#\/schema\/person\/6339b9fac59d12b071dec680d7375d87\"},\"headline\":\"Adamantina envia novos alunos para o Conservat\u00f3rio de Tatu\u00ed\",\"datePublished\":\"2022-08-17T20:14:55+00:00\",\"dateModified\":\"2025-11-27T07:40:55+00:00\",\"mainEntityOfPage\":{\"@id\":\"https:\/\/radiolifefm.com.br\/noticias\/adamantina-envia-novos-alunos-para-o-conservatorio-de-tatui\/\"},\"wordCount\":251,\"publisher\":{\"@id\":\"https:\/\/radiolifefm.com.br\/noticias\/#organization\"},\"image\":{\"@id\":\"https:\/\/radiolifefm.com.br\/noticias\/adamantina-envia-novos-alunos-para-o-conservatorio-de-tatui\/#primaryimage\"},\"thumbnailUrl\":\"https:\/\/radiolifefm.com.br\/noticias\/wp-content\/uploads\/2022\/08\/IMG-20220817-WA0085.jpg\",\"articleSection\":[\"Adamantina\"],\"inLanguage\":\"pt-BR\"},{\"@type\":\"WebPage\",\"@id\":\"https:\/\/radiolifefm.com.br\/noticias\/adamantina-envia-novos-alunos-para-o-conservatorio-de-tatui\/\",\"url\":\"https:\/\/radiolifefm.com.br\/noticias\/adamantina-envia-novos-alunos-para-o-conservatorio-de-tatui\/\",\"name\":\"Adamantina envia novos alunos para o Conservat\u00f3rio de Tatu\u00ed - R\u00e1dio Life FM\",\"isPartOf\":{\"@id\":\"https:\/\/radiolifefm.com.br\/noticias\/#website\"},\"primaryImageOfPage\":{\"@id\":\"https:\/\/radiolifefm.com.br\/noticias\/adamantina-envia-novos-alunos-para-o-conservatorio-de-tatui\/#primaryimage\"},\"image\":{\"@id\":\"https:\/\/radiolifefm.com.br\/noticias\/adamantina-envia-novos-alunos-para-o-conservatorio-de-tatui\/#primaryimage\"},\"thumbnailUrl\":\"https:\/\/radiolifefm.com.br\/noticias\/wp-content\/uploads\/2022\/08\/IMG-20220817-WA0085.jpg\",\"datePublished\":\"2022-08-17T20:14:55+00:00\",\"dateModified\":\"2025-11-27T07:40:55+00:00\",\"breadcrumb\":{\"@id\":\"https:\/\/radiolifefm.com.br\/noticias\/adamantina-envia-novos-alunos-para-o-conservatorio-de-tatui\/#breadcrumb\"},\"inLanguage\":\"pt-BR\",\"potentialAction\":[{\"@type\":\"ReadAction\",\"target\":[\"https:\/\/radiolifefm.com.br\/noticias\/adamantina-envia-novos-alunos-para-o-conservatorio-de-tatui\/\"]}]},{\"@type\":\"ImageObject\",\"inLanguage\":\"pt-BR\",\"@id\":\"https:\/\/radiolifefm.com.br\/noticias\/adamantina-envia-novos-alunos-para-o-conservatorio-de-tatui\/#primaryimage\",\"url\":\"https:\/\/radiolifefm.com.br\/noticias\/wp-content\/uploads\/2022\/08\/IMG-20220817-WA0085.jpg\",\"contentUrl\":\"https:\/\/radiolifefm.com.br\/noticias\/wp-content\/uploads\/2022\/08\/IMG-20220817-WA0085.jpg\",\"width\":960,\"height\":960},{\"@type\":\"BreadcrumbList\",\"@id\":\"https:\/\/radiolifefm.com.br\/noticias\/adamantina-envia-novos-alunos-para-o-conservatorio-de-tatui\/#breadcrumb\",\"itemListElement\":[{\"@type\":\"ListItem\",\"position\":1,\"name\":\"In\u00edcio\",\"item\":\"https:\/\/radiolifefm.com.br\/noticias\/\"},{\"@type\":\"ListItem\",\"position\":2,\"name\":\"Adamantina envia novos alunos para o Conservat\u00f3rio de Tatu\u00ed\"}]},{\"@type\":\"WebSite\",\"@id\":\"https:\/\/radiolifefm.com.br\/noticias\/#website\",\"url\":\"https:\/\/radiolifefm.com.br\/noticias\/\",\"name\":\"R\u00e1dio Life FM\",\"description\":\"O Portal de Not\u00edcias de Adamantina\",\"publisher\":{\"@id\":\"https:\/\/radiolifefm.com.br\/noticias\/#organization\"},\"alternateName\":\"Life FM\",\"potentialAction\":[{\"@type\":\"SearchAction\",\"target\":{\"@type\":\"EntryPoint\",\"urlTemplate\":\"https:\/\/radiolifefm.com.br\/noticias\/?s={search_term_string}\"},\"query-input\":{\"@type\":\"PropertyValueSpecification\",\"valueRequired\":true,\"valueName\":\"search_term_string\"}}],\"inLanguage\":\"pt-BR\"},{\"@type\":\"Organization\",\"@id\":\"https:\/\/radiolifefm.com.br\/noticias\/#organization\",\"name\":\"R\u00e1dio Life FM\",\"alternateName\":\"Life FM\",\"url\":\"https:\/\/radiolifefm.com.br\/noticias\/\",\"logo\":{\"@type\":\"ImageObject\",\"inLanguage\":\"pt-BR\",\"@id\":\"https:\/\/radiolifefm.com.br\/noticias\/#\/schema\/logo\/image\/\",\"url\":\"https:\/\/static.radiolifefm.com.br\/noticias\/wp-content\/uploads\/2019\/10\/logo-lifefm.png\",\"contentUrl\":\"https:\/\/static.radiolifefm.com.br\/noticias\/wp-content\/uploads\/2019\/10\/logo-lifefm.png\",\"width\":196,\"height\":47,\"caption\":\"R\u00e1dio Life FM\"},\"image\":{\"@id\":\"https:\/\/radiolifefm.com.br\/noticias\/#\/schema\/logo\/image\/\"},\"sameAs\":[\"https:\/\/www.facebook.com\/radiolifefm\/\",\"https:\/\/www.instagram.com\/life1079fm\/\"]},{\"@type\":\"Person\",\"@id\":\"https:\/\/radiolifefm.com.br\/noticias\/#\/schema\/person\/6339b9fac59d12b071dec680d7375d87\",\"name\":\"ritanery\",\"image\":{\"@type\":\"ImageObject\",\"inLanguage\":\"pt-BR\",\"@id\":\"https:\/\/secure.gravatar.com\/avatar\/0e37bb19071f47c0b8a23f62a903df117c5a0e75f65a0c2901562f97cd41cf86?s=96&d=mm&r=g\",\"url\":\"https:\/\/secure.gravatar.com\/avatar\/0e37bb19071f47c0b8a23f62a903df117c5a0e75f65a0c2901562f97cd41cf86?s=96&d=mm&r=g\",\"contentUrl\":\"https:\/\/secure.gravatar.com\/avatar\/0e37bb19071f47c0b8a23f62a903df117c5a0e75f65a0c2901562f97cd41cf86?s=96&d=mm&r=g\",\"caption\":\"ritanery\"}}]}<\/script>\n<!-- \/ Yoast SEO plugin. -->","yoast_head_json":{"title":"Adamantina envia novos alunos para o Conservat\u00f3rio de Tatu\u00ed - R\u00e1dio Life FM","robots":{"index":"index","follow":"follow","max-snippet":"max-snippet:-1","max-image-preview":"max-image-preview:large","max-video-preview":"max-video-preview:-1"},"canonical":"https:\/\/radiolifefm.com.br\/noticias\/adamantina-envia-novos-alunos-para-o-conservatorio-de-tatui\/","og_locale":"pt_BR","og_type":"article","og_title":"Adamantina envia novos alunos para o Conservat\u00f3rio de Tatu\u00ed - R\u00e1dio Life FM","og_description":"A Prefeitura de Adamantina, atrav\u00e9s da Secretaria de Cultura e Turismo, iniciou nesta semana mais um importante projeto que visa o aperfei\u00e7oamento e a educa\u00e7\u00e3o de crian\u00e7as, jovens e adultos do munic\u00edpio. Semanalmente 10 integrantes da Banda Marcial e da Orquestra de Viola Caipira, entre alunos iniciantes e professores, far\u00e3o aulas no Conservat\u00f3rio Dram\u00e1tico e [&hellip;]","og_url":"https:\/\/radiolifefm.com.br\/noticias\/adamantina-envia-novos-alunos-para-o-conservatorio-de-tatui\/","og_site_name":"R\u00e1dio Life FM","article_publisher":"https:\/\/www.facebook.com\/radiolifefm\/","article_published_time":"2022-08-17T20:14:55+00:00","article_modified_time":"2025-11-27T07:40:55+00:00","og_image":[{"width":960,"height":960,"url":"https:\/\/radiolifefm.com.br\/noticias\/wp-content\/uploads\/2022\/08\/IMG-20220817-WA0085.jpg","type":"image\/jpeg"}],"author":"ritanery","twitter_card":"summary_large_image","twitter_misc":{"Escrito por":"ritanery","Est. tempo de leitura":"2 minutos"},"schema":{"@context":"https:\/\/schema.org","@graph":[{"@type":"Article","@id":"https:\/\/radiolifefm.com.br\/noticias\/adamantina-envia-novos-alunos-para-o-conservatorio-de-tatui\/#article","isPartOf":{"@id":"https:\/\/radiolifefm.com.br\/noticias\/adamantina-envia-novos-alunos-para-o-conservatorio-de-tatui\/"},"author":{"name":"ritanery","@id":"https:\/\/radiolifefm.com.br\/noticias\/#\/schema\/person\/6339b9fac59d12b071dec680d7375d87"},"headline":"Adamantina envia novos alunos para o Conservat\u00f3rio de Tatu\u00ed","datePublished":"2022-08-17T20:14:55+00:00","dateModified":"2025-11-27T07:40:55+00:00","mainEntityOfPage":{"@id":"https:\/\/radiolifefm.com.br\/noticias\/adamantina-envia-novos-alunos-para-o-conservatorio-de-tatui\/"},"wordCount":251,"publisher":{"@id":"https:\/\/radiolifefm.com.br\/noticias\/#organization"},"image":{"@id":"https:\/\/radiolifefm.com.br\/noticias\/adamantina-envia-novos-alunos-para-o-conservatorio-de-tatui\/#primaryimage"},"thumbnailUrl":"https:\/\/radiolifefm.com.br\/noticias\/wp-content\/uploads\/2022\/08\/IMG-20220817-WA0085.jpg","articleSection":["Adamantina"],"inLanguage":"pt-BR"},{"@type":"WebPage","@id":"https:\/\/radiolifefm.com.br\/noticias\/adamantina-envia-novos-alunos-para-o-conservatorio-de-tatui\/","url":"https:\/\/radiolifefm.com.br\/noticias\/adamantina-envia-novos-alunos-para-o-conservatorio-de-tatui\/","name":"Adamantina envia novos alunos para o Conservat\u00f3rio de Tatu\u00ed - R\u00e1dio Life FM","isPartOf":{"@id":"https:\/\/radiolifefm.com.br\/noticias\/#website"},"primaryImageOfPage":{"@id":"https:\/\/radiolifefm.com.br\/noticias\/adamantina-envia-novos-alunos-para-o-conservatorio-de-tatui\/#primaryimage"},"image":{"@id":"https:\/\/radiolifefm.com.br\/noticias\/adamantina-envia-novos-alunos-para-o-conservatorio-de-tatui\/#primaryimage"},"thumbnailUrl":"https:\/\/radiolifefm.com.br\/noticias\/wp-content\/uploads\/2022\/08\/IMG-20220817-WA0085.jpg","datePublished":"2022-08-17T20:14:55+00:00","dateModified":"2025-11-27T07:40:55+00:00","breadcrumb":{"@id":"https:\/\/radiolifefm.com.br\/noticias\/adamantina-envia-novos-alunos-para-o-conservatorio-de-tatui\/#breadcrumb"},"inLanguage":"pt-BR","potentialAction":[{"@type":"ReadAction","target":["https:\/\/radiolifefm.com.br\/noticias\/adamantina-envia-novos-alunos-para-o-conservatorio-de-tatui\/"]}]},{"@type":"ImageObject","inLanguage":"pt-BR","@id":"https:\/\/radiolifefm.com.br\/noticias\/adamantina-envia-novos-alunos-para-o-conservatorio-de-tatui\/#primaryimage","url":"https:\/\/radiolifefm.com.br\/noticias\/wp-content\/uploads\/2022\/08\/IMG-20220817-WA0085.jpg","contentUrl":"https:\/\/radiolifefm.com.br\/noticias\/wp-content\/uploads\/2022\/08\/IMG-20220817-WA0085.jpg","width":960,"height":960},{"@type":"BreadcrumbList","@id":"https:\/\/radiolifefm.com.br\/noticias\/adamantina-envia-novos-alunos-para-o-conservatorio-de-tatui\/#breadcrumb","itemListElement":[{"@type":"ListItem","position":1,"name":"In\u00edcio","item":"https:\/\/radiolifefm.com.br\/noticias\/"},{"@type":"ListItem","position":2,"name":"Adamantina envia novos alunos para o Conservat\u00f3rio de Tatu\u00ed"}]},{"@type":"WebSite","@id":"https:\/\/radiolifefm.com.br\/noticias\/#website","url":"https:\/\/radiolifefm.com.br\/noticias\/","name":"R\u00e1dio Life FM","description":"O Portal de Not\u00edcias de Adamantina","publisher":{"@id":"https:\/\/radiolifefm.com.br\/noticias\/#organization"},"alternateName":"Life FM","potentialAction":[{"@type":"SearchAction","target":{"@type":"EntryPoint","urlTemplate":"https:\/\/radiolifefm.com.br\/noticias\/?s={search_term_string}"},"query-input":{"@type":"PropertyValueSpecification","valueRequired":true,"valueName":"search_term_string"}}],"inLanguage":"pt-BR"},{"@type":"Organization","@id":"https:\/\/radiolifefm.com.br\/noticias\/#organization","name":"R\u00e1dio Life FM","alternateName":"Life FM","url":"https:\/\/radiolifefm.com.br\/noticias\/","logo":{"@type":"ImageObject","inLanguage":"pt-BR","@id":"https:\/\/radiolifefm.com.br\/noticias\/#\/schema\/logo\/image\/","url":"https:\/\/static.radiolifefm.com.br\/noticias\/wp-content\/uploads\/2019\/10\/logo-lifefm.png","contentUrl":"https:\/\/static.radiolifefm.com.br\/noticias\/wp-content\/uploads\/2019\/10\/logo-lifefm.png","width":196,"height":47,"caption":"R\u00e1dio Life FM"},"image":{"@id":"https:\/\/radiolifefm.com.br\/noticias\/#\/schema\/logo\/image\/"},"sameAs":["https:\/\/www.facebook.com\/radiolifefm\/","https:\/\/www.instagram.com\/life1079fm\/"]},{"@type":"Person","@id":"https:\/\/radiolifefm.com.br\/noticias\/#\/schema\/person\/6339b9fac59d12b071dec680d7375d87","name":"ritanery","image":{"@type":"ImageObject","inLanguage":"pt-BR","@id":"https:\/\/secure.gravatar.com\/avatar\/0e37bb19071f47c0b8a23f62a903df117c5a0e75f65a0c2901562f97cd41cf86?s=96&d=mm&r=g","url":"https:\/\/secure.gravatar.com\/avatar\/0e37bb19071f47c0b8a23f62a903df117c5a0e75f65a0c2901562f97cd41cf86?s=96&d=mm&r=g","contentUrl":"https:\/\/secure.gravatar.com\/avatar\/0e37bb19071f47c0b8a23f62a903df117c5a0e75f65a0c2901562f97cd41cf86?s=96&d=mm&r=g","caption":"ritanery"}}]}},"amp_enabled":true,"_links":{"self":[{"href":"https:\/\/radiolifefm.com.br\/noticias\/wp-json\/wp\/v2\/posts\/57082","targetHints":{"allow":["GET"]}}],"collection":[{"href":"https:\/\/radiolifefm.com.br\/noticias\/wp-json\/wp\/v2\/posts"}],"about":[{"href":"https:\/\/radiolifefm.com.br\/noticias\/wp-json\/wp\/v2\/types\/post"}],"author":[{"embeddable":true,"href":"https:\/\/radiolifefm.com.br\/noticias\/wp-json\/wp\/v2\/users\/13"}],"replies":[{"embeddable":true,"href":"https:\/\/radiolifefm.com.br\/noticias\/wp-json\/wp\/v2\/comments?post=57082"}],"version-history":[{"count":2,"href":"https:\/\/radiolifefm.com.br\/noticias\/wp-json\/wp\/v2\/posts\/57082\/revisions"}],"predecessor-version":[{"id":57087,"href":"https:\/\/radiolifefm.com.br\/noticias\/wp-json\/wp\/v2\/posts\/57082\/revisions\/57087"}],"wp:featuredmedia":[{"embeddable":true,"href":"https:\/\/radiolifefm.com.br\/noticias\/wp-json\/wp\/v2\/media\/57085"}],"wp:attachment":[{"href":"https:\/\/radiolifefm.com.br\/noticias\/wp-json\/wp\/v2\/media?parent=57082"}],"wp:term":[{"taxonomy":"category","embeddable":true,"href":"https:\/\/radiolifefm.com.br\/noticias\/wp-json\/wp\/v2\/categories?post=57082"},{"taxonomy":"post_tag","embeddable":true,"href":"https:\/\/radiolifefm.com.br\/noticias\/wp-json\/wp\/v2\/tags?post=57082"}],"curies":[{"name":"wp","href":"https:\/\/api.w.org\/{rel}","templated":true}]}}