{"id":57053,"date":"2022-08-17T07:56:13","date_gmt":"2022-08-17T10:56:13","guid":{"rendered":"https:\/\/radiolifefm.com.br\/noticias\/?p=57053"},"modified":"2025-12-20T18:59:10","modified_gmt":"2025-12-20T21:59:10","slug":"mudancas-em-nivel-glocal-no-planeta","status":"publish","type":"post","link":"https:\/\/radiolifefm.com.br\/noticias\/mudancas-em-nivel-glocal-no-planeta\/","title":{"rendered":"MUDAN\u00c7AS EM N\u00cdVEL GLOCAL NO PLANETA"},"content":{"rendered":"<div id=\"fb-root\"><\/div>\n<p><em>\u00a0\u201cO pressentimento \u00e9 um mensageiro do destino.\u201d<\/em><\/p>\n<p><em>(Canning)<\/em><\/p>\n<p>&nbsp;<\/p>\n<p><em>S\u00e9rgio Barbosa (*)<\/em><\/p>\n<p>&nbsp;<\/p>\n<p>As mudan\u00e7as continuam acontecendo em diversas partes do mundo, por\u00e9m, parece que alguns lugares continuam vivendo como se estivesse \u00e0 parte deste contexto GLOCAL, ou seja, do global para o local.<\/p>\n<p>N\u00e3o se pode mais ficar alheio aos acontecimentos em n\u00edvel mundial, a responsabilidade nestes casos \u00e9 individual, al\u00e9m do mais, a preocupa\u00e7\u00e3o com o coletivo \u00e9 o mais importante neste mundo p\u00f3s-globalizado.<\/p>\n<p>Trabalhar em equipe, sem estrelismos banais e outros, \u00e9 resultado pela busca do espa\u00e7o nestes novos tempos, cada vez mais, faz-se necess\u00e1rio estar em conex\u00e3o com a mundializa\u00e7\u00e3o da cultura.<\/p>\n<p>As metas devem servir como objetivo final para todos, o individual deve ser respaldado pelo trabalho coletivo, as muitas mudan\u00e7as que ocorrem neste momento em v\u00e1rios lugares devem nortear os nossos impulsos pelo servi\u00e7o comum aos interesses afins.<\/p>\n<p>Todos buscam estar no lugar e na hora certa, mas poucos conseguem chegar ao objetivo, ainda mais, quando estamos inseridos numa sociedade multi-facial e cada vez mais seletiva em todos as \u00e1reas.<\/p>\n<p>A profissionaliza\u00e7\u00e3o \u00e9 uma realidade para todos, assim, \u201cpode mais quem chora menos\u201d diz um dito popular, pelo jeito, as coisas tendem, cada vez mais, estar pr\u00f3xima daqueles que ousam mais nestes novos tempos.<\/p>\n<p>\u00c9 preciso saber como conduzir este processo GLOCAL, ainda, as redes informatizadas est\u00e3o cada vez mais presentes em nosso dia-a-dia, assim, n\u00e3o se pode mais ficar olhando \u201co trem passar\u201d, al\u00e9m do mais, deste lado e em tempo de DESGOVERNO BOZZONARO, o \u201ctrem\u201d est\u00e1 cada vez mais longe de tudo e de todos\/as&#8230;<\/p>\n<p>N\u00e3o se pode mais ficar esperando pelo outro, \u00e9 necess\u00e1rio estar sempre com o olhar na frente, se poss\u00edvel, delimitando cada vez mais o territ\u00f3rio conquistado, bem como, demonstrando compet\u00eancia e responsabilidade para uma aproxima\u00e7\u00e3o com o MERCADO neste tempo novo tempo que se chama hoje.<\/p>\n<p>QUEM SOBREVIVER VAI SABER&#8230;<\/p>\n<p>&nbsp;<\/p>\n<p><em>____________________________<\/em><\/p>\n<p><em>(*) Jornalista profissional diplomado\u00a0 e professor universit\u00e1rio.<\/em><\/p>\n<p><em>E-MAIL: <a href=\"mailto:barbosa.sebar@gmail.com\">barbosa.sebar@gmail.com<\/a><\/em><\/p>\n<p><em>\u00a0<\/em><\/p>\n","protected":false},"excerpt":{"rendered":"<p>\u00a0\u201cO pressentimento \u00e9 um mensageiro do destino.\u201d (Canning) &nbsp; S\u00e9rgio Barbosa (*) &nbsp; As mudan\u00e7as continuam acontecendo em diversas partes do mundo, por\u00e9m, parece que alguns lugares continuam vivendo como se estivesse \u00e0 parte deste contexto GLOCAL, ou seja, do global para o local. N\u00e3o se pode mais ficar alheio aos acontecimentos em n\u00edvel mundial, [&hellip;]<\/p>\n","protected":false},"author":13,"featured_media":51988,"comment_status":"closed","ping_status":"open","sticky":false,"template":"","format":"standard","meta":{"_acf_changed":false,"_exactmetrics_skip_tracking":false,"_exactmetrics_sitenote_active":false,"_exactmetrics_sitenote_note":"","_exactmetrics_sitenote_category":0,"footnotes":""},"categories":[59],"tags":[],"class_list":["post-57053","post","type-post","status-publish","format-standard","has-post-thumbnail","hentry","category-opiniao"],"acf":[],"yoast_head":"<!-- This site is optimized with the Yoast SEO plugin v27.2 - https:\/\/yoast.com\/product\/yoast-seo-wordpress\/ -->\n<title>MUDAN\u00c7AS EM N\u00cdVEL GLOCAL NO PLANETA - R\u00e1dio Life FM<\/title>\n<meta name=\"robots\" content=\"index, follow, max-snippet:-1, max-image-preview:large, max-video-preview:-1\" \/>\n<link rel=\"canonical\" href=\"https:\/\/radiolifefm.com.br\/noticias\/mudancas-em-nivel-glocal-no-planeta\/\" \/>\n<meta property=\"og:locale\" content=\"pt_BR\" \/>\n<meta property=\"og:type\" content=\"article\" \/>\n<meta property=\"og:title\" content=\"MUDAN\u00c7AS EM N\u00cdVEL GLOCAL NO PLANETA - R\u00e1dio Life FM\" \/>\n<meta property=\"og:description\" content=\"\u00a0\u201cO pressentimento \u00e9 um mensageiro do destino.\u201d (Canning) &nbsp; S\u00e9rgio Barbosa (*) &nbsp; As mudan\u00e7as continuam acontecendo em diversas partes do mundo, por\u00e9m, parece que alguns lugares continuam vivendo como se estivesse \u00e0 parte deste contexto GLOCAL, ou seja, do global para o local. N\u00e3o se pode mais ficar alheio aos acontecimentos em n\u00edvel mundial, [&hellip;]\" \/>\n<meta property=\"og:url\" content=\"https:\/\/radiolifefm.com.br\/noticias\/mudancas-em-nivel-glocal-no-planeta\/\" \/>\n<meta property=\"og:site_name\" content=\"R\u00e1dio Life FM\" \/>\n<meta property=\"article:publisher\" content=\"https:\/\/www.facebook.com\/radiolifefm\/\" \/>\n<meta property=\"article:published_time\" content=\"2022-08-17T10:56:13+00:00\" \/>\n<meta property=\"article:modified_time\" content=\"2025-12-20T21:59:10+00:00\" \/>\n<meta property=\"og:image\" content=\"https:\/\/radiolifefm.com.br\/noticias\/wp-content\/uploads\/2022\/04\/WhatsApp-Image-2022-04-10-at-18.43.02.jpeg\" \/>\n\t<meta property=\"og:image:width\" content=\"972\" \/>\n\t<meta property=\"og:image:height\" content=\"1296\" \/>\n\t<meta property=\"og:image:type\" content=\"image\/jpeg\" \/>\n<meta name=\"author\" content=\"ritanery\" \/>\n<meta name=\"twitter:card\" content=\"summary_large_image\" \/>\n<meta name=\"twitter:label1\" content=\"Escrito por\" \/>\n\t<meta name=\"twitter:data1\" content=\"ritanery\" \/>\n\t<meta name=\"twitter:label2\" content=\"Est. tempo de leitura\" \/>\n\t<meta name=\"twitter:data2\" content=\"2 minutos\" \/>\n<script type=\"application\/ld+json\" class=\"yoast-schema-graph\">{\"@context\":\"https:\/\/schema.org\",\"@graph\":[{\"@type\":\"Article\",\"@id\":\"https:\/\/radiolifefm.com.br\/noticias\/mudancas-em-nivel-glocal-no-planeta\/#article\",\"isPartOf\":{\"@id\":\"https:\/\/radiolifefm.com.br\/noticias\/mudancas-em-nivel-glocal-no-planeta\/\"},\"author\":{\"name\":\"ritanery\",\"@id\":\"https:\/\/radiolifefm.com.br\/noticias\/#\/schema\/person\/6339b9fac59d12b071dec680d7375d87\"},\"headline\":\"MUDAN\u00c7AS EM N\u00cdVEL GLOCAL NO PLANETA\",\"datePublished\":\"2022-08-17T10:56:13+00:00\",\"dateModified\":\"2025-12-20T21:59:10+00:00\",\"mainEntityOfPage\":{\"@id\":\"https:\/\/radiolifefm.com.br\/noticias\/mudancas-em-nivel-glocal-no-planeta\/\"},\"wordCount\":352,\"publisher\":{\"@id\":\"https:\/\/radiolifefm.com.br\/noticias\/#organization\"},\"image\":{\"@id\":\"https:\/\/radiolifefm.com.br\/noticias\/mudancas-em-nivel-glocal-no-planeta\/#primaryimage\"},\"thumbnailUrl\":\"https:\/\/radiolifefm.com.br\/noticias\/wp-content\/uploads\/2022\/04\/WhatsApp-Image-2022-04-10-at-18.43.02.jpeg\",\"articleSection\":[\"Opini\u00e3o\"],\"inLanguage\":\"pt-BR\"},{\"@type\":\"WebPage\",\"@id\":\"https:\/\/radiolifefm.com.br\/noticias\/mudancas-em-nivel-glocal-no-planeta\/\",\"url\":\"https:\/\/radiolifefm.com.br\/noticias\/mudancas-em-nivel-glocal-no-planeta\/\",\"name\":\"MUDAN\u00c7AS EM N\u00cdVEL GLOCAL NO PLANETA - R\u00e1dio Life FM\",\"isPartOf\":{\"@id\":\"https:\/\/radiolifefm.com.br\/noticias\/#website\"},\"primaryImageOfPage\":{\"@id\":\"https:\/\/radiolifefm.com.br\/noticias\/mudancas-em-nivel-glocal-no-planeta\/#primaryimage\"},\"image\":{\"@id\":\"https:\/\/radiolifefm.com.br\/noticias\/mudancas-em-nivel-glocal-no-planeta\/#primaryimage\"},\"thumbnailUrl\":\"https:\/\/radiolifefm.com.br\/noticias\/wp-content\/uploads\/2022\/04\/WhatsApp-Image-2022-04-10-at-18.43.02.jpeg\",\"datePublished\":\"2022-08-17T10:56:13+00:00\",\"dateModified\":\"2025-12-20T21:59:10+00:00\",\"breadcrumb\":{\"@id\":\"https:\/\/radiolifefm.com.br\/noticias\/mudancas-em-nivel-glocal-no-planeta\/#breadcrumb\"},\"inLanguage\":\"pt-BR\",\"potentialAction\":[{\"@type\":\"ReadAction\",\"target\":[\"https:\/\/radiolifefm.com.br\/noticias\/mudancas-em-nivel-glocal-no-planeta\/\"]}]},{\"@type\":\"ImageObject\",\"inLanguage\":\"pt-BR\",\"@id\":\"https:\/\/radiolifefm.com.br\/noticias\/mudancas-em-nivel-glocal-no-planeta\/#primaryimage\",\"url\":\"https:\/\/radiolifefm.com.br\/noticias\/wp-content\/uploads\/2022\/04\/WhatsApp-Image-2022-04-10-at-18.43.02.jpeg\",\"contentUrl\":\"https:\/\/radiolifefm.com.br\/noticias\/wp-content\/uploads\/2022\/04\/WhatsApp-Image-2022-04-10-at-18.43.02.jpeg\",\"width\":972,\"height\":1296,\"caption\":\"S\u00e9rgio Barbosa\"},{\"@type\":\"BreadcrumbList\",\"@id\":\"https:\/\/radiolifefm.com.br\/noticias\/mudancas-em-nivel-glocal-no-planeta\/#breadcrumb\",\"itemListElement\":[{\"@type\":\"ListItem\",\"position\":1,\"name\":\"In\u00edcio\",\"item\":\"https:\/\/radiolifefm.com.br\/noticias\/\"},{\"@type\":\"ListItem\",\"position\":2,\"name\":\"MUDAN\u00c7AS EM N\u00cdVEL GLOCAL NO PLANETA\"}]},{\"@type\":\"WebSite\",\"@id\":\"https:\/\/radiolifefm.com.br\/noticias\/#website\",\"url\":\"https:\/\/radiolifefm.com.br\/noticias\/\",\"name\":\"R\u00e1dio Life FM\",\"description\":\"O Portal de Not\u00edcias de Adamantina\",\"publisher\":{\"@id\":\"https:\/\/radiolifefm.com.br\/noticias\/#organization\"},\"alternateName\":\"Life FM\",\"potentialAction\":[{\"@type\":\"SearchAction\",\"target\":{\"@type\":\"EntryPoint\",\"urlTemplate\":\"https:\/\/radiolifefm.com.br\/noticias\/?s={search_term_string}\"},\"query-input\":{\"@type\":\"PropertyValueSpecification\",\"valueRequired\":true,\"valueName\":\"search_term_string\"}}],\"inLanguage\":\"pt-BR\"},{\"@type\":\"Organization\",\"@id\":\"https:\/\/radiolifefm.com.br\/noticias\/#organization\",\"name\":\"R\u00e1dio Life FM\",\"alternateName\":\"Life FM\",\"url\":\"https:\/\/radiolifefm.com.br\/noticias\/\",\"logo\":{\"@type\":\"ImageObject\",\"inLanguage\":\"pt-BR\",\"@id\":\"https:\/\/radiolifefm.com.br\/noticias\/#\/schema\/logo\/image\/\",\"url\":\"https:\/\/static.radiolifefm.com.br\/noticias\/wp-content\/uploads\/2019\/10\/logo-lifefm.png\",\"contentUrl\":\"https:\/\/static.radiolifefm.com.br\/noticias\/wp-content\/uploads\/2019\/10\/logo-lifefm.png\",\"width\":196,\"height\":47,\"caption\":\"R\u00e1dio Life FM\"},\"image\":{\"@id\":\"https:\/\/radiolifefm.com.br\/noticias\/#\/schema\/logo\/image\/\"},\"sameAs\":[\"https:\/\/www.facebook.com\/radiolifefm\/\",\"https:\/\/www.instagram.com\/life1079fm\/\"]},{\"@type\":\"Person\",\"@id\":\"https:\/\/radiolifefm.com.br\/noticias\/#\/schema\/person\/6339b9fac59d12b071dec680d7375d87\",\"name\":\"ritanery\",\"image\":{\"@type\":\"ImageObject\",\"inLanguage\":\"pt-BR\",\"@id\":\"https:\/\/secure.gravatar.com\/avatar\/0e37bb19071f47c0b8a23f62a903df117c5a0e75f65a0c2901562f97cd41cf86?s=96&d=mm&r=g\",\"url\":\"https:\/\/secure.gravatar.com\/avatar\/0e37bb19071f47c0b8a23f62a903df117c5a0e75f65a0c2901562f97cd41cf86?s=96&d=mm&r=g\",\"contentUrl\":\"https:\/\/secure.gravatar.com\/avatar\/0e37bb19071f47c0b8a23f62a903df117c5a0e75f65a0c2901562f97cd41cf86?s=96&d=mm&r=g\",\"caption\":\"ritanery\"}}]}<\/script>\n<!-- \/ Yoast SEO plugin. -->","yoast_head_json":{"title":"MUDAN\u00c7AS EM N\u00cdVEL GLOCAL NO PLANETA - R\u00e1dio Life FM","robots":{"index":"index","follow":"follow","max-snippet":"max-snippet:-1","max-image-preview":"max-image-preview:large","max-video-preview":"max-video-preview:-1"},"canonical":"https:\/\/radiolifefm.com.br\/noticias\/mudancas-em-nivel-glocal-no-planeta\/","og_locale":"pt_BR","og_type":"article","og_title":"MUDAN\u00c7AS EM N\u00cdVEL GLOCAL NO PLANETA - R\u00e1dio Life FM","og_description":"\u00a0\u201cO pressentimento \u00e9 um mensageiro do destino.\u201d (Canning) &nbsp; S\u00e9rgio Barbosa (*) &nbsp; As mudan\u00e7as continuam acontecendo em diversas partes do mundo, por\u00e9m, parece que alguns lugares continuam vivendo como se estivesse \u00e0 parte deste contexto GLOCAL, ou seja, do global para o local. N\u00e3o se pode mais ficar alheio aos acontecimentos em n\u00edvel mundial, [&hellip;]","og_url":"https:\/\/radiolifefm.com.br\/noticias\/mudancas-em-nivel-glocal-no-planeta\/","og_site_name":"R\u00e1dio Life FM","article_publisher":"https:\/\/www.facebook.com\/radiolifefm\/","article_published_time":"2022-08-17T10:56:13+00:00","article_modified_time":"2025-12-20T21:59:10+00:00","og_image":[{"width":972,"height":1296,"url":"https:\/\/radiolifefm.com.br\/noticias\/wp-content\/uploads\/2022\/04\/WhatsApp-Image-2022-04-10-at-18.43.02.jpeg","type":"image\/jpeg"}],"author":"ritanery","twitter_card":"summary_large_image","twitter_misc":{"Escrito por":"ritanery","Est. tempo de leitura":"2 minutos"},"schema":{"@context":"https:\/\/schema.org","@graph":[{"@type":"Article","@id":"https:\/\/radiolifefm.com.br\/noticias\/mudancas-em-nivel-glocal-no-planeta\/#article","isPartOf":{"@id":"https:\/\/radiolifefm.com.br\/noticias\/mudancas-em-nivel-glocal-no-planeta\/"},"author":{"name":"ritanery","@id":"https:\/\/radiolifefm.com.br\/noticias\/#\/schema\/person\/6339b9fac59d12b071dec680d7375d87"},"headline":"MUDAN\u00c7AS EM N\u00cdVEL GLOCAL NO PLANETA","datePublished":"2022-08-17T10:56:13+00:00","dateModified":"2025-12-20T21:59:10+00:00","mainEntityOfPage":{"@id":"https:\/\/radiolifefm.com.br\/noticias\/mudancas-em-nivel-glocal-no-planeta\/"},"wordCount":352,"publisher":{"@id":"https:\/\/radiolifefm.com.br\/noticias\/#organization"},"image":{"@id":"https:\/\/radiolifefm.com.br\/noticias\/mudancas-em-nivel-glocal-no-planeta\/#primaryimage"},"thumbnailUrl":"https:\/\/radiolifefm.com.br\/noticias\/wp-content\/uploads\/2022\/04\/WhatsApp-Image-2022-04-10-at-18.43.02.jpeg","articleSection":["Opini\u00e3o"],"inLanguage":"pt-BR"},{"@type":"WebPage","@id":"https:\/\/radiolifefm.com.br\/noticias\/mudancas-em-nivel-glocal-no-planeta\/","url":"https:\/\/radiolifefm.com.br\/noticias\/mudancas-em-nivel-glocal-no-planeta\/","name":"MUDAN\u00c7AS EM N\u00cdVEL GLOCAL NO PLANETA - R\u00e1dio Life FM","isPartOf":{"@id":"https:\/\/radiolifefm.com.br\/noticias\/#website"},"primaryImageOfPage":{"@id":"https:\/\/radiolifefm.com.br\/noticias\/mudancas-em-nivel-glocal-no-planeta\/#primaryimage"},"image":{"@id":"https:\/\/radiolifefm.com.br\/noticias\/mudancas-em-nivel-glocal-no-planeta\/#primaryimage"},"thumbnailUrl":"https:\/\/radiolifefm.com.br\/noticias\/wp-content\/uploads\/2022\/04\/WhatsApp-Image-2022-04-10-at-18.43.02.jpeg","datePublished":"2022-08-17T10:56:13+00:00","dateModified":"2025-12-20T21:59:10+00:00","breadcrumb":{"@id":"https:\/\/radiolifefm.com.br\/noticias\/mudancas-em-nivel-glocal-no-planeta\/#breadcrumb"},"inLanguage":"pt-BR","potentialAction":[{"@type":"ReadAction","target":["https:\/\/radiolifefm.com.br\/noticias\/mudancas-em-nivel-glocal-no-planeta\/"]}]},{"@type":"ImageObject","inLanguage":"pt-BR","@id":"https:\/\/radiolifefm.com.br\/noticias\/mudancas-em-nivel-glocal-no-planeta\/#primaryimage","url":"https:\/\/radiolifefm.com.br\/noticias\/wp-content\/uploads\/2022\/04\/WhatsApp-Image-2022-04-10-at-18.43.02.jpeg","contentUrl":"https:\/\/radiolifefm.com.br\/noticias\/wp-content\/uploads\/2022\/04\/WhatsApp-Image-2022-04-10-at-18.43.02.jpeg","width":972,"height":1296,"caption":"S\u00e9rgio Barbosa"},{"@type":"BreadcrumbList","@id":"https:\/\/radiolifefm.com.br\/noticias\/mudancas-em-nivel-glocal-no-planeta\/#breadcrumb","itemListElement":[{"@type":"ListItem","position":1,"name":"In\u00edcio","item":"https:\/\/radiolifefm.com.br\/noticias\/"},{"@type":"ListItem","position":2,"name":"MUDAN\u00c7AS EM N\u00cdVEL GLOCAL NO PLANETA"}]},{"@type":"WebSite","@id":"https:\/\/radiolifefm.com.br\/noticias\/#website","url":"https:\/\/radiolifefm.com.br\/noticias\/","name":"R\u00e1dio Life FM","description":"O Portal de Not\u00edcias de Adamantina","publisher":{"@id":"https:\/\/radiolifefm.com.br\/noticias\/#organization"},"alternateName":"Life FM","potentialAction":[{"@type":"SearchAction","target":{"@type":"EntryPoint","urlTemplate":"https:\/\/radiolifefm.com.br\/noticias\/?s={search_term_string}"},"query-input":{"@type":"PropertyValueSpecification","valueRequired":true,"valueName":"search_term_string"}}],"inLanguage":"pt-BR"},{"@type":"Organization","@id":"https:\/\/radiolifefm.com.br\/noticias\/#organization","name":"R\u00e1dio Life FM","alternateName":"Life FM","url":"https:\/\/radiolifefm.com.br\/noticias\/","logo":{"@type":"ImageObject","inLanguage":"pt-BR","@id":"https:\/\/radiolifefm.com.br\/noticias\/#\/schema\/logo\/image\/","url":"https:\/\/static.radiolifefm.com.br\/noticias\/wp-content\/uploads\/2019\/10\/logo-lifefm.png","contentUrl":"https:\/\/static.radiolifefm.com.br\/noticias\/wp-content\/uploads\/2019\/10\/logo-lifefm.png","width":196,"height":47,"caption":"R\u00e1dio Life FM"},"image":{"@id":"https:\/\/radiolifefm.com.br\/noticias\/#\/schema\/logo\/image\/"},"sameAs":["https:\/\/www.facebook.com\/radiolifefm\/","https:\/\/www.instagram.com\/life1079fm\/"]},{"@type":"Person","@id":"https:\/\/radiolifefm.com.br\/noticias\/#\/schema\/person\/6339b9fac59d12b071dec680d7375d87","name":"ritanery","image":{"@type":"ImageObject","inLanguage":"pt-BR","@id":"https:\/\/secure.gravatar.com\/avatar\/0e37bb19071f47c0b8a23f62a903df117c5a0e75f65a0c2901562f97cd41cf86?s=96&d=mm&r=g","url":"https:\/\/secure.gravatar.com\/avatar\/0e37bb19071f47c0b8a23f62a903df117c5a0e75f65a0c2901562f97cd41cf86?s=96&d=mm&r=g","contentUrl":"https:\/\/secure.gravatar.com\/avatar\/0e37bb19071f47c0b8a23f62a903df117c5a0e75f65a0c2901562f97cd41cf86?s=96&d=mm&r=g","caption":"ritanery"}}]}},"amp_enabled":true,"_links":{"self":[{"href":"https:\/\/radiolifefm.com.br\/noticias\/wp-json\/wp\/v2\/posts\/57053","targetHints":{"allow":["GET"]}}],"collection":[{"href":"https:\/\/radiolifefm.com.br\/noticias\/wp-json\/wp\/v2\/posts"}],"about":[{"href":"https:\/\/radiolifefm.com.br\/noticias\/wp-json\/wp\/v2\/types\/post"}],"author":[{"embeddable":true,"href":"https:\/\/radiolifefm.com.br\/noticias\/wp-json\/wp\/v2\/users\/13"}],"replies":[{"embeddable":true,"href":"https:\/\/radiolifefm.com.br\/noticias\/wp-json\/wp\/v2\/comments?post=57053"}],"version-history":[{"count":1,"href":"https:\/\/radiolifefm.com.br\/noticias\/wp-json\/wp\/v2\/posts\/57053\/revisions"}],"predecessor-version":[{"id":57054,"href":"https:\/\/radiolifefm.com.br\/noticias\/wp-json\/wp\/v2\/posts\/57053\/revisions\/57054"}],"wp:featuredmedia":[{"embeddable":true,"href":"https:\/\/radiolifefm.com.br\/noticias\/wp-json\/wp\/v2\/media\/51988"}],"wp:attachment":[{"href":"https:\/\/radiolifefm.com.br\/noticias\/wp-json\/wp\/v2\/media?parent=57053"}],"wp:term":[{"taxonomy":"category","embeddable":true,"href":"https:\/\/radiolifefm.com.br\/noticias\/wp-json\/wp\/v2\/categories?post=57053"},{"taxonomy":"post_tag","embeddable":true,"href":"https:\/\/radiolifefm.com.br\/noticias\/wp-json\/wp\/v2\/tags?post=57053"}],"curies":[{"name":"wp","href":"https:\/\/api.w.org\/{rel}","templated":true}]}}