{"id":57010,"date":"2022-08-15T22:16:35","date_gmt":"2022-08-16T01:16:35","guid":{"rendered":"https:\/\/radiolifefm.com.br\/noticias\/?p=57010"},"modified":"2026-03-20T20:09:28","modified_gmt":"2026-03-20T23:09:28","slug":"prefeitura-de-adamantina-lanca-plano-municipal-da-primeira-infancia","status":"publish","type":"post","link":"https:\/\/radiolifefm.com.br\/noticias\/prefeitura-de-adamantina-lanca-plano-municipal-da-primeira-infancia\/","title":{"rendered":"Prefeitura de Adamantina lan\u00e7a Plano Municipal da Primeira Inf\u00e2ncia"},"content":{"rendered":"<div id=\"fb-root\"><\/div>\n<p style=\"font-weight: 400\">Quarta-feira (17), a partir das 13h30 no Anfiteatro Municipal Fernando Paloni, a Prefeitura de Adamantina, por meio da Secretaria de Assist\u00eancia Social e o Programa Crian\u00e7a, realizar\u00e1 o lan\u00e7amento do Plano Municipal da Primeira Inf\u00e2ncia.<\/p>\n<p style=\"font-weight: 400\">O lan\u00e7amento do plano visa contribuir com a efetiva\u00e7\u00e3o dos direitos nos primeiros anos de vida da crian\u00e7a. Adamantina \u00e9 o primeiro munic\u00edpio a ter o documento que tem como foco apoiar o desenvolvimento do p\u00fablico a que se destina desde a primeira inf\u00e2ncia, por meio das pol\u00edticas p\u00fablicas.<\/p>\n<p style=\"font-weight: 400\">O plano estrat\u00e9gico consiste em a\u00e7\u00f5es que englobam o desenvolvimento da crian\u00e7a na primeira inf\u00e2ncia, que fomentam a promo\u00e7\u00e3o e a prote\u00e7\u00e3o da crian\u00e7a ao longo de 10 anos.<\/p>\n<p style=\"font-weight: 400\">As \u00e1reas contempladas s\u00e3o: Assist\u00eancia Social, Educa\u00e7\u00e3o, Sa\u00fade, Cultura e Turismo, Planejamento e Desenvolvimento, Agricultura, Abastecimento e Meio Ambiente, APAE, GAMI, CMDCA.<\/p>\n<p style=\"font-weight: 400\">\u201cEssa intera\u00e7\u00e3o \u00e9 necess\u00e1ria porque todas as pol\u00edticas p\u00fablicas passam a se atentar no desenvolvimento da primeira inf\u00e2ncia e passa a ser uma pauta importante em todas a \u00e1reas\u201d, afirma a secretaria de Assist\u00eancia Social, Andreia Regina Ribeiro.<\/p>\n<p style=\"font-weight: 400\">Para a confec\u00e7\u00e3o do plano, a rede protetiva atuou e isso \u00e9 relevante, porque o investimento na primeira inf\u00e2ncia e o desenvolvimento de a\u00e7\u00f5es que s\u00e3o pautas de forma intersetorial, bem como o bom resultado, faz com que as situa\u00e7\u00f5es de situa\u00e7\u00f5es de vulnerabilidade e de risco social e pessoal diminuam.<\/p>\n<p style=\"font-weight: 400\">Entre as principais metas do plano est\u00e3o: reduzir a desigualdade social; promover o desenvolvimento integral da crian\u00e7a na primeira inf\u00e2ncia e a\u00e7\u00f5es de prote\u00e7\u00e3o e cuidado; incentivar o cuidador ou respons\u00e1vel a vivenciar momentos de lazer e intera\u00e7\u00e3o.<\/p>\n<p style=\"font-weight: 400\">Al\u00e9m do lan\u00e7amento do plano, o encontro ainda vai contar com a participa\u00e7\u00e3o de outros munic\u00edpios que contam com o Programa Crian\u00e7a Feliz. Na oportunidade, ser\u00e1 poss\u00edvel promover a troca de experi\u00eancias entre os participantes para aprimoramento das a\u00e7\u00f5es.<\/p>\n<p>&nbsp;<\/p>\n<p>Fonte: Assessoria de Imprensa<\/p>\n","protected":false},"excerpt":{"rendered":"<p>Quarta-feira (17), a partir das 13h30 no Anfiteatro Municipal Fernando Paloni, a Prefeitura de Adamantina, por meio da Secretaria de Assist\u00eancia Social e o Programa Crian\u00e7a, realizar\u00e1 o lan\u00e7amento do Plano Municipal da Primeira Inf\u00e2ncia. O lan\u00e7amento do plano visa contribuir com a efetiva\u00e7\u00e3o dos direitos nos primeiros anos de vida da crian\u00e7a. Adamantina \u00e9 [&hellip;]<\/p>\n","protected":false},"author":13,"featured_media":57011,"comment_status":"closed","ping_status":"open","sticky":false,"template":"","format":"standard","meta":{"_acf_changed":false,"_exactmetrics_skip_tracking":false,"_exactmetrics_sitenote_active":false,"_exactmetrics_sitenote_note":"","_exactmetrics_sitenote_category":0,"footnotes":""},"categories":[21],"tags":[],"class_list":["post-57010","post","type-post","status-publish","format-standard","has-post-thumbnail","hentry","category-adamantina"],"acf":[],"yoast_head":"<!-- This site is optimized with the Yoast SEO plugin v27.2 - https:\/\/yoast.com\/product\/yoast-seo-wordpress\/ -->\n<title>Prefeitura de Adamantina lan\u00e7a Plano Municipal da Primeira Inf\u00e2ncia - R\u00e1dio Life FM<\/title>\n<meta name=\"robots\" content=\"index, follow, max-snippet:-1, max-image-preview:large, max-video-preview:-1\" \/>\n<link rel=\"canonical\" href=\"https:\/\/radiolifefm.com.br\/noticias\/prefeitura-de-adamantina-lanca-plano-municipal-da-primeira-infancia\/\" \/>\n<meta property=\"og:locale\" content=\"pt_BR\" \/>\n<meta property=\"og:type\" content=\"article\" \/>\n<meta property=\"og:title\" content=\"Prefeitura de Adamantina lan\u00e7a Plano Municipal da Primeira Inf\u00e2ncia - R\u00e1dio Life FM\" \/>\n<meta property=\"og:description\" content=\"Quarta-feira (17), a partir das 13h30 no Anfiteatro Municipal Fernando Paloni, a Prefeitura de Adamantina, por meio da Secretaria de Assist\u00eancia Social e o Programa Crian\u00e7a, realizar\u00e1 o lan\u00e7amento do Plano Municipal da Primeira Inf\u00e2ncia. O lan\u00e7amento do plano visa contribuir com a efetiva\u00e7\u00e3o dos direitos nos primeiros anos de vida da crian\u00e7a. Adamantina \u00e9 [&hellip;]\" \/>\n<meta property=\"og:url\" content=\"https:\/\/radiolifefm.com.br\/noticias\/prefeitura-de-adamantina-lanca-plano-municipal-da-primeira-infancia\/\" \/>\n<meta property=\"og:site_name\" content=\"R\u00e1dio Life FM\" \/>\n<meta property=\"article:publisher\" content=\"https:\/\/www.facebook.com\/radiolifefm\/\" \/>\n<meta property=\"article:published_time\" content=\"2022-08-16T01:16:35+00:00\" \/>\n<meta property=\"article:modified_time\" content=\"2026-03-20T23:09:28+00:00\" \/>\n<meta property=\"og:image\" content=\"https:\/\/radiolifefm.com.br\/noticias\/wp-content\/uploads\/2022\/08\/download-1.jpeg\" \/>\n\t<meta property=\"og:image:width\" content=\"333\" \/>\n\t<meta property=\"og:image:height\" content=\"151\" \/>\n\t<meta property=\"og:image:type\" content=\"image\/jpeg\" \/>\n<meta name=\"author\" content=\"ritanery\" \/>\n<meta name=\"twitter:card\" content=\"summary_large_image\" \/>\n<meta name=\"twitter:label1\" content=\"Escrito por\" \/>\n\t<meta name=\"twitter:data1\" content=\"ritanery\" \/>\n\t<meta name=\"twitter:label2\" content=\"Est. tempo de leitura\" \/>\n\t<meta name=\"twitter:data2\" content=\"2 minutos\" \/>\n<script type=\"application\/ld+json\" class=\"yoast-schema-graph\">{\"@context\":\"https:\/\/schema.org\",\"@graph\":[{\"@type\":\"Article\",\"@id\":\"https:\/\/radiolifefm.com.br\/noticias\/prefeitura-de-adamantina-lanca-plano-municipal-da-primeira-infancia\/#article\",\"isPartOf\":{\"@id\":\"https:\/\/radiolifefm.com.br\/noticias\/prefeitura-de-adamantina-lanca-plano-municipal-da-primeira-infancia\/\"},\"author\":{\"name\":\"ritanery\",\"@id\":\"https:\/\/radiolifefm.com.br\/noticias\/#\/schema\/person\/6339b9fac59d12b071dec680d7375d87\"},\"headline\":\"Prefeitura de Adamantina lan\u00e7a Plano Municipal da Primeira Inf\u00e2ncia\",\"datePublished\":\"2022-08-16T01:16:35+00:00\",\"dateModified\":\"2026-03-20T23:09:28+00:00\",\"mainEntityOfPage\":{\"@id\":\"https:\/\/radiolifefm.com.br\/noticias\/prefeitura-de-adamantina-lanca-plano-municipal-da-primeira-infancia\/\"},\"wordCount\":362,\"publisher\":{\"@id\":\"https:\/\/radiolifefm.com.br\/noticias\/#organization\"},\"image\":{\"@id\":\"https:\/\/radiolifefm.com.br\/noticias\/prefeitura-de-adamantina-lanca-plano-municipal-da-primeira-infancia\/#primaryimage\"},\"thumbnailUrl\":\"https:\/\/radiolifefm.com.br\/noticias\/wp-content\/uploads\/2022\/08\/download-1.jpeg\",\"articleSection\":[\"Adamantina\"],\"inLanguage\":\"pt-BR\"},{\"@type\":\"WebPage\",\"@id\":\"https:\/\/radiolifefm.com.br\/noticias\/prefeitura-de-adamantina-lanca-plano-municipal-da-primeira-infancia\/\",\"url\":\"https:\/\/radiolifefm.com.br\/noticias\/prefeitura-de-adamantina-lanca-plano-municipal-da-primeira-infancia\/\",\"name\":\"Prefeitura de Adamantina lan\u00e7a Plano Municipal da Primeira Inf\u00e2ncia - R\u00e1dio Life FM\",\"isPartOf\":{\"@id\":\"https:\/\/radiolifefm.com.br\/noticias\/#website\"},\"primaryImageOfPage\":{\"@id\":\"https:\/\/radiolifefm.com.br\/noticias\/prefeitura-de-adamantina-lanca-plano-municipal-da-primeira-infancia\/#primaryimage\"},\"image\":{\"@id\":\"https:\/\/radiolifefm.com.br\/noticias\/prefeitura-de-adamantina-lanca-plano-municipal-da-primeira-infancia\/#primaryimage\"},\"thumbnailUrl\":\"https:\/\/radiolifefm.com.br\/noticias\/wp-content\/uploads\/2022\/08\/download-1.jpeg\",\"datePublished\":\"2022-08-16T01:16:35+00:00\",\"dateModified\":\"2026-03-20T23:09:28+00:00\",\"breadcrumb\":{\"@id\":\"https:\/\/radiolifefm.com.br\/noticias\/prefeitura-de-adamantina-lanca-plano-municipal-da-primeira-infancia\/#breadcrumb\"},\"inLanguage\":\"pt-BR\",\"potentialAction\":[{\"@type\":\"ReadAction\",\"target\":[\"https:\/\/radiolifefm.com.br\/noticias\/prefeitura-de-adamantina-lanca-plano-municipal-da-primeira-infancia\/\"]}]},{\"@type\":\"ImageObject\",\"inLanguage\":\"pt-BR\",\"@id\":\"https:\/\/radiolifefm.com.br\/noticias\/prefeitura-de-adamantina-lanca-plano-municipal-da-primeira-infancia\/#primaryimage\",\"url\":\"https:\/\/radiolifefm.com.br\/noticias\/wp-content\/uploads\/2022\/08\/download-1.jpeg\",\"contentUrl\":\"https:\/\/radiolifefm.com.br\/noticias\/wp-content\/uploads\/2022\/08\/download-1.jpeg\",\"width\":333,\"height\":151},{\"@type\":\"BreadcrumbList\",\"@id\":\"https:\/\/radiolifefm.com.br\/noticias\/prefeitura-de-adamantina-lanca-plano-municipal-da-primeira-infancia\/#breadcrumb\",\"itemListElement\":[{\"@type\":\"ListItem\",\"position\":1,\"name\":\"In\u00edcio\",\"item\":\"https:\/\/radiolifefm.com.br\/noticias\/\"},{\"@type\":\"ListItem\",\"position\":2,\"name\":\"Prefeitura de Adamantina lan\u00e7a Plano Municipal da Primeira Inf\u00e2ncia\"}]},{\"@type\":\"WebSite\",\"@id\":\"https:\/\/radiolifefm.com.br\/noticias\/#website\",\"url\":\"https:\/\/radiolifefm.com.br\/noticias\/\",\"name\":\"R\u00e1dio Life FM\",\"description\":\"O Portal de Not\u00edcias de Adamantina\",\"publisher\":{\"@id\":\"https:\/\/radiolifefm.com.br\/noticias\/#organization\"},\"alternateName\":\"Life FM\",\"potentialAction\":[{\"@type\":\"SearchAction\",\"target\":{\"@type\":\"EntryPoint\",\"urlTemplate\":\"https:\/\/radiolifefm.com.br\/noticias\/?s={search_term_string}\"},\"query-input\":{\"@type\":\"PropertyValueSpecification\",\"valueRequired\":true,\"valueName\":\"search_term_string\"}}],\"inLanguage\":\"pt-BR\"},{\"@type\":\"Organization\",\"@id\":\"https:\/\/radiolifefm.com.br\/noticias\/#organization\",\"name\":\"R\u00e1dio Life FM\",\"alternateName\":\"Life FM\",\"url\":\"https:\/\/radiolifefm.com.br\/noticias\/\",\"logo\":{\"@type\":\"ImageObject\",\"inLanguage\":\"pt-BR\",\"@id\":\"https:\/\/radiolifefm.com.br\/noticias\/#\/schema\/logo\/image\/\",\"url\":\"https:\/\/static.radiolifefm.com.br\/noticias\/wp-content\/uploads\/2019\/10\/logo-lifefm.png\",\"contentUrl\":\"https:\/\/static.radiolifefm.com.br\/noticias\/wp-content\/uploads\/2019\/10\/logo-lifefm.png\",\"width\":196,\"height\":47,\"caption\":\"R\u00e1dio Life FM\"},\"image\":{\"@id\":\"https:\/\/radiolifefm.com.br\/noticias\/#\/schema\/logo\/image\/\"},\"sameAs\":[\"https:\/\/www.facebook.com\/radiolifefm\/\",\"https:\/\/www.instagram.com\/life1079fm\/\"]},{\"@type\":\"Person\",\"@id\":\"https:\/\/radiolifefm.com.br\/noticias\/#\/schema\/person\/6339b9fac59d12b071dec680d7375d87\",\"name\":\"ritanery\",\"image\":{\"@type\":\"ImageObject\",\"inLanguage\":\"pt-BR\",\"@id\":\"https:\/\/secure.gravatar.com\/avatar\/0e37bb19071f47c0b8a23f62a903df117c5a0e75f65a0c2901562f97cd41cf86?s=96&d=mm&r=g\",\"url\":\"https:\/\/secure.gravatar.com\/avatar\/0e37bb19071f47c0b8a23f62a903df117c5a0e75f65a0c2901562f97cd41cf86?s=96&d=mm&r=g\",\"contentUrl\":\"https:\/\/secure.gravatar.com\/avatar\/0e37bb19071f47c0b8a23f62a903df117c5a0e75f65a0c2901562f97cd41cf86?s=96&d=mm&r=g\",\"caption\":\"ritanery\"}}]}<\/script>\n<!-- \/ Yoast SEO plugin. -->","yoast_head_json":{"title":"Prefeitura de Adamantina lan\u00e7a Plano Municipal da Primeira Inf\u00e2ncia - R\u00e1dio Life FM","robots":{"index":"index","follow":"follow","max-snippet":"max-snippet:-1","max-image-preview":"max-image-preview:large","max-video-preview":"max-video-preview:-1"},"canonical":"https:\/\/radiolifefm.com.br\/noticias\/prefeitura-de-adamantina-lanca-plano-municipal-da-primeira-infancia\/","og_locale":"pt_BR","og_type":"article","og_title":"Prefeitura de Adamantina lan\u00e7a Plano Municipal da Primeira Inf\u00e2ncia - R\u00e1dio Life FM","og_description":"Quarta-feira (17), a partir das 13h30 no Anfiteatro Municipal Fernando Paloni, a Prefeitura de Adamantina, por meio da Secretaria de Assist\u00eancia Social e o Programa Crian\u00e7a, realizar\u00e1 o lan\u00e7amento do Plano Municipal da Primeira Inf\u00e2ncia. O lan\u00e7amento do plano visa contribuir com a efetiva\u00e7\u00e3o dos direitos nos primeiros anos de vida da crian\u00e7a. Adamantina \u00e9 [&hellip;]","og_url":"https:\/\/radiolifefm.com.br\/noticias\/prefeitura-de-adamantina-lanca-plano-municipal-da-primeira-infancia\/","og_site_name":"R\u00e1dio Life FM","article_publisher":"https:\/\/www.facebook.com\/radiolifefm\/","article_published_time":"2022-08-16T01:16:35+00:00","article_modified_time":"2026-03-20T23:09:28+00:00","og_image":[{"width":333,"height":151,"url":"https:\/\/radiolifefm.com.br\/noticias\/wp-content\/uploads\/2022\/08\/download-1.jpeg","type":"image\/jpeg"}],"author":"ritanery","twitter_card":"summary_large_image","twitter_misc":{"Escrito por":"ritanery","Est. tempo de leitura":"2 minutos"},"schema":{"@context":"https:\/\/schema.org","@graph":[{"@type":"Article","@id":"https:\/\/radiolifefm.com.br\/noticias\/prefeitura-de-adamantina-lanca-plano-municipal-da-primeira-infancia\/#article","isPartOf":{"@id":"https:\/\/radiolifefm.com.br\/noticias\/prefeitura-de-adamantina-lanca-plano-municipal-da-primeira-infancia\/"},"author":{"name":"ritanery","@id":"https:\/\/radiolifefm.com.br\/noticias\/#\/schema\/person\/6339b9fac59d12b071dec680d7375d87"},"headline":"Prefeitura de Adamantina lan\u00e7a Plano Municipal da Primeira Inf\u00e2ncia","datePublished":"2022-08-16T01:16:35+00:00","dateModified":"2026-03-20T23:09:28+00:00","mainEntityOfPage":{"@id":"https:\/\/radiolifefm.com.br\/noticias\/prefeitura-de-adamantina-lanca-plano-municipal-da-primeira-infancia\/"},"wordCount":362,"publisher":{"@id":"https:\/\/radiolifefm.com.br\/noticias\/#organization"},"image":{"@id":"https:\/\/radiolifefm.com.br\/noticias\/prefeitura-de-adamantina-lanca-plano-municipal-da-primeira-infancia\/#primaryimage"},"thumbnailUrl":"https:\/\/radiolifefm.com.br\/noticias\/wp-content\/uploads\/2022\/08\/download-1.jpeg","articleSection":["Adamantina"],"inLanguage":"pt-BR"},{"@type":"WebPage","@id":"https:\/\/radiolifefm.com.br\/noticias\/prefeitura-de-adamantina-lanca-plano-municipal-da-primeira-infancia\/","url":"https:\/\/radiolifefm.com.br\/noticias\/prefeitura-de-adamantina-lanca-plano-municipal-da-primeira-infancia\/","name":"Prefeitura de Adamantina lan\u00e7a Plano Municipal da Primeira Inf\u00e2ncia - R\u00e1dio Life FM","isPartOf":{"@id":"https:\/\/radiolifefm.com.br\/noticias\/#website"},"primaryImageOfPage":{"@id":"https:\/\/radiolifefm.com.br\/noticias\/prefeitura-de-adamantina-lanca-plano-municipal-da-primeira-infancia\/#primaryimage"},"image":{"@id":"https:\/\/radiolifefm.com.br\/noticias\/prefeitura-de-adamantina-lanca-plano-municipal-da-primeira-infancia\/#primaryimage"},"thumbnailUrl":"https:\/\/radiolifefm.com.br\/noticias\/wp-content\/uploads\/2022\/08\/download-1.jpeg","datePublished":"2022-08-16T01:16:35+00:00","dateModified":"2026-03-20T23:09:28+00:00","breadcrumb":{"@id":"https:\/\/radiolifefm.com.br\/noticias\/prefeitura-de-adamantina-lanca-plano-municipal-da-primeira-infancia\/#breadcrumb"},"inLanguage":"pt-BR","potentialAction":[{"@type":"ReadAction","target":["https:\/\/radiolifefm.com.br\/noticias\/prefeitura-de-adamantina-lanca-plano-municipal-da-primeira-infancia\/"]}]},{"@type":"ImageObject","inLanguage":"pt-BR","@id":"https:\/\/radiolifefm.com.br\/noticias\/prefeitura-de-adamantina-lanca-plano-municipal-da-primeira-infancia\/#primaryimage","url":"https:\/\/radiolifefm.com.br\/noticias\/wp-content\/uploads\/2022\/08\/download-1.jpeg","contentUrl":"https:\/\/radiolifefm.com.br\/noticias\/wp-content\/uploads\/2022\/08\/download-1.jpeg","width":333,"height":151},{"@type":"BreadcrumbList","@id":"https:\/\/radiolifefm.com.br\/noticias\/prefeitura-de-adamantina-lanca-plano-municipal-da-primeira-infancia\/#breadcrumb","itemListElement":[{"@type":"ListItem","position":1,"name":"In\u00edcio","item":"https:\/\/radiolifefm.com.br\/noticias\/"},{"@type":"ListItem","position":2,"name":"Prefeitura de Adamantina lan\u00e7a Plano Municipal da Primeira Inf\u00e2ncia"}]},{"@type":"WebSite","@id":"https:\/\/radiolifefm.com.br\/noticias\/#website","url":"https:\/\/radiolifefm.com.br\/noticias\/","name":"R\u00e1dio Life FM","description":"O Portal de Not\u00edcias de Adamantina","publisher":{"@id":"https:\/\/radiolifefm.com.br\/noticias\/#organization"},"alternateName":"Life FM","potentialAction":[{"@type":"SearchAction","target":{"@type":"EntryPoint","urlTemplate":"https:\/\/radiolifefm.com.br\/noticias\/?s={search_term_string}"},"query-input":{"@type":"PropertyValueSpecification","valueRequired":true,"valueName":"search_term_string"}}],"inLanguage":"pt-BR"},{"@type":"Organization","@id":"https:\/\/radiolifefm.com.br\/noticias\/#organization","name":"R\u00e1dio Life FM","alternateName":"Life FM","url":"https:\/\/radiolifefm.com.br\/noticias\/","logo":{"@type":"ImageObject","inLanguage":"pt-BR","@id":"https:\/\/radiolifefm.com.br\/noticias\/#\/schema\/logo\/image\/","url":"https:\/\/static.radiolifefm.com.br\/noticias\/wp-content\/uploads\/2019\/10\/logo-lifefm.png","contentUrl":"https:\/\/static.radiolifefm.com.br\/noticias\/wp-content\/uploads\/2019\/10\/logo-lifefm.png","width":196,"height":47,"caption":"R\u00e1dio Life FM"},"image":{"@id":"https:\/\/radiolifefm.com.br\/noticias\/#\/schema\/logo\/image\/"},"sameAs":["https:\/\/www.facebook.com\/radiolifefm\/","https:\/\/www.instagram.com\/life1079fm\/"]},{"@type":"Person","@id":"https:\/\/radiolifefm.com.br\/noticias\/#\/schema\/person\/6339b9fac59d12b071dec680d7375d87","name":"ritanery","image":{"@type":"ImageObject","inLanguage":"pt-BR","@id":"https:\/\/secure.gravatar.com\/avatar\/0e37bb19071f47c0b8a23f62a903df117c5a0e75f65a0c2901562f97cd41cf86?s=96&d=mm&r=g","url":"https:\/\/secure.gravatar.com\/avatar\/0e37bb19071f47c0b8a23f62a903df117c5a0e75f65a0c2901562f97cd41cf86?s=96&d=mm&r=g","contentUrl":"https:\/\/secure.gravatar.com\/avatar\/0e37bb19071f47c0b8a23f62a903df117c5a0e75f65a0c2901562f97cd41cf86?s=96&d=mm&r=g","caption":"ritanery"}}]}},"amp_enabled":true,"_links":{"self":[{"href":"https:\/\/radiolifefm.com.br\/noticias\/wp-json\/wp\/v2\/posts\/57010","targetHints":{"allow":["GET"]}}],"collection":[{"href":"https:\/\/radiolifefm.com.br\/noticias\/wp-json\/wp\/v2\/posts"}],"about":[{"href":"https:\/\/radiolifefm.com.br\/noticias\/wp-json\/wp\/v2\/types\/post"}],"author":[{"embeddable":true,"href":"https:\/\/radiolifefm.com.br\/noticias\/wp-json\/wp\/v2\/users\/13"}],"replies":[{"embeddable":true,"href":"https:\/\/radiolifefm.com.br\/noticias\/wp-json\/wp\/v2\/comments?post=57010"}],"version-history":[{"count":4,"href":"https:\/\/radiolifefm.com.br\/noticias\/wp-json\/wp\/v2\/posts\/57010\/revisions"}],"predecessor-version":[{"id":57015,"href":"https:\/\/radiolifefm.com.br\/noticias\/wp-json\/wp\/v2\/posts\/57010\/revisions\/57015"}],"wp:featuredmedia":[{"embeddable":true,"href":"https:\/\/radiolifefm.com.br\/noticias\/wp-json\/wp\/v2\/media\/57011"}],"wp:attachment":[{"href":"https:\/\/radiolifefm.com.br\/noticias\/wp-json\/wp\/v2\/media?parent=57010"}],"wp:term":[{"taxonomy":"category","embeddable":true,"href":"https:\/\/radiolifefm.com.br\/noticias\/wp-json\/wp\/v2\/categories?post=57010"},{"taxonomy":"post_tag","embeddable":true,"href":"https:\/\/radiolifefm.com.br\/noticias\/wp-json\/wp\/v2\/tags?post=57010"}],"curies":[{"name":"wp","href":"https:\/\/api.w.org\/{rel}","templated":true}]}}