{"id":57004,"date":"2022-08-15T22:13:02","date_gmt":"2022-08-16T01:13:02","guid":{"rendered":"https:\/\/radiolifefm.com.br\/noticias\/?p=57004"},"modified":"2026-04-07T00:31:14","modified_gmt":"2026-04-07T03:31:14","slug":"show-de-fafa-de-belem-encerra-a-virada-sp-em-adamantina","status":"publish","type":"post","link":"https:\/\/radiolifefm.com.br\/noticias\/show-de-fafa-de-belem-encerra-a-virada-sp-em-adamantina\/","title":{"rendered":"Show de Faf\u00e1 de Bel\u00e9m encerra a Virada SP em Adamantina"},"content":{"rendered":"<div id=\"fb-root\"><\/div>\n<p style=\"font-weight: 400\">Adamantina \u201cvirou\u201d a capital cultural de S\u00e3o Paulo no final de semana. A cidade foi a primeira do estado a receber a Virada SP que durou 24 horas, tendo in\u00edcio no s\u00e1bado (13) e encerrando no domingo (14) com o show de Faf\u00e1 de Bel\u00e9m que lotou o Parque dos Pioneiros e encerrou a programa\u00e7\u00e3o que chegou \u00e0 cidade pela primeira vez.<\/p>\n<p style=\"font-weight: 400\">Os shows que fizeram parte da programa\u00e7\u00e3o foram: Odair Jos\u00e9, Tassia Reis e Mar\u00edlia Lopes, que abriu a Virada SP no s\u00e1bado no Anfiteatro Municipal Fernando Paloni.<\/p>\n<p style=\"font-weight: 400\">A pra\u00e7a \u00c9lio Micheloni, tamb\u00e9m recebeu a apresenta\u00e7\u00e3o da Jazz na Kombi e, ainda, Jazz Band Forr\u00f3 na Pista e o Projeto Symbiosis.<\/p>\n<p style=\"font-weight: 400\">A estrutura ainda contou com dois palcos no Parque dos Pioneiros que receberam Banda Sem Limites, Mamom, Estilo Atrevido, Los Kandangos, Clube do Balan\u00e7o e Allan e Z\u00e9 Rodrigo.<\/p>\n<p style=\"font-weight: 400\">A Feira Camale\u00e3o tamb\u00e9m esteve presente com Food Trucks, Moda, Gastronomia, Artesanato, Decora\u00e7\u00e3o e Utilidades, Bem Estar, Kids, Acess\u00f3rios.<\/p>\n<p style=\"font-weight: 400\">O secret\u00e1rio de Cultura e Turismo, S\u00e9rgio Vanderlei de Silva, afirmou que esse foi o presente que o Governo do Estado de S\u00e3o Paulo destinou ao munic\u00edpio.<\/p>\n<p style=\"font-weight: 400\">\u201cGostaria de agradecer ao Governo do Estado de S\u00e3o Paulo, ao governador Rodrigo Garcia e ao secret\u00e1rio de Cultura e Economia Criativa,\u00a0S\u00e9rgio S\u00e1 Leit\u00e3o, pela programa\u00e7\u00e3o e parabenizar o S\u00e9rgio Vanderlei pela apresenta\u00e7\u00e3o do projeto que fez com que Adamantina fosse uma das 22 cidades contempladas com a Virada SP\u201d, disse o prefeito M\u00e1rcio Cardim.<\/p>\n<p style=\"font-weight: 400\">As programa\u00e7\u00f5es culturais no munic\u00edpio continuam, pois a cidade recebe no final de semana o Circuito Sesc e a partir do dia 30 de agosto tem in\u00edcio a 30\u00aa ExpoVerde com shows todos os dias e entrada franca.<\/p>\n<p>&nbsp;<\/p>\n<p>Fonte: Assessoria de Imprensa<\/p>\n","protected":false},"excerpt":{"rendered":"<p>Adamantina \u201cvirou\u201d a capital cultural de S\u00e3o Paulo no final de semana. A cidade foi a primeira do estado a receber a Virada SP que durou 24 horas, tendo in\u00edcio no s\u00e1bado (13) e encerrando no domingo (14) com o show de Faf\u00e1 de Bel\u00e9m que lotou o Parque dos Pioneiros e encerrou a programa\u00e7\u00e3o [&hellip;]<\/p>\n","protected":false},"author":13,"featured_media":57005,"comment_status":"closed","ping_status":"open","sticky":false,"template":"","format":"standard","meta":{"_acf_changed":false,"_exactmetrics_skip_tracking":false,"_exactmetrics_sitenote_active":false,"_exactmetrics_sitenote_note":"","_exactmetrics_sitenote_category":0,"footnotes":""},"categories":[21],"tags":[],"class_list":["post-57004","post","type-post","status-publish","format-standard","has-post-thumbnail","hentry","category-adamantina"],"acf":[],"yoast_head":"<!-- This site is optimized with the Yoast SEO plugin v27.2 - https:\/\/yoast.com\/product\/yoast-seo-wordpress\/ -->\n<title>Show de Faf\u00e1 de Bel\u00e9m encerra a Virada SP em Adamantina - R\u00e1dio Life FM<\/title>\n<meta name=\"robots\" content=\"index, follow, max-snippet:-1, max-image-preview:large, max-video-preview:-1\" \/>\n<link rel=\"canonical\" href=\"https:\/\/radiolifefm.com.br\/noticias\/show-de-fafa-de-belem-encerra-a-virada-sp-em-adamantina\/\" \/>\n<meta property=\"og:locale\" content=\"pt_BR\" \/>\n<meta property=\"og:type\" content=\"article\" \/>\n<meta property=\"og:title\" content=\"Show de Faf\u00e1 de Bel\u00e9m encerra a Virada SP em Adamantina - R\u00e1dio Life FM\" \/>\n<meta property=\"og:description\" content=\"Adamantina \u201cvirou\u201d a capital cultural de S\u00e3o Paulo no final de semana. A cidade foi a primeira do estado a receber a Virada SP que durou 24 horas, tendo in\u00edcio no s\u00e1bado (13) e encerrando no domingo (14) com o show de Faf\u00e1 de Bel\u00e9m que lotou o Parque dos Pioneiros e encerrou a programa\u00e7\u00e3o [&hellip;]\" \/>\n<meta property=\"og:url\" content=\"https:\/\/radiolifefm.com.br\/noticias\/show-de-fafa-de-belem-encerra-a-virada-sp-em-adamantina\/\" \/>\n<meta property=\"og:site_name\" content=\"R\u00e1dio Life FM\" \/>\n<meta property=\"article:publisher\" content=\"https:\/\/www.facebook.com\/radiolifefm\/\" \/>\n<meta property=\"article:published_time\" content=\"2022-08-16T01:13:02+00:00\" \/>\n<meta property=\"article:modified_time\" content=\"2026-04-07T03:31:14+00:00\" \/>\n<meta property=\"og:image\" content=\"https:\/\/radiolifefm.com.br\/noticias\/wp-content\/uploads\/2022\/08\/foto-1.jpg\" \/>\n\t<meta property=\"og:image:width\" content=\"2452\" \/>\n\t<meta property=\"og:image:height\" content=\"1973\" \/>\n\t<meta property=\"og:image:type\" content=\"image\/jpeg\" \/>\n<meta name=\"author\" content=\"ritanery\" \/>\n<meta name=\"twitter:card\" content=\"summary_large_image\" \/>\n<meta name=\"twitter:label1\" content=\"Escrito por\" \/>\n\t<meta name=\"twitter:data1\" content=\"ritanery\" \/>\n\t<meta name=\"twitter:label2\" content=\"Est. tempo de leitura\" \/>\n\t<meta name=\"twitter:data2\" content=\"2 minutos\" \/>\n<script type=\"application\/ld+json\" class=\"yoast-schema-graph\">{\"@context\":\"https:\/\/schema.org\",\"@graph\":[{\"@type\":\"Article\",\"@id\":\"https:\/\/radiolifefm.com.br\/noticias\/show-de-fafa-de-belem-encerra-a-virada-sp-em-adamantina\/#article\",\"isPartOf\":{\"@id\":\"https:\/\/radiolifefm.com.br\/noticias\/show-de-fafa-de-belem-encerra-a-virada-sp-em-adamantina\/\"},\"author\":{\"name\":\"ritanery\",\"@id\":\"https:\/\/radiolifefm.com.br\/noticias\/#\/schema\/person\/6339b9fac59d12b071dec680d7375d87\"},\"headline\":\"Show de Faf\u00e1 de Bel\u00e9m encerra a Virada SP em Adamantina\",\"datePublished\":\"2022-08-16T01:13:02+00:00\",\"dateModified\":\"2026-04-07T03:31:14+00:00\",\"mainEntityOfPage\":{\"@id\":\"https:\/\/radiolifefm.com.br\/noticias\/show-de-fafa-de-belem-encerra-a-virada-sp-em-adamantina\/\"},\"wordCount\":322,\"publisher\":{\"@id\":\"https:\/\/radiolifefm.com.br\/noticias\/#organization\"},\"image\":{\"@id\":\"https:\/\/radiolifefm.com.br\/noticias\/show-de-fafa-de-belem-encerra-a-virada-sp-em-adamantina\/#primaryimage\"},\"thumbnailUrl\":\"https:\/\/radiolifefm.com.br\/noticias\/wp-content\/uploads\/2022\/08\/foto-1.jpg\",\"articleSection\":[\"Adamantina\"],\"inLanguage\":\"pt-BR\"},{\"@type\":\"WebPage\",\"@id\":\"https:\/\/radiolifefm.com.br\/noticias\/show-de-fafa-de-belem-encerra-a-virada-sp-em-adamantina\/\",\"url\":\"https:\/\/radiolifefm.com.br\/noticias\/show-de-fafa-de-belem-encerra-a-virada-sp-em-adamantina\/\",\"name\":\"Show de Faf\u00e1 de Bel\u00e9m encerra a Virada SP em Adamantina - R\u00e1dio Life FM\",\"isPartOf\":{\"@id\":\"https:\/\/radiolifefm.com.br\/noticias\/#website\"},\"primaryImageOfPage\":{\"@id\":\"https:\/\/radiolifefm.com.br\/noticias\/show-de-fafa-de-belem-encerra-a-virada-sp-em-adamantina\/#primaryimage\"},\"image\":{\"@id\":\"https:\/\/radiolifefm.com.br\/noticias\/show-de-fafa-de-belem-encerra-a-virada-sp-em-adamantina\/#primaryimage\"},\"thumbnailUrl\":\"https:\/\/radiolifefm.com.br\/noticias\/wp-content\/uploads\/2022\/08\/foto-1.jpg\",\"datePublished\":\"2022-08-16T01:13:02+00:00\",\"dateModified\":\"2026-04-07T03:31:14+00:00\",\"breadcrumb\":{\"@id\":\"https:\/\/radiolifefm.com.br\/noticias\/show-de-fafa-de-belem-encerra-a-virada-sp-em-adamantina\/#breadcrumb\"},\"inLanguage\":\"pt-BR\",\"potentialAction\":[{\"@type\":\"ReadAction\",\"target\":[\"https:\/\/radiolifefm.com.br\/noticias\/show-de-fafa-de-belem-encerra-a-virada-sp-em-adamantina\/\"]}]},{\"@type\":\"ImageObject\",\"inLanguage\":\"pt-BR\",\"@id\":\"https:\/\/radiolifefm.com.br\/noticias\/show-de-fafa-de-belem-encerra-a-virada-sp-em-adamantina\/#primaryimage\",\"url\":\"https:\/\/radiolifefm.com.br\/noticias\/wp-content\/uploads\/2022\/08\/foto-1.jpg\",\"contentUrl\":\"https:\/\/radiolifefm.com.br\/noticias\/wp-content\/uploads\/2022\/08\/foto-1.jpg\",\"width\":2452,\"height\":1973,\"caption\":\"Munic\u00edpio recebeu a iniciativa do Governo do Estado pela primeira vez\"},{\"@type\":\"BreadcrumbList\",\"@id\":\"https:\/\/radiolifefm.com.br\/noticias\/show-de-fafa-de-belem-encerra-a-virada-sp-em-adamantina\/#breadcrumb\",\"itemListElement\":[{\"@type\":\"ListItem\",\"position\":1,\"name\":\"In\u00edcio\",\"item\":\"https:\/\/radiolifefm.com.br\/noticias\/\"},{\"@type\":\"ListItem\",\"position\":2,\"name\":\"Show de Faf\u00e1 de Bel\u00e9m encerra a Virada SP em Adamantina\"}]},{\"@type\":\"WebSite\",\"@id\":\"https:\/\/radiolifefm.com.br\/noticias\/#website\",\"url\":\"https:\/\/radiolifefm.com.br\/noticias\/\",\"name\":\"R\u00e1dio Life FM\",\"description\":\"O Portal de Not\u00edcias de Adamantina\",\"publisher\":{\"@id\":\"https:\/\/radiolifefm.com.br\/noticias\/#organization\"},\"alternateName\":\"Life FM\",\"potentialAction\":[{\"@type\":\"SearchAction\",\"target\":{\"@type\":\"EntryPoint\",\"urlTemplate\":\"https:\/\/radiolifefm.com.br\/noticias\/?s={search_term_string}\"},\"query-input\":{\"@type\":\"PropertyValueSpecification\",\"valueRequired\":true,\"valueName\":\"search_term_string\"}}],\"inLanguage\":\"pt-BR\"},{\"@type\":\"Organization\",\"@id\":\"https:\/\/radiolifefm.com.br\/noticias\/#organization\",\"name\":\"R\u00e1dio Life FM\",\"alternateName\":\"Life FM\",\"url\":\"https:\/\/radiolifefm.com.br\/noticias\/\",\"logo\":{\"@type\":\"ImageObject\",\"inLanguage\":\"pt-BR\",\"@id\":\"https:\/\/radiolifefm.com.br\/noticias\/#\/schema\/logo\/image\/\",\"url\":\"https:\/\/static.radiolifefm.com.br\/noticias\/wp-content\/uploads\/2019\/10\/logo-lifefm.png\",\"contentUrl\":\"https:\/\/static.radiolifefm.com.br\/noticias\/wp-content\/uploads\/2019\/10\/logo-lifefm.png\",\"width\":196,\"height\":47,\"caption\":\"R\u00e1dio Life FM\"},\"image\":{\"@id\":\"https:\/\/radiolifefm.com.br\/noticias\/#\/schema\/logo\/image\/\"},\"sameAs\":[\"https:\/\/www.facebook.com\/radiolifefm\/\",\"https:\/\/www.instagram.com\/life1079fm\/\"]},{\"@type\":\"Person\",\"@id\":\"https:\/\/radiolifefm.com.br\/noticias\/#\/schema\/person\/6339b9fac59d12b071dec680d7375d87\",\"name\":\"ritanery\",\"image\":{\"@type\":\"ImageObject\",\"inLanguage\":\"pt-BR\",\"@id\":\"https:\/\/secure.gravatar.com\/avatar\/0e37bb19071f47c0b8a23f62a903df117c5a0e75f65a0c2901562f97cd41cf86?s=96&d=mm&r=g\",\"url\":\"https:\/\/secure.gravatar.com\/avatar\/0e37bb19071f47c0b8a23f62a903df117c5a0e75f65a0c2901562f97cd41cf86?s=96&d=mm&r=g\",\"contentUrl\":\"https:\/\/secure.gravatar.com\/avatar\/0e37bb19071f47c0b8a23f62a903df117c5a0e75f65a0c2901562f97cd41cf86?s=96&d=mm&r=g\",\"caption\":\"ritanery\"}}]}<\/script>\n<!-- \/ Yoast SEO plugin. -->","yoast_head_json":{"title":"Show de Faf\u00e1 de Bel\u00e9m encerra a Virada SP em Adamantina - R\u00e1dio Life FM","robots":{"index":"index","follow":"follow","max-snippet":"max-snippet:-1","max-image-preview":"max-image-preview:large","max-video-preview":"max-video-preview:-1"},"canonical":"https:\/\/radiolifefm.com.br\/noticias\/show-de-fafa-de-belem-encerra-a-virada-sp-em-adamantina\/","og_locale":"pt_BR","og_type":"article","og_title":"Show de Faf\u00e1 de Bel\u00e9m encerra a Virada SP em Adamantina - R\u00e1dio Life FM","og_description":"Adamantina \u201cvirou\u201d a capital cultural de S\u00e3o Paulo no final de semana. A cidade foi a primeira do estado a receber a Virada SP que durou 24 horas, tendo in\u00edcio no s\u00e1bado (13) e encerrando no domingo (14) com o show de Faf\u00e1 de Bel\u00e9m que lotou o Parque dos Pioneiros e encerrou a programa\u00e7\u00e3o [&hellip;]","og_url":"https:\/\/radiolifefm.com.br\/noticias\/show-de-fafa-de-belem-encerra-a-virada-sp-em-adamantina\/","og_site_name":"R\u00e1dio Life FM","article_publisher":"https:\/\/www.facebook.com\/radiolifefm\/","article_published_time":"2022-08-16T01:13:02+00:00","article_modified_time":"2026-04-07T03:31:14+00:00","og_image":[{"width":2452,"height":1973,"url":"https:\/\/radiolifefm.com.br\/noticias\/wp-content\/uploads\/2022\/08\/foto-1.jpg","type":"image\/jpeg"}],"author":"ritanery","twitter_card":"summary_large_image","twitter_misc":{"Escrito por":"ritanery","Est. tempo de leitura":"2 minutos"},"schema":{"@context":"https:\/\/schema.org","@graph":[{"@type":"Article","@id":"https:\/\/radiolifefm.com.br\/noticias\/show-de-fafa-de-belem-encerra-a-virada-sp-em-adamantina\/#article","isPartOf":{"@id":"https:\/\/radiolifefm.com.br\/noticias\/show-de-fafa-de-belem-encerra-a-virada-sp-em-adamantina\/"},"author":{"name":"ritanery","@id":"https:\/\/radiolifefm.com.br\/noticias\/#\/schema\/person\/6339b9fac59d12b071dec680d7375d87"},"headline":"Show de Faf\u00e1 de Bel\u00e9m encerra a Virada SP em Adamantina","datePublished":"2022-08-16T01:13:02+00:00","dateModified":"2026-04-07T03:31:14+00:00","mainEntityOfPage":{"@id":"https:\/\/radiolifefm.com.br\/noticias\/show-de-fafa-de-belem-encerra-a-virada-sp-em-adamantina\/"},"wordCount":322,"publisher":{"@id":"https:\/\/radiolifefm.com.br\/noticias\/#organization"},"image":{"@id":"https:\/\/radiolifefm.com.br\/noticias\/show-de-fafa-de-belem-encerra-a-virada-sp-em-adamantina\/#primaryimage"},"thumbnailUrl":"https:\/\/radiolifefm.com.br\/noticias\/wp-content\/uploads\/2022\/08\/foto-1.jpg","articleSection":["Adamantina"],"inLanguage":"pt-BR"},{"@type":"WebPage","@id":"https:\/\/radiolifefm.com.br\/noticias\/show-de-fafa-de-belem-encerra-a-virada-sp-em-adamantina\/","url":"https:\/\/radiolifefm.com.br\/noticias\/show-de-fafa-de-belem-encerra-a-virada-sp-em-adamantina\/","name":"Show de Faf\u00e1 de Bel\u00e9m encerra a Virada SP em Adamantina - R\u00e1dio Life FM","isPartOf":{"@id":"https:\/\/radiolifefm.com.br\/noticias\/#website"},"primaryImageOfPage":{"@id":"https:\/\/radiolifefm.com.br\/noticias\/show-de-fafa-de-belem-encerra-a-virada-sp-em-adamantina\/#primaryimage"},"image":{"@id":"https:\/\/radiolifefm.com.br\/noticias\/show-de-fafa-de-belem-encerra-a-virada-sp-em-adamantina\/#primaryimage"},"thumbnailUrl":"https:\/\/radiolifefm.com.br\/noticias\/wp-content\/uploads\/2022\/08\/foto-1.jpg","datePublished":"2022-08-16T01:13:02+00:00","dateModified":"2026-04-07T03:31:14+00:00","breadcrumb":{"@id":"https:\/\/radiolifefm.com.br\/noticias\/show-de-fafa-de-belem-encerra-a-virada-sp-em-adamantina\/#breadcrumb"},"inLanguage":"pt-BR","potentialAction":[{"@type":"ReadAction","target":["https:\/\/radiolifefm.com.br\/noticias\/show-de-fafa-de-belem-encerra-a-virada-sp-em-adamantina\/"]}]},{"@type":"ImageObject","inLanguage":"pt-BR","@id":"https:\/\/radiolifefm.com.br\/noticias\/show-de-fafa-de-belem-encerra-a-virada-sp-em-adamantina\/#primaryimage","url":"https:\/\/radiolifefm.com.br\/noticias\/wp-content\/uploads\/2022\/08\/foto-1.jpg","contentUrl":"https:\/\/radiolifefm.com.br\/noticias\/wp-content\/uploads\/2022\/08\/foto-1.jpg","width":2452,"height":1973,"caption":"Munic\u00edpio recebeu a iniciativa do Governo do Estado pela primeira vez"},{"@type":"BreadcrumbList","@id":"https:\/\/radiolifefm.com.br\/noticias\/show-de-fafa-de-belem-encerra-a-virada-sp-em-adamantina\/#breadcrumb","itemListElement":[{"@type":"ListItem","position":1,"name":"In\u00edcio","item":"https:\/\/radiolifefm.com.br\/noticias\/"},{"@type":"ListItem","position":2,"name":"Show de Faf\u00e1 de Bel\u00e9m encerra a Virada SP em Adamantina"}]},{"@type":"WebSite","@id":"https:\/\/radiolifefm.com.br\/noticias\/#website","url":"https:\/\/radiolifefm.com.br\/noticias\/","name":"R\u00e1dio Life FM","description":"O Portal de Not\u00edcias de Adamantina","publisher":{"@id":"https:\/\/radiolifefm.com.br\/noticias\/#organization"},"alternateName":"Life FM","potentialAction":[{"@type":"SearchAction","target":{"@type":"EntryPoint","urlTemplate":"https:\/\/radiolifefm.com.br\/noticias\/?s={search_term_string}"},"query-input":{"@type":"PropertyValueSpecification","valueRequired":true,"valueName":"search_term_string"}}],"inLanguage":"pt-BR"},{"@type":"Organization","@id":"https:\/\/radiolifefm.com.br\/noticias\/#organization","name":"R\u00e1dio Life FM","alternateName":"Life FM","url":"https:\/\/radiolifefm.com.br\/noticias\/","logo":{"@type":"ImageObject","inLanguage":"pt-BR","@id":"https:\/\/radiolifefm.com.br\/noticias\/#\/schema\/logo\/image\/","url":"https:\/\/static.radiolifefm.com.br\/noticias\/wp-content\/uploads\/2019\/10\/logo-lifefm.png","contentUrl":"https:\/\/static.radiolifefm.com.br\/noticias\/wp-content\/uploads\/2019\/10\/logo-lifefm.png","width":196,"height":47,"caption":"R\u00e1dio Life FM"},"image":{"@id":"https:\/\/radiolifefm.com.br\/noticias\/#\/schema\/logo\/image\/"},"sameAs":["https:\/\/www.facebook.com\/radiolifefm\/","https:\/\/www.instagram.com\/life1079fm\/"]},{"@type":"Person","@id":"https:\/\/radiolifefm.com.br\/noticias\/#\/schema\/person\/6339b9fac59d12b071dec680d7375d87","name":"ritanery","image":{"@type":"ImageObject","inLanguage":"pt-BR","@id":"https:\/\/secure.gravatar.com\/avatar\/0e37bb19071f47c0b8a23f62a903df117c5a0e75f65a0c2901562f97cd41cf86?s=96&d=mm&r=g","url":"https:\/\/secure.gravatar.com\/avatar\/0e37bb19071f47c0b8a23f62a903df117c5a0e75f65a0c2901562f97cd41cf86?s=96&d=mm&r=g","contentUrl":"https:\/\/secure.gravatar.com\/avatar\/0e37bb19071f47c0b8a23f62a903df117c5a0e75f65a0c2901562f97cd41cf86?s=96&d=mm&r=g","caption":"ritanery"}}]}},"amp_enabled":true,"_links":{"self":[{"href":"https:\/\/radiolifefm.com.br\/noticias\/wp-json\/wp\/v2\/posts\/57004","targetHints":{"allow":["GET"]}}],"collection":[{"href":"https:\/\/radiolifefm.com.br\/noticias\/wp-json\/wp\/v2\/posts"}],"about":[{"href":"https:\/\/radiolifefm.com.br\/noticias\/wp-json\/wp\/v2\/types\/post"}],"author":[{"embeddable":true,"href":"https:\/\/radiolifefm.com.br\/noticias\/wp-json\/wp\/v2\/users\/13"}],"replies":[{"embeddable":true,"href":"https:\/\/radiolifefm.com.br\/noticias\/wp-json\/wp\/v2\/comments?post=57004"}],"version-history":[{"count":4,"href":"https:\/\/radiolifefm.com.br\/noticias\/wp-json\/wp\/v2\/posts\/57004\/revisions"}],"predecessor-version":[{"id":57009,"href":"https:\/\/radiolifefm.com.br\/noticias\/wp-json\/wp\/v2\/posts\/57004\/revisions\/57009"}],"wp:featuredmedia":[{"embeddable":true,"href":"https:\/\/radiolifefm.com.br\/noticias\/wp-json\/wp\/v2\/media\/57005"}],"wp:attachment":[{"href":"https:\/\/radiolifefm.com.br\/noticias\/wp-json\/wp\/v2\/media?parent=57004"}],"wp:term":[{"taxonomy":"category","embeddable":true,"href":"https:\/\/radiolifefm.com.br\/noticias\/wp-json\/wp\/v2\/categories?post=57004"},{"taxonomy":"post_tag","embeddable":true,"href":"https:\/\/radiolifefm.com.br\/noticias\/wp-json\/wp\/v2\/tags?post=57004"}],"curies":[{"name":"wp","href":"https:\/\/api.w.org\/{rel}","templated":true}]}}