{"id":56921,"date":"2022-08-13T21:14:34","date_gmt":"2022-08-14T00:14:34","guid":{"rendered":"https:\/\/radiolifefm.com.br\/noticias\/?p=56921"},"modified":"2026-03-04T19:27:28","modified_gmt":"2026-03-04T22:27:28","slug":"a-the-best-acai-esta-preparadissima-para-a-virada-sp-nos-proximos-dias-13-e-14-no-parque-dos-pioneiros-em-adamamtina","status":"publish","type":"post","link":"https:\/\/radiolifefm.com.br\/noticias\/a-the-best-acai-esta-preparadissima-para-a-virada-sp-nos-proximos-dias-13-e-14-no-parque-dos-pioneiros-em-adamamtina\/","title":{"rendered":"A The Best A\u00e7a\u00ed est\u00e1 preparadissima para a Virada SP nos pr\u00f3ximos dias 13 e 14 no parque dos pioneiros em Adamamtina."},"content":{"rendered":"<div id=\"fb-root\"><\/div>\n<p>Nossa equipe est\u00e1 com sorrisos no rosto, nossas del\u00edcias est\u00e3o a sua disposi\u00e7\u00e3o para voc\u00ea fazer do seu jeito.<br \/>\nNa The Best A\u00e7a\u00ed voc\u00ea prepara o a\u00e7a\u00ed, o sorvete as frutas, os recheios cremosos e l\u00edquidos tudo do seu jeito na quantidade que quiser livremente, temos v\u00e1rios recipientes de formas e tamanhos diferentes para, montou, saboreie.<\/p>\n<p>Al\u00e9m de todas del\u00edcias o local \u00e9 lindo, aconchegante e climatizado, ideal para voc\u00ea curtir com amigos e familiares e tirar aquela fotos maneiras.<\/p>\n<p>A virada SP \u00e9 o Evento cultural mais importante do estado de SP n\u00f3s estamos felizes em receber todos e vamos atender em hor\u00e1rio especial s\u00e1bado dia 13\/08 das 11h as 00hs e no domingo das 11h as 23h.<\/p>\n<p>Estamos ansiosos para receber a todos na rua Prefeito Ant\u00f4nio Cescon 40 Porque dos Pioneiros<br \/>\nFone: 9981 132217<\/p>\n<p>&nbsp;<\/p>\n<p><img loading=\"lazy\" decoding=\"async\" class=\"alignnone size-medium wp-image-56923\" src=\"https:\/\/static.radiolifefm.com.br\/wp-content\/uploads\/sites\/2\/2022\/08\/IMG-20220813-WA0072-248x300.jpg\" alt=\"\" width=\"248\" height=\"300\" srcset=\"https:\/\/radiolifefm.com.br\/noticias\/wp-content\/uploads\/2022\/08\/IMG-20220813-WA0072-248x300.jpg 248w, https:\/\/radiolifefm.com.br\/noticias\/wp-content\/uploads\/2022\/08\/IMG-20220813-WA0072-845x1024.jpg 845w, https:\/\/radiolifefm.com.br\/noticias\/wp-content\/uploads\/2022\/08\/IMG-20220813-WA0072-768x931.jpg 768w, https:\/\/radiolifefm.com.br\/noticias\/wp-content\/uploads\/2022\/08\/IMG-20220813-WA0072.jpg 1056w\" sizes=\"auto, (max-width: 248px) 100vw, 248px\" \/> <img loading=\"lazy\" decoding=\"async\" class=\"alignnone size-medium wp-image-56924\" src=\"https:\/\/static.radiolifefm.com.br\/wp-content\/uploads\/sites\/2\/2022\/08\/IMG-20220813-WA0071-300x196.jpg\" alt=\"\" width=\"300\" height=\"196\" srcset=\"https:\/\/radiolifefm.com.br\/noticias\/wp-content\/uploads\/2022\/08\/IMG-20220813-WA0071-300x196.jpg 300w, https:\/\/radiolifefm.com.br\/noticias\/wp-content\/uploads\/2022\/08\/IMG-20220813-WA0071-1024x669.jpg 1024w, https:\/\/radiolifefm.com.br\/noticias\/wp-content\/uploads\/2022\/08\/IMG-20220813-WA0071-768x502.jpg 768w, https:\/\/radiolifefm.com.br\/noticias\/wp-content\/uploads\/2022\/08\/IMG-20220813-WA0071.jpg 1080w\" sizes=\"auto, (max-width: 300px) 100vw, 300px\" \/> <img loading=\"lazy\" decoding=\"async\" class=\"alignnone size-medium wp-image-56925\" src=\"https:\/\/static.radiolifefm.com.br\/wp-content\/uploads\/sites\/2\/2022\/08\/IMG-20220813-WA0050-300x210.jpg\" alt=\"\" width=\"300\" height=\"210\" srcset=\"https:\/\/radiolifefm.com.br\/noticias\/wp-content\/uploads\/2022\/08\/IMG-20220813-WA0050-300x210.jpg 300w, https:\/\/radiolifefm.com.br\/noticias\/wp-content\/uploads\/2022\/08\/IMG-20220813-WA0050-768x537.jpg 768w, https:\/\/radiolifefm.com.br\/noticias\/wp-content\/uploads\/2022\/08\/IMG-20220813-WA0050.jpg 999w\" sizes=\"auto, (max-width: 300px) 100vw, 300px\" \/> <img loading=\"lazy\" decoding=\"async\" class=\"alignnone size-medium wp-image-56926\" src=\"https:\/\/static.radiolifefm.com.br\/wp-content\/uploads\/sites\/2\/2022\/08\/IMG-20220813-WA0051-187x300.jpg\" alt=\"\" width=\"187\" height=\"300\" srcset=\"https:\/\/radiolifefm.com.br\/noticias\/wp-content\/uploads\/2022\/08\/IMG-20220813-WA0051-187x300.jpg 187w, https:\/\/radiolifefm.com.br\/noticias\/wp-content\/uploads\/2022\/08\/IMG-20220813-WA0051-639x1024.jpg 639w, https:\/\/radiolifefm.com.br\/noticias\/wp-content\/uploads\/2022\/08\/IMG-20220813-WA0051.jpg 668w\" sizes=\"auto, (max-width: 187px) 100vw, 187px\" \/> <img loading=\"lazy\" decoding=\"async\" class=\"alignnone size-medium wp-image-56927\" src=\"https:\/\/static.radiolifefm.com.br\/wp-content\/uploads\/sites\/2\/2022\/08\/IMG-20220813-WA0052-300x184.jpg\" alt=\"\" width=\"300\" height=\"184\" srcset=\"https:\/\/radiolifefm.com.br\/noticias\/wp-content\/uploads\/2022\/08\/IMG-20220813-WA0052-300x184.jpg 300w, https:\/\/radiolifefm.com.br\/noticias\/wp-content\/uploads\/2022\/08\/IMG-20220813-WA0052-1024x629.jpg 1024w, https:\/\/radiolifefm.com.br\/noticias\/wp-content\/uploads\/2022\/08\/IMG-20220813-WA0052-768x471.jpg 768w, https:\/\/radiolifefm.com.br\/noticias\/wp-content\/uploads\/2022\/08\/IMG-20220813-WA0052.jpg 1080w\" sizes=\"auto, (max-width: 300px) 100vw, 300px\" \/> <img loading=\"lazy\" decoding=\"async\" class=\"alignnone size-medium wp-image-56928\" src=\"https:\/\/static.radiolifefm.com.br\/wp-content\/uploads\/sites\/2\/2022\/08\/IMG-20220813-WA0053-243x300.jpg\" alt=\"\" width=\"243\" height=\"300\" srcset=\"https:\/\/radiolifefm.com.br\/noticias\/wp-content\/uploads\/2022\/08\/IMG-20220813-WA0053-243x300.jpg 243w, https:\/\/radiolifefm.com.br\/noticias\/wp-content\/uploads\/2022\/08\/IMG-20220813-WA0053-829x1024.jpg 829w, https:\/\/radiolifefm.com.br\/noticias\/wp-content\/uploads\/2022\/08\/IMG-20220813-WA0053-768x949.jpg 768w, https:\/\/radiolifefm.com.br\/noticias\/wp-content\/uploads\/2022\/08\/IMG-20220813-WA0053.jpg 1036w\" sizes=\"auto, (max-width: 243px) 100vw, 243px\" \/> <img loading=\"lazy\" decoding=\"async\" class=\"alignnone size-medium wp-image-56929\" src=\"https:\/\/static.radiolifefm.com.br\/wp-content\/uploads\/sites\/2\/2022\/08\/IMG-20220813-WA0047-300x169.jpg\" alt=\"\" width=\"300\" height=\"169\" srcset=\"https:\/\/radiolifefm.com.br\/noticias\/wp-content\/uploads\/2022\/08\/IMG-20220813-WA0047-300x169.jpg 300w, https:\/\/radiolifefm.com.br\/noticias\/wp-content\/uploads\/2022\/08\/IMG-20220813-WA0047.jpg 720w\" sizes=\"auto, (max-width: 300px) 100vw, 300px\" \/> <img loading=\"lazy\" decoding=\"async\" class=\"alignnone size-medium wp-image-56930\" src=\"https:\/\/static.radiolifefm.com.br\/wp-content\/uploads\/sites\/2\/2022\/08\/IMG-20220813-WA0048-300x196.jpg\" alt=\"\" width=\"300\" height=\"196\" srcset=\"https:\/\/radiolifefm.com.br\/noticias\/wp-content\/uploads\/2022\/08\/IMG-20220813-WA0048-300x196.jpg 300w, https:\/\/radiolifefm.com.br\/noticias\/wp-content\/uploads\/2022\/08\/IMG-20220813-WA0048-1024x667.jpg 1024w, https:\/\/radiolifefm.com.br\/noticias\/wp-content\/uploads\/2022\/08\/IMG-20220813-WA0048-768x501.jpg 768w, https:\/\/radiolifefm.com.br\/noticias\/wp-content\/uploads\/2022\/08\/IMG-20220813-WA0048.jpg 1080w\" sizes=\"auto, (max-width: 300px) 100vw, 300px\" \/> <img loading=\"lazy\" decoding=\"async\" class=\"alignnone size-medium wp-image-56931\" src=\"https:\/\/static.radiolifefm.com.br\/wp-content\/uploads\/sites\/2\/2022\/08\/IMG-20220813-WA0049-240x300.jpg\" alt=\"\" width=\"240\" height=\"300\" srcset=\"https:\/\/radiolifefm.com.br\/noticias\/wp-content\/uploads\/2022\/08\/IMG-20220813-WA0049-240x300.jpg 240w, https:\/\/radiolifefm.com.br\/noticias\/wp-content\/uploads\/2022\/08\/IMG-20220813-WA0049.jpg 720w\" sizes=\"auto, (max-width: 240px) 100vw, 240px\" \/>de<\/p>\n","protected":false},"excerpt":{"rendered":"<p>Nossa equipe est\u00e1 com sorrisos no rosto, nossas del\u00edcias est\u00e3o a sua disposi\u00e7\u00e3o para voc\u00ea fazer do seu jeito. Na The Best A\u00e7a\u00ed voc\u00ea prepara o a\u00e7a\u00ed, o sorvete as frutas, os recheios cremosos e l\u00edquidos tudo do seu jeito na quantidade que quiser livremente, temos v\u00e1rios recipientes de formas e tamanhos diferentes para, montou, [&hellip;]<\/p>\n","protected":false},"author":13,"featured_media":56922,"comment_status":"closed","ping_status":"open","sticky":false,"template":"","format":"standard","meta":{"_acf_changed":false,"_exactmetrics_skip_tracking":false,"_exactmetrics_sitenote_active":false,"_exactmetrics_sitenote_note":"","_exactmetrics_sitenote_category":0,"footnotes":""},"categories":[21],"tags":[],"class_list":["post-56921","post","type-post","status-publish","format-standard","has-post-thumbnail","hentry","category-adamantina"],"acf":[],"yoast_head":"<!-- This site is optimized with the Yoast SEO plugin v27.2 - https:\/\/yoast.com\/product\/yoast-seo-wordpress\/ -->\n<title>A The Best A\u00e7a\u00ed est\u00e1 preparadissima para a Virada SP nos pr\u00f3ximos dias 13 e 14 no parque dos pioneiros em Adamamtina. - R\u00e1dio Life FM<\/title>\n<meta name=\"robots\" content=\"index, follow, max-snippet:-1, max-image-preview:large, max-video-preview:-1\" \/>\n<link rel=\"canonical\" href=\"https:\/\/radiolifefm.com.br\/noticias\/a-the-best-acai-esta-preparadissima-para-a-virada-sp-nos-proximos-dias-13-e-14-no-parque-dos-pioneiros-em-adamamtina\/\" \/>\n<meta property=\"og:locale\" content=\"pt_BR\" \/>\n<meta property=\"og:type\" content=\"article\" \/>\n<meta property=\"og:title\" content=\"A The Best A\u00e7a\u00ed est\u00e1 preparadissima para a Virada SP nos pr\u00f3ximos dias 13 e 14 no parque dos pioneiros em Adamamtina. - R\u00e1dio Life FM\" \/>\n<meta property=\"og:description\" content=\"Nossa equipe est\u00e1 com sorrisos no rosto, nossas del\u00edcias est\u00e3o a sua disposi\u00e7\u00e3o para voc\u00ea fazer do seu jeito. Na The Best A\u00e7a\u00ed voc\u00ea prepara o a\u00e7a\u00ed, o sorvete as frutas, os recheios cremosos e l\u00edquidos tudo do seu jeito na quantidade que quiser livremente, temos v\u00e1rios recipientes de formas e tamanhos diferentes para, montou, [&hellip;]\" \/>\n<meta property=\"og:url\" content=\"https:\/\/radiolifefm.com.br\/noticias\/a-the-best-acai-esta-preparadissima-para-a-virada-sp-nos-proximos-dias-13-e-14-no-parque-dos-pioneiros-em-adamamtina\/\" \/>\n<meta property=\"og:site_name\" content=\"R\u00e1dio Life FM\" \/>\n<meta property=\"article:publisher\" content=\"https:\/\/www.facebook.com\/radiolifefm\/\" \/>\n<meta property=\"article:published_time\" content=\"2022-08-14T00:14:34+00:00\" \/>\n<meta property=\"article:modified_time\" content=\"2026-03-04T22:27:28+00:00\" \/>\n<meta property=\"og:image\" content=\"https:\/\/radiolifefm.com.br\/noticias\/wp-content\/uploads\/2022\/08\/IMG-20220813-WA0044.jpg\" \/>\n\t<meta property=\"og:image:width\" content=\"720\" \/>\n\t<meta property=\"og:image:height\" content=\"720\" \/>\n\t<meta property=\"og:image:type\" content=\"image\/jpeg\" \/>\n<meta name=\"author\" content=\"ritanery\" \/>\n<meta name=\"twitter:card\" content=\"summary_large_image\" \/>\n<meta name=\"twitter:label1\" content=\"Escrito por\" \/>\n\t<meta name=\"twitter:data1\" content=\"ritanery\" \/>\n\t<meta name=\"twitter:label2\" content=\"Est. tempo de leitura\" \/>\n\t<meta name=\"twitter:data2\" content=\"3 minutos\" \/>\n<script type=\"application\/ld+json\" class=\"yoast-schema-graph\">{\"@context\":\"https:\/\/schema.org\",\"@graph\":[{\"@type\":\"Article\",\"@id\":\"https:\/\/radiolifefm.com.br\/noticias\/a-the-best-acai-esta-preparadissima-para-a-virada-sp-nos-proximos-dias-13-e-14-no-parque-dos-pioneiros-em-adamamtina\/#article\",\"isPartOf\":{\"@id\":\"https:\/\/radiolifefm.com.br\/noticias\/a-the-best-acai-esta-preparadissima-para-a-virada-sp-nos-proximos-dias-13-e-14-no-parque-dos-pioneiros-em-adamamtina\/\"},\"author\":{\"name\":\"ritanery\",\"@id\":\"https:\/\/radiolifefm.com.br\/noticias\/#\/schema\/person\/6339b9fac59d12b071dec680d7375d87\"},\"headline\":\"A The Best A\u00e7a\u00ed est\u00e1 preparadissima para a Virada SP nos pr\u00f3ximos dias 13 e 14 no parque dos pioneiros em Adamamtina.\",\"datePublished\":\"2022-08-14T00:14:34+00:00\",\"dateModified\":\"2026-03-04T22:27:28+00:00\",\"mainEntityOfPage\":{\"@id\":\"https:\/\/radiolifefm.com.br\/noticias\/a-the-best-acai-esta-preparadissima-para-a-virada-sp-nos-proximos-dias-13-e-14-no-parque-dos-pioneiros-em-adamamtina\/\"},\"wordCount\":168,\"publisher\":{\"@id\":\"https:\/\/radiolifefm.com.br\/noticias\/#organization\"},\"image\":{\"@id\":\"https:\/\/radiolifefm.com.br\/noticias\/a-the-best-acai-esta-preparadissima-para-a-virada-sp-nos-proximos-dias-13-e-14-no-parque-dos-pioneiros-em-adamamtina\/#primaryimage\"},\"thumbnailUrl\":\"https:\/\/radiolifefm.com.br\/noticias\/wp-content\/uploads\/2022\/08\/IMG-20220813-WA0044.jpg\",\"articleSection\":[\"Adamantina\"],\"inLanguage\":\"pt-BR\"},{\"@type\":\"WebPage\",\"@id\":\"https:\/\/radiolifefm.com.br\/noticias\/a-the-best-acai-esta-preparadissima-para-a-virada-sp-nos-proximos-dias-13-e-14-no-parque-dos-pioneiros-em-adamamtina\/\",\"url\":\"https:\/\/radiolifefm.com.br\/noticias\/a-the-best-acai-esta-preparadissima-para-a-virada-sp-nos-proximos-dias-13-e-14-no-parque-dos-pioneiros-em-adamamtina\/\",\"name\":\"A The Best A\u00e7a\u00ed est\u00e1 preparadissima para a Virada SP nos pr\u00f3ximos dias 13 e 14 no parque dos pioneiros em Adamamtina. - R\u00e1dio Life FM\",\"isPartOf\":{\"@id\":\"https:\/\/radiolifefm.com.br\/noticias\/#website\"},\"primaryImageOfPage\":{\"@id\":\"https:\/\/radiolifefm.com.br\/noticias\/a-the-best-acai-esta-preparadissima-para-a-virada-sp-nos-proximos-dias-13-e-14-no-parque-dos-pioneiros-em-adamamtina\/#primaryimage\"},\"image\":{\"@id\":\"https:\/\/radiolifefm.com.br\/noticias\/a-the-best-acai-esta-preparadissima-para-a-virada-sp-nos-proximos-dias-13-e-14-no-parque-dos-pioneiros-em-adamamtina\/#primaryimage\"},\"thumbnailUrl\":\"https:\/\/radiolifefm.com.br\/noticias\/wp-content\/uploads\/2022\/08\/IMG-20220813-WA0044.jpg\",\"datePublished\":\"2022-08-14T00:14:34+00:00\",\"dateModified\":\"2026-03-04T22:27:28+00:00\",\"breadcrumb\":{\"@id\":\"https:\/\/radiolifefm.com.br\/noticias\/a-the-best-acai-esta-preparadissima-para-a-virada-sp-nos-proximos-dias-13-e-14-no-parque-dos-pioneiros-em-adamamtina\/#breadcrumb\"},\"inLanguage\":\"pt-BR\",\"potentialAction\":[{\"@type\":\"ReadAction\",\"target\":[\"https:\/\/radiolifefm.com.br\/noticias\/a-the-best-acai-esta-preparadissima-para-a-virada-sp-nos-proximos-dias-13-e-14-no-parque-dos-pioneiros-em-adamamtina\/\"]}]},{\"@type\":\"ImageObject\",\"inLanguage\":\"pt-BR\",\"@id\":\"https:\/\/radiolifefm.com.br\/noticias\/a-the-best-acai-esta-preparadissima-para-a-virada-sp-nos-proximos-dias-13-e-14-no-parque-dos-pioneiros-em-adamamtina\/#primaryimage\",\"url\":\"https:\/\/radiolifefm.com.br\/noticias\/wp-content\/uploads\/2022\/08\/IMG-20220813-WA0044.jpg\",\"contentUrl\":\"https:\/\/radiolifefm.com.br\/noticias\/wp-content\/uploads\/2022\/08\/IMG-20220813-WA0044.jpg\",\"width\":720,\"height\":720},{\"@type\":\"BreadcrumbList\",\"@id\":\"https:\/\/radiolifefm.com.br\/noticias\/a-the-best-acai-esta-preparadissima-para-a-virada-sp-nos-proximos-dias-13-e-14-no-parque-dos-pioneiros-em-adamamtina\/#breadcrumb\",\"itemListElement\":[{\"@type\":\"ListItem\",\"position\":1,\"name\":\"In\u00edcio\",\"item\":\"https:\/\/radiolifefm.com.br\/noticias\/\"},{\"@type\":\"ListItem\",\"position\":2,\"name\":\"A The Best A\u00e7a\u00ed est\u00e1 preparadissima para a Virada SP nos pr\u00f3ximos dias 13 e 14 no parque dos pioneiros em Adamamtina.\"}]},{\"@type\":\"WebSite\",\"@id\":\"https:\/\/radiolifefm.com.br\/noticias\/#website\",\"url\":\"https:\/\/radiolifefm.com.br\/noticias\/\",\"name\":\"R\u00e1dio Life FM\",\"description\":\"O Portal de Not\u00edcias de Adamantina\",\"publisher\":{\"@id\":\"https:\/\/radiolifefm.com.br\/noticias\/#organization\"},\"alternateName\":\"Life FM\",\"potentialAction\":[{\"@type\":\"SearchAction\",\"target\":{\"@type\":\"EntryPoint\",\"urlTemplate\":\"https:\/\/radiolifefm.com.br\/noticias\/?s={search_term_string}\"},\"query-input\":{\"@type\":\"PropertyValueSpecification\",\"valueRequired\":true,\"valueName\":\"search_term_string\"}}],\"inLanguage\":\"pt-BR\"},{\"@type\":\"Organization\",\"@id\":\"https:\/\/radiolifefm.com.br\/noticias\/#organization\",\"name\":\"R\u00e1dio Life FM\",\"alternateName\":\"Life FM\",\"url\":\"https:\/\/radiolifefm.com.br\/noticias\/\",\"logo\":{\"@type\":\"ImageObject\",\"inLanguage\":\"pt-BR\",\"@id\":\"https:\/\/radiolifefm.com.br\/noticias\/#\/schema\/logo\/image\/\",\"url\":\"https:\/\/static.radiolifefm.com.br\/noticias\/wp-content\/uploads\/2019\/10\/logo-lifefm.png\",\"contentUrl\":\"https:\/\/static.radiolifefm.com.br\/noticias\/wp-content\/uploads\/2019\/10\/logo-lifefm.png\",\"width\":196,\"height\":47,\"caption\":\"R\u00e1dio Life FM\"},\"image\":{\"@id\":\"https:\/\/radiolifefm.com.br\/noticias\/#\/schema\/logo\/image\/\"},\"sameAs\":[\"https:\/\/www.facebook.com\/radiolifefm\/\",\"https:\/\/www.instagram.com\/life1079fm\/\"]},{\"@type\":\"Person\",\"@id\":\"https:\/\/radiolifefm.com.br\/noticias\/#\/schema\/person\/6339b9fac59d12b071dec680d7375d87\",\"name\":\"ritanery\",\"image\":{\"@type\":\"ImageObject\",\"inLanguage\":\"pt-BR\",\"@id\":\"https:\/\/secure.gravatar.com\/avatar\/0e37bb19071f47c0b8a23f62a903df117c5a0e75f65a0c2901562f97cd41cf86?s=96&d=mm&r=g\",\"url\":\"https:\/\/secure.gravatar.com\/avatar\/0e37bb19071f47c0b8a23f62a903df117c5a0e75f65a0c2901562f97cd41cf86?s=96&d=mm&r=g\",\"contentUrl\":\"https:\/\/secure.gravatar.com\/avatar\/0e37bb19071f47c0b8a23f62a903df117c5a0e75f65a0c2901562f97cd41cf86?s=96&d=mm&r=g\",\"caption\":\"ritanery\"}}]}<\/script>\n<!-- \/ Yoast SEO plugin. -->","yoast_head_json":{"title":"A The Best A\u00e7a\u00ed est\u00e1 preparadissima para a Virada SP nos pr\u00f3ximos dias 13 e 14 no parque dos pioneiros em Adamamtina. - R\u00e1dio Life FM","robots":{"index":"index","follow":"follow","max-snippet":"max-snippet:-1","max-image-preview":"max-image-preview:large","max-video-preview":"max-video-preview:-1"},"canonical":"https:\/\/radiolifefm.com.br\/noticias\/a-the-best-acai-esta-preparadissima-para-a-virada-sp-nos-proximos-dias-13-e-14-no-parque-dos-pioneiros-em-adamamtina\/","og_locale":"pt_BR","og_type":"article","og_title":"A The Best A\u00e7a\u00ed est\u00e1 preparadissima para a Virada SP nos pr\u00f3ximos dias 13 e 14 no parque dos pioneiros em Adamamtina. - R\u00e1dio Life FM","og_description":"Nossa equipe est\u00e1 com sorrisos no rosto, nossas del\u00edcias est\u00e3o a sua disposi\u00e7\u00e3o para voc\u00ea fazer do seu jeito. Na The Best A\u00e7a\u00ed voc\u00ea prepara o a\u00e7a\u00ed, o sorvete as frutas, os recheios cremosos e l\u00edquidos tudo do seu jeito na quantidade que quiser livremente, temos v\u00e1rios recipientes de formas e tamanhos diferentes para, montou, [&hellip;]","og_url":"https:\/\/radiolifefm.com.br\/noticias\/a-the-best-acai-esta-preparadissima-para-a-virada-sp-nos-proximos-dias-13-e-14-no-parque-dos-pioneiros-em-adamamtina\/","og_site_name":"R\u00e1dio Life FM","article_publisher":"https:\/\/www.facebook.com\/radiolifefm\/","article_published_time":"2022-08-14T00:14:34+00:00","article_modified_time":"2026-03-04T22:27:28+00:00","og_image":[{"width":720,"height":720,"url":"https:\/\/radiolifefm.com.br\/noticias\/wp-content\/uploads\/2022\/08\/IMG-20220813-WA0044.jpg","type":"image\/jpeg"}],"author":"ritanery","twitter_card":"summary_large_image","twitter_misc":{"Escrito por":"ritanery","Est. tempo de leitura":"3 minutos"},"schema":{"@context":"https:\/\/schema.org","@graph":[{"@type":"Article","@id":"https:\/\/radiolifefm.com.br\/noticias\/a-the-best-acai-esta-preparadissima-para-a-virada-sp-nos-proximos-dias-13-e-14-no-parque-dos-pioneiros-em-adamamtina\/#article","isPartOf":{"@id":"https:\/\/radiolifefm.com.br\/noticias\/a-the-best-acai-esta-preparadissima-para-a-virada-sp-nos-proximos-dias-13-e-14-no-parque-dos-pioneiros-em-adamamtina\/"},"author":{"name":"ritanery","@id":"https:\/\/radiolifefm.com.br\/noticias\/#\/schema\/person\/6339b9fac59d12b071dec680d7375d87"},"headline":"A The Best A\u00e7a\u00ed est\u00e1 preparadissima para a Virada SP nos pr\u00f3ximos dias 13 e 14 no parque dos pioneiros em Adamamtina.","datePublished":"2022-08-14T00:14:34+00:00","dateModified":"2026-03-04T22:27:28+00:00","mainEntityOfPage":{"@id":"https:\/\/radiolifefm.com.br\/noticias\/a-the-best-acai-esta-preparadissima-para-a-virada-sp-nos-proximos-dias-13-e-14-no-parque-dos-pioneiros-em-adamamtina\/"},"wordCount":168,"publisher":{"@id":"https:\/\/radiolifefm.com.br\/noticias\/#organization"},"image":{"@id":"https:\/\/radiolifefm.com.br\/noticias\/a-the-best-acai-esta-preparadissima-para-a-virada-sp-nos-proximos-dias-13-e-14-no-parque-dos-pioneiros-em-adamamtina\/#primaryimage"},"thumbnailUrl":"https:\/\/radiolifefm.com.br\/noticias\/wp-content\/uploads\/2022\/08\/IMG-20220813-WA0044.jpg","articleSection":["Adamantina"],"inLanguage":"pt-BR"},{"@type":"WebPage","@id":"https:\/\/radiolifefm.com.br\/noticias\/a-the-best-acai-esta-preparadissima-para-a-virada-sp-nos-proximos-dias-13-e-14-no-parque-dos-pioneiros-em-adamamtina\/","url":"https:\/\/radiolifefm.com.br\/noticias\/a-the-best-acai-esta-preparadissima-para-a-virada-sp-nos-proximos-dias-13-e-14-no-parque-dos-pioneiros-em-adamamtina\/","name":"A The Best A\u00e7a\u00ed est\u00e1 preparadissima para a Virada SP nos pr\u00f3ximos dias 13 e 14 no parque dos pioneiros em Adamamtina. - R\u00e1dio Life FM","isPartOf":{"@id":"https:\/\/radiolifefm.com.br\/noticias\/#website"},"primaryImageOfPage":{"@id":"https:\/\/radiolifefm.com.br\/noticias\/a-the-best-acai-esta-preparadissima-para-a-virada-sp-nos-proximos-dias-13-e-14-no-parque-dos-pioneiros-em-adamamtina\/#primaryimage"},"image":{"@id":"https:\/\/radiolifefm.com.br\/noticias\/a-the-best-acai-esta-preparadissima-para-a-virada-sp-nos-proximos-dias-13-e-14-no-parque-dos-pioneiros-em-adamamtina\/#primaryimage"},"thumbnailUrl":"https:\/\/radiolifefm.com.br\/noticias\/wp-content\/uploads\/2022\/08\/IMG-20220813-WA0044.jpg","datePublished":"2022-08-14T00:14:34+00:00","dateModified":"2026-03-04T22:27:28+00:00","breadcrumb":{"@id":"https:\/\/radiolifefm.com.br\/noticias\/a-the-best-acai-esta-preparadissima-para-a-virada-sp-nos-proximos-dias-13-e-14-no-parque-dos-pioneiros-em-adamamtina\/#breadcrumb"},"inLanguage":"pt-BR","potentialAction":[{"@type":"ReadAction","target":["https:\/\/radiolifefm.com.br\/noticias\/a-the-best-acai-esta-preparadissima-para-a-virada-sp-nos-proximos-dias-13-e-14-no-parque-dos-pioneiros-em-adamamtina\/"]}]},{"@type":"ImageObject","inLanguage":"pt-BR","@id":"https:\/\/radiolifefm.com.br\/noticias\/a-the-best-acai-esta-preparadissima-para-a-virada-sp-nos-proximos-dias-13-e-14-no-parque-dos-pioneiros-em-adamamtina\/#primaryimage","url":"https:\/\/radiolifefm.com.br\/noticias\/wp-content\/uploads\/2022\/08\/IMG-20220813-WA0044.jpg","contentUrl":"https:\/\/radiolifefm.com.br\/noticias\/wp-content\/uploads\/2022\/08\/IMG-20220813-WA0044.jpg","width":720,"height":720},{"@type":"BreadcrumbList","@id":"https:\/\/radiolifefm.com.br\/noticias\/a-the-best-acai-esta-preparadissima-para-a-virada-sp-nos-proximos-dias-13-e-14-no-parque-dos-pioneiros-em-adamamtina\/#breadcrumb","itemListElement":[{"@type":"ListItem","position":1,"name":"In\u00edcio","item":"https:\/\/radiolifefm.com.br\/noticias\/"},{"@type":"ListItem","position":2,"name":"A The Best A\u00e7a\u00ed est\u00e1 preparadissima para a Virada SP nos pr\u00f3ximos dias 13 e 14 no parque dos pioneiros em Adamamtina."}]},{"@type":"WebSite","@id":"https:\/\/radiolifefm.com.br\/noticias\/#website","url":"https:\/\/radiolifefm.com.br\/noticias\/","name":"R\u00e1dio Life FM","description":"O Portal de Not\u00edcias de Adamantina","publisher":{"@id":"https:\/\/radiolifefm.com.br\/noticias\/#organization"},"alternateName":"Life FM","potentialAction":[{"@type":"SearchAction","target":{"@type":"EntryPoint","urlTemplate":"https:\/\/radiolifefm.com.br\/noticias\/?s={search_term_string}"},"query-input":{"@type":"PropertyValueSpecification","valueRequired":true,"valueName":"search_term_string"}}],"inLanguage":"pt-BR"},{"@type":"Organization","@id":"https:\/\/radiolifefm.com.br\/noticias\/#organization","name":"R\u00e1dio Life FM","alternateName":"Life FM","url":"https:\/\/radiolifefm.com.br\/noticias\/","logo":{"@type":"ImageObject","inLanguage":"pt-BR","@id":"https:\/\/radiolifefm.com.br\/noticias\/#\/schema\/logo\/image\/","url":"https:\/\/static.radiolifefm.com.br\/noticias\/wp-content\/uploads\/2019\/10\/logo-lifefm.png","contentUrl":"https:\/\/static.radiolifefm.com.br\/noticias\/wp-content\/uploads\/2019\/10\/logo-lifefm.png","width":196,"height":47,"caption":"R\u00e1dio Life FM"},"image":{"@id":"https:\/\/radiolifefm.com.br\/noticias\/#\/schema\/logo\/image\/"},"sameAs":["https:\/\/www.facebook.com\/radiolifefm\/","https:\/\/www.instagram.com\/life1079fm\/"]},{"@type":"Person","@id":"https:\/\/radiolifefm.com.br\/noticias\/#\/schema\/person\/6339b9fac59d12b071dec680d7375d87","name":"ritanery","image":{"@type":"ImageObject","inLanguage":"pt-BR","@id":"https:\/\/secure.gravatar.com\/avatar\/0e37bb19071f47c0b8a23f62a903df117c5a0e75f65a0c2901562f97cd41cf86?s=96&d=mm&r=g","url":"https:\/\/secure.gravatar.com\/avatar\/0e37bb19071f47c0b8a23f62a903df117c5a0e75f65a0c2901562f97cd41cf86?s=96&d=mm&r=g","contentUrl":"https:\/\/secure.gravatar.com\/avatar\/0e37bb19071f47c0b8a23f62a903df117c5a0e75f65a0c2901562f97cd41cf86?s=96&d=mm&r=g","caption":"ritanery"}}]}},"amp_enabled":true,"_links":{"self":[{"href":"https:\/\/radiolifefm.com.br\/noticias\/wp-json\/wp\/v2\/posts\/56921","targetHints":{"allow":["GET"]}}],"collection":[{"href":"https:\/\/radiolifefm.com.br\/noticias\/wp-json\/wp\/v2\/posts"}],"about":[{"href":"https:\/\/radiolifefm.com.br\/noticias\/wp-json\/wp\/v2\/types\/post"}],"author":[{"embeddable":true,"href":"https:\/\/radiolifefm.com.br\/noticias\/wp-json\/wp\/v2\/users\/13"}],"replies":[{"embeddable":true,"href":"https:\/\/radiolifefm.com.br\/noticias\/wp-json\/wp\/v2\/comments?post=56921"}],"version-history":[{"count":1,"href":"https:\/\/radiolifefm.com.br\/noticias\/wp-json\/wp\/v2\/posts\/56921\/revisions"}],"predecessor-version":[{"id":56932,"href":"https:\/\/radiolifefm.com.br\/noticias\/wp-json\/wp\/v2\/posts\/56921\/revisions\/56932"}],"wp:featuredmedia":[{"embeddable":true,"href":"https:\/\/radiolifefm.com.br\/noticias\/wp-json\/wp\/v2\/media\/56922"}],"wp:attachment":[{"href":"https:\/\/radiolifefm.com.br\/noticias\/wp-json\/wp\/v2\/media?parent=56921"}],"wp:term":[{"taxonomy":"category","embeddable":true,"href":"https:\/\/radiolifefm.com.br\/noticias\/wp-json\/wp\/v2\/categories?post=56921"},{"taxonomy":"post_tag","embeddable":true,"href":"https:\/\/radiolifefm.com.br\/noticias\/wp-json\/wp\/v2\/tags?post=56921"}],"curies":[{"name":"wp","href":"https:\/\/api.w.org\/{rel}","templated":true}]}}