{"id":56911,"date":"2022-08-13T11:07:34","date_gmt":"2022-08-13T14:07:34","guid":{"rendered":"https:\/\/radiolifefm.com.br\/noticias\/?p=56911"},"modified":"2026-04-20T00:09:53","modified_gmt":"2026-04-20T03:09:53","slug":"life_em-homenagem-de-dia-dos-pais-life-fm-evidencia-o-popular-laercio-da-farmacia-no-quadro-tal-pai-tal-filho_new","status":"publish","type":"post","link":"https:\/\/radiolifefm.com.br\/noticias\/life_em-homenagem-de-dia-dos-pais-life-fm-evidencia-o-popular-laercio-da-farmacia-no-quadro-tal-pai-tal-filho_new\/","title":{"rendered":"Em homenagem de Dia dos Pais, Life FM evidencia o popular &#8216;Laercio da Farm\u00e1cia&#8217; no quadro &#8216;Tal pai, tal filho&#8217;"},"content":{"rendered":"<div id=\"fb-root\"><\/div>\n<p>&nbsp;<\/p>\n<p>&nbsp;<\/p>\n<p>O pai Ant\u00f4nio Laercio Mazo, popular La\u00e9rcio da farm\u00e1cia, na semana do dia dos pais evidencia sua hist\u00f3ria inspiradora, atrav\u00e9s de entrevistas, fotos, v\u00eddeos e mat\u00e9ria, tudo veiculado no r\u00e1dio e nas plataformas digitais da Life FM Adamantina.<\/p>\n<p>&nbsp;<\/p>\n<p>&#8216;TAL PAI TAL FILHO&#8217; \u00e9 o t\u00edtulo da homenagem que a diretora de marketing da Life, Lucia Prado, escolheu para evidencia hist\u00f3rias inspiradoras de pais que influenciam seus filhos com atitudes exemplares a seguirem a mesma profiss\u00e3o. \u201cApresentei a proposta ao Laercio e ele aceitou de cara\u201d, relata Lucia Prado.<\/p>\n<p>&nbsp;<\/p>\n<p>A Life FM te convida a se emocionar e passar a admirar ainda mais o &#8216;La\u00e9rcio da farm\u00e1cia&#8217;, o grande Ant\u00f4nio Laercio Mazo, esposo de Maria In\u00eas Mazo Gomes, filho de Lu\u00eds Mazo e Cenira Braga Mazo, pai carroceiro e m\u00e3e costureira que fazia vestidos de noiva e assim completava a renda da fam\u00edlia que n\u00e3o tinha condi\u00e7\u00f5es de pagar a sonhada faculdade de medicina para o filho Laercio, que desde crian\u00e7a dizia que queria ser m\u00e9dico.<\/p>\n<p>&nbsp;<\/p>\n<p><strong>O in\u00edcio<\/strong><\/p>\n<p>&nbsp;<\/p>\n<p>Em 1960, Laercio tinha 10 anos e seu pai, vendo o desejo do filho em atuar na \u00e1rea da sa\u00fade, conseguiu um emprego (naquela \u00e9poca crian\u00e7a podia trabalhar) na antiga Drogantina do Sr. Pedro Kamakura que hoje com 94 anos, l\u00facido, participa da homenagem.<\/p>\n<p>&nbsp;<\/p>\n<p>Sem nenhum conhecimento na \u00e1rea, Laercio cuidava da limpeza da farm\u00e1cia, lavava vidros, fazia entrega de bicicleta. Sempre muito atencioso e dedicado, conquistou a confian\u00e7a e o carisma dos patr\u00f5es e clientes. Laercio \u00e9 grato a dois homens que ensinaram tudo, at\u00e9 mesmo como trocar uma l\u00e2mpada e outros servi\u00e7os el\u00e9tricos dentro da farm\u00e1cia. Laercio considera o Sr. Pedro Kamakura como segundo pai.<\/p>\n<p>&nbsp;<\/p>\n<p>Outro homem importante na forma\u00e7\u00e3o profissional do Laercio foi o Sr. Plinio que, com pouco estudo, tinha uma sabedoria incr\u00edvel. Laercio conviveu com os dois por 27 anos.<\/p>\n<p>&nbsp;<\/p>\n<p>Aos 14 anos Laercio aplicou a primeira inje\u00e7\u00e3o, e desde aquela \u00e9poca os clientes queriam ser atendidos por ele, a exemplo de duas pessoas que tinham que tomar regularmente inje\u00e7\u00f5es de morfina para aliviar as dores causadas por c\u00e2ncer e s\u00f3 queriam que o Laercio aplicasse.<\/p>\n<p>&nbsp;<\/p>\n<div style=\"width: 352px;\" class=\"wp-video\"><!--[if lt IE 9]><script>document.createElement('video');<\/script><![endif]-->\n<video class=\"wp-video-shortcode\" id=\"video-56911-1\" width=\"352\" height=\"640\" preload=\"metadata\" controls=\"controls\"><source type=\"video\/mp4\" src=\"https:\/\/static.radiolifefm.com.br\/wp-content\/uploads\/sites\/2\/2022\/08\/document_5168110739705037692.mp4?_=1\" \/><a href=\"https:\/\/static.radiolifefm.com.br\/wp-content\/uploads\/sites\/2\/2022\/08\/document_5168110739705037692.mp4\">https:\/\/static.radiolifefm.com.br\/wp-content\/uploads\/sites\/2\/2022\/08\/document_5168110739705037692.mp4<\/a><\/video><\/div>\n<p>&nbsp;<\/p>\n<p>&nbsp;<\/p>\n<p>Com proposta de sociedade de um amigo, Jos\u00e9 Lu\u00eds, que tamb\u00e9m era cliente da farm\u00e1cia, dono de uma pequena farm\u00e1cia na usina em Primavera, Laercio e Jos\u00e9 trouxeram a pequena farm\u00e1cia para Adamantina, que chegou dentro de uma Kombi. A farm\u00e1cia era t\u00e3o pequena que at\u00e9 as prateleiras cabiam na Kombi. Essa farm\u00e1cia foi instalada no Av. Capit\u00e3o Jos\u00e9 Ant\u00f4nio de Oliveira.<\/p>\n<p>&nbsp;<\/p>\n<p><strong>A influ\u00eancia aos filhos<\/strong><\/p>\n<p>&nbsp;<\/p>\n<p>A filha Daniela Lopes Mazo Bortolo, come\u00e7ou a frequentar a farm\u00e1cia ainda beb\u00ea. Ela, que nasceu vendo seu pai trabalhar, se formou em Farm\u00e1cia aos 23 anos e j\u00e1 tinha a responsabilidade de assinar como farmac\u00eautica na Farm\u00e1cia da fam\u00edlia, onde trabalha at\u00e9 hoje.<\/p>\n<p>&nbsp;<\/p>\n<p>Quando fala do pai a emo\u00e7\u00e3o toma conta. \u201cAdmiro o esfor\u00e7o, o amor que ele tem pela profiss\u00e3o e o seu car\u00e1ter. Ele \u00e9 um exemplo que me motiva todos os dias com carinho e amor ao pr\u00f3ximo, ele faz sempre o bem sem pensar em retorno\u201d, declara. Daniela finaliza dizendo: \u201cPai, voc\u00ea \u00e9 meu her\u00f3i!\u201d<\/p>\n<p>&nbsp;<\/p>\n<p><img loading=\"lazy\" decoding=\"async\" class=\"alignnone size-medium wp-image-56915\" src=\"https:\/\/static.radiolifefm.com.br\/wp-content\/uploads\/sites\/2\/2022\/08\/photo_5168315425417702004_y-225x300.jpg\" alt=\"\" width=\"225\" height=\"300\" srcset=\"https:\/\/radiolifefm.com.br\/noticias\/wp-content\/uploads\/2022\/08\/photo_5168315425417702004_y-225x300.jpg 225w, https:\/\/radiolifefm.com.br\/noticias\/wp-content\/uploads\/2022\/08\/photo_5168315425417702004_y-769x1024.jpg 769w, https:\/\/radiolifefm.com.br\/noticias\/wp-content\/uploads\/2022\/08\/photo_5168315425417702004_y-768x1023.jpg 768w, https:\/\/radiolifefm.com.br\/noticias\/wp-content\/uploads\/2022\/08\/photo_5168315425417702004_y.jpg 868w\" sizes=\"auto, (max-width: 225px) 100vw, 225px\" \/><\/p>\n<p>&nbsp;<\/p>\n<p>O filho Mateus tinha o sonho de estudar Economia e buscar a realiza\u00e7\u00e3o profissional em outras cidades, ser independente, mas com o passar do tempo foi contagiado com o amor do pai pela profiss\u00e3o de farmac\u00eautico e resolveu estudar Farm\u00e1cia. Assim, associou as duas forma\u00e7\u00f5es e hoje administra a farm\u00e1cia, seguindo firmemente os ensinamentos do pai. \u201cO que mais admiro no meu pai \u00e9 o car\u00e1ter, ele sempre fala trate as pessoas como quer ser tratado. Meu pai v\u00ea a profiss\u00e3o como miss\u00e3o de vida e a principal palavra que ouvimos ele dizer \u00e9 <em>servir<\/em>\u201d, relata Mateus Mazo.<\/p>\n<p>&nbsp;<\/p>\n<p><img loading=\"lazy\" decoding=\"async\" class=\"alignnone size-medium wp-image-56916\" src=\"https:\/\/static.radiolifefm.com.br\/wp-content\/uploads\/sites\/2\/2022\/08\/photo_5168315425417702009_y-e1660399281790-300x194.jpg\" alt=\"\" width=\"300\" height=\"194\" srcset=\"https:\/\/radiolifefm.com.br\/noticias\/wp-content\/uploads\/2022\/08\/photo_5168315425417702009_y-e1660399281790-300x194.jpg 300w, https:\/\/radiolifefm.com.br\/noticias\/wp-content\/uploads\/2022\/08\/photo_5168315425417702009_y-e1660399281790-1024x661.jpg 1024w, https:\/\/radiolifefm.com.br\/noticias\/wp-content\/uploads\/2022\/08\/photo_5168315425417702009_y-e1660399281790-768x496.jpg 768w, https:\/\/radiolifefm.com.br\/noticias\/wp-content\/uploads\/2022\/08\/photo_5168315425417702009_y-e1660399281790.jpg 1219w\" sizes=\"auto, (max-width: 300px) 100vw, 300px\" \/><\/p>\n<p>&nbsp;<\/p>\n<p>&nbsp;<\/p>\n<p><strong>Homem de f\u00e9<\/strong><\/p>\n<p>&nbsp;<\/p>\n<p>Laercio denomina-se um homem de f\u00e9. &#8220;Rezo ao acordar e ao me deitar, agrade\u00e7o a Deus por tudo e tudo que pe\u00e7o Ele me atende\u201d, afirma.<\/p>\n<p>&nbsp;<\/p>\n<p>Quanto a neta, Julia Mazo Bortolo, de 15 anos, Laercio nota uma inclina\u00e7\u00e3o para a \u00e1rea da sa\u00fade de animais, ou seja, \u201cpode ser que teremos uma veterin\u00e1ria na fam\u00edlia\u201d, declara.<\/p>\n<p>&nbsp;<\/p>\n<div style=\"width: 352px;\" class=\"wp-video\"><video class=\"wp-video-shortcode\" id=\"video-56911-2\" width=\"352\" height=\"640\" preload=\"metadata\" controls=\"controls\"><source type=\"video\/mp4\" src=\"https:\/\/static.radiolifefm.com.br\/wp-content\/uploads\/sites\/2\/2022\/08\/document_5168315424961463807.mp4?_=2\" \/><a href=\"https:\/\/static.radiolifefm.com.br\/wp-content\/uploads\/sites\/2\/2022\/08\/document_5168315424961463807.mp4\">https:\/\/static.radiolifefm.com.br\/wp-content\/uploads\/sites\/2\/2022\/08\/document_5168315424961463807.mp4<\/a><\/video><\/div>\n<p>&nbsp;<\/p>\n<p>&nbsp;<\/p>\n<p>O pequeno neto Benjamin Andreote Mazo, de 2 anos e meio, por enquanto s\u00f3 curte os passeios de bicicleta com o vov\u00f4.<\/p>\n<p>&nbsp;<\/p>\n<div style=\"width: 352px;\" class=\"wp-video\"><video class=\"wp-video-shortcode\" id=\"video-56911-3\" width=\"352\" height=\"640\" preload=\"metadata\" controls=\"controls\"><source type=\"video\/mp4\" src=\"https:\/\/static.radiolifefm.com.br\/wp-content\/uploads\/sites\/2\/2022\/08\/document_5168315424961463809.mp4?_=3\" \/><a href=\"https:\/\/static.radiolifefm.com.br\/wp-content\/uploads\/sites\/2\/2022\/08\/document_5168315424961463809.mp4\">https:\/\/static.radiolifefm.com.br\/wp-content\/uploads\/sites\/2\/2022\/08\/document_5168315424961463809.mp4<\/a><\/video><\/div>\n<p>&nbsp;<\/p>\n<p>&nbsp;<\/p>\n<p>O maior patrim\u00f4nio constru\u00eddo por Ant\u00f4nio Laercio Mazo \u00e9 a fam\u00edlia, confira na foto abaixo.<\/p>\n<p>&nbsp;<\/p>\n<p>&nbsp;<\/p>\n<p><img loading=\"lazy\" decoding=\"async\" class=\"alignnone size-medium wp-image-56919\" src=\"https:\/\/static.radiolifefm.com.br\/wp-content\/uploads\/sites\/2\/2022\/08\/photo_5168315425417702006_y-300x200.jpg\" alt=\"\" width=\"300\" height=\"200\" srcset=\"https:\/\/radiolifefm.com.br\/noticias\/wp-content\/uploads\/2022\/08\/photo_5168315425417702006_y-300x200.jpg 300w, https:\/\/radiolifefm.com.br\/noticias\/wp-content\/uploads\/2022\/08\/photo_5168315425417702006_y-1024x682.jpg 1024w, https:\/\/radiolifefm.com.br\/noticias\/wp-content\/uploads\/2022\/08\/photo_5168315425417702006_y-768x512.jpg 768w, https:\/\/radiolifefm.com.br\/noticias\/wp-content\/uploads\/2022\/08\/photo_5168315425417702006_y.jpg 1280w\" sizes=\"auto, (max-width: 300px) 100vw, 300px\" \/><\/p>\n<p>&nbsp;<\/p>\n<p>&nbsp;<\/p>\n<p>Essa fam\u00edlia que \u00e9 inspira\u00e7\u00e3o para todos n\u00f3s deseja um feliz Dia dos Pais a todos.<\/p>\n<p>&nbsp;<\/p>\n<p>&nbsp;<\/p>\n<p>Da Reda\u00e7\u00e3o<\/p>\n","protected":false},"excerpt":{"rendered":"<p>&nbsp; &nbsp; O pai Ant\u00f4nio Laercio Mazo, popular La\u00e9rcio da farm\u00e1cia, na semana do dia dos pais evidencia sua hist\u00f3ria inspiradora, atrav\u00e9s de entrevistas, fotos, v\u00eddeos e mat\u00e9ria, tudo veiculado no r\u00e1dio e nas plataformas digitais da Life FM Adamantina. &nbsp; &#8216;TAL PAI TAL FILHO&#8217; \u00e9 o t\u00edtulo da homenagem que a diretora de marketing [&hellip;]<\/p>\n","protected":false},"author":12,"featured_media":56912,"comment_status":"closed","ping_status":"open","sticky":false,"template":"","format":"standard","meta":{"_acf_changed":false,"_exactmetrics_skip_tracking":false,"_exactmetrics_sitenote_active":false,"_exactmetrics_sitenote_note":"","_exactmetrics_sitenote_category":0,"footnotes":""},"categories":[21],"tags":[],"class_list":["post-56911","post","type-post","status-publish","format-standard","has-post-thumbnail","hentry","category-adamantina"],"acf":[],"yoast_head":"<!-- This site is optimized with the Yoast SEO plugin v27.2 - https:\/\/yoast.com\/product\/yoast-seo-wordpress\/ -->\n<title>Em homenagem de Dia dos Pais, Life FM evidencia o popular &#039;Laercio da Farm\u00e1cia&#039; no quadro &#039;Tal pai, tal filho&#039; - R\u00e1dio Life FM<\/title>\n<meta name=\"robots\" content=\"index, follow, max-snippet:-1, max-image-preview:large, max-video-preview:-1\" \/>\n<link rel=\"canonical\" href=\"https:\/\/radiolifefm.com.br\/noticias\/life_em-homenagem-de-dia-dos-pais-life-fm-evidencia-o-popular-laercio-da-farmacia-no-quadro-tal-pai-tal-filho_new\/\" \/>\n<meta property=\"og:locale\" content=\"pt_BR\" \/>\n<meta property=\"og:type\" content=\"article\" \/>\n<meta property=\"og:title\" content=\"Em homenagem de Dia dos Pais, Life FM evidencia o popular &#039;Laercio da Farm\u00e1cia&#039; no quadro &#039;Tal pai, tal filho&#039; - R\u00e1dio Life FM\" \/>\n<meta property=\"og:description\" content=\"&nbsp; &nbsp; O pai Ant\u00f4nio Laercio Mazo, popular La\u00e9rcio da farm\u00e1cia, na semana do dia dos pais evidencia sua hist\u00f3ria inspiradora, atrav\u00e9s de entrevistas, fotos, v\u00eddeos e mat\u00e9ria, tudo veiculado no r\u00e1dio e nas plataformas digitais da Life FM Adamantina. &nbsp; &#8216;TAL PAI TAL FILHO&#8217; \u00e9 o t\u00edtulo da homenagem que a diretora de marketing [&hellip;]\" \/>\n<meta property=\"og:url\" content=\"https:\/\/radiolifefm.com.br\/noticias\/life_em-homenagem-de-dia-dos-pais-life-fm-evidencia-o-popular-laercio-da-farmacia-no-quadro-tal-pai-tal-filho_new\/\" \/>\n<meta property=\"og:site_name\" content=\"R\u00e1dio Life FM\" \/>\n<meta property=\"article:publisher\" content=\"https:\/\/www.facebook.com\/radiolifefm\/\" \/>\n<meta property=\"article:published_time\" content=\"2022-08-13T14:07:34+00:00\" \/>\n<meta property=\"article:modified_time\" content=\"2026-04-20T03:09:53+00:00\" \/>\n<meta property=\"og:image\" content=\"https:\/\/radiolifefm.com.br\/noticias\/wp-content\/uploads\/2022\/08\/photo_5168315425417702008_y-e1660398697620.jpg\" \/>\n\t<meta property=\"og:image:width\" content=\"1139\" \/>\n\t<meta property=\"og:image:height\" content=\"758\" \/>\n\t<meta property=\"og:image:type\" content=\"image\/jpeg\" \/>\n<meta name=\"author\" content=\"mayraferrari\" \/>\n<meta name=\"twitter:card\" content=\"summary_large_image\" \/>\n<meta name=\"twitter:label1\" content=\"Escrito por\" \/>\n\t<meta name=\"twitter:data1\" content=\"mayraferrari\" \/>\n\t<meta name=\"twitter:label2\" content=\"Est. tempo de leitura\" \/>\n\t<meta name=\"twitter:data2\" content=\"5 minutos\" \/>\n<script type=\"application\/ld+json\" class=\"yoast-schema-graph\">{\"@context\":\"https:\/\/schema.org\",\"@graph\":[{\"@type\":\"Article\",\"@id\":\"https:\/\/radiolifefm.com.br\/noticias\/life_em-homenagem-de-dia-dos-pais-life-fm-evidencia-o-popular-laercio-da-farmacia-no-quadro-tal-pai-tal-filho_new\/#article\",\"isPartOf\":{\"@id\":\"https:\/\/radiolifefm.com.br\/noticias\/life_em-homenagem-de-dia-dos-pais-life-fm-evidencia-o-popular-laercio-da-farmacia-no-quadro-tal-pai-tal-filho_new\/\"},\"author\":{\"name\":\"mayraferrari\",\"@id\":\"https:\/\/radiolifefm.com.br\/noticias\/#\/schema\/person\/d37940c51f50a0c5db4e065bb527a35d\"},\"headline\":\"Em homenagem de Dia dos Pais, Life FM evidencia o popular &#8216;Laercio da Farm\u00e1cia&#8217; no quadro &#8216;Tal pai, tal filho&#8217;\",\"datePublished\":\"2022-08-13T14:07:34+00:00\",\"dateModified\":\"2026-04-20T03:09:53+00:00\",\"mainEntityOfPage\":{\"@id\":\"https:\/\/radiolifefm.com.br\/noticias\/life_em-homenagem-de-dia-dos-pais-life-fm-evidencia-o-popular-laercio-da-farmacia-no-quadro-tal-pai-tal-filho_new\/\"},\"wordCount\":895,\"publisher\":{\"@id\":\"https:\/\/radiolifefm.com.br\/noticias\/#organization\"},\"image\":{\"@id\":\"https:\/\/radiolifefm.com.br\/noticias\/life_em-homenagem-de-dia-dos-pais-life-fm-evidencia-o-popular-laercio-da-farmacia-no-quadro-tal-pai-tal-filho_new\/#primaryimage\"},\"thumbnailUrl\":\"https:\/\/radiolifefm.com.br\/noticias\/wp-content\/uploads\/2022\/08\/photo_5168315425417702008_y-e1660398697620.jpg\",\"articleSection\":[\"Adamantina\"],\"inLanguage\":\"pt-BR\"},{\"@type\":\"WebPage\",\"@id\":\"https:\/\/radiolifefm.com.br\/noticias\/life_em-homenagem-de-dia-dos-pais-life-fm-evidencia-o-popular-laercio-da-farmacia-no-quadro-tal-pai-tal-filho_new\/\",\"url\":\"https:\/\/radiolifefm.com.br\/noticias\/life_em-homenagem-de-dia-dos-pais-life-fm-evidencia-o-popular-laercio-da-farmacia-no-quadro-tal-pai-tal-filho_new\/\",\"name\":\"Em homenagem de Dia dos Pais, Life FM evidencia o popular 'Laercio da Farm\u00e1cia' no quadro 'Tal pai, tal filho' - R\u00e1dio Life FM\",\"isPartOf\":{\"@id\":\"https:\/\/radiolifefm.com.br\/noticias\/#website\"},\"primaryImageOfPage\":{\"@id\":\"https:\/\/radiolifefm.com.br\/noticias\/life_em-homenagem-de-dia-dos-pais-life-fm-evidencia-o-popular-laercio-da-farmacia-no-quadro-tal-pai-tal-filho_new\/#primaryimage\"},\"image\":{\"@id\":\"https:\/\/radiolifefm.com.br\/noticias\/life_em-homenagem-de-dia-dos-pais-life-fm-evidencia-o-popular-laercio-da-farmacia-no-quadro-tal-pai-tal-filho_new\/#primaryimage\"},\"thumbnailUrl\":\"https:\/\/radiolifefm.com.br\/noticias\/wp-content\/uploads\/2022\/08\/photo_5168315425417702008_y-e1660398697620.jpg\",\"datePublished\":\"2022-08-13T14:07:34+00:00\",\"dateModified\":\"2026-04-20T03:09:53+00:00\",\"breadcrumb\":{\"@id\":\"https:\/\/radiolifefm.com.br\/noticias\/life_em-homenagem-de-dia-dos-pais-life-fm-evidencia-o-popular-laercio-da-farmacia-no-quadro-tal-pai-tal-filho_new\/#breadcrumb\"},\"inLanguage\":\"pt-BR\",\"potentialAction\":[{\"@type\":\"ReadAction\",\"target\":[\"https:\/\/radiolifefm.com.br\/noticias\/life_em-homenagem-de-dia-dos-pais-life-fm-evidencia-o-popular-laercio-da-farmacia-no-quadro-tal-pai-tal-filho_new\/\"]}]},{\"@type\":\"ImageObject\",\"inLanguage\":\"pt-BR\",\"@id\":\"https:\/\/radiolifefm.com.br\/noticias\/life_em-homenagem-de-dia-dos-pais-life-fm-evidencia-o-popular-laercio-da-farmacia-no-quadro-tal-pai-tal-filho_new\/#primaryimage\",\"url\":\"https:\/\/radiolifefm.com.br\/noticias\/wp-content\/uploads\/2022\/08\/photo_5168315425417702008_y-e1660398697620.jpg\",\"contentUrl\":\"https:\/\/radiolifefm.com.br\/noticias\/wp-content\/uploads\/2022\/08\/photo_5168315425417702008_y-e1660398697620.jpg\",\"width\":1139,\"height\":758},{\"@type\":\"BreadcrumbList\",\"@id\":\"https:\/\/radiolifefm.com.br\/noticias\/life_em-homenagem-de-dia-dos-pais-life-fm-evidencia-o-popular-laercio-da-farmacia-no-quadro-tal-pai-tal-filho_new\/#breadcrumb\",\"itemListElement\":[{\"@type\":\"ListItem\",\"position\":1,\"name\":\"In\u00edcio\",\"item\":\"https:\/\/radiolifefm.com.br\/noticias\/\"},{\"@type\":\"ListItem\",\"position\":2,\"name\":\"Em homenagem de Dia dos Pais, Life FM evidencia o popular &#8216;Laercio da Farm\u00e1cia&#8217; no quadro &#8216;Tal pai, tal filho&#8217;\"}]},{\"@type\":\"WebSite\",\"@id\":\"https:\/\/radiolifefm.com.br\/noticias\/#website\",\"url\":\"https:\/\/radiolifefm.com.br\/noticias\/\",\"name\":\"R\u00e1dio Life FM\",\"description\":\"O Portal de Not\u00edcias de Adamantina\",\"publisher\":{\"@id\":\"https:\/\/radiolifefm.com.br\/noticias\/#organization\"},\"alternateName\":\"Life FM\",\"potentialAction\":[{\"@type\":\"SearchAction\",\"target\":{\"@type\":\"EntryPoint\",\"urlTemplate\":\"https:\/\/radiolifefm.com.br\/noticias\/?s={search_term_string}\"},\"query-input\":{\"@type\":\"PropertyValueSpecification\",\"valueRequired\":true,\"valueName\":\"search_term_string\"}}],\"inLanguage\":\"pt-BR\"},{\"@type\":\"Organization\",\"@id\":\"https:\/\/radiolifefm.com.br\/noticias\/#organization\",\"name\":\"R\u00e1dio Life FM\",\"alternateName\":\"Life FM\",\"url\":\"https:\/\/radiolifefm.com.br\/noticias\/\",\"logo\":{\"@type\":\"ImageObject\",\"inLanguage\":\"pt-BR\",\"@id\":\"https:\/\/radiolifefm.com.br\/noticias\/#\/schema\/logo\/image\/\",\"url\":\"https:\/\/static.radiolifefm.com.br\/noticias\/wp-content\/uploads\/2019\/10\/logo-lifefm.png\",\"contentUrl\":\"https:\/\/static.radiolifefm.com.br\/noticias\/wp-content\/uploads\/2019\/10\/logo-lifefm.png\",\"width\":196,\"height\":47,\"caption\":\"R\u00e1dio Life FM\"},\"image\":{\"@id\":\"https:\/\/radiolifefm.com.br\/noticias\/#\/schema\/logo\/image\/\"},\"sameAs\":[\"https:\/\/www.facebook.com\/radiolifefm\/\",\"https:\/\/www.instagram.com\/life1079fm\/\"]},{\"@type\":\"Person\",\"@id\":\"https:\/\/radiolifefm.com.br\/noticias\/#\/schema\/person\/d37940c51f50a0c5db4e065bb527a35d\",\"name\":\"mayraferrari\",\"image\":{\"@type\":\"ImageObject\",\"inLanguage\":\"pt-BR\",\"@id\":\"https:\/\/secure.gravatar.com\/avatar\/69374fafea2eae004e87f555bcb8bb6e24c5d501c2ffec6bbedf0a8f25427b93?s=96&d=mm&r=g\",\"url\":\"https:\/\/secure.gravatar.com\/avatar\/69374fafea2eae004e87f555bcb8bb6e24c5d501c2ffec6bbedf0a8f25427b93?s=96&d=mm&r=g\",\"contentUrl\":\"https:\/\/secure.gravatar.com\/avatar\/69374fafea2eae004e87f555bcb8bb6e24c5d501c2ffec6bbedf0a8f25427b93?s=96&d=mm&r=g\",\"caption\":\"mayraferrari\"}}]}<\/script>\n<!-- \/ Yoast SEO plugin. -->","yoast_head_json":{"title":"Em homenagem de Dia dos Pais, Life FM evidencia o popular 'Laercio da Farm\u00e1cia' no quadro 'Tal pai, tal filho' - R\u00e1dio Life FM","robots":{"index":"index","follow":"follow","max-snippet":"max-snippet:-1","max-image-preview":"max-image-preview:large","max-video-preview":"max-video-preview:-1"},"canonical":"https:\/\/radiolifefm.com.br\/noticias\/life_em-homenagem-de-dia-dos-pais-life-fm-evidencia-o-popular-laercio-da-farmacia-no-quadro-tal-pai-tal-filho_new\/","og_locale":"pt_BR","og_type":"article","og_title":"Em homenagem de Dia dos Pais, Life FM evidencia o popular 'Laercio da Farm\u00e1cia' no quadro 'Tal pai, tal filho' - R\u00e1dio Life FM","og_description":"&nbsp; &nbsp; O pai Ant\u00f4nio Laercio Mazo, popular La\u00e9rcio da farm\u00e1cia, na semana do dia dos pais evidencia sua hist\u00f3ria inspiradora, atrav\u00e9s de entrevistas, fotos, v\u00eddeos e mat\u00e9ria, tudo veiculado no r\u00e1dio e nas plataformas digitais da Life FM Adamantina. &nbsp; &#8216;TAL PAI TAL FILHO&#8217; \u00e9 o t\u00edtulo da homenagem que a diretora de marketing [&hellip;]","og_url":"https:\/\/radiolifefm.com.br\/noticias\/life_em-homenagem-de-dia-dos-pais-life-fm-evidencia-o-popular-laercio-da-farmacia-no-quadro-tal-pai-tal-filho_new\/","og_site_name":"R\u00e1dio Life FM","article_publisher":"https:\/\/www.facebook.com\/radiolifefm\/","article_published_time":"2022-08-13T14:07:34+00:00","article_modified_time":"2026-04-20T03:09:53+00:00","og_image":[{"width":1139,"height":758,"url":"https:\/\/radiolifefm.com.br\/noticias\/wp-content\/uploads\/2022\/08\/photo_5168315425417702008_y-e1660398697620.jpg","type":"image\/jpeg"}],"author":"mayraferrari","twitter_card":"summary_large_image","twitter_misc":{"Escrito por":"mayraferrari","Est. tempo de leitura":"5 minutos"},"schema":{"@context":"https:\/\/schema.org","@graph":[{"@type":"Article","@id":"https:\/\/radiolifefm.com.br\/noticias\/life_em-homenagem-de-dia-dos-pais-life-fm-evidencia-o-popular-laercio-da-farmacia-no-quadro-tal-pai-tal-filho_new\/#article","isPartOf":{"@id":"https:\/\/radiolifefm.com.br\/noticias\/life_em-homenagem-de-dia-dos-pais-life-fm-evidencia-o-popular-laercio-da-farmacia-no-quadro-tal-pai-tal-filho_new\/"},"author":{"name":"mayraferrari","@id":"https:\/\/radiolifefm.com.br\/noticias\/#\/schema\/person\/d37940c51f50a0c5db4e065bb527a35d"},"headline":"Em homenagem de Dia dos Pais, Life FM evidencia o popular &#8216;Laercio da Farm\u00e1cia&#8217; no quadro &#8216;Tal pai, tal filho&#8217;","datePublished":"2022-08-13T14:07:34+00:00","dateModified":"2026-04-20T03:09:53+00:00","mainEntityOfPage":{"@id":"https:\/\/radiolifefm.com.br\/noticias\/life_em-homenagem-de-dia-dos-pais-life-fm-evidencia-o-popular-laercio-da-farmacia-no-quadro-tal-pai-tal-filho_new\/"},"wordCount":895,"publisher":{"@id":"https:\/\/radiolifefm.com.br\/noticias\/#organization"},"image":{"@id":"https:\/\/radiolifefm.com.br\/noticias\/life_em-homenagem-de-dia-dos-pais-life-fm-evidencia-o-popular-laercio-da-farmacia-no-quadro-tal-pai-tal-filho_new\/#primaryimage"},"thumbnailUrl":"https:\/\/radiolifefm.com.br\/noticias\/wp-content\/uploads\/2022\/08\/photo_5168315425417702008_y-e1660398697620.jpg","articleSection":["Adamantina"],"inLanguage":"pt-BR"},{"@type":"WebPage","@id":"https:\/\/radiolifefm.com.br\/noticias\/life_em-homenagem-de-dia-dos-pais-life-fm-evidencia-o-popular-laercio-da-farmacia-no-quadro-tal-pai-tal-filho_new\/","url":"https:\/\/radiolifefm.com.br\/noticias\/life_em-homenagem-de-dia-dos-pais-life-fm-evidencia-o-popular-laercio-da-farmacia-no-quadro-tal-pai-tal-filho_new\/","name":"Em homenagem de Dia dos Pais, Life FM evidencia o popular 'Laercio da Farm\u00e1cia' no quadro 'Tal pai, tal filho' - R\u00e1dio Life FM","isPartOf":{"@id":"https:\/\/radiolifefm.com.br\/noticias\/#website"},"primaryImageOfPage":{"@id":"https:\/\/radiolifefm.com.br\/noticias\/life_em-homenagem-de-dia-dos-pais-life-fm-evidencia-o-popular-laercio-da-farmacia-no-quadro-tal-pai-tal-filho_new\/#primaryimage"},"image":{"@id":"https:\/\/radiolifefm.com.br\/noticias\/life_em-homenagem-de-dia-dos-pais-life-fm-evidencia-o-popular-laercio-da-farmacia-no-quadro-tal-pai-tal-filho_new\/#primaryimage"},"thumbnailUrl":"https:\/\/radiolifefm.com.br\/noticias\/wp-content\/uploads\/2022\/08\/photo_5168315425417702008_y-e1660398697620.jpg","datePublished":"2022-08-13T14:07:34+00:00","dateModified":"2026-04-20T03:09:53+00:00","breadcrumb":{"@id":"https:\/\/radiolifefm.com.br\/noticias\/life_em-homenagem-de-dia-dos-pais-life-fm-evidencia-o-popular-laercio-da-farmacia-no-quadro-tal-pai-tal-filho_new\/#breadcrumb"},"inLanguage":"pt-BR","potentialAction":[{"@type":"ReadAction","target":["https:\/\/radiolifefm.com.br\/noticias\/life_em-homenagem-de-dia-dos-pais-life-fm-evidencia-o-popular-laercio-da-farmacia-no-quadro-tal-pai-tal-filho_new\/"]}]},{"@type":"ImageObject","inLanguage":"pt-BR","@id":"https:\/\/radiolifefm.com.br\/noticias\/life_em-homenagem-de-dia-dos-pais-life-fm-evidencia-o-popular-laercio-da-farmacia-no-quadro-tal-pai-tal-filho_new\/#primaryimage","url":"https:\/\/radiolifefm.com.br\/noticias\/wp-content\/uploads\/2022\/08\/photo_5168315425417702008_y-e1660398697620.jpg","contentUrl":"https:\/\/radiolifefm.com.br\/noticias\/wp-content\/uploads\/2022\/08\/photo_5168315425417702008_y-e1660398697620.jpg","width":1139,"height":758},{"@type":"BreadcrumbList","@id":"https:\/\/radiolifefm.com.br\/noticias\/life_em-homenagem-de-dia-dos-pais-life-fm-evidencia-o-popular-laercio-da-farmacia-no-quadro-tal-pai-tal-filho_new\/#breadcrumb","itemListElement":[{"@type":"ListItem","position":1,"name":"In\u00edcio","item":"https:\/\/radiolifefm.com.br\/noticias\/"},{"@type":"ListItem","position":2,"name":"Em homenagem de Dia dos Pais, Life FM evidencia o popular &#8216;Laercio da Farm\u00e1cia&#8217; no quadro &#8216;Tal pai, tal filho&#8217;"}]},{"@type":"WebSite","@id":"https:\/\/radiolifefm.com.br\/noticias\/#website","url":"https:\/\/radiolifefm.com.br\/noticias\/","name":"R\u00e1dio Life FM","description":"O Portal de Not\u00edcias de Adamantina","publisher":{"@id":"https:\/\/radiolifefm.com.br\/noticias\/#organization"},"alternateName":"Life FM","potentialAction":[{"@type":"SearchAction","target":{"@type":"EntryPoint","urlTemplate":"https:\/\/radiolifefm.com.br\/noticias\/?s={search_term_string}"},"query-input":{"@type":"PropertyValueSpecification","valueRequired":true,"valueName":"search_term_string"}}],"inLanguage":"pt-BR"},{"@type":"Organization","@id":"https:\/\/radiolifefm.com.br\/noticias\/#organization","name":"R\u00e1dio Life FM","alternateName":"Life FM","url":"https:\/\/radiolifefm.com.br\/noticias\/","logo":{"@type":"ImageObject","inLanguage":"pt-BR","@id":"https:\/\/radiolifefm.com.br\/noticias\/#\/schema\/logo\/image\/","url":"https:\/\/static.radiolifefm.com.br\/noticias\/wp-content\/uploads\/2019\/10\/logo-lifefm.png","contentUrl":"https:\/\/static.radiolifefm.com.br\/noticias\/wp-content\/uploads\/2019\/10\/logo-lifefm.png","width":196,"height":47,"caption":"R\u00e1dio Life FM"},"image":{"@id":"https:\/\/radiolifefm.com.br\/noticias\/#\/schema\/logo\/image\/"},"sameAs":["https:\/\/www.facebook.com\/radiolifefm\/","https:\/\/www.instagram.com\/life1079fm\/"]},{"@type":"Person","@id":"https:\/\/radiolifefm.com.br\/noticias\/#\/schema\/person\/d37940c51f50a0c5db4e065bb527a35d","name":"mayraferrari","image":{"@type":"ImageObject","inLanguage":"pt-BR","@id":"https:\/\/secure.gravatar.com\/avatar\/69374fafea2eae004e87f555bcb8bb6e24c5d501c2ffec6bbedf0a8f25427b93?s=96&d=mm&r=g","url":"https:\/\/secure.gravatar.com\/avatar\/69374fafea2eae004e87f555bcb8bb6e24c5d501c2ffec6bbedf0a8f25427b93?s=96&d=mm&r=g","contentUrl":"https:\/\/secure.gravatar.com\/avatar\/69374fafea2eae004e87f555bcb8bb6e24c5d501c2ffec6bbedf0a8f25427b93?s=96&d=mm&r=g","caption":"mayraferrari"}}]}},"amp_enabled":true,"_links":{"self":[{"href":"https:\/\/radiolifefm.com.br\/noticias\/wp-json\/wp\/v2\/posts\/56911","targetHints":{"allow":["GET"]}}],"collection":[{"href":"https:\/\/radiolifefm.com.br\/noticias\/wp-json\/wp\/v2\/posts"}],"about":[{"href":"https:\/\/radiolifefm.com.br\/noticias\/wp-json\/wp\/v2\/types\/post"}],"author":[{"embeddable":true,"href":"https:\/\/radiolifefm.com.br\/noticias\/wp-json\/wp\/v2\/users\/12"}],"replies":[{"embeddable":true,"href":"https:\/\/radiolifefm.com.br\/noticias\/wp-json\/wp\/v2\/comments?post=56911"}],"version-history":[{"count":1,"href":"https:\/\/radiolifefm.com.br\/noticias\/wp-json\/wp\/v2\/posts\/56911\/revisions"}],"predecessor-version":[{"id":56920,"href":"https:\/\/radiolifefm.com.br\/noticias\/wp-json\/wp\/v2\/posts\/56911\/revisions\/56920"}],"wp:featuredmedia":[{"embeddable":true,"href":"https:\/\/radiolifefm.com.br\/noticias\/wp-json\/wp\/v2\/media\/56912"}],"wp:attachment":[{"href":"https:\/\/radiolifefm.com.br\/noticias\/wp-json\/wp\/v2\/media?parent=56911"}],"wp:term":[{"taxonomy":"category","embeddable":true,"href":"https:\/\/radiolifefm.com.br\/noticias\/wp-json\/wp\/v2\/categories?post=56911"},{"taxonomy":"post_tag","embeddable":true,"href":"https:\/\/radiolifefm.com.br\/noticias\/wp-json\/wp\/v2\/tags?post=56911"}],"curies":[{"name":"wp","href":"https:\/\/api.w.org\/{rel}","templated":true}]}}