{"id":56832,"date":"2022-08-10T19:26:28","date_gmt":"2022-08-10T22:26:28","guid":{"rendered":"https:\/\/radiolifefm.com.br\/noticias\/?p=56832"},"modified":"2026-01-23T20:17:43","modified_gmt":"2026-01-23T23:17:43","slug":"revelada-grade-de-shows-da-expoverde-2022-com-safadao-ana-castela-luan-pereira-teodoro-e-sampaio-e-galinha-pintadinha","status":"publish","type":"post","link":"https:\/\/radiolifefm.com.br\/noticias\/revelada-grade-de-shows-da-expoverde-2022-com-safadao-ana-castela-luan-pereira-teodoro-e-sampaio-e-galinha-pintadinha\/","title":{"rendered":"Revelada grade de shows da ExpoVerde 2022 com Safad\u00e3o, Ana Castela, Luan Pereira, Teodoro e Sampaio e Galinha Pintadinha"},"content":{"rendered":"<div id=\"fb-root\"><\/div>\n<p>Ap\u00f3s dias de muita expectativa, em Live transmitida nas redes sociais nesta noite de quarta-feira (10), a Comiss\u00e3o Organizadora da 30\u00aa Feira do Verde e Exposi\u00e7\u00e3o Agropecu\u00e1ria, Comercial e Industrial de Adamantina \u2013 ExpoVerde 2022 revelou a grade de shows que abrilhantar\u00e1 os 6 dias, de 30 de agosto a 4 de setembro.<\/p>\n<p>J\u00e1 na abertura, ter\u00e7a-feira, o p\u00fablico ter\u00e1 como presente ningu\u00e9m menos que Wesley Safad\u00e3o; contrata\u00e7\u00e3o inclusive que motivou os organizadores ampliarem a dura\u00e7\u00e3o da festa, de 5 para 6 dias neste ano.<\/p>\n<p>Nos outros dias subir\u00e3o ao palco do Recinto Poliesportivo: quarta-feira \u2013 Ana Castela; quinta-feira \u2013 Luan Pereira; sexta-feira \u2013 Teodoro &amp; Sampaio para resgatar o estilo sertanejo raiz do evento; s\u00e1bado \u2013 Lauana Prado.<\/p>\n<p>Para fechar a 30\u00aa edi\u00e7\u00e3o da Expo, no domingo, a Comiss\u00e3o Organizadora decidiu inovar e presentear as crian\u00e7as, para tamb\u00e9m atrair as fam\u00edlias ao Poli, sendo assim trar\u00e1 o show infantil in\u00e9dito Galinha Pintadinha.<\/p>\n<p>\u201cEstamos muito felizes em conseguir oferecer \u00e0 popula\u00e7\u00e3o uma grade com artistas de alto n\u00edvel como estes, que acreditamos que v\u00e3o agradar quase todos os p\u00fablicos. Nosso compromisso, enquanto Comiss\u00e3o Organizadora, \u00e9 pensar, trabalhar para realizar e trazer uma festa que agrade a popula\u00e7\u00e3o e fique marcada na hist\u00f3ria, por isso estamos nos empenhando diariamente para fazer um evento nos padr\u00f5es e \u00e0 altura da grandeza da ExpoVerde\u201d, comemorou o presidente Gustavo Rufino ao falar para o Folha Regional.<\/p>\n<p>A ExpoVerde \u00e9 o maior evento gratuito da Nova Alta Paulista e um dos maiores do Oeste paulista, com entrada gratuita todos os dias.<\/p>\n<p>\u201cEm todas as \u00e1reas da nossa Administra\u00e7\u00e3o temos priorizado beneficiar a \u00b4popula\u00e7\u00e3o. E nos eventos n\u00e3o pode ser diferente. Pensando assim, estamos estruturando a ExpoVerde 2022 para promover entretenimento e ao mesmo tempo fomentar a gera\u00e7\u00e3o de neg\u00f3cios. Ent\u00e3o, usando como base a seriedade da nossa gest\u00e3o e contando com a dedica\u00e7\u00e3o e a capacidade de cada membro da Comiss\u00e3o, n\u00e3o tenho d\u00favidas que realizaremos uma festa marcante para Adamantina\u201d, ressaltou \u00e0 reportagem do FR o prefeito M\u00e1rcio Cardim.<\/p>\n<p>O tema desta edi\u00e7\u00e3o ser\u00e1 \u2018Turismo com Sustentabilidade\u2019.<\/p>\n<p>A expectativa da Comiss\u00e3o \u00e9 que mais de 100 mil pessoas passem pelo Recinto Poliesportivo de 30 de agosto a 4 de setembro.<\/p>\n<p>&nbsp;<\/p>\n<p>Fonte: Adamantina Net<\/p>\n","protected":false},"excerpt":{"rendered":"<p>Ap\u00f3s dias de muita expectativa, em Live transmitida nas redes sociais nesta noite de quarta-feira (10), a Comiss\u00e3o Organizadora da 30\u00aa Feira do Verde e Exposi\u00e7\u00e3o Agropecu\u00e1ria, Comercial e Industrial de Adamantina \u2013 ExpoVerde 2022 revelou a grade de shows que abrilhantar\u00e1 os 6 dias, de 30 de agosto a 4 de setembro. J\u00e1 na [&hellip;]<\/p>\n","protected":false},"author":13,"featured_media":56833,"comment_status":"open","ping_status":"open","sticky":false,"template":"","format":"standard","meta":{"_acf_changed":false,"_exactmetrics_skip_tracking":false,"_exactmetrics_sitenote_active":false,"_exactmetrics_sitenote_note":"","_exactmetrics_sitenote_category":0,"footnotes":""},"categories":[21],"tags":[],"class_list":["post-56832","post","type-post","status-publish","format-standard","has-post-thumbnail","hentry","category-adamantina"],"acf":[],"yoast_head":"<!-- This site is optimized with the Yoast SEO plugin v27.2 - https:\/\/yoast.com\/product\/yoast-seo-wordpress\/ -->\n<title>Revelada grade de shows da ExpoVerde 2022 com Safad\u00e3o, Ana Castela, Luan Pereira, Teodoro e Sampaio e Galinha Pintadinha - R\u00e1dio Life FM<\/title>\n<meta name=\"robots\" content=\"index, follow, max-snippet:-1, max-image-preview:large, max-video-preview:-1\" \/>\n<link rel=\"canonical\" href=\"https:\/\/radiolifefm.com.br\/noticias\/revelada-grade-de-shows-da-expoverde-2022-com-safadao-ana-castela-luan-pereira-teodoro-e-sampaio-e-galinha-pintadinha\/\" \/>\n<meta property=\"og:locale\" content=\"pt_BR\" \/>\n<meta property=\"og:type\" content=\"article\" \/>\n<meta property=\"og:title\" content=\"Revelada grade de shows da ExpoVerde 2022 com Safad\u00e3o, Ana Castela, Luan Pereira, Teodoro e Sampaio e Galinha Pintadinha - R\u00e1dio Life FM\" \/>\n<meta property=\"og:description\" content=\"Ap\u00f3s dias de muita expectativa, em Live transmitida nas redes sociais nesta noite de quarta-feira (10), a Comiss\u00e3o Organizadora da 30\u00aa Feira do Verde e Exposi\u00e7\u00e3o Agropecu\u00e1ria, Comercial e Industrial de Adamantina \u2013 ExpoVerde 2022 revelou a grade de shows que abrilhantar\u00e1 os 6 dias, de 30 de agosto a 4 de setembro. J\u00e1 na [&hellip;]\" \/>\n<meta property=\"og:url\" content=\"https:\/\/radiolifefm.com.br\/noticias\/revelada-grade-de-shows-da-expoverde-2022-com-safadao-ana-castela-luan-pereira-teodoro-e-sampaio-e-galinha-pintadinha\/\" \/>\n<meta property=\"og:site_name\" content=\"R\u00e1dio Life FM\" \/>\n<meta property=\"article:publisher\" content=\"https:\/\/www.facebook.com\/radiolifefm\/\" \/>\n<meta property=\"article:published_time\" content=\"2022-08-10T22:26:28+00:00\" \/>\n<meta property=\"article:modified_time\" content=\"2026-01-23T23:17:43+00:00\" \/>\n<meta property=\"og:image\" content=\"https:\/\/radiolifefm.com.br\/noticias\/wp-content\/uploads\/2022\/08\/cats-26.jpg\" \/>\n\t<meta property=\"og:image:width\" content=\"1280\" \/>\n\t<meta property=\"og:image:height\" content=\"720\" \/>\n\t<meta property=\"og:image:type\" content=\"image\/jpeg\" \/>\n<meta name=\"author\" content=\"ritanery\" \/>\n<meta name=\"twitter:card\" content=\"summary_large_image\" \/>\n<meta name=\"twitter:label1\" content=\"Escrito por\" \/>\n\t<meta name=\"twitter:data1\" content=\"ritanery\" \/>\n\t<meta name=\"twitter:label2\" content=\"Est. tempo de leitura\" \/>\n\t<meta name=\"twitter:data2\" content=\"3 minutos\" \/>\n<script type=\"application\/ld+json\" class=\"yoast-schema-graph\">{\"@context\":\"https:\/\/schema.org\",\"@graph\":[{\"@type\":\"Article\",\"@id\":\"https:\/\/radiolifefm.com.br\/noticias\/revelada-grade-de-shows-da-expoverde-2022-com-safadao-ana-castela-luan-pereira-teodoro-e-sampaio-e-galinha-pintadinha\/#article\",\"isPartOf\":{\"@id\":\"https:\/\/radiolifefm.com.br\/noticias\/revelada-grade-de-shows-da-expoverde-2022-com-safadao-ana-castela-luan-pereira-teodoro-e-sampaio-e-galinha-pintadinha\/\"},\"author\":{\"name\":\"ritanery\",\"@id\":\"https:\/\/radiolifefm.com.br\/noticias\/#\/schema\/person\/6339b9fac59d12b071dec680d7375d87\"},\"headline\":\"Revelada grade de shows da ExpoVerde 2022 com Safad\u00e3o, Ana Castela, Luan Pereira, Teodoro e Sampaio e Galinha Pintadinha\",\"datePublished\":\"2022-08-10T22:26:28+00:00\",\"dateModified\":\"2026-01-23T23:17:43+00:00\",\"mainEntityOfPage\":{\"@id\":\"https:\/\/radiolifefm.com.br\/noticias\/revelada-grade-de-shows-da-expoverde-2022-com-safadao-ana-castela-luan-pereira-teodoro-e-sampaio-e-galinha-pintadinha\/\"},\"wordCount\":405,\"commentCount\":0,\"publisher\":{\"@id\":\"https:\/\/radiolifefm.com.br\/noticias\/#organization\"},\"image\":{\"@id\":\"https:\/\/radiolifefm.com.br\/noticias\/revelada-grade-de-shows-da-expoverde-2022-com-safadao-ana-castela-luan-pereira-teodoro-e-sampaio-e-galinha-pintadinha\/#primaryimage\"},\"thumbnailUrl\":\"https:\/\/radiolifefm.com.br\/noticias\/wp-content\/uploads\/2022\/08\/cats-26.jpg\",\"articleSection\":[\"Adamantina\"],\"inLanguage\":\"pt-BR\",\"potentialAction\":[{\"@type\":\"CommentAction\",\"name\":\"Comment\",\"target\":[\"https:\/\/radiolifefm.com.br\/noticias\/revelada-grade-de-shows-da-expoverde-2022-com-safadao-ana-castela-luan-pereira-teodoro-e-sampaio-e-galinha-pintadinha\/#respond\"]}]},{\"@type\":\"WebPage\",\"@id\":\"https:\/\/radiolifefm.com.br\/noticias\/revelada-grade-de-shows-da-expoverde-2022-com-safadao-ana-castela-luan-pereira-teodoro-e-sampaio-e-galinha-pintadinha\/\",\"url\":\"https:\/\/radiolifefm.com.br\/noticias\/revelada-grade-de-shows-da-expoverde-2022-com-safadao-ana-castela-luan-pereira-teodoro-e-sampaio-e-galinha-pintadinha\/\",\"name\":\"Revelada grade de shows da ExpoVerde 2022 com Safad\u00e3o, Ana Castela, Luan Pereira, Teodoro e Sampaio e Galinha Pintadinha - R\u00e1dio Life FM\",\"isPartOf\":{\"@id\":\"https:\/\/radiolifefm.com.br\/noticias\/#website\"},\"primaryImageOfPage\":{\"@id\":\"https:\/\/radiolifefm.com.br\/noticias\/revelada-grade-de-shows-da-expoverde-2022-com-safadao-ana-castela-luan-pereira-teodoro-e-sampaio-e-galinha-pintadinha\/#primaryimage\"},\"image\":{\"@id\":\"https:\/\/radiolifefm.com.br\/noticias\/revelada-grade-de-shows-da-expoverde-2022-com-safadao-ana-castela-luan-pereira-teodoro-e-sampaio-e-galinha-pintadinha\/#primaryimage\"},\"thumbnailUrl\":\"https:\/\/radiolifefm.com.br\/noticias\/wp-content\/uploads\/2022\/08\/cats-26.jpg\",\"datePublished\":\"2022-08-10T22:26:28+00:00\",\"dateModified\":\"2026-01-23T23:17:43+00:00\",\"breadcrumb\":{\"@id\":\"https:\/\/radiolifefm.com.br\/noticias\/revelada-grade-de-shows-da-expoverde-2022-com-safadao-ana-castela-luan-pereira-teodoro-e-sampaio-e-galinha-pintadinha\/#breadcrumb\"},\"inLanguage\":\"pt-BR\",\"potentialAction\":[{\"@type\":\"ReadAction\",\"target\":[\"https:\/\/radiolifefm.com.br\/noticias\/revelada-grade-de-shows-da-expoverde-2022-com-safadao-ana-castela-luan-pereira-teodoro-e-sampaio-e-galinha-pintadinha\/\"]}]},{\"@type\":\"ImageObject\",\"inLanguage\":\"pt-BR\",\"@id\":\"https:\/\/radiolifefm.com.br\/noticias\/revelada-grade-de-shows-da-expoverde-2022-com-safadao-ana-castela-luan-pereira-teodoro-e-sampaio-e-galinha-pintadinha\/#primaryimage\",\"url\":\"https:\/\/radiolifefm.com.br\/noticias\/wp-content\/uploads\/2022\/08\/cats-26.jpg\",\"contentUrl\":\"https:\/\/radiolifefm.com.br\/noticias\/wp-content\/uploads\/2022\/08\/cats-26.jpg\",\"width\":1280,\"height\":720},{\"@type\":\"BreadcrumbList\",\"@id\":\"https:\/\/radiolifefm.com.br\/noticias\/revelada-grade-de-shows-da-expoverde-2022-com-safadao-ana-castela-luan-pereira-teodoro-e-sampaio-e-galinha-pintadinha\/#breadcrumb\",\"itemListElement\":[{\"@type\":\"ListItem\",\"position\":1,\"name\":\"In\u00edcio\",\"item\":\"https:\/\/radiolifefm.com.br\/noticias\/\"},{\"@type\":\"ListItem\",\"position\":2,\"name\":\"Revelada grade de shows da ExpoVerde 2022 com Safad\u00e3o, Ana Castela, Luan Pereira, Teodoro e Sampaio e Galinha Pintadinha\"}]},{\"@type\":\"WebSite\",\"@id\":\"https:\/\/radiolifefm.com.br\/noticias\/#website\",\"url\":\"https:\/\/radiolifefm.com.br\/noticias\/\",\"name\":\"R\u00e1dio Life FM\",\"description\":\"O Portal de Not\u00edcias de Adamantina\",\"publisher\":{\"@id\":\"https:\/\/radiolifefm.com.br\/noticias\/#organization\"},\"alternateName\":\"Life FM\",\"potentialAction\":[{\"@type\":\"SearchAction\",\"target\":{\"@type\":\"EntryPoint\",\"urlTemplate\":\"https:\/\/radiolifefm.com.br\/noticias\/?s={search_term_string}\"},\"query-input\":{\"@type\":\"PropertyValueSpecification\",\"valueRequired\":true,\"valueName\":\"search_term_string\"}}],\"inLanguage\":\"pt-BR\"},{\"@type\":\"Organization\",\"@id\":\"https:\/\/radiolifefm.com.br\/noticias\/#organization\",\"name\":\"R\u00e1dio Life FM\",\"alternateName\":\"Life FM\",\"url\":\"https:\/\/radiolifefm.com.br\/noticias\/\",\"logo\":{\"@type\":\"ImageObject\",\"inLanguage\":\"pt-BR\",\"@id\":\"https:\/\/radiolifefm.com.br\/noticias\/#\/schema\/logo\/image\/\",\"url\":\"https:\/\/static.radiolifefm.com.br\/noticias\/wp-content\/uploads\/2019\/10\/logo-lifefm.png\",\"contentUrl\":\"https:\/\/static.radiolifefm.com.br\/noticias\/wp-content\/uploads\/2019\/10\/logo-lifefm.png\",\"width\":196,\"height\":47,\"caption\":\"R\u00e1dio Life FM\"},\"image\":{\"@id\":\"https:\/\/radiolifefm.com.br\/noticias\/#\/schema\/logo\/image\/\"},\"sameAs\":[\"https:\/\/www.facebook.com\/radiolifefm\/\",\"https:\/\/www.instagram.com\/life1079fm\/\"]},{\"@type\":\"Person\",\"@id\":\"https:\/\/radiolifefm.com.br\/noticias\/#\/schema\/person\/6339b9fac59d12b071dec680d7375d87\",\"name\":\"ritanery\",\"image\":{\"@type\":\"ImageObject\",\"inLanguage\":\"pt-BR\",\"@id\":\"https:\/\/secure.gravatar.com\/avatar\/0e37bb19071f47c0b8a23f62a903df117c5a0e75f65a0c2901562f97cd41cf86?s=96&d=mm&r=g\",\"url\":\"https:\/\/secure.gravatar.com\/avatar\/0e37bb19071f47c0b8a23f62a903df117c5a0e75f65a0c2901562f97cd41cf86?s=96&d=mm&r=g\",\"contentUrl\":\"https:\/\/secure.gravatar.com\/avatar\/0e37bb19071f47c0b8a23f62a903df117c5a0e75f65a0c2901562f97cd41cf86?s=96&d=mm&r=g\",\"caption\":\"ritanery\"}}]}<\/script>\n<!-- \/ Yoast SEO plugin. -->","yoast_head_json":{"title":"Revelada grade de shows da ExpoVerde 2022 com Safad\u00e3o, Ana Castela, Luan Pereira, Teodoro e Sampaio e Galinha Pintadinha - R\u00e1dio Life FM","robots":{"index":"index","follow":"follow","max-snippet":"max-snippet:-1","max-image-preview":"max-image-preview:large","max-video-preview":"max-video-preview:-1"},"canonical":"https:\/\/radiolifefm.com.br\/noticias\/revelada-grade-de-shows-da-expoverde-2022-com-safadao-ana-castela-luan-pereira-teodoro-e-sampaio-e-galinha-pintadinha\/","og_locale":"pt_BR","og_type":"article","og_title":"Revelada grade de shows da ExpoVerde 2022 com Safad\u00e3o, Ana Castela, Luan Pereira, Teodoro e Sampaio e Galinha Pintadinha - R\u00e1dio Life FM","og_description":"Ap\u00f3s dias de muita expectativa, em Live transmitida nas redes sociais nesta noite de quarta-feira (10), a Comiss\u00e3o Organizadora da 30\u00aa Feira do Verde e Exposi\u00e7\u00e3o Agropecu\u00e1ria, Comercial e Industrial de Adamantina \u2013 ExpoVerde 2022 revelou a grade de shows que abrilhantar\u00e1 os 6 dias, de 30 de agosto a 4 de setembro. J\u00e1 na [&hellip;]","og_url":"https:\/\/radiolifefm.com.br\/noticias\/revelada-grade-de-shows-da-expoverde-2022-com-safadao-ana-castela-luan-pereira-teodoro-e-sampaio-e-galinha-pintadinha\/","og_site_name":"R\u00e1dio Life FM","article_publisher":"https:\/\/www.facebook.com\/radiolifefm\/","article_published_time":"2022-08-10T22:26:28+00:00","article_modified_time":"2026-01-23T23:17:43+00:00","og_image":[{"width":1280,"height":720,"url":"https:\/\/radiolifefm.com.br\/noticias\/wp-content\/uploads\/2022\/08\/cats-26.jpg","type":"image\/jpeg"}],"author":"ritanery","twitter_card":"summary_large_image","twitter_misc":{"Escrito por":"ritanery","Est. tempo de leitura":"3 minutos"},"schema":{"@context":"https:\/\/schema.org","@graph":[{"@type":"Article","@id":"https:\/\/radiolifefm.com.br\/noticias\/revelada-grade-de-shows-da-expoverde-2022-com-safadao-ana-castela-luan-pereira-teodoro-e-sampaio-e-galinha-pintadinha\/#article","isPartOf":{"@id":"https:\/\/radiolifefm.com.br\/noticias\/revelada-grade-de-shows-da-expoverde-2022-com-safadao-ana-castela-luan-pereira-teodoro-e-sampaio-e-galinha-pintadinha\/"},"author":{"name":"ritanery","@id":"https:\/\/radiolifefm.com.br\/noticias\/#\/schema\/person\/6339b9fac59d12b071dec680d7375d87"},"headline":"Revelada grade de shows da ExpoVerde 2022 com Safad\u00e3o, Ana Castela, Luan Pereira, Teodoro e Sampaio e Galinha Pintadinha","datePublished":"2022-08-10T22:26:28+00:00","dateModified":"2026-01-23T23:17:43+00:00","mainEntityOfPage":{"@id":"https:\/\/radiolifefm.com.br\/noticias\/revelada-grade-de-shows-da-expoverde-2022-com-safadao-ana-castela-luan-pereira-teodoro-e-sampaio-e-galinha-pintadinha\/"},"wordCount":405,"commentCount":0,"publisher":{"@id":"https:\/\/radiolifefm.com.br\/noticias\/#organization"},"image":{"@id":"https:\/\/radiolifefm.com.br\/noticias\/revelada-grade-de-shows-da-expoverde-2022-com-safadao-ana-castela-luan-pereira-teodoro-e-sampaio-e-galinha-pintadinha\/#primaryimage"},"thumbnailUrl":"https:\/\/radiolifefm.com.br\/noticias\/wp-content\/uploads\/2022\/08\/cats-26.jpg","articleSection":["Adamantina"],"inLanguage":"pt-BR","potentialAction":[{"@type":"CommentAction","name":"Comment","target":["https:\/\/radiolifefm.com.br\/noticias\/revelada-grade-de-shows-da-expoverde-2022-com-safadao-ana-castela-luan-pereira-teodoro-e-sampaio-e-galinha-pintadinha\/#respond"]}]},{"@type":"WebPage","@id":"https:\/\/radiolifefm.com.br\/noticias\/revelada-grade-de-shows-da-expoverde-2022-com-safadao-ana-castela-luan-pereira-teodoro-e-sampaio-e-galinha-pintadinha\/","url":"https:\/\/radiolifefm.com.br\/noticias\/revelada-grade-de-shows-da-expoverde-2022-com-safadao-ana-castela-luan-pereira-teodoro-e-sampaio-e-galinha-pintadinha\/","name":"Revelada grade de shows da ExpoVerde 2022 com Safad\u00e3o, Ana Castela, Luan Pereira, Teodoro e Sampaio e Galinha Pintadinha - R\u00e1dio Life FM","isPartOf":{"@id":"https:\/\/radiolifefm.com.br\/noticias\/#website"},"primaryImageOfPage":{"@id":"https:\/\/radiolifefm.com.br\/noticias\/revelada-grade-de-shows-da-expoverde-2022-com-safadao-ana-castela-luan-pereira-teodoro-e-sampaio-e-galinha-pintadinha\/#primaryimage"},"image":{"@id":"https:\/\/radiolifefm.com.br\/noticias\/revelada-grade-de-shows-da-expoverde-2022-com-safadao-ana-castela-luan-pereira-teodoro-e-sampaio-e-galinha-pintadinha\/#primaryimage"},"thumbnailUrl":"https:\/\/radiolifefm.com.br\/noticias\/wp-content\/uploads\/2022\/08\/cats-26.jpg","datePublished":"2022-08-10T22:26:28+00:00","dateModified":"2026-01-23T23:17:43+00:00","breadcrumb":{"@id":"https:\/\/radiolifefm.com.br\/noticias\/revelada-grade-de-shows-da-expoverde-2022-com-safadao-ana-castela-luan-pereira-teodoro-e-sampaio-e-galinha-pintadinha\/#breadcrumb"},"inLanguage":"pt-BR","potentialAction":[{"@type":"ReadAction","target":["https:\/\/radiolifefm.com.br\/noticias\/revelada-grade-de-shows-da-expoverde-2022-com-safadao-ana-castela-luan-pereira-teodoro-e-sampaio-e-galinha-pintadinha\/"]}]},{"@type":"ImageObject","inLanguage":"pt-BR","@id":"https:\/\/radiolifefm.com.br\/noticias\/revelada-grade-de-shows-da-expoverde-2022-com-safadao-ana-castela-luan-pereira-teodoro-e-sampaio-e-galinha-pintadinha\/#primaryimage","url":"https:\/\/radiolifefm.com.br\/noticias\/wp-content\/uploads\/2022\/08\/cats-26.jpg","contentUrl":"https:\/\/radiolifefm.com.br\/noticias\/wp-content\/uploads\/2022\/08\/cats-26.jpg","width":1280,"height":720},{"@type":"BreadcrumbList","@id":"https:\/\/radiolifefm.com.br\/noticias\/revelada-grade-de-shows-da-expoverde-2022-com-safadao-ana-castela-luan-pereira-teodoro-e-sampaio-e-galinha-pintadinha\/#breadcrumb","itemListElement":[{"@type":"ListItem","position":1,"name":"In\u00edcio","item":"https:\/\/radiolifefm.com.br\/noticias\/"},{"@type":"ListItem","position":2,"name":"Revelada grade de shows da ExpoVerde 2022 com Safad\u00e3o, Ana Castela, Luan Pereira, Teodoro e Sampaio e Galinha Pintadinha"}]},{"@type":"WebSite","@id":"https:\/\/radiolifefm.com.br\/noticias\/#website","url":"https:\/\/radiolifefm.com.br\/noticias\/","name":"R\u00e1dio Life FM","description":"O Portal de Not\u00edcias de Adamantina","publisher":{"@id":"https:\/\/radiolifefm.com.br\/noticias\/#organization"},"alternateName":"Life FM","potentialAction":[{"@type":"SearchAction","target":{"@type":"EntryPoint","urlTemplate":"https:\/\/radiolifefm.com.br\/noticias\/?s={search_term_string}"},"query-input":{"@type":"PropertyValueSpecification","valueRequired":true,"valueName":"search_term_string"}}],"inLanguage":"pt-BR"},{"@type":"Organization","@id":"https:\/\/radiolifefm.com.br\/noticias\/#organization","name":"R\u00e1dio Life FM","alternateName":"Life FM","url":"https:\/\/radiolifefm.com.br\/noticias\/","logo":{"@type":"ImageObject","inLanguage":"pt-BR","@id":"https:\/\/radiolifefm.com.br\/noticias\/#\/schema\/logo\/image\/","url":"https:\/\/static.radiolifefm.com.br\/noticias\/wp-content\/uploads\/2019\/10\/logo-lifefm.png","contentUrl":"https:\/\/static.radiolifefm.com.br\/noticias\/wp-content\/uploads\/2019\/10\/logo-lifefm.png","width":196,"height":47,"caption":"R\u00e1dio Life FM"},"image":{"@id":"https:\/\/radiolifefm.com.br\/noticias\/#\/schema\/logo\/image\/"},"sameAs":["https:\/\/www.facebook.com\/radiolifefm\/","https:\/\/www.instagram.com\/life1079fm\/"]},{"@type":"Person","@id":"https:\/\/radiolifefm.com.br\/noticias\/#\/schema\/person\/6339b9fac59d12b071dec680d7375d87","name":"ritanery","image":{"@type":"ImageObject","inLanguage":"pt-BR","@id":"https:\/\/secure.gravatar.com\/avatar\/0e37bb19071f47c0b8a23f62a903df117c5a0e75f65a0c2901562f97cd41cf86?s=96&d=mm&r=g","url":"https:\/\/secure.gravatar.com\/avatar\/0e37bb19071f47c0b8a23f62a903df117c5a0e75f65a0c2901562f97cd41cf86?s=96&d=mm&r=g","contentUrl":"https:\/\/secure.gravatar.com\/avatar\/0e37bb19071f47c0b8a23f62a903df117c5a0e75f65a0c2901562f97cd41cf86?s=96&d=mm&r=g","caption":"ritanery"}}]}},"amp_enabled":true,"_links":{"self":[{"href":"https:\/\/radiolifefm.com.br\/noticias\/wp-json\/wp\/v2\/posts\/56832","targetHints":{"allow":["GET"]}}],"collection":[{"href":"https:\/\/radiolifefm.com.br\/noticias\/wp-json\/wp\/v2\/posts"}],"about":[{"href":"https:\/\/radiolifefm.com.br\/noticias\/wp-json\/wp\/v2\/types\/post"}],"author":[{"embeddable":true,"href":"https:\/\/radiolifefm.com.br\/noticias\/wp-json\/wp\/v2\/users\/13"}],"replies":[{"embeddable":true,"href":"https:\/\/radiolifefm.com.br\/noticias\/wp-json\/wp\/v2\/comments?post=56832"}],"version-history":[{"count":2,"href":"https:\/\/radiolifefm.com.br\/noticias\/wp-json\/wp\/v2\/posts\/56832\/revisions"}],"predecessor-version":[{"id":56835,"href":"https:\/\/radiolifefm.com.br\/noticias\/wp-json\/wp\/v2\/posts\/56832\/revisions\/56835"}],"wp:featuredmedia":[{"embeddable":true,"href":"https:\/\/radiolifefm.com.br\/noticias\/wp-json\/wp\/v2\/media\/56833"}],"wp:attachment":[{"href":"https:\/\/radiolifefm.com.br\/noticias\/wp-json\/wp\/v2\/media?parent=56832"}],"wp:term":[{"taxonomy":"category","embeddable":true,"href":"https:\/\/radiolifefm.com.br\/noticias\/wp-json\/wp\/v2\/categories?post=56832"},{"taxonomy":"post_tag","embeddable":true,"href":"https:\/\/radiolifefm.com.br\/noticias\/wp-json\/wp\/v2\/tags?post=56832"}],"curies":[{"name":"wp","href":"https:\/\/api.w.org\/{rel}","templated":true}]}}