{"id":56776,"date":"2022-08-09T19:08:11","date_gmt":"2022-08-09T22:08:11","guid":{"rendered":"https:\/\/radiolifefm.com.br\/noticias\/?p=56776"},"modified":"2026-04-08T23:27:02","modified_gmt":"2026-04-09T02:27:02","slug":"procon-de-adamantina-orienta-sobre-a-compra-de-presentes-para-os-pais","status":"publish","type":"post","link":"https:\/\/radiolifefm.com.br\/noticias\/procon-de-adamantina-orienta-sobre-a-compra-de-presentes-para-os-pais\/","title":{"rendered":"Procon de Adamantina orienta sobre a compra de presentes para os pais"},"content":{"rendered":"<div id=\"fb-root\"><\/div>\n<p style=\"font-weight: 400\">Com a aproxima\u00e7\u00e3o do Dia dos PAIS, o Procon de Adamantina, \u00f3rg\u00e3o vinculado a Secretaria Municipal de Desenvolvimento Econ\u00f4mico orienta aos consumidores que ir\u00e3o adquirir produtos ou contratar servi\u00e7os t\u00edpicos deste dia:<\/p>\n<p style=\"font-weight: 400\"><strong><u>\u00a0<\/u><\/strong><\/p>\n<p style=\"font-weight: 400\">\u00a0\u00a0\u00a0 O Consumidor deve evitar fazer as compras de forma apressada para assim, poder avaliar e escolher com cuidado os produtos. Deve ser verificado o estado da mercadoria e, quando poss\u00edvel, abrir a embalagem e checar no local se ela funciona e se o n\u00famero de pe\u00e7as e acess\u00f3rios que acompanham\u00a0o produto est\u00e3o de acordo com as informa\u00e7\u00f5es da embalagem.<\/p>\n<p style=\"font-weight: 400\">\n<p style=\"font-weight: 400\">\u00a0\u00a0\u00a0\u00a0 A troca de presentes por cor, tamanho e gosto \u00e9 uma liberdade do estabelecimento, se houver promessa de troca por parte do vendedor, esta deve ser exigida por escrito na nota fiscal. Evitar compras por impulso \u00e9 uma atitude prudente.<\/p>\n<p style=\"font-weight: 400\">\n<p style=\"font-weight: 400\">Uma vez escolhido o item, fa\u00e7a uma boa pesquisa de pre\u00e7os, checando bem a veracidade de promo\u00e7\u00f5es especiais.<\/p>\n<p style=\"font-weight: 400\">\n<p style=\"font-weight: 400\">\u00a0\u00a0\u00a0\u00a0 Ao adquirir eletroeletr\u00f4nico solicite do vendedor uma demonstra\u00e7\u00e3o do funcionamento do produto, avaliando se vale a pena adquirir itens mais sofisticados e, consequentemente, mais caros.<\/p>\n<p style=\"font-weight: 400\">\n<p style=\"font-weight: 400\">Caso haja prefer\u00eancia por aparelho celular deve ser muito bem avaliado n\u00e3o s\u00f3 o pre\u00e7o do produto, como dos servi\u00e7os oferecidos (sinal, habilita\u00e7\u00e3o, tarifas, pacotes, promo\u00e7\u00f5es), observe com aten\u00e7\u00e3o a garantia contratual e a rede de assist\u00eancia t\u00e9cnica do fabricante.<\/p>\n<p style=\"font-weight: 400\">\n<p style=\"font-weight: 400\">\u00a0\u00a0\u00a0\u00a0 Na compra de produtos de perfumaria, bem como alimentos, verifique a adequa\u00e7\u00e3o da rotulagem\/embalagem \u00e0s exig\u00eancias do CDC (peso, volume, prazo de validade, composi\u00e7\u00e3o e registro no Minist\u00e9rio da Sa\u00fade), esteja atento a produtos falsificados ou piratas onde a grafia do r\u00f3tulo n\u00e3o \u00e9 em l\u00edngua portuguesa.<\/p>\n<p style=\"font-weight: 400\">\n<p style=\"font-weight: 400\">\u00a0\u00a0\u00a0\u00a0 Nas compras efetuadas por telefone, em domic\u00edlio, pela internet, por reembolso postal, o consumidor tem o direito de desistir da compra em at\u00e9 sete dias da assinatura do contrato ou do recebimento do produto (art. 49 CDC). Nesse caso o pedido de cancelamento deve ser feito por escrito, com c\u00f3pia protocolada.<\/p>\n<p style=\"font-weight: 400\">\n<p style=\"font-weight: 400\">\u00a0\u00a0\u00a0\u00a0 Nas compras a prazo, esteja atento aos juros cobrados, procurando evitar endividamento. O comerciante \u00e9 obrigado a informar o valor da mercadoria \u00e0 vista, a prazo, bem como os juros mensais cobrados, Lei 12.733\/07.<\/p>\n<p style=\"font-weight: 400\">\n<p style=\"font-weight: 400\">\u00a0\u00a0\u00a0\u00a0 Os restaurantes, lanchonetes e similares devem ter afixado o card\u00e1pio com os pre\u00e7os em moeda corrente, vis\u00edvel junto \u00e0 entrada do local. O pagamento de taxa de servi\u00e7o (ou gorjeta) \u00e9 op\u00e7\u00e3o do consumidor e s\u00f3 pode ser cobrada quando efetivamente houve a presta\u00e7\u00e3o do servi\u00e7o. Os consumidores t\u00eam direito \u00e0 informa\u00e7\u00e3o sobre as possibilidades de pagamento da conta (cart\u00e3o de cr\u00e9dito, cheque ou ticket).<\/p>\n<p style=\"font-weight: 400\">\n<p style=\"font-weight: 400\">\u00a0\u00a0\u00a0\u00a0\u00a0\u00a0\u00a0\u00a0\u00a0\u00a0\u00a0 O Cart\u00e3o de Cr\u00e9dito \u00e9 uma forma de pagamento eletr\u00f4nico para facilitar as compras, fique atento, pois quem paga somente o valor m\u00ednimo da fatura est\u00e1 deixando o restante do valor total para ser pago no pr\u00f3ximo m\u00eas, com juros, uma das principais causas do endividamento.<\/p>\n<p style=\"font-weight: 400\">\n<p style=\"font-weight: 400\">O Procon de Adamantina funciona na Avenida da Saudade n\u00ba 1072, no Poupatempo.<\/p>\n<p>&nbsp;<\/p>\n<p>Fonte: Assessoria de Imprensa<\/p>\n<p><strong>\u00a0<\/strong><\/p>\n<p><strong>\u00a0<\/strong><\/p>\n","protected":false},"excerpt":{"rendered":"<p>Com a aproxima\u00e7\u00e3o do Dia dos PAIS, o Procon de Adamantina, \u00f3rg\u00e3o vinculado a Secretaria Municipal de Desenvolvimento Econ\u00f4mico orienta aos consumidores que ir\u00e3o adquirir produtos ou contratar servi\u00e7os t\u00edpicos deste dia: \u00a0 \u00a0\u00a0\u00a0 O Consumidor deve evitar fazer as compras de forma apressada para assim, poder avaliar e escolher com cuidado os produtos. Deve [&hellip;]<\/p>\n","protected":false},"author":13,"featured_media":27598,"comment_status":"closed","ping_status":"open","sticky":false,"template":"","format":"standard","meta":{"_acf_changed":false,"_exactmetrics_skip_tracking":false,"_exactmetrics_sitenote_active":false,"_exactmetrics_sitenote_note":"","_exactmetrics_sitenote_category":0,"footnotes":""},"categories":[21],"tags":[],"class_list":["post-56776","post","type-post","status-publish","format-standard","has-post-thumbnail","hentry","category-adamantina"],"acf":[],"yoast_head":"<!-- This site is optimized with the Yoast SEO plugin v27.2 - https:\/\/yoast.com\/product\/yoast-seo-wordpress\/ -->\n<title>Procon de Adamantina orienta sobre a compra de presentes para os pais - R\u00e1dio Life FM<\/title>\n<meta name=\"robots\" content=\"index, follow, max-snippet:-1, max-image-preview:large, max-video-preview:-1\" \/>\n<link rel=\"canonical\" href=\"https:\/\/radiolifefm.com.br\/noticias\/procon-de-adamantina-orienta-sobre-a-compra-de-presentes-para-os-pais\/\" \/>\n<meta property=\"og:locale\" content=\"pt_BR\" \/>\n<meta property=\"og:type\" content=\"article\" \/>\n<meta property=\"og:title\" content=\"Procon de Adamantina orienta sobre a compra de presentes para os pais - R\u00e1dio Life FM\" \/>\n<meta property=\"og:description\" content=\"Com a aproxima\u00e7\u00e3o do Dia dos PAIS, o Procon de Adamantina, \u00f3rg\u00e3o vinculado a Secretaria Municipal de Desenvolvimento Econ\u00f4mico orienta aos consumidores que ir\u00e3o adquirir produtos ou contratar servi\u00e7os t\u00edpicos deste dia: \u00a0 \u00a0\u00a0\u00a0 O Consumidor deve evitar fazer as compras de forma apressada para assim, poder avaliar e escolher com cuidado os produtos. Deve [&hellip;]\" \/>\n<meta property=\"og:url\" content=\"https:\/\/radiolifefm.com.br\/noticias\/procon-de-adamantina-orienta-sobre-a-compra-de-presentes-para-os-pais\/\" \/>\n<meta property=\"og:site_name\" content=\"R\u00e1dio Life FM\" \/>\n<meta property=\"article:publisher\" content=\"https:\/\/www.facebook.com\/radiolifefm\/\" \/>\n<meta property=\"article:published_time\" content=\"2022-08-09T22:08:11+00:00\" \/>\n<meta property=\"article:modified_time\" content=\"2026-04-09T02:27:02+00:00\" \/>\n<meta property=\"og:image\" content=\"https:\/\/radiolifefm.com.br\/noticias\/wp-content\/uploads\/2020\/09\/LOGO-PROCON.jpg\" \/>\n\t<meta property=\"og:image:width\" content=\"500\" \/>\n\t<meta property=\"og:image:height\" content=\"348\" \/>\n\t<meta property=\"og:image:type\" content=\"image\/jpeg\" \/>\n<meta name=\"author\" content=\"ritanery\" \/>\n<meta name=\"twitter:card\" content=\"summary_large_image\" \/>\n<meta name=\"twitter:label1\" content=\"Escrito por\" \/>\n\t<meta name=\"twitter:data1\" content=\"ritanery\" \/>\n\t<meta name=\"twitter:label2\" content=\"Est. tempo de leitura\" \/>\n\t<meta name=\"twitter:data2\" content=\"3 minutos\" \/>\n<script type=\"application\/ld+json\" class=\"yoast-schema-graph\">{\"@context\":\"https:\/\/schema.org\",\"@graph\":[{\"@type\":\"Article\",\"@id\":\"https:\/\/radiolifefm.com.br\/noticias\/procon-de-adamantina-orienta-sobre-a-compra-de-presentes-para-os-pais\/#article\",\"isPartOf\":{\"@id\":\"https:\/\/radiolifefm.com.br\/noticias\/procon-de-adamantina-orienta-sobre-a-compra-de-presentes-para-os-pais\/\"},\"author\":{\"name\":\"ritanery\",\"@id\":\"https:\/\/radiolifefm.com.br\/noticias\/#\/schema\/person\/6339b9fac59d12b071dec680d7375d87\"},\"headline\":\"Procon de Adamantina orienta sobre a compra de presentes para os pais\",\"datePublished\":\"2022-08-09T22:08:11+00:00\",\"dateModified\":\"2026-04-09T02:27:02+00:00\",\"mainEntityOfPage\":{\"@id\":\"https:\/\/radiolifefm.com.br\/noticias\/procon-de-adamantina-orienta-sobre-a-compra-de-presentes-para-os-pais\/\"},\"wordCount\":530,\"publisher\":{\"@id\":\"https:\/\/radiolifefm.com.br\/noticias\/#organization\"},\"image\":{\"@id\":\"https:\/\/radiolifefm.com.br\/noticias\/procon-de-adamantina-orienta-sobre-a-compra-de-presentes-para-os-pais\/#primaryimage\"},\"thumbnailUrl\":\"https:\/\/radiolifefm.com.br\/noticias\/wp-content\/uploads\/2020\/09\/LOGO-PROCON.jpg\",\"articleSection\":[\"Adamantina\"],\"inLanguage\":\"pt-BR\"},{\"@type\":\"WebPage\",\"@id\":\"https:\/\/radiolifefm.com.br\/noticias\/procon-de-adamantina-orienta-sobre-a-compra-de-presentes-para-os-pais\/\",\"url\":\"https:\/\/radiolifefm.com.br\/noticias\/procon-de-adamantina-orienta-sobre-a-compra-de-presentes-para-os-pais\/\",\"name\":\"Procon de Adamantina orienta sobre a compra de presentes para os pais - R\u00e1dio Life FM\",\"isPartOf\":{\"@id\":\"https:\/\/radiolifefm.com.br\/noticias\/#website\"},\"primaryImageOfPage\":{\"@id\":\"https:\/\/radiolifefm.com.br\/noticias\/procon-de-adamantina-orienta-sobre-a-compra-de-presentes-para-os-pais\/#primaryimage\"},\"image\":{\"@id\":\"https:\/\/radiolifefm.com.br\/noticias\/procon-de-adamantina-orienta-sobre-a-compra-de-presentes-para-os-pais\/#primaryimage\"},\"thumbnailUrl\":\"https:\/\/radiolifefm.com.br\/noticias\/wp-content\/uploads\/2020\/09\/LOGO-PROCON.jpg\",\"datePublished\":\"2022-08-09T22:08:11+00:00\",\"dateModified\":\"2026-04-09T02:27:02+00:00\",\"breadcrumb\":{\"@id\":\"https:\/\/radiolifefm.com.br\/noticias\/procon-de-adamantina-orienta-sobre-a-compra-de-presentes-para-os-pais\/#breadcrumb\"},\"inLanguage\":\"pt-BR\",\"potentialAction\":[{\"@type\":\"ReadAction\",\"target\":[\"https:\/\/radiolifefm.com.br\/noticias\/procon-de-adamantina-orienta-sobre-a-compra-de-presentes-para-os-pais\/\"]}]},{\"@type\":\"ImageObject\",\"inLanguage\":\"pt-BR\",\"@id\":\"https:\/\/radiolifefm.com.br\/noticias\/procon-de-adamantina-orienta-sobre-a-compra-de-presentes-para-os-pais\/#primaryimage\",\"url\":\"https:\/\/radiolifefm.com.br\/noticias\/wp-content\/uploads\/2020\/09\/LOGO-PROCON.jpg\",\"contentUrl\":\"https:\/\/radiolifefm.com.br\/noticias\/wp-content\/uploads\/2020\/09\/LOGO-PROCON.jpg\",\"width\":500,\"height\":348},{\"@type\":\"BreadcrumbList\",\"@id\":\"https:\/\/radiolifefm.com.br\/noticias\/procon-de-adamantina-orienta-sobre-a-compra-de-presentes-para-os-pais\/#breadcrumb\",\"itemListElement\":[{\"@type\":\"ListItem\",\"position\":1,\"name\":\"In\u00edcio\",\"item\":\"https:\/\/radiolifefm.com.br\/noticias\/\"},{\"@type\":\"ListItem\",\"position\":2,\"name\":\"Procon de Adamantina orienta sobre a compra de presentes para os pais\"}]},{\"@type\":\"WebSite\",\"@id\":\"https:\/\/radiolifefm.com.br\/noticias\/#website\",\"url\":\"https:\/\/radiolifefm.com.br\/noticias\/\",\"name\":\"R\u00e1dio Life FM\",\"description\":\"O Portal de Not\u00edcias de Adamantina\",\"publisher\":{\"@id\":\"https:\/\/radiolifefm.com.br\/noticias\/#organization\"},\"alternateName\":\"Life FM\",\"potentialAction\":[{\"@type\":\"SearchAction\",\"target\":{\"@type\":\"EntryPoint\",\"urlTemplate\":\"https:\/\/radiolifefm.com.br\/noticias\/?s={search_term_string}\"},\"query-input\":{\"@type\":\"PropertyValueSpecification\",\"valueRequired\":true,\"valueName\":\"search_term_string\"}}],\"inLanguage\":\"pt-BR\"},{\"@type\":\"Organization\",\"@id\":\"https:\/\/radiolifefm.com.br\/noticias\/#organization\",\"name\":\"R\u00e1dio Life FM\",\"alternateName\":\"Life FM\",\"url\":\"https:\/\/radiolifefm.com.br\/noticias\/\",\"logo\":{\"@type\":\"ImageObject\",\"inLanguage\":\"pt-BR\",\"@id\":\"https:\/\/radiolifefm.com.br\/noticias\/#\/schema\/logo\/image\/\",\"url\":\"https:\/\/static.radiolifefm.com.br\/noticias\/wp-content\/uploads\/2019\/10\/logo-lifefm.png\",\"contentUrl\":\"https:\/\/static.radiolifefm.com.br\/noticias\/wp-content\/uploads\/2019\/10\/logo-lifefm.png\",\"width\":196,\"height\":47,\"caption\":\"R\u00e1dio Life FM\"},\"image\":{\"@id\":\"https:\/\/radiolifefm.com.br\/noticias\/#\/schema\/logo\/image\/\"},\"sameAs\":[\"https:\/\/www.facebook.com\/radiolifefm\/\",\"https:\/\/www.instagram.com\/life1079fm\/\"]},{\"@type\":\"Person\",\"@id\":\"https:\/\/radiolifefm.com.br\/noticias\/#\/schema\/person\/6339b9fac59d12b071dec680d7375d87\",\"name\":\"ritanery\",\"image\":{\"@type\":\"ImageObject\",\"inLanguage\":\"pt-BR\",\"@id\":\"https:\/\/secure.gravatar.com\/avatar\/0e37bb19071f47c0b8a23f62a903df117c5a0e75f65a0c2901562f97cd41cf86?s=96&d=mm&r=g\",\"url\":\"https:\/\/secure.gravatar.com\/avatar\/0e37bb19071f47c0b8a23f62a903df117c5a0e75f65a0c2901562f97cd41cf86?s=96&d=mm&r=g\",\"contentUrl\":\"https:\/\/secure.gravatar.com\/avatar\/0e37bb19071f47c0b8a23f62a903df117c5a0e75f65a0c2901562f97cd41cf86?s=96&d=mm&r=g\",\"caption\":\"ritanery\"}}]}<\/script>\n<!-- \/ Yoast SEO plugin. -->","yoast_head_json":{"title":"Procon de Adamantina orienta sobre a compra de presentes para os pais - R\u00e1dio Life FM","robots":{"index":"index","follow":"follow","max-snippet":"max-snippet:-1","max-image-preview":"max-image-preview:large","max-video-preview":"max-video-preview:-1"},"canonical":"https:\/\/radiolifefm.com.br\/noticias\/procon-de-adamantina-orienta-sobre-a-compra-de-presentes-para-os-pais\/","og_locale":"pt_BR","og_type":"article","og_title":"Procon de Adamantina orienta sobre a compra de presentes para os pais - R\u00e1dio Life FM","og_description":"Com a aproxima\u00e7\u00e3o do Dia dos PAIS, o Procon de Adamantina, \u00f3rg\u00e3o vinculado a Secretaria Municipal de Desenvolvimento Econ\u00f4mico orienta aos consumidores que ir\u00e3o adquirir produtos ou contratar servi\u00e7os t\u00edpicos deste dia: \u00a0 \u00a0\u00a0\u00a0 O Consumidor deve evitar fazer as compras de forma apressada para assim, poder avaliar e escolher com cuidado os produtos. Deve [&hellip;]","og_url":"https:\/\/radiolifefm.com.br\/noticias\/procon-de-adamantina-orienta-sobre-a-compra-de-presentes-para-os-pais\/","og_site_name":"R\u00e1dio Life FM","article_publisher":"https:\/\/www.facebook.com\/radiolifefm\/","article_published_time":"2022-08-09T22:08:11+00:00","article_modified_time":"2026-04-09T02:27:02+00:00","og_image":[{"width":500,"height":348,"url":"https:\/\/radiolifefm.com.br\/noticias\/wp-content\/uploads\/2020\/09\/LOGO-PROCON.jpg","type":"image\/jpeg"}],"author":"ritanery","twitter_card":"summary_large_image","twitter_misc":{"Escrito por":"ritanery","Est. tempo de leitura":"3 minutos"},"schema":{"@context":"https:\/\/schema.org","@graph":[{"@type":"Article","@id":"https:\/\/radiolifefm.com.br\/noticias\/procon-de-adamantina-orienta-sobre-a-compra-de-presentes-para-os-pais\/#article","isPartOf":{"@id":"https:\/\/radiolifefm.com.br\/noticias\/procon-de-adamantina-orienta-sobre-a-compra-de-presentes-para-os-pais\/"},"author":{"name":"ritanery","@id":"https:\/\/radiolifefm.com.br\/noticias\/#\/schema\/person\/6339b9fac59d12b071dec680d7375d87"},"headline":"Procon de Adamantina orienta sobre a compra de presentes para os pais","datePublished":"2022-08-09T22:08:11+00:00","dateModified":"2026-04-09T02:27:02+00:00","mainEntityOfPage":{"@id":"https:\/\/radiolifefm.com.br\/noticias\/procon-de-adamantina-orienta-sobre-a-compra-de-presentes-para-os-pais\/"},"wordCount":530,"publisher":{"@id":"https:\/\/radiolifefm.com.br\/noticias\/#organization"},"image":{"@id":"https:\/\/radiolifefm.com.br\/noticias\/procon-de-adamantina-orienta-sobre-a-compra-de-presentes-para-os-pais\/#primaryimage"},"thumbnailUrl":"https:\/\/radiolifefm.com.br\/noticias\/wp-content\/uploads\/2020\/09\/LOGO-PROCON.jpg","articleSection":["Adamantina"],"inLanguage":"pt-BR"},{"@type":"WebPage","@id":"https:\/\/radiolifefm.com.br\/noticias\/procon-de-adamantina-orienta-sobre-a-compra-de-presentes-para-os-pais\/","url":"https:\/\/radiolifefm.com.br\/noticias\/procon-de-adamantina-orienta-sobre-a-compra-de-presentes-para-os-pais\/","name":"Procon de Adamantina orienta sobre a compra de presentes para os pais - R\u00e1dio Life FM","isPartOf":{"@id":"https:\/\/radiolifefm.com.br\/noticias\/#website"},"primaryImageOfPage":{"@id":"https:\/\/radiolifefm.com.br\/noticias\/procon-de-adamantina-orienta-sobre-a-compra-de-presentes-para-os-pais\/#primaryimage"},"image":{"@id":"https:\/\/radiolifefm.com.br\/noticias\/procon-de-adamantina-orienta-sobre-a-compra-de-presentes-para-os-pais\/#primaryimage"},"thumbnailUrl":"https:\/\/radiolifefm.com.br\/noticias\/wp-content\/uploads\/2020\/09\/LOGO-PROCON.jpg","datePublished":"2022-08-09T22:08:11+00:00","dateModified":"2026-04-09T02:27:02+00:00","breadcrumb":{"@id":"https:\/\/radiolifefm.com.br\/noticias\/procon-de-adamantina-orienta-sobre-a-compra-de-presentes-para-os-pais\/#breadcrumb"},"inLanguage":"pt-BR","potentialAction":[{"@type":"ReadAction","target":["https:\/\/radiolifefm.com.br\/noticias\/procon-de-adamantina-orienta-sobre-a-compra-de-presentes-para-os-pais\/"]}]},{"@type":"ImageObject","inLanguage":"pt-BR","@id":"https:\/\/radiolifefm.com.br\/noticias\/procon-de-adamantina-orienta-sobre-a-compra-de-presentes-para-os-pais\/#primaryimage","url":"https:\/\/radiolifefm.com.br\/noticias\/wp-content\/uploads\/2020\/09\/LOGO-PROCON.jpg","contentUrl":"https:\/\/radiolifefm.com.br\/noticias\/wp-content\/uploads\/2020\/09\/LOGO-PROCON.jpg","width":500,"height":348},{"@type":"BreadcrumbList","@id":"https:\/\/radiolifefm.com.br\/noticias\/procon-de-adamantina-orienta-sobre-a-compra-de-presentes-para-os-pais\/#breadcrumb","itemListElement":[{"@type":"ListItem","position":1,"name":"In\u00edcio","item":"https:\/\/radiolifefm.com.br\/noticias\/"},{"@type":"ListItem","position":2,"name":"Procon de Adamantina orienta sobre a compra de presentes para os pais"}]},{"@type":"WebSite","@id":"https:\/\/radiolifefm.com.br\/noticias\/#website","url":"https:\/\/radiolifefm.com.br\/noticias\/","name":"R\u00e1dio Life FM","description":"O Portal de Not\u00edcias de Adamantina","publisher":{"@id":"https:\/\/radiolifefm.com.br\/noticias\/#organization"},"alternateName":"Life FM","potentialAction":[{"@type":"SearchAction","target":{"@type":"EntryPoint","urlTemplate":"https:\/\/radiolifefm.com.br\/noticias\/?s={search_term_string}"},"query-input":{"@type":"PropertyValueSpecification","valueRequired":true,"valueName":"search_term_string"}}],"inLanguage":"pt-BR"},{"@type":"Organization","@id":"https:\/\/radiolifefm.com.br\/noticias\/#organization","name":"R\u00e1dio Life FM","alternateName":"Life FM","url":"https:\/\/radiolifefm.com.br\/noticias\/","logo":{"@type":"ImageObject","inLanguage":"pt-BR","@id":"https:\/\/radiolifefm.com.br\/noticias\/#\/schema\/logo\/image\/","url":"https:\/\/static.radiolifefm.com.br\/noticias\/wp-content\/uploads\/2019\/10\/logo-lifefm.png","contentUrl":"https:\/\/static.radiolifefm.com.br\/noticias\/wp-content\/uploads\/2019\/10\/logo-lifefm.png","width":196,"height":47,"caption":"R\u00e1dio Life FM"},"image":{"@id":"https:\/\/radiolifefm.com.br\/noticias\/#\/schema\/logo\/image\/"},"sameAs":["https:\/\/www.facebook.com\/radiolifefm\/","https:\/\/www.instagram.com\/life1079fm\/"]},{"@type":"Person","@id":"https:\/\/radiolifefm.com.br\/noticias\/#\/schema\/person\/6339b9fac59d12b071dec680d7375d87","name":"ritanery","image":{"@type":"ImageObject","inLanguage":"pt-BR","@id":"https:\/\/secure.gravatar.com\/avatar\/0e37bb19071f47c0b8a23f62a903df117c5a0e75f65a0c2901562f97cd41cf86?s=96&d=mm&r=g","url":"https:\/\/secure.gravatar.com\/avatar\/0e37bb19071f47c0b8a23f62a903df117c5a0e75f65a0c2901562f97cd41cf86?s=96&d=mm&r=g","contentUrl":"https:\/\/secure.gravatar.com\/avatar\/0e37bb19071f47c0b8a23f62a903df117c5a0e75f65a0c2901562f97cd41cf86?s=96&d=mm&r=g","caption":"ritanery"}}]}},"amp_enabled":true,"_links":{"self":[{"href":"https:\/\/radiolifefm.com.br\/noticias\/wp-json\/wp\/v2\/posts\/56776","targetHints":{"allow":["GET"]}}],"collection":[{"href":"https:\/\/radiolifefm.com.br\/noticias\/wp-json\/wp\/v2\/posts"}],"about":[{"href":"https:\/\/radiolifefm.com.br\/noticias\/wp-json\/wp\/v2\/types\/post"}],"author":[{"embeddable":true,"href":"https:\/\/radiolifefm.com.br\/noticias\/wp-json\/wp\/v2\/users\/13"}],"replies":[{"embeddable":true,"href":"https:\/\/radiolifefm.com.br\/noticias\/wp-json\/wp\/v2\/comments?post=56776"}],"version-history":[{"count":4,"href":"https:\/\/radiolifefm.com.br\/noticias\/wp-json\/wp\/v2\/posts\/56776\/revisions"}],"predecessor-version":[{"id":56780,"href":"https:\/\/radiolifefm.com.br\/noticias\/wp-json\/wp\/v2\/posts\/56776\/revisions\/56780"}],"wp:featuredmedia":[{"embeddable":true,"href":"https:\/\/radiolifefm.com.br\/noticias\/wp-json\/wp\/v2\/media\/27598"}],"wp:attachment":[{"href":"https:\/\/radiolifefm.com.br\/noticias\/wp-json\/wp\/v2\/media?parent=56776"}],"wp:term":[{"taxonomy":"category","embeddable":true,"href":"https:\/\/radiolifefm.com.br\/noticias\/wp-json\/wp\/v2\/categories?post=56776"},{"taxonomy":"post_tag","embeddable":true,"href":"https:\/\/radiolifefm.com.br\/noticias\/wp-json\/wp\/v2\/tags?post=56776"}],"curies":[{"name":"wp","href":"https:\/\/api.w.org\/{rel}","templated":true}]}}