{"id":56735,"date":"2022-08-08T08:10:56","date_gmt":"2022-08-08T11:10:56","guid":{"rendered":"https:\/\/radiolifefm.com.br\/noticias\/?p=56735"},"modified":"2026-01-25T16:00:28","modified_gmt":"2026-01-25T19:00:28","slug":"fafia-provincia-mia-e-de-volta-ao-passado","status":"publish","type":"post","link":"https:\/\/radiolifefm.com.br\/noticias\/fafia-provincia-mia-e-de-volta-ao-passado\/","title":{"rendered":"Fafia, Prov\u00edncia,  \u201cmia\u201d e de volta ao passado&#8230;"},"content":{"rendered":"<div id=\"fb-root\"><\/div>\n<p>&nbsp;<\/p>\n<p><strong><em>\u00a0\u201cO que me impressiona, \u00e0 vista de um macaco, n\u00e3o \u00e9 que ele tenha sido nosso passado: \u00e9 este pressentimento de que ele venha a ser nosso futuro.\u201d (<\/em><\/strong><a href=\"https:\/\/www.pensador.com\/autor\/mario_quintana\/\"><strong><em>Mario Quintana<\/em><\/strong><\/a><strong><em>)<\/em><\/strong><\/p>\n<p>&nbsp;<\/p>\n<p><strong>S\u00e9rgio Barbosa (*)<\/strong><\/p>\n<p>Naquele outro tempo do tempo, ou seja, da outra institui\u00e7\u00e3o que foi o in\u00edcio e o meio de tudo que existe hoje, por\u00e9m, nem sempre se pode ter aquilo que gostaria de ESTAR sem SER&#8230;<\/p>\n<p>Do PASSADO para o cen\u00e1rio atual neste TEMPO NOVO TEMPO, haja vista que tudo indica que tudo est\u00e1 ocorrendo sem mais e com muito menos, todavia, como sempre, QUEM SOBREVIVER VAI SABER&#8230;<\/p>\n<p>Ainda, nesta PROV\u00cdNCIA DO FAZ DE CONTA, tudo \u00e9 poss\u00edvel, bem como, at\u00e9 mesmo o IMPOSS\u00cdVEL para todos os lados de um mesmo lado, tendo em vista que o MAQUINISTA se perdeu no meio dos VAG\u00d5ES&#8230;<\/p>\n<p>Mas, como a MIA se perdeu do outro lado, talvez, possa existir outras ESCOLHAS para um OLHAR al\u00e9m do tempo deste tempo, haja vista que TODA UNAMIDADE \u00c9 BURRA como afirmou o pensador e ponto quase final&#8230;<\/p>\n<p>Se essa TURMA DE ALOPRADOS\/AS n\u00e3o aceitam a CR\u00cdTICA, acredito que nestes OCASOS de um TALVEZ, a melhor op\u00e7\u00e3o possa ser a IRONIA sobre isto e aquilo, por\u00e9m, TODO CUIDADO \u00c9 POUCO&#8230;<\/p>\n<p>Pelo menos o\/a MIA ocorreu de um jeito ou outro, isso \u00e9, APESAR DOS PESARES quanto aos OBJETIVOS relacionados com o tal do PLANEJAMENTO ESTRAT\u00c9GICO na \u00e1rea ORGANIZACIONAL, ainda, al\u00e9m de outros DESENCONTROS patrocinados pelo PODER em busca do PODER em nome do PODER&#8230;<\/p>\n<p>Espera-se que o MAQUINISTA possa fazer a diferen\u00e7a daqui pra frente neste contexto PLURAL para a institui\u00e7\u00e3o maior desta PROV\u00cdNCIA DO FAZ DE CONTA em tempo de DESGOVERNO BOZZONARO com seus COISOS com COISAS&#8230;<\/p>\n<p>Outra quest\u00e3o \u00e9 estar de acordo com a PROPOSTA desta ou daquela ORGANIZA\u00c7\u00c3O neste tempo novo tempo que se chama hoje, haja vista que o SENSO CR\u00cdTICO deve estar pautado pela REFLEX\u00c3O e assim por diante&#8230;<\/p>\n<p>Mas, como sempre, PODER QUE SIM, PODER QUE N\u00c3O, ainda, MUITO PELO CONTR\u00c1RIO quando se trata de reconhecer que existe aquele toque magistral do PERSONALISMO INDIVIDUAL frente ao COLETIVO&#8230;<\/p>\n<p>Tudo indica que apenas trocaram o MAQUINISTA deste ou daquele lado, tendo em vista que o TREM DA ALEGRIA \u00c9 O MESMO&#8230;<\/p>\n<p><strong><em>________________________________<\/em><\/strong><\/p>\n<p><strong><em>(*)\u00a0 \u00a0jornalista diplomado e professor universit\u00e1rio.<\/em><\/strong><\/p>\n<p><strong><em>e-mail: <\/em><\/strong><a href=\"mailto:barbosa.sebar@gmail.com\"><strong><em>barbosa.sebar@gmail.com<\/em><\/strong><\/a><\/p>\n<p>&nbsp;<\/p>\n","protected":false},"excerpt":{"rendered":"<p>&nbsp; \u00a0\u201cO que me impressiona, \u00e0 vista de um macaco, n\u00e3o \u00e9 que ele tenha sido nosso passado: \u00e9 este pressentimento de que ele venha a ser nosso futuro.\u201d (Mario Quintana) &nbsp; S\u00e9rgio Barbosa (*) Naquele outro tempo do tempo, ou seja, da outra institui\u00e7\u00e3o que foi o in\u00edcio e o meio de tudo que [&hellip;]<\/p>\n","protected":false},"author":13,"featured_media":51988,"comment_status":"closed","ping_status":"open","sticky":false,"template":"","format":"standard","meta":{"_acf_changed":false,"_exactmetrics_skip_tracking":false,"_exactmetrics_sitenote_active":false,"_exactmetrics_sitenote_note":"","_exactmetrics_sitenote_category":0,"footnotes":""},"categories":[59],"tags":[],"class_list":["post-56735","post","type-post","status-publish","format-standard","has-post-thumbnail","hentry","category-opiniao"],"acf":[],"yoast_head":"<!-- This site is optimized with the Yoast SEO plugin v27.2 - https:\/\/yoast.com\/product\/yoast-seo-wordpress\/ -->\n<title>Fafia, Prov\u00edncia, \u201cmia\u201d e de volta ao passado... - R\u00e1dio Life FM<\/title>\n<meta name=\"robots\" content=\"index, follow, max-snippet:-1, max-image-preview:large, max-video-preview:-1\" \/>\n<link rel=\"canonical\" href=\"https:\/\/radiolifefm.com.br\/noticias\/fafia-provincia-mia-e-de-volta-ao-passado\/\" \/>\n<meta property=\"og:locale\" content=\"pt_BR\" \/>\n<meta property=\"og:type\" content=\"article\" \/>\n<meta property=\"og:title\" content=\"Fafia, Prov\u00edncia, \u201cmia\u201d e de volta ao passado... - R\u00e1dio Life FM\" \/>\n<meta property=\"og:description\" content=\"&nbsp; \u00a0\u201cO que me impressiona, \u00e0 vista de um macaco, n\u00e3o \u00e9 que ele tenha sido nosso passado: \u00e9 este pressentimento de que ele venha a ser nosso futuro.\u201d (Mario Quintana) &nbsp; S\u00e9rgio Barbosa (*) Naquele outro tempo do tempo, ou seja, da outra institui\u00e7\u00e3o que foi o in\u00edcio e o meio de tudo que [&hellip;]\" \/>\n<meta property=\"og:url\" content=\"https:\/\/radiolifefm.com.br\/noticias\/fafia-provincia-mia-e-de-volta-ao-passado\/\" \/>\n<meta property=\"og:site_name\" content=\"R\u00e1dio Life FM\" \/>\n<meta property=\"article:publisher\" content=\"https:\/\/www.facebook.com\/radiolifefm\/\" \/>\n<meta property=\"article:published_time\" content=\"2022-08-08T11:10:56+00:00\" \/>\n<meta property=\"article:modified_time\" content=\"2026-01-25T19:00:28+00:00\" \/>\n<meta property=\"og:image\" content=\"https:\/\/radiolifefm.com.br\/noticias\/wp-content\/uploads\/2022\/04\/WhatsApp-Image-2022-04-10-at-18.43.02.jpeg\" \/>\n\t<meta property=\"og:image:width\" content=\"972\" \/>\n\t<meta property=\"og:image:height\" content=\"1296\" \/>\n\t<meta property=\"og:image:type\" content=\"image\/jpeg\" \/>\n<meta name=\"author\" content=\"ritanery\" \/>\n<meta name=\"twitter:card\" content=\"summary_large_image\" \/>\n<meta name=\"twitter:label1\" content=\"Escrito por\" \/>\n\t<meta name=\"twitter:data1\" content=\"ritanery\" \/>\n\t<meta name=\"twitter:label2\" content=\"Est. tempo de leitura\" \/>\n\t<meta name=\"twitter:data2\" content=\"2 minutos\" \/>\n<script type=\"application\/ld+json\" class=\"yoast-schema-graph\">{\"@context\":\"https:\/\/schema.org\",\"@graph\":[{\"@type\":\"Article\",\"@id\":\"https:\/\/radiolifefm.com.br\/noticias\/fafia-provincia-mia-e-de-volta-ao-passado\/#article\",\"isPartOf\":{\"@id\":\"https:\/\/radiolifefm.com.br\/noticias\/fafia-provincia-mia-e-de-volta-ao-passado\/\"},\"author\":{\"name\":\"ritanery\",\"@id\":\"https:\/\/radiolifefm.com.br\/noticias\/#\/schema\/person\/6339b9fac59d12b071dec680d7375d87\"},\"headline\":\"Fafia, Prov\u00edncia, \u201cmia\u201d e de volta ao passado&#8230;\",\"datePublished\":\"2022-08-08T11:10:56+00:00\",\"dateModified\":\"2026-01-25T19:00:28+00:00\",\"mainEntityOfPage\":{\"@id\":\"https:\/\/radiolifefm.com.br\/noticias\/fafia-provincia-mia-e-de-volta-ao-passado\/\"},\"wordCount\":411,\"publisher\":{\"@id\":\"https:\/\/radiolifefm.com.br\/noticias\/#organization\"},\"image\":{\"@id\":\"https:\/\/radiolifefm.com.br\/noticias\/fafia-provincia-mia-e-de-volta-ao-passado\/#primaryimage\"},\"thumbnailUrl\":\"https:\/\/radiolifefm.com.br\/noticias\/wp-content\/uploads\/2022\/04\/WhatsApp-Image-2022-04-10-at-18.43.02.jpeg\",\"articleSection\":[\"Opini\u00e3o\"],\"inLanguage\":\"pt-BR\"},{\"@type\":\"WebPage\",\"@id\":\"https:\/\/radiolifefm.com.br\/noticias\/fafia-provincia-mia-e-de-volta-ao-passado\/\",\"url\":\"https:\/\/radiolifefm.com.br\/noticias\/fafia-provincia-mia-e-de-volta-ao-passado\/\",\"name\":\"Fafia, Prov\u00edncia, \u201cmia\u201d e de volta ao passado... - R\u00e1dio Life FM\",\"isPartOf\":{\"@id\":\"https:\/\/radiolifefm.com.br\/noticias\/#website\"},\"primaryImageOfPage\":{\"@id\":\"https:\/\/radiolifefm.com.br\/noticias\/fafia-provincia-mia-e-de-volta-ao-passado\/#primaryimage\"},\"image\":{\"@id\":\"https:\/\/radiolifefm.com.br\/noticias\/fafia-provincia-mia-e-de-volta-ao-passado\/#primaryimage\"},\"thumbnailUrl\":\"https:\/\/radiolifefm.com.br\/noticias\/wp-content\/uploads\/2022\/04\/WhatsApp-Image-2022-04-10-at-18.43.02.jpeg\",\"datePublished\":\"2022-08-08T11:10:56+00:00\",\"dateModified\":\"2026-01-25T19:00:28+00:00\",\"breadcrumb\":{\"@id\":\"https:\/\/radiolifefm.com.br\/noticias\/fafia-provincia-mia-e-de-volta-ao-passado\/#breadcrumb\"},\"inLanguage\":\"pt-BR\",\"potentialAction\":[{\"@type\":\"ReadAction\",\"target\":[\"https:\/\/radiolifefm.com.br\/noticias\/fafia-provincia-mia-e-de-volta-ao-passado\/\"]}]},{\"@type\":\"ImageObject\",\"inLanguage\":\"pt-BR\",\"@id\":\"https:\/\/radiolifefm.com.br\/noticias\/fafia-provincia-mia-e-de-volta-ao-passado\/#primaryimage\",\"url\":\"https:\/\/radiolifefm.com.br\/noticias\/wp-content\/uploads\/2022\/04\/WhatsApp-Image-2022-04-10-at-18.43.02.jpeg\",\"contentUrl\":\"https:\/\/radiolifefm.com.br\/noticias\/wp-content\/uploads\/2022\/04\/WhatsApp-Image-2022-04-10-at-18.43.02.jpeg\",\"width\":972,\"height\":1296,\"caption\":\"S\u00e9rgio Barbosa\"},{\"@type\":\"BreadcrumbList\",\"@id\":\"https:\/\/radiolifefm.com.br\/noticias\/fafia-provincia-mia-e-de-volta-ao-passado\/#breadcrumb\",\"itemListElement\":[{\"@type\":\"ListItem\",\"position\":1,\"name\":\"In\u00edcio\",\"item\":\"https:\/\/radiolifefm.com.br\/noticias\/\"},{\"@type\":\"ListItem\",\"position\":2,\"name\":\"Fafia, Prov\u00edncia, \u201cmia\u201d e de volta ao passado&#8230;\"}]},{\"@type\":\"WebSite\",\"@id\":\"https:\/\/radiolifefm.com.br\/noticias\/#website\",\"url\":\"https:\/\/radiolifefm.com.br\/noticias\/\",\"name\":\"R\u00e1dio Life FM\",\"description\":\"O Portal de Not\u00edcias de Adamantina\",\"publisher\":{\"@id\":\"https:\/\/radiolifefm.com.br\/noticias\/#organization\"},\"alternateName\":\"Life FM\",\"potentialAction\":[{\"@type\":\"SearchAction\",\"target\":{\"@type\":\"EntryPoint\",\"urlTemplate\":\"https:\/\/radiolifefm.com.br\/noticias\/?s={search_term_string}\"},\"query-input\":{\"@type\":\"PropertyValueSpecification\",\"valueRequired\":true,\"valueName\":\"search_term_string\"}}],\"inLanguage\":\"pt-BR\"},{\"@type\":\"Organization\",\"@id\":\"https:\/\/radiolifefm.com.br\/noticias\/#organization\",\"name\":\"R\u00e1dio Life FM\",\"alternateName\":\"Life FM\",\"url\":\"https:\/\/radiolifefm.com.br\/noticias\/\",\"logo\":{\"@type\":\"ImageObject\",\"inLanguage\":\"pt-BR\",\"@id\":\"https:\/\/radiolifefm.com.br\/noticias\/#\/schema\/logo\/image\/\",\"url\":\"https:\/\/static.radiolifefm.com.br\/noticias\/wp-content\/uploads\/2019\/10\/logo-lifefm.png\",\"contentUrl\":\"https:\/\/static.radiolifefm.com.br\/noticias\/wp-content\/uploads\/2019\/10\/logo-lifefm.png\",\"width\":196,\"height\":47,\"caption\":\"R\u00e1dio Life FM\"},\"image\":{\"@id\":\"https:\/\/radiolifefm.com.br\/noticias\/#\/schema\/logo\/image\/\"},\"sameAs\":[\"https:\/\/www.facebook.com\/radiolifefm\/\",\"https:\/\/www.instagram.com\/life1079fm\/\"]},{\"@type\":\"Person\",\"@id\":\"https:\/\/radiolifefm.com.br\/noticias\/#\/schema\/person\/6339b9fac59d12b071dec680d7375d87\",\"name\":\"ritanery\",\"image\":{\"@type\":\"ImageObject\",\"inLanguage\":\"pt-BR\",\"@id\":\"https:\/\/secure.gravatar.com\/avatar\/0e37bb19071f47c0b8a23f62a903df117c5a0e75f65a0c2901562f97cd41cf86?s=96&d=mm&r=g\",\"url\":\"https:\/\/secure.gravatar.com\/avatar\/0e37bb19071f47c0b8a23f62a903df117c5a0e75f65a0c2901562f97cd41cf86?s=96&d=mm&r=g\",\"contentUrl\":\"https:\/\/secure.gravatar.com\/avatar\/0e37bb19071f47c0b8a23f62a903df117c5a0e75f65a0c2901562f97cd41cf86?s=96&d=mm&r=g\",\"caption\":\"ritanery\"}}]}<\/script>\n<!-- \/ Yoast SEO plugin. -->","yoast_head_json":{"title":"Fafia, Prov\u00edncia, \u201cmia\u201d e de volta ao passado... - R\u00e1dio Life FM","robots":{"index":"index","follow":"follow","max-snippet":"max-snippet:-1","max-image-preview":"max-image-preview:large","max-video-preview":"max-video-preview:-1"},"canonical":"https:\/\/radiolifefm.com.br\/noticias\/fafia-provincia-mia-e-de-volta-ao-passado\/","og_locale":"pt_BR","og_type":"article","og_title":"Fafia, Prov\u00edncia, \u201cmia\u201d e de volta ao passado... - R\u00e1dio Life FM","og_description":"&nbsp; \u00a0\u201cO que me impressiona, \u00e0 vista de um macaco, n\u00e3o \u00e9 que ele tenha sido nosso passado: \u00e9 este pressentimento de que ele venha a ser nosso futuro.\u201d (Mario Quintana) &nbsp; S\u00e9rgio Barbosa (*) Naquele outro tempo do tempo, ou seja, da outra institui\u00e7\u00e3o que foi o in\u00edcio e o meio de tudo que [&hellip;]","og_url":"https:\/\/radiolifefm.com.br\/noticias\/fafia-provincia-mia-e-de-volta-ao-passado\/","og_site_name":"R\u00e1dio Life FM","article_publisher":"https:\/\/www.facebook.com\/radiolifefm\/","article_published_time":"2022-08-08T11:10:56+00:00","article_modified_time":"2026-01-25T19:00:28+00:00","og_image":[{"width":972,"height":1296,"url":"https:\/\/radiolifefm.com.br\/noticias\/wp-content\/uploads\/2022\/04\/WhatsApp-Image-2022-04-10-at-18.43.02.jpeg","type":"image\/jpeg"}],"author":"ritanery","twitter_card":"summary_large_image","twitter_misc":{"Escrito por":"ritanery","Est. tempo de leitura":"2 minutos"},"schema":{"@context":"https:\/\/schema.org","@graph":[{"@type":"Article","@id":"https:\/\/radiolifefm.com.br\/noticias\/fafia-provincia-mia-e-de-volta-ao-passado\/#article","isPartOf":{"@id":"https:\/\/radiolifefm.com.br\/noticias\/fafia-provincia-mia-e-de-volta-ao-passado\/"},"author":{"name":"ritanery","@id":"https:\/\/radiolifefm.com.br\/noticias\/#\/schema\/person\/6339b9fac59d12b071dec680d7375d87"},"headline":"Fafia, Prov\u00edncia, \u201cmia\u201d e de volta ao passado&#8230;","datePublished":"2022-08-08T11:10:56+00:00","dateModified":"2026-01-25T19:00:28+00:00","mainEntityOfPage":{"@id":"https:\/\/radiolifefm.com.br\/noticias\/fafia-provincia-mia-e-de-volta-ao-passado\/"},"wordCount":411,"publisher":{"@id":"https:\/\/radiolifefm.com.br\/noticias\/#organization"},"image":{"@id":"https:\/\/radiolifefm.com.br\/noticias\/fafia-provincia-mia-e-de-volta-ao-passado\/#primaryimage"},"thumbnailUrl":"https:\/\/radiolifefm.com.br\/noticias\/wp-content\/uploads\/2022\/04\/WhatsApp-Image-2022-04-10-at-18.43.02.jpeg","articleSection":["Opini\u00e3o"],"inLanguage":"pt-BR"},{"@type":"WebPage","@id":"https:\/\/radiolifefm.com.br\/noticias\/fafia-provincia-mia-e-de-volta-ao-passado\/","url":"https:\/\/radiolifefm.com.br\/noticias\/fafia-provincia-mia-e-de-volta-ao-passado\/","name":"Fafia, Prov\u00edncia, \u201cmia\u201d e de volta ao passado... - R\u00e1dio Life FM","isPartOf":{"@id":"https:\/\/radiolifefm.com.br\/noticias\/#website"},"primaryImageOfPage":{"@id":"https:\/\/radiolifefm.com.br\/noticias\/fafia-provincia-mia-e-de-volta-ao-passado\/#primaryimage"},"image":{"@id":"https:\/\/radiolifefm.com.br\/noticias\/fafia-provincia-mia-e-de-volta-ao-passado\/#primaryimage"},"thumbnailUrl":"https:\/\/radiolifefm.com.br\/noticias\/wp-content\/uploads\/2022\/04\/WhatsApp-Image-2022-04-10-at-18.43.02.jpeg","datePublished":"2022-08-08T11:10:56+00:00","dateModified":"2026-01-25T19:00:28+00:00","breadcrumb":{"@id":"https:\/\/radiolifefm.com.br\/noticias\/fafia-provincia-mia-e-de-volta-ao-passado\/#breadcrumb"},"inLanguage":"pt-BR","potentialAction":[{"@type":"ReadAction","target":["https:\/\/radiolifefm.com.br\/noticias\/fafia-provincia-mia-e-de-volta-ao-passado\/"]}]},{"@type":"ImageObject","inLanguage":"pt-BR","@id":"https:\/\/radiolifefm.com.br\/noticias\/fafia-provincia-mia-e-de-volta-ao-passado\/#primaryimage","url":"https:\/\/radiolifefm.com.br\/noticias\/wp-content\/uploads\/2022\/04\/WhatsApp-Image-2022-04-10-at-18.43.02.jpeg","contentUrl":"https:\/\/radiolifefm.com.br\/noticias\/wp-content\/uploads\/2022\/04\/WhatsApp-Image-2022-04-10-at-18.43.02.jpeg","width":972,"height":1296,"caption":"S\u00e9rgio Barbosa"},{"@type":"BreadcrumbList","@id":"https:\/\/radiolifefm.com.br\/noticias\/fafia-provincia-mia-e-de-volta-ao-passado\/#breadcrumb","itemListElement":[{"@type":"ListItem","position":1,"name":"In\u00edcio","item":"https:\/\/radiolifefm.com.br\/noticias\/"},{"@type":"ListItem","position":2,"name":"Fafia, Prov\u00edncia, \u201cmia\u201d e de volta ao passado&#8230;"}]},{"@type":"WebSite","@id":"https:\/\/radiolifefm.com.br\/noticias\/#website","url":"https:\/\/radiolifefm.com.br\/noticias\/","name":"R\u00e1dio Life FM","description":"O Portal de Not\u00edcias de Adamantina","publisher":{"@id":"https:\/\/radiolifefm.com.br\/noticias\/#organization"},"alternateName":"Life FM","potentialAction":[{"@type":"SearchAction","target":{"@type":"EntryPoint","urlTemplate":"https:\/\/radiolifefm.com.br\/noticias\/?s={search_term_string}"},"query-input":{"@type":"PropertyValueSpecification","valueRequired":true,"valueName":"search_term_string"}}],"inLanguage":"pt-BR"},{"@type":"Organization","@id":"https:\/\/radiolifefm.com.br\/noticias\/#organization","name":"R\u00e1dio Life FM","alternateName":"Life FM","url":"https:\/\/radiolifefm.com.br\/noticias\/","logo":{"@type":"ImageObject","inLanguage":"pt-BR","@id":"https:\/\/radiolifefm.com.br\/noticias\/#\/schema\/logo\/image\/","url":"https:\/\/static.radiolifefm.com.br\/noticias\/wp-content\/uploads\/2019\/10\/logo-lifefm.png","contentUrl":"https:\/\/static.radiolifefm.com.br\/noticias\/wp-content\/uploads\/2019\/10\/logo-lifefm.png","width":196,"height":47,"caption":"R\u00e1dio Life FM"},"image":{"@id":"https:\/\/radiolifefm.com.br\/noticias\/#\/schema\/logo\/image\/"},"sameAs":["https:\/\/www.facebook.com\/radiolifefm\/","https:\/\/www.instagram.com\/life1079fm\/"]},{"@type":"Person","@id":"https:\/\/radiolifefm.com.br\/noticias\/#\/schema\/person\/6339b9fac59d12b071dec680d7375d87","name":"ritanery","image":{"@type":"ImageObject","inLanguage":"pt-BR","@id":"https:\/\/secure.gravatar.com\/avatar\/0e37bb19071f47c0b8a23f62a903df117c5a0e75f65a0c2901562f97cd41cf86?s=96&d=mm&r=g","url":"https:\/\/secure.gravatar.com\/avatar\/0e37bb19071f47c0b8a23f62a903df117c5a0e75f65a0c2901562f97cd41cf86?s=96&d=mm&r=g","contentUrl":"https:\/\/secure.gravatar.com\/avatar\/0e37bb19071f47c0b8a23f62a903df117c5a0e75f65a0c2901562f97cd41cf86?s=96&d=mm&r=g","caption":"ritanery"}}]}},"amp_enabled":true,"_links":{"self":[{"href":"https:\/\/radiolifefm.com.br\/noticias\/wp-json\/wp\/v2\/posts\/56735","targetHints":{"allow":["GET"]}}],"collection":[{"href":"https:\/\/radiolifefm.com.br\/noticias\/wp-json\/wp\/v2\/posts"}],"about":[{"href":"https:\/\/radiolifefm.com.br\/noticias\/wp-json\/wp\/v2\/types\/post"}],"author":[{"embeddable":true,"href":"https:\/\/radiolifefm.com.br\/noticias\/wp-json\/wp\/v2\/users\/13"}],"replies":[{"embeddable":true,"href":"https:\/\/radiolifefm.com.br\/noticias\/wp-json\/wp\/v2\/comments?post=56735"}],"version-history":[{"count":1,"href":"https:\/\/radiolifefm.com.br\/noticias\/wp-json\/wp\/v2\/posts\/56735\/revisions"}],"predecessor-version":[{"id":56736,"href":"https:\/\/radiolifefm.com.br\/noticias\/wp-json\/wp\/v2\/posts\/56735\/revisions\/56736"}],"wp:featuredmedia":[{"embeddable":true,"href":"https:\/\/radiolifefm.com.br\/noticias\/wp-json\/wp\/v2\/media\/51988"}],"wp:attachment":[{"href":"https:\/\/radiolifefm.com.br\/noticias\/wp-json\/wp\/v2\/media?parent=56735"}],"wp:term":[{"taxonomy":"category","embeddable":true,"href":"https:\/\/radiolifefm.com.br\/noticias\/wp-json\/wp\/v2\/categories?post=56735"},{"taxonomy":"post_tag","embeddable":true,"href":"https:\/\/radiolifefm.com.br\/noticias\/wp-json\/wp\/v2\/tags?post=56735"}],"curies":[{"name":"wp","href":"https:\/\/api.w.org\/{rel}","templated":true}]}}