{"id":56678,"date":"2022-08-06T09:17:08","date_gmt":"2022-08-06T12:17:08","guid":{"rendered":"https:\/\/radiolifefm.com.br\/noticias\/?p=56678"},"modified":"2026-02-11T19:14:14","modified_gmt":"2026-02-11T22:14:14","slug":"morador-joga-lixo-em-estrada-e-identificado-pela-policia-civil-e-respondera-por-crime-ambiental","status":"publish","type":"post","link":"https:\/\/radiolifefm.com.br\/noticias\/morador-joga-lixo-em-estrada-e-identificado-pela-policia-civil-e-respondera-por-crime-ambiental\/","title":{"rendered":"Morador joga lixo em estrada, \u00e9 identificado pela Pol\u00edcia Civil e responder\u00e1 por crime ambiental"},"content":{"rendered":"<div id=\"fb-root\"><\/div>\n<p style=\"font-weight: 400\">Um morador de Adamantina passou por uma estrada rural pertencente ao munic\u00edpio e dispensou algumas sacolas pl\u00e1sticas de lixo na beira da estrada. Um boletim de ocorr\u00eancia foi feito, haja vista que \u00e9 costumeira essa pr\u00e1tica il\u00edcita naquele local.<\/p>\n<p style=\"font-weight: 400\">O caso foi divulgado nesta sexta-feira na\u00a0<a href=\"https:\/\/www.facebook.com\/DIG.Adamantina\/photos\/a.1144223475606327\/5989284064433553\"><strong>fanpage<\/strong><\/a>\u00a0da Delegacia de Investiga\u00e7\u00f5es Gerais (DIG) e da Delegacia de Investiga\u00e7\u00f5es Sobre Entorpecentes (DISE) de Adamantina. Ap\u00f3s dilig\u00eancias realizadas por policiais civis da DIG\/DISE o homem foi identificado e responder\u00e1 pela pr\u00e1tica de crime ambiental, nos termos da\u00a0<a href=\"http:\/\/www.planalto.gov.br\/ccivil_03\/leis\/l9605.htm\"><strong>Lei N\u00b0 9605\/1998<\/strong><\/a>.<\/p>\n<p style=\"font-weight: 400\">Questionado pelos policiais \u2013 conforme divulgou a fanpage da DIG\/DISE, o homem disse que realmente errou ao dispensar o lixo naquele local e que deveria ter colocado na lixeira de sua casa, considerando que a Prefeitura de Adamantina possui servi\u00e7o especializado na coleta de lixo.<\/p>\n<p style=\"font-weight: 400\"><strong>Coleta de lixo em Adamantina<\/strong><\/p>\n<p style=\"font-weight: 400\">Adamantina tem coleta regular de lixo dom\u00e9stico de segunda a s\u00e1bado, realizada pela Prefeitura Municipal. De acordo com o site do poder p\u00fablico municipal, h\u00e1 coletas de lixos org\u00e2nico e recicl\u00e1vel em diferentes dias da semana, conforme as regi\u00f5es da cidade, que foram divididas em setores. Todo o per\u00edmetro urbano do munic\u00edpio \u00e9 atendido pelo servi\u00e7o. Para saber mais,\u00a0<a href=\"https:\/\/www.adamantina.sp.gov.br\/?pag=T1RVPU9EZz1PV0k9T1RrPU9UUT1OMlE9T0dNPU9XST1PR1U9T0dNPU9HWT1PV009T1dZPQ==&amp;id=5672\"><strong>acesse aqui<\/strong><\/a>.<\/p>\n<p>&nbsp;<\/p>\n<p>Fonte: Siga Mais<\/p>\n","protected":false},"excerpt":{"rendered":"<p>Um morador de Adamantina passou por uma estrada rural pertencente ao munic\u00edpio e dispensou algumas sacolas pl\u00e1sticas de lixo na beira da estrada. Um boletim de ocorr\u00eancia foi feito, haja vista que \u00e9 costumeira essa pr\u00e1tica il\u00edcita naquele local. O caso foi divulgado nesta sexta-feira na\u00a0fanpage\u00a0da Delegacia de Investiga\u00e7\u00f5es Gerais (DIG) e da Delegacia de [&hellip;]<\/p>\n","protected":false},"author":13,"featured_media":56679,"comment_status":"closed","ping_status":"open","sticky":false,"template":"","format":"standard","meta":{"_acf_changed":false,"_exactmetrics_skip_tracking":false,"_exactmetrics_sitenote_active":false,"_exactmetrics_sitenote_note":"","_exactmetrics_sitenote_category":0,"footnotes":""},"categories":[21],"tags":[],"class_list":["post-56678","post","type-post","status-publish","format-standard","has-post-thumbnail","hentry","category-adamantina"],"acf":[],"yoast_head":"<!-- This site is optimized with the Yoast SEO plugin v27.2 - https:\/\/yoast.com\/product\/yoast-seo-wordpress\/ -->\n<title>Morador joga lixo em estrada, \u00e9 identificado pela Pol\u00edcia Civil e responder\u00e1 por crime ambiental - R\u00e1dio Life FM<\/title>\n<meta name=\"robots\" content=\"index, follow, max-snippet:-1, max-image-preview:large, max-video-preview:-1\" \/>\n<link rel=\"canonical\" href=\"https:\/\/radiolifefm.com.br\/noticias\/morador-joga-lixo-em-estrada-e-identificado-pela-policia-civil-e-respondera-por-crime-ambiental\/\" \/>\n<meta property=\"og:locale\" content=\"pt_BR\" \/>\n<meta property=\"og:type\" content=\"article\" \/>\n<meta property=\"og:title\" content=\"Morador joga lixo em estrada, \u00e9 identificado pela Pol\u00edcia Civil e responder\u00e1 por crime ambiental - R\u00e1dio Life FM\" \/>\n<meta property=\"og:description\" content=\"Um morador de Adamantina passou por uma estrada rural pertencente ao munic\u00edpio e dispensou algumas sacolas pl\u00e1sticas de lixo na beira da estrada. Um boletim de ocorr\u00eancia foi feito, haja vista que \u00e9 costumeira essa pr\u00e1tica il\u00edcita naquele local. O caso foi divulgado nesta sexta-feira na\u00a0fanpage\u00a0da Delegacia de Investiga\u00e7\u00f5es Gerais (DIG) e da Delegacia de [&hellip;]\" \/>\n<meta property=\"og:url\" content=\"https:\/\/radiolifefm.com.br\/noticias\/morador-joga-lixo-em-estrada-e-identificado-pela-policia-civil-e-respondera-por-crime-ambiental\/\" \/>\n<meta property=\"og:site_name\" content=\"R\u00e1dio Life FM\" \/>\n<meta property=\"article:publisher\" content=\"https:\/\/www.facebook.com\/radiolifefm\/\" \/>\n<meta property=\"article:published_time\" content=\"2022-08-06T12:17:08+00:00\" \/>\n<meta property=\"article:modified_time\" content=\"2026-02-11T22:14:14+00:00\" \/>\n<meta property=\"og:image\" content=\"https:\/\/radiolifefm.com.br\/noticias\/wp-content\/uploads\/2022\/08\/lixo1rjpg165972705062ed6cca06a31.jpg\" \/>\n\t<meta property=\"og:image:width\" content=\"600\" \/>\n\t<meta property=\"og:image:height\" content=\"337\" \/>\n\t<meta property=\"og:image:type\" content=\"image\/jpeg\" \/>\n<meta name=\"author\" content=\"ritanery\" \/>\n<meta name=\"twitter:card\" content=\"summary_large_image\" \/>\n<meta name=\"twitter:label1\" content=\"Escrito por\" \/>\n\t<meta name=\"twitter:data1\" content=\"ritanery\" \/>\n\t<meta name=\"twitter:label2\" content=\"Est. tempo de leitura\" \/>\n\t<meta name=\"twitter:data2\" content=\"1 minuto\" \/>\n<script type=\"application\/ld+json\" class=\"yoast-schema-graph\">{\"@context\":\"https:\/\/schema.org\",\"@graph\":[{\"@type\":\"Article\",\"@id\":\"https:\/\/radiolifefm.com.br\/noticias\/morador-joga-lixo-em-estrada-e-identificado-pela-policia-civil-e-respondera-por-crime-ambiental\/#article\",\"isPartOf\":{\"@id\":\"https:\/\/radiolifefm.com.br\/noticias\/morador-joga-lixo-em-estrada-e-identificado-pela-policia-civil-e-respondera-por-crime-ambiental\/\"},\"author\":{\"name\":\"ritanery\",\"@id\":\"https:\/\/radiolifefm.com.br\/noticias\/#\/schema\/person\/6339b9fac59d12b071dec680d7375d87\"},\"headline\":\"Morador joga lixo em estrada, \u00e9 identificado pela Pol\u00edcia Civil e responder\u00e1 por crime ambiental\",\"datePublished\":\"2022-08-06T12:17:08+00:00\",\"dateModified\":\"2026-02-11T22:14:14+00:00\",\"mainEntityOfPage\":{\"@id\":\"https:\/\/radiolifefm.com.br\/noticias\/morador-joga-lixo-em-estrada-e-identificado-pela-policia-civil-e-respondera-por-crime-ambiental\/\"},\"wordCount\":236,\"publisher\":{\"@id\":\"https:\/\/radiolifefm.com.br\/noticias\/#organization\"},\"image\":{\"@id\":\"https:\/\/radiolifefm.com.br\/noticias\/morador-joga-lixo-em-estrada-e-identificado-pela-policia-civil-e-respondera-por-crime-ambiental\/#primaryimage\"},\"thumbnailUrl\":\"https:\/\/radiolifefm.com.br\/noticias\/wp-content\/uploads\/2022\/08\/lixo1rjpg165972705062ed6cca06a31.jpg\",\"articleSection\":[\"Adamantina\"],\"inLanguage\":\"pt-BR\"},{\"@type\":\"WebPage\",\"@id\":\"https:\/\/radiolifefm.com.br\/noticias\/morador-joga-lixo-em-estrada-e-identificado-pela-policia-civil-e-respondera-por-crime-ambiental\/\",\"url\":\"https:\/\/radiolifefm.com.br\/noticias\/morador-joga-lixo-em-estrada-e-identificado-pela-policia-civil-e-respondera-por-crime-ambiental\/\",\"name\":\"Morador joga lixo em estrada, \u00e9 identificado pela Pol\u00edcia Civil e responder\u00e1 por crime ambiental - R\u00e1dio Life FM\",\"isPartOf\":{\"@id\":\"https:\/\/radiolifefm.com.br\/noticias\/#website\"},\"primaryImageOfPage\":{\"@id\":\"https:\/\/radiolifefm.com.br\/noticias\/morador-joga-lixo-em-estrada-e-identificado-pela-policia-civil-e-respondera-por-crime-ambiental\/#primaryimage\"},\"image\":{\"@id\":\"https:\/\/radiolifefm.com.br\/noticias\/morador-joga-lixo-em-estrada-e-identificado-pela-policia-civil-e-respondera-por-crime-ambiental\/#primaryimage\"},\"thumbnailUrl\":\"https:\/\/radiolifefm.com.br\/noticias\/wp-content\/uploads\/2022\/08\/lixo1rjpg165972705062ed6cca06a31.jpg\",\"datePublished\":\"2022-08-06T12:17:08+00:00\",\"dateModified\":\"2026-02-11T22:14:14+00:00\",\"breadcrumb\":{\"@id\":\"https:\/\/radiolifefm.com.br\/noticias\/morador-joga-lixo-em-estrada-e-identificado-pela-policia-civil-e-respondera-por-crime-ambiental\/#breadcrumb\"},\"inLanguage\":\"pt-BR\",\"potentialAction\":[{\"@type\":\"ReadAction\",\"target\":[\"https:\/\/radiolifefm.com.br\/noticias\/morador-joga-lixo-em-estrada-e-identificado-pela-policia-civil-e-respondera-por-crime-ambiental\/\"]}]},{\"@type\":\"ImageObject\",\"inLanguage\":\"pt-BR\",\"@id\":\"https:\/\/radiolifefm.com.br\/noticias\/morador-joga-lixo-em-estrada-e-identificado-pela-policia-civil-e-respondera-por-crime-ambiental\/#primaryimage\",\"url\":\"https:\/\/radiolifefm.com.br\/noticias\/wp-content\/uploads\/2022\/08\/lixo1rjpg165972705062ed6cca06a31.jpg\",\"contentUrl\":\"https:\/\/radiolifefm.com.br\/noticias\/wp-content\/uploads\/2022\/08\/lixo1rjpg165972705062ed6cca06a31.jpg\",\"width\":600,\"height\":337,\"caption\":\"Lixo depositado em estrada rural pelo morador, que foi identificado e vai responder por crime ambiental\"},{\"@type\":\"BreadcrumbList\",\"@id\":\"https:\/\/radiolifefm.com.br\/noticias\/morador-joga-lixo-em-estrada-e-identificado-pela-policia-civil-e-respondera-por-crime-ambiental\/#breadcrumb\",\"itemListElement\":[{\"@type\":\"ListItem\",\"position\":1,\"name\":\"In\u00edcio\",\"item\":\"https:\/\/radiolifefm.com.br\/noticias\/\"},{\"@type\":\"ListItem\",\"position\":2,\"name\":\"Morador joga lixo em estrada, \u00e9 identificado pela Pol\u00edcia Civil e responder\u00e1 por crime ambiental\"}]},{\"@type\":\"WebSite\",\"@id\":\"https:\/\/radiolifefm.com.br\/noticias\/#website\",\"url\":\"https:\/\/radiolifefm.com.br\/noticias\/\",\"name\":\"R\u00e1dio Life FM\",\"description\":\"O Portal de Not\u00edcias de Adamantina\",\"publisher\":{\"@id\":\"https:\/\/radiolifefm.com.br\/noticias\/#organization\"},\"alternateName\":\"Life FM\",\"potentialAction\":[{\"@type\":\"SearchAction\",\"target\":{\"@type\":\"EntryPoint\",\"urlTemplate\":\"https:\/\/radiolifefm.com.br\/noticias\/?s={search_term_string}\"},\"query-input\":{\"@type\":\"PropertyValueSpecification\",\"valueRequired\":true,\"valueName\":\"search_term_string\"}}],\"inLanguage\":\"pt-BR\"},{\"@type\":\"Organization\",\"@id\":\"https:\/\/radiolifefm.com.br\/noticias\/#organization\",\"name\":\"R\u00e1dio Life FM\",\"alternateName\":\"Life FM\",\"url\":\"https:\/\/radiolifefm.com.br\/noticias\/\",\"logo\":{\"@type\":\"ImageObject\",\"inLanguage\":\"pt-BR\",\"@id\":\"https:\/\/radiolifefm.com.br\/noticias\/#\/schema\/logo\/image\/\",\"url\":\"https:\/\/static.radiolifefm.com.br\/noticias\/wp-content\/uploads\/2019\/10\/logo-lifefm.png\",\"contentUrl\":\"https:\/\/static.radiolifefm.com.br\/noticias\/wp-content\/uploads\/2019\/10\/logo-lifefm.png\",\"width\":196,\"height\":47,\"caption\":\"R\u00e1dio Life FM\"},\"image\":{\"@id\":\"https:\/\/radiolifefm.com.br\/noticias\/#\/schema\/logo\/image\/\"},\"sameAs\":[\"https:\/\/www.facebook.com\/radiolifefm\/\",\"https:\/\/www.instagram.com\/life1079fm\/\"]},{\"@type\":\"Person\",\"@id\":\"https:\/\/radiolifefm.com.br\/noticias\/#\/schema\/person\/6339b9fac59d12b071dec680d7375d87\",\"name\":\"ritanery\",\"image\":{\"@type\":\"ImageObject\",\"inLanguage\":\"pt-BR\",\"@id\":\"https:\/\/secure.gravatar.com\/avatar\/0e37bb19071f47c0b8a23f62a903df117c5a0e75f65a0c2901562f97cd41cf86?s=96&d=mm&r=g\",\"url\":\"https:\/\/secure.gravatar.com\/avatar\/0e37bb19071f47c0b8a23f62a903df117c5a0e75f65a0c2901562f97cd41cf86?s=96&d=mm&r=g\",\"contentUrl\":\"https:\/\/secure.gravatar.com\/avatar\/0e37bb19071f47c0b8a23f62a903df117c5a0e75f65a0c2901562f97cd41cf86?s=96&d=mm&r=g\",\"caption\":\"ritanery\"}}]}<\/script>\n<!-- \/ Yoast SEO plugin. -->","yoast_head_json":{"title":"Morador joga lixo em estrada, \u00e9 identificado pela Pol\u00edcia Civil e responder\u00e1 por crime ambiental - R\u00e1dio Life FM","robots":{"index":"index","follow":"follow","max-snippet":"max-snippet:-1","max-image-preview":"max-image-preview:large","max-video-preview":"max-video-preview:-1"},"canonical":"https:\/\/radiolifefm.com.br\/noticias\/morador-joga-lixo-em-estrada-e-identificado-pela-policia-civil-e-respondera-por-crime-ambiental\/","og_locale":"pt_BR","og_type":"article","og_title":"Morador joga lixo em estrada, \u00e9 identificado pela Pol\u00edcia Civil e responder\u00e1 por crime ambiental - R\u00e1dio Life FM","og_description":"Um morador de Adamantina passou por uma estrada rural pertencente ao munic\u00edpio e dispensou algumas sacolas pl\u00e1sticas de lixo na beira da estrada. Um boletim de ocorr\u00eancia foi feito, haja vista que \u00e9 costumeira essa pr\u00e1tica il\u00edcita naquele local. O caso foi divulgado nesta sexta-feira na\u00a0fanpage\u00a0da Delegacia de Investiga\u00e7\u00f5es Gerais (DIG) e da Delegacia de [&hellip;]","og_url":"https:\/\/radiolifefm.com.br\/noticias\/morador-joga-lixo-em-estrada-e-identificado-pela-policia-civil-e-respondera-por-crime-ambiental\/","og_site_name":"R\u00e1dio Life FM","article_publisher":"https:\/\/www.facebook.com\/radiolifefm\/","article_published_time":"2022-08-06T12:17:08+00:00","article_modified_time":"2026-02-11T22:14:14+00:00","og_image":[{"width":600,"height":337,"url":"https:\/\/radiolifefm.com.br\/noticias\/wp-content\/uploads\/2022\/08\/lixo1rjpg165972705062ed6cca06a31.jpg","type":"image\/jpeg"}],"author":"ritanery","twitter_card":"summary_large_image","twitter_misc":{"Escrito por":"ritanery","Est. tempo de leitura":"1 minuto"},"schema":{"@context":"https:\/\/schema.org","@graph":[{"@type":"Article","@id":"https:\/\/radiolifefm.com.br\/noticias\/morador-joga-lixo-em-estrada-e-identificado-pela-policia-civil-e-respondera-por-crime-ambiental\/#article","isPartOf":{"@id":"https:\/\/radiolifefm.com.br\/noticias\/morador-joga-lixo-em-estrada-e-identificado-pela-policia-civil-e-respondera-por-crime-ambiental\/"},"author":{"name":"ritanery","@id":"https:\/\/radiolifefm.com.br\/noticias\/#\/schema\/person\/6339b9fac59d12b071dec680d7375d87"},"headline":"Morador joga lixo em estrada, \u00e9 identificado pela Pol\u00edcia Civil e responder\u00e1 por crime ambiental","datePublished":"2022-08-06T12:17:08+00:00","dateModified":"2026-02-11T22:14:14+00:00","mainEntityOfPage":{"@id":"https:\/\/radiolifefm.com.br\/noticias\/morador-joga-lixo-em-estrada-e-identificado-pela-policia-civil-e-respondera-por-crime-ambiental\/"},"wordCount":236,"publisher":{"@id":"https:\/\/radiolifefm.com.br\/noticias\/#organization"},"image":{"@id":"https:\/\/radiolifefm.com.br\/noticias\/morador-joga-lixo-em-estrada-e-identificado-pela-policia-civil-e-respondera-por-crime-ambiental\/#primaryimage"},"thumbnailUrl":"https:\/\/radiolifefm.com.br\/noticias\/wp-content\/uploads\/2022\/08\/lixo1rjpg165972705062ed6cca06a31.jpg","articleSection":["Adamantina"],"inLanguage":"pt-BR"},{"@type":"WebPage","@id":"https:\/\/radiolifefm.com.br\/noticias\/morador-joga-lixo-em-estrada-e-identificado-pela-policia-civil-e-respondera-por-crime-ambiental\/","url":"https:\/\/radiolifefm.com.br\/noticias\/morador-joga-lixo-em-estrada-e-identificado-pela-policia-civil-e-respondera-por-crime-ambiental\/","name":"Morador joga lixo em estrada, \u00e9 identificado pela Pol\u00edcia Civil e responder\u00e1 por crime ambiental - R\u00e1dio Life FM","isPartOf":{"@id":"https:\/\/radiolifefm.com.br\/noticias\/#website"},"primaryImageOfPage":{"@id":"https:\/\/radiolifefm.com.br\/noticias\/morador-joga-lixo-em-estrada-e-identificado-pela-policia-civil-e-respondera-por-crime-ambiental\/#primaryimage"},"image":{"@id":"https:\/\/radiolifefm.com.br\/noticias\/morador-joga-lixo-em-estrada-e-identificado-pela-policia-civil-e-respondera-por-crime-ambiental\/#primaryimage"},"thumbnailUrl":"https:\/\/radiolifefm.com.br\/noticias\/wp-content\/uploads\/2022\/08\/lixo1rjpg165972705062ed6cca06a31.jpg","datePublished":"2022-08-06T12:17:08+00:00","dateModified":"2026-02-11T22:14:14+00:00","breadcrumb":{"@id":"https:\/\/radiolifefm.com.br\/noticias\/morador-joga-lixo-em-estrada-e-identificado-pela-policia-civil-e-respondera-por-crime-ambiental\/#breadcrumb"},"inLanguage":"pt-BR","potentialAction":[{"@type":"ReadAction","target":["https:\/\/radiolifefm.com.br\/noticias\/morador-joga-lixo-em-estrada-e-identificado-pela-policia-civil-e-respondera-por-crime-ambiental\/"]}]},{"@type":"ImageObject","inLanguage":"pt-BR","@id":"https:\/\/radiolifefm.com.br\/noticias\/morador-joga-lixo-em-estrada-e-identificado-pela-policia-civil-e-respondera-por-crime-ambiental\/#primaryimage","url":"https:\/\/radiolifefm.com.br\/noticias\/wp-content\/uploads\/2022\/08\/lixo1rjpg165972705062ed6cca06a31.jpg","contentUrl":"https:\/\/radiolifefm.com.br\/noticias\/wp-content\/uploads\/2022\/08\/lixo1rjpg165972705062ed6cca06a31.jpg","width":600,"height":337,"caption":"Lixo depositado em estrada rural pelo morador, que foi identificado e vai responder por crime ambiental"},{"@type":"BreadcrumbList","@id":"https:\/\/radiolifefm.com.br\/noticias\/morador-joga-lixo-em-estrada-e-identificado-pela-policia-civil-e-respondera-por-crime-ambiental\/#breadcrumb","itemListElement":[{"@type":"ListItem","position":1,"name":"In\u00edcio","item":"https:\/\/radiolifefm.com.br\/noticias\/"},{"@type":"ListItem","position":2,"name":"Morador joga lixo em estrada, \u00e9 identificado pela Pol\u00edcia Civil e responder\u00e1 por crime ambiental"}]},{"@type":"WebSite","@id":"https:\/\/radiolifefm.com.br\/noticias\/#website","url":"https:\/\/radiolifefm.com.br\/noticias\/","name":"R\u00e1dio Life FM","description":"O Portal de Not\u00edcias de Adamantina","publisher":{"@id":"https:\/\/radiolifefm.com.br\/noticias\/#organization"},"alternateName":"Life FM","potentialAction":[{"@type":"SearchAction","target":{"@type":"EntryPoint","urlTemplate":"https:\/\/radiolifefm.com.br\/noticias\/?s={search_term_string}"},"query-input":{"@type":"PropertyValueSpecification","valueRequired":true,"valueName":"search_term_string"}}],"inLanguage":"pt-BR"},{"@type":"Organization","@id":"https:\/\/radiolifefm.com.br\/noticias\/#organization","name":"R\u00e1dio Life FM","alternateName":"Life FM","url":"https:\/\/radiolifefm.com.br\/noticias\/","logo":{"@type":"ImageObject","inLanguage":"pt-BR","@id":"https:\/\/radiolifefm.com.br\/noticias\/#\/schema\/logo\/image\/","url":"https:\/\/static.radiolifefm.com.br\/noticias\/wp-content\/uploads\/2019\/10\/logo-lifefm.png","contentUrl":"https:\/\/static.radiolifefm.com.br\/noticias\/wp-content\/uploads\/2019\/10\/logo-lifefm.png","width":196,"height":47,"caption":"R\u00e1dio Life FM"},"image":{"@id":"https:\/\/radiolifefm.com.br\/noticias\/#\/schema\/logo\/image\/"},"sameAs":["https:\/\/www.facebook.com\/radiolifefm\/","https:\/\/www.instagram.com\/life1079fm\/"]},{"@type":"Person","@id":"https:\/\/radiolifefm.com.br\/noticias\/#\/schema\/person\/6339b9fac59d12b071dec680d7375d87","name":"ritanery","image":{"@type":"ImageObject","inLanguage":"pt-BR","@id":"https:\/\/secure.gravatar.com\/avatar\/0e37bb19071f47c0b8a23f62a903df117c5a0e75f65a0c2901562f97cd41cf86?s=96&d=mm&r=g","url":"https:\/\/secure.gravatar.com\/avatar\/0e37bb19071f47c0b8a23f62a903df117c5a0e75f65a0c2901562f97cd41cf86?s=96&d=mm&r=g","contentUrl":"https:\/\/secure.gravatar.com\/avatar\/0e37bb19071f47c0b8a23f62a903df117c5a0e75f65a0c2901562f97cd41cf86?s=96&d=mm&r=g","caption":"ritanery"}}]}},"amp_enabled":true,"_links":{"self":[{"href":"https:\/\/radiolifefm.com.br\/noticias\/wp-json\/wp\/v2\/posts\/56678","targetHints":{"allow":["GET"]}}],"collection":[{"href":"https:\/\/radiolifefm.com.br\/noticias\/wp-json\/wp\/v2\/posts"}],"about":[{"href":"https:\/\/radiolifefm.com.br\/noticias\/wp-json\/wp\/v2\/types\/post"}],"author":[{"embeddable":true,"href":"https:\/\/radiolifefm.com.br\/noticias\/wp-json\/wp\/v2\/users\/13"}],"replies":[{"embeddable":true,"href":"https:\/\/radiolifefm.com.br\/noticias\/wp-json\/wp\/v2\/comments?post=56678"}],"version-history":[{"count":4,"href":"https:\/\/radiolifefm.com.br\/noticias\/wp-json\/wp\/v2\/posts\/56678\/revisions"}],"predecessor-version":[{"id":56683,"href":"https:\/\/radiolifefm.com.br\/noticias\/wp-json\/wp\/v2\/posts\/56678\/revisions\/56683"}],"wp:featuredmedia":[{"embeddable":true,"href":"https:\/\/radiolifefm.com.br\/noticias\/wp-json\/wp\/v2\/media\/56679"}],"wp:attachment":[{"href":"https:\/\/radiolifefm.com.br\/noticias\/wp-json\/wp\/v2\/media?parent=56678"}],"wp:term":[{"taxonomy":"category","embeddable":true,"href":"https:\/\/radiolifefm.com.br\/noticias\/wp-json\/wp\/v2\/categories?post=56678"},{"taxonomy":"post_tag","embeddable":true,"href":"https:\/\/radiolifefm.com.br\/noticias\/wp-json\/wp\/v2\/tags?post=56678"}],"curies":[{"name":"wp","href":"https:\/\/api.w.org\/{rel}","templated":true}]}}