{"id":56639,"date":"2022-08-05T10:04:38","date_gmt":"2022-08-05T13:04:38","guid":{"rendered":"https:\/\/radiolifefm.com.br\/noticias\/?p=56639"},"modified":"2026-03-27T02:20:35","modified_gmt":"2026-03-27T05:20:35","slug":"secretaria-de-assistencia-social-de-adamantina-realiza-acoes-em-comemoracao-a-1a-infanciaadamantina","status":"publish","type":"post","link":"https:\/\/radiolifefm.com.br\/noticias\/secretaria-de-assistencia-social-de-adamantina-realiza-acoes-em-comemoracao-a-1a-infanciaadamantina\/","title":{"rendered":"Secretaria de Assist\u00eancia Social de Adamantina realiza a\u00e7\u00f5es em comemora\u00e7\u00e3o \u00e0 1\u00aa Inf\u00e2ncia"},"content":{"rendered":"<div id=\"fb-root\"><\/div>\n<p>Durante o m\u00eas de agosto, \u00e9 comemorado o M\u00eas da 1\u00aa Inf\u00e2ncia. Devido a isso, a Secretaria de Assist\u00eancia Social, por meio do Programa Crian\u00e7a Feliz, preparou uma programa\u00e7\u00e3o especial voltada ao p\u00fablico-alvo que contempla gestantes, crian\u00e7as de 0 a tr\u00eas anos e as m\u00e3es.<\/p>\n<p>No s\u00e1bado (6), ser\u00e1 realizado o Dia do Mama\u00e7o na Pra\u00e7a \u00c9lio Micheloni a partir das 9h. A a\u00e7\u00e3o ocorre em parceria com o Grupo de Apoio Materno-Infantil (GAMI) com o objetivo de refor\u00e7ar a import\u00e2ncia da amamenta\u00e7\u00e3o.<\/p>\n<p>J\u00e1 no dia 9 ser\u00e1 realizada uma reuni\u00e3o com os visitadores que atuam no Programa Crian\u00e7a Feliz com os educadores das escolas municipais e com os agentes comunit\u00e1rios. O encontro visa fortalecer a parceria no desenvolvimento das a\u00e7\u00f5es.<\/p>\n<p>No dia 11, mais um encontro ser\u00e1 realizado. Desta vez, ser\u00e1 com os representantes do comit\u00ea gestor do Programa Crian\u00e7a Feliz que contempla integrante de diferentes secretarias. A reuni\u00e3o tem como foco refor\u00e7ar as demandas recebidas e o atendimento ao p\u00fablico.<\/p>\n<p>Nos dias 15 e 16 de agosto ser\u00e1 comemorado o Dia das Gestante e Lactante no Centro Integrado de Sa\u00fade (CIS). A comemora\u00e7\u00e3o ser\u00e1 em parceria com os profissionais da \u00e1rea da sa\u00fade que v\u00e3o ministrar palestras sobre a import\u00e2ncia dos cuidados durante a gest\u00e3o.<\/p>\n<p>No dia 17, ser\u00e1 realizado um encontro intermunicipal no Anfiteatro Fernando Paloni. Estar\u00e3o presentes os supervisores e os visitadores do Programa Crian\u00e7a Feliz da regi\u00e3o.<\/p>\n<p>A iniciativa visa promover o fortalecimento de v\u00ednculos entre setores e tra\u00e7ar estrat\u00e9gias para garantir o melhor atendimento \u00e0s fam\u00edlias que est\u00e3o inseridas no Programa.<\/p>\n<p>&nbsp;<\/p>\n<p>Fonte: Assessoria de Imprensa<\/p>\n","protected":false},"excerpt":{"rendered":"<p>Durante o m\u00eas de agosto, \u00e9 comemorado o M\u00eas da 1\u00aa Inf\u00e2ncia. Devido a isso, a Secretaria de Assist\u00eancia Social, por meio do Programa Crian\u00e7a Feliz, preparou uma programa\u00e7\u00e3o especial voltada ao p\u00fablico-alvo que contempla gestantes, crian\u00e7as de 0 a tr\u00eas anos e as m\u00e3es. No s\u00e1bado (6), ser\u00e1 realizado o Dia do Mama\u00e7o na [&hellip;]<\/p>\n","protected":false},"author":13,"featured_media":56640,"comment_status":"closed","ping_status":"open","sticky":false,"template":"","format":"standard","meta":{"_acf_changed":false,"_exactmetrics_skip_tracking":false,"_exactmetrics_sitenote_active":false,"_exactmetrics_sitenote_note":"","_exactmetrics_sitenote_category":0,"footnotes":""},"categories":[21],"tags":[],"class_list":["post-56639","post","type-post","status-publish","format-standard","has-post-thumbnail","hentry","category-adamantina"],"acf":[],"yoast_head":"<!-- This site is optimized with the Yoast SEO plugin v27.2 - https:\/\/yoast.com\/product\/yoast-seo-wordpress\/ -->\n<title>Secretaria de Assist\u00eancia Social de Adamantina realiza a\u00e7\u00f5es em comemora\u00e7\u00e3o \u00e0 1\u00aa Inf\u00e2ncia - R\u00e1dio Life FM<\/title>\n<meta name=\"robots\" content=\"index, follow, max-snippet:-1, max-image-preview:large, max-video-preview:-1\" \/>\n<link rel=\"canonical\" href=\"https:\/\/radiolifefm.com.br\/noticias\/secretaria-de-assistencia-social-de-adamantina-realiza-acoes-em-comemoracao-a-1a-infanciaadamantina\/\" \/>\n<meta property=\"og:locale\" content=\"pt_BR\" \/>\n<meta property=\"og:type\" content=\"article\" \/>\n<meta property=\"og:title\" content=\"Secretaria de Assist\u00eancia Social de Adamantina realiza a\u00e7\u00f5es em comemora\u00e7\u00e3o \u00e0 1\u00aa Inf\u00e2ncia - R\u00e1dio Life FM\" \/>\n<meta property=\"og:description\" content=\"Durante o m\u00eas de agosto, \u00e9 comemorado o M\u00eas da 1\u00aa Inf\u00e2ncia. Devido a isso, a Secretaria de Assist\u00eancia Social, por meio do Programa Crian\u00e7a Feliz, preparou uma programa\u00e7\u00e3o especial voltada ao p\u00fablico-alvo que contempla gestantes, crian\u00e7as de 0 a tr\u00eas anos e as m\u00e3es. No s\u00e1bado (6), ser\u00e1 realizado o Dia do Mama\u00e7o na [&hellip;]\" \/>\n<meta property=\"og:url\" content=\"https:\/\/radiolifefm.com.br\/noticias\/secretaria-de-assistencia-social-de-adamantina-realiza-acoes-em-comemoracao-a-1a-infanciaadamantina\/\" \/>\n<meta property=\"og:site_name\" content=\"R\u00e1dio Life FM\" \/>\n<meta property=\"article:publisher\" content=\"https:\/\/www.facebook.com\/radiolifefm\/\" \/>\n<meta property=\"article:published_time\" content=\"2022-08-05T13:04:38+00:00\" \/>\n<meta property=\"article:modified_time\" content=\"2026-03-27T05:20:35+00:00\" \/>\n<meta property=\"og:image\" content=\"https:\/\/radiolifefm.com.br\/noticias\/wp-content\/uploads\/2022\/08\/download.jpg\" \/>\n\t<meta property=\"og:image:width\" content=\"318\" \/>\n\t<meta property=\"og:image:height\" content=\"159\" \/>\n\t<meta property=\"og:image:type\" content=\"image\/jpeg\" \/>\n<meta name=\"author\" content=\"ritanery\" \/>\n<meta name=\"twitter:card\" content=\"summary_large_image\" \/>\n<meta name=\"twitter:label1\" content=\"Escrito por\" \/>\n\t<meta name=\"twitter:data1\" content=\"ritanery\" \/>\n\t<meta name=\"twitter:label2\" content=\"Est. tempo de leitura\" \/>\n\t<meta name=\"twitter:data2\" content=\"2 minutos\" \/>\n<script type=\"application\/ld+json\" class=\"yoast-schema-graph\">{\"@context\":\"https:\/\/schema.org\",\"@graph\":[{\"@type\":\"Article\",\"@id\":\"https:\/\/radiolifefm.com.br\/noticias\/secretaria-de-assistencia-social-de-adamantina-realiza-acoes-em-comemoracao-a-1a-infanciaadamantina\/#article\",\"isPartOf\":{\"@id\":\"https:\/\/radiolifefm.com.br\/noticias\/secretaria-de-assistencia-social-de-adamantina-realiza-acoes-em-comemoracao-a-1a-infanciaadamantina\/\"},\"author\":{\"name\":\"ritanery\",\"@id\":\"https:\/\/radiolifefm.com.br\/noticias\/#\/schema\/person\/6339b9fac59d12b071dec680d7375d87\"},\"headline\":\"Secretaria de Assist\u00eancia Social de Adamantina realiza a\u00e7\u00f5es em comemora\u00e7\u00e3o \u00e0 1\u00aa Inf\u00e2ncia\",\"datePublished\":\"2022-08-05T13:04:38+00:00\",\"dateModified\":\"2026-03-27T05:20:35+00:00\",\"mainEntityOfPage\":{\"@id\":\"https:\/\/radiolifefm.com.br\/noticias\/secretaria-de-assistencia-social-de-adamantina-realiza-acoes-em-comemoracao-a-1a-infanciaadamantina\/\"},\"wordCount\":307,\"publisher\":{\"@id\":\"https:\/\/radiolifefm.com.br\/noticias\/#organization\"},\"image\":{\"@id\":\"https:\/\/radiolifefm.com.br\/noticias\/secretaria-de-assistencia-social-de-adamantina-realiza-acoes-em-comemoracao-a-1a-infanciaadamantina\/#primaryimage\"},\"thumbnailUrl\":\"https:\/\/radiolifefm.com.br\/noticias\/wp-content\/uploads\/2022\/08\/download.jpg\",\"articleSection\":[\"Adamantina\"],\"inLanguage\":\"pt-BR\"},{\"@type\":\"WebPage\",\"@id\":\"https:\/\/radiolifefm.com.br\/noticias\/secretaria-de-assistencia-social-de-adamantina-realiza-acoes-em-comemoracao-a-1a-infanciaadamantina\/\",\"url\":\"https:\/\/radiolifefm.com.br\/noticias\/secretaria-de-assistencia-social-de-adamantina-realiza-acoes-em-comemoracao-a-1a-infanciaadamantina\/\",\"name\":\"Secretaria de Assist\u00eancia Social de Adamantina realiza a\u00e7\u00f5es em comemora\u00e7\u00e3o \u00e0 1\u00aa Inf\u00e2ncia - R\u00e1dio Life FM\",\"isPartOf\":{\"@id\":\"https:\/\/radiolifefm.com.br\/noticias\/#website\"},\"primaryImageOfPage\":{\"@id\":\"https:\/\/radiolifefm.com.br\/noticias\/secretaria-de-assistencia-social-de-adamantina-realiza-acoes-em-comemoracao-a-1a-infanciaadamantina\/#primaryimage\"},\"image\":{\"@id\":\"https:\/\/radiolifefm.com.br\/noticias\/secretaria-de-assistencia-social-de-adamantina-realiza-acoes-em-comemoracao-a-1a-infanciaadamantina\/#primaryimage\"},\"thumbnailUrl\":\"https:\/\/radiolifefm.com.br\/noticias\/wp-content\/uploads\/2022\/08\/download.jpg\",\"datePublished\":\"2022-08-05T13:04:38+00:00\",\"dateModified\":\"2026-03-27T05:20:35+00:00\",\"breadcrumb\":{\"@id\":\"https:\/\/radiolifefm.com.br\/noticias\/secretaria-de-assistencia-social-de-adamantina-realiza-acoes-em-comemoracao-a-1a-infanciaadamantina\/#breadcrumb\"},\"inLanguage\":\"pt-BR\",\"potentialAction\":[{\"@type\":\"ReadAction\",\"target\":[\"https:\/\/radiolifefm.com.br\/noticias\/secretaria-de-assistencia-social-de-adamantina-realiza-acoes-em-comemoracao-a-1a-infanciaadamantina\/\"]}]},{\"@type\":\"ImageObject\",\"inLanguage\":\"pt-BR\",\"@id\":\"https:\/\/radiolifefm.com.br\/noticias\/secretaria-de-assistencia-social-de-adamantina-realiza-acoes-em-comemoracao-a-1a-infanciaadamantina\/#primaryimage\",\"url\":\"https:\/\/radiolifefm.com.br\/noticias\/wp-content\/uploads\/2022\/08\/download.jpg\",\"contentUrl\":\"https:\/\/radiolifefm.com.br\/noticias\/wp-content\/uploads\/2022\/08\/download.jpg\",\"width\":318,\"height\":159,\"caption\":\"Iniciativas ser\u00e3o desenvolvidas pelo Programa Crian\u00e7a Feliz e parceiros\"},{\"@type\":\"BreadcrumbList\",\"@id\":\"https:\/\/radiolifefm.com.br\/noticias\/secretaria-de-assistencia-social-de-adamantina-realiza-acoes-em-comemoracao-a-1a-infanciaadamantina\/#breadcrumb\",\"itemListElement\":[{\"@type\":\"ListItem\",\"position\":1,\"name\":\"In\u00edcio\",\"item\":\"https:\/\/radiolifefm.com.br\/noticias\/\"},{\"@type\":\"ListItem\",\"position\":2,\"name\":\"Secretaria de Assist\u00eancia Social de Adamantina realiza a\u00e7\u00f5es em comemora\u00e7\u00e3o \u00e0 1\u00aa Inf\u00e2ncia\"}]},{\"@type\":\"WebSite\",\"@id\":\"https:\/\/radiolifefm.com.br\/noticias\/#website\",\"url\":\"https:\/\/radiolifefm.com.br\/noticias\/\",\"name\":\"R\u00e1dio Life FM\",\"description\":\"O Portal de Not\u00edcias de Adamantina\",\"publisher\":{\"@id\":\"https:\/\/radiolifefm.com.br\/noticias\/#organization\"},\"alternateName\":\"Life FM\",\"potentialAction\":[{\"@type\":\"SearchAction\",\"target\":{\"@type\":\"EntryPoint\",\"urlTemplate\":\"https:\/\/radiolifefm.com.br\/noticias\/?s={search_term_string}\"},\"query-input\":{\"@type\":\"PropertyValueSpecification\",\"valueRequired\":true,\"valueName\":\"search_term_string\"}}],\"inLanguage\":\"pt-BR\"},{\"@type\":\"Organization\",\"@id\":\"https:\/\/radiolifefm.com.br\/noticias\/#organization\",\"name\":\"R\u00e1dio Life FM\",\"alternateName\":\"Life FM\",\"url\":\"https:\/\/radiolifefm.com.br\/noticias\/\",\"logo\":{\"@type\":\"ImageObject\",\"inLanguage\":\"pt-BR\",\"@id\":\"https:\/\/radiolifefm.com.br\/noticias\/#\/schema\/logo\/image\/\",\"url\":\"https:\/\/static.radiolifefm.com.br\/noticias\/wp-content\/uploads\/2019\/10\/logo-lifefm.png\",\"contentUrl\":\"https:\/\/static.radiolifefm.com.br\/noticias\/wp-content\/uploads\/2019\/10\/logo-lifefm.png\",\"width\":196,\"height\":47,\"caption\":\"R\u00e1dio Life FM\"},\"image\":{\"@id\":\"https:\/\/radiolifefm.com.br\/noticias\/#\/schema\/logo\/image\/\"},\"sameAs\":[\"https:\/\/www.facebook.com\/radiolifefm\/\",\"https:\/\/www.instagram.com\/life1079fm\/\"]},{\"@type\":\"Person\",\"@id\":\"https:\/\/radiolifefm.com.br\/noticias\/#\/schema\/person\/6339b9fac59d12b071dec680d7375d87\",\"name\":\"ritanery\",\"image\":{\"@type\":\"ImageObject\",\"inLanguage\":\"pt-BR\",\"@id\":\"https:\/\/secure.gravatar.com\/avatar\/0e37bb19071f47c0b8a23f62a903df117c5a0e75f65a0c2901562f97cd41cf86?s=96&d=mm&r=g\",\"url\":\"https:\/\/secure.gravatar.com\/avatar\/0e37bb19071f47c0b8a23f62a903df117c5a0e75f65a0c2901562f97cd41cf86?s=96&d=mm&r=g\",\"contentUrl\":\"https:\/\/secure.gravatar.com\/avatar\/0e37bb19071f47c0b8a23f62a903df117c5a0e75f65a0c2901562f97cd41cf86?s=96&d=mm&r=g\",\"caption\":\"ritanery\"}}]}<\/script>\n<!-- \/ Yoast SEO plugin. -->","yoast_head_json":{"title":"Secretaria de Assist\u00eancia Social de Adamantina realiza a\u00e7\u00f5es em comemora\u00e7\u00e3o \u00e0 1\u00aa Inf\u00e2ncia - R\u00e1dio Life FM","robots":{"index":"index","follow":"follow","max-snippet":"max-snippet:-1","max-image-preview":"max-image-preview:large","max-video-preview":"max-video-preview:-1"},"canonical":"https:\/\/radiolifefm.com.br\/noticias\/secretaria-de-assistencia-social-de-adamantina-realiza-acoes-em-comemoracao-a-1a-infanciaadamantina\/","og_locale":"pt_BR","og_type":"article","og_title":"Secretaria de Assist\u00eancia Social de Adamantina realiza a\u00e7\u00f5es em comemora\u00e7\u00e3o \u00e0 1\u00aa Inf\u00e2ncia - R\u00e1dio Life FM","og_description":"Durante o m\u00eas de agosto, \u00e9 comemorado o M\u00eas da 1\u00aa Inf\u00e2ncia. Devido a isso, a Secretaria de Assist\u00eancia Social, por meio do Programa Crian\u00e7a Feliz, preparou uma programa\u00e7\u00e3o especial voltada ao p\u00fablico-alvo que contempla gestantes, crian\u00e7as de 0 a tr\u00eas anos e as m\u00e3es. No s\u00e1bado (6), ser\u00e1 realizado o Dia do Mama\u00e7o na [&hellip;]","og_url":"https:\/\/radiolifefm.com.br\/noticias\/secretaria-de-assistencia-social-de-adamantina-realiza-acoes-em-comemoracao-a-1a-infanciaadamantina\/","og_site_name":"R\u00e1dio Life FM","article_publisher":"https:\/\/www.facebook.com\/radiolifefm\/","article_published_time":"2022-08-05T13:04:38+00:00","article_modified_time":"2026-03-27T05:20:35+00:00","og_image":[{"width":318,"height":159,"url":"https:\/\/radiolifefm.com.br\/noticias\/wp-content\/uploads\/2022\/08\/download.jpg","type":"image\/jpeg"}],"author":"ritanery","twitter_card":"summary_large_image","twitter_misc":{"Escrito por":"ritanery","Est. tempo de leitura":"2 minutos"},"schema":{"@context":"https:\/\/schema.org","@graph":[{"@type":"Article","@id":"https:\/\/radiolifefm.com.br\/noticias\/secretaria-de-assistencia-social-de-adamantina-realiza-acoes-em-comemoracao-a-1a-infanciaadamantina\/#article","isPartOf":{"@id":"https:\/\/radiolifefm.com.br\/noticias\/secretaria-de-assistencia-social-de-adamantina-realiza-acoes-em-comemoracao-a-1a-infanciaadamantina\/"},"author":{"name":"ritanery","@id":"https:\/\/radiolifefm.com.br\/noticias\/#\/schema\/person\/6339b9fac59d12b071dec680d7375d87"},"headline":"Secretaria de Assist\u00eancia Social de Adamantina realiza a\u00e7\u00f5es em comemora\u00e7\u00e3o \u00e0 1\u00aa Inf\u00e2ncia","datePublished":"2022-08-05T13:04:38+00:00","dateModified":"2026-03-27T05:20:35+00:00","mainEntityOfPage":{"@id":"https:\/\/radiolifefm.com.br\/noticias\/secretaria-de-assistencia-social-de-adamantina-realiza-acoes-em-comemoracao-a-1a-infanciaadamantina\/"},"wordCount":307,"publisher":{"@id":"https:\/\/radiolifefm.com.br\/noticias\/#organization"},"image":{"@id":"https:\/\/radiolifefm.com.br\/noticias\/secretaria-de-assistencia-social-de-adamantina-realiza-acoes-em-comemoracao-a-1a-infanciaadamantina\/#primaryimage"},"thumbnailUrl":"https:\/\/radiolifefm.com.br\/noticias\/wp-content\/uploads\/2022\/08\/download.jpg","articleSection":["Adamantina"],"inLanguage":"pt-BR"},{"@type":"WebPage","@id":"https:\/\/radiolifefm.com.br\/noticias\/secretaria-de-assistencia-social-de-adamantina-realiza-acoes-em-comemoracao-a-1a-infanciaadamantina\/","url":"https:\/\/radiolifefm.com.br\/noticias\/secretaria-de-assistencia-social-de-adamantina-realiza-acoes-em-comemoracao-a-1a-infanciaadamantina\/","name":"Secretaria de Assist\u00eancia Social de Adamantina realiza a\u00e7\u00f5es em comemora\u00e7\u00e3o \u00e0 1\u00aa Inf\u00e2ncia - R\u00e1dio Life FM","isPartOf":{"@id":"https:\/\/radiolifefm.com.br\/noticias\/#website"},"primaryImageOfPage":{"@id":"https:\/\/radiolifefm.com.br\/noticias\/secretaria-de-assistencia-social-de-adamantina-realiza-acoes-em-comemoracao-a-1a-infanciaadamantina\/#primaryimage"},"image":{"@id":"https:\/\/radiolifefm.com.br\/noticias\/secretaria-de-assistencia-social-de-adamantina-realiza-acoes-em-comemoracao-a-1a-infanciaadamantina\/#primaryimage"},"thumbnailUrl":"https:\/\/radiolifefm.com.br\/noticias\/wp-content\/uploads\/2022\/08\/download.jpg","datePublished":"2022-08-05T13:04:38+00:00","dateModified":"2026-03-27T05:20:35+00:00","breadcrumb":{"@id":"https:\/\/radiolifefm.com.br\/noticias\/secretaria-de-assistencia-social-de-adamantina-realiza-acoes-em-comemoracao-a-1a-infanciaadamantina\/#breadcrumb"},"inLanguage":"pt-BR","potentialAction":[{"@type":"ReadAction","target":["https:\/\/radiolifefm.com.br\/noticias\/secretaria-de-assistencia-social-de-adamantina-realiza-acoes-em-comemoracao-a-1a-infanciaadamantina\/"]}]},{"@type":"ImageObject","inLanguage":"pt-BR","@id":"https:\/\/radiolifefm.com.br\/noticias\/secretaria-de-assistencia-social-de-adamantina-realiza-acoes-em-comemoracao-a-1a-infanciaadamantina\/#primaryimage","url":"https:\/\/radiolifefm.com.br\/noticias\/wp-content\/uploads\/2022\/08\/download.jpg","contentUrl":"https:\/\/radiolifefm.com.br\/noticias\/wp-content\/uploads\/2022\/08\/download.jpg","width":318,"height":159,"caption":"Iniciativas ser\u00e3o desenvolvidas pelo Programa Crian\u00e7a Feliz e parceiros"},{"@type":"BreadcrumbList","@id":"https:\/\/radiolifefm.com.br\/noticias\/secretaria-de-assistencia-social-de-adamantina-realiza-acoes-em-comemoracao-a-1a-infanciaadamantina\/#breadcrumb","itemListElement":[{"@type":"ListItem","position":1,"name":"In\u00edcio","item":"https:\/\/radiolifefm.com.br\/noticias\/"},{"@type":"ListItem","position":2,"name":"Secretaria de Assist\u00eancia Social de Adamantina realiza a\u00e7\u00f5es em comemora\u00e7\u00e3o \u00e0 1\u00aa Inf\u00e2ncia"}]},{"@type":"WebSite","@id":"https:\/\/radiolifefm.com.br\/noticias\/#website","url":"https:\/\/radiolifefm.com.br\/noticias\/","name":"R\u00e1dio Life FM","description":"O Portal de Not\u00edcias de Adamantina","publisher":{"@id":"https:\/\/radiolifefm.com.br\/noticias\/#organization"},"alternateName":"Life FM","potentialAction":[{"@type":"SearchAction","target":{"@type":"EntryPoint","urlTemplate":"https:\/\/radiolifefm.com.br\/noticias\/?s={search_term_string}"},"query-input":{"@type":"PropertyValueSpecification","valueRequired":true,"valueName":"search_term_string"}}],"inLanguage":"pt-BR"},{"@type":"Organization","@id":"https:\/\/radiolifefm.com.br\/noticias\/#organization","name":"R\u00e1dio Life FM","alternateName":"Life FM","url":"https:\/\/radiolifefm.com.br\/noticias\/","logo":{"@type":"ImageObject","inLanguage":"pt-BR","@id":"https:\/\/radiolifefm.com.br\/noticias\/#\/schema\/logo\/image\/","url":"https:\/\/static.radiolifefm.com.br\/noticias\/wp-content\/uploads\/2019\/10\/logo-lifefm.png","contentUrl":"https:\/\/static.radiolifefm.com.br\/noticias\/wp-content\/uploads\/2019\/10\/logo-lifefm.png","width":196,"height":47,"caption":"R\u00e1dio Life FM"},"image":{"@id":"https:\/\/radiolifefm.com.br\/noticias\/#\/schema\/logo\/image\/"},"sameAs":["https:\/\/www.facebook.com\/radiolifefm\/","https:\/\/www.instagram.com\/life1079fm\/"]},{"@type":"Person","@id":"https:\/\/radiolifefm.com.br\/noticias\/#\/schema\/person\/6339b9fac59d12b071dec680d7375d87","name":"ritanery","image":{"@type":"ImageObject","inLanguage":"pt-BR","@id":"https:\/\/secure.gravatar.com\/avatar\/0e37bb19071f47c0b8a23f62a903df117c5a0e75f65a0c2901562f97cd41cf86?s=96&d=mm&r=g","url":"https:\/\/secure.gravatar.com\/avatar\/0e37bb19071f47c0b8a23f62a903df117c5a0e75f65a0c2901562f97cd41cf86?s=96&d=mm&r=g","contentUrl":"https:\/\/secure.gravatar.com\/avatar\/0e37bb19071f47c0b8a23f62a903df117c5a0e75f65a0c2901562f97cd41cf86?s=96&d=mm&r=g","caption":"ritanery"}}]}},"amp_enabled":true,"_links":{"self":[{"href":"https:\/\/radiolifefm.com.br\/noticias\/wp-json\/wp\/v2\/posts\/56639","targetHints":{"allow":["GET"]}}],"collection":[{"href":"https:\/\/radiolifefm.com.br\/noticias\/wp-json\/wp\/v2\/posts"}],"about":[{"href":"https:\/\/radiolifefm.com.br\/noticias\/wp-json\/wp\/v2\/types\/post"}],"author":[{"embeddable":true,"href":"https:\/\/radiolifefm.com.br\/noticias\/wp-json\/wp\/v2\/users\/13"}],"replies":[{"embeddable":true,"href":"https:\/\/radiolifefm.com.br\/noticias\/wp-json\/wp\/v2\/comments?post=56639"}],"version-history":[{"count":2,"href":"https:\/\/radiolifefm.com.br\/noticias\/wp-json\/wp\/v2\/posts\/56639\/revisions"}],"predecessor-version":[{"id":56642,"href":"https:\/\/radiolifefm.com.br\/noticias\/wp-json\/wp\/v2\/posts\/56639\/revisions\/56642"}],"wp:featuredmedia":[{"embeddable":true,"href":"https:\/\/radiolifefm.com.br\/noticias\/wp-json\/wp\/v2\/media\/56640"}],"wp:attachment":[{"href":"https:\/\/radiolifefm.com.br\/noticias\/wp-json\/wp\/v2\/media?parent=56639"}],"wp:term":[{"taxonomy":"category","embeddable":true,"href":"https:\/\/radiolifefm.com.br\/noticias\/wp-json\/wp\/v2\/categories?post=56639"},{"taxonomy":"post_tag","embeddable":true,"href":"https:\/\/radiolifefm.com.br\/noticias\/wp-json\/wp\/v2\/tags?post=56639"}],"curies":[{"name":"wp","href":"https:\/\/api.w.org\/{rel}","templated":true}]}}