{"id":56597,"date":"2022-08-03T22:04:19","date_gmt":"2022-08-04T01:04:19","guid":{"rendered":"https:\/\/radiolifefm.com.br\/noticias\/?p=56597"},"modified":"2026-03-23T19:14:14","modified_gmt":"2026-03-23T22:14:14","slug":"adamantina-recebe-virada-sp-no-proximo-final-de-semana-com-show-de-fafa-de-belem","status":"publish","type":"post","link":"https:\/\/radiolifefm.com.br\/noticias\/adamantina-recebe-virada-sp-no-proximo-final-de-semana-com-show-de-fafa-de-belem\/","title":{"rendered":"Adamantina recebe Virada SP no pr\u00f3ximo final de semana com show de Faf\u00e1 de Bel\u00e9m"},"content":{"rendered":"<div id=\"fb-root\"><\/div>\n<p>Adamantina vai virar a capital cultural do estado de S\u00e3o Paulo no pr\u00f3ximo final de semana. O munic\u00edpio recebe a Virada SP nos dias 13 e 14 de agosto. A maratona cultural \u00e9 gratuita.<\/p>\n<p>No total, ser\u00e3o 19 shows distribu\u00eddos por 03 locais da cidade, como Parque dos Pioneiros, Pra\u00e7a \u00c9lio Micheloni e Anfiteatro Fernando Paloni. Al\u00e9m de apresenta\u00e7\u00f5es musicais, a Virada SP de Adamantina promove ainda a\u00e7\u00f5es como yoga no parque, medita\u00e7\u00e3o, stand-up de com\u00e9dia e interven\u00e7\u00f5es urbanas.<\/p>\n<p>\u201cAdamantina ter\u00e1 a oportunidade de prestigiar de forma gratuita os shows de Faf\u00e1 de Bel\u00e9m, Clube do Balan\u00e7o, Odair Jos\u00e9, T\u00e1ssia Reis e, ainda, os nossos artistas locais. Temos a certeza de que ser\u00e1 uma grande festa\u201d, afirma o secret\u00e1rio de Cultura e Turismo, S\u00e9rgio Vanderlei da Silva.<\/p>\n<p>Faf\u00e1 de Bel\u00e9m sobe ao palco do Parque dos Pioneiros e promete empolgar a plateia com cl\u00e1ssicos e novas m\u00fasicas do seu repert\u00f3rio. A Camale\u00e3o Feira de artes, m\u00fasica, diversidades e gastronomia faz a virada de s\u00e1bado para domingo, das 18h \u00e0s 2h. E, \u00e0s 7h, j\u00e1 est\u00e1 na ativa novamente at\u00e9 20h, quando encerra a programa\u00e7\u00e3o.<\/p>\n<p>Para quem curte jazz, o Jazz na Kombi e o Jazz Band Forr\u00f3 na Pista marcam presen\u00e7a no evento.\u00a0 O p\u00fablico do Hip Hop tamb\u00e9m ter\u00e1 sua representatividade garantida com o show do Vertentes do Hip Hop.<\/p>\n<p>E, a crian\u00e7ada tamb\u00e9m tem vez na Virada de Adamantina. &#8220;Os Mequetrefes &#8211; Grupo Parlapat\u00f5es&#8221; fazem sua participa\u00e7\u00e3o no domingo, \u00e0s 9h30. \u201cVenham participar dessa iniciativa in\u00e9dita em nosso munic\u00edpio\u201d, convida Sergio Vanderlei da Silva.<\/p>\n<p>&nbsp;<\/p>\n<p>Fonte: Assessoria de Imprensa<\/p>\n","protected":false},"excerpt":{"rendered":"<p>Adamantina vai virar a capital cultural do estado de S\u00e3o Paulo no pr\u00f3ximo final de semana. O munic\u00edpio recebe a Virada SP nos dias 13 e 14 de agosto. A maratona cultural \u00e9 gratuita. No total, ser\u00e3o 19 shows distribu\u00eddos por 03 locais da cidade, como Parque dos Pioneiros, Pra\u00e7a \u00c9lio Micheloni e Anfiteatro Fernando [&hellip;]<\/p>\n","protected":false},"author":13,"featured_media":56598,"comment_status":"closed","ping_status":"open","sticky":false,"template":"","format":"standard","meta":{"_acf_changed":false,"_exactmetrics_skip_tracking":false,"_exactmetrics_sitenote_active":false,"_exactmetrics_sitenote_note":"","_exactmetrics_sitenote_category":0,"footnotes":""},"categories":[21],"tags":[],"class_list":["post-56597","post","type-post","status-publish","format-standard","has-post-thumbnail","hentry","category-adamantina"],"acf":[],"yoast_head":"<!-- This site is optimized with the Yoast SEO plugin v27.2 - https:\/\/yoast.com\/product\/yoast-seo-wordpress\/ -->\n<title>Adamantina recebe Virada SP no pr\u00f3ximo final de semana com show de Faf\u00e1 de Bel\u00e9m - R\u00e1dio Life FM<\/title>\n<meta name=\"robots\" content=\"index, follow, max-snippet:-1, max-image-preview:large, max-video-preview:-1\" \/>\n<link rel=\"canonical\" href=\"https:\/\/radiolifefm.com.br\/noticias\/adamantina-recebe-virada-sp-no-proximo-final-de-semana-com-show-de-fafa-de-belem\/\" \/>\n<meta property=\"og:locale\" content=\"pt_BR\" \/>\n<meta property=\"og:type\" content=\"article\" \/>\n<meta property=\"og:title\" content=\"Adamantina recebe Virada SP no pr\u00f3ximo final de semana com show de Faf\u00e1 de Bel\u00e9m - R\u00e1dio Life FM\" \/>\n<meta property=\"og:description\" content=\"Adamantina vai virar a capital cultural do estado de S\u00e3o Paulo no pr\u00f3ximo final de semana. O munic\u00edpio recebe a Virada SP nos dias 13 e 14 de agosto. A maratona cultural \u00e9 gratuita. No total, ser\u00e3o 19 shows distribu\u00eddos por 03 locais da cidade, como Parque dos Pioneiros, Pra\u00e7a \u00c9lio Micheloni e Anfiteatro Fernando [&hellip;]\" \/>\n<meta property=\"og:url\" content=\"https:\/\/radiolifefm.com.br\/noticias\/adamantina-recebe-virada-sp-no-proximo-final-de-semana-com-show-de-fafa-de-belem\/\" \/>\n<meta property=\"og:site_name\" content=\"R\u00e1dio Life FM\" \/>\n<meta property=\"article:publisher\" content=\"https:\/\/www.facebook.com\/radiolifefm\/\" \/>\n<meta property=\"article:published_time\" content=\"2022-08-04T01:04:19+00:00\" \/>\n<meta property=\"article:modified_time\" content=\"2026-03-23T22:14:14+00:00\" \/>\n<meta property=\"og:image\" content=\"https:\/\/radiolifefm.com.br\/noticias\/wp-content\/uploads\/2022\/08\/cats-9.jpg\" \/>\n\t<meta property=\"og:image:width\" content=\"984\" \/>\n\t<meta property=\"og:image:height\" content=\"787\" \/>\n\t<meta property=\"og:image:type\" content=\"image\/jpeg\" \/>\n<meta name=\"author\" content=\"ritanery\" \/>\n<meta name=\"twitter:card\" content=\"summary_large_image\" \/>\n<meta name=\"twitter:label1\" content=\"Escrito por\" \/>\n\t<meta name=\"twitter:data1\" content=\"ritanery\" \/>\n\t<meta name=\"twitter:label2\" content=\"Est. tempo de leitura\" \/>\n\t<meta name=\"twitter:data2\" content=\"1 minuto\" \/>\n<script type=\"application\/ld+json\" class=\"yoast-schema-graph\">{\"@context\":\"https:\/\/schema.org\",\"@graph\":[{\"@type\":\"Article\",\"@id\":\"https:\/\/radiolifefm.com.br\/noticias\/adamantina-recebe-virada-sp-no-proximo-final-de-semana-com-show-de-fafa-de-belem\/#article\",\"isPartOf\":{\"@id\":\"https:\/\/radiolifefm.com.br\/noticias\/adamantina-recebe-virada-sp-no-proximo-final-de-semana-com-show-de-fafa-de-belem\/\"},\"author\":{\"name\":\"ritanery\",\"@id\":\"https:\/\/radiolifefm.com.br\/noticias\/#\/schema\/person\/6339b9fac59d12b071dec680d7375d87\"},\"headline\":\"Adamantina recebe Virada SP no pr\u00f3ximo final de semana com show de Faf\u00e1 de Bel\u00e9m\",\"datePublished\":\"2022-08-04T01:04:19+00:00\",\"dateModified\":\"2026-03-23T22:14:14+00:00\",\"mainEntityOfPage\":{\"@id\":\"https:\/\/radiolifefm.com.br\/noticias\/adamantina-recebe-virada-sp-no-proximo-final-de-semana-com-show-de-fafa-de-belem\/\"},\"wordCount\":307,\"publisher\":{\"@id\":\"https:\/\/radiolifefm.com.br\/noticias\/#organization\"},\"image\":{\"@id\":\"https:\/\/radiolifefm.com.br\/noticias\/adamantina-recebe-virada-sp-no-proximo-final-de-semana-com-show-de-fafa-de-belem\/#primaryimage\"},\"thumbnailUrl\":\"https:\/\/radiolifefm.com.br\/noticias\/wp-content\/uploads\/2022\/08\/cats-9.jpg\",\"articleSection\":[\"Adamantina\"],\"inLanguage\":\"pt-BR\"},{\"@type\":\"WebPage\",\"@id\":\"https:\/\/radiolifefm.com.br\/noticias\/adamantina-recebe-virada-sp-no-proximo-final-de-semana-com-show-de-fafa-de-belem\/\",\"url\":\"https:\/\/radiolifefm.com.br\/noticias\/adamantina-recebe-virada-sp-no-proximo-final-de-semana-com-show-de-fafa-de-belem\/\",\"name\":\"Adamantina recebe Virada SP no pr\u00f3ximo final de semana com show de Faf\u00e1 de Bel\u00e9m - R\u00e1dio Life FM\",\"isPartOf\":{\"@id\":\"https:\/\/radiolifefm.com.br\/noticias\/#website\"},\"primaryImageOfPage\":{\"@id\":\"https:\/\/radiolifefm.com.br\/noticias\/adamantina-recebe-virada-sp-no-proximo-final-de-semana-com-show-de-fafa-de-belem\/#primaryimage\"},\"image\":{\"@id\":\"https:\/\/radiolifefm.com.br\/noticias\/adamantina-recebe-virada-sp-no-proximo-final-de-semana-com-show-de-fafa-de-belem\/#primaryimage\"},\"thumbnailUrl\":\"https:\/\/radiolifefm.com.br\/noticias\/wp-content\/uploads\/2022\/08\/cats-9.jpg\",\"datePublished\":\"2022-08-04T01:04:19+00:00\",\"dateModified\":\"2026-03-23T22:14:14+00:00\",\"breadcrumb\":{\"@id\":\"https:\/\/radiolifefm.com.br\/noticias\/adamantina-recebe-virada-sp-no-proximo-final-de-semana-com-show-de-fafa-de-belem\/#breadcrumb\"},\"inLanguage\":\"pt-BR\",\"potentialAction\":[{\"@type\":\"ReadAction\",\"target\":[\"https:\/\/radiolifefm.com.br\/noticias\/adamantina-recebe-virada-sp-no-proximo-final-de-semana-com-show-de-fafa-de-belem\/\"]}]},{\"@type\":\"ImageObject\",\"inLanguage\":\"pt-BR\",\"@id\":\"https:\/\/radiolifefm.com.br\/noticias\/adamantina-recebe-virada-sp-no-proximo-final-de-semana-com-show-de-fafa-de-belem\/#primaryimage\",\"url\":\"https:\/\/radiolifefm.com.br\/noticias\/wp-content\/uploads\/2022\/08\/cats-9.jpg\",\"contentUrl\":\"https:\/\/radiolifefm.com.br\/noticias\/wp-content\/uploads\/2022\/08\/cats-9.jpg\",\"width\":984,\"height\":787,\"caption\":\"No total, ser\u00e3o 19 shows distribu\u00eddos por tr\u00eas locais da cidade, como Parque dos Pioneiros, Pra\u00e7a \u00c9lio Micheloni e Anfiteatro Fernando Paloni\"},{\"@type\":\"BreadcrumbList\",\"@id\":\"https:\/\/radiolifefm.com.br\/noticias\/adamantina-recebe-virada-sp-no-proximo-final-de-semana-com-show-de-fafa-de-belem\/#breadcrumb\",\"itemListElement\":[{\"@type\":\"ListItem\",\"position\":1,\"name\":\"In\u00edcio\",\"item\":\"https:\/\/radiolifefm.com.br\/noticias\/\"},{\"@type\":\"ListItem\",\"position\":2,\"name\":\"Adamantina recebe Virada SP no pr\u00f3ximo final de semana com show de Faf\u00e1 de Bel\u00e9m\"}]},{\"@type\":\"WebSite\",\"@id\":\"https:\/\/radiolifefm.com.br\/noticias\/#website\",\"url\":\"https:\/\/radiolifefm.com.br\/noticias\/\",\"name\":\"R\u00e1dio Life FM\",\"description\":\"O Portal de Not\u00edcias de Adamantina\",\"publisher\":{\"@id\":\"https:\/\/radiolifefm.com.br\/noticias\/#organization\"},\"alternateName\":\"Life FM\",\"potentialAction\":[{\"@type\":\"SearchAction\",\"target\":{\"@type\":\"EntryPoint\",\"urlTemplate\":\"https:\/\/radiolifefm.com.br\/noticias\/?s={search_term_string}\"},\"query-input\":{\"@type\":\"PropertyValueSpecification\",\"valueRequired\":true,\"valueName\":\"search_term_string\"}}],\"inLanguage\":\"pt-BR\"},{\"@type\":\"Organization\",\"@id\":\"https:\/\/radiolifefm.com.br\/noticias\/#organization\",\"name\":\"R\u00e1dio Life FM\",\"alternateName\":\"Life FM\",\"url\":\"https:\/\/radiolifefm.com.br\/noticias\/\",\"logo\":{\"@type\":\"ImageObject\",\"inLanguage\":\"pt-BR\",\"@id\":\"https:\/\/radiolifefm.com.br\/noticias\/#\/schema\/logo\/image\/\",\"url\":\"https:\/\/static.radiolifefm.com.br\/noticias\/wp-content\/uploads\/2019\/10\/logo-lifefm.png\",\"contentUrl\":\"https:\/\/static.radiolifefm.com.br\/noticias\/wp-content\/uploads\/2019\/10\/logo-lifefm.png\",\"width\":196,\"height\":47,\"caption\":\"R\u00e1dio Life FM\"},\"image\":{\"@id\":\"https:\/\/radiolifefm.com.br\/noticias\/#\/schema\/logo\/image\/\"},\"sameAs\":[\"https:\/\/www.facebook.com\/radiolifefm\/\",\"https:\/\/www.instagram.com\/life1079fm\/\"]},{\"@type\":\"Person\",\"@id\":\"https:\/\/radiolifefm.com.br\/noticias\/#\/schema\/person\/6339b9fac59d12b071dec680d7375d87\",\"name\":\"ritanery\",\"image\":{\"@type\":\"ImageObject\",\"inLanguage\":\"pt-BR\",\"@id\":\"https:\/\/secure.gravatar.com\/avatar\/0e37bb19071f47c0b8a23f62a903df117c5a0e75f65a0c2901562f97cd41cf86?s=96&d=mm&r=g\",\"url\":\"https:\/\/secure.gravatar.com\/avatar\/0e37bb19071f47c0b8a23f62a903df117c5a0e75f65a0c2901562f97cd41cf86?s=96&d=mm&r=g\",\"contentUrl\":\"https:\/\/secure.gravatar.com\/avatar\/0e37bb19071f47c0b8a23f62a903df117c5a0e75f65a0c2901562f97cd41cf86?s=96&d=mm&r=g\",\"caption\":\"ritanery\"}}]}<\/script>\n<!-- \/ Yoast SEO plugin. -->","yoast_head_json":{"title":"Adamantina recebe Virada SP no pr\u00f3ximo final de semana com show de Faf\u00e1 de Bel\u00e9m - R\u00e1dio Life FM","robots":{"index":"index","follow":"follow","max-snippet":"max-snippet:-1","max-image-preview":"max-image-preview:large","max-video-preview":"max-video-preview:-1"},"canonical":"https:\/\/radiolifefm.com.br\/noticias\/adamantina-recebe-virada-sp-no-proximo-final-de-semana-com-show-de-fafa-de-belem\/","og_locale":"pt_BR","og_type":"article","og_title":"Adamantina recebe Virada SP no pr\u00f3ximo final de semana com show de Faf\u00e1 de Bel\u00e9m - R\u00e1dio Life FM","og_description":"Adamantina vai virar a capital cultural do estado de S\u00e3o Paulo no pr\u00f3ximo final de semana. O munic\u00edpio recebe a Virada SP nos dias 13 e 14 de agosto. A maratona cultural \u00e9 gratuita. No total, ser\u00e3o 19 shows distribu\u00eddos por 03 locais da cidade, como Parque dos Pioneiros, Pra\u00e7a \u00c9lio Micheloni e Anfiteatro Fernando [&hellip;]","og_url":"https:\/\/radiolifefm.com.br\/noticias\/adamantina-recebe-virada-sp-no-proximo-final-de-semana-com-show-de-fafa-de-belem\/","og_site_name":"R\u00e1dio Life FM","article_publisher":"https:\/\/www.facebook.com\/radiolifefm\/","article_published_time":"2022-08-04T01:04:19+00:00","article_modified_time":"2026-03-23T22:14:14+00:00","og_image":[{"width":984,"height":787,"url":"https:\/\/radiolifefm.com.br\/noticias\/wp-content\/uploads\/2022\/08\/cats-9.jpg","type":"image\/jpeg"}],"author":"ritanery","twitter_card":"summary_large_image","twitter_misc":{"Escrito por":"ritanery","Est. tempo de leitura":"1 minuto"},"schema":{"@context":"https:\/\/schema.org","@graph":[{"@type":"Article","@id":"https:\/\/radiolifefm.com.br\/noticias\/adamantina-recebe-virada-sp-no-proximo-final-de-semana-com-show-de-fafa-de-belem\/#article","isPartOf":{"@id":"https:\/\/radiolifefm.com.br\/noticias\/adamantina-recebe-virada-sp-no-proximo-final-de-semana-com-show-de-fafa-de-belem\/"},"author":{"name":"ritanery","@id":"https:\/\/radiolifefm.com.br\/noticias\/#\/schema\/person\/6339b9fac59d12b071dec680d7375d87"},"headline":"Adamantina recebe Virada SP no pr\u00f3ximo final de semana com show de Faf\u00e1 de Bel\u00e9m","datePublished":"2022-08-04T01:04:19+00:00","dateModified":"2026-03-23T22:14:14+00:00","mainEntityOfPage":{"@id":"https:\/\/radiolifefm.com.br\/noticias\/adamantina-recebe-virada-sp-no-proximo-final-de-semana-com-show-de-fafa-de-belem\/"},"wordCount":307,"publisher":{"@id":"https:\/\/radiolifefm.com.br\/noticias\/#organization"},"image":{"@id":"https:\/\/radiolifefm.com.br\/noticias\/adamantina-recebe-virada-sp-no-proximo-final-de-semana-com-show-de-fafa-de-belem\/#primaryimage"},"thumbnailUrl":"https:\/\/radiolifefm.com.br\/noticias\/wp-content\/uploads\/2022\/08\/cats-9.jpg","articleSection":["Adamantina"],"inLanguage":"pt-BR"},{"@type":"WebPage","@id":"https:\/\/radiolifefm.com.br\/noticias\/adamantina-recebe-virada-sp-no-proximo-final-de-semana-com-show-de-fafa-de-belem\/","url":"https:\/\/radiolifefm.com.br\/noticias\/adamantina-recebe-virada-sp-no-proximo-final-de-semana-com-show-de-fafa-de-belem\/","name":"Adamantina recebe Virada SP no pr\u00f3ximo final de semana com show de Faf\u00e1 de Bel\u00e9m - R\u00e1dio Life FM","isPartOf":{"@id":"https:\/\/radiolifefm.com.br\/noticias\/#website"},"primaryImageOfPage":{"@id":"https:\/\/radiolifefm.com.br\/noticias\/adamantina-recebe-virada-sp-no-proximo-final-de-semana-com-show-de-fafa-de-belem\/#primaryimage"},"image":{"@id":"https:\/\/radiolifefm.com.br\/noticias\/adamantina-recebe-virada-sp-no-proximo-final-de-semana-com-show-de-fafa-de-belem\/#primaryimage"},"thumbnailUrl":"https:\/\/radiolifefm.com.br\/noticias\/wp-content\/uploads\/2022\/08\/cats-9.jpg","datePublished":"2022-08-04T01:04:19+00:00","dateModified":"2026-03-23T22:14:14+00:00","breadcrumb":{"@id":"https:\/\/radiolifefm.com.br\/noticias\/adamantina-recebe-virada-sp-no-proximo-final-de-semana-com-show-de-fafa-de-belem\/#breadcrumb"},"inLanguage":"pt-BR","potentialAction":[{"@type":"ReadAction","target":["https:\/\/radiolifefm.com.br\/noticias\/adamantina-recebe-virada-sp-no-proximo-final-de-semana-com-show-de-fafa-de-belem\/"]}]},{"@type":"ImageObject","inLanguage":"pt-BR","@id":"https:\/\/radiolifefm.com.br\/noticias\/adamantina-recebe-virada-sp-no-proximo-final-de-semana-com-show-de-fafa-de-belem\/#primaryimage","url":"https:\/\/radiolifefm.com.br\/noticias\/wp-content\/uploads\/2022\/08\/cats-9.jpg","contentUrl":"https:\/\/radiolifefm.com.br\/noticias\/wp-content\/uploads\/2022\/08\/cats-9.jpg","width":984,"height":787,"caption":"No total, ser\u00e3o 19 shows distribu\u00eddos por tr\u00eas locais da cidade, como Parque dos Pioneiros, Pra\u00e7a \u00c9lio Micheloni e Anfiteatro Fernando Paloni"},{"@type":"BreadcrumbList","@id":"https:\/\/radiolifefm.com.br\/noticias\/adamantina-recebe-virada-sp-no-proximo-final-de-semana-com-show-de-fafa-de-belem\/#breadcrumb","itemListElement":[{"@type":"ListItem","position":1,"name":"In\u00edcio","item":"https:\/\/radiolifefm.com.br\/noticias\/"},{"@type":"ListItem","position":2,"name":"Adamantina recebe Virada SP no pr\u00f3ximo final de semana com show de Faf\u00e1 de Bel\u00e9m"}]},{"@type":"WebSite","@id":"https:\/\/radiolifefm.com.br\/noticias\/#website","url":"https:\/\/radiolifefm.com.br\/noticias\/","name":"R\u00e1dio Life FM","description":"O Portal de Not\u00edcias de Adamantina","publisher":{"@id":"https:\/\/radiolifefm.com.br\/noticias\/#organization"},"alternateName":"Life FM","potentialAction":[{"@type":"SearchAction","target":{"@type":"EntryPoint","urlTemplate":"https:\/\/radiolifefm.com.br\/noticias\/?s={search_term_string}"},"query-input":{"@type":"PropertyValueSpecification","valueRequired":true,"valueName":"search_term_string"}}],"inLanguage":"pt-BR"},{"@type":"Organization","@id":"https:\/\/radiolifefm.com.br\/noticias\/#organization","name":"R\u00e1dio Life FM","alternateName":"Life FM","url":"https:\/\/radiolifefm.com.br\/noticias\/","logo":{"@type":"ImageObject","inLanguage":"pt-BR","@id":"https:\/\/radiolifefm.com.br\/noticias\/#\/schema\/logo\/image\/","url":"https:\/\/static.radiolifefm.com.br\/noticias\/wp-content\/uploads\/2019\/10\/logo-lifefm.png","contentUrl":"https:\/\/static.radiolifefm.com.br\/noticias\/wp-content\/uploads\/2019\/10\/logo-lifefm.png","width":196,"height":47,"caption":"R\u00e1dio Life FM"},"image":{"@id":"https:\/\/radiolifefm.com.br\/noticias\/#\/schema\/logo\/image\/"},"sameAs":["https:\/\/www.facebook.com\/radiolifefm\/","https:\/\/www.instagram.com\/life1079fm\/"]},{"@type":"Person","@id":"https:\/\/radiolifefm.com.br\/noticias\/#\/schema\/person\/6339b9fac59d12b071dec680d7375d87","name":"ritanery","image":{"@type":"ImageObject","inLanguage":"pt-BR","@id":"https:\/\/secure.gravatar.com\/avatar\/0e37bb19071f47c0b8a23f62a903df117c5a0e75f65a0c2901562f97cd41cf86?s=96&d=mm&r=g","url":"https:\/\/secure.gravatar.com\/avatar\/0e37bb19071f47c0b8a23f62a903df117c5a0e75f65a0c2901562f97cd41cf86?s=96&d=mm&r=g","contentUrl":"https:\/\/secure.gravatar.com\/avatar\/0e37bb19071f47c0b8a23f62a903df117c5a0e75f65a0c2901562f97cd41cf86?s=96&d=mm&r=g","caption":"ritanery"}}]}},"amp_enabled":true,"_links":{"self":[{"href":"https:\/\/radiolifefm.com.br\/noticias\/wp-json\/wp\/v2\/posts\/56597","targetHints":{"allow":["GET"]}}],"collection":[{"href":"https:\/\/radiolifefm.com.br\/noticias\/wp-json\/wp\/v2\/posts"}],"about":[{"href":"https:\/\/radiolifefm.com.br\/noticias\/wp-json\/wp\/v2\/types\/post"}],"author":[{"embeddable":true,"href":"https:\/\/radiolifefm.com.br\/noticias\/wp-json\/wp\/v2\/users\/13"}],"replies":[{"embeddable":true,"href":"https:\/\/radiolifefm.com.br\/noticias\/wp-json\/wp\/v2\/comments?post=56597"}],"version-history":[{"count":2,"href":"https:\/\/radiolifefm.com.br\/noticias\/wp-json\/wp\/v2\/posts\/56597\/revisions"}],"predecessor-version":[{"id":56600,"href":"https:\/\/radiolifefm.com.br\/noticias\/wp-json\/wp\/v2\/posts\/56597\/revisions\/56600"}],"wp:featuredmedia":[{"embeddable":true,"href":"https:\/\/radiolifefm.com.br\/noticias\/wp-json\/wp\/v2\/media\/56598"}],"wp:attachment":[{"href":"https:\/\/radiolifefm.com.br\/noticias\/wp-json\/wp\/v2\/media?parent=56597"}],"wp:term":[{"taxonomy":"category","embeddable":true,"href":"https:\/\/radiolifefm.com.br\/noticias\/wp-json\/wp\/v2\/categories?post=56597"},{"taxonomy":"post_tag","embeddable":true,"href":"https:\/\/radiolifefm.com.br\/noticias\/wp-json\/wp\/v2\/tags?post=56597"}],"curies":[{"name":"wp","href":"https:\/\/api.w.org\/{rel}","templated":true}]}}