{"id":56592,"date":"2022-08-03T22:01:18","date_gmt":"2022-08-04T01:01:18","guid":{"rendered":"https:\/\/radiolifefm.com.br\/noticias\/?p=56592"},"modified":"2026-02-21T14:10:07","modified_gmt":"2026-02-21T17:10:07","slug":"expoverde-2022-tera-espaco-inovacao-e-eventos","status":"publish","type":"post","link":"https:\/\/radiolifefm.com.br\/noticias\/expoverde-2022-tera-espaco-inovacao-e-eventos\/","title":{"rendered":"ExpoVerde 2022 ter\u00e1 \u201cEspa\u00e7o Inova\u00e7\u00e3o e Eventos\u201d"},"content":{"rendered":"<div id=\"fb-root\"><\/div>\n<p style=\"font-weight: 400\">\u00a0A ExpoVerde que acontecer\u00e1 de 30 de agosto a 4 de setembro \u00e9 uma festa, pois tem rodeio, shows, parque de divers\u00e3o, entre outros. Mas, para 2022, a Comiss\u00e3o Organizadora quer trazer mais do que a comercializa\u00e7\u00e3o de flores, plantas e demais itens e o entretenimento. O objetivo tamb\u00e9m \u00e9 gerar conhecimento.<\/p>\n<p style=\"font-weight: 400\">Para isso, foi criado o espa\u00e7o que recebe o nome de Espa\u00e7o Inova\u00e7\u00e3o e Eventos &#8211; Expoverde 2022. Nele, ser\u00e3o ministradas diversas palestras gratuitas com diferentes tem\u00e1ticas.<\/p>\n<p style=\"font-weight: 400\">Pensando nos empreendedores e empres\u00e1rios, o SEBRAE estar\u00e1 presente fazendo tr\u00eas apresenta\u00e7\u00f5es com os temas Gest\u00e3o Financeira e Cr\u00e9dito Orientado; Turismo Rural e de Neg\u00f3cios e Como Vender para o Poder P\u00fablico.<\/p>\n<p style=\"font-weight: 400\">A Secretaria de Desenvolvimento Econ\u00f4mico levar\u00e1 a palestra Universo da Moda: Consci\u00eancia e Sustentabilidade. O Pelot\u00e3o do Corpo de Bombeiros de Adamantina ensinar\u00e1 os presentes como fazer a reanima\u00e7\u00e3o cardiopulmonar e o desengasgamento e, ainda, levar\u00e1 informa\u00e7\u00f5es para aqueles que desejam ser bombeiro.<\/p>\n<p style=\"font-weight: 400\">A tem\u00e1tica desenvolvida pelo Pelot\u00e3o j\u00e1 vem ocorrendo em parceria com a Prefeitura de Adamantina em diversas a\u00e7\u00f5es para o p\u00fablico em geral e nas secretarias de educa\u00e7\u00e3o e de sa\u00fade.<\/p>\n<p style=\"font-weight: 400\">Sucesso de p\u00fablico na \u00faltima edi\u00e7\u00e3o da ExpoVerde, novamente ser\u00e1 ministrado um curso sobre cultivo de orqu\u00eddeas com o Professor Carlos Eduardo Pelissari. Para atender a procura, ele acontecer\u00e1 em dois hor\u00e1rios.<\/p>\n<p style=\"font-weight: 400\">A parceria com a ABCZ se repete e eles tamb\u00e9m levar\u00e3o conhecimento aos criadores de animais. Uma das tem\u00e1ticas ser\u00e1 Manejo Parasit\u00e1rio em Ovinos e um semin\u00e1rio. Ter\u00e1 ainda a apresenta\u00e7\u00e3o sobre Vantagens da utiliza\u00e7\u00e3o de touro melhorador. O CREA-SP tamb\u00e9m estar\u00e1 presente com outros temas de palestras.<\/p>\n<p style=\"font-weight: 400\">\u201cAbrimos esse novo espa\u00e7o, porque o nosso objetivo \u00e9 levar entretenimento, mas teremos a presen\u00e7a de empreendedores, empres\u00e1rios, estudantes e o p\u00fablico em geral e como conhecimento nunca \u00e9 demais, vamos trazer tem\u00e1ticas diferentes para atender a todos os que passarem pela exposi\u00e7\u00e3o\u201d, afirma o presidente da Comiss\u00e3o Organizadora, Gustavo Taniguchi Rufino.<\/p>\n<p>&nbsp;<\/p>\n<p>Fonte: Assessoria de Imprensa<\/p>\n","protected":false},"excerpt":{"rendered":"<p>\u00a0A ExpoVerde que acontecer\u00e1 de 30 de agosto a 4 de setembro \u00e9 uma festa, pois tem rodeio, shows, parque de divers\u00e3o, entre outros. Mas, para 2022, a Comiss\u00e3o Organizadora quer trazer mais do que a comercializa\u00e7\u00e3o de flores, plantas e demais itens e o entretenimento. O objetivo tamb\u00e9m \u00e9 gerar conhecimento. Para isso, foi [&hellip;]<\/p>\n","protected":false},"author":13,"featured_media":56389,"comment_status":"closed","ping_status":"open","sticky":false,"template":"","format":"standard","meta":{"_acf_changed":false,"_exactmetrics_skip_tracking":false,"_exactmetrics_sitenote_active":false,"_exactmetrics_sitenote_note":"","_exactmetrics_sitenote_category":0,"footnotes":""},"categories":[21],"tags":[],"class_list":["post-56592","post","type-post","status-publish","format-standard","has-post-thumbnail","hentry","category-adamantina"],"acf":[],"yoast_head":"<!-- This site is optimized with the Yoast SEO plugin v27.2 - https:\/\/yoast.com\/product\/yoast-seo-wordpress\/ -->\n<title>ExpoVerde 2022 ter\u00e1 \u201cEspa\u00e7o Inova\u00e7\u00e3o e Eventos\u201d - R\u00e1dio Life FM<\/title>\n<meta name=\"robots\" content=\"index, follow, max-snippet:-1, max-image-preview:large, max-video-preview:-1\" \/>\n<link rel=\"canonical\" href=\"https:\/\/radiolifefm.com.br\/noticias\/expoverde-2022-tera-espaco-inovacao-e-eventos\/\" \/>\n<meta property=\"og:locale\" content=\"pt_BR\" \/>\n<meta property=\"og:type\" content=\"article\" \/>\n<meta property=\"og:title\" content=\"ExpoVerde 2022 ter\u00e1 \u201cEspa\u00e7o Inova\u00e7\u00e3o e Eventos\u201d - R\u00e1dio Life FM\" \/>\n<meta property=\"og:description\" content=\"\u00a0A ExpoVerde que acontecer\u00e1 de 30 de agosto a 4 de setembro \u00e9 uma festa, pois tem rodeio, shows, parque de divers\u00e3o, entre outros. Mas, para 2022, a Comiss\u00e3o Organizadora quer trazer mais do que a comercializa\u00e7\u00e3o de flores, plantas e demais itens e o entretenimento. O objetivo tamb\u00e9m \u00e9 gerar conhecimento. Para isso, foi [&hellip;]\" \/>\n<meta property=\"og:url\" content=\"https:\/\/radiolifefm.com.br\/noticias\/expoverde-2022-tera-espaco-inovacao-e-eventos\/\" \/>\n<meta property=\"og:site_name\" content=\"R\u00e1dio Life FM\" \/>\n<meta property=\"article:publisher\" content=\"https:\/\/www.facebook.com\/radiolifefm\/\" \/>\n<meta property=\"article:published_time\" content=\"2022-08-04T01:01:18+00:00\" \/>\n<meta property=\"article:modified_time\" content=\"2026-02-21T17:10:07+00:00\" \/>\n<meta property=\"og:image\" content=\"https:\/\/radiolifefm.com.br\/noticias\/wp-content\/uploads\/2022\/07\/6b4d476af0dfe99b21919efa3ff0c9ce.jpg\" \/>\n\t<meta property=\"og:image:width\" content=\"848\" \/>\n\t<meta property=\"og:image:height\" content=\"307\" \/>\n\t<meta property=\"og:image:type\" content=\"image\/jpeg\" \/>\n<meta name=\"author\" content=\"ritanery\" \/>\n<meta name=\"twitter:card\" content=\"summary_large_image\" \/>\n<meta name=\"twitter:label1\" content=\"Escrito por\" \/>\n\t<meta name=\"twitter:data1\" content=\"ritanery\" \/>\n\t<meta name=\"twitter:label2\" content=\"Est. tempo de leitura\" \/>\n\t<meta name=\"twitter:data2\" content=\"2 minutos\" \/>\n<script type=\"application\/ld+json\" class=\"yoast-schema-graph\">{\"@context\":\"https:\/\/schema.org\",\"@graph\":[{\"@type\":\"Article\",\"@id\":\"https:\/\/radiolifefm.com.br\/noticias\/expoverde-2022-tera-espaco-inovacao-e-eventos\/#article\",\"isPartOf\":{\"@id\":\"https:\/\/radiolifefm.com.br\/noticias\/expoverde-2022-tera-espaco-inovacao-e-eventos\/\"},\"author\":{\"name\":\"ritanery\",\"@id\":\"https:\/\/radiolifefm.com.br\/noticias\/#\/schema\/person\/6339b9fac59d12b071dec680d7375d87\"},\"headline\":\"ExpoVerde 2022 ter\u00e1 \u201cEspa\u00e7o Inova\u00e7\u00e3o e Eventos\u201d\",\"datePublished\":\"2022-08-04T01:01:18+00:00\",\"dateModified\":\"2026-02-21T17:10:07+00:00\",\"mainEntityOfPage\":{\"@id\":\"https:\/\/radiolifefm.com.br\/noticias\/expoverde-2022-tera-espaco-inovacao-e-eventos\/\"},\"wordCount\":368,\"publisher\":{\"@id\":\"https:\/\/radiolifefm.com.br\/noticias\/#organization\"},\"image\":{\"@id\":\"https:\/\/radiolifefm.com.br\/noticias\/expoverde-2022-tera-espaco-inovacao-e-eventos\/#primaryimage\"},\"thumbnailUrl\":\"https:\/\/radiolifefm.com.br\/noticias\/wp-content\/uploads\/2022\/07\/6b4d476af0dfe99b21919efa3ff0c9ce.jpg\",\"articleSection\":[\"Adamantina\"],\"inLanguage\":\"pt-BR\"},{\"@type\":\"WebPage\",\"@id\":\"https:\/\/radiolifefm.com.br\/noticias\/expoverde-2022-tera-espaco-inovacao-e-eventos\/\",\"url\":\"https:\/\/radiolifefm.com.br\/noticias\/expoverde-2022-tera-espaco-inovacao-e-eventos\/\",\"name\":\"ExpoVerde 2022 ter\u00e1 \u201cEspa\u00e7o Inova\u00e7\u00e3o e Eventos\u201d - R\u00e1dio Life FM\",\"isPartOf\":{\"@id\":\"https:\/\/radiolifefm.com.br\/noticias\/#website\"},\"primaryImageOfPage\":{\"@id\":\"https:\/\/radiolifefm.com.br\/noticias\/expoverde-2022-tera-espaco-inovacao-e-eventos\/#primaryimage\"},\"image\":{\"@id\":\"https:\/\/radiolifefm.com.br\/noticias\/expoverde-2022-tera-espaco-inovacao-e-eventos\/#primaryimage\"},\"thumbnailUrl\":\"https:\/\/radiolifefm.com.br\/noticias\/wp-content\/uploads\/2022\/07\/6b4d476af0dfe99b21919efa3ff0c9ce.jpg\",\"datePublished\":\"2022-08-04T01:01:18+00:00\",\"dateModified\":\"2026-02-21T17:10:07+00:00\",\"breadcrumb\":{\"@id\":\"https:\/\/radiolifefm.com.br\/noticias\/expoverde-2022-tera-espaco-inovacao-e-eventos\/#breadcrumb\"},\"inLanguage\":\"pt-BR\",\"potentialAction\":[{\"@type\":\"ReadAction\",\"target\":[\"https:\/\/radiolifefm.com.br\/noticias\/expoverde-2022-tera-espaco-inovacao-e-eventos\/\"]}]},{\"@type\":\"ImageObject\",\"inLanguage\":\"pt-BR\",\"@id\":\"https:\/\/radiolifefm.com.br\/noticias\/expoverde-2022-tera-espaco-inovacao-e-eventos\/#primaryimage\",\"url\":\"https:\/\/radiolifefm.com.br\/noticias\/wp-content\/uploads\/2022\/07\/6b4d476af0dfe99b21919efa3ff0c9ce.jpg\",\"contentUrl\":\"https:\/\/radiolifefm.com.br\/noticias\/wp-content\/uploads\/2022\/07\/6b4d476af0dfe99b21919efa3ff0c9ce.jpg\",\"width\":848,\"height\":307,\"caption\":\"A 30\u00aa Feira do Verde e Exposi\u00e7\u00e3o Agropecu\u00e1ria, Comercial e Industrial de Adamantina ser\u00e1 realizada de 30 de agosto a 4 de setembro\"},{\"@type\":\"BreadcrumbList\",\"@id\":\"https:\/\/radiolifefm.com.br\/noticias\/expoverde-2022-tera-espaco-inovacao-e-eventos\/#breadcrumb\",\"itemListElement\":[{\"@type\":\"ListItem\",\"position\":1,\"name\":\"In\u00edcio\",\"item\":\"https:\/\/radiolifefm.com.br\/noticias\/\"},{\"@type\":\"ListItem\",\"position\":2,\"name\":\"ExpoVerde 2022 ter\u00e1 \u201cEspa\u00e7o Inova\u00e7\u00e3o e Eventos\u201d\"}]},{\"@type\":\"WebSite\",\"@id\":\"https:\/\/radiolifefm.com.br\/noticias\/#website\",\"url\":\"https:\/\/radiolifefm.com.br\/noticias\/\",\"name\":\"R\u00e1dio Life FM\",\"description\":\"O Portal de Not\u00edcias de Adamantina\",\"publisher\":{\"@id\":\"https:\/\/radiolifefm.com.br\/noticias\/#organization\"},\"alternateName\":\"Life FM\",\"potentialAction\":[{\"@type\":\"SearchAction\",\"target\":{\"@type\":\"EntryPoint\",\"urlTemplate\":\"https:\/\/radiolifefm.com.br\/noticias\/?s={search_term_string}\"},\"query-input\":{\"@type\":\"PropertyValueSpecification\",\"valueRequired\":true,\"valueName\":\"search_term_string\"}}],\"inLanguage\":\"pt-BR\"},{\"@type\":\"Organization\",\"@id\":\"https:\/\/radiolifefm.com.br\/noticias\/#organization\",\"name\":\"R\u00e1dio Life FM\",\"alternateName\":\"Life FM\",\"url\":\"https:\/\/radiolifefm.com.br\/noticias\/\",\"logo\":{\"@type\":\"ImageObject\",\"inLanguage\":\"pt-BR\",\"@id\":\"https:\/\/radiolifefm.com.br\/noticias\/#\/schema\/logo\/image\/\",\"url\":\"https:\/\/static.radiolifefm.com.br\/noticias\/wp-content\/uploads\/2019\/10\/logo-lifefm.png\",\"contentUrl\":\"https:\/\/static.radiolifefm.com.br\/noticias\/wp-content\/uploads\/2019\/10\/logo-lifefm.png\",\"width\":196,\"height\":47,\"caption\":\"R\u00e1dio Life FM\"},\"image\":{\"@id\":\"https:\/\/radiolifefm.com.br\/noticias\/#\/schema\/logo\/image\/\"},\"sameAs\":[\"https:\/\/www.facebook.com\/radiolifefm\/\",\"https:\/\/www.instagram.com\/life1079fm\/\"]},{\"@type\":\"Person\",\"@id\":\"https:\/\/radiolifefm.com.br\/noticias\/#\/schema\/person\/6339b9fac59d12b071dec680d7375d87\",\"name\":\"ritanery\",\"image\":{\"@type\":\"ImageObject\",\"inLanguage\":\"pt-BR\",\"@id\":\"https:\/\/secure.gravatar.com\/avatar\/0e37bb19071f47c0b8a23f62a903df117c5a0e75f65a0c2901562f97cd41cf86?s=96&d=mm&r=g\",\"url\":\"https:\/\/secure.gravatar.com\/avatar\/0e37bb19071f47c0b8a23f62a903df117c5a0e75f65a0c2901562f97cd41cf86?s=96&d=mm&r=g\",\"contentUrl\":\"https:\/\/secure.gravatar.com\/avatar\/0e37bb19071f47c0b8a23f62a903df117c5a0e75f65a0c2901562f97cd41cf86?s=96&d=mm&r=g\",\"caption\":\"ritanery\"}}]}<\/script>\n<!-- \/ Yoast SEO plugin. -->","yoast_head_json":{"title":"ExpoVerde 2022 ter\u00e1 \u201cEspa\u00e7o Inova\u00e7\u00e3o e Eventos\u201d - R\u00e1dio Life FM","robots":{"index":"index","follow":"follow","max-snippet":"max-snippet:-1","max-image-preview":"max-image-preview:large","max-video-preview":"max-video-preview:-1"},"canonical":"https:\/\/radiolifefm.com.br\/noticias\/expoverde-2022-tera-espaco-inovacao-e-eventos\/","og_locale":"pt_BR","og_type":"article","og_title":"ExpoVerde 2022 ter\u00e1 \u201cEspa\u00e7o Inova\u00e7\u00e3o e Eventos\u201d - R\u00e1dio Life FM","og_description":"\u00a0A ExpoVerde que acontecer\u00e1 de 30 de agosto a 4 de setembro \u00e9 uma festa, pois tem rodeio, shows, parque de divers\u00e3o, entre outros. Mas, para 2022, a Comiss\u00e3o Organizadora quer trazer mais do que a comercializa\u00e7\u00e3o de flores, plantas e demais itens e o entretenimento. O objetivo tamb\u00e9m \u00e9 gerar conhecimento. Para isso, foi [&hellip;]","og_url":"https:\/\/radiolifefm.com.br\/noticias\/expoverde-2022-tera-espaco-inovacao-e-eventos\/","og_site_name":"R\u00e1dio Life FM","article_publisher":"https:\/\/www.facebook.com\/radiolifefm\/","article_published_time":"2022-08-04T01:01:18+00:00","article_modified_time":"2026-02-21T17:10:07+00:00","og_image":[{"width":848,"height":307,"url":"https:\/\/radiolifefm.com.br\/noticias\/wp-content\/uploads\/2022\/07\/6b4d476af0dfe99b21919efa3ff0c9ce.jpg","type":"image\/jpeg"}],"author":"ritanery","twitter_card":"summary_large_image","twitter_misc":{"Escrito por":"ritanery","Est. tempo de leitura":"2 minutos"},"schema":{"@context":"https:\/\/schema.org","@graph":[{"@type":"Article","@id":"https:\/\/radiolifefm.com.br\/noticias\/expoverde-2022-tera-espaco-inovacao-e-eventos\/#article","isPartOf":{"@id":"https:\/\/radiolifefm.com.br\/noticias\/expoverde-2022-tera-espaco-inovacao-e-eventos\/"},"author":{"name":"ritanery","@id":"https:\/\/radiolifefm.com.br\/noticias\/#\/schema\/person\/6339b9fac59d12b071dec680d7375d87"},"headline":"ExpoVerde 2022 ter\u00e1 \u201cEspa\u00e7o Inova\u00e7\u00e3o e Eventos\u201d","datePublished":"2022-08-04T01:01:18+00:00","dateModified":"2026-02-21T17:10:07+00:00","mainEntityOfPage":{"@id":"https:\/\/radiolifefm.com.br\/noticias\/expoverde-2022-tera-espaco-inovacao-e-eventos\/"},"wordCount":368,"publisher":{"@id":"https:\/\/radiolifefm.com.br\/noticias\/#organization"},"image":{"@id":"https:\/\/radiolifefm.com.br\/noticias\/expoverde-2022-tera-espaco-inovacao-e-eventos\/#primaryimage"},"thumbnailUrl":"https:\/\/radiolifefm.com.br\/noticias\/wp-content\/uploads\/2022\/07\/6b4d476af0dfe99b21919efa3ff0c9ce.jpg","articleSection":["Adamantina"],"inLanguage":"pt-BR"},{"@type":"WebPage","@id":"https:\/\/radiolifefm.com.br\/noticias\/expoverde-2022-tera-espaco-inovacao-e-eventos\/","url":"https:\/\/radiolifefm.com.br\/noticias\/expoverde-2022-tera-espaco-inovacao-e-eventos\/","name":"ExpoVerde 2022 ter\u00e1 \u201cEspa\u00e7o Inova\u00e7\u00e3o e Eventos\u201d - R\u00e1dio Life FM","isPartOf":{"@id":"https:\/\/radiolifefm.com.br\/noticias\/#website"},"primaryImageOfPage":{"@id":"https:\/\/radiolifefm.com.br\/noticias\/expoverde-2022-tera-espaco-inovacao-e-eventos\/#primaryimage"},"image":{"@id":"https:\/\/radiolifefm.com.br\/noticias\/expoverde-2022-tera-espaco-inovacao-e-eventos\/#primaryimage"},"thumbnailUrl":"https:\/\/radiolifefm.com.br\/noticias\/wp-content\/uploads\/2022\/07\/6b4d476af0dfe99b21919efa3ff0c9ce.jpg","datePublished":"2022-08-04T01:01:18+00:00","dateModified":"2026-02-21T17:10:07+00:00","breadcrumb":{"@id":"https:\/\/radiolifefm.com.br\/noticias\/expoverde-2022-tera-espaco-inovacao-e-eventos\/#breadcrumb"},"inLanguage":"pt-BR","potentialAction":[{"@type":"ReadAction","target":["https:\/\/radiolifefm.com.br\/noticias\/expoverde-2022-tera-espaco-inovacao-e-eventos\/"]}]},{"@type":"ImageObject","inLanguage":"pt-BR","@id":"https:\/\/radiolifefm.com.br\/noticias\/expoverde-2022-tera-espaco-inovacao-e-eventos\/#primaryimage","url":"https:\/\/radiolifefm.com.br\/noticias\/wp-content\/uploads\/2022\/07\/6b4d476af0dfe99b21919efa3ff0c9ce.jpg","contentUrl":"https:\/\/radiolifefm.com.br\/noticias\/wp-content\/uploads\/2022\/07\/6b4d476af0dfe99b21919efa3ff0c9ce.jpg","width":848,"height":307,"caption":"A 30\u00aa Feira do Verde e Exposi\u00e7\u00e3o Agropecu\u00e1ria, Comercial e Industrial de Adamantina ser\u00e1 realizada de 30 de agosto a 4 de setembro"},{"@type":"BreadcrumbList","@id":"https:\/\/radiolifefm.com.br\/noticias\/expoverde-2022-tera-espaco-inovacao-e-eventos\/#breadcrumb","itemListElement":[{"@type":"ListItem","position":1,"name":"In\u00edcio","item":"https:\/\/radiolifefm.com.br\/noticias\/"},{"@type":"ListItem","position":2,"name":"ExpoVerde 2022 ter\u00e1 \u201cEspa\u00e7o Inova\u00e7\u00e3o e Eventos\u201d"}]},{"@type":"WebSite","@id":"https:\/\/radiolifefm.com.br\/noticias\/#website","url":"https:\/\/radiolifefm.com.br\/noticias\/","name":"R\u00e1dio Life FM","description":"O Portal de Not\u00edcias de Adamantina","publisher":{"@id":"https:\/\/radiolifefm.com.br\/noticias\/#organization"},"alternateName":"Life FM","potentialAction":[{"@type":"SearchAction","target":{"@type":"EntryPoint","urlTemplate":"https:\/\/radiolifefm.com.br\/noticias\/?s={search_term_string}"},"query-input":{"@type":"PropertyValueSpecification","valueRequired":true,"valueName":"search_term_string"}}],"inLanguage":"pt-BR"},{"@type":"Organization","@id":"https:\/\/radiolifefm.com.br\/noticias\/#organization","name":"R\u00e1dio Life FM","alternateName":"Life FM","url":"https:\/\/radiolifefm.com.br\/noticias\/","logo":{"@type":"ImageObject","inLanguage":"pt-BR","@id":"https:\/\/radiolifefm.com.br\/noticias\/#\/schema\/logo\/image\/","url":"https:\/\/static.radiolifefm.com.br\/noticias\/wp-content\/uploads\/2019\/10\/logo-lifefm.png","contentUrl":"https:\/\/static.radiolifefm.com.br\/noticias\/wp-content\/uploads\/2019\/10\/logo-lifefm.png","width":196,"height":47,"caption":"R\u00e1dio Life FM"},"image":{"@id":"https:\/\/radiolifefm.com.br\/noticias\/#\/schema\/logo\/image\/"},"sameAs":["https:\/\/www.facebook.com\/radiolifefm\/","https:\/\/www.instagram.com\/life1079fm\/"]},{"@type":"Person","@id":"https:\/\/radiolifefm.com.br\/noticias\/#\/schema\/person\/6339b9fac59d12b071dec680d7375d87","name":"ritanery","image":{"@type":"ImageObject","inLanguage":"pt-BR","@id":"https:\/\/secure.gravatar.com\/avatar\/0e37bb19071f47c0b8a23f62a903df117c5a0e75f65a0c2901562f97cd41cf86?s=96&d=mm&r=g","url":"https:\/\/secure.gravatar.com\/avatar\/0e37bb19071f47c0b8a23f62a903df117c5a0e75f65a0c2901562f97cd41cf86?s=96&d=mm&r=g","contentUrl":"https:\/\/secure.gravatar.com\/avatar\/0e37bb19071f47c0b8a23f62a903df117c5a0e75f65a0c2901562f97cd41cf86?s=96&d=mm&r=g","caption":"ritanery"}}]}},"amp_enabled":true,"_links":{"self":[{"href":"https:\/\/radiolifefm.com.br\/noticias\/wp-json\/wp\/v2\/posts\/56592","targetHints":{"allow":["GET"]}}],"collection":[{"href":"https:\/\/radiolifefm.com.br\/noticias\/wp-json\/wp\/v2\/posts"}],"about":[{"href":"https:\/\/radiolifefm.com.br\/noticias\/wp-json\/wp\/v2\/types\/post"}],"author":[{"embeddable":true,"href":"https:\/\/radiolifefm.com.br\/noticias\/wp-json\/wp\/v2\/users\/13"}],"replies":[{"embeddable":true,"href":"https:\/\/radiolifefm.com.br\/noticias\/wp-json\/wp\/v2\/comments?post=56592"}],"version-history":[{"count":8,"href":"https:\/\/radiolifefm.com.br\/noticias\/wp-json\/wp\/v2\/posts\/56592\/revisions"}],"predecessor-version":[{"id":56605,"href":"https:\/\/radiolifefm.com.br\/noticias\/wp-json\/wp\/v2\/posts\/56592\/revisions\/56605"}],"wp:featuredmedia":[{"embeddable":true,"href":"https:\/\/radiolifefm.com.br\/noticias\/wp-json\/wp\/v2\/media\/56389"}],"wp:attachment":[{"href":"https:\/\/radiolifefm.com.br\/noticias\/wp-json\/wp\/v2\/media?parent=56592"}],"wp:term":[{"taxonomy":"category","embeddable":true,"href":"https:\/\/radiolifefm.com.br\/noticias\/wp-json\/wp\/v2\/categories?post=56592"},{"taxonomy":"post_tag","embeddable":true,"href":"https:\/\/radiolifefm.com.br\/noticias\/wp-json\/wp\/v2\/tags?post=56592"}],"curies":[{"name":"wp","href":"https:\/\/api.w.org\/{rel}","templated":true}]}}