{"id":56553,"date":"2022-08-02T17:02:59","date_gmt":"2022-08-02T20:02:59","guid":{"rendered":"https:\/\/radiolifefm.com.br\/noticias\/?p=56553"},"modified":"2026-03-26T06:15:47","modified_gmt":"2026-03-26T09:15:47","slug":"policia-civil-de-adamantina-realiza-acao-de-combate-ao-trafico-de-drogas-e-cumprimento-de-prisao","status":"publish","type":"post","link":"https:\/\/radiolifefm.com.br\/noticias\/policia-civil-de-adamantina-realiza-acao-de-combate-ao-trafico-de-drogas-e-cumprimento-de-prisao\/","title":{"rendered":"Pol\u00edcia Civil de Adamantina realiza a\u00e7\u00e3o de combate ao tr\u00e1fico de drogas e cumprimento de pris\u00e3o"},"content":{"rendered":"<div id=\"fb-root\"><\/div>\n<p>Na manh\u00e3 desta ter\u00e7a-feira &#8211; 02\/08 &#8211; Policiais Civis da Delegacia de Investiga\u00e7\u00f5es Gerais (DIG) e da Delegacia de Investiga\u00e7\u00f5es Sobre Entorpecentes (DISE) realizaram uma a\u00e7\u00e3o para cumprimento de mandados de pris\u00e3o na cidade de Adamantina.<\/p>\n<p>&nbsp;<\/p>\n<p>As dilig\u00eancias, que se iniciaram \u00e0s 6h00 e continuaram por toda a manh\u00e3, tiveram como objetivo capturar procurados pela Justi\u00e7a. Os indiv\u00edduos possu\u00edam Mandados de Pris\u00e3o expedidos pelo Poder Judici\u00e1rio por crimes de Estupro de Vulner\u00e1vel, Amea\u00e7a, Desobedi\u00eancia, Crime de Tr\u00e2nsito (Embriaguez ao volante), al\u00e9m de mandados de Pris\u00e3o Civil. A a\u00e7\u00e3o resultou na pris\u00e3o de cinco indiv\u00edduos, um de 26 anos pelos delitos do art. 309 do CTB e 330 do CP, outro de 33 anos pelo delito de Amea\u00e7a e os demais por pris\u00e3o c\u00edvel, com 19, 23 e 37 anos, que foram apresentados pelos investigadores na sede da DIG de Adamantina.<\/p>\n<p>&nbsp;<\/p>\n<p>Al\u00e9m das a\u00e7\u00f5es supra, na \u00faltima sexta (28\/07) os policiais da DIG\/DISE prenderam um homem de 27 anos por tr\u00e1fico de drogas. De acordo com os policiais que participaram da a\u00e7\u00e3o, o indiv\u00edduo foi localizado na Esta\u00e7\u00e3o Recreio, conhecido como \u201cP\u00e1tio da feira\u201d em Adamantina, e trazia consigo algumas por\u00e7\u00f5es de maconha, j\u00e1 na resid\u00eancia do indiv\u00edduo foram localizadas muitas por\u00e7\u00f5es da droga, al\u00e9m de aparelhos celulares, uma balan\u00e7a de precis\u00e3o e quantia em dinheiro, que foram apreendidos pelos policiais. Ao todo foram apreendidas 109 por\u00e7\u00f5es de maconha, al\u00e9m de um tijolo do mesmo entorpecente, que totalizaram mais de 850 gramas da droga.<\/p>\n<p>&nbsp;<\/p>\n<p>Todos os investigados presos foram conduzidos \u00e0 Cadeia P\u00fablica local permanecendo \u00e0 disposi\u00e7\u00e3o da Justi\u00e7a.<\/p>\n<p>&nbsp;<\/p>\n<p>Fonte: DEINTER 8<\/p>\n<p>&nbsp;<\/p>\n","protected":false},"excerpt":{"rendered":"<p>Na manh\u00e3 desta ter\u00e7a-feira &#8211; 02\/08 &#8211; Policiais Civis da Delegacia de Investiga\u00e7\u00f5es Gerais (DIG) e da Delegacia de Investiga\u00e7\u00f5es Sobre Entorpecentes (DISE) realizaram uma a\u00e7\u00e3o para cumprimento de mandados de pris\u00e3o na cidade de Adamantina. &nbsp; As dilig\u00eancias, que se iniciaram \u00e0s 6h00 e continuaram por toda a manh\u00e3, tiveram como objetivo capturar procurados [&hellip;]<\/p>\n","protected":false},"author":13,"featured_media":56554,"comment_status":"closed","ping_status":"open","sticky":false,"template":"","format":"standard","meta":{"_acf_changed":false,"_exactmetrics_skip_tracking":false,"_exactmetrics_sitenote_active":false,"_exactmetrics_sitenote_note":"","_exactmetrics_sitenote_category":0,"footnotes":""},"categories":[21],"tags":[],"class_list":["post-56553","post","type-post","status-publish","format-standard","has-post-thumbnail","hentry","category-adamantina"],"acf":[],"yoast_head":"<!-- This site is optimized with the Yoast SEO plugin v27.2 - https:\/\/yoast.com\/product\/yoast-seo-wordpress\/ -->\n<title>Pol\u00edcia Civil de Adamantina realiza a\u00e7\u00e3o de combate ao tr\u00e1fico de drogas e cumprimento de pris\u00e3o - R\u00e1dio Life FM<\/title>\n<meta name=\"robots\" content=\"index, follow, max-snippet:-1, max-image-preview:large, max-video-preview:-1\" \/>\n<link rel=\"canonical\" href=\"https:\/\/radiolifefm.com.br\/noticias\/policia-civil-de-adamantina-realiza-acao-de-combate-ao-trafico-de-drogas-e-cumprimento-de-prisao\/\" \/>\n<meta property=\"og:locale\" content=\"pt_BR\" \/>\n<meta property=\"og:type\" content=\"article\" \/>\n<meta property=\"og:title\" content=\"Pol\u00edcia Civil de Adamantina realiza a\u00e7\u00e3o de combate ao tr\u00e1fico de drogas e cumprimento de pris\u00e3o - R\u00e1dio Life FM\" \/>\n<meta property=\"og:description\" content=\"Na manh\u00e3 desta ter\u00e7a-feira &#8211; 02\/08 &#8211; Policiais Civis da Delegacia de Investiga\u00e7\u00f5es Gerais (DIG) e da Delegacia de Investiga\u00e7\u00f5es Sobre Entorpecentes (DISE) realizaram uma a\u00e7\u00e3o para cumprimento de mandados de pris\u00e3o na cidade de Adamantina. &nbsp; As dilig\u00eancias, que se iniciaram \u00e0s 6h00 e continuaram por toda a manh\u00e3, tiveram como objetivo capturar procurados [&hellip;]\" \/>\n<meta property=\"og:url\" content=\"https:\/\/radiolifefm.com.br\/noticias\/policia-civil-de-adamantina-realiza-acao-de-combate-ao-trafico-de-drogas-e-cumprimento-de-prisao\/\" \/>\n<meta property=\"og:site_name\" content=\"R\u00e1dio Life FM\" \/>\n<meta property=\"article:publisher\" content=\"https:\/\/www.facebook.com\/radiolifefm\/\" \/>\n<meta property=\"article:published_time\" content=\"2022-08-02T20:02:59+00:00\" \/>\n<meta property=\"article:modified_time\" content=\"2026-03-26T09:15:47+00:00\" \/>\n<meta property=\"og:image\" content=\"https:\/\/radiolifefm.com.br\/noticias\/wp-content\/uploads\/2022\/08\/2022-08-02-RELEASE.jpeg\" \/>\n\t<meta property=\"og:image:width\" content=\"314\" \/>\n\t<meta property=\"og:image:height\" content=\"560\" \/>\n\t<meta property=\"og:image:type\" content=\"image\/jpeg\" \/>\n<meta name=\"author\" content=\"ritanery\" \/>\n<meta name=\"twitter:card\" content=\"summary_large_image\" \/>\n<meta name=\"twitter:label1\" content=\"Escrito por\" \/>\n\t<meta name=\"twitter:data1\" content=\"ritanery\" \/>\n\t<meta name=\"twitter:label2\" content=\"Est. tempo de leitura\" \/>\n\t<meta name=\"twitter:data2\" content=\"2 minutos\" \/>\n<script type=\"application\/ld+json\" class=\"yoast-schema-graph\">{\"@context\":\"https:\/\/schema.org\",\"@graph\":[{\"@type\":\"Article\",\"@id\":\"https:\/\/radiolifefm.com.br\/noticias\/policia-civil-de-adamantina-realiza-acao-de-combate-ao-trafico-de-drogas-e-cumprimento-de-prisao\/#article\",\"isPartOf\":{\"@id\":\"https:\/\/radiolifefm.com.br\/noticias\/policia-civil-de-adamantina-realiza-acao-de-combate-ao-trafico-de-drogas-e-cumprimento-de-prisao\/\"},\"author\":{\"name\":\"ritanery\",\"@id\":\"https:\/\/radiolifefm.com.br\/noticias\/#\/schema\/person\/6339b9fac59d12b071dec680d7375d87\"},\"headline\":\"Pol\u00edcia Civil de Adamantina realiza a\u00e7\u00e3o de combate ao tr\u00e1fico de drogas e cumprimento de pris\u00e3o\",\"datePublished\":\"2022-08-02T20:02:59+00:00\",\"dateModified\":\"2026-03-26T09:15:47+00:00\",\"mainEntityOfPage\":{\"@id\":\"https:\/\/radiolifefm.com.br\/noticias\/policia-civil-de-adamantina-realiza-acao-de-combate-ao-trafico-de-drogas-e-cumprimento-de-prisao\/\"},\"wordCount\":314,\"publisher\":{\"@id\":\"https:\/\/radiolifefm.com.br\/noticias\/#organization\"},\"image\":{\"@id\":\"https:\/\/radiolifefm.com.br\/noticias\/policia-civil-de-adamantina-realiza-acao-de-combate-ao-trafico-de-drogas-e-cumprimento-de-prisao\/#primaryimage\"},\"thumbnailUrl\":\"https:\/\/radiolifefm.com.br\/noticias\/wp-content\/uploads\/2022\/08\/2022-08-02-RELEASE.jpeg\",\"articleSection\":[\"Adamantina\"],\"inLanguage\":\"pt-BR\"},{\"@type\":\"WebPage\",\"@id\":\"https:\/\/radiolifefm.com.br\/noticias\/policia-civil-de-adamantina-realiza-acao-de-combate-ao-trafico-de-drogas-e-cumprimento-de-prisao\/\",\"url\":\"https:\/\/radiolifefm.com.br\/noticias\/policia-civil-de-adamantina-realiza-acao-de-combate-ao-trafico-de-drogas-e-cumprimento-de-prisao\/\",\"name\":\"Pol\u00edcia Civil de Adamantina realiza a\u00e7\u00e3o de combate ao tr\u00e1fico de drogas e cumprimento de pris\u00e3o - R\u00e1dio Life FM\",\"isPartOf\":{\"@id\":\"https:\/\/radiolifefm.com.br\/noticias\/#website\"},\"primaryImageOfPage\":{\"@id\":\"https:\/\/radiolifefm.com.br\/noticias\/policia-civil-de-adamantina-realiza-acao-de-combate-ao-trafico-de-drogas-e-cumprimento-de-prisao\/#primaryimage\"},\"image\":{\"@id\":\"https:\/\/radiolifefm.com.br\/noticias\/policia-civil-de-adamantina-realiza-acao-de-combate-ao-trafico-de-drogas-e-cumprimento-de-prisao\/#primaryimage\"},\"thumbnailUrl\":\"https:\/\/radiolifefm.com.br\/noticias\/wp-content\/uploads\/2022\/08\/2022-08-02-RELEASE.jpeg\",\"datePublished\":\"2022-08-02T20:02:59+00:00\",\"dateModified\":\"2026-03-26T09:15:47+00:00\",\"breadcrumb\":{\"@id\":\"https:\/\/radiolifefm.com.br\/noticias\/policia-civil-de-adamantina-realiza-acao-de-combate-ao-trafico-de-drogas-e-cumprimento-de-prisao\/#breadcrumb\"},\"inLanguage\":\"pt-BR\",\"potentialAction\":[{\"@type\":\"ReadAction\",\"target\":[\"https:\/\/radiolifefm.com.br\/noticias\/policia-civil-de-adamantina-realiza-acao-de-combate-ao-trafico-de-drogas-e-cumprimento-de-prisao\/\"]}]},{\"@type\":\"ImageObject\",\"inLanguage\":\"pt-BR\",\"@id\":\"https:\/\/radiolifefm.com.br\/noticias\/policia-civil-de-adamantina-realiza-acao-de-combate-ao-trafico-de-drogas-e-cumprimento-de-prisao\/#primaryimage\",\"url\":\"https:\/\/radiolifefm.com.br\/noticias\/wp-content\/uploads\/2022\/08\/2022-08-02-RELEASE.jpeg\",\"contentUrl\":\"https:\/\/radiolifefm.com.br\/noticias\/wp-content\/uploads\/2022\/08\/2022-08-02-RELEASE.jpeg\",\"width\":314,\"height\":560},{\"@type\":\"BreadcrumbList\",\"@id\":\"https:\/\/radiolifefm.com.br\/noticias\/policia-civil-de-adamantina-realiza-acao-de-combate-ao-trafico-de-drogas-e-cumprimento-de-prisao\/#breadcrumb\",\"itemListElement\":[{\"@type\":\"ListItem\",\"position\":1,\"name\":\"In\u00edcio\",\"item\":\"https:\/\/radiolifefm.com.br\/noticias\/\"},{\"@type\":\"ListItem\",\"position\":2,\"name\":\"Pol\u00edcia Civil de Adamantina realiza a\u00e7\u00e3o de combate ao tr\u00e1fico de drogas e cumprimento de pris\u00e3o\"}]},{\"@type\":\"WebSite\",\"@id\":\"https:\/\/radiolifefm.com.br\/noticias\/#website\",\"url\":\"https:\/\/radiolifefm.com.br\/noticias\/\",\"name\":\"R\u00e1dio Life FM\",\"description\":\"O Portal de Not\u00edcias de Adamantina\",\"publisher\":{\"@id\":\"https:\/\/radiolifefm.com.br\/noticias\/#organization\"},\"alternateName\":\"Life FM\",\"potentialAction\":[{\"@type\":\"SearchAction\",\"target\":{\"@type\":\"EntryPoint\",\"urlTemplate\":\"https:\/\/radiolifefm.com.br\/noticias\/?s={search_term_string}\"},\"query-input\":{\"@type\":\"PropertyValueSpecification\",\"valueRequired\":true,\"valueName\":\"search_term_string\"}}],\"inLanguage\":\"pt-BR\"},{\"@type\":\"Organization\",\"@id\":\"https:\/\/radiolifefm.com.br\/noticias\/#organization\",\"name\":\"R\u00e1dio Life FM\",\"alternateName\":\"Life FM\",\"url\":\"https:\/\/radiolifefm.com.br\/noticias\/\",\"logo\":{\"@type\":\"ImageObject\",\"inLanguage\":\"pt-BR\",\"@id\":\"https:\/\/radiolifefm.com.br\/noticias\/#\/schema\/logo\/image\/\",\"url\":\"https:\/\/static.radiolifefm.com.br\/noticias\/wp-content\/uploads\/2019\/10\/logo-lifefm.png\",\"contentUrl\":\"https:\/\/static.radiolifefm.com.br\/noticias\/wp-content\/uploads\/2019\/10\/logo-lifefm.png\",\"width\":196,\"height\":47,\"caption\":\"R\u00e1dio Life FM\"},\"image\":{\"@id\":\"https:\/\/radiolifefm.com.br\/noticias\/#\/schema\/logo\/image\/\"},\"sameAs\":[\"https:\/\/www.facebook.com\/radiolifefm\/\",\"https:\/\/www.instagram.com\/life1079fm\/\"]},{\"@type\":\"Person\",\"@id\":\"https:\/\/radiolifefm.com.br\/noticias\/#\/schema\/person\/6339b9fac59d12b071dec680d7375d87\",\"name\":\"ritanery\",\"image\":{\"@type\":\"ImageObject\",\"inLanguage\":\"pt-BR\",\"@id\":\"https:\/\/secure.gravatar.com\/avatar\/0e37bb19071f47c0b8a23f62a903df117c5a0e75f65a0c2901562f97cd41cf86?s=96&d=mm&r=g\",\"url\":\"https:\/\/secure.gravatar.com\/avatar\/0e37bb19071f47c0b8a23f62a903df117c5a0e75f65a0c2901562f97cd41cf86?s=96&d=mm&r=g\",\"contentUrl\":\"https:\/\/secure.gravatar.com\/avatar\/0e37bb19071f47c0b8a23f62a903df117c5a0e75f65a0c2901562f97cd41cf86?s=96&d=mm&r=g\",\"caption\":\"ritanery\"}}]}<\/script>\n<!-- \/ Yoast SEO plugin. -->","yoast_head_json":{"title":"Pol\u00edcia Civil de Adamantina realiza a\u00e7\u00e3o de combate ao tr\u00e1fico de drogas e cumprimento de pris\u00e3o - R\u00e1dio Life FM","robots":{"index":"index","follow":"follow","max-snippet":"max-snippet:-1","max-image-preview":"max-image-preview:large","max-video-preview":"max-video-preview:-1"},"canonical":"https:\/\/radiolifefm.com.br\/noticias\/policia-civil-de-adamantina-realiza-acao-de-combate-ao-trafico-de-drogas-e-cumprimento-de-prisao\/","og_locale":"pt_BR","og_type":"article","og_title":"Pol\u00edcia Civil de Adamantina realiza a\u00e7\u00e3o de combate ao tr\u00e1fico de drogas e cumprimento de pris\u00e3o - R\u00e1dio Life FM","og_description":"Na manh\u00e3 desta ter\u00e7a-feira &#8211; 02\/08 &#8211; Policiais Civis da Delegacia de Investiga\u00e7\u00f5es Gerais (DIG) e da Delegacia de Investiga\u00e7\u00f5es Sobre Entorpecentes (DISE) realizaram uma a\u00e7\u00e3o para cumprimento de mandados de pris\u00e3o na cidade de Adamantina. &nbsp; As dilig\u00eancias, que se iniciaram \u00e0s 6h00 e continuaram por toda a manh\u00e3, tiveram como objetivo capturar procurados [&hellip;]","og_url":"https:\/\/radiolifefm.com.br\/noticias\/policia-civil-de-adamantina-realiza-acao-de-combate-ao-trafico-de-drogas-e-cumprimento-de-prisao\/","og_site_name":"R\u00e1dio Life FM","article_publisher":"https:\/\/www.facebook.com\/radiolifefm\/","article_published_time":"2022-08-02T20:02:59+00:00","article_modified_time":"2026-03-26T09:15:47+00:00","og_image":[{"width":314,"height":560,"url":"https:\/\/radiolifefm.com.br\/noticias\/wp-content\/uploads\/2022\/08\/2022-08-02-RELEASE.jpeg","type":"image\/jpeg"}],"author":"ritanery","twitter_card":"summary_large_image","twitter_misc":{"Escrito por":"ritanery","Est. tempo de leitura":"2 minutos"},"schema":{"@context":"https:\/\/schema.org","@graph":[{"@type":"Article","@id":"https:\/\/radiolifefm.com.br\/noticias\/policia-civil-de-adamantina-realiza-acao-de-combate-ao-trafico-de-drogas-e-cumprimento-de-prisao\/#article","isPartOf":{"@id":"https:\/\/radiolifefm.com.br\/noticias\/policia-civil-de-adamantina-realiza-acao-de-combate-ao-trafico-de-drogas-e-cumprimento-de-prisao\/"},"author":{"name":"ritanery","@id":"https:\/\/radiolifefm.com.br\/noticias\/#\/schema\/person\/6339b9fac59d12b071dec680d7375d87"},"headline":"Pol\u00edcia Civil de Adamantina realiza a\u00e7\u00e3o de combate ao tr\u00e1fico de drogas e cumprimento de pris\u00e3o","datePublished":"2022-08-02T20:02:59+00:00","dateModified":"2026-03-26T09:15:47+00:00","mainEntityOfPage":{"@id":"https:\/\/radiolifefm.com.br\/noticias\/policia-civil-de-adamantina-realiza-acao-de-combate-ao-trafico-de-drogas-e-cumprimento-de-prisao\/"},"wordCount":314,"publisher":{"@id":"https:\/\/radiolifefm.com.br\/noticias\/#organization"},"image":{"@id":"https:\/\/radiolifefm.com.br\/noticias\/policia-civil-de-adamantina-realiza-acao-de-combate-ao-trafico-de-drogas-e-cumprimento-de-prisao\/#primaryimage"},"thumbnailUrl":"https:\/\/radiolifefm.com.br\/noticias\/wp-content\/uploads\/2022\/08\/2022-08-02-RELEASE.jpeg","articleSection":["Adamantina"],"inLanguage":"pt-BR"},{"@type":"WebPage","@id":"https:\/\/radiolifefm.com.br\/noticias\/policia-civil-de-adamantina-realiza-acao-de-combate-ao-trafico-de-drogas-e-cumprimento-de-prisao\/","url":"https:\/\/radiolifefm.com.br\/noticias\/policia-civil-de-adamantina-realiza-acao-de-combate-ao-trafico-de-drogas-e-cumprimento-de-prisao\/","name":"Pol\u00edcia Civil de Adamantina realiza a\u00e7\u00e3o de combate ao tr\u00e1fico de drogas e cumprimento de pris\u00e3o - R\u00e1dio Life FM","isPartOf":{"@id":"https:\/\/radiolifefm.com.br\/noticias\/#website"},"primaryImageOfPage":{"@id":"https:\/\/radiolifefm.com.br\/noticias\/policia-civil-de-adamantina-realiza-acao-de-combate-ao-trafico-de-drogas-e-cumprimento-de-prisao\/#primaryimage"},"image":{"@id":"https:\/\/radiolifefm.com.br\/noticias\/policia-civil-de-adamantina-realiza-acao-de-combate-ao-trafico-de-drogas-e-cumprimento-de-prisao\/#primaryimage"},"thumbnailUrl":"https:\/\/radiolifefm.com.br\/noticias\/wp-content\/uploads\/2022\/08\/2022-08-02-RELEASE.jpeg","datePublished":"2022-08-02T20:02:59+00:00","dateModified":"2026-03-26T09:15:47+00:00","breadcrumb":{"@id":"https:\/\/radiolifefm.com.br\/noticias\/policia-civil-de-adamantina-realiza-acao-de-combate-ao-trafico-de-drogas-e-cumprimento-de-prisao\/#breadcrumb"},"inLanguage":"pt-BR","potentialAction":[{"@type":"ReadAction","target":["https:\/\/radiolifefm.com.br\/noticias\/policia-civil-de-adamantina-realiza-acao-de-combate-ao-trafico-de-drogas-e-cumprimento-de-prisao\/"]}]},{"@type":"ImageObject","inLanguage":"pt-BR","@id":"https:\/\/radiolifefm.com.br\/noticias\/policia-civil-de-adamantina-realiza-acao-de-combate-ao-trafico-de-drogas-e-cumprimento-de-prisao\/#primaryimage","url":"https:\/\/radiolifefm.com.br\/noticias\/wp-content\/uploads\/2022\/08\/2022-08-02-RELEASE.jpeg","contentUrl":"https:\/\/radiolifefm.com.br\/noticias\/wp-content\/uploads\/2022\/08\/2022-08-02-RELEASE.jpeg","width":314,"height":560},{"@type":"BreadcrumbList","@id":"https:\/\/radiolifefm.com.br\/noticias\/policia-civil-de-adamantina-realiza-acao-de-combate-ao-trafico-de-drogas-e-cumprimento-de-prisao\/#breadcrumb","itemListElement":[{"@type":"ListItem","position":1,"name":"In\u00edcio","item":"https:\/\/radiolifefm.com.br\/noticias\/"},{"@type":"ListItem","position":2,"name":"Pol\u00edcia Civil de Adamantina realiza a\u00e7\u00e3o de combate ao tr\u00e1fico de drogas e cumprimento de pris\u00e3o"}]},{"@type":"WebSite","@id":"https:\/\/radiolifefm.com.br\/noticias\/#website","url":"https:\/\/radiolifefm.com.br\/noticias\/","name":"R\u00e1dio Life FM","description":"O Portal de Not\u00edcias de Adamantina","publisher":{"@id":"https:\/\/radiolifefm.com.br\/noticias\/#organization"},"alternateName":"Life FM","potentialAction":[{"@type":"SearchAction","target":{"@type":"EntryPoint","urlTemplate":"https:\/\/radiolifefm.com.br\/noticias\/?s={search_term_string}"},"query-input":{"@type":"PropertyValueSpecification","valueRequired":true,"valueName":"search_term_string"}}],"inLanguage":"pt-BR"},{"@type":"Organization","@id":"https:\/\/radiolifefm.com.br\/noticias\/#organization","name":"R\u00e1dio Life FM","alternateName":"Life FM","url":"https:\/\/radiolifefm.com.br\/noticias\/","logo":{"@type":"ImageObject","inLanguage":"pt-BR","@id":"https:\/\/radiolifefm.com.br\/noticias\/#\/schema\/logo\/image\/","url":"https:\/\/static.radiolifefm.com.br\/noticias\/wp-content\/uploads\/2019\/10\/logo-lifefm.png","contentUrl":"https:\/\/static.radiolifefm.com.br\/noticias\/wp-content\/uploads\/2019\/10\/logo-lifefm.png","width":196,"height":47,"caption":"R\u00e1dio Life FM"},"image":{"@id":"https:\/\/radiolifefm.com.br\/noticias\/#\/schema\/logo\/image\/"},"sameAs":["https:\/\/www.facebook.com\/radiolifefm\/","https:\/\/www.instagram.com\/life1079fm\/"]},{"@type":"Person","@id":"https:\/\/radiolifefm.com.br\/noticias\/#\/schema\/person\/6339b9fac59d12b071dec680d7375d87","name":"ritanery","image":{"@type":"ImageObject","inLanguage":"pt-BR","@id":"https:\/\/secure.gravatar.com\/avatar\/0e37bb19071f47c0b8a23f62a903df117c5a0e75f65a0c2901562f97cd41cf86?s=96&d=mm&r=g","url":"https:\/\/secure.gravatar.com\/avatar\/0e37bb19071f47c0b8a23f62a903df117c5a0e75f65a0c2901562f97cd41cf86?s=96&d=mm&r=g","contentUrl":"https:\/\/secure.gravatar.com\/avatar\/0e37bb19071f47c0b8a23f62a903df117c5a0e75f65a0c2901562f97cd41cf86?s=96&d=mm&r=g","caption":"ritanery"}}]}},"amp_enabled":true,"_links":{"self":[{"href":"https:\/\/radiolifefm.com.br\/noticias\/wp-json\/wp\/v2\/posts\/56553","targetHints":{"allow":["GET"]}}],"collection":[{"href":"https:\/\/radiolifefm.com.br\/noticias\/wp-json\/wp\/v2\/posts"}],"about":[{"href":"https:\/\/radiolifefm.com.br\/noticias\/wp-json\/wp\/v2\/types\/post"}],"author":[{"embeddable":true,"href":"https:\/\/radiolifefm.com.br\/noticias\/wp-json\/wp\/v2\/users\/13"}],"replies":[{"embeddable":true,"href":"https:\/\/radiolifefm.com.br\/noticias\/wp-json\/wp\/v2\/comments?post=56553"}],"version-history":[{"count":2,"href":"https:\/\/radiolifefm.com.br\/noticias\/wp-json\/wp\/v2\/posts\/56553\/revisions"}],"predecessor-version":[{"id":56556,"href":"https:\/\/radiolifefm.com.br\/noticias\/wp-json\/wp\/v2\/posts\/56553\/revisions\/56556"}],"wp:featuredmedia":[{"embeddable":true,"href":"https:\/\/radiolifefm.com.br\/noticias\/wp-json\/wp\/v2\/media\/56554"}],"wp:attachment":[{"href":"https:\/\/radiolifefm.com.br\/noticias\/wp-json\/wp\/v2\/media?parent=56553"}],"wp:term":[{"taxonomy":"category","embeddable":true,"href":"https:\/\/radiolifefm.com.br\/noticias\/wp-json\/wp\/v2\/categories?post=56553"},{"taxonomy":"post_tag","embeddable":true,"href":"https:\/\/radiolifefm.com.br\/noticias\/wp-json\/wp\/v2\/tags?post=56553"}],"curies":[{"name":"wp","href":"https:\/\/api.w.org\/{rel}","templated":true}]}}