{"id":56550,"date":"2022-08-02T14:58:31","date_gmt":"2022-08-02T17:58:31","guid":{"rendered":"https:\/\/radiolifefm.com.br\/noticias\/?p=56550"},"modified":"2026-04-15T22:54:50","modified_gmt":"2026-04-16T01:54:50","slug":"com-pouco-mais-de-um-mes-de-vida-bebe-engasgado-e-salvo-por-bombeiro-em-adamantina","status":"publish","type":"post","link":"https:\/\/radiolifefm.com.br\/noticias\/com-pouco-mais-de-um-mes-de-vida-bebe-engasgado-e-salvo-por-bombeiro-em-adamantina\/","title":{"rendered":"Com pouco mais de um m\u00eas de vida, beb\u00ea engasgado \u00e9 salvo por bombeiro em Adamantina"},"content":{"rendered":"<div id=\"fb-root\"><\/div>\n<p>Ap\u00f3s se engasgar, um beb\u00ea com pouco mais de um m\u00eas de vida foi salvo pelo Corpo de Bombeiros de Adamantina.<\/p>\n<p>Por volta das 19h, do dia 24 de julho, os bombeiros faziam a limpeza do quartel, quando um ve\u00edculo parou no local e a m\u00e3e bastante aflita, entregou o filho nas m\u00e3os do Soldado Marqui que aplicou as manobras visando recuperar a crian\u00e7a do engasgamento.<\/p>\n<p>Com a r\u00e1pida atua\u00e7\u00e3o do bombeiro, a crian\u00e7a retomou os sinais vitais e foi conduzida pela Unidade de Resgate dos Bombeiros at\u00e9 o Pronto Socorro da Santa Casa de Adamantina onde recebeu avalia\u00e7\u00e3o m\u00e9dica.<\/p>\n<p>Horas depois, os bombeiros entraram em contato com a unidade hospitalar e obtiveram a informa\u00e7\u00e3o de que a crian\u00e7a passava bem e inclusive, j\u00e1 havia recebido alta.<\/p>\n<p>No ano passado, na mesma data, outra crian\u00e7a foi salva ap\u00f3s passar pela mesma situa\u00e7\u00e3o em Adamantina.<\/p>\n<p><strong>O SOLDADO MARQUI<\/strong><\/p>\n<p>O Soldado Marqui atua no Corpo de Bombeiros de Adamantina. \u00c9 filho do saudoso policial militar da reserva \u201cFerramosca\u201d e mora em Fl\u00f3rida Paulista.<\/p>\n<p>Junto com o irm\u00e3o que tamb\u00e9m pertence \u00e0 corpora\u00e7\u00e3o, o Sargento Ferramosca, j\u00e1 atuou em diversas miss\u00f5es de salvamento e ocorr\u00eancias que garantiram o resgate de v\u00edtimas e a preserva\u00e7\u00e3o da vida.<br \/>\n<strong><br \/>\nENGASGAMENTOS T\u00caM SIDO RECORRENTES<\/strong><\/p>\n<p>Segundo Tenente Poli, este tipo de ocorr\u00eancia vem se mostrado recorrente n\u00e3o apenas em Adamantina, mas em in\u00fameros munic\u00edpios que possuem Corpos de Bombeiros implantados.<\/p>\n<p>\u201cDesta forma, iniciamos um projeto de palestras educativas no munic\u00edpio e regi\u00e3o que intitulamos de Dia de Treinamento, com o intuito de orientar a popula\u00e7\u00e3o a correta aplica\u00e7\u00e3o dos procedimentos nos casos de engasgamento infantil e adulto, bem como t\u00e9cnicas de reanima\u00e7\u00e3o cardiopulmonar\u201d, destacou Poli<\/p>\n<p>&nbsp;<\/p>\n<p>Fonte: Adamantina Net<\/p>\n","protected":false},"excerpt":{"rendered":"<p>Ap\u00f3s se engasgar, um beb\u00ea com pouco mais de um m\u00eas de vida foi salvo pelo Corpo de Bombeiros de Adamantina. Por volta das 19h, do dia 24 de julho, os bombeiros faziam a limpeza do quartel, quando um ve\u00edculo parou no local e a m\u00e3e bastante aflita, entregou o filho nas m\u00e3os do Soldado [&hellip;]<\/p>\n","protected":false},"author":13,"featured_media":56551,"comment_status":"closed","ping_status":"open","sticky":false,"template":"","format":"standard","meta":{"_acf_changed":false,"_exactmetrics_skip_tracking":false,"_exactmetrics_sitenote_active":false,"_exactmetrics_sitenote_note":"","_exactmetrics_sitenote_category":0,"footnotes":""},"categories":[21],"tags":[],"class_list":["post-56550","post","type-post","status-publish","format-standard","has-post-thumbnail","hentry","category-adamantina"],"acf":[],"yoast_head":"<!-- This site is optimized with the Yoast SEO plugin v27.2 - https:\/\/yoast.com\/product\/yoast-seo-wordpress\/ -->\n<title>Com pouco mais de um m\u00eas de vida, beb\u00ea engasgado \u00e9 salvo por bombeiro em Adamantina - R\u00e1dio Life FM<\/title>\n<meta name=\"robots\" content=\"index, follow, max-snippet:-1, max-image-preview:large, max-video-preview:-1\" \/>\n<link rel=\"canonical\" href=\"https:\/\/radiolifefm.com.br\/noticias\/com-pouco-mais-de-um-mes-de-vida-bebe-engasgado-e-salvo-por-bombeiro-em-adamantina\/\" \/>\n<meta property=\"og:locale\" content=\"pt_BR\" \/>\n<meta property=\"og:type\" content=\"article\" \/>\n<meta property=\"og:title\" content=\"Com pouco mais de um m\u00eas de vida, beb\u00ea engasgado \u00e9 salvo por bombeiro em Adamantina - R\u00e1dio Life FM\" \/>\n<meta property=\"og:description\" content=\"Ap\u00f3s se engasgar, um beb\u00ea com pouco mais de um m\u00eas de vida foi salvo pelo Corpo de Bombeiros de Adamantina. Por volta das 19h, do dia 24 de julho, os bombeiros faziam a limpeza do quartel, quando um ve\u00edculo parou no local e a m\u00e3e bastante aflita, entregou o filho nas m\u00e3os do Soldado [&hellip;]\" \/>\n<meta property=\"og:url\" content=\"https:\/\/radiolifefm.com.br\/noticias\/com-pouco-mais-de-um-mes-de-vida-bebe-engasgado-e-salvo-por-bombeiro-em-adamantina\/\" \/>\n<meta property=\"og:site_name\" content=\"R\u00e1dio Life FM\" \/>\n<meta property=\"article:publisher\" content=\"https:\/\/www.facebook.com\/radiolifefm\/\" \/>\n<meta property=\"article:published_time\" content=\"2022-08-02T17:58:31+00:00\" \/>\n<meta property=\"article:modified_time\" content=\"2026-04-16T01:54:50+00:00\" \/>\n<meta property=\"og:image\" content=\"https:\/\/radiolifefm.com.br\/noticias\/wp-content\/uploads\/2022\/08\/cats-4.jpg\" \/>\n\t<meta property=\"og:image:width\" content=\"805\" \/>\n\t<meta property=\"og:image:height\" content=\"477\" \/>\n\t<meta property=\"og:image:type\" content=\"image\/jpeg\" \/>\n<meta name=\"author\" content=\"ritanery\" \/>\n<meta name=\"twitter:card\" content=\"summary_large_image\" \/>\n<meta name=\"twitter:label1\" content=\"Escrito por\" \/>\n\t<meta name=\"twitter:data1\" content=\"ritanery\" \/>\n\t<meta name=\"twitter:label2\" content=\"Est. tempo de leitura\" \/>\n\t<meta name=\"twitter:data2\" content=\"2 minutos\" \/>\n<script type=\"application\/ld+json\" class=\"yoast-schema-graph\">{\"@context\":\"https:\/\/schema.org\",\"@graph\":[{\"@type\":\"Article\",\"@id\":\"https:\/\/radiolifefm.com.br\/noticias\/com-pouco-mais-de-um-mes-de-vida-bebe-engasgado-e-salvo-por-bombeiro-em-adamantina\/#article\",\"isPartOf\":{\"@id\":\"https:\/\/radiolifefm.com.br\/noticias\/com-pouco-mais-de-um-mes-de-vida-bebe-engasgado-e-salvo-por-bombeiro-em-adamantina\/\"},\"author\":{\"name\":\"ritanery\",\"@id\":\"https:\/\/radiolifefm.com.br\/noticias\/#\/schema\/person\/6339b9fac59d12b071dec680d7375d87\"},\"headline\":\"Com pouco mais de um m\u00eas de vida, beb\u00ea engasgado \u00e9 salvo por bombeiro em Adamantina\",\"datePublished\":\"2022-08-02T17:58:31+00:00\",\"dateModified\":\"2026-04-16T01:54:50+00:00\",\"mainEntityOfPage\":{\"@id\":\"https:\/\/radiolifefm.com.br\/noticias\/com-pouco-mais-de-um-mes-de-vida-bebe-engasgado-e-salvo-por-bombeiro-em-adamantina\/\"},\"wordCount\":329,\"publisher\":{\"@id\":\"https:\/\/radiolifefm.com.br\/noticias\/#organization\"},\"image\":{\"@id\":\"https:\/\/radiolifefm.com.br\/noticias\/com-pouco-mais-de-um-mes-de-vida-bebe-engasgado-e-salvo-por-bombeiro-em-adamantina\/#primaryimage\"},\"thumbnailUrl\":\"https:\/\/radiolifefm.com.br\/noticias\/wp-content\/uploads\/2022\/08\/cats-4.jpg\",\"articleSection\":[\"Adamantina\"],\"inLanguage\":\"pt-BR\"},{\"@type\":\"WebPage\",\"@id\":\"https:\/\/radiolifefm.com.br\/noticias\/com-pouco-mais-de-um-mes-de-vida-bebe-engasgado-e-salvo-por-bombeiro-em-adamantina\/\",\"url\":\"https:\/\/radiolifefm.com.br\/noticias\/com-pouco-mais-de-um-mes-de-vida-bebe-engasgado-e-salvo-por-bombeiro-em-adamantina\/\",\"name\":\"Com pouco mais de um m\u00eas de vida, beb\u00ea engasgado \u00e9 salvo por bombeiro em Adamantina - R\u00e1dio Life FM\",\"isPartOf\":{\"@id\":\"https:\/\/radiolifefm.com.br\/noticias\/#website\"},\"primaryImageOfPage\":{\"@id\":\"https:\/\/radiolifefm.com.br\/noticias\/com-pouco-mais-de-um-mes-de-vida-bebe-engasgado-e-salvo-por-bombeiro-em-adamantina\/#primaryimage\"},\"image\":{\"@id\":\"https:\/\/radiolifefm.com.br\/noticias\/com-pouco-mais-de-um-mes-de-vida-bebe-engasgado-e-salvo-por-bombeiro-em-adamantina\/#primaryimage\"},\"thumbnailUrl\":\"https:\/\/radiolifefm.com.br\/noticias\/wp-content\/uploads\/2022\/08\/cats-4.jpg\",\"datePublished\":\"2022-08-02T17:58:31+00:00\",\"dateModified\":\"2026-04-16T01:54:50+00:00\",\"breadcrumb\":{\"@id\":\"https:\/\/radiolifefm.com.br\/noticias\/com-pouco-mais-de-um-mes-de-vida-bebe-engasgado-e-salvo-por-bombeiro-em-adamantina\/#breadcrumb\"},\"inLanguage\":\"pt-BR\",\"potentialAction\":[{\"@type\":\"ReadAction\",\"target\":[\"https:\/\/radiolifefm.com.br\/noticias\/com-pouco-mais-de-um-mes-de-vida-bebe-engasgado-e-salvo-por-bombeiro-em-adamantina\/\"]}]},{\"@type\":\"ImageObject\",\"inLanguage\":\"pt-BR\",\"@id\":\"https:\/\/radiolifefm.com.br\/noticias\/com-pouco-mais-de-um-mes-de-vida-bebe-engasgado-e-salvo-por-bombeiro-em-adamantina\/#primaryimage\",\"url\":\"https:\/\/radiolifefm.com.br\/noticias\/wp-content\/uploads\/2022\/08\/cats-4.jpg\",\"contentUrl\":\"https:\/\/radiolifefm.com.br\/noticias\/wp-content\/uploads\/2022\/08\/cats-4.jpg\",\"width\":805,\"height\":477},{\"@type\":\"BreadcrumbList\",\"@id\":\"https:\/\/radiolifefm.com.br\/noticias\/com-pouco-mais-de-um-mes-de-vida-bebe-engasgado-e-salvo-por-bombeiro-em-adamantina\/#breadcrumb\",\"itemListElement\":[{\"@type\":\"ListItem\",\"position\":1,\"name\":\"In\u00edcio\",\"item\":\"https:\/\/radiolifefm.com.br\/noticias\/\"},{\"@type\":\"ListItem\",\"position\":2,\"name\":\"Com pouco mais de um m\u00eas de vida, beb\u00ea engasgado \u00e9 salvo por bombeiro em Adamantina\"}]},{\"@type\":\"WebSite\",\"@id\":\"https:\/\/radiolifefm.com.br\/noticias\/#website\",\"url\":\"https:\/\/radiolifefm.com.br\/noticias\/\",\"name\":\"R\u00e1dio Life FM\",\"description\":\"O Portal de Not\u00edcias de Adamantina\",\"publisher\":{\"@id\":\"https:\/\/radiolifefm.com.br\/noticias\/#organization\"},\"alternateName\":\"Life FM\",\"potentialAction\":[{\"@type\":\"SearchAction\",\"target\":{\"@type\":\"EntryPoint\",\"urlTemplate\":\"https:\/\/radiolifefm.com.br\/noticias\/?s={search_term_string}\"},\"query-input\":{\"@type\":\"PropertyValueSpecification\",\"valueRequired\":true,\"valueName\":\"search_term_string\"}}],\"inLanguage\":\"pt-BR\"},{\"@type\":\"Organization\",\"@id\":\"https:\/\/radiolifefm.com.br\/noticias\/#organization\",\"name\":\"R\u00e1dio Life FM\",\"alternateName\":\"Life FM\",\"url\":\"https:\/\/radiolifefm.com.br\/noticias\/\",\"logo\":{\"@type\":\"ImageObject\",\"inLanguage\":\"pt-BR\",\"@id\":\"https:\/\/radiolifefm.com.br\/noticias\/#\/schema\/logo\/image\/\",\"url\":\"https:\/\/static.radiolifefm.com.br\/noticias\/wp-content\/uploads\/2019\/10\/logo-lifefm.png\",\"contentUrl\":\"https:\/\/static.radiolifefm.com.br\/noticias\/wp-content\/uploads\/2019\/10\/logo-lifefm.png\",\"width\":196,\"height\":47,\"caption\":\"R\u00e1dio Life FM\"},\"image\":{\"@id\":\"https:\/\/radiolifefm.com.br\/noticias\/#\/schema\/logo\/image\/\"},\"sameAs\":[\"https:\/\/www.facebook.com\/radiolifefm\/\",\"https:\/\/www.instagram.com\/life1079fm\/\"]},{\"@type\":\"Person\",\"@id\":\"https:\/\/radiolifefm.com.br\/noticias\/#\/schema\/person\/6339b9fac59d12b071dec680d7375d87\",\"name\":\"ritanery\",\"image\":{\"@type\":\"ImageObject\",\"inLanguage\":\"pt-BR\",\"@id\":\"https:\/\/secure.gravatar.com\/avatar\/0e37bb19071f47c0b8a23f62a903df117c5a0e75f65a0c2901562f97cd41cf86?s=96&d=mm&r=g\",\"url\":\"https:\/\/secure.gravatar.com\/avatar\/0e37bb19071f47c0b8a23f62a903df117c5a0e75f65a0c2901562f97cd41cf86?s=96&d=mm&r=g\",\"contentUrl\":\"https:\/\/secure.gravatar.com\/avatar\/0e37bb19071f47c0b8a23f62a903df117c5a0e75f65a0c2901562f97cd41cf86?s=96&d=mm&r=g\",\"caption\":\"ritanery\"}}]}<\/script>\n<!-- \/ Yoast SEO plugin. -->","yoast_head_json":{"title":"Com pouco mais de um m\u00eas de vida, beb\u00ea engasgado \u00e9 salvo por bombeiro em Adamantina - R\u00e1dio Life FM","robots":{"index":"index","follow":"follow","max-snippet":"max-snippet:-1","max-image-preview":"max-image-preview:large","max-video-preview":"max-video-preview:-1"},"canonical":"https:\/\/radiolifefm.com.br\/noticias\/com-pouco-mais-de-um-mes-de-vida-bebe-engasgado-e-salvo-por-bombeiro-em-adamantina\/","og_locale":"pt_BR","og_type":"article","og_title":"Com pouco mais de um m\u00eas de vida, beb\u00ea engasgado \u00e9 salvo por bombeiro em Adamantina - R\u00e1dio Life FM","og_description":"Ap\u00f3s se engasgar, um beb\u00ea com pouco mais de um m\u00eas de vida foi salvo pelo Corpo de Bombeiros de Adamantina. Por volta das 19h, do dia 24 de julho, os bombeiros faziam a limpeza do quartel, quando um ve\u00edculo parou no local e a m\u00e3e bastante aflita, entregou o filho nas m\u00e3os do Soldado [&hellip;]","og_url":"https:\/\/radiolifefm.com.br\/noticias\/com-pouco-mais-de-um-mes-de-vida-bebe-engasgado-e-salvo-por-bombeiro-em-adamantina\/","og_site_name":"R\u00e1dio Life FM","article_publisher":"https:\/\/www.facebook.com\/radiolifefm\/","article_published_time":"2022-08-02T17:58:31+00:00","article_modified_time":"2026-04-16T01:54:50+00:00","og_image":[{"width":805,"height":477,"url":"https:\/\/radiolifefm.com.br\/noticias\/wp-content\/uploads\/2022\/08\/cats-4.jpg","type":"image\/jpeg"}],"author":"ritanery","twitter_card":"summary_large_image","twitter_misc":{"Escrito por":"ritanery","Est. tempo de leitura":"2 minutos"},"schema":{"@context":"https:\/\/schema.org","@graph":[{"@type":"Article","@id":"https:\/\/radiolifefm.com.br\/noticias\/com-pouco-mais-de-um-mes-de-vida-bebe-engasgado-e-salvo-por-bombeiro-em-adamantina\/#article","isPartOf":{"@id":"https:\/\/radiolifefm.com.br\/noticias\/com-pouco-mais-de-um-mes-de-vida-bebe-engasgado-e-salvo-por-bombeiro-em-adamantina\/"},"author":{"name":"ritanery","@id":"https:\/\/radiolifefm.com.br\/noticias\/#\/schema\/person\/6339b9fac59d12b071dec680d7375d87"},"headline":"Com pouco mais de um m\u00eas de vida, beb\u00ea engasgado \u00e9 salvo por bombeiro em Adamantina","datePublished":"2022-08-02T17:58:31+00:00","dateModified":"2026-04-16T01:54:50+00:00","mainEntityOfPage":{"@id":"https:\/\/radiolifefm.com.br\/noticias\/com-pouco-mais-de-um-mes-de-vida-bebe-engasgado-e-salvo-por-bombeiro-em-adamantina\/"},"wordCount":329,"publisher":{"@id":"https:\/\/radiolifefm.com.br\/noticias\/#organization"},"image":{"@id":"https:\/\/radiolifefm.com.br\/noticias\/com-pouco-mais-de-um-mes-de-vida-bebe-engasgado-e-salvo-por-bombeiro-em-adamantina\/#primaryimage"},"thumbnailUrl":"https:\/\/radiolifefm.com.br\/noticias\/wp-content\/uploads\/2022\/08\/cats-4.jpg","articleSection":["Adamantina"],"inLanguage":"pt-BR"},{"@type":"WebPage","@id":"https:\/\/radiolifefm.com.br\/noticias\/com-pouco-mais-de-um-mes-de-vida-bebe-engasgado-e-salvo-por-bombeiro-em-adamantina\/","url":"https:\/\/radiolifefm.com.br\/noticias\/com-pouco-mais-de-um-mes-de-vida-bebe-engasgado-e-salvo-por-bombeiro-em-adamantina\/","name":"Com pouco mais de um m\u00eas de vida, beb\u00ea engasgado \u00e9 salvo por bombeiro em Adamantina - R\u00e1dio Life FM","isPartOf":{"@id":"https:\/\/radiolifefm.com.br\/noticias\/#website"},"primaryImageOfPage":{"@id":"https:\/\/radiolifefm.com.br\/noticias\/com-pouco-mais-de-um-mes-de-vida-bebe-engasgado-e-salvo-por-bombeiro-em-adamantina\/#primaryimage"},"image":{"@id":"https:\/\/radiolifefm.com.br\/noticias\/com-pouco-mais-de-um-mes-de-vida-bebe-engasgado-e-salvo-por-bombeiro-em-adamantina\/#primaryimage"},"thumbnailUrl":"https:\/\/radiolifefm.com.br\/noticias\/wp-content\/uploads\/2022\/08\/cats-4.jpg","datePublished":"2022-08-02T17:58:31+00:00","dateModified":"2026-04-16T01:54:50+00:00","breadcrumb":{"@id":"https:\/\/radiolifefm.com.br\/noticias\/com-pouco-mais-de-um-mes-de-vida-bebe-engasgado-e-salvo-por-bombeiro-em-adamantina\/#breadcrumb"},"inLanguage":"pt-BR","potentialAction":[{"@type":"ReadAction","target":["https:\/\/radiolifefm.com.br\/noticias\/com-pouco-mais-de-um-mes-de-vida-bebe-engasgado-e-salvo-por-bombeiro-em-adamantina\/"]}]},{"@type":"ImageObject","inLanguage":"pt-BR","@id":"https:\/\/radiolifefm.com.br\/noticias\/com-pouco-mais-de-um-mes-de-vida-bebe-engasgado-e-salvo-por-bombeiro-em-adamantina\/#primaryimage","url":"https:\/\/radiolifefm.com.br\/noticias\/wp-content\/uploads\/2022\/08\/cats-4.jpg","contentUrl":"https:\/\/radiolifefm.com.br\/noticias\/wp-content\/uploads\/2022\/08\/cats-4.jpg","width":805,"height":477},{"@type":"BreadcrumbList","@id":"https:\/\/radiolifefm.com.br\/noticias\/com-pouco-mais-de-um-mes-de-vida-bebe-engasgado-e-salvo-por-bombeiro-em-adamantina\/#breadcrumb","itemListElement":[{"@type":"ListItem","position":1,"name":"In\u00edcio","item":"https:\/\/radiolifefm.com.br\/noticias\/"},{"@type":"ListItem","position":2,"name":"Com pouco mais de um m\u00eas de vida, beb\u00ea engasgado \u00e9 salvo por bombeiro em Adamantina"}]},{"@type":"WebSite","@id":"https:\/\/radiolifefm.com.br\/noticias\/#website","url":"https:\/\/radiolifefm.com.br\/noticias\/","name":"R\u00e1dio Life FM","description":"O Portal de Not\u00edcias de Adamantina","publisher":{"@id":"https:\/\/radiolifefm.com.br\/noticias\/#organization"},"alternateName":"Life FM","potentialAction":[{"@type":"SearchAction","target":{"@type":"EntryPoint","urlTemplate":"https:\/\/radiolifefm.com.br\/noticias\/?s={search_term_string}"},"query-input":{"@type":"PropertyValueSpecification","valueRequired":true,"valueName":"search_term_string"}}],"inLanguage":"pt-BR"},{"@type":"Organization","@id":"https:\/\/radiolifefm.com.br\/noticias\/#organization","name":"R\u00e1dio Life FM","alternateName":"Life FM","url":"https:\/\/radiolifefm.com.br\/noticias\/","logo":{"@type":"ImageObject","inLanguage":"pt-BR","@id":"https:\/\/radiolifefm.com.br\/noticias\/#\/schema\/logo\/image\/","url":"https:\/\/static.radiolifefm.com.br\/noticias\/wp-content\/uploads\/2019\/10\/logo-lifefm.png","contentUrl":"https:\/\/static.radiolifefm.com.br\/noticias\/wp-content\/uploads\/2019\/10\/logo-lifefm.png","width":196,"height":47,"caption":"R\u00e1dio Life FM"},"image":{"@id":"https:\/\/radiolifefm.com.br\/noticias\/#\/schema\/logo\/image\/"},"sameAs":["https:\/\/www.facebook.com\/radiolifefm\/","https:\/\/www.instagram.com\/life1079fm\/"]},{"@type":"Person","@id":"https:\/\/radiolifefm.com.br\/noticias\/#\/schema\/person\/6339b9fac59d12b071dec680d7375d87","name":"ritanery","image":{"@type":"ImageObject","inLanguage":"pt-BR","@id":"https:\/\/secure.gravatar.com\/avatar\/0e37bb19071f47c0b8a23f62a903df117c5a0e75f65a0c2901562f97cd41cf86?s=96&d=mm&r=g","url":"https:\/\/secure.gravatar.com\/avatar\/0e37bb19071f47c0b8a23f62a903df117c5a0e75f65a0c2901562f97cd41cf86?s=96&d=mm&r=g","contentUrl":"https:\/\/secure.gravatar.com\/avatar\/0e37bb19071f47c0b8a23f62a903df117c5a0e75f65a0c2901562f97cd41cf86?s=96&d=mm&r=g","caption":"ritanery"}}]}},"amp_enabled":true,"_links":{"self":[{"href":"https:\/\/radiolifefm.com.br\/noticias\/wp-json\/wp\/v2\/posts\/56550","targetHints":{"allow":["GET"]}}],"collection":[{"href":"https:\/\/radiolifefm.com.br\/noticias\/wp-json\/wp\/v2\/posts"}],"about":[{"href":"https:\/\/radiolifefm.com.br\/noticias\/wp-json\/wp\/v2\/types\/post"}],"author":[{"embeddable":true,"href":"https:\/\/radiolifefm.com.br\/noticias\/wp-json\/wp\/v2\/users\/13"}],"replies":[{"embeddable":true,"href":"https:\/\/radiolifefm.com.br\/noticias\/wp-json\/wp\/v2\/comments?post=56550"}],"version-history":[{"count":1,"href":"https:\/\/radiolifefm.com.br\/noticias\/wp-json\/wp\/v2\/posts\/56550\/revisions"}],"predecessor-version":[{"id":56552,"href":"https:\/\/radiolifefm.com.br\/noticias\/wp-json\/wp\/v2\/posts\/56550\/revisions\/56552"}],"wp:featuredmedia":[{"embeddable":true,"href":"https:\/\/radiolifefm.com.br\/noticias\/wp-json\/wp\/v2\/media\/56551"}],"wp:attachment":[{"href":"https:\/\/radiolifefm.com.br\/noticias\/wp-json\/wp\/v2\/media?parent=56550"}],"wp:term":[{"taxonomy":"category","embeddable":true,"href":"https:\/\/radiolifefm.com.br\/noticias\/wp-json\/wp\/v2\/categories?post=56550"},{"taxonomy":"post_tag","embeddable":true,"href":"https:\/\/radiolifefm.com.br\/noticias\/wp-json\/wp\/v2\/tags?post=56550"}],"curies":[{"name":"wp","href":"https:\/\/api.w.org\/{rel}","templated":true}]}}