{"id":56546,"date":"2022-08-02T09:43:35","date_gmt":"2022-08-02T12:43:35","guid":{"rendered":"https:\/\/radiolifefm.com.br\/noticias\/?p=56546"},"modified":"2025-10-04T00:52:44","modified_gmt":"2025-10-04T03:52:44","slug":"camara-aprova-em-primeira-discussao-projeto-que-cria-bolsa-municipal-voltada-ao-curso-de-medicina","status":"publish","type":"post","link":"https:\/\/radiolifefm.com.br\/noticias\/camara-aprova-em-primeira-discussao-projeto-que-cria-bolsa-municipal-voltada-ao-curso-de-medicina\/","title":{"rendered":"C\u00e2mara aprova em primeira discuss\u00e3o projeto que cria bolsa municipal voltada ao curso de medicina"},"content":{"rendered":"<div id=\"fb-root\"><\/div>\n<div>\n<p>Em vota\u00e7\u00e3o realizada na noite desta segunda-feira (1) a C\u00e2mara Municipal de Adamantina aprovou por unanimidade, em primeira discuss\u00e3o, o <strong><a href=\"https:\/\/sapl.adamantina.sp.leg.br\/media\/sapl\/public\/materialegislativa\/2022\/13669\/pl_023.pdf\" target=\"_blank\" rel=\"noopener\">Projeto de Lei N\u00ba 23, de 4 de abril de 2022<\/a><\/strong>, que cria o programa \u201cM\u00e9dico Adamantinense\u201d, de bolsa de estudos voltada ao curso de medicina do Centro Universit\u00e1rio de Adamantina (UniFAI).<\/p>\n<p>A proposta legislativa de autoria dos vereadores Alcio Ikeda (Podemos) e Paulo Cervelheira (PV) tramita na C\u00e2mara desde abril deste ano. O tema chegou a ser pautado para vota\u00e7\u00e3o, na sess\u00e3o anterior, por\u00e9m foi retirado para maiores estudos. Na volta ao Plen\u00e1rio, o PL foi aprovado por unanimidade, inclusive apontado como iniciativa piloto que poderia, em outro momento, incluir outros cursos da autarquia de ensino.<\/p>\n<p>Com a aprova\u00e7\u00e3o em primeira discuss\u00e3o, a mat\u00e9ria inda precisar\u00e1 ser apreciada em segunda discuss\u00e3o e reda\u00e7\u00e3o final. Sendo aprovada em definitivo, pelos vereadores, segue ao prefeito M\u00e1rcio Cardim (Uni\u00e3o Brasil), que poder\u00e1 sancionar ou vetar.<\/p>\n<p><strong>Inclus\u00e3o<\/strong><\/p>\n<p>O PL foi constru\u00eddo com seguran\u00e7a jur\u00eddica, incluso no Plano Plurianual e demais pe\u00e7as decorrentes, e j\u00e1 com previs\u00e3o or\u00e7ament\u00e1ria. O programa \u00e9 voltado a moradores de Adamantina selecionados atrav\u00e9s de processo seletivo, levando em considera\u00e7\u00e3o crit\u00e9rios socioecon\u00f4micos e classifica\u00e7\u00e3o em vestibular.<\/p>\n<p>Conforme a mensagem que acompanha o PL e justifica sua propositura, o objetivo principal da iniciativa legislativa \u00e9 promover um acesso da popula\u00e7\u00e3o de Adamantina ao curso de medicina da autarquia municipal de ensino superior. \u201cPara isso uma das possibilidades de contrapartida do benef\u00edcio por parte dos beneficiados, ap\u00f3s formados, \u00e9 a presta\u00e7\u00e3o de servi\u00e7os m\u00e9dicos em unidades de sa\u00fade de Adamantina. Ou seja, trata-se de um projeto que se apresenta como positivo em todos os aspectos, justificando o formato de financiamento estudantil\u201d, ressalta o texto. A mensalidade do curso, neste ano, est\u00e1 fixada em R$ 7.990,00.<\/p>\n<p>Para a constru\u00e7\u00e3o do projeto, segundo sua mensagem, foram ouvidas diversas pessoas em diferentes setores, entre os quais membros t\u00e9cnicos da UniFAI \u2013 com experi\u00eancia na \u00e1rea acad\u00eamica \u2013 e tamb\u00e9m representantes do pr\u00f3prio Jur\u00eddico do Executivo, que participaram e colaboraram na constru\u00e7\u00e3o do atual texto. A popula\u00e7\u00e3o tamb\u00e9m foi ouvida atrav\u00e9s das redes sociais em espa\u00e7o para opini\u00f5es.<\/p>\n<p>Os autores da iniciativa estudaram outras institui\u00e7\u00f5es que possuem programas semelhantes, considerando as leis municipais, editais e demais normativas das institui\u00e7\u00f5es. \u201cAl\u00e9m de estimular sonhos de adamantinenses que n\u00e3o possuem condi\u00e7\u00f5es de pagar pela mensalidade de medicina na UniFAI, o projeto fomenta a educa\u00e7\u00e3o local e a esperan\u00e7a dos jovens, estimulando-os a acreditar e se dedicar nos estudos, pois a aprova\u00e7\u00e3o e classifica\u00e7\u00e3o em vestibular definir\u00e1 os contemplados que se enquadrarem nos crit\u00e9rios de pr\u00e9-sele\u00e7\u00e3o\u201d, escrevem Alcio Ikeda e Paulo Cervelheira.<\/p>\n<p><strong>Amparo legal<\/strong><\/p>\n<p>No que diz respeito \u00e0 observ\u00e2ncia da legisla\u00e7\u00e3o de responsabilidade fiscal, existe previs\u00e3o or\u00e7ament\u00e1ria, municipal, ao referido programa. Os autores destacam que a Lei n\u00ba 4.064, de 16 de julho de 2021 (Plano Plurianual 2022\/2025), Lei n\u00ba 4.065, de 16 de julho de 2021 (Lei de Diretrizes Or\u00e7ament\u00e1rias 2022) e a Lei n\u00ba 4.100, de 23 de dezembro de 2021 (Lei Or\u00e7ament\u00e1ria Anual 2022), estipulam previs\u00e3o no or\u00e7amento municipal para o custeio das a\u00e7\u00f5es previstas.<\/p>\n<p>Com a consolida\u00e7\u00e3o do texto e sua formaliza\u00e7\u00e3o na C\u00e2mara, onde inicia tramita\u00e7\u00e3o legislativa, os autores do PL esperam que haja acolhimento entre os pr\u00f3prios colegas e pela administra\u00e7\u00e3o municipal. \u201cNeste sentido, esperamos pela aprova\u00e7\u00e3o da edilidade e o acolhimento do executivo em um projeto que pode significar um passo positivo para a educa\u00e7\u00e3o e a sa\u00fade de Adamantina. \u00c9 um projeto que s\u00f3 traz impactos positivos, e contribui em m\u00e9dio e longo prazo com Adamantina\u201d, destacam. \u201cConsiderando possibilidade de que o programa contemple alunos para o ano de 2023, solicitamos celeridade na aprecia\u00e7\u00e3o do projeto\u201d, pedem os autores da proposta.<\/p>\n<p>Acesse aqui a \u00edntegra do\u00a0<strong><a href=\"https:\/\/sapl.adamantina.sp.leg.br\/media\/sapl\/public\/materialegislativa\/2022\/13669\/pl_023.pdf\" target=\"_blank\" rel=\"noopener\">Projeto de Lei N\u00ba 23, de 4 de abril de 2022<\/a><\/strong>.<\/p>\n<\/div>\n<p>&nbsp;<\/p>\n<p>Fonte: Siga Mais<\/p>\n","protected":false},"excerpt":{"rendered":"<p>Em vota\u00e7\u00e3o realizada na noite desta segunda-feira (1) a C\u00e2mara Municipal de Adamantina aprovou por unanimidade, em primeira discuss\u00e3o, o Projeto de Lei N\u00ba 23, de 4 de abril de 2022, que cria o programa \u201cM\u00e9dico Adamantinense\u201d, de bolsa de estudos voltada ao curso de medicina do Centro Universit\u00e1rio de Adamantina (UniFAI). A proposta legislativa [&hellip;]<\/p>\n","protected":false},"author":13,"featured_media":56547,"comment_status":"closed","ping_status":"open","sticky":false,"template":"","format":"standard","meta":{"_acf_changed":false,"_exactmetrics_skip_tracking":false,"_exactmetrics_sitenote_active":false,"_exactmetrics_sitenote_note":"","_exactmetrics_sitenote_category":0,"footnotes":""},"categories":[21],"tags":[],"class_list":["post-56546","post","type-post","status-publish","format-standard","has-post-thumbnail","hentry","category-adamantina"],"acf":[],"yoast_head":"<!-- This site is optimized with the Yoast SEO plugin v27.2 - https:\/\/yoast.com\/product\/yoast-seo-wordpress\/ -->\n<title>C\u00e2mara aprova em primeira discuss\u00e3o projeto que cria bolsa municipal voltada ao curso de medicina - R\u00e1dio Life FM<\/title>\n<meta name=\"robots\" content=\"index, follow, max-snippet:-1, max-image-preview:large, max-video-preview:-1\" \/>\n<link rel=\"canonical\" href=\"https:\/\/radiolifefm.com.br\/noticias\/camara-aprova-em-primeira-discussao-projeto-que-cria-bolsa-municipal-voltada-ao-curso-de-medicina\/\" \/>\n<meta property=\"og:locale\" content=\"pt_BR\" \/>\n<meta property=\"og:type\" content=\"article\" \/>\n<meta property=\"og:title\" content=\"C\u00e2mara aprova em primeira discuss\u00e3o projeto que cria bolsa municipal voltada ao curso de medicina - R\u00e1dio Life FM\" \/>\n<meta property=\"og:description\" content=\"Em vota\u00e7\u00e3o realizada na noite desta segunda-feira (1) a C\u00e2mara Municipal de Adamantina aprovou por unanimidade, em primeira discuss\u00e3o, o Projeto de Lei N\u00ba 23, de 4 de abril de 2022, que cria o programa \u201cM\u00e9dico Adamantinense\u201d, de bolsa de estudos voltada ao curso de medicina do Centro Universit\u00e1rio de Adamantina (UniFAI). A proposta legislativa [&hellip;]\" \/>\n<meta property=\"og:url\" content=\"https:\/\/radiolifefm.com.br\/noticias\/camara-aprova-em-primeira-discussao-projeto-que-cria-bolsa-municipal-voltada-ao-curso-de-medicina\/\" \/>\n<meta property=\"og:site_name\" content=\"R\u00e1dio Life FM\" \/>\n<meta property=\"article:publisher\" content=\"https:\/\/www.facebook.com\/radiolifefm\/\" \/>\n<meta property=\"article:published_time\" content=\"2022-08-02T12:43:35+00:00\" \/>\n<meta property=\"article:modified_time\" content=\"2025-10-04T03:52:44+00:00\" \/>\n<meta property=\"og:image\" content=\"https:\/\/static.radiolifefm.com.br\/noticias\/wp-content\/uploads\/2022\/08\/camarapng165944110762e90fd3c6b3a.jpg\" \/>\n\t<meta property=\"og:image:width\" content=\"600\" \/>\n\t<meta property=\"og:image:height\" content=\"337\" \/>\n\t<meta property=\"og:image:type\" content=\"image\/jpeg\" \/>\n<meta name=\"author\" content=\"ritanery\" \/>\n<meta name=\"twitter:card\" content=\"summary_large_image\" \/>\n<meta name=\"twitter:label1\" content=\"Escrito por\" \/>\n\t<meta name=\"twitter:data1\" content=\"ritanery\" \/>\n\t<meta name=\"twitter:label2\" content=\"Est. tempo de leitura\" \/>\n\t<meta name=\"twitter:data2\" content=\"4 minutos\" \/>\n<script type=\"application\/ld+json\" class=\"yoast-schema-graph\">{\"@context\":\"https:\/\/schema.org\",\"@graph\":[{\"@type\":\"Article\",\"@id\":\"https:\/\/radiolifefm.com.br\/noticias\/camara-aprova-em-primeira-discussao-projeto-que-cria-bolsa-municipal-voltada-ao-curso-de-medicina\/#article\",\"isPartOf\":{\"@id\":\"https:\/\/radiolifefm.com.br\/noticias\/camara-aprova-em-primeira-discussao-projeto-que-cria-bolsa-municipal-voltada-ao-curso-de-medicina\/\"},\"author\":{\"name\":\"ritanery\",\"@id\":\"https:\/\/radiolifefm.com.br\/noticias\/#\/schema\/person\/6339b9fac59d12b071dec680d7375d87\"},\"headline\":\"C\u00e2mara aprova em primeira discuss\u00e3o projeto que cria bolsa municipal voltada ao curso de medicina\",\"datePublished\":\"2022-08-02T12:43:35+00:00\",\"dateModified\":\"2025-10-04T03:52:44+00:00\",\"mainEntityOfPage\":{\"@id\":\"https:\/\/radiolifefm.com.br\/noticias\/camara-aprova-em-primeira-discussao-projeto-que-cria-bolsa-municipal-voltada-ao-curso-de-medicina\/\"},\"wordCount\":705,\"publisher\":{\"@id\":\"https:\/\/radiolifefm.com.br\/noticias\/#organization\"},\"image\":{\"@id\":\"https:\/\/radiolifefm.com.br\/noticias\/camara-aprova-em-primeira-discussao-projeto-que-cria-bolsa-municipal-voltada-ao-curso-de-medicina\/#primaryimage\"},\"thumbnailUrl\":\"https:\/\/radiolifefm.com.br\/noticias\/wp-content\/uploads\/2022\/08\/camarapng165944110762e90fd3c6b3a.jpg\",\"articleSection\":[\"Adamantina\"],\"inLanguage\":\"pt-BR\"},{\"@type\":\"WebPage\",\"@id\":\"https:\/\/radiolifefm.com.br\/noticias\/camara-aprova-em-primeira-discussao-projeto-que-cria-bolsa-municipal-voltada-ao-curso-de-medicina\/\",\"url\":\"https:\/\/radiolifefm.com.br\/noticias\/camara-aprova-em-primeira-discussao-projeto-que-cria-bolsa-municipal-voltada-ao-curso-de-medicina\/\",\"name\":\"C\u00e2mara aprova em primeira discuss\u00e3o projeto que cria bolsa municipal voltada ao curso de medicina - R\u00e1dio Life FM\",\"isPartOf\":{\"@id\":\"https:\/\/radiolifefm.com.br\/noticias\/#website\"},\"primaryImageOfPage\":{\"@id\":\"https:\/\/radiolifefm.com.br\/noticias\/camara-aprova-em-primeira-discussao-projeto-que-cria-bolsa-municipal-voltada-ao-curso-de-medicina\/#primaryimage\"},\"image\":{\"@id\":\"https:\/\/radiolifefm.com.br\/noticias\/camara-aprova-em-primeira-discussao-projeto-que-cria-bolsa-municipal-voltada-ao-curso-de-medicina\/#primaryimage\"},\"thumbnailUrl\":\"https:\/\/radiolifefm.com.br\/noticias\/wp-content\/uploads\/2022\/08\/camarapng165944110762e90fd3c6b3a.jpg\",\"datePublished\":\"2022-08-02T12:43:35+00:00\",\"dateModified\":\"2025-10-04T03:52:44+00:00\",\"breadcrumb\":{\"@id\":\"https:\/\/radiolifefm.com.br\/noticias\/camara-aprova-em-primeira-discussao-projeto-que-cria-bolsa-municipal-voltada-ao-curso-de-medicina\/#breadcrumb\"},\"inLanguage\":\"pt-BR\",\"potentialAction\":[{\"@type\":\"ReadAction\",\"target\":[\"https:\/\/radiolifefm.com.br\/noticias\/camara-aprova-em-primeira-discussao-projeto-que-cria-bolsa-municipal-voltada-ao-curso-de-medicina\/\"]}]},{\"@type\":\"ImageObject\",\"inLanguage\":\"pt-BR\",\"@id\":\"https:\/\/radiolifefm.com.br\/noticias\/camara-aprova-em-primeira-discussao-projeto-que-cria-bolsa-municipal-voltada-ao-curso-de-medicina\/#primaryimage\",\"url\":\"https:\/\/radiolifefm.com.br\/noticias\/wp-content\/uploads\/2022\/08\/camarapng165944110762e90fd3c6b3a.jpg\",\"contentUrl\":\"https:\/\/radiolifefm.com.br\/noticias\/wp-content\/uploads\/2022\/08\/camarapng165944110762e90fd3c6b3a.jpg\",\"width\":600,\"height\":337,\"caption\":\"Sess\u00e3o da C\u00e2mara Municipal desta segunda-feira, 1 de agosto\"},{\"@type\":\"BreadcrumbList\",\"@id\":\"https:\/\/radiolifefm.com.br\/noticias\/camara-aprova-em-primeira-discussao-projeto-que-cria-bolsa-municipal-voltada-ao-curso-de-medicina\/#breadcrumb\",\"itemListElement\":[{\"@type\":\"ListItem\",\"position\":1,\"name\":\"In\u00edcio\",\"item\":\"https:\/\/radiolifefm.com.br\/noticias\/\"},{\"@type\":\"ListItem\",\"position\":2,\"name\":\"C\u00e2mara aprova em primeira discuss\u00e3o projeto que cria bolsa municipal voltada ao curso de medicina\"}]},{\"@type\":\"WebSite\",\"@id\":\"https:\/\/radiolifefm.com.br\/noticias\/#website\",\"url\":\"https:\/\/radiolifefm.com.br\/noticias\/\",\"name\":\"R\u00e1dio Life FM\",\"description\":\"O Portal de Not\u00edcias de Adamantina\",\"publisher\":{\"@id\":\"https:\/\/radiolifefm.com.br\/noticias\/#organization\"},\"alternateName\":\"Life FM\",\"potentialAction\":[{\"@type\":\"SearchAction\",\"target\":{\"@type\":\"EntryPoint\",\"urlTemplate\":\"https:\/\/radiolifefm.com.br\/noticias\/?s={search_term_string}\"},\"query-input\":{\"@type\":\"PropertyValueSpecification\",\"valueRequired\":true,\"valueName\":\"search_term_string\"}}],\"inLanguage\":\"pt-BR\"},{\"@type\":\"Organization\",\"@id\":\"https:\/\/radiolifefm.com.br\/noticias\/#organization\",\"name\":\"R\u00e1dio Life FM\",\"alternateName\":\"Life FM\",\"url\":\"https:\/\/radiolifefm.com.br\/noticias\/\",\"logo\":{\"@type\":\"ImageObject\",\"inLanguage\":\"pt-BR\",\"@id\":\"https:\/\/radiolifefm.com.br\/noticias\/#\/schema\/logo\/image\/\",\"url\":\"https:\/\/static.radiolifefm.com.br\/noticias\/wp-content\/uploads\/2019\/10\/logo-lifefm.png\",\"contentUrl\":\"https:\/\/static.radiolifefm.com.br\/noticias\/wp-content\/uploads\/2019\/10\/logo-lifefm.png\",\"width\":196,\"height\":47,\"caption\":\"R\u00e1dio Life FM\"},\"image\":{\"@id\":\"https:\/\/radiolifefm.com.br\/noticias\/#\/schema\/logo\/image\/\"},\"sameAs\":[\"https:\/\/www.facebook.com\/radiolifefm\/\",\"https:\/\/www.instagram.com\/life1079fm\/\"]},{\"@type\":\"Person\",\"@id\":\"https:\/\/radiolifefm.com.br\/noticias\/#\/schema\/person\/6339b9fac59d12b071dec680d7375d87\",\"name\":\"ritanery\",\"image\":{\"@type\":\"ImageObject\",\"inLanguage\":\"pt-BR\",\"@id\":\"https:\/\/secure.gravatar.com\/avatar\/0e37bb19071f47c0b8a23f62a903df117c5a0e75f65a0c2901562f97cd41cf86?s=96&d=mm&r=g\",\"url\":\"https:\/\/secure.gravatar.com\/avatar\/0e37bb19071f47c0b8a23f62a903df117c5a0e75f65a0c2901562f97cd41cf86?s=96&d=mm&r=g\",\"contentUrl\":\"https:\/\/secure.gravatar.com\/avatar\/0e37bb19071f47c0b8a23f62a903df117c5a0e75f65a0c2901562f97cd41cf86?s=96&d=mm&r=g\",\"caption\":\"ritanery\"}}]}<\/script>\n<!-- \/ Yoast SEO plugin. -->","yoast_head_json":{"title":"C\u00e2mara aprova em primeira discuss\u00e3o projeto que cria bolsa municipal voltada ao curso de medicina - R\u00e1dio Life FM","robots":{"index":"index","follow":"follow","max-snippet":"max-snippet:-1","max-image-preview":"max-image-preview:large","max-video-preview":"max-video-preview:-1"},"canonical":"https:\/\/radiolifefm.com.br\/noticias\/camara-aprova-em-primeira-discussao-projeto-que-cria-bolsa-municipal-voltada-ao-curso-de-medicina\/","og_locale":"pt_BR","og_type":"article","og_title":"C\u00e2mara aprova em primeira discuss\u00e3o projeto que cria bolsa municipal voltada ao curso de medicina - R\u00e1dio Life FM","og_description":"Em vota\u00e7\u00e3o realizada na noite desta segunda-feira (1) a C\u00e2mara Municipal de Adamantina aprovou por unanimidade, em primeira discuss\u00e3o, o Projeto de Lei N\u00ba 23, de 4 de abril de 2022, que cria o programa \u201cM\u00e9dico Adamantinense\u201d, de bolsa de estudos voltada ao curso de medicina do Centro Universit\u00e1rio de Adamantina (UniFAI). A proposta legislativa [&hellip;]","og_url":"https:\/\/radiolifefm.com.br\/noticias\/camara-aprova-em-primeira-discussao-projeto-que-cria-bolsa-municipal-voltada-ao-curso-de-medicina\/","og_site_name":"R\u00e1dio Life FM","article_publisher":"https:\/\/www.facebook.com\/radiolifefm\/","article_published_time":"2022-08-02T12:43:35+00:00","article_modified_time":"2025-10-04T03:52:44+00:00","og_image":[{"width":600,"height":337,"url":"https:\/\/static.radiolifefm.com.br\/noticias\/wp-content\/uploads\/2022\/08\/camarapng165944110762e90fd3c6b3a.jpg","type":"image\/jpeg"}],"author":"ritanery","twitter_card":"summary_large_image","twitter_misc":{"Escrito por":"ritanery","Est. tempo de leitura":"4 minutos"},"schema":{"@context":"https:\/\/schema.org","@graph":[{"@type":"Article","@id":"https:\/\/radiolifefm.com.br\/noticias\/camara-aprova-em-primeira-discussao-projeto-que-cria-bolsa-municipal-voltada-ao-curso-de-medicina\/#article","isPartOf":{"@id":"https:\/\/radiolifefm.com.br\/noticias\/camara-aprova-em-primeira-discussao-projeto-que-cria-bolsa-municipal-voltada-ao-curso-de-medicina\/"},"author":{"name":"ritanery","@id":"https:\/\/radiolifefm.com.br\/noticias\/#\/schema\/person\/6339b9fac59d12b071dec680d7375d87"},"headline":"C\u00e2mara aprova em primeira discuss\u00e3o projeto que cria bolsa municipal voltada ao curso de medicina","datePublished":"2022-08-02T12:43:35+00:00","dateModified":"2025-10-04T03:52:44+00:00","mainEntityOfPage":{"@id":"https:\/\/radiolifefm.com.br\/noticias\/camara-aprova-em-primeira-discussao-projeto-que-cria-bolsa-municipal-voltada-ao-curso-de-medicina\/"},"wordCount":705,"publisher":{"@id":"https:\/\/radiolifefm.com.br\/noticias\/#organization"},"image":{"@id":"https:\/\/radiolifefm.com.br\/noticias\/camara-aprova-em-primeira-discussao-projeto-que-cria-bolsa-municipal-voltada-ao-curso-de-medicina\/#primaryimage"},"thumbnailUrl":"https:\/\/radiolifefm.com.br\/noticias\/wp-content\/uploads\/2022\/08\/camarapng165944110762e90fd3c6b3a.jpg","articleSection":["Adamantina"],"inLanguage":"pt-BR"},{"@type":"WebPage","@id":"https:\/\/radiolifefm.com.br\/noticias\/camara-aprova-em-primeira-discussao-projeto-que-cria-bolsa-municipal-voltada-ao-curso-de-medicina\/","url":"https:\/\/radiolifefm.com.br\/noticias\/camara-aprova-em-primeira-discussao-projeto-que-cria-bolsa-municipal-voltada-ao-curso-de-medicina\/","name":"C\u00e2mara aprova em primeira discuss\u00e3o projeto que cria bolsa municipal voltada ao curso de medicina - R\u00e1dio Life FM","isPartOf":{"@id":"https:\/\/radiolifefm.com.br\/noticias\/#website"},"primaryImageOfPage":{"@id":"https:\/\/radiolifefm.com.br\/noticias\/camara-aprova-em-primeira-discussao-projeto-que-cria-bolsa-municipal-voltada-ao-curso-de-medicina\/#primaryimage"},"image":{"@id":"https:\/\/radiolifefm.com.br\/noticias\/camara-aprova-em-primeira-discussao-projeto-que-cria-bolsa-municipal-voltada-ao-curso-de-medicina\/#primaryimage"},"thumbnailUrl":"https:\/\/radiolifefm.com.br\/noticias\/wp-content\/uploads\/2022\/08\/camarapng165944110762e90fd3c6b3a.jpg","datePublished":"2022-08-02T12:43:35+00:00","dateModified":"2025-10-04T03:52:44+00:00","breadcrumb":{"@id":"https:\/\/radiolifefm.com.br\/noticias\/camara-aprova-em-primeira-discussao-projeto-que-cria-bolsa-municipal-voltada-ao-curso-de-medicina\/#breadcrumb"},"inLanguage":"pt-BR","potentialAction":[{"@type":"ReadAction","target":["https:\/\/radiolifefm.com.br\/noticias\/camara-aprova-em-primeira-discussao-projeto-que-cria-bolsa-municipal-voltada-ao-curso-de-medicina\/"]}]},{"@type":"ImageObject","inLanguage":"pt-BR","@id":"https:\/\/radiolifefm.com.br\/noticias\/camara-aprova-em-primeira-discussao-projeto-que-cria-bolsa-municipal-voltada-ao-curso-de-medicina\/#primaryimage","url":"https:\/\/radiolifefm.com.br\/noticias\/wp-content\/uploads\/2022\/08\/camarapng165944110762e90fd3c6b3a.jpg","contentUrl":"https:\/\/radiolifefm.com.br\/noticias\/wp-content\/uploads\/2022\/08\/camarapng165944110762e90fd3c6b3a.jpg","width":600,"height":337,"caption":"Sess\u00e3o da C\u00e2mara Municipal desta segunda-feira, 1 de agosto"},{"@type":"BreadcrumbList","@id":"https:\/\/radiolifefm.com.br\/noticias\/camara-aprova-em-primeira-discussao-projeto-que-cria-bolsa-municipal-voltada-ao-curso-de-medicina\/#breadcrumb","itemListElement":[{"@type":"ListItem","position":1,"name":"In\u00edcio","item":"https:\/\/radiolifefm.com.br\/noticias\/"},{"@type":"ListItem","position":2,"name":"C\u00e2mara aprova em primeira discuss\u00e3o projeto que cria bolsa municipal voltada ao curso de medicina"}]},{"@type":"WebSite","@id":"https:\/\/radiolifefm.com.br\/noticias\/#website","url":"https:\/\/radiolifefm.com.br\/noticias\/","name":"R\u00e1dio Life FM","description":"O Portal de Not\u00edcias de Adamantina","publisher":{"@id":"https:\/\/radiolifefm.com.br\/noticias\/#organization"},"alternateName":"Life FM","potentialAction":[{"@type":"SearchAction","target":{"@type":"EntryPoint","urlTemplate":"https:\/\/radiolifefm.com.br\/noticias\/?s={search_term_string}"},"query-input":{"@type":"PropertyValueSpecification","valueRequired":true,"valueName":"search_term_string"}}],"inLanguage":"pt-BR"},{"@type":"Organization","@id":"https:\/\/radiolifefm.com.br\/noticias\/#organization","name":"R\u00e1dio Life FM","alternateName":"Life FM","url":"https:\/\/radiolifefm.com.br\/noticias\/","logo":{"@type":"ImageObject","inLanguage":"pt-BR","@id":"https:\/\/radiolifefm.com.br\/noticias\/#\/schema\/logo\/image\/","url":"https:\/\/static.radiolifefm.com.br\/noticias\/wp-content\/uploads\/2019\/10\/logo-lifefm.png","contentUrl":"https:\/\/static.radiolifefm.com.br\/noticias\/wp-content\/uploads\/2019\/10\/logo-lifefm.png","width":196,"height":47,"caption":"R\u00e1dio Life FM"},"image":{"@id":"https:\/\/radiolifefm.com.br\/noticias\/#\/schema\/logo\/image\/"},"sameAs":["https:\/\/www.facebook.com\/radiolifefm\/","https:\/\/www.instagram.com\/life1079fm\/"]},{"@type":"Person","@id":"https:\/\/radiolifefm.com.br\/noticias\/#\/schema\/person\/6339b9fac59d12b071dec680d7375d87","name":"ritanery","image":{"@type":"ImageObject","inLanguage":"pt-BR","@id":"https:\/\/secure.gravatar.com\/avatar\/0e37bb19071f47c0b8a23f62a903df117c5a0e75f65a0c2901562f97cd41cf86?s=96&d=mm&r=g","url":"https:\/\/secure.gravatar.com\/avatar\/0e37bb19071f47c0b8a23f62a903df117c5a0e75f65a0c2901562f97cd41cf86?s=96&d=mm&r=g","contentUrl":"https:\/\/secure.gravatar.com\/avatar\/0e37bb19071f47c0b8a23f62a903df117c5a0e75f65a0c2901562f97cd41cf86?s=96&d=mm&r=g","caption":"ritanery"}}]}},"amp_enabled":true,"_links":{"self":[{"href":"https:\/\/radiolifefm.com.br\/noticias\/wp-json\/wp\/v2\/posts\/56546","targetHints":{"allow":["GET"]}}],"collection":[{"href":"https:\/\/radiolifefm.com.br\/noticias\/wp-json\/wp\/v2\/posts"}],"about":[{"href":"https:\/\/radiolifefm.com.br\/noticias\/wp-json\/wp\/v2\/types\/post"}],"author":[{"embeddable":true,"href":"https:\/\/radiolifefm.com.br\/noticias\/wp-json\/wp\/v2\/users\/13"}],"replies":[{"embeddable":true,"href":"https:\/\/radiolifefm.com.br\/noticias\/wp-json\/wp\/v2\/comments?post=56546"}],"version-history":[{"count":2,"href":"https:\/\/radiolifefm.com.br\/noticias\/wp-json\/wp\/v2\/posts\/56546\/revisions"}],"predecessor-version":[{"id":56549,"href":"https:\/\/radiolifefm.com.br\/noticias\/wp-json\/wp\/v2\/posts\/56546\/revisions\/56549"}],"wp:featuredmedia":[{"embeddable":true,"href":"https:\/\/radiolifefm.com.br\/noticias\/wp-json\/wp\/v2\/media\/56547"}],"wp:attachment":[{"href":"https:\/\/radiolifefm.com.br\/noticias\/wp-json\/wp\/v2\/media?parent=56546"}],"wp:term":[{"taxonomy":"category","embeddable":true,"href":"https:\/\/radiolifefm.com.br\/noticias\/wp-json\/wp\/v2\/categories?post=56546"},{"taxonomy":"post_tag","embeddable":true,"href":"https:\/\/radiolifefm.com.br\/noticias\/wp-json\/wp\/v2\/tags?post=56546"}],"curies":[{"name":"wp","href":"https:\/\/api.w.org\/{rel}","templated":true}]}}