{"id":56531,"date":"2022-08-01T15:56:09","date_gmt":"2022-08-01T18:56:09","guid":{"rendered":"https:\/\/radiolifefm.com.br\/noticias\/?p=56531"},"modified":"2026-03-21T08:03:38","modified_gmt":"2026-03-21T11:03:38","slug":"energisa-investe-em-melhorias-na-iluminacao-publica-de-adamantina-alvares-machado-e-presidente-epitacio","status":"publish","type":"post","link":"https:\/\/radiolifefm.com.br\/noticias\/energisa-investe-em-melhorias-na-iluminacao-publica-de-adamantina-alvares-machado-e-presidente-epitacio\/","title":{"rendered":"Energisa investe em melhorias na ilumina\u00e7\u00e3o p\u00fablica de Adamantina"},"content":{"rendered":"<div id=\"fb-root\"><\/div>\n<p>Mais tr\u00eas munic\u00edpios da regi\u00e3o, que fazem parte da concess\u00e3o da Energisa Sul-Sudeste, est\u00e3o sendo beneficiados com melhorias na ilumina\u00e7\u00e3o p\u00fablica. Por meio do Projeto de Efici\u00eancia Energ\u00e9tica (PEE), aprovado e regulamentado pela Ag\u00eancia Nacional de Energia El\u00e9trica (Aneel), a Energisa est\u00e1 investindo mais de R$ 940 mil na substitui\u00e7\u00e3o de l\u00e2mpadas convencionais por lumin\u00e1rias de tecnologia led em pontos espec\u00edficos de Adamantina, \u00c1lvares Machado e Presidente Epit\u00e1cio.<u><\/u>\u00a0<u><\/u><\/p>\n<p><u><\/u>\u00a0<u><\/u><\/p>\n<p>Esses projetos de moderniza\u00e7\u00e3o do sistema de ilumina\u00e7\u00e3o p\u00fablica foram selecionados por meio da chamada p\u00fablica e, al\u00e9m de beneficiar a comunidade, viabilizando ruas mais iluminadas que favorecem a seguran\u00e7a e bem-estar, tamb\u00e9m resultar\u00e3o em economia de recursos para as prefeituras.\u00a0Os servi\u00e7os devem ser conclu\u00eddos at\u00e9 o final de agosto e s\u00e3o executados por empresas especializadas em trabalhos de eficientiza\u00e7\u00e3o energ\u00e9tica.<u><\/u>\u00a0<u><\/u><\/p>\n<p><u><\/u>\u00a0<u><\/u><\/p>\n<p>O coordenador de Efici\u00eancia Energ\u00e9tica da Energisa, Thiago Peres de Oliveira, explica que a economia que tais projetos trazem aos cofres p\u00fablicos se justifica principalmente pelo fato de que\u00a0as novas lumin\u00e1rias de tecnologia\u00a0LED\u00a0possuem um ciclo de vida bem maior em rela\u00e7\u00e3o aos sistemas convencionais que utilizam\u00a0l\u00e2mpadas a vapor de s\u00f3dio. \u201cIsso evita a necessidade de substituir as l\u00e2mpadas constantemente, o que \u00e9 um ganho financeiro muito importante para as prefeituras que conseguem administrar melhor os recursos de ilumina\u00e7\u00e3o p\u00fablica\u201d.\u00a0<u><\/u>\u00a0<u><\/u><\/p>\n<p><u><\/u>\u00a0<u><\/u><\/p>\n<p><b>Pontos de melhorias\u00a0<\/b><u><\/u>\u00a0<u><\/u><\/p>\n<p>Em \u00c1lvares Machado, a Energisa s\u00e3o cerca de R$ 140 mil aplicados na substitui\u00e7\u00e3o de 102 l\u00e2mpadas, sendo contemplados trechos das ruas Fernando Costa, Bar\u00e3o do Rio Branco, Presidente Rosevelt, Padre Vicente Fontanete, Avenida das Am\u00e9ricas, al\u00e9m das pra\u00e7as da Bandeira e C. J. Vereador Ant\u00f4nio Prado.<u><\/u>\u00a0<u><\/u><\/p>\n<p><u><\/u>\u00a0<u><\/u><\/p>\n<p>Com o investimento, espera-se uma economia anual de 112,93 MWh, quantidade suficiente para abastecer at\u00e9 47 resid\u00eancias com consumo de 200kWh\/m\u00eas quilowatts-hora\/m\u00eas).\u00a0\u00a0\u00a0<u><\/u>\u00a0<u><\/u><\/p>\n<p><u><\/u>\u00a0<u><\/u><\/p>\n<p>No munic\u00edpio de Presidente Epit\u00e1cio, a Energisa Sul-Sudeste vai investir aproximadamente\u00a0R$ 400 mil na troca de 278 lumin\u00e1rias em pontos das avenidas Juliano F. de Lima, Presidente Vargas e Tibiri\u00e7\u00e1. A estimativa \u00e9 trazer uma economia anual de 293,81 MWh para o munic\u00edpio.<u><\/u>\u00a0<u><\/u><\/p>\n<p><u><\/u>\u00a0<u><\/u><\/p>\n<p>Outros R$ 400 mil ser\u00e3o destinados para o projeto de melhorias na ilumina\u00e7\u00e3o p\u00fablica de Adamantina, contemplando a troca de 297 l\u00e2mpadas em pontos espec\u00edficos de 18 ruas e da Pra\u00e7a Euclides Romanini. Tais melhorias resultar\u00e3o em uma economia anual de 282,65 MWh, o que daria para abastecer 117 resid\u00eancias por um m\u00eas.\u00a0<u><\/u><\/p>\n<p>&nbsp;<\/p>\n<p>Fonte: Edneia Cristina da Silva Zart \/ COMUNICA\u00c7\u00c3O E MARKETING BP<\/p>\n<p>&nbsp;<\/p>\n","protected":false},"excerpt":{"rendered":"<p>Mais tr\u00eas munic\u00edpios da regi\u00e3o, que fazem parte da concess\u00e3o da Energisa Sul-Sudeste, est\u00e3o sendo beneficiados com melhorias na ilumina\u00e7\u00e3o p\u00fablica. Por meio do Projeto de Efici\u00eancia Energ\u00e9tica (PEE), aprovado e regulamentado pela Ag\u00eancia Nacional de Energia El\u00e9trica (Aneel), a Energisa est\u00e1 investindo mais de R$ 940 mil na substitui\u00e7\u00e3o de l\u00e2mpadas convencionais por lumin\u00e1rias [&hellip;]<\/p>\n","protected":false},"author":13,"featured_media":56532,"comment_status":"closed","ping_status":"open","sticky":false,"template":"","format":"standard","meta":{"_acf_changed":false,"_exactmetrics_skip_tracking":false,"_exactmetrics_sitenote_active":false,"_exactmetrics_sitenote_note":"","_exactmetrics_sitenote_category":0,"footnotes":""},"categories":[21],"tags":[],"class_list":["post-56531","post","type-post","status-publish","format-standard","has-post-thumbnail","hentry","category-adamantina"],"acf":[],"yoast_head":"<!-- This site is optimized with the Yoast SEO plugin v27.2 - https:\/\/yoast.com\/product\/yoast-seo-wordpress\/ -->\n<title>Energisa investe em melhorias na ilumina\u00e7\u00e3o p\u00fablica de Adamantina - R\u00e1dio Life FM<\/title>\n<meta name=\"robots\" content=\"index, follow, max-snippet:-1, max-image-preview:large, max-video-preview:-1\" \/>\n<link rel=\"canonical\" href=\"https:\/\/radiolifefm.com.br\/noticias\/energisa-investe-em-melhorias-na-iluminacao-publica-de-adamantina-alvares-machado-e-presidente-epitacio\/\" \/>\n<meta property=\"og:locale\" content=\"pt_BR\" \/>\n<meta property=\"og:type\" content=\"article\" \/>\n<meta property=\"og:title\" content=\"Energisa investe em melhorias na ilumina\u00e7\u00e3o p\u00fablica de Adamantina - R\u00e1dio Life FM\" \/>\n<meta property=\"og:description\" content=\"Mais tr\u00eas munic\u00edpios da regi\u00e3o, que fazem parte da concess\u00e3o da Energisa Sul-Sudeste, est\u00e3o sendo beneficiados com melhorias na ilumina\u00e7\u00e3o p\u00fablica. Por meio do Projeto de Efici\u00eancia Energ\u00e9tica (PEE), aprovado e regulamentado pela Ag\u00eancia Nacional de Energia El\u00e9trica (Aneel), a Energisa est\u00e1 investindo mais de R$ 940 mil na substitui\u00e7\u00e3o de l\u00e2mpadas convencionais por lumin\u00e1rias [&hellip;]\" \/>\n<meta property=\"og:url\" content=\"https:\/\/radiolifefm.com.br\/noticias\/energisa-investe-em-melhorias-na-iluminacao-publica-de-adamantina-alvares-machado-e-presidente-epitacio\/\" \/>\n<meta property=\"og:site_name\" content=\"R\u00e1dio Life FM\" \/>\n<meta property=\"article:publisher\" content=\"https:\/\/www.facebook.com\/radiolifefm\/\" \/>\n<meta property=\"article:published_time\" content=\"2022-08-01T18:56:09+00:00\" \/>\n<meta property=\"article:modified_time\" content=\"2026-03-21T11:03:38+00:00\" \/>\n<meta property=\"og:image\" content=\"https:\/\/radiolifefm.com.br\/noticias\/wp-content\/uploads\/2022\/08\/Projeto-PEE-Iluminacao-Publica.jpeg\" \/>\n\t<meta property=\"og:image:width\" content=\"1600\" \/>\n\t<meta property=\"og:image:height\" content=\"720\" \/>\n\t<meta property=\"og:image:type\" content=\"image\/jpeg\" \/>\n<meta name=\"author\" content=\"ritanery\" \/>\n<meta name=\"twitter:card\" content=\"summary_large_image\" \/>\n<meta name=\"twitter:label1\" content=\"Escrito por\" \/>\n\t<meta name=\"twitter:data1\" content=\"ritanery\" \/>\n\t<meta name=\"twitter:label2\" content=\"Est. tempo de leitura\" \/>\n\t<meta name=\"twitter:data2\" content=\"2 minutos\" \/>\n<script type=\"application\/ld+json\" class=\"yoast-schema-graph\">{\"@context\":\"https:\/\/schema.org\",\"@graph\":[{\"@type\":\"Article\",\"@id\":\"https:\/\/radiolifefm.com.br\/noticias\/energisa-investe-em-melhorias-na-iluminacao-publica-de-adamantina-alvares-machado-e-presidente-epitacio\/#article\",\"isPartOf\":{\"@id\":\"https:\/\/radiolifefm.com.br\/noticias\/energisa-investe-em-melhorias-na-iluminacao-publica-de-adamantina-alvares-machado-e-presidente-epitacio\/\"},\"author\":{\"name\":\"ritanery\",\"@id\":\"https:\/\/radiolifefm.com.br\/noticias\/#\/schema\/person\/6339b9fac59d12b071dec680d7375d87\"},\"headline\":\"Energisa investe em melhorias na ilumina\u00e7\u00e3o p\u00fablica de Adamantina\",\"datePublished\":\"2022-08-01T18:56:09+00:00\",\"dateModified\":\"2026-03-21T11:03:38+00:00\",\"mainEntityOfPage\":{\"@id\":\"https:\/\/radiolifefm.com.br\/noticias\/energisa-investe-em-melhorias-na-iluminacao-publica-de-adamantina-alvares-machado-e-presidente-epitacio\/\"},\"wordCount\":456,\"publisher\":{\"@id\":\"https:\/\/radiolifefm.com.br\/noticias\/#organization\"},\"image\":{\"@id\":\"https:\/\/radiolifefm.com.br\/noticias\/energisa-investe-em-melhorias-na-iluminacao-publica-de-adamantina-alvares-machado-e-presidente-epitacio\/#primaryimage\"},\"thumbnailUrl\":\"https:\/\/radiolifefm.com.br\/noticias\/wp-content\/uploads\/2022\/08\/Projeto-PEE-Iluminacao-Publica.jpeg\",\"articleSection\":[\"Adamantina\"],\"inLanguage\":\"pt-BR\"},{\"@type\":\"WebPage\",\"@id\":\"https:\/\/radiolifefm.com.br\/noticias\/energisa-investe-em-melhorias-na-iluminacao-publica-de-adamantina-alvares-machado-e-presidente-epitacio\/\",\"url\":\"https:\/\/radiolifefm.com.br\/noticias\/energisa-investe-em-melhorias-na-iluminacao-publica-de-adamantina-alvares-machado-e-presidente-epitacio\/\",\"name\":\"Energisa investe em melhorias na ilumina\u00e7\u00e3o p\u00fablica de Adamantina - R\u00e1dio Life FM\",\"isPartOf\":{\"@id\":\"https:\/\/radiolifefm.com.br\/noticias\/#website\"},\"primaryImageOfPage\":{\"@id\":\"https:\/\/radiolifefm.com.br\/noticias\/energisa-investe-em-melhorias-na-iluminacao-publica-de-adamantina-alvares-machado-e-presidente-epitacio\/#primaryimage\"},\"image\":{\"@id\":\"https:\/\/radiolifefm.com.br\/noticias\/energisa-investe-em-melhorias-na-iluminacao-publica-de-adamantina-alvares-machado-e-presidente-epitacio\/#primaryimage\"},\"thumbnailUrl\":\"https:\/\/radiolifefm.com.br\/noticias\/wp-content\/uploads\/2022\/08\/Projeto-PEE-Iluminacao-Publica.jpeg\",\"datePublished\":\"2022-08-01T18:56:09+00:00\",\"dateModified\":\"2026-03-21T11:03:38+00:00\",\"breadcrumb\":{\"@id\":\"https:\/\/radiolifefm.com.br\/noticias\/energisa-investe-em-melhorias-na-iluminacao-publica-de-adamantina-alvares-machado-e-presidente-epitacio\/#breadcrumb\"},\"inLanguage\":\"pt-BR\",\"potentialAction\":[{\"@type\":\"ReadAction\",\"target\":[\"https:\/\/radiolifefm.com.br\/noticias\/energisa-investe-em-melhorias-na-iluminacao-publica-de-adamantina-alvares-machado-e-presidente-epitacio\/\"]}]},{\"@type\":\"ImageObject\",\"inLanguage\":\"pt-BR\",\"@id\":\"https:\/\/radiolifefm.com.br\/noticias\/energisa-investe-em-melhorias-na-iluminacao-publica-de-adamantina-alvares-machado-e-presidente-epitacio\/#primaryimage\",\"url\":\"https:\/\/radiolifefm.com.br\/noticias\/wp-content\/uploads\/2022\/08\/Projeto-PEE-Iluminacao-Publica.jpeg\",\"contentUrl\":\"https:\/\/radiolifefm.com.br\/noticias\/wp-content\/uploads\/2022\/08\/Projeto-PEE-Iluminacao-Publica.jpeg\",\"width\":1600,\"height\":720,\"caption\":\"Com projetos selecionados por meio da chamada p\u00fablica, empresa destina mais de R$ 940 mil para a troca de l\u00e2mpadas convencionais por lumin\u00e1rias de led em pontos espec\u00edficos das cidades\"},{\"@type\":\"BreadcrumbList\",\"@id\":\"https:\/\/radiolifefm.com.br\/noticias\/energisa-investe-em-melhorias-na-iluminacao-publica-de-adamantina-alvares-machado-e-presidente-epitacio\/#breadcrumb\",\"itemListElement\":[{\"@type\":\"ListItem\",\"position\":1,\"name\":\"In\u00edcio\",\"item\":\"https:\/\/radiolifefm.com.br\/noticias\/\"},{\"@type\":\"ListItem\",\"position\":2,\"name\":\"Energisa investe em melhorias na ilumina\u00e7\u00e3o p\u00fablica de Adamantina\"}]},{\"@type\":\"WebSite\",\"@id\":\"https:\/\/radiolifefm.com.br\/noticias\/#website\",\"url\":\"https:\/\/radiolifefm.com.br\/noticias\/\",\"name\":\"R\u00e1dio Life FM\",\"description\":\"O Portal de Not\u00edcias de Adamantina\",\"publisher\":{\"@id\":\"https:\/\/radiolifefm.com.br\/noticias\/#organization\"},\"alternateName\":\"Life FM\",\"potentialAction\":[{\"@type\":\"SearchAction\",\"target\":{\"@type\":\"EntryPoint\",\"urlTemplate\":\"https:\/\/radiolifefm.com.br\/noticias\/?s={search_term_string}\"},\"query-input\":{\"@type\":\"PropertyValueSpecification\",\"valueRequired\":true,\"valueName\":\"search_term_string\"}}],\"inLanguage\":\"pt-BR\"},{\"@type\":\"Organization\",\"@id\":\"https:\/\/radiolifefm.com.br\/noticias\/#organization\",\"name\":\"R\u00e1dio Life FM\",\"alternateName\":\"Life FM\",\"url\":\"https:\/\/radiolifefm.com.br\/noticias\/\",\"logo\":{\"@type\":\"ImageObject\",\"inLanguage\":\"pt-BR\",\"@id\":\"https:\/\/radiolifefm.com.br\/noticias\/#\/schema\/logo\/image\/\",\"url\":\"https:\/\/static.radiolifefm.com.br\/noticias\/wp-content\/uploads\/2019\/10\/logo-lifefm.png\",\"contentUrl\":\"https:\/\/static.radiolifefm.com.br\/noticias\/wp-content\/uploads\/2019\/10\/logo-lifefm.png\",\"width\":196,\"height\":47,\"caption\":\"R\u00e1dio Life FM\"},\"image\":{\"@id\":\"https:\/\/radiolifefm.com.br\/noticias\/#\/schema\/logo\/image\/\"},\"sameAs\":[\"https:\/\/www.facebook.com\/radiolifefm\/\",\"https:\/\/www.instagram.com\/life1079fm\/\"]},{\"@type\":\"Person\",\"@id\":\"https:\/\/radiolifefm.com.br\/noticias\/#\/schema\/person\/6339b9fac59d12b071dec680d7375d87\",\"name\":\"ritanery\",\"image\":{\"@type\":\"ImageObject\",\"inLanguage\":\"pt-BR\",\"@id\":\"https:\/\/secure.gravatar.com\/avatar\/0e37bb19071f47c0b8a23f62a903df117c5a0e75f65a0c2901562f97cd41cf86?s=96&d=mm&r=g\",\"url\":\"https:\/\/secure.gravatar.com\/avatar\/0e37bb19071f47c0b8a23f62a903df117c5a0e75f65a0c2901562f97cd41cf86?s=96&d=mm&r=g\",\"contentUrl\":\"https:\/\/secure.gravatar.com\/avatar\/0e37bb19071f47c0b8a23f62a903df117c5a0e75f65a0c2901562f97cd41cf86?s=96&d=mm&r=g\",\"caption\":\"ritanery\"}}]}<\/script>\n<!-- \/ Yoast SEO plugin. -->","yoast_head_json":{"title":"Energisa investe em melhorias na ilumina\u00e7\u00e3o p\u00fablica de Adamantina - R\u00e1dio Life FM","robots":{"index":"index","follow":"follow","max-snippet":"max-snippet:-1","max-image-preview":"max-image-preview:large","max-video-preview":"max-video-preview:-1"},"canonical":"https:\/\/radiolifefm.com.br\/noticias\/energisa-investe-em-melhorias-na-iluminacao-publica-de-adamantina-alvares-machado-e-presidente-epitacio\/","og_locale":"pt_BR","og_type":"article","og_title":"Energisa investe em melhorias na ilumina\u00e7\u00e3o p\u00fablica de Adamantina - R\u00e1dio Life FM","og_description":"Mais tr\u00eas munic\u00edpios da regi\u00e3o, que fazem parte da concess\u00e3o da Energisa Sul-Sudeste, est\u00e3o sendo beneficiados com melhorias na ilumina\u00e7\u00e3o p\u00fablica. Por meio do Projeto de Efici\u00eancia Energ\u00e9tica (PEE), aprovado e regulamentado pela Ag\u00eancia Nacional de Energia El\u00e9trica (Aneel), a Energisa est\u00e1 investindo mais de R$ 940 mil na substitui\u00e7\u00e3o de l\u00e2mpadas convencionais por lumin\u00e1rias [&hellip;]","og_url":"https:\/\/radiolifefm.com.br\/noticias\/energisa-investe-em-melhorias-na-iluminacao-publica-de-adamantina-alvares-machado-e-presidente-epitacio\/","og_site_name":"R\u00e1dio Life FM","article_publisher":"https:\/\/www.facebook.com\/radiolifefm\/","article_published_time":"2022-08-01T18:56:09+00:00","article_modified_time":"2026-03-21T11:03:38+00:00","og_image":[{"width":1600,"height":720,"url":"https:\/\/radiolifefm.com.br\/noticias\/wp-content\/uploads\/2022\/08\/Projeto-PEE-Iluminacao-Publica.jpeg","type":"image\/jpeg"}],"author":"ritanery","twitter_card":"summary_large_image","twitter_misc":{"Escrito por":"ritanery","Est. tempo de leitura":"2 minutos"},"schema":{"@context":"https:\/\/schema.org","@graph":[{"@type":"Article","@id":"https:\/\/radiolifefm.com.br\/noticias\/energisa-investe-em-melhorias-na-iluminacao-publica-de-adamantina-alvares-machado-e-presidente-epitacio\/#article","isPartOf":{"@id":"https:\/\/radiolifefm.com.br\/noticias\/energisa-investe-em-melhorias-na-iluminacao-publica-de-adamantina-alvares-machado-e-presidente-epitacio\/"},"author":{"name":"ritanery","@id":"https:\/\/radiolifefm.com.br\/noticias\/#\/schema\/person\/6339b9fac59d12b071dec680d7375d87"},"headline":"Energisa investe em melhorias na ilumina\u00e7\u00e3o p\u00fablica de Adamantina","datePublished":"2022-08-01T18:56:09+00:00","dateModified":"2026-03-21T11:03:38+00:00","mainEntityOfPage":{"@id":"https:\/\/radiolifefm.com.br\/noticias\/energisa-investe-em-melhorias-na-iluminacao-publica-de-adamantina-alvares-machado-e-presidente-epitacio\/"},"wordCount":456,"publisher":{"@id":"https:\/\/radiolifefm.com.br\/noticias\/#organization"},"image":{"@id":"https:\/\/radiolifefm.com.br\/noticias\/energisa-investe-em-melhorias-na-iluminacao-publica-de-adamantina-alvares-machado-e-presidente-epitacio\/#primaryimage"},"thumbnailUrl":"https:\/\/radiolifefm.com.br\/noticias\/wp-content\/uploads\/2022\/08\/Projeto-PEE-Iluminacao-Publica.jpeg","articleSection":["Adamantina"],"inLanguage":"pt-BR"},{"@type":"WebPage","@id":"https:\/\/radiolifefm.com.br\/noticias\/energisa-investe-em-melhorias-na-iluminacao-publica-de-adamantina-alvares-machado-e-presidente-epitacio\/","url":"https:\/\/radiolifefm.com.br\/noticias\/energisa-investe-em-melhorias-na-iluminacao-publica-de-adamantina-alvares-machado-e-presidente-epitacio\/","name":"Energisa investe em melhorias na ilumina\u00e7\u00e3o p\u00fablica de Adamantina - R\u00e1dio Life FM","isPartOf":{"@id":"https:\/\/radiolifefm.com.br\/noticias\/#website"},"primaryImageOfPage":{"@id":"https:\/\/radiolifefm.com.br\/noticias\/energisa-investe-em-melhorias-na-iluminacao-publica-de-adamantina-alvares-machado-e-presidente-epitacio\/#primaryimage"},"image":{"@id":"https:\/\/radiolifefm.com.br\/noticias\/energisa-investe-em-melhorias-na-iluminacao-publica-de-adamantina-alvares-machado-e-presidente-epitacio\/#primaryimage"},"thumbnailUrl":"https:\/\/radiolifefm.com.br\/noticias\/wp-content\/uploads\/2022\/08\/Projeto-PEE-Iluminacao-Publica.jpeg","datePublished":"2022-08-01T18:56:09+00:00","dateModified":"2026-03-21T11:03:38+00:00","breadcrumb":{"@id":"https:\/\/radiolifefm.com.br\/noticias\/energisa-investe-em-melhorias-na-iluminacao-publica-de-adamantina-alvares-machado-e-presidente-epitacio\/#breadcrumb"},"inLanguage":"pt-BR","potentialAction":[{"@type":"ReadAction","target":["https:\/\/radiolifefm.com.br\/noticias\/energisa-investe-em-melhorias-na-iluminacao-publica-de-adamantina-alvares-machado-e-presidente-epitacio\/"]}]},{"@type":"ImageObject","inLanguage":"pt-BR","@id":"https:\/\/radiolifefm.com.br\/noticias\/energisa-investe-em-melhorias-na-iluminacao-publica-de-adamantina-alvares-machado-e-presidente-epitacio\/#primaryimage","url":"https:\/\/radiolifefm.com.br\/noticias\/wp-content\/uploads\/2022\/08\/Projeto-PEE-Iluminacao-Publica.jpeg","contentUrl":"https:\/\/radiolifefm.com.br\/noticias\/wp-content\/uploads\/2022\/08\/Projeto-PEE-Iluminacao-Publica.jpeg","width":1600,"height":720,"caption":"Com projetos selecionados por meio da chamada p\u00fablica, empresa destina mais de R$ 940 mil para a troca de l\u00e2mpadas convencionais por lumin\u00e1rias de led em pontos espec\u00edficos das cidades"},{"@type":"BreadcrumbList","@id":"https:\/\/radiolifefm.com.br\/noticias\/energisa-investe-em-melhorias-na-iluminacao-publica-de-adamantina-alvares-machado-e-presidente-epitacio\/#breadcrumb","itemListElement":[{"@type":"ListItem","position":1,"name":"In\u00edcio","item":"https:\/\/radiolifefm.com.br\/noticias\/"},{"@type":"ListItem","position":2,"name":"Energisa investe em melhorias na ilumina\u00e7\u00e3o p\u00fablica de Adamantina"}]},{"@type":"WebSite","@id":"https:\/\/radiolifefm.com.br\/noticias\/#website","url":"https:\/\/radiolifefm.com.br\/noticias\/","name":"R\u00e1dio Life FM","description":"O Portal de Not\u00edcias de Adamantina","publisher":{"@id":"https:\/\/radiolifefm.com.br\/noticias\/#organization"},"alternateName":"Life FM","potentialAction":[{"@type":"SearchAction","target":{"@type":"EntryPoint","urlTemplate":"https:\/\/radiolifefm.com.br\/noticias\/?s={search_term_string}"},"query-input":{"@type":"PropertyValueSpecification","valueRequired":true,"valueName":"search_term_string"}}],"inLanguage":"pt-BR"},{"@type":"Organization","@id":"https:\/\/radiolifefm.com.br\/noticias\/#organization","name":"R\u00e1dio Life FM","alternateName":"Life FM","url":"https:\/\/radiolifefm.com.br\/noticias\/","logo":{"@type":"ImageObject","inLanguage":"pt-BR","@id":"https:\/\/radiolifefm.com.br\/noticias\/#\/schema\/logo\/image\/","url":"https:\/\/static.radiolifefm.com.br\/noticias\/wp-content\/uploads\/2019\/10\/logo-lifefm.png","contentUrl":"https:\/\/static.radiolifefm.com.br\/noticias\/wp-content\/uploads\/2019\/10\/logo-lifefm.png","width":196,"height":47,"caption":"R\u00e1dio Life FM"},"image":{"@id":"https:\/\/radiolifefm.com.br\/noticias\/#\/schema\/logo\/image\/"},"sameAs":["https:\/\/www.facebook.com\/radiolifefm\/","https:\/\/www.instagram.com\/life1079fm\/"]},{"@type":"Person","@id":"https:\/\/radiolifefm.com.br\/noticias\/#\/schema\/person\/6339b9fac59d12b071dec680d7375d87","name":"ritanery","image":{"@type":"ImageObject","inLanguage":"pt-BR","@id":"https:\/\/secure.gravatar.com\/avatar\/0e37bb19071f47c0b8a23f62a903df117c5a0e75f65a0c2901562f97cd41cf86?s=96&d=mm&r=g","url":"https:\/\/secure.gravatar.com\/avatar\/0e37bb19071f47c0b8a23f62a903df117c5a0e75f65a0c2901562f97cd41cf86?s=96&d=mm&r=g","contentUrl":"https:\/\/secure.gravatar.com\/avatar\/0e37bb19071f47c0b8a23f62a903df117c5a0e75f65a0c2901562f97cd41cf86?s=96&d=mm&r=g","caption":"ritanery"}}]}},"amp_enabled":true,"_links":{"self":[{"href":"https:\/\/radiolifefm.com.br\/noticias\/wp-json\/wp\/v2\/posts\/56531","targetHints":{"allow":["GET"]}}],"collection":[{"href":"https:\/\/radiolifefm.com.br\/noticias\/wp-json\/wp\/v2\/posts"}],"about":[{"href":"https:\/\/radiolifefm.com.br\/noticias\/wp-json\/wp\/v2\/types\/post"}],"author":[{"embeddable":true,"href":"https:\/\/radiolifefm.com.br\/noticias\/wp-json\/wp\/v2\/users\/13"}],"replies":[{"embeddable":true,"href":"https:\/\/radiolifefm.com.br\/noticias\/wp-json\/wp\/v2\/comments?post=56531"}],"version-history":[{"count":2,"href":"https:\/\/radiolifefm.com.br\/noticias\/wp-json\/wp\/v2\/posts\/56531\/revisions"}],"predecessor-version":[{"id":56541,"href":"https:\/\/radiolifefm.com.br\/noticias\/wp-json\/wp\/v2\/posts\/56531\/revisions\/56541"}],"wp:featuredmedia":[{"embeddable":true,"href":"https:\/\/radiolifefm.com.br\/noticias\/wp-json\/wp\/v2\/media\/56532"}],"wp:attachment":[{"href":"https:\/\/radiolifefm.com.br\/noticias\/wp-json\/wp\/v2\/media?parent=56531"}],"wp:term":[{"taxonomy":"category","embeddable":true,"href":"https:\/\/radiolifefm.com.br\/noticias\/wp-json\/wp\/v2\/categories?post=56531"},{"taxonomy":"post_tag","embeddable":true,"href":"https:\/\/radiolifefm.com.br\/noticias\/wp-json\/wp\/v2\/tags?post=56531"}],"curies":[{"name":"wp","href":"https:\/\/api.w.org\/{rel}","templated":true}]}}