{"id":56517,"date":"2022-08-01T10:01:57","date_gmt":"2022-08-01T13:01:57","guid":{"rendered":"https:\/\/radiolifefm.com.br\/noticias\/?p=56517"},"modified":"2026-04-27T13:22:24","modified_gmt":"2026-04-27T16:22:24","slug":"projeto-de-lei-medico-adamantina-vai-para-votacao-nesta-segunda-feira","status":"publish","type":"post","link":"https:\/\/radiolifefm.com.br\/noticias\/projeto-de-lei-medico-adamantina-vai-para-votacao-nesta-segunda-feira\/","title":{"rendered":"Projeto de Lei \u2018M\u00e9dico Adamantina\u2019 vai para vota\u00e7\u00e3o nesta segunda-feira"},"content":{"rendered":"<div id=\"fb-root\"><\/div>\n<p>Retirado da pauta de vota\u00e7\u00f5es na sess\u00e3o realizada dia 11 de julho para melhores estudos, o Projeto de Lei que institui o Programa M\u00e9dico Adamantinense, de autoria dos vereadores Alcio Ikeda J\u00fanior (PODE) e Paulo Cervelheira (PV), voltar\u00e1 ao plen\u00e1rio no encontro legislativo marcado para esta segunda-feira (1\u00ba de agosto).<\/p>\n<p>Ap\u00f3s ser lido no plen\u00e1rio da C\u00e2mara Municipal, como gerou discuss\u00e3o e embates verbais entre os vereadores, H\u00e9lio Santos (PP) fez o pedido de retirada para que a proposta fosse debatida com o prefeito M\u00e1rcio Cardim e assim evitasse diverg\u00eancias com o Executivo, dentre elas, um poss\u00edvel veto. Iniciativa que teve concord\u00e2ncia dos demais legisladores.<\/p>\n<p>Na \u00faltima quarta-feira (27), por\u00e9m, Alcio entrou em contato com a imprensa local para informar que o recesso parlamentar estava se encerrando e o Projeto de Lei sobre o Programa M\u00e9dico Adamantinense poderia ser pautado.<\/p>\n<p>Em contato direto com o vereador na quinta-feira (28), a reportagem do Folha Regional recebeu a confirma\u00e7\u00e3o de que o tema faria parte do material de vota\u00e7\u00e3o da pr\u00f3xima sess\u00e3o ordin\u00e1ria. \u201cFoi falado de marcar a reuni\u00e3o com o Executivo para tratarmos a respeito do Projeto, o que n\u00e3o aconteceu\u201d.<\/p>\n<p>De acordo com a Circular divulgada pela C\u00e2mara Municipal na manh\u00e3 desta sexta-feira (29), o PL est\u00e1 na puta para ser votado em Primeira Discuss\u00e3o.<\/p>\n<p>Para a elabora\u00e7\u00e3o do Programa M\u00e9dico Adamantinense, os autores embasam que contaram com colabora\u00e7\u00e3o de profissionais da \u00e1rea da sa\u00fade e profissionais da \u00e1rea jur\u00eddica, al\u00e9m de acolher e ouvir a opini\u00e3o da popula\u00e7\u00e3o. \u201cO PL n\u00e3o traz algum preju\u00edzo ao Munic\u00edpio ou \u00e0 UNIFAI para justificar um poss\u00edvel veto. Pelo contr\u00e1rio, o programa gera um ciclo virtuoso entre sa\u00fade e educa\u00e7\u00e3o\u201d.<\/p>\n<p>&nbsp;<\/p>\n<p>Fonte: Adamantina Net<\/p>\n","protected":false},"excerpt":{"rendered":"<p>Retirado da pauta de vota\u00e7\u00f5es na sess\u00e3o realizada dia 11 de julho para melhores estudos, o Projeto de Lei que institui o Programa M\u00e9dico Adamantinense, de autoria dos vereadores Alcio Ikeda J\u00fanior (PODE) e Paulo Cervelheira (PV), voltar\u00e1 ao plen\u00e1rio no encontro legislativo marcado para esta segunda-feira (1\u00ba de agosto). Ap\u00f3s ser lido no plen\u00e1rio [&hellip;]<\/p>\n","protected":false},"author":13,"featured_media":56518,"comment_status":"closed","ping_status":"open","sticky":false,"template":"","format":"standard","meta":{"_acf_changed":false,"_exactmetrics_skip_tracking":false,"_exactmetrics_sitenote_active":false,"_exactmetrics_sitenote_note":"","_exactmetrics_sitenote_category":0,"footnotes":""},"categories":[21],"tags":[],"class_list":["post-56517","post","type-post","status-publish","format-standard","has-post-thumbnail","hentry","category-adamantina"],"acf":[],"yoast_head":"<!-- This site is optimized with the Yoast SEO plugin v27.2 - https:\/\/yoast.com\/product\/yoast-seo-wordpress\/ -->\n<title>Projeto de Lei \u2018M\u00e9dico Adamantina\u2019 vai para vota\u00e7\u00e3o nesta segunda-feira - R\u00e1dio Life FM<\/title>\n<meta name=\"robots\" content=\"index, follow, max-snippet:-1, max-image-preview:large, max-video-preview:-1\" \/>\n<link rel=\"canonical\" href=\"https:\/\/radiolifefm.com.br\/noticias\/projeto-de-lei-medico-adamantina-vai-para-votacao-nesta-segunda-feira\/\" \/>\n<meta property=\"og:locale\" content=\"pt_BR\" \/>\n<meta property=\"og:type\" content=\"article\" \/>\n<meta property=\"og:title\" content=\"Projeto de Lei \u2018M\u00e9dico Adamantina\u2019 vai para vota\u00e7\u00e3o nesta segunda-feira - R\u00e1dio Life FM\" \/>\n<meta property=\"og:description\" content=\"Retirado da pauta de vota\u00e7\u00f5es na sess\u00e3o realizada dia 11 de julho para melhores estudos, o Projeto de Lei que institui o Programa M\u00e9dico Adamantinense, de autoria dos vereadores Alcio Ikeda J\u00fanior (PODE) e Paulo Cervelheira (PV), voltar\u00e1 ao plen\u00e1rio no encontro legislativo marcado para esta segunda-feira (1\u00ba de agosto). Ap\u00f3s ser lido no plen\u00e1rio [&hellip;]\" \/>\n<meta property=\"og:url\" content=\"https:\/\/radiolifefm.com.br\/noticias\/projeto-de-lei-medico-adamantina-vai-para-votacao-nesta-segunda-feira\/\" \/>\n<meta property=\"og:site_name\" content=\"R\u00e1dio Life FM\" \/>\n<meta property=\"article:publisher\" content=\"https:\/\/www.facebook.com\/radiolifefm\/\" \/>\n<meta property=\"article:published_time\" content=\"2022-08-01T13:01:57+00:00\" \/>\n<meta property=\"article:modified_time\" content=\"2026-04-27T16:22:24+00:00\" \/>\n<meta property=\"og:image\" content=\"https:\/\/radiolifefm.com.br\/noticias\/wp-content\/uploads\/2022\/08\/cats-1.jpg\" \/>\n\t<meta property=\"og:image:width\" content=\"540\" \/>\n\t<meta property=\"og:image:height\" content=\"313\" \/>\n\t<meta property=\"og:image:type\" content=\"image\/jpeg\" \/>\n<meta name=\"author\" content=\"ritanery\" \/>\n<meta name=\"twitter:card\" content=\"summary_large_image\" \/>\n<meta name=\"twitter:label1\" content=\"Escrito por\" \/>\n\t<meta name=\"twitter:data1\" content=\"ritanery\" \/>\n\t<meta name=\"twitter:label2\" content=\"Est. tempo de leitura\" \/>\n\t<meta name=\"twitter:data2\" content=\"2 minutos\" \/>\n<script type=\"application\/ld+json\" class=\"yoast-schema-graph\">{\"@context\":\"https:\/\/schema.org\",\"@graph\":[{\"@type\":\"Article\",\"@id\":\"https:\/\/radiolifefm.com.br\/noticias\/projeto-de-lei-medico-adamantina-vai-para-votacao-nesta-segunda-feira\/#article\",\"isPartOf\":{\"@id\":\"https:\/\/radiolifefm.com.br\/noticias\/projeto-de-lei-medico-adamantina-vai-para-votacao-nesta-segunda-feira\/\"},\"author\":{\"name\":\"ritanery\",\"@id\":\"https:\/\/radiolifefm.com.br\/noticias\/#\/schema\/person\/6339b9fac59d12b071dec680d7375d87\"},\"headline\":\"Projeto de Lei \u2018M\u00e9dico Adamantina\u2019 vai para vota\u00e7\u00e3o nesta segunda-feira\",\"datePublished\":\"2022-08-01T13:01:57+00:00\",\"dateModified\":\"2026-04-27T16:22:24+00:00\",\"mainEntityOfPage\":{\"@id\":\"https:\/\/radiolifefm.com.br\/noticias\/projeto-de-lei-medico-adamantina-vai-para-votacao-nesta-segunda-feira\/\"},\"wordCount\":327,\"publisher\":{\"@id\":\"https:\/\/radiolifefm.com.br\/noticias\/#organization\"},\"image\":{\"@id\":\"https:\/\/radiolifefm.com.br\/noticias\/projeto-de-lei-medico-adamantina-vai-para-votacao-nesta-segunda-feira\/#primaryimage\"},\"thumbnailUrl\":\"https:\/\/radiolifefm.com.br\/noticias\/wp-content\/uploads\/2022\/08\/cats-1.jpg\",\"articleSection\":[\"Adamantina\"],\"inLanguage\":\"pt-BR\"},{\"@type\":\"WebPage\",\"@id\":\"https:\/\/radiolifefm.com.br\/noticias\/projeto-de-lei-medico-adamantina-vai-para-votacao-nesta-segunda-feira\/\",\"url\":\"https:\/\/radiolifefm.com.br\/noticias\/projeto-de-lei-medico-adamantina-vai-para-votacao-nesta-segunda-feira\/\",\"name\":\"Projeto de Lei \u2018M\u00e9dico Adamantina\u2019 vai para vota\u00e7\u00e3o nesta segunda-feira - R\u00e1dio Life FM\",\"isPartOf\":{\"@id\":\"https:\/\/radiolifefm.com.br\/noticias\/#website\"},\"primaryImageOfPage\":{\"@id\":\"https:\/\/radiolifefm.com.br\/noticias\/projeto-de-lei-medico-adamantina-vai-para-votacao-nesta-segunda-feira\/#primaryimage\"},\"image\":{\"@id\":\"https:\/\/radiolifefm.com.br\/noticias\/projeto-de-lei-medico-adamantina-vai-para-votacao-nesta-segunda-feira\/#primaryimage\"},\"thumbnailUrl\":\"https:\/\/radiolifefm.com.br\/noticias\/wp-content\/uploads\/2022\/08\/cats-1.jpg\",\"datePublished\":\"2022-08-01T13:01:57+00:00\",\"dateModified\":\"2026-04-27T16:22:24+00:00\",\"breadcrumb\":{\"@id\":\"https:\/\/radiolifefm.com.br\/noticias\/projeto-de-lei-medico-adamantina-vai-para-votacao-nesta-segunda-feira\/#breadcrumb\"},\"inLanguage\":\"pt-BR\",\"potentialAction\":[{\"@type\":\"ReadAction\",\"target\":[\"https:\/\/radiolifefm.com.br\/noticias\/projeto-de-lei-medico-adamantina-vai-para-votacao-nesta-segunda-feira\/\"]}]},{\"@type\":\"ImageObject\",\"inLanguage\":\"pt-BR\",\"@id\":\"https:\/\/radiolifefm.com.br\/noticias\/projeto-de-lei-medico-adamantina-vai-para-votacao-nesta-segunda-feira\/#primaryimage\",\"url\":\"https:\/\/radiolifefm.com.br\/noticias\/wp-content\/uploads\/2022\/08\/cats-1.jpg\",\"contentUrl\":\"https:\/\/radiolifefm.com.br\/noticias\/wp-content\/uploads\/2022\/08\/cats-1.jpg\",\"width\":540,\"height\":313},{\"@type\":\"BreadcrumbList\",\"@id\":\"https:\/\/radiolifefm.com.br\/noticias\/projeto-de-lei-medico-adamantina-vai-para-votacao-nesta-segunda-feira\/#breadcrumb\",\"itemListElement\":[{\"@type\":\"ListItem\",\"position\":1,\"name\":\"In\u00edcio\",\"item\":\"https:\/\/radiolifefm.com.br\/noticias\/\"},{\"@type\":\"ListItem\",\"position\":2,\"name\":\"Projeto de Lei \u2018M\u00e9dico Adamantina\u2019 vai para vota\u00e7\u00e3o nesta segunda-feira\"}]},{\"@type\":\"WebSite\",\"@id\":\"https:\/\/radiolifefm.com.br\/noticias\/#website\",\"url\":\"https:\/\/radiolifefm.com.br\/noticias\/\",\"name\":\"R\u00e1dio Life FM\",\"description\":\"O Portal de Not\u00edcias de Adamantina\",\"publisher\":{\"@id\":\"https:\/\/radiolifefm.com.br\/noticias\/#organization\"},\"alternateName\":\"Life FM\",\"potentialAction\":[{\"@type\":\"SearchAction\",\"target\":{\"@type\":\"EntryPoint\",\"urlTemplate\":\"https:\/\/radiolifefm.com.br\/noticias\/?s={search_term_string}\"},\"query-input\":{\"@type\":\"PropertyValueSpecification\",\"valueRequired\":true,\"valueName\":\"search_term_string\"}}],\"inLanguage\":\"pt-BR\"},{\"@type\":\"Organization\",\"@id\":\"https:\/\/radiolifefm.com.br\/noticias\/#organization\",\"name\":\"R\u00e1dio Life FM\",\"alternateName\":\"Life FM\",\"url\":\"https:\/\/radiolifefm.com.br\/noticias\/\",\"logo\":{\"@type\":\"ImageObject\",\"inLanguage\":\"pt-BR\",\"@id\":\"https:\/\/radiolifefm.com.br\/noticias\/#\/schema\/logo\/image\/\",\"url\":\"https:\/\/static.radiolifefm.com.br\/noticias\/wp-content\/uploads\/2019\/10\/logo-lifefm.png\",\"contentUrl\":\"https:\/\/static.radiolifefm.com.br\/noticias\/wp-content\/uploads\/2019\/10\/logo-lifefm.png\",\"width\":196,\"height\":47,\"caption\":\"R\u00e1dio Life FM\"},\"image\":{\"@id\":\"https:\/\/radiolifefm.com.br\/noticias\/#\/schema\/logo\/image\/\"},\"sameAs\":[\"https:\/\/www.facebook.com\/radiolifefm\/\",\"https:\/\/www.instagram.com\/life1079fm\/\"]},{\"@type\":\"Person\",\"@id\":\"https:\/\/radiolifefm.com.br\/noticias\/#\/schema\/person\/6339b9fac59d12b071dec680d7375d87\",\"name\":\"ritanery\",\"image\":{\"@type\":\"ImageObject\",\"inLanguage\":\"pt-BR\",\"@id\":\"https:\/\/secure.gravatar.com\/avatar\/0e37bb19071f47c0b8a23f62a903df117c5a0e75f65a0c2901562f97cd41cf86?s=96&d=mm&r=g\",\"url\":\"https:\/\/secure.gravatar.com\/avatar\/0e37bb19071f47c0b8a23f62a903df117c5a0e75f65a0c2901562f97cd41cf86?s=96&d=mm&r=g\",\"contentUrl\":\"https:\/\/secure.gravatar.com\/avatar\/0e37bb19071f47c0b8a23f62a903df117c5a0e75f65a0c2901562f97cd41cf86?s=96&d=mm&r=g\",\"caption\":\"ritanery\"}}]}<\/script>\n<!-- \/ Yoast SEO plugin. -->","yoast_head_json":{"title":"Projeto de Lei \u2018M\u00e9dico Adamantina\u2019 vai para vota\u00e7\u00e3o nesta segunda-feira - R\u00e1dio Life FM","robots":{"index":"index","follow":"follow","max-snippet":"max-snippet:-1","max-image-preview":"max-image-preview:large","max-video-preview":"max-video-preview:-1"},"canonical":"https:\/\/radiolifefm.com.br\/noticias\/projeto-de-lei-medico-adamantina-vai-para-votacao-nesta-segunda-feira\/","og_locale":"pt_BR","og_type":"article","og_title":"Projeto de Lei \u2018M\u00e9dico Adamantina\u2019 vai para vota\u00e7\u00e3o nesta segunda-feira - R\u00e1dio Life FM","og_description":"Retirado da pauta de vota\u00e7\u00f5es na sess\u00e3o realizada dia 11 de julho para melhores estudos, o Projeto de Lei que institui o Programa M\u00e9dico Adamantinense, de autoria dos vereadores Alcio Ikeda J\u00fanior (PODE) e Paulo Cervelheira (PV), voltar\u00e1 ao plen\u00e1rio no encontro legislativo marcado para esta segunda-feira (1\u00ba de agosto). Ap\u00f3s ser lido no plen\u00e1rio [&hellip;]","og_url":"https:\/\/radiolifefm.com.br\/noticias\/projeto-de-lei-medico-adamantina-vai-para-votacao-nesta-segunda-feira\/","og_site_name":"R\u00e1dio Life FM","article_publisher":"https:\/\/www.facebook.com\/radiolifefm\/","article_published_time":"2022-08-01T13:01:57+00:00","article_modified_time":"2026-04-27T16:22:24+00:00","og_image":[{"width":540,"height":313,"url":"https:\/\/radiolifefm.com.br\/noticias\/wp-content\/uploads\/2022\/08\/cats-1.jpg","type":"image\/jpeg"}],"author":"ritanery","twitter_card":"summary_large_image","twitter_misc":{"Escrito por":"ritanery","Est. tempo de leitura":"2 minutos"},"schema":{"@context":"https:\/\/schema.org","@graph":[{"@type":"Article","@id":"https:\/\/radiolifefm.com.br\/noticias\/projeto-de-lei-medico-adamantina-vai-para-votacao-nesta-segunda-feira\/#article","isPartOf":{"@id":"https:\/\/radiolifefm.com.br\/noticias\/projeto-de-lei-medico-adamantina-vai-para-votacao-nesta-segunda-feira\/"},"author":{"name":"ritanery","@id":"https:\/\/radiolifefm.com.br\/noticias\/#\/schema\/person\/6339b9fac59d12b071dec680d7375d87"},"headline":"Projeto de Lei \u2018M\u00e9dico Adamantina\u2019 vai para vota\u00e7\u00e3o nesta segunda-feira","datePublished":"2022-08-01T13:01:57+00:00","dateModified":"2026-04-27T16:22:24+00:00","mainEntityOfPage":{"@id":"https:\/\/radiolifefm.com.br\/noticias\/projeto-de-lei-medico-adamantina-vai-para-votacao-nesta-segunda-feira\/"},"wordCount":327,"publisher":{"@id":"https:\/\/radiolifefm.com.br\/noticias\/#organization"},"image":{"@id":"https:\/\/radiolifefm.com.br\/noticias\/projeto-de-lei-medico-adamantina-vai-para-votacao-nesta-segunda-feira\/#primaryimage"},"thumbnailUrl":"https:\/\/radiolifefm.com.br\/noticias\/wp-content\/uploads\/2022\/08\/cats-1.jpg","articleSection":["Adamantina"],"inLanguage":"pt-BR"},{"@type":"WebPage","@id":"https:\/\/radiolifefm.com.br\/noticias\/projeto-de-lei-medico-adamantina-vai-para-votacao-nesta-segunda-feira\/","url":"https:\/\/radiolifefm.com.br\/noticias\/projeto-de-lei-medico-adamantina-vai-para-votacao-nesta-segunda-feira\/","name":"Projeto de Lei \u2018M\u00e9dico Adamantina\u2019 vai para vota\u00e7\u00e3o nesta segunda-feira - R\u00e1dio Life FM","isPartOf":{"@id":"https:\/\/radiolifefm.com.br\/noticias\/#website"},"primaryImageOfPage":{"@id":"https:\/\/radiolifefm.com.br\/noticias\/projeto-de-lei-medico-adamantina-vai-para-votacao-nesta-segunda-feira\/#primaryimage"},"image":{"@id":"https:\/\/radiolifefm.com.br\/noticias\/projeto-de-lei-medico-adamantina-vai-para-votacao-nesta-segunda-feira\/#primaryimage"},"thumbnailUrl":"https:\/\/radiolifefm.com.br\/noticias\/wp-content\/uploads\/2022\/08\/cats-1.jpg","datePublished":"2022-08-01T13:01:57+00:00","dateModified":"2026-04-27T16:22:24+00:00","breadcrumb":{"@id":"https:\/\/radiolifefm.com.br\/noticias\/projeto-de-lei-medico-adamantina-vai-para-votacao-nesta-segunda-feira\/#breadcrumb"},"inLanguage":"pt-BR","potentialAction":[{"@type":"ReadAction","target":["https:\/\/radiolifefm.com.br\/noticias\/projeto-de-lei-medico-adamantina-vai-para-votacao-nesta-segunda-feira\/"]}]},{"@type":"ImageObject","inLanguage":"pt-BR","@id":"https:\/\/radiolifefm.com.br\/noticias\/projeto-de-lei-medico-adamantina-vai-para-votacao-nesta-segunda-feira\/#primaryimage","url":"https:\/\/radiolifefm.com.br\/noticias\/wp-content\/uploads\/2022\/08\/cats-1.jpg","contentUrl":"https:\/\/radiolifefm.com.br\/noticias\/wp-content\/uploads\/2022\/08\/cats-1.jpg","width":540,"height":313},{"@type":"BreadcrumbList","@id":"https:\/\/radiolifefm.com.br\/noticias\/projeto-de-lei-medico-adamantina-vai-para-votacao-nesta-segunda-feira\/#breadcrumb","itemListElement":[{"@type":"ListItem","position":1,"name":"In\u00edcio","item":"https:\/\/radiolifefm.com.br\/noticias\/"},{"@type":"ListItem","position":2,"name":"Projeto de Lei \u2018M\u00e9dico Adamantina\u2019 vai para vota\u00e7\u00e3o nesta segunda-feira"}]},{"@type":"WebSite","@id":"https:\/\/radiolifefm.com.br\/noticias\/#website","url":"https:\/\/radiolifefm.com.br\/noticias\/","name":"R\u00e1dio Life FM","description":"O Portal de Not\u00edcias de Adamantina","publisher":{"@id":"https:\/\/radiolifefm.com.br\/noticias\/#organization"},"alternateName":"Life FM","potentialAction":[{"@type":"SearchAction","target":{"@type":"EntryPoint","urlTemplate":"https:\/\/radiolifefm.com.br\/noticias\/?s={search_term_string}"},"query-input":{"@type":"PropertyValueSpecification","valueRequired":true,"valueName":"search_term_string"}}],"inLanguage":"pt-BR"},{"@type":"Organization","@id":"https:\/\/radiolifefm.com.br\/noticias\/#organization","name":"R\u00e1dio Life FM","alternateName":"Life FM","url":"https:\/\/radiolifefm.com.br\/noticias\/","logo":{"@type":"ImageObject","inLanguage":"pt-BR","@id":"https:\/\/radiolifefm.com.br\/noticias\/#\/schema\/logo\/image\/","url":"https:\/\/static.radiolifefm.com.br\/noticias\/wp-content\/uploads\/2019\/10\/logo-lifefm.png","contentUrl":"https:\/\/static.radiolifefm.com.br\/noticias\/wp-content\/uploads\/2019\/10\/logo-lifefm.png","width":196,"height":47,"caption":"R\u00e1dio Life FM"},"image":{"@id":"https:\/\/radiolifefm.com.br\/noticias\/#\/schema\/logo\/image\/"},"sameAs":["https:\/\/www.facebook.com\/radiolifefm\/","https:\/\/www.instagram.com\/life1079fm\/"]},{"@type":"Person","@id":"https:\/\/radiolifefm.com.br\/noticias\/#\/schema\/person\/6339b9fac59d12b071dec680d7375d87","name":"ritanery","image":{"@type":"ImageObject","inLanguage":"pt-BR","@id":"https:\/\/secure.gravatar.com\/avatar\/0e37bb19071f47c0b8a23f62a903df117c5a0e75f65a0c2901562f97cd41cf86?s=96&d=mm&r=g","url":"https:\/\/secure.gravatar.com\/avatar\/0e37bb19071f47c0b8a23f62a903df117c5a0e75f65a0c2901562f97cd41cf86?s=96&d=mm&r=g","contentUrl":"https:\/\/secure.gravatar.com\/avatar\/0e37bb19071f47c0b8a23f62a903df117c5a0e75f65a0c2901562f97cd41cf86?s=96&d=mm&r=g","caption":"ritanery"}}]}},"amp_enabled":true,"_links":{"self":[{"href":"https:\/\/radiolifefm.com.br\/noticias\/wp-json\/wp\/v2\/posts\/56517","targetHints":{"allow":["GET"]}}],"collection":[{"href":"https:\/\/radiolifefm.com.br\/noticias\/wp-json\/wp\/v2\/posts"}],"about":[{"href":"https:\/\/radiolifefm.com.br\/noticias\/wp-json\/wp\/v2\/types\/post"}],"author":[{"embeddable":true,"href":"https:\/\/radiolifefm.com.br\/noticias\/wp-json\/wp\/v2\/users\/13"}],"replies":[{"embeddable":true,"href":"https:\/\/radiolifefm.com.br\/noticias\/wp-json\/wp\/v2\/comments?post=56517"}],"version-history":[{"count":2,"href":"https:\/\/radiolifefm.com.br\/noticias\/wp-json\/wp\/v2\/posts\/56517\/revisions"}],"predecessor-version":[{"id":56520,"href":"https:\/\/radiolifefm.com.br\/noticias\/wp-json\/wp\/v2\/posts\/56517\/revisions\/56520"}],"wp:featuredmedia":[{"embeddable":true,"href":"https:\/\/radiolifefm.com.br\/noticias\/wp-json\/wp\/v2\/media\/56518"}],"wp:attachment":[{"href":"https:\/\/radiolifefm.com.br\/noticias\/wp-json\/wp\/v2\/media?parent=56517"}],"wp:term":[{"taxonomy":"category","embeddable":true,"href":"https:\/\/radiolifefm.com.br\/noticias\/wp-json\/wp\/v2\/categories?post=56517"},{"taxonomy":"post_tag","embeddable":true,"href":"https:\/\/radiolifefm.com.br\/noticias\/wp-json\/wp\/v2\/tags?post=56517"}],"curies":[{"name":"wp","href":"https:\/\/api.w.org\/{rel}","templated":true}]}}