{"id":56508,"date":"2022-08-01T08:09:22","date_gmt":"2022-08-01T11:09:22","guid":{"rendered":"https:\/\/radiolifefm.com.br\/noticias\/?p=56508"},"modified":"2026-03-25T18:27:51","modified_gmt":"2026-03-25T21:27:51","slug":"provincia-politica-e-candidatos-ao-legislativo-estadual","status":"publish","type":"post","link":"https:\/\/radiolifefm.com.br\/noticias\/provincia-politica-e-candidatos-ao-legislativo-estadual\/","title":{"rendered":"PROV\u00cdNCIA, POL\u00cdTICA E CANDIDATOS AO LEGISLATIVO ESTADUAL&#8230;"},"content":{"rendered":"<div id=\"fb-root\"><\/div>\n<p><em>\u00a0\u201cH\u00e1 tr\u00eas esp\u00e9cies de c\u00e9rebros: uns entendem por si pr\u00f3prios; os outros discernem o que os primeiros entendem; e os terceiros n\u00e3o entendem nem por si pr\u00f3prios nem pelos outros; os primeiros s\u00e3o excelent\u00edssimos; os segundos excelentes; e os terceiros totalmente in\u00fateis.\u201d (<\/em><a href=\"https:\/\/www.pensador.com\/autor\/maquiavel\/\"><em>Maquiavel<\/em><\/a><em>)<\/em><\/p>\n<p><strong><em>S\u00e9rgio Barbosa (*) <\/em><\/strong><\/p>\n<p>Faz algumas semanas que nas esquinas provincianas, bem como, neste ou naquele jornal ou site, ainda, nas denominadas REDES SOCIAIS, circularam este ou aquele nome como pr\u00e9-candidato ao LEGISLATIVO ESTARUAL, ainda, neste cen\u00e1rio atual, assim, pelo menos TR\u00caS NOMES est\u00e3o CONFIRMAADOS com suas respectivas LEGENDAS&#8230;<\/p>\n<p>Entre os diversos nomes deste ou daquele Partido ou Grupo, pode-se registrar que quase sempre s\u00e3o os mesmos postulantes, entretanto, desta vez apareceram alguns nomes que s\u00e3o considerados \u201cmarinheiros de primeira viagem\u201d, mesmo tendo experi\u00eancia no Legislativo provinciano e outros desta ou daquela \u00e1rea do mercado&#8230;<\/p>\n<p>Espero que neste meio tempo do tempo, ou seja, ainda, como diz o dito popular, \u201cmuita \u00e1gua vai passar por debaixo da ponte\u201d em meio aos desencontros com as quase sempre \u201ctrocas nada simb\u00f3licas\u201d patrocinadas pelo PODER COM O PODER EM BUSCA DO PODER&#8230;<\/p>\n<p>N\u00e3o se pode esquecer que nestas quest\u00f5es, ainda, quando envolve muitos interesses deste ou daquele grupo, tamb\u00e9m, n\u00e3o se pode esquecer aquela outra m\u00e1xima dos ditos populares que afirma, a saber: QUEM EST\u00c1 DENTRO N\u00c3O QUER SAIR E QUEM EST\u00c1 DO LADO DE FORA N\u00c3O CONSEGUE ENTRAR&#8230;<\/p>\n<p>Portanto, neste \u201cBALAIO GERAL\u201d do momento com alguns nomes interessados por causa disto ou daquilo, tudo pode acontecer sem mais e sem menos por meio disto ou daquilo em busca deste ou daquele interesse pessoal ou coletivo&#8230;<\/p>\n<p>O momento \u00e9 de ficar na BOCA DE ESPERA pra ver como as coisas v\u00e3o rolar daqui pra frente nestas quest\u00f5es pol\u00edticas, tendo em vista que pode aparecer de um momento para o outro algum nome que n\u00e3o estava nestas \u201cbocas provincianas\u201d para um APOIO e ponto quase final&#8230;<\/p>\n<p>De um jeito ou de outro, entendo que este momento exige de todos e todas muitos olhares sobre um mesmo olhar frente ao cen\u00e1rio pol\u00edtico em terras provincianas, tendo em vista que muitos se colocam acima do BEM E DO MAL, talvez, do BOM E DO MAU&#8230;<\/p>\n<p>Outro detalhe a ser observado nestes desencontros que est\u00e3o mais para os POLITIQUEIROS DE PLANT\u00c3O na PROV\u00cdNCIA do que para o fortalecimento dos objetivos em busca do BEM COMUM para a comunidade provinciana&#8230;<\/p>\n<p>De um jeito ou de outro, talvez uma op\u00e7\u00e3o seja aquela de FICAR EM CIMA DO MURO, se bem que a maioria acaba ficando EMBAIXO ou DE LADO DESTE MURO, talvez, esperando aquele \u201calgo mais\u201d que pode sair de um lado ou de outro&#8230;<\/p>\n<p>S\u00e3o muitas as hist\u00f3rias do passado que acabam voltando neste presente na POL\u00cdTICA PROVINCIANA, entretanto, cada eleitor\/a deve saber escolher o seu lado nas pr\u00f3ximas elei\u00e7\u00f5es para os isto e mais aquilo, ainda, sem mais e com muito menos em tempo de DESGOVERNO BOZZONARO com seus COISOS com COISAS&#8230;<\/p>\n<p>Portanto, se faz necess\u00e1rio estar em sintonia com as manifesta\u00e7\u00f5es patrocinadas pelas REDES SOCIAIS neste ou naquele CANDIDATO\/A, tendo em vista que as MENTES MED\u00cdOCRES continuam seguindo o BERRANTE nesta PROV\u00cdNCIA DO FAZ DE CONTA&#8230;<\/p>\n<p>QUEM SOBREVIVER VAI VIVER&#8230;<\/p>\n<p><strong><em>__________________________________<\/em><\/strong><\/p>\n<p><strong><em>(*) Jornalista Diplomado e professor universit\u00e1rio.<\/em><\/strong><\/p>\n<p><strong><em>e-mail: <\/em><\/strong><a href=\"mailto:barbosa.sebar@gmail.com\"><strong><em>barbosa.sebar@gmail.com<\/em><\/strong><\/a><\/p>\n<p><em>\u00a0<\/em><\/p>\n","protected":false},"excerpt":{"rendered":"<p>\u00a0\u201cH\u00e1 tr\u00eas esp\u00e9cies de c\u00e9rebros: uns entendem por si pr\u00f3prios; os outros discernem o que os primeiros entendem; e os terceiros n\u00e3o entendem nem por si pr\u00f3prios nem pelos outros; os primeiros s\u00e3o excelent\u00edssimos; os segundos excelentes; e os terceiros totalmente in\u00fateis.\u201d (Maquiavel) S\u00e9rgio Barbosa (*) Faz algumas semanas que nas esquinas provincianas, bem como, [&hellip;]<\/p>\n","protected":false},"author":13,"featured_media":51988,"comment_status":"closed","ping_status":"open","sticky":false,"template":"","format":"standard","meta":{"_acf_changed":false,"_exactmetrics_skip_tracking":false,"_exactmetrics_sitenote_active":false,"_exactmetrics_sitenote_note":"","_exactmetrics_sitenote_category":0,"footnotes":""},"categories":[59],"tags":[],"class_list":["post-56508","post","type-post","status-publish","format-standard","has-post-thumbnail","hentry","category-opiniao"],"acf":[],"yoast_head":"<!-- This site is optimized with the Yoast SEO plugin v27.2 - https:\/\/yoast.com\/product\/yoast-seo-wordpress\/ -->\n<title>PROV\u00cdNCIA, POL\u00cdTICA E CANDIDATOS AO LEGISLATIVO ESTADUAL... - R\u00e1dio Life FM<\/title>\n<meta name=\"robots\" content=\"index, follow, max-snippet:-1, max-image-preview:large, max-video-preview:-1\" \/>\n<link rel=\"canonical\" href=\"https:\/\/radiolifefm.com.br\/noticias\/provincia-politica-e-candidatos-ao-legislativo-estadual\/\" \/>\n<meta property=\"og:locale\" content=\"pt_BR\" \/>\n<meta property=\"og:type\" content=\"article\" \/>\n<meta property=\"og:title\" content=\"PROV\u00cdNCIA, POL\u00cdTICA E CANDIDATOS AO LEGISLATIVO ESTADUAL... - R\u00e1dio Life FM\" \/>\n<meta property=\"og:description\" content=\"\u00a0\u201cH\u00e1 tr\u00eas esp\u00e9cies de c\u00e9rebros: uns entendem por si pr\u00f3prios; os outros discernem o que os primeiros entendem; e os terceiros n\u00e3o entendem nem por si pr\u00f3prios nem pelos outros; os primeiros s\u00e3o excelent\u00edssimos; os segundos excelentes; e os terceiros totalmente in\u00fateis.\u201d (Maquiavel) S\u00e9rgio Barbosa (*) Faz algumas semanas que nas esquinas provincianas, bem como, [&hellip;]\" \/>\n<meta property=\"og:url\" content=\"https:\/\/radiolifefm.com.br\/noticias\/provincia-politica-e-candidatos-ao-legislativo-estadual\/\" \/>\n<meta property=\"og:site_name\" content=\"R\u00e1dio Life FM\" \/>\n<meta property=\"article:publisher\" content=\"https:\/\/www.facebook.com\/radiolifefm\/\" \/>\n<meta property=\"article:published_time\" content=\"2022-08-01T11:09:22+00:00\" \/>\n<meta property=\"article:modified_time\" content=\"2026-03-25T21:27:51+00:00\" \/>\n<meta property=\"og:image\" content=\"https:\/\/radiolifefm.com.br\/noticias\/wp-content\/uploads\/2022\/04\/WhatsApp-Image-2022-04-10-at-18.43.02.jpeg\" \/>\n\t<meta property=\"og:image:width\" content=\"972\" \/>\n\t<meta property=\"og:image:height\" content=\"1296\" \/>\n\t<meta property=\"og:image:type\" content=\"image\/jpeg\" \/>\n<meta name=\"author\" content=\"ritanery\" \/>\n<meta name=\"twitter:card\" content=\"summary_large_image\" \/>\n<meta name=\"twitter:label1\" content=\"Escrito por\" \/>\n\t<meta name=\"twitter:data1\" content=\"ritanery\" \/>\n\t<meta name=\"twitter:label2\" content=\"Est. tempo de leitura\" \/>\n\t<meta name=\"twitter:data2\" content=\"3 minutos\" \/>\n<script type=\"application\/ld+json\" class=\"yoast-schema-graph\">{\"@context\":\"https:\/\/schema.org\",\"@graph\":[{\"@type\":\"Article\",\"@id\":\"https:\/\/radiolifefm.com.br\/noticias\/provincia-politica-e-candidatos-ao-legislativo-estadual\/#article\",\"isPartOf\":{\"@id\":\"https:\/\/radiolifefm.com.br\/noticias\/provincia-politica-e-candidatos-ao-legislativo-estadual\/\"},\"author\":{\"name\":\"ritanery\",\"@id\":\"https:\/\/radiolifefm.com.br\/noticias\/#\/schema\/person\/6339b9fac59d12b071dec680d7375d87\"},\"headline\":\"PROV\u00cdNCIA, POL\u00cdTICA E CANDIDATOS AO LEGISLATIVO ESTADUAL&#8230;\",\"datePublished\":\"2022-08-01T11:09:22+00:00\",\"dateModified\":\"2026-03-25T21:27:51+00:00\",\"mainEntityOfPage\":{\"@id\":\"https:\/\/radiolifefm.com.br\/noticias\/provincia-politica-e-candidatos-ao-legislativo-estadual\/\"},\"wordCount\":590,\"publisher\":{\"@id\":\"https:\/\/radiolifefm.com.br\/noticias\/#organization\"},\"image\":{\"@id\":\"https:\/\/radiolifefm.com.br\/noticias\/provincia-politica-e-candidatos-ao-legislativo-estadual\/#primaryimage\"},\"thumbnailUrl\":\"https:\/\/radiolifefm.com.br\/noticias\/wp-content\/uploads\/2022\/04\/WhatsApp-Image-2022-04-10-at-18.43.02.jpeg\",\"articleSection\":[\"Opini\u00e3o\"],\"inLanguage\":\"pt-BR\"},{\"@type\":\"WebPage\",\"@id\":\"https:\/\/radiolifefm.com.br\/noticias\/provincia-politica-e-candidatos-ao-legislativo-estadual\/\",\"url\":\"https:\/\/radiolifefm.com.br\/noticias\/provincia-politica-e-candidatos-ao-legislativo-estadual\/\",\"name\":\"PROV\u00cdNCIA, POL\u00cdTICA E CANDIDATOS AO LEGISLATIVO ESTADUAL... - R\u00e1dio Life FM\",\"isPartOf\":{\"@id\":\"https:\/\/radiolifefm.com.br\/noticias\/#website\"},\"primaryImageOfPage\":{\"@id\":\"https:\/\/radiolifefm.com.br\/noticias\/provincia-politica-e-candidatos-ao-legislativo-estadual\/#primaryimage\"},\"image\":{\"@id\":\"https:\/\/radiolifefm.com.br\/noticias\/provincia-politica-e-candidatos-ao-legislativo-estadual\/#primaryimage\"},\"thumbnailUrl\":\"https:\/\/radiolifefm.com.br\/noticias\/wp-content\/uploads\/2022\/04\/WhatsApp-Image-2022-04-10-at-18.43.02.jpeg\",\"datePublished\":\"2022-08-01T11:09:22+00:00\",\"dateModified\":\"2026-03-25T21:27:51+00:00\",\"breadcrumb\":{\"@id\":\"https:\/\/radiolifefm.com.br\/noticias\/provincia-politica-e-candidatos-ao-legislativo-estadual\/#breadcrumb\"},\"inLanguage\":\"pt-BR\",\"potentialAction\":[{\"@type\":\"ReadAction\",\"target\":[\"https:\/\/radiolifefm.com.br\/noticias\/provincia-politica-e-candidatos-ao-legislativo-estadual\/\"]}]},{\"@type\":\"ImageObject\",\"inLanguage\":\"pt-BR\",\"@id\":\"https:\/\/radiolifefm.com.br\/noticias\/provincia-politica-e-candidatos-ao-legislativo-estadual\/#primaryimage\",\"url\":\"https:\/\/radiolifefm.com.br\/noticias\/wp-content\/uploads\/2022\/04\/WhatsApp-Image-2022-04-10-at-18.43.02.jpeg\",\"contentUrl\":\"https:\/\/radiolifefm.com.br\/noticias\/wp-content\/uploads\/2022\/04\/WhatsApp-Image-2022-04-10-at-18.43.02.jpeg\",\"width\":972,\"height\":1296,\"caption\":\"S\u00e9rgio Barbosa\"},{\"@type\":\"BreadcrumbList\",\"@id\":\"https:\/\/radiolifefm.com.br\/noticias\/provincia-politica-e-candidatos-ao-legislativo-estadual\/#breadcrumb\",\"itemListElement\":[{\"@type\":\"ListItem\",\"position\":1,\"name\":\"In\u00edcio\",\"item\":\"https:\/\/radiolifefm.com.br\/noticias\/\"},{\"@type\":\"ListItem\",\"position\":2,\"name\":\"PROV\u00cdNCIA, POL\u00cdTICA E CANDIDATOS AO LEGISLATIVO ESTADUAL&#8230;\"}]},{\"@type\":\"WebSite\",\"@id\":\"https:\/\/radiolifefm.com.br\/noticias\/#website\",\"url\":\"https:\/\/radiolifefm.com.br\/noticias\/\",\"name\":\"R\u00e1dio Life FM\",\"description\":\"O Portal de Not\u00edcias de Adamantina\",\"publisher\":{\"@id\":\"https:\/\/radiolifefm.com.br\/noticias\/#organization\"},\"alternateName\":\"Life FM\",\"potentialAction\":[{\"@type\":\"SearchAction\",\"target\":{\"@type\":\"EntryPoint\",\"urlTemplate\":\"https:\/\/radiolifefm.com.br\/noticias\/?s={search_term_string}\"},\"query-input\":{\"@type\":\"PropertyValueSpecification\",\"valueRequired\":true,\"valueName\":\"search_term_string\"}}],\"inLanguage\":\"pt-BR\"},{\"@type\":\"Organization\",\"@id\":\"https:\/\/radiolifefm.com.br\/noticias\/#organization\",\"name\":\"R\u00e1dio Life FM\",\"alternateName\":\"Life FM\",\"url\":\"https:\/\/radiolifefm.com.br\/noticias\/\",\"logo\":{\"@type\":\"ImageObject\",\"inLanguage\":\"pt-BR\",\"@id\":\"https:\/\/radiolifefm.com.br\/noticias\/#\/schema\/logo\/image\/\",\"url\":\"https:\/\/static.radiolifefm.com.br\/noticias\/wp-content\/uploads\/2019\/10\/logo-lifefm.png\",\"contentUrl\":\"https:\/\/static.radiolifefm.com.br\/noticias\/wp-content\/uploads\/2019\/10\/logo-lifefm.png\",\"width\":196,\"height\":47,\"caption\":\"R\u00e1dio Life FM\"},\"image\":{\"@id\":\"https:\/\/radiolifefm.com.br\/noticias\/#\/schema\/logo\/image\/\"},\"sameAs\":[\"https:\/\/www.facebook.com\/radiolifefm\/\",\"https:\/\/www.instagram.com\/life1079fm\/\"]},{\"@type\":\"Person\",\"@id\":\"https:\/\/radiolifefm.com.br\/noticias\/#\/schema\/person\/6339b9fac59d12b071dec680d7375d87\",\"name\":\"ritanery\",\"image\":{\"@type\":\"ImageObject\",\"inLanguage\":\"pt-BR\",\"@id\":\"https:\/\/secure.gravatar.com\/avatar\/0e37bb19071f47c0b8a23f62a903df117c5a0e75f65a0c2901562f97cd41cf86?s=96&d=mm&r=g\",\"url\":\"https:\/\/secure.gravatar.com\/avatar\/0e37bb19071f47c0b8a23f62a903df117c5a0e75f65a0c2901562f97cd41cf86?s=96&d=mm&r=g\",\"contentUrl\":\"https:\/\/secure.gravatar.com\/avatar\/0e37bb19071f47c0b8a23f62a903df117c5a0e75f65a0c2901562f97cd41cf86?s=96&d=mm&r=g\",\"caption\":\"ritanery\"}}]}<\/script>\n<!-- \/ Yoast SEO plugin. -->","yoast_head_json":{"title":"PROV\u00cdNCIA, POL\u00cdTICA E CANDIDATOS AO LEGISLATIVO ESTADUAL... - R\u00e1dio Life FM","robots":{"index":"index","follow":"follow","max-snippet":"max-snippet:-1","max-image-preview":"max-image-preview:large","max-video-preview":"max-video-preview:-1"},"canonical":"https:\/\/radiolifefm.com.br\/noticias\/provincia-politica-e-candidatos-ao-legislativo-estadual\/","og_locale":"pt_BR","og_type":"article","og_title":"PROV\u00cdNCIA, POL\u00cdTICA E CANDIDATOS AO LEGISLATIVO ESTADUAL... - R\u00e1dio Life FM","og_description":"\u00a0\u201cH\u00e1 tr\u00eas esp\u00e9cies de c\u00e9rebros: uns entendem por si pr\u00f3prios; os outros discernem o que os primeiros entendem; e os terceiros n\u00e3o entendem nem por si pr\u00f3prios nem pelos outros; os primeiros s\u00e3o excelent\u00edssimos; os segundos excelentes; e os terceiros totalmente in\u00fateis.\u201d (Maquiavel) S\u00e9rgio Barbosa (*) Faz algumas semanas que nas esquinas provincianas, bem como, [&hellip;]","og_url":"https:\/\/radiolifefm.com.br\/noticias\/provincia-politica-e-candidatos-ao-legislativo-estadual\/","og_site_name":"R\u00e1dio Life FM","article_publisher":"https:\/\/www.facebook.com\/radiolifefm\/","article_published_time":"2022-08-01T11:09:22+00:00","article_modified_time":"2026-03-25T21:27:51+00:00","og_image":[{"width":972,"height":1296,"url":"https:\/\/radiolifefm.com.br\/noticias\/wp-content\/uploads\/2022\/04\/WhatsApp-Image-2022-04-10-at-18.43.02.jpeg","type":"image\/jpeg"}],"author":"ritanery","twitter_card":"summary_large_image","twitter_misc":{"Escrito por":"ritanery","Est. tempo de leitura":"3 minutos"},"schema":{"@context":"https:\/\/schema.org","@graph":[{"@type":"Article","@id":"https:\/\/radiolifefm.com.br\/noticias\/provincia-politica-e-candidatos-ao-legislativo-estadual\/#article","isPartOf":{"@id":"https:\/\/radiolifefm.com.br\/noticias\/provincia-politica-e-candidatos-ao-legislativo-estadual\/"},"author":{"name":"ritanery","@id":"https:\/\/radiolifefm.com.br\/noticias\/#\/schema\/person\/6339b9fac59d12b071dec680d7375d87"},"headline":"PROV\u00cdNCIA, POL\u00cdTICA E CANDIDATOS AO LEGISLATIVO ESTADUAL&#8230;","datePublished":"2022-08-01T11:09:22+00:00","dateModified":"2026-03-25T21:27:51+00:00","mainEntityOfPage":{"@id":"https:\/\/radiolifefm.com.br\/noticias\/provincia-politica-e-candidatos-ao-legislativo-estadual\/"},"wordCount":590,"publisher":{"@id":"https:\/\/radiolifefm.com.br\/noticias\/#organization"},"image":{"@id":"https:\/\/radiolifefm.com.br\/noticias\/provincia-politica-e-candidatos-ao-legislativo-estadual\/#primaryimage"},"thumbnailUrl":"https:\/\/radiolifefm.com.br\/noticias\/wp-content\/uploads\/2022\/04\/WhatsApp-Image-2022-04-10-at-18.43.02.jpeg","articleSection":["Opini\u00e3o"],"inLanguage":"pt-BR"},{"@type":"WebPage","@id":"https:\/\/radiolifefm.com.br\/noticias\/provincia-politica-e-candidatos-ao-legislativo-estadual\/","url":"https:\/\/radiolifefm.com.br\/noticias\/provincia-politica-e-candidatos-ao-legislativo-estadual\/","name":"PROV\u00cdNCIA, POL\u00cdTICA E CANDIDATOS AO LEGISLATIVO ESTADUAL... - R\u00e1dio Life FM","isPartOf":{"@id":"https:\/\/radiolifefm.com.br\/noticias\/#website"},"primaryImageOfPage":{"@id":"https:\/\/radiolifefm.com.br\/noticias\/provincia-politica-e-candidatos-ao-legislativo-estadual\/#primaryimage"},"image":{"@id":"https:\/\/radiolifefm.com.br\/noticias\/provincia-politica-e-candidatos-ao-legislativo-estadual\/#primaryimage"},"thumbnailUrl":"https:\/\/radiolifefm.com.br\/noticias\/wp-content\/uploads\/2022\/04\/WhatsApp-Image-2022-04-10-at-18.43.02.jpeg","datePublished":"2022-08-01T11:09:22+00:00","dateModified":"2026-03-25T21:27:51+00:00","breadcrumb":{"@id":"https:\/\/radiolifefm.com.br\/noticias\/provincia-politica-e-candidatos-ao-legislativo-estadual\/#breadcrumb"},"inLanguage":"pt-BR","potentialAction":[{"@type":"ReadAction","target":["https:\/\/radiolifefm.com.br\/noticias\/provincia-politica-e-candidatos-ao-legislativo-estadual\/"]}]},{"@type":"ImageObject","inLanguage":"pt-BR","@id":"https:\/\/radiolifefm.com.br\/noticias\/provincia-politica-e-candidatos-ao-legislativo-estadual\/#primaryimage","url":"https:\/\/radiolifefm.com.br\/noticias\/wp-content\/uploads\/2022\/04\/WhatsApp-Image-2022-04-10-at-18.43.02.jpeg","contentUrl":"https:\/\/radiolifefm.com.br\/noticias\/wp-content\/uploads\/2022\/04\/WhatsApp-Image-2022-04-10-at-18.43.02.jpeg","width":972,"height":1296,"caption":"S\u00e9rgio Barbosa"},{"@type":"BreadcrumbList","@id":"https:\/\/radiolifefm.com.br\/noticias\/provincia-politica-e-candidatos-ao-legislativo-estadual\/#breadcrumb","itemListElement":[{"@type":"ListItem","position":1,"name":"In\u00edcio","item":"https:\/\/radiolifefm.com.br\/noticias\/"},{"@type":"ListItem","position":2,"name":"PROV\u00cdNCIA, POL\u00cdTICA E CANDIDATOS AO LEGISLATIVO ESTADUAL&#8230;"}]},{"@type":"WebSite","@id":"https:\/\/radiolifefm.com.br\/noticias\/#website","url":"https:\/\/radiolifefm.com.br\/noticias\/","name":"R\u00e1dio Life FM","description":"O Portal de Not\u00edcias de Adamantina","publisher":{"@id":"https:\/\/radiolifefm.com.br\/noticias\/#organization"},"alternateName":"Life FM","potentialAction":[{"@type":"SearchAction","target":{"@type":"EntryPoint","urlTemplate":"https:\/\/radiolifefm.com.br\/noticias\/?s={search_term_string}"},"query-input":{"@type":"PropertyValueSpecification","valueRequired":true,"valueName":"search_term_string"}}],"inLanguage":"pt-BR"},{"@type":"Organization","@id":"https:\/\/radiolifefm.com.br\/noticias\/#organization","name":"R\u00e1dio Life FM","alternateName":"Life FM","url":"https:\/\/radiolifefm.com.br\/noticias\/","logo":{"@type":"ImageObject","inLanguage":"pt-BR","@id":"https:\/\/radiolifefm.com.br\/noticias\/#\/schema\/logo\/image\/","url":"https:\/\/static.radiolifefm.com.br\/noticias\/wp-content\/uploads\/2019\/10\/logo-lifefm.png","contentUrl":"https:\/\/static.radiolifefm.com.br\/noticias\/wp-content\/uploads\/2019\/10\/logo-lifefm.png","width":196,"height":47,"caption":"R\u00e1dio Life FM"},"image":{"@id":"https:\/\/radiolifefm.com.br\/noticias\/#\/schema\/logo\/image\/"},"sameAs":["https:\/\/www.facebook.com\/radiolifefm\/","https:\/\/www.instagram.com\/life1079fm\/"]},{"@type":"Person","@id":"https:\/\/radiolifefm.com.br\/noticias\/#\/schema\/person\/6339b9fac59d12b071dec680d7375d87","name":"ritanery","image":{"@type":"ImageObject","inLanguage":"pt-BR","@id":"https:\/\/secure.gravatar.com\/avatar\/0e37bb19071f47c0b8a23f62a903df117c5a0e75f65a0c2901562f97cd41cf86?s=96&d=mm&r=g","url":"https:\/\/secure.gravatar.com\/avatar\/0e37bb19071f47c0b8a23f62a903df117c5a0e75f65a0c2901562f97cd41cf86?s=96&d=mm&r=g","contentUrl":"https:\/\/secure.gravatar.com\/avatar\/0e37bb19071f47c0b8a23f62a903df117c5a0e75f65a0c2901562f97cd41cf86?s=96&d=mm&r=g","caption":"ritanery"}}]}},"amp_enabled":true,"_links":{"self":[{"href":"https:\/\/radiolifefm.com.br\/noticias\/wp-json\/wp\/v2\/posts\/56508","targetHints":{"allow":["GET"]}}],"collection":[{"href":"https:\/\/radiolifefm.com.br\/noticias\/wp-json\/wp\/v2\/posts"}],"about":[{"href":"https:\/\/radiolifefm.com.br\/noticias\/wp-json\/wp\/v2\/types\/post"}],"author":[{"embeddable":true,"href":"https:\/\/radiolifefm.com.br\/noticias\/wp-json\/wp\/v2\/users\/13"}],"replies":[{"embeddable":true,"href":"https:\/\/radiolifefm.com.br\/noticias\/wp-json\/wp\/v2\/comments?post=56508"}],"version-history":[{"count":1,"href":"https:\/\/radiolifefm.com.br\/noticias\/wp-json\/wp\/v2\/posts\/56508\/revisions"}],"predecessor-version":[{"id":56509,"href":"https:\/\/radiolifefm.com.br\/noticias\/wp-json\/wp\/v2\/posts\/56508\/revisions\/56509"}],"wp:featuredmedia":[{"embeddable":true,"href":"https:\/\/radiolifefm.com.br\/noticias\/wp-json\/wp\/v2\/media\/51988"}],"wp:attachment":[{"href":"https:\/\/radiolifefm.com.br\/noticias\/wp-json\/wp\/v2\/media?parent=56508"}],"wp:term":[{"taxonomy":"category","embeddable":true,"href":"https:\/\/radiolifefm.com.br\/noticias\/wp-json\/wp\/v2\/categories?post=56508"},{"taxonomy":"post_tag","embeddable":true,"href":"https:\/\/radiolifefm.com.br\/noticias\/wp-json\/wp\/v2\/tags?post=56508"}],"curies":[{"name":"wp","href":"https:\/\/api.w.org\/{rel}","templated":true}]}}