{"id":56407,"date":"2022-07-28T20:20:15","date_gmt":"2022-07-28T23:20:15","guid":{"rendered":"https:\/\/radiolifefm.com.br\/noticias\/?p=56407"},"modified":"2026-04-26T22:26:05","modified_gmt":"2026-04-27T01:26:05","slug":"convites-para-almoco-que-integra-a-cavalgada-do-bem-comecam-a-ser-vendidos","status":"publish","type":"post","link":"https:\/\/radiolifefm.com.br\/noticias\/convites-para-almoco-que-integra-a-cavalgada-do-bem-comecam-a-ser-vendidos\/","title":{"rendered":"Convites para almo\u00e7o que integra a Cavalgada do Bem come\u00e7am a ser vendidos"},"content":{"rendered":"<div id=\"fb-root\"><\/div>\n<p>A 30\u00aa Feira do Verde e Exposi\u00e7\u00e3o Agropecu\u00e1ria, Comercial e Industrial de Adamantina ser\u00e1 realizada de 30 de agosto a 4 de setembro, por\u00e9m a festa come\u00e7a com a Cavalgada do Bem que acontece no dia 28 de agosto.<\/p>\n<p>Esse ano, os recursos arrecadados pela a\u00e7\u00e3o,\u00a0que \u00e9 organizada por um grupo de volunt\u00e1rios, ser\u00e3o revertidos para a Sociedade de S\u00e3o Vicente de Paulo (Vicentinos) e para a Casa da Sopa (Joanna de Angelis).<\/p>\n<p>A expectativa da organiza\u00e7\u00e3o do evento \u00e9 pela participa\u00e7\u00e3o de comitivas de toda regi\u00e3o.<\/p>\n<p>&#8220;Todas as comitivas participantes receber\u00e3o trof\u00e9us como nosso agradecimento pela t\u00e3o importante participa\u00e7\u00e3o. As comitivas se divertem e as entidades s\u00e3o beneficiadas e isso merece nosso reconhecimento.&#8221; comentou o idealizador da\u00a0Cavalgada\u00a0do\u00a0Bem, Matheus Parra.<\/p>\n<p><strong>Almo\u00e7o<\/strong><\/p>\n<p>Ap\u00f3s a Cavalgada do Bem que percorre os principais trechos de Adamantina, os cavaleiros e a popula\u00e7\u00e3o em geral participam de um almo\u00e7o. O valor do convite ser\u00e1 de R$30,00 para os cavaleiros montados, sendo um cavaleiro por cavalo e dois por charrete.<\/p>\n<p>Para a popula\u00e7\u00e3o em geral, o convite tem o valor de R$40,00 e as crian\u00e7as at\u00e9 10 anos n\u00e3o pagam mediante a apresenta\u00e7\u00e3o do documento.<\/p>\n<p>O almo\u00e7o ter\u00e1 como card\u00e1pio: arroz, feij\u00e3o gordo, carne bovina, su\u00edna e lingui\u00e7a, mandioca, salada e farofa.<\/p>\n<p><strong>Onde adquirir os convites?<\/strong><\/p>\n<p>Os pontos de venda dos convites para o almo\u00e7o da Cavalgada do Bem s\u00e3o:<\/p>\n<ul>\n<li>Carnes e Companhia;<\/li>\n<li>Florada Po\u00e7os Artesianos,<\/li>\n<li>Centro de Equoterapia Passos que Curam;<\/li>\n<li>Conveni\u00eancia do Luiz;<\/li>\n<li>Bar e Mercearia Nossa Senhora Aparecida no Jardim Ipiranga;<\/li>\n<li>Wizard;<\/li>\n<li>Casa de Carnes Adamantina;<\/li>\n<li>America Country;<\/li>\n<li>Entidades Casa da Sopa e Vicentinos<\/li>\n<\/ul>\n<p>Mais informa\u00e7\u00f5es podem ser obtidas com Gustavo Mitsuaki Namba (18) 99678-9852; Matheus Campos Garcia Parra (18) 98135-2410.<\/p>\n<p>&nbsp;<\/p>\n<p>Fonte: Assessoria de Imprensa<\/p>\n","protected":false},"excerpt":{"rendered":"<p>A 30\u00aa Feira do Verde e Exposi\u00e7\u00e3o Agropecu\u00e1ria, Comercial e Industrial de Adamantina ser\u00e1 realizada de 30 de agosto a 4 de setembro, por\u00e9m a festa come\u00e7a com a Cavalgada do Bem que acontece no dia 28 de agosto. Esse ano, os recursos arrecadados pela a\u00e7\u00e3o,\u00a0que \u00e9 organizada por um grupo de volunt\u00e1rios, ser\u00e3o revertidos [&hellip;]<\/p>\n","protected":false},"author":13,"featured_media":56408,"comment_status":"closed","ping_status":"open","sticky":false,"template":"","format":"standard","meta":{"_acf_changed":false,"_exactmetrics_skip_tracking":false,"_exactmetrics_sitenote_active":false,"_exactmetrics_sitenote_note":"","_exactmetrics_sitenote_category":0,"footnotes":""},"categories":[21],"tags":[],"class_list":["post-56407","post","type-post","status-publish","format-standard","has-post-thumbnail","hentry","category-adamantina"],"acf":[],"yoast_head":"<!-- This site is optimized with the Yoast SEO plugin v27.2 - https:\/\/yoast.com\/product\/yoast-seo-wordpress\/ -->\n<title>Convites para almo\u00e7o que integra a Cavalgada do Bem come\u00e7am a ser vendidos - R\u00e1dio Life FM<\/title>\n<meta name=\"robots\" content=\"index, follow, max-snippet:-1, max-image-preview:large, max-video-preview:-1\" \/>\n<link rel=\"canonical\" href=\"https:\/\/radiolifefm.com.br\/noticias\/convites-para-almoco-que-integra-a-cavalgada-do-bem-comecam-a-ser-vendidos\/\" \/>\n<meta property=\"og:locale\" content=\"pt_BR\" \/>\n<meta property=\"og:type\" content=\"article\" \/>\n<meta property=\"og:title\" content=\"Convites para almo\u00e7o que integra a Cavalgada do Bem come\u00e7am a ser vendidos - R\u00e1dio Life FM\" \/>\n<meta property=\"og:description\" content=\"A 30\u00aa Feira do Verde e Exposi\u00e7\u00e3o Agropecu\u00e1ria, Comercial e Industrial de Adamantina ser\u00e1 realizada de 30 de agosto a 4 de setembro, por\u00e9m a festa come\u00e7a com a Cavalgada do Bem que acontece no dia 28 de agosto. Esse ano, os recursos arrecadados pela a\u00e7\u00e3o,\u00a0que \u00e9 organizada por um grupo de volunt\u00e1rios, ser\u00e3o revertidos [&hellip;]\" \/>\n<meta property=\"og:url\" content=\"https:\/\/radiolifefm.com.br\/noticias\/convites-para-almoco-que-integra-a-cavalgada-do-bem-comecam-a-ser-vendidos\/\" \/>\n<meta property=\"og:site_name\" content=\"R\u00e1dio Life FM\" \/>\n<meta property=\"article:publisher\" content=\"https:\/\/www.facebook.com\/radiolifefm\/\" \/>\n<meta property=\"article:published_time\" content=\"2022-07-28T23:20:15+00:00\" \/>\n<meta property=\"article:modified_time\" content=\"2026-04-27T01:26:05+00:00\" \/>\n<meta property=\"og:image\" content=\"https:\/\/radiolifefm.com.br\/noticias\/wp-content\/uploads\/2022\/07\/9b3d88e669f80e43fee83c74d3f49278.jpg\" \/>\n\t<meta property=\"og:image:width\" content=\"848\" \/>\n\t<meta property=\"og:image:height\" content=\"347\" \/>\n\t<meta property=\"og:image:type\" content=\"image\/jpeg\" \/>\n<meta name=\"author\" content=\"ritanery\" \/>\n<meta name=\"twitter:card\" content=\"summary_large_image\" \/>\n<meta name=\"twitter:label1\" content=\"Escrito por\" \/>\n\t<meta name=\"twitter:data1\" content=\"ritanery\" \/>\n\t<meta name=\"twitter:label2\" content=\"Est. tempo de leitura\" \/>\n\t<meta name=\"twitter:data2\" content=\"2 minutos\" \/>\n<script type=\"application\/ld+json\" class=\"yoast-schema-graph\">{\"@context\":\"https:\/\/schema.org\",\"@graph\":[{\"@type\":\"Article\",\"@id\":\"https:\/\/radiolifefm.com.br\/noticias\/convites-para-almoco-que-integra-a-cavalgada-do-bem-comecam-a-ser-vendidos\/#article\",\"isPartOf\":{\"@id\":\"https:\/\/radiolifefm.com.br\/noticias\/convites-para-almoco-que-integra-a-cavalgada-do-bem-comecam-a-ser-vendidos\/\"},\"author\":{\"name\":\"ritanery\",\"@id\":\"https:\/\/radiolifefm.com.br\/noticias\/#\/schema\/person\/6339b9fac59d12b071dec680d7375d87\"},\"headline\":\"Convites para almo\u00e7o que integra a Cavalgada do Bem come\u00e7am a ser vendidos\",\"datePublished\":\"2022-07-28T23:20:15+00:00\",\"dateModified\":\"2026-04-27T01:26:05+00:00\",\"mainEntityOfPage\":{\"@id\":\"https:\/\/radiolifefm.com.br\/noticias\/convites-para-almoco-que-integra-a-cavalgada-do-bem-comecam-a-ser-vendidos\/\"},\"wordCount\":327,\"publisher\":{\"@id\":\"https:\/\/radiolifefm.com.br\/noticias\/#organization\"},\"image\":{\"@id\":\"https:\/\/radiolifefm.com.br\/noticias\/convites-para-almoco-que-integra-a-cavalgada-do-bem-comecam-a-ser-vendidos\/#primaryimage\"},\"thumbnailUrl\":\"https:\/\/radiolifefm.com.br\/noticias\/wp-content\/uploads\/2022\/07\/9b3d88e669f80e43fee83c74d3f49278.jpg\",\"articleSection\":[\"Adamantina\"],\"inLanguage\":\"pt-BR\"},{\"@type\":\"WebPage\",\"@id\":\"https:\/\/radiolifefm.com.br\/noticias\/convites-para-almoco-que-integra-a-cavalgada-do-bem-comecam-a-ser-vendidos\/\",\"url\":\"https:\/\/radiolifefm.com.br\/noticias\/convites-para-almoco-que-integra-a-cavalgada-do-bem-comecam-a-ser-vendidos\/\",\"name\":\"Convites para almo\u00e7o que integra a Cavalgada do Bem come\u00e7am a ser vendidos - R\u00e1dio Life FM\",\"isPartOf\":{\"@id\":\"https:\/\/radiolifefm.com.br\/noticias\/#website\"},\"primaryImageOfPage\":{\"@id\":\"https:\/\/radiolifefm.com.br\/noticias\/convites-para-almoco-que-integra-a-cavalgada-do-bem-comecam-a-ser-vendidos\/#primaryimage\"},\"image\":{\"@id\":\"https:\/\/radiolifefm.com.br\/noticias\/convites-para-almoco-que-integra-a-cavalgada-do-bem-comecam-a-ser-vendidos\/#primaryimage\"},\"thumbnailUrl\":\"https:\/\/radiolifefm.com.br\/noticias\/wp-content\/uploads\/2022\/07\/9b3d88e669f80e43fee83c74d3f49278.jpg\",\"datePublished\":\"2022-07-28T23:20:15+00:00\",\"dateModified\":\"2026-04-27T01:26:05+00:00\",\"breadcrumb\":{\"@id\":\"https:\/\/radiolifefm.com.br\/noticias\/convites-para-almoco-que-integra-a-cavalgada-do-bem-comecam-a-ser-vendidos\/#breadcrumb\"},\"inLanguage\":\"pt-BR\",\"potentialAction\":[{\"@type\":\"ReadAction\",\"target\":[\"https:\/\/radiolifefm.com.br\/noticias\/convites-para-almoco-que-integra-a-cavalgada-do-bem-comecam-a-ser-vendidos\/\"]}]},{\"@type\":\"ImageObject\",\"inLanguage\":\"pt-BR\",\"@id\":\"https:\/\/radiolifefm.com.br\/noticias\/convites-para-almoco-que-integra-a-cavalgada-do-bem-comecam-a-ser-vendidos\/#primaryimage\",\"url\":\"https:\/\/radiolifefm.com.br\/noticias\/wp-content\/uploads\/2022\/07\/9b3d88e669f80e43fee83c74d3f49278.jpg\",\"contentUrl\":\"https:\/\/radiolifefm.com.br\/noticias\/wp-content\/uploads\/2022\/07\/9b3d88e669f80e43fee83c74d3f49278.jpg\",\"width\":848,\"height\":347},{\"@type\":\"BreadcrumbList\",\"@id\":\"https:\/\/radiolifefm.com.br\/noticias\/convites-para-almoco-que-integra-a-cavalgada-do-bem-comecam-a-ser-vendidos\/#breadcrumb\",\"itemListElement\":[{\"@type\":\"ListItem\",\"position\":1,\"name\":\"In\u00edcio\",\"item\":\"https:\/\/radiolifefm.com.br\/noticias\/\"},{\"@type\":\"ListItem\",\"position\":2,\"name\":\"Convites para almo\u00e7o que integra a Cavalgada do Bem come\u00e7am a ser vendidos\"}]},{\"@type\":\"WebSite\",\"@id\":\"https:\/\/radiolifefm.com.br\/noticias\/#website\",\"url\":\"https:\/\/radiolifefm.com.br\/noticias\/\",\"name\":\"R\u00e1dio Life FM\",\"description\":\"O Portal de Not\u00edcias de Adamantina\",\"publisher\":{\"@id\":\"https:\/\/radiolifefm.com.br\/noticias\/#organization\"},\"alternateName\":\"Life FM\",\"potentialAction\":[{\"@type\":\"SearchAction\",\"target\":{\"@type\":\"EntryPoint\",\"urlTemplate\":\"https:\/\/radiolifefm.com.br\/noticias\/?s={search_term_string}\"},\"query-input\":{\"@type\":\"PropertyValueSpecification\",\"valueRequired\":true,\"valueName\":\"search_term_string\"}}],\"inLanguage\":\"pt-BR\"},{\"@type\":\"Organization\",\"@id\":\"https:\/\/radiolifefm.com.br\/noticias\/#organization\",\"name\":\"R\u00e1dio Life FM\",\"alternateName\":\"Life FM\",\"url\":\"https:\/\/radiolifefm.com.br\/noticias\/\",\"logo\":{\"@type\":\"ImageObject\",\"inLanguage\":\"pt-BR\",\"@id\":\"https:\/\/radiolifefm.com.br\/noticias\/#\/schema\/logo\/image\/\",\"url\":\"https:\/\/static.radiolifefm.com.br\/noticias\/wp-content\/uploads\/2019\/10\/logo-lifefm.png\",\"contentUrl\":\"https:\/\/static.radiolifefm.com.br\/noticias\/wp-content\/uploads\/2019\/10\/logo-lifefm.png\",\"width\":196,\"height\":47,\"caption\":\"R\u00e1dio Life FM\"},\"image\":{\"@id\":\"https:\/\/radiolifefm.com.br\/noticias\/#\/schema\/logo\/image\/\"},\"sameAs\":[\"https:\/\/www.facebook.com\/radiolifefm\/\",\"https:\/\/www.instagram.com\/life1079fm\/\"]},{\"@type\":\"Person\",\"@id\":\"https:\/\/radiolifefm.com.br\/noticias\/#\/schema\/person\/6339b9fac59d12b071dec680d7375d87\",\"name\":\"ritanery\",\"image\":{\"@type\":\"ImageObject\",\"inLanguage\":\"pt-BR\",\"@id\":\"https:\/\/secure.gravatar.com\/avatar\/0e37bb19071f47c0b8a23f62a903df117c5a0e75f65a0c2901562f97cd41cf86?s=96&d=mm&r=g\",\"url\":\"https:\/\/secure.gravatar.com\/avatar\/0e37bb19071f47c0b8a23f62a903df117c5a0e75f65a0c2901562f97cd41cf86?s=96&d=mm&r=g\",\"contentUrl\":\"https:\/\/secure.gravatar.com\/avatar\/0e37bb19071f47c0b8a23f62a903df117c5a0e75f65a0c2901562f97cd41cf86?s=96&d=mm&r=g\",\"caption\":\"ritanery\"}}]}<\/script>\n<!-- \/ Yoast SEO plugin. -->","yoast_head_json":{"title":"Convites para almo\u00e7o que integra a Cavalgada do Bem come\u00e7am a ser vendidos - R\u00e1dio Life FM","robots":{"index":"index","follow":"follow","max-snippet":"max-snippet:-1","max-image-preview":"max-image-preview:large","max-video-preview":"max-video-preview:-1"},"canonical":"https:\/\/radiolifefm.com.br\/noticias\/convites-para-almoco-que-integra-a-cavalgada-do-bem-comecam-a-ser-vendidos\/","og_locale":"pt_BR","og_type":"article","og_title":"Convites para almo\u00e7o que integra a Cavalgada do Bem come\u00e7am a ser vendidos - R\u00e1dio Life FM","og_description":"A 30\u00aa Feira do Verde e Exposi\u00e7\u00e3o Agropecu\u00e1ria, Comercial e Industrial de Adamantina ser\u00e1 realizada de 30 de agosto a 4 de setembro, por\u00e9m a festa come\u00e7a com a Cavalgada do Bem que acontece no dia 28 de agosto. Esse ano, os recursos arrecadados pela a\u00e7\u00e3o,\u00a0que \u00e9 organizada por um grupo de volunt\u00e1rios, ser\u00e3o revertidos [&hellip;]","og_url":"https:\/\/radiolifefm.com.br\/noticias\/convites-para-almoco-que-integra-a-cavalgada-do-bem-comecam-a-ser-vendidos\/","og_site_name":"R\u00e1dio Life FM","article_publisher":"https:\/\/www.facebook.com\/radiolifefm\/","article_published_time":"2022-07-28T23:20:15+00:00","article_modified_time":"2026-04-27T01:26:05+00:00","og_image":[{"width":848,"height":347,"url":"https:\/\/radiolifefm.com.br\/noticias\/wp-content\/uploads\/2022\/07\/9b3d88e669f80e43fee83c74d3f49278.jpg","type":"image\/jpeg"}],"author":"ritanery","twitter_card":"summary_large_image","twitter_misc":{"Escrito por":"ritanery","Est. tempo de leitura":"2 minutos"},"schema":{"@context":"https:\/\/schema.org","@graph":[{"@type":"Article","@id":"https:\/\/radiolifefm.com.br\/noticias\/convites-para-almoco-que-integra-a-cavalgada-do-bem-comecam-a-ser-vendidos\/#article","isPartOf":{"@id":"https:\/\/radiolifefm.com.br\/noticias\/convites-para-almoco-que-integra-a-cavalgada-do-bem-comecam-a-ser-vendidos\/"},"author":{"name":"ritanery","@id":"https:\/\/radiolifefm.com.br\/noticias\/#\/schema\/person\/6339b9fac59d12b071dec680d7375d87"},"headline":"Convites para almo\u00e7o que integra a Cavalgada do Bem come\u00e7am a ser vendidos","datePublished":"2022-07-28T23:20:15+00:00","dateModified":"2026-04-27T01:26:05+00:00","mainEntityOfPage":{"@id":"https:\/\/radiolifefm.com.br\/noticias\/convites-para-almoco-que-integra-a-cavalgada-do-bem-comecam-a-ser-vendidos\/"},"wordCount":327,"publisher":{"@id":"https:\/\/radiolifefm.com.br\/noticias\/#organization"},"image":{"@id":"https:\/\/radiolifefm.com.br\/noticias\/convites-para-almoco-que-integra-a-cavalgada-do-bem-comecam-a-ser-vendidos\/#primaryimage"},"thumbnailUrl":"https:\/\/radiolifefm.com.br\/noticias\/wp-content\/uploads\/2022\/07\/9b3d88e669f80e43fee83c74d3f49278.jpg","articleSection":["Adamantina"],"inLanguage":"pt-BR"},{"@type":"WebPage","@id":"https:\/\/radiolifefm.com.br\/noticias\/convites-para-almoco-que-integra-a-cavalgada-do-bem-comecam-a-ser-vendidos\/","url":"https:\/\/radiolifefm.com.br\/noticias\/convites-para-almoco-que-integra-a-cavalgada-do-bem-comecam-a-ser-vendidos\/","name":"Convites para almo\u00e7o que integra a Cavalgada do Bem come\u00e7am a ser vendidos - R\u00e1dio Life FM","isPartOf":{"@id":"https:\/\/radiolifefm.com.br\/noticias\/#website"},"primaryImageOfPage":{"@id":"https:\/\/radiolifefm.com.br\/noticias\/convites-para-almoco-que-integra-a-cavalgada-do-bem-comecam-a-ser-vendidos\/#primaryimage"},"image":{"@id":"https:\/\/radiolifefm.com.br\/noticias\/convites-para-almoco-que-integra-a-cavalgada-do-bem-comecam-a-ser-vendidos\/#primaryimage"},"thumbnailUrl":"https:\/\/radiolifefm.com.br\/noticias\/wp-content\/uploads\/2022\/07\/9b3d88e669f80e43fee83c74d3f49278.jpg","datePublished":"2022-07-28T23:20:15+00:00","dateModified":"2026-04-27T01:26:05+00:00","breadcrumb":{"@id":"https:\/\/radiolifefm.com.br\/noticias\/convites-para-almoco-que-integra-a-cavalgada-do-bem-comecam-a-ser-vendidos\/#breadcrumb"},"inLanguage":"pt-BR","potentialAction":[{"@type":"ReadAction","target":["https:\/\/radiolifefm.com.br\/noticias\/convites-para-almoco-que-integra-a-cavalgada-do-bem-comecam-a-ser-vendidos\/"]}]},{"@type":"ImageObject","inLanguage":"pt-BR","@id":"https:\/\/radiolifefm.com.br\/noticias\/convites-para-almoco-que-integra-a-cavalgada-do-bem-comecam-a-ser-vendidos\/#primaryimage","url":"https:\/\/radiolifefm.com.br\/noticias\/wp-content\/uploads\/2022\/07\/9b3d88e669f80e43fee83c74d3f49278.jpg","contentUrl":"https:\/\/radiolifefm.com.br\/noticias\/wp-content\/uploads\/2022\/07\/9b3d88e669f80e43fee83c74d3f49278.jpg","width":848,"height":347},{"@type":"BreadcrumbList","@id":"https:\/\/radiolifefm.com.br\/noticias\/convites-para-almoco-que-integra-a-cavalgada-do-bem-comecam-a-ser-vendidos\/#breadcrumb","itemListElement":[{"@type":"ListItem","position":1,"name":"In\u00edcio","item":"https:\/\/radiolifefm.com.br\/noticias\/"},{"@type":"ListItem","position":2,"name":"Convites para almo\u00e7o que integra a Cavalgada do Bem come\u00e7am a ser vendidos"}]},{"@type":"WebSite","@id":"https:\/\/radiolifefm.com.br\/noticias\/#website","url":"https:\/\/radiolifefm.com.br\/noticias\/","name":"R\u00e1dio Life FM","description":"O Portal de Not\u00edcias de Adamantina","publisher":{"@id":"https:\/\/radiolifefm.com.br\/noticias\/#organization"},"alternateName":"Life FM","potentialAction":[{"@type":"SearchAction","target":{"@type":"EntryPoint","urlTemplate":"https:\/\/radiolifefm.com.br\/noticias\/?s={search_term_string}"},"query-input":{"@type":"PropertyValueSpecification","valueRequired":true,"valueName":"search_term_string"}}],"inLanguage":"pt-BR"},{"@type":"Organization","@id":"https:\/\/radiolifefm.com.br\/noticias\/#organization","name":"R\u00e1dio Life FM","alternateName":"Life FM","url":"https:\/\/radiolifefm.com.br\/noticias\/","logo":{"@type":"ImageObject","inLanguage":"pt-BR","@id":"https:\/\/radiolifefm.com.br\/noticias\/#\/schema\/logo\/image\/","url":"https:\/\/static.radiolifefm.com.br\/noticias\/wp-content\/uploads\/2019\/10\/logo-lifefm.png","contentUrl":"https:\/\/static.radiolifefm.com.br\/noticias\/wp-content\/uploads\/2019\/10\/logo-lifefm.png","width":196,"height":47,"caption":"R\u00e1dio Life FM"},"image":{"@id":"https:\/\/radiolifefm.com.br\/noticias\/#\/schema\/logo\/image\/"},"sameAs":["https:\/\/www.facebook.com\/radiolifefm\/","https:\/\/www.instagram.com\/life1079fm\/"]},{"@type":"Person","@id":"https:\/\/radiolifefm.com.br\/noticias\/#\/schema\/person\/6339b9fac59d12b071dec680d7375d87","name":"ritanery","image":{"@type":"ImageObject","inLanguage":"pt-BR","@id":"https:\/\/secure.gravatar.com\/avatar\/0e37bb19071f47c0b8a23f62a903df117c5a0e75f65a0c2901562f97cd41cf86?s=96&d=mm&r=g","url":"https:\/\/secure.gravatar.com\/avatar\/0e37bb19071f47c0b8a23f62a903df117c5a0e75f65a0c2901562f97cd41cf86?s=96&d=mm&r=g","contentUrl":"https:\/\/secure.gravatar.com\/avatar\/0e37bb19071f47c0b8a23f62a903df117c5a0e75f65a0c2901562f97cd41cf86?s=96&d=mm&r=g","caption":"ritanery"}}]}},"amp_enabled":true,"_links":{"self":[{"href":"https:\/\/radiolifefm.com.br\/noticias\/wp-json\/wp\/v2\/posts\/56407","targetHints":{"allow":["GET"]}}],"collection":[{"href":"https:\/\/radiolifefm.com.br\/noticias\/wp-json\/wp\/v2\/posts"}],"about":[{"href":"https:\/\/radiolifefm.com.br\/noticias\/wp-json\/wp\/v2\/types\/post"}],"author":[{"embeddable":true,"href":"https:\/\/radiolifefm.com.br\/noticias\/wp-json\/wp\/v2\/users\/13"}],"replies":[{"embeddable":true,"href":"https:\/\/radiolifefm.com.br\/noticias\/wp-json\/wp\/v2\/comments?post=56407"}],"version-history":[{"count":1,"href":"https:\/\/radiolifefm.com.br\/noticias\/wp-json\/wp\/v2\/posts\/56407\/revisions"}],"predecessor-version":[{"id":56409,"href":"https:\/\/radiolifefm.com.br\/noticias\/wp-json\/wp\/v2\/posts\/56407\/revisions\/56409"}],"wp:featuredmedia":[{"embeddable":true,"href":"https:\/\/radiolifefm.com.br\/noticias\/wp-json\/wp\/v2\/media\/56408"}],"wp:attachment":[{"href":"https:\/\/radiolifefm.com.br\/noticias\/wp-json\/wp\/v2\/media?parent=56407"}],"wp:term":[{"taxonomy":"category","embeddable":true,"href":"https:\/\/radiolifefm.com.br\/noticias\/wp-json\/wp\/v2\/categories?post=56407"},{"taxonomy":"post_tag","embeddable":true,"href":"https:\/\/radiolifefm.com.br\/noticias\/wp-json\/wp\/v2\/tags?post=56407"}],"curies":[{"name":"wp","href":"https:\/\/api.w.org\/{rel}","templated":true}]}}