{"id":56401,"date":"2022-07-28T10:28:43","date_gmt":"2022-07-28T13:28:43","guid":{"rendered":"https:\/\/radiolifefm.com.br\/noticias\/?p=56401"},"modified":"2026-04-10T19:18:54","modified_gmt":"2026-04-10T22:18:54","slug":"ciebp-tera-capacidade-de-receber-ate-2-mil-alunos-por-dia","status":"publish","type":"post","link":"https:\/\/radiolifefm.com.br\/noticias\/ciebp-tera-capacidade-de-receber-ate-2-mil-alunos-por-dia\/","title":{"rendered":"CIEBP ter\u00e1 capacidade de receber at\u00e9 2 mil alunos por dia"},"content":{"rendered":"<div id=\"fb-root\"><\/div>\n<p>Em coletiva de imprensa realizada na manh\u00e3 da \u00faltima quarta-feira (20) o prefeito M\u00e1rcio Cardim afirmou que a unidade de Adamantina do CIEBP (Centro de Inova\u00e7\u00e3o da Educa\u00e7\u00e3o B\u00e1sica Paulista) ter\u00e1 capacidade de receber at\u00e9 2 mil alunos por dia. \u201cE temos uma esperan\u00e7a muito grande de atingir essa quantidade\u201d.<\/p>\n<p>O programa est\u00e1 sendo implantado no munic\u00edpio pela Secretaria Estadual de Educa\u00e7\u00e3o por meio da Diretoria de Ensino da Regi\u00e3o de Adamantina. Tem como finalidade potencializar a cria\u00e7\u00e3o, o desenvolvimento, a avalia\u00e7\u00e3o e a disponibiliza\u00e7\u00e3o de m\u00e9todos, pr\u00e1ticas e tecnologias para atender aos desafios do ensino p\u00fablico contempor\u00e2neo.<\/p>\n<p>A Prefeitura viabilizou a adequa\u00e7\u00e3o de 10 salas disponibilizadas pela UNIFAI (Centro Universit\u00e1rio de Adamantina) onde ser\u00e1 desenvolvido o CIEBP, no Campus I.<\/p>\n<p>Para atender essa de manda de estudantes\/visitantes, ainda segundo o chefe do executivo, o Governo do Estado j\u00e1 contratou 22 novos professores, que est\u00e3o sendo capacitados para atuarem na unidade adamantinense.<\/p>\n<p>\u201cO aluno passar\u00e1 o dia todo aprendendo nos laborat\u00f3rios. E para a UNIFAI ser\u00e1 o melhor dos mundos, porque, al\u00e9m de ter uma mostra de profiss\u00f5es permanente no Campus I com o funcionamento do CIEBP, a estrutura servir\u00e1 como vitrine para os futuros universit\u00e1rios\u201d, contextualizou. E enfatizou; Somente 20 cidades do Estado ter\u00e3o o CIEBP. Para ter uma ideia, munic\u00edpios como Presidente Prudente, Ara\u00e7atuba e S\u00e3o Jos\u00e9 do Rio Preto n\u00e3o conseguiram. E Adamantina conseguiu! Ent\u00e3o, o que vai acontecer naquela unidade? Poderemos trazer toda a regi\u00e3o para c\u00e1\u201d.<\/p>\n<p>Cardim revelou tamb\u00e9m que apenas de recursos pr\u00f3prios do Munic\u00edpio, nas adequa\u00e7\u00f5es dos 10 laborat\u00f3rios, o investimento est\u00e1 sendo de aproximadamente R$ 500 mil. J\u00e1 a previs\u00e3o de aporte pelo Estado \u00e9 de mais de R$ 1 milh\u00e3o para a aquisi\u00e7\u00e3o dos equipamentos.<\/p>\n<p>As obras nas salas est\u00e3o em execu\u00e7\u00e3o. E n\u00e3o h\u00e1 no momento uma data para a inaugura\u00e7\u00e3o e in\u00edcio do funcionamento do CIEBP em Adamantina.<\/p>\n<p>A unidade adamantinense contar\u00e1 com os seguintes espa\u00e7os: Hub de inova\u00e7\u00e3o, computa\u00e7\u00e3o na pr\u00e1tica, programa\u00e7\u00e3o descomplicada, est\u00fadio, cultura digital, prototipagem e criatividade e prototipagem e fabrica\u00e7\u00e3o digital.<\/p>\n<p>Nestes ambientes os alunos, no contraturno escolar, ir\u00e3o experimentar liberdade para o aprendizado e colocar\u00e1 em pr\u00e1tica sua criatividade idealizando projetos.<\/p>\n<p>&nbsp;<\/p>\n<p>&nbsp;<\/p>\n<p>Fonte: Adamantina Net<\/p>\n","protected":false},"excerpt":{"rendered":"<p>Em coletiva de imprensa realizada na manh\u00e3 da \u00faltima quarta-feira (20) o prefeito M\u00e1rcio Cardim afirmou que a unidade de Adamantina do CIEBP (Centro de Inova\u00e7\u00e3o da Educa\u00e7\u00e3o B\u00e1sica Paulista) ter\u00e1 capacidade de receber at\u00e9 2 mil alunos por dia. \u201cE temos uma esperan\u00e7a muito grande de atingir essa quantidade\u201d. O programa est\u00e1 sendo implantado [&hellip;]<\/p>\n","protected":false},"author":13,"featured_media":56402,"comment_status":"closed","ping_status":"open","sticky":false,"template":"","format":"standard","meta":{"_acf_changed":false,"_exactmetrics_skip_tracking":false,"_exactmetrics_sitenote_active":false,"_exactmetrics_sitenote_note":"","_exactmetrics_sitenote_category":0,"footnotes":""},"categories":[21],"tags":[],"class_list":["post-56401","post","type-post","status-publish","format-standard","has-post-thumbnail","hentry","category-adamantina"],"acf":[],"yoast_head":"<!-- This site is optimized with the Yoast SEO plugin v27.2 - https:\/\/yoast.com\/product\/yoast-seo-wordpress\/ -->\n<title>CIEBP ter\u00e1 capacidade de receber at\u00e9 2 mil alunos por dia - R\u00e1dio Life FM<\/title>\n<meta name=\"robots\" content=\"index, follow, max-snippet:-1, max-image-preview:large, max-video-preview:-1\" \/>\n<link rel=\"canonical\" href=\"https:\/\/radiolifefm.com.br\/noticias\/ciebp-tera-capacidade-de-receber-ate-2-mil-alunos-por-dia\/\" \/>\n<meta property=\"og:locale\" content=\"pt_BR\" \/>\n<meta property=\"og:type\" content=\"article\" \/>\n<meta property=\"og:title\" content=\"CIEBP ter\u00e1 capacidade de receber at\u00e9 2 mil alunos por dia - R\u00e1dio Life FM\" \/>\n<meta property=\"og:description\" content=\"Em coletiva de imprensa realizada na manh\u00e3 da \u00faltima quarta-feira (20) o prefeito M\u00e1rcio Cardim afirmou que a unidade de Adamantina do CIEBP (Centro de Inova\u00e7\u00e3o da Educa\u00e7\u00e3o B\u00e1sica Paulista) ter\u00e1 capacidade de receber at\u00e9 2 mil alunos por dia. \u201cE temos uma esperan\u00e7a muito grande de atingir essa quantidade\u201d. O programa est\u00e1 sendo implantado [&hellip;]\" \/>\n<meta property=\"og:url\" content=\"https:\/\/radiolifefm.com.br\/noticias\/ciebp-tera-capacidade-de-receber-ate-2-mil-alunos-por-dia\/\" \/>\n<meta property=\"og:site_name\" content=\"R\u00e1dio Life FM\" \/>\n<meta property=\"article:publisher\" content=\"https:\/\/www.facebook.com\/radiolifefm\/\" \/>\n<meta property=\"article:published_time\" content=\"2022-07-28T13:28:43+00:00\" \/>\n<meta property=\"article:modified_time\" content=\"2026-04-10T22:18:54+00:00\" \/>\n<meta property=\"og:image\" content=\"https:\/\/radiolifefm.com.br\/noticias\/wp-content\/uploads\/2022\/07\/cats-15.jpg\" \/>\n\t<meta property=\"og:image:width\" content=\"818\" \/>\n\t<meta property=\"og:image:height\" content=\"459\" \/>\n\t<meta property=\"og:image:type\" content=\"image\/jpeg\" \/>\n<meta name=\"author\" content=\"ritanery\" \/>\n<meta name=\"twitter:card\" content=\"summary_large_image\" \/>\n<meta name=\"twitter:label1\" content=\"Escrito por\" \/>\n\t<meta name=\"twitter:data1\" content=\"ritanery\" \/>\n\t<meta name=\"twitter:label2\" content=\"Est. tempo de leitura\" \/>\n\t<meta name=\"twitter:data2\" content=\"2 minutos\" \/>\n<script type=\"application\/ld+json\" class=\"yoast-schema-graph\">{\"@context\":\"https:\/\/schema.org\",\"@graph\":[{\"@type\":\"Article\",\"@id\":\"https:\/\/radiolifefm.com.br\/noticias\/ciebp-tera-capacidade-de-receber-ate-2-mil-alunos-por-dia\/#article\",\"isPartOf\":{\"@id\":\"https:\/\/radiolifefm.com.br\/noticias\/ciebp-tera-capacidade-de-receber-ate-2-mil-alunos-por-dia\/\"},\"author\":{\"name\":\"ritanery\",\"@id\":\"https:\/\/radiolifefm.com.br\/noticias\/#\/schema\/person\/6339b9fac59d12b071dec680d7375d87\"},\"headline\":\"CIEBP ter\u00e1 capacidade de receber at\u00e9 2 mil alunos por dia\",\"datePublished\":\"2022-07-28T13:28:43+00:00\",\"dateModified\":\"2026-04-10T22:18:54+00:00\",\"mainEntityOfPage\":{\"@id\":\"https:\/\/radiolifefm.com.br\/noticias\/ciebp-tera-capacidade-de-receber-ate-2-mil-alunos-por-dia\/\"},\"wordCount\":415,\"publisher\":{\"@id\":\"https:\/\/radiolifefm.com.br\/noticias\/#organization\"},\"image\":{\"@id\":\"https:\/\/radiolifefm.com.br\/noticias\/ciebp-tera-capacidade-de-receber-ate-2-mil-alunos-por-dia\/#primaryimage\"},\"thumbnailUrl\":\"https:\/\/radiolifefm.com.br\/noticias\/wp-content\/uploads\/2022\/07\/cats-15.jpg\",\"articleSection\":[\"Adamantina\"],\"inLanguage\":\"pt-BR\"},{\"@type\":\"WebPage\",\"@id\":\"https:\/\/radiolifefm.com.br\/noticias\/ciebp-tera-capacidade-de-receber-ate-2-mil-alunos-por-dia\/\",\"url\":\"https:\/\/radiolifefm.com.br\/noticias\/ciebp-tera-capacidade-de-receber-ate-2-mil-alunos-por-dia\/\",\"name\":\"CIEBP ter\u00e1 capacidade de receber at\u00e9 2 mil alunos por dia - R\u00e1dio Life FM\",\"isPartOf\":{\"@id\":\"https:\/\/radiolifefm.com.br\/noticias\/#website\"},\"primaryImageOfPage\":{\"@id\":\"https:\/\/radiolifefm.com.br\/noticias\/ciebp-tera-capacidade-de-receber-ate-2-mil-alunos-por-dia\/#primaryimage\"},\"image\":{\"@id\":\"https:\/\/radiolifefm.com.br\/noticias\/ciebp-tera-capacidade-de-receber-ate-2-mil-alunos-por-dia\/#primaryimage\"},\"thumbnailUrl\":\"https:\/\/radiolifefm.com.br\/noticias\/wp-content\/uploads\/2022\/07\/cats-15.jpg\",\"datePublished\":\"2022-07-28T13:28:43+00:00\",\"dateModified\":\"2026-04-10T22:18:54+00:00\",\"breadcrumb\":{\"@id\":\"https:\/\/radiolifefm.com.br\/noticias\/ciebp-tera-capacidade-de-receber-ate-2-mil-alunos-por-dia\/#breadcrumb\"},\"inLanguage\":\"pt-BR\",\"potentialAction\":[{\"@type\":\"ReadAction\",\"target\":[\"https:\/\/radiolifefm.com.br\/noticias\/ciebp-tera-capacidade-de-receber-ate-2-mil-alunos-por-dia\/\"]}]},{\"@type\":\"ImageObject\",\"inLanguage\":\"pt-BR\",\"@id\":\"https:\/\/radiolifefm.com.br\/noticias\/ciebp-tera-capacidade-de-receber-ate-2-mil-alunos-por-dia\/#primaryimage\",\"url\":\"https:\/\/radiolifefm.com.br\/noticias\/wp-content\/uploads\/2022\/07\/cats-15.jpg\",\"contentUrl\":\"https:\/\/radiolifefm.com.br\/noticias\/wp-content\/uploads\/2022\/07\/cats-15.jpg\",\"width\":818,\"height\":459},{\"@type\":\"BreadcrumbList\",\"@id\":\"https:\/\/radiolifefm.com.br\/noticias\/ciebp-tera-capacidade-de-receber-ate-2-mil-alunos-por-dia\/#breadcrumb\",\"itemListElement\":[{\"@type\":\"ListItem\",\"position\":1,\"name\":\"In\u00edcio\",\"item\":\"https:\/\/radiolifefm.com.br\/noticias\/\"},{\"@type\":\"ListItem\",\"position\":2,\"name\":\"CIEBP ter\u00e1 capacidade de receber at\u00e9 2 mil alunos por dia\"}]},{\"@type\":\"WebSite\",\"@id\":\"https:\/\/radiolifefm.com.br\/noticias\/#website\",\"url\":\"https:\/\/radiolifefm.com.br\/noticias\/\",\"name\":\"R\u00e1dio Life FM\",\"description\":\"O Portal de Not\u00edcias de Adamantina\",\"publisher\":{\"@id\":\"https:\/\/radiolifefm.com.br\/noticias\/#organization\"},\"alternateName\":\"Life FM\",\"potentialAction\":[{\"@type\":\"SearchAction\",\"target\":{\"@type\":\"EntryPoint\",\"urlTemplate\":\"https:\/\/radiolifefm.com.br\/noticias\/?s={search_term_string}\"},\"query-input\":{\"@type\":\"PropertyValueSpecification\",\"valueRequired\":true,\"valueName\":\"search_term_string\"}}],\"inLanguage\":\"pt-BR\"},{\"@type\":\"Organization\",\"@id\":\"https:\/\/radiolifefm.com.br\/noticias\/#organization\",\"name\":\"R\u00e1dio Life FM\",\"alternateName\":\"Life FM\",\"url\":\"https:\/\/radiolifefm.com.br\/noticias\/\",\"logo\":{\"@type\":\"ImageObject\",\"inLanguage\":\"pt-BR\",\"@id\":\"https:\/\/radiolifefm.com.br\/noticias\/#\/schema\/logo\/image\/\",\"url\":\"https:\/\/static.radiolifefm.com.br\/noticias\/wp-content\/uploads\/2019\/10\/logo-lifefm.png\",\"contentUrl\":\"https:\/\/static.radiolifefm.com.br\/noticias\/wp-content\/uploads\/2019\/10\/logo-lifefm.png\",\"width\":196,\"height\":47,\"caption\":\"R\u00e1dio Life FM\"},\"image\":{\"@id\":\"https:\/\/radiolifefm.com.br\/noticias\/#\/schema\/logo\/image\/\"},\"sameAs\":[\"https:\/\/www.facebook.com\/radiolifefm\/\",\"https:\/\/www.instagram.com\/life1079fm\/\"]},{\"@type\":\"Person\",\"@id\":\"https:\/\/radiolifefm.com.br\/noticias\/#\/schema\/person\/6339b9fac59d12b071dec680d7375d87\",\"name\":\"ritanery\",\"image\":{\"@type\":\"ImageObject\",\"inLanguage\":\"pt-BR\",\"@id\":\"https:\/\/secure.gravatar.com\/avatar\/0e37bb19071f47c0b8a23f62a903df117c5a0e75f65a0c2901562f97cd41cf86?s=96&d=mm&r=g\",\"url\":\"https:\/\/secure.gravatar.com\/avatar\/0e37bb19071f47c0b8a23f62a903df117c5a0e75f65a0c2901562f97cd41cf86?s=96&d=mm&r=g\",\"contentUrl\":\"https:\/\/secure.gravatar.com\/avatar\/0e37bb19071f47c0b8a23f62a903df117c5a0e75f65a0c2901562f97cd41cf86?s=96&d=mm&r=g\",\"caption\":\"ritanery\"}}]}<\/script>\n<!-- \/ Yoast SEO plugin. -->","yoast_head_json":{"title":"CIEBP ter\u00e1 capacidade de receber at\u00e9 2 mil alunos por dia - R\u00e1dio Life FM","robots":{"index":"index","follow":"follow","max-snippet":"max-snippet:-1","max-image-preview":"max-image-preview:large","max-video-preview":"max-video-preview:-1"},"canonical":"https:\/\/radiolifefm.com.br\/noticias\/ciebp-tera-capacidade-de-receber-ate-2-mil-alunos-por-dia\/","og_locale":"pt_BR","og_type":"article","og_title":"CIEBP ter\u00e1 capacidade de receber at\u00e9 2 mil alunos por dia - R\u00e1dio Life FM","og_description":"Em coletiva de imprensa realizada na manh\u00e3 da \u00faltima quarta-feira (20) o prefeito M\u00e1rcio Cardim afirmou que a unidade de Adamantina do CIEBP (Centro de Inova\u00e7\u00e3o da Educa\u00e7\u00e3o B\u00e1sica Paulista) ter\u00e1 capacidade de receber at\u00e9 2 mil alunos por dia. \u201cE temos uma esperan\u00e7a muito grande de atingir essa quantidade\u201d. O programa est\u00e1 sendo implantado [&hellip;]","og_url":"https:\/\/radiolifefm.com.br\/noticias\/ciebp-tera-capacidade-de-receber-ate-2-mil-alunos-por-dia\/","og_site_name":"R\u00e1dio Life FM","article_publisher":"https:\/\/www.facebook.com\/radiolifefm\/","article_published_time":"2022-07-28T13:28:43+00:00","article_modified_time":"2026-04-10T22:18:54+00:00","og_image":[{"width":818,"height":459,"url":"https:\/\/radiolifefm.com.br\/noticias\/wp-content\/uploads\/2022\/07\/cats-15.jpg","type":"image\/jpeg"}],"author":"ritanery","twitter_card":"summary_large_image","twitter_misc":{"Escrito por":"ritanery","Est. tempo de leitura":"2 minutos"},"schema":{"@context":"https:\/\/schema.org","@graph":[{"@type":"Article","@id":"https:\/\/radiolifefm.com.br\/noticias\/ciebp-tera-capacidade-de-receber-ate-2-mil-alunos-por-dia\/#article","isPartOf":{"@id":"https:\/\/radiolifefm.com.br\/noticias\/ciebp-tera-capacidade-de-receber-ate-2-mil-alunos-por-dia\/"},"author":{"name":"ritanery","@id":"https:\/\/radiolifefm.com.br\/noticias\/#\/schema\/person\/6339b9fac59d12b071dec680d7375d87"},"headline":"CIEBP ter\u00e1 capacidade de receber at\u00e9 2 mil alunos por dia","datePublished":"2022-07-28T13:28:43+00:00","dateModified":"2026-04-10T22:18:54+00:00","mainEntityOfPage":{"@id":"https:\/\/radiolifefm.com.br\/noticias\/ciebp-tera-capacidade-de-receber-ate-2-mil-alunos-por-dia\/"},"wordCount":415,"publisher":{"@id":"https:\/\/radiolifefm.com.br\/noticias\/#organization"},"image":{"@id":"https:\/\/radiolifefm.com.br\/noticias\/ciebp-tera-capacidade-de-receber-ate-2-mil-alunos-por-dia\/#primaryimage"},"thumbnailUrl":"https:\/\/radiolifefm.com.br\/noticias\/wp-content\/uploads\/2022\/07\/cats-15.jpg","articleSection":["Adamantina"],"inLanguage":"pt-BR"},{"@type":"WebPage","@id":"https:\/\/radiolifefm.com.br\/noticias\/ciebp-tera-capacidade-de-receber-ate-2-mil-alunos-por-dia\/","url":"https:\/\/radiolifefm.com.br\/noticias\/ciebp-tera-capacidade-de-receber-ate-2-mil-alunos-por-dia\/","name":"CIEBP ter\u00e1 capacidade de receber at\u00e9 2 mil alunos por dia - R\u00e1dio Life FM","isPartOf":{"@id":"https:\/\/radiolifefm.com.br\/noticias\/#website"},"primaryImageOfPage":{"@id":"https:\/\/radiolifefm.com.br\/noticias\/ciebp-tera-capacidade-de-receber-ate-2-mil-alunos-por-dia\/#primaryimage"},"image":{"@id":"https:\/\/radiolifefm.com.br\/noticias\/ciebp-tera-capacidade-de-receber-ate-2-mil-alunos-por-dia\/#primaryimage"},"thumbnailUrl":"https:\/\/radiolifefm.com.br\/noticias\/wp-content\/uploads\/2022\/07\/cats-15.jpg","datePublished":"2022-07-28T13:28:43+00:00","dateModified":"2026-04-10T22:18:54+00:00","breadcrumb":{"@id":"https:\/\/radiolifefm.com.br\/noticias\/ciebp-tera-capacidade-de-receber-ate-2-mil-alunos-por-dia\/#breadcrumb"},"inLanguage":"pt-BR","potentialAction":[{"@type":"ReadAction","target":["https:\/\/radiolifefm.com.br\/noticias\/ciebp-tera-capacidade-de-receber-ate-2-mil-alunos-por-dia\/"]}]},{"@type":"ImageObject","inLanguage":"pt-BR","@id":"https:\/\/radiolifefm.com.br\/noticias\/ciebp-tera-capacidade-de-receber-ate-2-mil-alunos-por-dia\/#primaryimage","url":"https:\/\/radiolifefm.com.br\/noticias\/wp-content\/uploads\/2022\/07\/cats-15.jpg","contentUrl":"https:\/\/radiolifefm.com.br\/noticias\/wp-content\/uploads\/2022\/07\/cats-15.jpg","width":818,"height":459},{"@type":"BreadcrumbList","@id":"https:\/\/radiolifefm.com.br\/noticias\/ciebp-tera-capacidade-de-receber-ate-2-mil-alunos-por-dia\/#breadcrumb","itemListElement":[{"@type":"ListItem","position":1,"name":"In\u00edcio","item":"https:\/\/radiolifefm.com.br\/noticias\/"},{"@type":"ListItem","position":2,"name":"CIEBP ter\u00e1 capacidade de receber at\u00e9 2 mil alunos por dia"}]},{"@type":"WebSite","@id":"https:\/\/radiolifefm.com.br\/noticias\/#website","url":"https:\/\/radiolifefm.com.br\/noticias\/","name":"R\u00e1dio Life FM","description":"O Portal de Not\u00edcias de Adamantina","publisher":{"@id":"https:\/\/radiolifefm.com.br\/noticias\/#organization"},"alternateName":"Life FM","potentialAction":[{"@type":"SearchAction","target":{"@type":"EntryPoint","urlTemplate":"https:\/\/radiolifefm.com.br\/noticias\/?s={search_term_string}"},"query-input":{"@type":"PropertyValueSpecification","valueRequired":true,"valueName":"search_term_string"}}],"inLanguage":"pt-BR"},{"@type":"Organization","@id":"https:\/\/radiolifefm.com.br\/noticias\/#organization","name":"R\u00e1dio Life FM","alternateName":"Life FM","url":"https:\/\/radiolifefm.com.br\/noticias\/","logo":{"@type":"ImageObject","inLanguage":"pt-BR","@id":"https:\/\/radiolifefm.com.br\/noticias\/#\/schema\/logo\/image\/","url":"https:\/\/static.radiolifefm.com.br\/noticias\/wp-content\/uploads\/2019\/10\/logo-lifefm.png","contentUrl":"https:\/\/static.radiolifefm.com.br\/noticias\/wp-content\/uploads\/2019\/10\/logo-lifefm.png","width":196,"height":47,"caption":"R\u00e1dio Life FM"},"image":{"@id":"https:\/\/radiolifefm.com.br\/noticias\/#\/schema\/logo\/image\/"},"sameAs":["https:\/\/www.facebook.com\/radiolifefm\/","https:\/\/www.instagram.com\/life1079fm\/"]},{"@type":"Person","@id":"https:\/\/radiolifefm.com.br\/noticias\/#\/schema\/person\/6339b9fac59d12b071dec680d7375d87","name":"ritanery","image":{"@type":"ImageObject","inLanguage":"pt-BR","@id":"https:\/\/secure.gravatar.com\/avatar\/0e37bb19071f47c0b8a23f62a903df117c5a0e75f65a0c2901562f97cd41cf86?s=96&d=mm&r=g","url":"https:\/\/secure.gravatar.com\/avatar\/0e37bb19071f47c0b8a23f62a903df117c5a0e75f65a0c2901562f97cd41cf86?s=96&d=mm&r=g","contentUrl":"https:\/\/secure.gravatar.com\/avatar\/0e37bb19071f47c0b8a23f62a903df117c5a0e75f65a0c2901562f97cd41cf86?s=96&d=mm&r=g","caption":"ritanery"}}]}},"amp_enabled":true,"_links":{"self":[{"href":"https:\/\/radiolifefm.com.br\/noticias\/wp-json\/wp\/v2\/posts\/56401","targetHints":{"allow":["GET"]}}],"collection":[{"href":"https:\/\/radiolifefm.com.br\/noticias\/wp-json\/wp\/v2\/posts"}],"about":[{"href":"https:\/\/radiolifefm.com.br\/noticias\/wp-json\/wp\/v2\/types\/post"}],"author":[{"embeddable":true,"href":"https:\/\/radiolifefm.com.br\/noticias\/wp-json\/wp\/v2\/users\/13"}],"replies":[{"embeddable":true,"href":"https:\/\/radiolifefm.com.br\/noticias\/wp-json\/wp\/v2\/comments?post=56401"}],"version-history":[{"count":1,"href":"https:\/\/radiolifefm.com.br\/noticias\/wp-json\/wp\/v2\/posts\/56401\/revisions"}],"predecessor-version":[{"id":56403,"href":"https:\/\/radiolifefm.com.br\/noticias\/wp-json\/wp\/v2\/posts\/56401\/revisions\/56403"}],"wp:featuredmedia":[{"embeddable":true,"href":"https:\/\/radiolifefm.com.br\/noticias\/wp-json\/wp\/v2\/media\/56402"}],"wp:attachment":[{"href":"https:\/\/radiolifefm.com.br\/noticias\/wp-json\/wp\/v2\/media?parent=56401"}],"wp:term":[{"taxonomy":"category","embeddable":true,"href":"https:\/\/radiolifefm.com.br\/noticias\/wp-json\/wp\/v2\/categories?post=56401"},{"taxonomy":"post_tag","embeddable":true,"href":"https:\/\/radiolifefm.com.br\/noticias\/wp-json\/wp\/v2\/tags?post=56401"}],"curies":[{"name":"wp","href":"https:\/\/api.w.org\/{rel}","templated":true}]}}