{"id":56388,"date":"2022-07-28T10:13:01","date_gmt":"2022-07-28T13:13:01","guid":{"rendered":"https:\/\/radiolifefm.com.br\/noticias\/?p=56388"},"modified":"2025-10-19T21:40:07","modified_gmt":"2025-10-20T00:40:07","slug":"expoverde-2022-amplia-a-grade-do-evento","status":"publish","type":"post","link":"https:\/\/radiolifefm.com.br\/noticias\/expoverde-2022-amplia-a-grade-do-evento\/","title":{"rendered":"ExpoVerde 2022 amplia a grade do evento"},"content":{"rendered":"<div id=\"fb-root\"><\/div>\n<p style=\"font-weight: 400\">Depois de dois anos de pandemia e com a necessidade da manuten\u00e7\u00e3o do distanciamento social e das aglomera\u00e7\u00f5es, as festas precisaram ser canceladas e, entre elas, a ExpoVerde.<\/p>\n<p style=\"font-weight: 400\">Contudo, devido ao cen\u00e1rio epidemiol\u00f3gico do munic\u00edpio e de encontro com o desejo da popula\u00e7\u00e3o que est\u00e1 ansiosa pela retomada na participa\u00e7\u00e3o dos eventos, a Comiss\u00e3o Organizadora da ExpoVerde 2022 definiu que a festa vai ganhar mais um dia.<\/p>\n<p style=\"font-weight: 400\">Sendo assim, ao inv\u00e9s de come\u00e7ar no dia 31 de agosto como divulgado anteriormente, a 30\u00aa edi\u00e7\u00e3o da feira do verde ter\u00e1 in\u00edcio no dia 30 de agosto e encerramento no dia 04 de setembro. De acordo com o presidente, Gustavo Taniguchi Rufino, a grade foi ampliada visando oferecer mais um dia de lazer, bem como fortalecer os neg\u00f3cios que acontecer\u00e3o no com\u00e9rcio, a gera\u00e7\u00e3o de emprego e de levar entretenimento \u00e0 popula\u00e7\u00e3o.<\/p>\n<p style=\"font-weight: 400\">\u201cTodos os nossos espa\u00e7os est\u00e3o praticamente vendidos e atendendo a pedidos de diversos setores optamos por aumentar a festa em mais um dia, pois \u00e9 uma oportunidade n\u00e3o s\u00f3 para quem estar\u00e1 vendendo como tamb\u00e9m para a popula\u00e7\u00e3o que vem prestigiar e se divertir\u201d, assegura.<\/p>\n<p style=\"font-weight: 400\">Conforme o vice-presidente da festa,\u00a0os expositores j\u00e1 confirmados s\u00e3o de Adamantina, Presidente Prudente, Ara\u00e7atuba, Tup\u00e3, Mar\u00edlia, Americana, Hercul\u00e2ndia, Iacri, Pacaemb\u00fa, entre outras.<\/p>\n<p style=\"font-weight: 400\">\u201cPara estimular o com\u00e9rcio, a comiss\u00e3o isentou a taxa praticada dentro do espa\u00e7o verde, para atrair novos expositores e com isso superar as expectativas dos visitantes\u201d, assegura.<\/p>\n<p style=\"font-weight: 400\">Entre as principais esp\u00e9cies que ser\u00e3o comercializadas est\u00e3o as ornamentais de pequeno porte,\u00a0de m\u00e9dio porte e de grande porte. \u201cTamb\u00e9m estar\u00e3o dispon\u00edveis vasos em geral, bem como todos os insumos para o plantio e a manuten\u00e7\u00e3o das plantas\u201d, explica.<\/p>\n<p style=\"font-weight: 400\">A ExpoVerde ainda ter\u00e1 feira de grandes animais no Pavilh\u00e3o do Agroneg\u00f3cio.\u00a0A expectativa \u00e9 que sejam expostos aproximadamente 60\u00a0animais\u00a0entre bovinos e ovinos machos e f\u00eameas no Pavilh\u00e3o do Agroneg\u00f3cio. Este ano, a Associa\u00e7\u00e3o Brasileira de Criadores ZEBU (ABCZ) tamb\u00e9m confirmou presen\u00e7a.<\/p>\n<p>&nbsp;<\/p>\n<p>Fonte: Assessoria de Imprensa<\/p>\n","protected":false},"excerpt":{"rendered":"<p>Depois de dois anos de pandemia e com a necessidade da manuten\u00e7\u00e3o do distanciamento social e das aglomera\u00e7\u00f5es, as festas precisaram ser canceladas e, entre elas, a ExpoVerde. Contudo, devido ao cen\u00e1rio epidemiol\u00f3gico do munic\u00edpio e de encontro com o desejo da popula\u00e7\u00e3o que est\u00e1 ansiosa pela retomada na participa\u00e7\u00e3o dos eventos, a Comiss\u00e3o Organizadora [&hellip;]<\/p>\n","protected":false},"author":13,"featured_media":56389,"comment_status":"closed","ping_status":"open","sticky":false,"template":"","format":"standard","meta":{"_acf_changed":false,"_exactmetrics_skip_tracking":false,"_exactmetrics_sitenote_active":false,"_exactmetrics_sitenote_note":"","_exactmetrics_sitenote_category":0,"footnotes":""},"categories":[21],"tags":[],"class_list":["post-56388","post","type-post","status-publish","format-standard","has-post-thumbnail","hentry","category-adamantina"],"acf":[],"yoast_head":"<!-- This site is optimized with the Yoast SEO plugin v27.2 - https:\/\/yoast.com\/product\/yoast-seo-wordpress\/ -->\n<title>ExpoVerde 2022 amplia a grade do evento - R\u00e1dio Life FM<\/title>\n<meta name=\"robots\" content=\"index, follow, max-snippet:-1, max-image-preview:large, max-video-preview:-1\" \/>\n<link rel=\"canonical\" href=\"https:\/\/radiolifefm.com.br\/noticias\/expoverde-2022-amplia-a-grade-do-evento\/\" \/>\n<meta property=\"og:locale\" content=\"pt_BR\" \/>\n<meta property=\"og:type\" content=\"article\" \/>\n<meta property=\"og:title\" content=\"ExpoVerde 2022 amplia a grade do evento - R\u00e1dio Life FM\" \/>\n<meta property=\"og:description\" content=\"Depois de dois anos de pandemia e com a necessidade da manuten\u00e7\u00e3o do distanciamento social e das aglomera\u00e7\u00f5es, as festas precisaram ser canceladas e, entre elas, a ExpoVerde. Contudo, devido ao cen\u00e1rio epidemiol\u00f3gico do munic\u00edpio e de encontro com o desejo da popula\u00e7\u00e3o que est\u00e1 ansiosa pela retomada na participa\u00e7\u00e3o dos eventos, a Comiss\u00e3o Organizadora [&hellip;]\" \/>\n<meta property=\"og:url\" content=\"https:\/\/radiolifefm.com.br\/noticias\/expoverde-2022-amplia-a-grade-do-evento\/\" \/>\n<meta property=\"og:site_name\" content=\"R\u00e1dio Life FM\" \/>\n<meta property=\"article:publisher\" content=\"https:\/\/www.facebook.com\/radiolifefm\/\" \/>\n<meta property=\"article:published_time\" content=\"2022-07-28T13:13:01+00:00\" \/>\n<meta property=\"article:modified_time\" content=\"2025-10-20T00:40:07+00:00\" \/>\n<meta property=\"og:image\" content=\"https:\/\/static.radiolifefm.com.br\/noticias\/wp-content\/uploads\/2022\/07\/6b4d476af0dfe99b21919efa3ff0c9ce.jpg\" \/>\n\t<meta property=\"og:image:width\" content=\"848\" \/>\n\t<meta property=\"og:image:height\" content=\"307\" \/>\n\t<meta property=\"og:image:type\" content=\"image\/jpeg\" \/>\n<meta name=\"author\" content=\"ritanery\" \/>\n<meta name=\"twitter:card\" content=\"summary_large_image\" \/>\n<meta name=\"twitter:label1\" content=\"Escrito por\" \/>\n\t<meta name=\"twitter:data1\" content=\"ritanery\" \/>\n\t<meta name=\"twitter:label2\" content=\"Est. tempo de leitura\" \/>\n\t<meta name=\"twitter:data2\" content=\"2 minutos\" \/>\n<script type=\"application\/ld+json\" class=\"yoast-schema-graph\">{\"@context\":\"https:\/\/schema.org\",\"@graph\":[{\"@type\":\"Article\",\"@id\":\"https:\/\/radiolifefm.com.br\/noticias\/expoverde-2022-amplia-a-grade-do-evento\/#article\",\"isPartOf\":{\"@id\":\"https:\/\/radiolifefm.com.br\/noticias\/expoverde-2022-amplia-a-grade-do-evento\/\"},\"author\":{\"name\":\"ritanery\",\"@id\":\"https:\/\/radiolifefm.com.br\/noticias\/#\/schema\/person\/6339b9fac59d12b071dec680d7375d87\"},\"headline\":\"ExpoVerde 2022 amplia a grade do evento\",\"datePublished\":\"2022-07-28T13:13:01+00:00\",\"dateModified\":\"2025-10-20T00:40:07+00:00\",\"mainEntityOfPage\":{\"@id\":\"https:\/\/radiolifefm.com.br\/noticias\/expoverde-2022-amplia-a-grade-do-evento\/\"},\"wordCount\":366,\"publisher\":{\"@id\":\"https:\/\/radiolifefm.com.br\/noticias\/#organization\"},\"image\":{\"@id\":\"https:\/\/radiolifefm.com.br\/noticias\/expoverde-2022-amplia-a-grade-do-evento\/#primaryimage\"},\"thumbnailUrl\":\"https:\/\/radiolifefm.com.br\/noticias\/wp-content\/uploads\/2022\/07\/6b4d476af0dfe99b21919efa3ff0c9ce.jpg\",\"articleSection\":[\"Adamantina\"],\"inLanguage\":\"pt-BR\"},{\"@type\":\"WebPage\",\"@id\":\"https:\/\/radiolifefm.com.br\/noticias\/expoverde-2022-amplia-a-grade-do-evento\/\",\"url\":\"https:\/\/radiolifefm.com.br\/noticias\/expoverde-2022-amplia-a-grade-do-evento\/\",\"name\":\"ExpoVerde 2022 amplia a grade do evento - R\u00e1dio Life FM\",\"isPartOf\":{\"@id\":\"https:\/\/radiolifefm.com.br\/noticias\/#website\"},\"primaryImageOfPage\":{\"@id\":\"https:\/\/radiolifefm.com.br\/noticias\/expoverde-2022-amplia-a-grade-do-evento\/#primaryimage\"},\"image\":{\"@id\":\"https:\/\/radiolifefm.com.br\/noticias\/expoverde-2022-amplia-a-grade-do-evento\/#primaryimage\"},\"thumbnailUrl\":\"https:\/\/radiolifefm.com.br\/noticias\/wp-content\/uploads\/2022\/07\/6b4d476af0dfe99b21919efa3ff0c9ce.jpg\",\"datePublished\":\"2022-07-28T13:13:01+00:00\",\"dateModified\":\"2025-10-20T00:40:07+00:00\",\"breadcrumb\":{\"@id\":\"https:\/\/radiolifefm.com.br\/noticias\/expoverde-2022-amplia-a-grade-do-evento\/#breadcrumb\"},\"inLanguage\":\"pt-BR\",\"potentialAction\":[{\"@type\":\"ReadAction\",\"target\":[\"https:\/\/radiolifefm.com.br\/noticias\/expoverde-2022-amplia-a-grade-do-evento\/\"]}]},{\"@type\":\"ImageObject\",\"inLanguage\":\"pt-BR\",\"@id\":\"https:\/\/radiolifefm.com.br\/noticias\/expoverde-2022-amplia-a-grade-do-evento\/#primaryimage\",\"url\":\"https:\/\/radiolifefm.com.br\/noticias\/wp-content\/uploads\/2022\/07\/6b4d476af0dfe99b21919efa3ff0c9ce.jpg\",\"contentUrl\":\"https:\/\/radiolifefm.com.br\/noticias\/wp-content\/uploads\/2022\/07\/6b4d476af0dfe99b21919efa3ff0c9ce.jpg\",\"width\":848,\"height\":307,\"caption\":\"A 30\u00aa Feira do Verde e Exposi\u00e7\u00e3o Agropecu\u00e1ria, Comercial e Industrial de Adamantina ser\u00e1 realizada de 30 de agosto a 4 de setembro\"},{\"@type\":\"BreadcrumbList\",\"@id\":\"https:\/\/radiolifefm.com.br\/noticias\/expoverde-2022-amplia-a-grade-do-evento\/#breadcrumb\",\"itemListElement\":[{\"@type\":\"ListItem\",\"position\":1,\"name\":\"In\u00edcio\",\"item\":\"https:\/\/radiolifefm.com.br\/noticias\/\"},{\"@type\":\"ListItem\",\"position\":2,\"name\":\"ExpoVerde 2022 amplia a grade do evento\"}]},{\"@type\":\"WebSite\",\"@id\":\"https:\/\/radiolifefm.com.br\/noticias\/#website\",\"url\":\"https:\/\/radiolifefm.com.br\/noticias\/\",\"name\":\"R\u00e1dio Life FM\",\"description\":\"O Portal de Not\u00edcias de Adamantina\",\"publisher\":{\"@id\":\"https:\/\/radiolifefm.com.br\/noticias\/#organization\"},\"alternateName\":\"Life FM\",\"potentialAction\":[{\"@type\":\"SearchAction\",\"target\":{\"@type\":\"EntryPoint\",\"urlTemplate\":\"https:\/\/radiolifefm.com.br\/noticias\/?s={search_term_string}\"},\"query-input\":{\"@type\":\"PropertyValueSpecification\",\"valueRequired\":true,\"valueName\":\"search_term_string\"}}],\"inLanguage\":\"pt-BR\"},{\"@type\":\"Organization\",\"@id\":\"https:\/\/radiolifefm.com.br\/noticias\/#organization\",\"name\":\"R\u00e1dio Life FM\",\"alternateName\":\"Life FM\",\"url\":\"https:\/\/radiolifefm.com.br\/noticias\/\",\"logo\":{\"@type\":\"ImageObject\",\"inLanguage\":\"pt-BR\",\"@id\":\"https:\/\/radiolifefm.com.br\/noticias\/#\/schema\/logo\/image\/\",\"url\":\"https:\/\/static.radiolifefm.com.br\/noticias\/wp-content\/uploads\/2019\/10\/logo-lifefm.png\",\"contentUrl\":\"https:\/\/static.radiolifefm.com.br\/noticias\/wp-content\/uploads\/2019\/10\/logo-lifefm.png\",\"width\":196,\"height\":47,\"caption\":\"R\u00e1dio Life FM\"},\"image\":{\"@id\":\"https:\/\/radiolifefm.com.br\/noticias\/#\/schema\/logo\/image\/\"},\"sameAs\":[\"https:\/\/www.facebook.com\/radiolifefm\/\",\"https:\/\/www.instagram.com\/life1079fm\/\"]},{\"@type\":\"Person\",\"@id\":\"https:\/\/radiolifefm.com.br\/noticias\/#\/schema\/person\/6339b9fac59d12b071dec680d7375d87\",\"name\":\"ritanery\",\"image\":{\"@type\":\"ImageObject\",\"inLanguage\":\"pt-BR\",\"@id\":\"https:\/\/secure.gravatar.com\/avatar\/0e37bb19071f47c0b8a23f62a903df117c5a0e75f65a0c2901562f97cd41cf86?s=96&d=mm&r=g\",\"url\":\"https:\/\/secure.gravatar.com\/avatar\/0e37bb19071f47c0b8a23f62a903df117c5a0e75f65a0c2901562f97cd41cf86?s=96&d=mm&r=g\",\"contentUrl\":\"https:\/\/secure.gravatar.com\/avatar\/0e37bb19071f47c0b8a23f62a903df117c5a0e75f65a0c2901562f97cd41cf86?s=96&d=mm&r=g\",\"caption\":\"ritanery\"}}]}<\/script>\n<!-- \/ Yoast SEO plugin. -->","yoast_head_json":{"title":"ExpoVerde 2022 amplia a grade do evento - R\u00e1dio Life FM","robots":{"index":"index","follow":"follow","max-snippet":"max-snippet:-1","max-image-preview":"max-image-preview:large","max-video-preview":"max-video-preview:-1"},"canonical":"https:\/\/radiolifefm.com.br\/noticias\/expoverde-2022-amplia-a-grade-do-evento\/","og_locale":"pt_BR","og_type":"article","og_title":"ExpoVerde 2022 amplia a grade do evento - R\u00e1dio Life FM","og_description":"Depois de dois anos de pandemia e com a necessidade da manuten\u00e7\u00e3o do distanciamento social e das aglomera\u00e7\u00f5es, as festas precisaram ser canceladas e, entre elas, a ExpoVerde. Contudo, devido ao cen\u00e1rio epidemiol\u00f3gico do munic\u00edpio e de encontro com o desejo da popula\u00e7\u00e3o que est\u00e1 ansiosa pela retomada na participa\u00e7\u00e3o dos eventos, a Comiss\u00e3o Organizadora [&hellip;]","og_url":"https:\/\/radiolifefm.com.br\/noticias\/expoverde-2022-amplia-a-grade-do-evento\/","og_site_name":"R\u00e1dio Life FM","article_publisher":"https:\/\/www.facebook.com\/radiolifefm\/","article_published_time":"2022-07-28T13:13:01+00:00","article_modified_time":"2025-10-20T00:40:07+00:00","og_image":[{"width":848,"height":307,"url":"https:\/\/static.radiolifefm.com.br\/noticias\/wp-content\/uploads\/2022\/07\/6b4d476af0dfe99b21919efa3ff0c9ce.jpg","type":"image\/jpeg"}],"author":"ritanery","twitter_card":"summary_large_image","twitter_misc":{"Escrito por":"ritanery","Est. tempo de leitura":"2 minutos"},"schema":{"@context":"https:\/\/schema.org","@graph":[{"@type":"Article","@id":"https:\/\/radiolifefm.com.br\/noticias\/expoverde-2022-amplia-a-grade-do-evento\/#article","isPartOf":{"@id":"https:\/\/radiolifefm.com.br\/noticias\/expoverde-2022-amplia-a-grade-do-evento\/"},"author":{"name":"ritanery","@id":"https:\/\/radiolifefm.com.br\/noticias\/#\/schema\/person\/6339b9fac59d12b071dec680d7375d87"},"headline":"ExpoVerde 2022 amplia a grade do evento","datePublished":"2022-07-28T13:13:01+00:00","dateModified":"2025-10-20T00:40:07+00:00","mainEntityOfPage":{"@id":"https:\/\/radiolifefm.com.br\/noticias\/expoverde-2022-amplia-a-grade-do-evento\/"},"wordCount":366,"publisher":{"@id":"https:\/\/radiolifefm.com.br\/noticias\/#organization"},"image":{"@id":"https:\/\/radiolifefm.com.br\/noticias\/expoverde-2022-amplia-a-grade-do-evento\/#primaryimage"},"thumbnailUrl":"https:\/\/radiolifefm.com.br\/noticias\/wp-content\/uploads\/2022\/07\/6b4d476af0dfe99b21919efa3ff0c9ce.jpg","articleSection":["Adamantina"],"inLanguage":"pt-BR"},{"@type":"WebPage","@id":"https:\/\/radiolifefm.com.br\/noticias\/expoverde-2022-amplia-a-grade-do-evento\/","url":"https:\/\/radiolifefm.com.br\/noticias\/expoverde-2022-amplia-a-grade-do-evento\/","name":"ExpoVerde 2022 amplia a grade do evento - R\u00e1dio Life FM","isPartOf":{"@id":"https:\/\/radiolifefm.com.br\/noticias\/#website"},"primaryImageOfPage":{"@id":"https:\/\/radiolifefm.com.br\/noticias\/expoverde-2022-amplia-a-grade-do-evento\/#primaryimage"},"image":{"@id":"https:\/\/radiolifefm.com.br\/noticias\/expoverde-2022-amplia-a-grade-do-evento\/#primaryimage"},"thumbnailUrl":"https:\/\/radiolifefm.com.br\/noticias\/wp-content\/uploads\/2022\/07\/6b4d476af0dfe99b21919efa3ff0c9ce.jpg","datePublished":"2022-07-28T13:13:01+00:00","dateModified":"2025-10-20T00:40:07+00:00","breadcrumb":{"@id":"https:\/\/radiolifefm.com.br\/noticias\/expoverde-2022-amplia-a-grade-do-evento\/#breadcrumb"},"inLanguage":"pt-BR","potentialAction":[{"@type":"ReadAction","target":["https:\/\/radiolifefm.com.br\/noticias\/expoverde-2022-amplia-a-grade-do-evento\/"]}]},{"@type":"ImageObject","inLanguage":"pt-BR","@id":"https:\/\/radiolifefm.com.br\/noticias\/expoverde-2022-amplia-a-grade-do-evento\/#primaryimage","url":"https:\/\/radiolifefm.com.br\/noticias\/wp-content\/uploads\/2022\/07\/6b4d476af0dfe99b21919efa3ff0c9ce.jpg","contentUrl":"https:\/\/radiolifefm.com.br\/noticias\/wp-content\/uploads\/2022\/07\/6b4d476af0dfe99b21919efa3ff0c9ce.jpg","width":848,"height":307,"caption":"A 30\u00aa Feira do Verde e Exposi\u00e7\u00e3o Agropecu\u00e1ria, Comercial e Industrial de Adamantina ser\u00e1 realizada de 30 de agosto a 4 de setembro"},{"@type":"BreadcrumbList","@id":"https:\/\/radiolifefm.com.br\/noticias\/expoverde-2022-amplia-a-grade-do-evento\/#breadcrumb","itemListElement":[{"@type":"ListItem","position":1,"name":"In\u00edcio","item":"https:\/\/radiolifefm.com.br\/noticias\/"},{"@type":"ListItem","position":2,"name":"ExpoVerde 2022 amplia a grade do evento"}]},{"@type":"WebSite","@id":"https:\/\/radiolifefm.com.br\/noticias\/#website","url":"https:\/\/radiolifefm.com.br\/noticias\/","name":"R\u00e1dio Life FM","description":"O Portal de Not\u00edcias de Adamantina","publisher":{"@id":"https:\/\/radiolifefm.com.br\/noticias\/#organization"},"alternateName":"Life FM","potentialAction":[{"@type":"SearchAction","target":{"@type":"EntryPoint","urlTemplate":"https:\/\/radiolifefm.com.br\/noticias\/?s={search_term_string}"},"query-input":{"@type":"PropertyValueSpecification","valueRequired":true,"valueName":"search_term_string"}}],"inLanguage":"pt-BR"},{"@type":"Organization","@id":"https:\/\/radiolifefm.com.br\/noticias\/#organization","name":"R\u00e1dio Life FM","alternateName":"Life FM","url":"https:\/\/radiolifefm.com.br\/noticias\/","logo":{"@type":"ImageObject","inLanguage":"pt-BR","@id":"https:\/\/radiolifefm.com.br\/noticias\/#\/schema\/logo\/image\/","url":"https:\/\/static.radiolifefm.com.br\/noticias\/wp-content\/uploads\/2019\/10\/logo-lifefm.png","contentUrl":"https:\/\/static.radiolifefm.com.br\/noticias\/wp-content\/uploads\/2019\/10\/logo-lifefm.png","width":196,"height":47,"caption":"R\u00e1dio Life FM"},"image":{"@id":"https:\/\/radiolifefm.com.br\/noticias\/#\/schema\/logo\/image\/"},"sameAs":["https:\/\/www.facebook.com\/radiolifefm\/","https:\/\/www.instagram.com\/life1079fm\/"]},{"@type":"Person","@id":"https:\/\/radiolifefm.com.br\/noticias\/#\/schema\/person\/6339b9fac59d12b071dec680d7375d87","name":"ritanery","image":{"@type":"ImageObject","inLanguage":"pt-BR","@id":"https:\/\/secure.gravatar.com\/avatar\/0e37bb19071f47c0b8a23f62a903df117c5a0e75f65a0c2901562f97cd41cf86?s=96&d=mm&r=g","url":"https:\/\/secure.gravatar.com\/avatar\/0e37bb19071f47c0b8a23f62a903df117c5a0e75f65a0c2901562f97cd41cf86?s=96&d=mm&r=g","contentUrl":"https:\/\/secure.gravatar.com\/avatar\/0e37bb19071f47c0b8a23f62a903df117c5a0e75f65a0c2901562f97cd41cf86?s=96&d=mm&r=g","caption":"ritanery"}}]}},"amp_enabled":true,"_links":{"self":[{"href":"https:\/\/radiolifefm.com.br\/noticias\/wp-json\/wp\/v2\/posts\/56388","targetHints":{"allow":["GET"]}}],"collection":[{"href":"https:\/\/radiolifefm.com.br\/noticias\/wp-json\/wp\/v2\/posts"}],"about":[{"href":"https:\/\/radiolifefm.com.br\/noticias\/wp-json\/wp\/v2\/types\/post"}],"author":[{"embeddable":true,"href":"https:\/\/radiolifefm.com.br\/noticias\/wp-json\/wp\/v2\/users\/13"}],"replies":[{"embeddable":true,"href":"https:\/\/radiolifefm.com.br\/noticias\/wp-json\/wp\/v2\/comments?post=56388"}],"version-history":[{"count":3,"href":"https:\/\/radiolifefm.com.br\/noticias\/wp-json\/wp\/v2\/posts\/56388\/revisions"}],"predecessor-version":[{"id":56392,"href":"https:\/\/radiolifefm.com.br\/noticias\/wp-json\/wp\/v2\/posts\/56388\/revisions\/56392"}],"wp:featuredmedia":[{"embeddable":true,"href":"https:\/\/radiolifefm.com.br\/noticias\/wp-json\/wp\/v2\/media\/56389"}],"wp:attachment":[{"href":"https:\/\/radiolifefm.com.br\/noticias\/wp-json\/wp\/v2\/media?parent=56388"}],"wp:term":[{"taxonomy":"category","embeddable":true,"href":"https:\/\/radiolifefm.com.br\/noticias\/wp-json\/wp\/v2\/categories?post=56388"},{"taxonomy":"post_tag","embeddable":true,"href":"https:\/\/radiolifefm.com.br\/noticias\/wp-json\/wp\/v2\/tags?post=56388"}],"curies":[{"name":"wp","href":"https:\/\/api.w.org\/{rel}","templated":true}]}}