{"id":56383,"date":"2022-07-28T07:52:24","date_gmt":"2022-07-28T10:52:24","guid":{"rendered":"https:\/\/radiolifefm.com.br\/noticias\/?p=56383"},"modified":"2026-04-08T08:22:57","modified_gmt":"2026-04-08T11:22:57","slug":"em-conversa-com-jornalistas-deputado-reinaldo-alguz-e-tania-fruchi-destacam-projetos-para-as-regioes-de-adamantina-e-lucelia","status":"publish","type":"post","link":"https:\/\/radiolifefm.com.br\/noticias\/em-conversa-com-jornalistas-deputado-reinaldo-alguz-e-tania-fruchi-destacam-projetos-para-as-regioes-de-adamantina-e-lucelia\/","title":{"rendered":"Em conversa com jornalistas, Deputado Reinaldo Alguz e Tania Fruchi destacam projetos para as regi\u00f5es de Adamantina e Luc\u00e9lia"},"content":{"rendered":"<div id=\"fb-root\"><\/div>\n<p><em>Encontro reuniu os ve\u00edculos de comunica\u00e7\u00e3o de Adamantina e Luc\u00e9lia, al\u00e9m dos prefeitos das duas cidades<\/em><\/p>\n<p>Em um bate-papo realizado com jornalistas na manh\u00e3 desta quarta-feira (27), o deputado Reinaldo Alguz destacou os projetos que transformam n\u00e3o s\u00f3 a regi\u00e3o, mas tamb\u00e9m todo o pa\u00eds \u00e0 imprensa de Adamantina e Luc\u00e9lia. O encontro, al\u00e9m dos ve\u00edculos de comunica\u00e7\u00e3o das duas cidades, contou com a presen\u00e7a da pr\u00e9-candidata a deputada estadual Tania Fruchi e dos prefeitos M\u00e1rcio Cardim (Adamantina) e Tati Guilhermino (Luc\u00e9lia).<\/p>\n<p>Sob a lideran\u00e7a de Reinaldo Alguz, diversas iniciativas geraram investimentos em setores essenciais das cidades, como reformas das Santas Casas, e tamb\u00e9m contribu\u00edram para resolver problemas estruturais do Brasil, como a falta de saneamento.<\/p>\n<p>Entre as a\u00e7\u00f5es de destaque est\u00e3o o RenovaBio, que estimulou toda a cadeia de produ\u00e7\u00e3o dos biocombust\u00edveis, desde as lavouras at\u00e9 os postos de abastecimentos, gerando emprego e renda em todo interior paulista; a reativa\u00e7\u00e3o da Malha Ferrovi\u00e1ria Paulista que deve gerar mais de 130 mil empregos, conforme proje\u00e7\u00e3o do Governo do Estado, e duplicar a capacidade log\u00edstica; e o Novo Marco do Saneamento, que deve atrair R$ 600 bilh\u00f5es de investimentos para resolu\u00e7\u00e3o do problema de falta de \u00e1gua e esgoto tratados no pa\u00eds.<\/p>\n<p><strong>\u00a0<\/strong><\/p>\n<p><strong>Projeto de unidade e esperan\u00e7a <\/strong><\/p>\n<p>Al\u00e9m destas a\u00e7\u00f5es, o deputado Reinaldo Alguz lidera um projeto que tem contribu\u00eddo para resgatar a confian\u00e7a, restaurar institui\u00e7\u00f5es e disseminar a esperan\u00e7a de um pa\u00eds melhor. O projeto foi iniciado em Dracena e, a partir do Centro-Oeste paulista, j\u00e1 cresceu para todo o estado de S\u00e3o Paulo.<\/p>\n<p>A iniciativa surgiu h\u00e1 mais de 20 anos. Preocupado com os rumos da sociedade brasileira, Reinaldo Alguz, junto ao jurista e professor Cezar Saldanha, deu origem ao movimento que atua na forma\u00e7\u00e3o de cidadania e na cria\u00e7\u00e3o de l\u00edderes democr\u00e1ticos por todo o Estado. O projeto se sustenta em valores como confian\u00e7a, fraternidade e democracia.<\/p>\n<p>Desde 2006, o projeto tem um deputado estadual na Assembleia Legislativa e, desde 2014, tamb\u00e9m conta um deputado federal na C\u00e2mara dos Deputados, em Bras\u00edlia. Comp\u00f5em ainda o grupo in\u00fameros prefeitos, vereadores, lideran\u00e7as e, principalmente, volunt\u00e1rios que constroem a unidade do projeto no Estado.<\/p>\n<p>Neste ano de 2022, o projeto tem um desafio in\u00e9dito: dobrar a quantidade de representantes federais e na assembleia do estado. Na regi\u00e3o Centro-Oeste, s\u00e3o pr\u00e9-candidatos Reinaldo Alguz (a deputado federal) e T\u00e2nia Fruchi (a deputada estadual). A dobrada representar\u00e1 as regi\u00f5es de Dracena, Presidente Prudente, Assis, Ourinhos, Botucatu, Bauru, Ja\u00fa, Lins, Mar\u00edlia, Ara\u00e7atuba, Votuporanga, S\u00e3o Jos\u00e9 do Rio Preto, Catanduva e Barretos.<\/p>\n<p><img loading=\"lazy\" decoding=\"async\" class=\"alignnone wp-image-56385 size-full\" src=\"https:\/\/static.radiolifefm.com.br\/wp-content\/uploads\/sites\/2\/2022\/07\/WhatsApp-Image-2022-07-27-at-23.18.57.jpeg\" alt=\"\" width=\"1280\" height=\"960\" srcset=\"https:\/\/radiolifefm.com.br\/noticias\/wp-content\/uploads\/2022\/07\/WhatsApp-Image-2022-07-27-at-23.18.57.jpeg 1280w, https:\/\/radiolifefm.com.br\/noticias\/wp-content\/uploads\/2022\/07\/WhatsApp-Image-2022-07-27-at-23.18.57-300x225.jpeg 300w, https:\/\/radiolifefm.com.br\/noticias\/wp-content\/uploads\/2022\/07\/WhatsApp-Image-2022-07-27-at-23.18.57-1024x768.jpeg 1024w, https:\/\/radiolifefm.com.br\/noticias\/wp-content\/uploads\/2022\/07\/WhatsApp-Image-2022-07-27-at-23.18.57-768x576.jpeg 768w\" sizes=\"auto, (max-width: 1280px) 100vw, 1280px\" \/><\/p>\n<p>Fonte: Assessoria<\/p>\n","protected":false},"excerpt":{"rendered":"<p>Encontro reuniu os ve\u00edculos de comunica\u00e7\u00e3o de Adamantina e Luc\u00e9lia, al\u00e9m dos prefeitos das duas cidades Em um bate-papo realizado com jornalistas na manh\u00e3 desta quarta-feira (27), o deputado Reinaldo Alguz destacou os projetos que transformam n\u00e3o s\u00f3 a regi\u00e3o, mas tamb\u00e9m todo o pa\u00eds \u00e0 imprensa de Adamantina e Luc\u00e9lia. O encontro, al\u00e9m dos [&hellip;]<\/p>\n","protected":false},"author":13,"featured_media":56384,"comment_status":"closed","ping_status":"open","sticky":false,"template":"","format":"standard","meta":{"_acf_changed":false,"_exactmetrics_skip_tracking":false,"_exactmetrics_sitenote_active":false,"_exactmetrics_sitenote_note":"","_exactmetrics_sitenote_category":0,"footnotes":""},"categories":[21],"tags":[],"class_list":["post-56383","post","type-post","status-publish","format-standard","has-post-thumbnail","hentry","category-adamantina"],"acf":[],"yoast_head":"<!-- This site is optimized with the Yoast SEO plugin v27.2 - https:\/\/yoast.com\/product\/yoast-seo-wordpress\/ -->\n<title>Em conversa com jornalistas, Deputado Reinaldo Alguz e Tania Fruchi destacam projetos para as regi\u00f5es de Adamantina e Luc\u00e9lia - R\u00e1dio Life FM<\/title>\n<meta name=\"robots\" content=\"index, follow, max-snippet:-1, max-image-preview:large, max-video-preview:-1\" \/>\n<link rel=\"canonical\" href=\"https:\/\/radiolifefm.com.br\/noticias\/em-conversa-com-jornalistas-deputado-reinaldo-alguz-e-tania-fruchi-destacam-projetos-para-as-regioes-de-adamantina-e-lucelia\/\" \/>\n<meta property=\"og:locale\" content=\"pt_BR\" \/>\n<meta property=\"og:type\" content=\"article\" \/>\n<meta property=\"og:title\" content=\"Em conversa com jornalistas, Deputado Reinaldo Alguz e Tania Fruchi destacam projetos para as regi\u00f5es de Adamantina e Luc\u00e9lia - R\u00e1dio Life FM\" \/>\n<meta property=\"og:description\" content=\"Encontro reuniu os ve\u00edculos de comunica\u00e7\u00e3o de Adamantina e Luc\u00e9lia, al\u00e9m dos prefeitos das duas cidades Em um bate-papo realizado com jornalistas na manh\u00e3 desta quarta-feira (27), o deputado Reinaldo Alguz destacou os projetos que transformam n\u00e3o s\u00f3 a regi\u00e3o, mas tamb\u00e9m todo o pa\u00eds \u00e0 imprensa de Adamantina e Luc\u00e9lia. O encontro, al\u00e9m dos [&hellip;]\" \/>\n<meta property=\"og:url\" content=\"https:\/\/radiolifefm.com.br\/noticias\/em-conversa-com-jornalistas-deputado-reinaldo-alguz-e-tania-fruchi-destacam-projetos-para-as-regioes-de-adamantina-e-lucelia\/\" \/>\n<meta property=\"og:site_name\" content=\"R\u00e1dio Life FM\" \/>\n<meta property=\"article:publisher\" content=\"https:\/\/www.facebook.com\/radiolifefm\/\" \/>\n<meta property=\"article:published_time\" content=\"2022-07-28T10:52:24+00:00\" \/>\n<meta property=\"article:modified_time\" content=\"2026-04-08T11:22:57+00:00\" \/>\n<meta property=\"og:image\" content=\"https:\/\/radiolifefm.com.br\/noticias\/wp-content\/uploads\/2022\/07\/WhatsApp-Image-2022-07-27-at-23.18.57-1.jpeg\" \/>\n\t<meta property=\"og:image:width\" content=\"1280\" \/>\n\t<meta property=\"og:image:height\" content=\"853\" \/>\n\t<meta property=\"og:image:type\" content=\"image\/jpeg\" \/>\n<meta name=\"author\" content=\"ritanery\" \/>\n<meta name=\"twitter:card\" content=\"summary_large_image\" \/>\n<meta name=\"twitter:label1\" content=\"Escrito por\" \/>\n\t<meta name=\"twitter:data1\" content=\"ritanery\" \/>\n\t<meta name=\"twitter:label2\" content=\"Est. tempo de leitura\" \/>\n\t<meta name=\"twitter:data2\" content=\"3 minutos\" \/>\n<script type=\"application\/ld+json\" class=\"yoast-schema-graph\">{\"@context\":\"https:\/\/schema.org\",\"@graph\":[{\"@type\":\"Article\",\"@id\":\"https:\/\/radiolifefm.com.br\/noticias\/em-conversa-com-jornalistas-deputado-reinaldo-alguz-e-tania-fruchi-destacam-projetos-para-as-regioes-de-adamantina-e-lucelia\/#article\",\"isPartOf\":{\"@id\":\"https:\/\/radiolifefm.com.br\/noticias\/em-conversa-com-jornalistas-deputado-reinaldo-alguz-e-tania-fruchi-destacam-projetos-para-as-regioes-de-adamantina-e-lucelia\/\"},\"author\":{\"name\":\"ritanery\",\"@id\":\"https:\/\/radiolifefm.com.br\/noticias\/#\/schema\/person\/6339b9fac59d12b071dec680d7375d87\"},\"headline\":\"Em conversa com jornalistas, Deputado Reinaldo Alguz e Tania Fruchi destacam projetos para as regi\u00f5es de Adamantina e Luc\u00e9lia\",\"datePublished\":\"2022-07-28T10:52:24+00:00\",\"dateModified\":\"2026-04-08T11:22:57+00:00\",\"mainEntityOfPage\":{\"@id\":\"https:\/\/radiolifefm.com.br\/noticias\/em-conversa-com-jornalistas-deputado-reinaldo-alguz-e-tania-fruchi-destacam-projetos-para-as-regioes-de-adamantina-e-lucelia\/\"},\"wordCount\":491,\"publisher\":{\"@id\":\"https:\/\/radiolifefm.com.br\/noticias\/#organization\"},\"image\":{\"@id\":\"https:\/\/radiolifefm.com.br\/noticias\/em-conversa-com-jornalistas-deputado-reinaldo-alguz-e-tania-fruchi-destacam-projetos-para-as-regioes-de-adamantina-e-lucelia\/#primaryimage\"},\"thumbnailUrl\":\"https:\/\/radiolifefm.com.br\/noticias\/wp-content\/uploads\/2022\/07\/WhatsApp-Image-2022-07-27-at-23.18.57-1.jpeg\",\"articleSection\":[\"Adamantina\"],\"inLanguage\":\"pt-BR\"},{\"@type\":\"WebPage\",\"@id\":\"https:\/\/radiolifefm.com.br\/noticias\/em-conversa-com-jornalistas-deputado-reinaldo-alguz-e-tania-fruchi-destacam-projetos-para-as-regioes-de-adamantina-e-lucelia\/\",\"url\":\"https:\/\/radiolifefm.com.br\/noticias\/em-conversa-com-jornalistas-deputado-reinaldo-alguz-e-tania-fruchi-destacam-projetos-para-as-regioes-de-adamantina-e-lucelia\/\",\"name\":\"Em conversa com jornalistas, Deputado Reinaldo Alguz e Tania Fruchi destacam projetos para as regi\u00f5es de Adamantina e Luc\u00e9lia - R\u00e1dio Life FM\",\"isPartOf\":{\"@id\":\"https:\/\/radiolifefm.com.br\/noticias\/#website\"},\"primaryImageOfPage\":{\"@id\":\"https:\/\/radiolifefm.com.br\/noticias\/em-conversa-com-jornalistas-deputado-reinaldo-alguz-e-tania-fruchi-destacam-projetos-para-as-regioes-de-adamantina-e-lucelia\/#primaryimage\"},\"image\":{\"@id\":\"https:\/\/radiolifefm.com.br\/noticias\/em-conversa-com-jornalistas-deputado-reinaldo-alguz-e-tania-fruchi-destacam-projetos-para-as-regioes-de-adamantina-e-lucelia\/#primaryimage\"},\"thumbnailUrl\":\"https:\/\/radiolifefm.com.br\/noticias\/wp-content\/uploads\/2022\/07\/WhatsApp-Image-2022-07-27-at-23.18.57-1.jpeg\",\"datePublished\":\"2022-07-28T10:52:24+00:00\",\"dateModified\":\"2026-04-08T11:22:57+00:00\",\"breadcrumb\":{\"@id\":\"https:\/\/radiolifefm.com.br\/noticias\/em-conversa-com-jornalistas-deputado-reinaldo-alguz-e-tania-fruchi-destacam-projetos-para-as-regioes-de-adamantina-e-lucelia\/#breadcrumb\"},\"inLanguage\":\"pt-BR\",\"potentialAction\":[{\"@type\":\"ReadAction\",\"target\":[\"https:\/\/radiolifefm.com.br\/noticias\/em-conversa-com-jornalistas-deputado-reinaldo-alguz-e-tania-fruchi-destacam-projetos-para-as-regioes-de-adamantina-e-lucelia\/\"]}]},{\"@type\":\"ImageObject\",\"inLanguage\":\"pt-BR\",\"@id\":\"https:\/\/radiolifefm.com.br\/noticias\/em-conversa-com-jornalistas-deputado-reinaldo-alguz-e-tania-fruchi-destacam-projetos-para-as-regioes-de-adamantina-e-lucelia\/#primaryimage\",\"url\":\"https:\/\/radiolifefm.com.br\/noticias\/wp-content\/uploads\/2022\/07\/WhatsApp-Image-2022-07-27-at-23.18.57-1.jpeg\",\"contentUrl\":\"https:\/\/radiolifefm.com.br\/noticias\/wp-content\/uploads\/2022\/07\/WhatsApp-Image-2022-07-27-at-23.18.57-1.jpeg\",\"width\":1280,\"height\":853},{\"@type\":\"BreadcrumbList\",\"@id\":\"https:\/\/radiolifefm.com.br\/noticias\/em-conversa-com-jornalistas-deputado-reinaldo-alguz-e-tania-fruchi-destacam-projetos-para-as-regioes-de-adamantina-e-lucelia\/#breadcrumb\",\"itemListElement\":[{\"@type\":\"ListItem\",\"position\":1,\"name\":\"In\u00edcio\",\"item\":\"https:\/\/radiolifefm.com.br\/noticias\/\"},{\"@type\":\"ListItem\",\"position\":2,\"name\":\"Em conversa com jornalistas, Deputado Reinaldo Alguz e Tania Fruchi destacam projetos para as regi\u00f5es de Adamantina e Luc\u00e9lia\"}]},{\"@type\":\"WebSite\",\"@id\":\"https:\/\/radiolifefm.com.br\/noticias\/#website\",\"url\":\"https:\/\/radiolifefm.com.br\/noticias\/\",\"name\":\"R\u00e1dio Life FM\",\"description\":\"O Portal de Not\u00edcias de Adamantina\",\"publisher\":{\"@id\":\"https:\/\/radiolifefm.com.br\/noticias\/#organization\"},\"alternateName\":\"Life FM\",\"potentialAction\":[{\"@type\":\"SearchAction\",\"target\":{\"@type\":\"EntryPoint\",\"urlTemplate\":\"https:\/\/radiolifefm.com.br\/noticias\/?s={search_term_string}\"},\"query-input\":{\"@type\":\"PropertyValueSpecification\",\"valueRequired\":true,\"valueName\":\"search_term_string\"}}],\"inLanguage\":\"pt-BR\"},{\"@type\":\"Organization\",\"@id\":\"https:\/\/radiolifefm.com.br\/noticias\/#organization\",\"name\":\"R\u00e1dio Life FM\",\"alternateName\":\"Life FM\",\"url\":\"https:\/\/radiolifefm.com.br\/noticias\/\",\"logo\":{\"@type\":\"ImageObject\",\"inLanguage\":\"pt-BR\",\"@id\":\"https:\/\/radiolifefm.com.br\/noticias\/#\/schema\/logo\/image\/\",\"url\":\"https:\/\/static.radiolifefm.com.br\/noticias\/wp-content\/uploads\/2019\/10\/logo-lifefm.png\",\"contentUrl\":\"https:\/\/static.radiolifefm.com.br\/noticias\/wp-content\/uploads\/2019\/10\/logo-lifefm.png\",\"width\":196,\"height\":47,\"caption\":\"R\u00e1dio Life FM\"},\"image\":{\"@id\":\"https:\/\/radiolifefm.com.br\/noticias\/#\/schema\/logo\/image\/\"},\"sameAs\":[\"https:\/\/www.facebook.com\/radiolifefm\/\",\"https:\/\/www.instagram.com\/life1079fm\/\"]},{\"@type\":\"Person\",\"@id\":\"https:\/\/radiolifefm.com.br\/noticias\/#\/schema\/person\/6339b9fac59d12b071dec680d7375d87\",\"name\":\"ritanery\",\"image\":{\"@type\":\"ImageObject\",\"inLanguage\":\"pt-BR\",\"@id\":\"https:\/\/secure.gravatar.com\/avatar\/0e37bb19071f47c0b8a23f62a903df117c5a0e75f65a0c2901562f97cd41cf86?s=96&d=mm&r=g\",\"url\":\"https:\/\/secure.gravatar.com\/avatar\/0e37bb19071f47c0b8a23f62a903df117c5a0e75f65a0c2901562f97cd41cf86?s=96&d=mm&r=g\",\"contentUrl\":\"https:\/\/secure.gravatar.com\/avatar\/0e37bb19071f47c0b8a23f62a903df117c5a0e75f65a0c2901562f97cd41cf86?s=96&d=mm&r=g\",\"caption\":\"ritanery\"}}]}<\/script>\n<!-- \/ Yoast SEO plugin. -->","yoast_head_json":{"title":"Em conversa com jornalistas, Deputado Reinaldo Alguz e Tania Fruchi destacam projetos para as regi\u00f5es de Adamantina e Luc\u00e9lia - R\u00e1dio Life FM","robots":{"index":"index","follow":"follow","max-snippet":"max-snippet:-1","max-image-preview":"max-image-preview:large","max-video-preview":"max-video-preview:-1"},"canonical":"https:\/\/radiolifefm.com.br\/noticias\/em-conversa-com-jornalistas-deputado-reinaldo-alguz-e-tania-fruchi-destacam-projetos-para-as-regioes-de-adamantina-e-lucelia\/","og_locale":"pt_BR","og_type":"article","og_title":"Em conversa com jornalistas, Deputado Reinaldo Alguz e Tania Fruchi destacam projetos para as regi\u00f5es de Adamantina e Luc\u00e9lia - R\u00e1dio Life FM","og_description":"Encontro reuniu os ve\u00edculos de comunica\u00e7\u00e3o de Adamantina e Luc\u00e9lia, al\u00e9m dos prefeitos das duas cidades Em um bate-papo realizado com jornalistas na manh\u00e3 desta quarta-feira (27), o deputado Reinaldo Alguz destacou os projetos que transformam n\u00e3o s\u00f3 a regi\u00e3o, mas tamb\u00e9m todo o pa\u00eds \u00e0 imprensa de Adamantina e Luc\u00e9lia. O encontro, al\u00e9m dos [&hellip;]","og_url":"https:\/\/radiolifefm.com.br\/noticias\/em-conversa-com-jornalistas-deputado-reinaldo-alguz-e-tania-fruchi-destacam-projetos-para-as-regioes-de-adamantina-e-lucelia\/","og_site_name":"R\u00e1dio Life FM","article_publisher":"https:\/\/www.facebook.com\/radiolifefm\/","article_published_time":"2022-07-28T10:52:24+00:00","article_modified_time":"2026-04-08T11:22:57+00:00","og_image":[{"width":1280,"height":853,"url":"https:\/\/radiolifefm.com.br\/noticias\/wp-content\/uploads\/2022\/07\/WhatsApp-Image-2022-07-27-at-23.18.57-1.jpeg","type":"image\/jpeg"}],"author":"ritanery","twitter_card":"summary_large_image","twitter_misc":{"Escrito por":"ritanery","Est. tempo de leitura":"3 minutos"},"schema":{"@context":"https:\/\/schema.org","@graph":[{"@type":"Article","@id":"https:\/\/radiolifefm.com.br\/noticias\/em-conversa-com-jornalistas-deputado-reinaldo-alguz-e-tania-fruchi-destacam-projetos-para-as-regioes-de-adamantina-e-lucelia\/#article","isPartOf":{"@id":"https:\/\/radiolifefm.com.br\/noticias\/em-conversa-com-jornalistas-deputado-reinaldo-alguz-e-tania-fruchi-destacam-projetos-para-as-regioes-de-adamantina-e-lucelia\/"},"author":{"name":"ritanery","@id":"https:\/\/radiolifefm.com.br\/noticias\/#\/schema\/person\/6339b9fac59d12b071dec680d7375d87"},"headline":"Em conversa com jornalistas, Deputado Reinaldo Alguz e Tania Fruchi destacam projetos para as regi\u00f5es de Adamantina e Luc\u00e9lia","datePublished":"2022-07-28T10:52:24+00:00","dateModified":"2026-04-08T11:22:57+00:00","mainEntityOfPage":{"@id":"https:\/\/radiolifefm.com.br\/noticias\/em-conversa-com-jornalistas-deputado-reinaldo-alguz-e-tania-fruchi-destacam-projetos-para-as-regioes-de-adamantina-e-lucelia\/"},"wordCount":491,"publisher":{"@id":"https:\/\/radiolifefm.com.br\/noticias\/#organization"},"image":{"@id":"https:\/\/radiolifefm.com.br\/noticias\/em-conversa-com-jornalistas-deputado-reinaldo-alguz-e-tania-fruchi-destacam-projetos-para-as-regioes-de-adamantina-e-lucelia\/#primaryimage"},"thumbnailUrl":"https:\/\/radiolifefm.com.br\/noticias\/wp-content\/uploads\/2022\/07\/WhatsApp-Image-2022-07-27-at-23.18.57-1.jpeg","articleSection":["Adamantina"],"inLanguage":"pt-BR"},{"@type":"WebPage","@id":"https:\/\/radiolifefm.com.br\/noticias\/em-conversa-com-jornalistas-deputado-reinaldo-alguz-e-tania-fruchi-destacam-projetos-para-as-regioes-de-adamantina-e-lucelia\/","url":"https:\/\/radiolifefm.com.br\/noticias\/em-conversa-com-jornalistas-deputado-reinaldo-alguz-e-tania-fruchi-destacam-projetos-para-as-regioes-de-adamantina-e-lucelia\/","name":"Em conversa com jornalistas, Deputado Reinaldo Alguz e Tania Fruchi destacam projetos para as regi\u00f5es de Adamantina e Luc\u00e9lia - R\u00e1dio Life FM","isPartOf":{"@id":"https:\/\/radiolifefm.com.br\/noticias\/#website"},"primaryImageOfPage":{"@id":"https:\/\/radiolifefm.com.br\/noticias\/em-conversa-com-jornalistas-deputado-reinaldo-alguz-e-tania-fruchi-destacam-projetos-para-as-regioes-de-adamantina-e-lucelia\/#primaryimage"},"image":{"@id":"https:\/\/radiolifefm.com.br\/noticias\/em-conversa-com-jornalistas-deputado-reinaldo-alguz-e-tania-fruchi-destacam-projetos-para-as-regioes-de-adamantina-e-lucelia\/#primaryimage"},"thumbnailUrl":"https:\/\/radiolifefm.com.br\/noticias\/wp-content\/uploads\/2022\/07\/WhatsApp-Image-2022-07-27-at-23.18.57-1.jpeg","datePublished":"2022-07-28T10:52:24+00:00","dateModified":"2026-04-08T11:22:57+00:00","breadcrumb":{"@id":"https:\/\/radiolifefm.com.br\/noticias\/em-conversa-com-jornalistas-deputado-reinaldo-alguz-e-tania-fruchi-destacam-projetos-para-as-regioes-de-adamantina-e-lucelia\/#breadcrumb"},"inLanguage":"pt-BR","potentialAction":[{"@type":"ReadAction","target":["https:\/\/radiolifefm.com.br\/noticias\/em-conversa-com-jornalistas-deputado-reinaldo-alguz-e-tania-fruchi-destacam-projetos-para-as-regioes-de-adamantina-e-lucelia\/"]}]},{"@type":"ImageObject","inLanguage":"pt-BR","@id":"https:\/\/radiolifefm.com.br\/noticias\/em-conversa-com-jornalistas-deputado-reinaldo-alguz-e-tania-fruchi-destacam-projetos-para-as-regioes-de-adamantina-e-lucelia\/#primaryimage","url":"https:\/\/radiolifefm.com.br\/noticias\/wp-content\/uploads\/2022\/07\/WhatsApp-Image-2022-07-27-at-23.18.57-1.jpeg","contentUrl":"https:\/\/radiolifefm.com.br\/noticias\/wp-content\/uploads\/2022\/07\/WhatsApp-Image-2022-07-27-at-23.18.57-1.jpeg","width":1280,"height":853},{"@type":"BreadcrumbList","@id":"https:\/\/radiolifefm.com.br\/noticias\/em-conversa-com-jornalistas-deputado-reinaldo-alguz-e-tania-fruchi-destacam-projetos-para-as-regioes-de-adamantina-e-lucelia\/#breadcrumb","itemListElement":[{"@type":"ListItem","position":1,"name":"In\u00edcio","item":"https:\/\/radiolifefm.com.br\/noticias\/"},{"@type":"ListItem","position":2,"name":"Em conversa com jornalistas, Deputado Reinaldo Alguz e Tania Fruchi destacam projetos para as regi\u00f5es de Adamantina e Luc\u00e9lia"}]},{"@type":"WebSite","@id":"https:\/\/radiolifefm.com.br\/noticias\/#website","url":"https:\/\/radiolifefm.com.br\/noticias\/","name":"R\u00e1dio Life FM","description":"O Portal de Not\u00edcias de Adamantina","publisher":{"@id":"https:\/\/radiolifefm.com.br\/noticias\/#organization"},"alternateName":"Life FM","potentialAction":[{"@type":"SearchAction","target":{"@type":"EntryPoint","urlTemplate":"https:\/\/radiolifefm.com.br\/noticias\/?s={search_term_string}"},"query-input":{"@type":"PropertyValueSpecification","valueRequired":true,"valueName":"search_term_string"}}],"inLanguage":"pt-BR"},{"@type":"Organization","@id":"https:\/\/radiolifefm.com.br\/noticias\/#organization","name":"R\u00e1dio Life FM","alternateName":"Life FM","url":"https:\/\/radiolifefm.com.br\/noticias\/","logo":{"@type":"ImageObject","inLanguage":"pt-BR","@id":"https:\/\/radiolifefm.com.br\/noticias\/#\/schema\/logo\/image\/","url":"https:\/\/static.radiolifefm.com.br\/noticias\/wp-content\/uploads\/2019\/10\/logo-lifefm.png","contentUrl":"https:\/\/static.radiolifefm.com.br\/noticias\/wp-content\/uploads\/2019\/10\/logo-lifefm.png","width":196,"height":47,"caption":"R\u00e1dio Life FM"},"image":{"@id":"https:\/\/radiolifefm.com.br\/noticias\/#\/schema\/logo\/image\/"},"sameAs":["https:\/\/www.facebook.com\/radiolifefm\/","https:\/\/www.instagram.com\/life1079fm\/"]},{"@type":"Person","@id":"https:\/\/radiolifefm.com.br\/noticias\/#\/schema\/person\/6339b9fac59d12b071dec680d7375d87","name":"ritanery","image":{"@type":"ImageObject","inLanguage":"pt-BR","@id":"https:\/\/secure.gravatar.com\/avatar\/0e37bb19071f47c0b8a23f62a903df117c5a0e75f65a0c2901562f97cd41cf86?s=96&d=mm&r=g","url":"https:\/\/secure.gravatar.com\/avatar\/0e37bb19071f47c0b8a23f62a903df117c5a0e75f65a0c2901562f97cd41cf86?s=96&d=mm&r=g","contentUrl":"https:\/\/secure.gravatar.com\/avatar\/0e37bb19071f47c0b8a23f62a903df117c5a0e75f65a0c2901562f97cd41cf86?s=96&d=mm&r=g","caption":"ritanery"}}]}},"amp_enabled":true,"_links":{"self":[{"href":"https:\/\/radiolifefm.com.br\/noticias\/wp-json\/wp\/v2\/posts\/56383","targetHints":{"allow":["GET"]}}],"collection":[{"href":"https:\/\/radiolifefm.com.br\/noticias\/wp-json\/wp\/v2\/posts"}],"about":[{"href":"https:\/\/radiolifefm.com.br\/noticias\/wp-json\/wp\/v2\/types\/post"}],"author":[{"embeddable":true,"href":"https:\/\/radiolifefm.com.br\/noticias\/wp-json\/wp\/v2\/users\/13"}],"replies":[{"embeddable":true,"href":"https:\/\/radiolifefm.com.br\/noticias\/wp-json\/wp\/v2\/comments?post=56383"}],"version-history":[{"count":1,"href":"https:\/\/radiolifefm.com.br\/noticias\/wp-json\/wp\/v2\/posts\/56383\/revisions"}],"predecessor-version":[{"id":56386,"href":"https:\/\/radiolifefm.com.br\/noticias\/wp-json\/wp\/v2\/posts\/56383\/revisions\/56386"}],"wp:featuredmedia":[{"embeddable":true,"href":"https:\/\/radiolifefm.com.br\/noticias\/wp-json\/wp\/v2\/media\/56384"}],"wp:attachment":[{"href":"https:\/\/radiolifefm.com.br\/noticias\/wp-json\/wp\/v2\/media?parent=56383"}],"wp:term":[{"taxonomy":"category","embeddable":true,"href":"https:\/\/radiolifefm.com.br\/noticias\/wp-json\/wp\/v2\/categories?post=56383"},{"taxonomy":"post_tag","embeddable":true,"href":"https:\/\/radiolifefm.com.br\/noticias\/wp-json\/wp\/v2\/tags?post=56383"}],"curies":[{"name":"wp","href":"https:\/\/api.w.org\/{rel}","templated":true}]}}