{"id":56350,"date":"2022-07-27T07:55:39","date_gmt":"2022-07-27T10:55:39","guid":{"rendered":"https:\/\/radiolifefm.com.br\/noticias\/?p=56350"},"modified":"2026-04-06T09:21:28","modified_gmt":"2026-04-06T12:21:28","slug":"reflexao-critica-e-nova-ordem-mundial","status":"publish","type":"post","link":"https:\/\/radiolifefm.com.br\/noticias\/reflexao-critica-e-nova-ordem-mundial\/","title":{"rendered":"REFLEX\u00c3O-CR\u00cdTICA E NOVA ORDEM MUNDIAL&#8230;"},"content":{"rendered":"<div id=\"fb-root\"><\/div>\n<p><em>\u00a0\u201cPenso, logo existo\u201d (Descartes)<\/em><\/p>\n<p>&nbsp;<\/p>\n<p><strong><em>S\u00e9rgio Barbosa (*)<\/em><\/strong><\/p>\n<p>&nbsp;<\/p>\n<p>Os grandes acontecimentos est\u00e3o exigindo cada vez mais um posicionamento critico frente \u00e0s mudan\u00e7as no contexto s\u00f3cio-econ\u00f4mico em n\u00edvel internacional para uma reflex\u00e3o sobre um ou mais temas relacionados com \u00e1reas afins aos interesses deste\/a ou daquele\/a pesquisador\/a&#8230;<\/p>\n<p>Nestes casos, faz-se necess\u00e1rio estar em conex\u00e3o com as pesquisas sobre temas e tem\u00e1ticas relacionadas com a pauta em quest\u00e3o, destacando, desta forma, as prioridades, bem como, os objetivos do projeto a serem desenvolvido visando alcan\u00e7ar da melhor forma poss\u00edvel os resultados previstos por meio das atividades da pesquisa&#8230;<\/p>\n<p>Entretanto, a simplicidade da pesquisa pode se transformar num tema complexo para o pesquisador, todavia, as bases te\u00f3ricas podem dar o suporte para que os resultados sejam de acordo com as expectativas da proposta em foco&#8230;<\/p>\n<p>Mesmo assim, cada qual, neste caso em especial, o pesquisador ou a pesquisadora, dever\u00e1 ter como meta do projeto um fim espec\u00edfico, destacando quais os meios adequados para alcan\u00e7ar os resultados positivos, tamb\u00e9m, negativos neste processo acad\u00eamico-cient\u00edfico&#8230;<\/p>\n<p>As d\u00favidas est\u00e3o presentes em todos os momentos da pesquisa, criando, desta forma, hip\u00f3teses para que o pesquisador possa nortear o seu objetivo geral, tamb\u00e9m, os objetivos espec\u00edficos visando adequar qual a metodologia a ser desenvolvida no projeto de pesquisa&#8230;<\/p>\n<p>O suporte por meio da justificativa \u00e9 fundamental para que a pesquisa apresentada possa dar suporte \u00e0 proposta acad\u00eamica em quest\u00e3o, al\u00e9m do referencial te\u00f3rico como mote importante para a reflex\u00e3o-cr\u00edtica do projeto por meio do pesquisador ou da pesquisadora&#8230;<\/p>\n<p>Na denominada \u00e1rea das Ci\u00eancias Humanas, neste caso, as Ci\u00eancias Sociais, trabalham e atuam por meio das mais varias ci\u00eancias como apoio as pesquisas afins aos objetivos dos temas e tem\u00e1ticas&#8230;<\/p>\n<p>A Comunica\u00e7\u00e3o Social est\u00e1 inserida na \u00e1rea das Ci\u00eancias Humanas e possui particularidades especificas enquanto processo comunicacional numa proposta glocal, ou seja, do global par ao local por meio das propostas midi\u00e1ticas contempor\u00e2neas num cen\u00e1rio cada vez mais dominado pelas descobertas tecnol\u00f3gicas patrocinadas pela p\u00f3s-globaliza\u00e7\u00e3o no contexto midi\u00e1tico&#8230;<\/p>\n<p>O ser humano, cada vez mais, se prende as novas normas deste mercado global, possibilitando um novo olhar sob o mundo, ainda, as diferen\u00e7as tendem a desaparecer com o tempo, tamb\u00e9m, pressionadas pelo poder da economia dos blocos hegem\u00f4nicos&#8230;<\/p>\n<p>Portanto, a pesquisa \u00e9 fundamental para que se possa atingir e superar novos desafios neste contexto plural para uma Nova Ordem Mundial que se apresenta pelos novos blocos em n\u00edvel internacional no contexto organizacional&#8230;<\/p>\n<p><em>_________________________________<\/em><\/p>\n<p><em>(*) Jornalista diplomado, pesquisador da C\u00e1tedra UNESCO\/UMESP de Comunica\u00e7\u00e3o para o Desenvolvimento Regional e professor do curso de Hist\u00f3ria da UniFAI.<\/em><\/p>\n<p><em>e-mail: <a href=\"mailto:barbosa.sebar@gmail.com\">barbosa.sebar@gmail.com<\/a><\/em><\/p>\n","protected":false},"excerpt":{"rendered":"<p>\u00a0\u201cPenso, logo existo\u201d (Descartes) &nbsp; S\u00e9rgio Barbosa (*) &nbsp; Os grandes acontecimentos est\u00e3o exigindo cada vez mais um posicionamento critico frente \u00e0s mudan\u00e7as no contexto s\u00f3cio-econ\u00f4mico em n\u00edvel internacional para uma reflex\u00e3o sobre um ou mais temas relacionados com \u00e1reas afins aos interesses deste\/a ou daquele\/a pesquisador\/a&#8230; Nestes casos, faz-se necess\u00e1rio estar em conex\u00e3o com [&hellip;]<\/p>\n","protected":false},"author":13,"featured_media":51988,"comment_status":"closed","ping_status":"open","sticky":false,"template":"","format":"standard","meta":{"_acf_changed":false,"_exactmetrics_skip_tracking":false,"_exactmetrics_sitenote_active":false,"_exactmetrics_sitenote_note":"","_exactmetrics_sitenote_category":0,"footnotes":""},"categories":[59],"tags":[],"class_list":["post-56350","post","type-post","status-publish","format-standard","has-post-thumbnail","hentry","category-opiniao"],"acf":[],"yoast_head":"<!-- This site is optimized with the Yoast SEO plugin v27.2 - https:\/\/yoast.com\/product\/yoast-seo-wordpress\/ -->\n<title>REFLEX\u00c3O-CR\u00cdTICA E NOVA ORDEM MUNDIAL... - R\u00e1dio Life FM<\/title>\n<meta name=\"robots\" content=\"index, follow, max-snippet:-1, max-image-preview:large, max-video-preview:-1\" \/>\n<link rel=\"canonical\" href=\"https:\/\/radiolifefm.com.br\/noticias\/reflexao-critica-e-nova-ordem-mundial\/\" \/>\n<meta property=\"og:locale\" content=\"pt_BR\" \/>\n<meta property=\"og:type\" content=\"article\" \/>\n<meta property=\"og:title\" content=\"REFLEX\u00c3O-CR\u00cdTICA E NOVA ORDEM MUNDIAL... - R\u00e1dio Life FM\" \/>\n<meta property=\"og:description\" content=\"\u00a0\u201cPenso, logo existo\u201d (Descartes) &nbsp; S\u00e9rgio Barbosa (*) &nbsp; Os grandes acontecimentos est\u00e3o exigindo cada vez mais um posicionamento critico frente \u00e0s mudan\u00e7as no contexto s\u00f3cio-econ\u00f4mico em n\u00edvel internacional para uma reflex\u00e3o sobre um ou mais temas relacionados com \u00e1reas afins aos interesses deste\/a ou daquele\/a pesquisador\/a&#8230; Nestes casos, faz-se necess\u00e1rio estar em conex\u00e3o com [&hellip;]\" \/>\n<meta property=\"og:url\" content=\"https:\/\/radiolifefm.com.br\/noticias\/reflexao-critica-e-nova-ordem-mundial\/\" \/>\n<meta property=\"og:site_name\" content=\"R\u00e1dio Life FM\" \/>\n<meta property=\"article:publisher\" content=\"https:\/\/www.facebook.com\/radiolifefm\/\" \/>\n<meta property=\"article:published_time\" content=\"2022-07-27T10:55:39+00:00\" \/>\n<meta property=\"article:modified_time\" content=\"2026-04-06T12:21:28+00:00\" \/>\n<meta property=\"og:image\" content=\"https:\/\/radiolifefm.com.br\/noticias\/wp-content\/uploads\/2022\/04\/WhatsApp-Image-2022-04-10-at-18.43.02.jpeg\" \/>\n\t<meta property=\"og:image:width\" content=\"972\" \/>\n\t<meta property=\"og:image:height\" content=\"1296\" \/>\n\t<meta property=\"og:image:type\" content=\"image\/jpeg\" \/>\n<meta name=\"author\" content=\"ritanery\" \/>\n<meta name=\"twitter:card\" content=\"summary_large_image\" \/>\n<meta name=\"twitter:label1\" content=\"Escrito por\" \/>\n\t<meta name=\"twitter:data1\" content=\"ritanery\" \/>\n\t<meta name=\"twitter:label2\" content=\"Est. tempo de leitura\" \/>\n\t<meta name=\"twitter:data2\" content=\"3 minutos\" \/>\n<script type=\"application\/ld+json\" class=\"yoast-schema-graph\">{\"@context\":\"https:\/\/schema.org\",\"@graph\":[{\"@type\":\"Article\",\"@id\":\"https:\/\/radiolifefm.com.br\/noticias\/reflexao-critica-e-nova-ordem-mundial\/#article\",\"isPartOf\":{\"@id\":\"https:\/\/radiolifefm.com.br\/noticias\/reflexao-critica-e-nova-ordem-mundial\/\"},\"author\":{\"name\":\"ritanery\",\"@id\":\"https:\/\/radiolifefm.com.br\/noticias\/#\/schema\/person\/6339b9fac59d12b071dec680d7375d87\"},\"headline\":\"REFLEX\u00c3O-CR\u00cdTICA E NOVA ORDEM MUNDIAL&#8230;\",\"datePublished\":\"2022-07-27T10:55:39+00:00\",\"dateModified\":\"2026-04-06T12:21:28+00:00\",\"mainEntityOfPage\":{\"@id\":\"https:\/\/radiolifefm.com.br\/noticias\/reflexao-critica-e-nova-ordem-mundial\/\"},\"wordCount\":483,\"publisher\":{\"@id\":\"https:\/\/radiolifefm.com.br\/noticias\/#organization\"},\"image\":{\"@id\":\"https:\/\/radiolifefm.com.br\/noticias\/reflexao-critica-e-nova-ordem-mundial\/#primaryimage\"},\"thumbnailUrl\":\"https:\/\/radiolifefm.com.br\/noticias\/wp-content\/uploads\/2022\/04\/WhatsApp-Image-2022-04-10-at-18.43.02.jpeg\",\"articleSection\":[\"Opini\u00e3o\"],\"inLanguage\":\"pt-BR\"},{\"@type\":\"WebPage\",\"@id\":\"https:\/\/radiolifefm.com.br\/noticias\/reflexao-critica-e-nova-ordem-mundial\/\",\"url\":\"https:\/\/radiolifefm.com.br\/noticias\/reflexao-critica-e-nova-ordem-mundial\/\",\"name\":\"REFLEX\u00c3O-CR\u00cdTICA E NOVA ORDEM MUNDIAL... - R\u00e1dio Life FM\",\"isPartOf\":{\"@id\":\"https:\/\/radiolifefm.com.br\/noticias\/#website\"},\"primaryImageOfPage\":{\"@id\":\"https:\/\/radiolifefm.com.br\/noticias\/reflexao-critica-e-nova-ordem-mundial\/#primaryimage\"},\"image\":{\"@id\":\"https:\/\/radiolifefm.com.br\/noticias\/reflexao-critica-e-nova-ordem-mundial\/#primaryimage\"},\"thumbnailUrl\":\"https:\/\/radiolifefm.com.br\/noticias\/wp-content\/uploads\/2022\/04\/WhatsApp-Image-2022-04-10-at-18.43.02.jpeg\",\"datePublished\":\"2022-07-27T10:55:39+00:00\",\"dateModified\":\"2026-04-06T12:21:28+00:00\",\"breadcrumb\":{\"@id\":\"https:\/\/radiolifefm.com.br\/noticias\/reflexao-critica-e-nova-ordem-mundial\/#breadcrumb\"},\"inLanguage\":\"pt-BR\",\"potentialAction\":[{\"@type\":\"ReadAction\",\"target\":[\"https:\/\/radiolifefm.com.br\/noticias\/reflexao-critica-e-nova-ordem-mundial\/\"]}]},{\"@type\":\"ImageObject\",\"inLanguage\":\"pt-BR\",\"@id\":\"https:\/\/radiolifefm.com.br\/noticias\/reflexao-critica-e-nova-ordem-mundial\/#primaryimage\",\"url\":\"https:\/\/radiolifefm.com.br\/noticias\/wp-content\/uploads\/2022\/04\/WhatsApp-Image-2022-04-10-at-18.43.02.jpeg\",\"contentUrl\":\"https:\/\/radiolifefm.com.br\/noticias\/wp-content\/uploads\/2022\/04\/WhatsApp-Image-2022-04-10-at-18.43.02.jpeg\",\"width\":972,\"height\":1296,\"caption\":\"S\u00e9rgio Barbosa\"},{\"@type\":\"BreadcrumbList\",\"@id\":\"https:\/\/radiolifefm.com.br\/noticias\/reflexao-critica-e-nova-ordem-mundial\/#breadcrumb\",\"itemListElement\":[{\"@type\":\"ListItem\",\"position\":1,\"name\":\"In\u00edcio\",\"item\":\"https:\/\/radiolifefm.com.br\/noticias\/\"},{\"@type\":\"ListItem\",\"position\":2,\"name\":\"REFLEX\u00c3O-CR\u00cdTICA E NOVA ORDEM MUNDIAL&#8230;\"}]},{\"@type\":\"WebSite\",\"@id\":\"https:\/\/radiolifefm.com.br\/noticias\/#website\",\"url\":\"https:\/\/radiolifefm.com.br\/noticias\/\",\"name\":\"R\u00e1dio Life FM\",\"description\":\"O Portal de Not\u00edcias de Adamantina\",\"publisher\":{\"@id\":\"https:\/\/radiolifefm.com.br\/noticias\/#organization\"},\"alternateName\":\"Life FM\",\"potentialAction\":[{\"@type\":\"SearchAction\",\"target\":{\"@type\":\"EntryPoint\",\"urlTemplate\":\"https:\/\/radiolifefm.com.br\/noticias\/?s={search_term_string}\"},\"query-input\":{\"@type\":\"PropertyValueSpecification\",\"valueRequired\":true,\"valueName\":\"search_term_string\"}}],\"inLanguage\":\"pt-BR\"},{\"@type\":\"Organization\",\"@id\":\"https:\/\/radiolifefm.com.br\/noticias\/#organization\",\"name\":\"R\u00e1dio Life FM\",\"alternateName\":\"Life FM\",\"url\":\"https:\/\/radiolifefm.com.br\/noticias\/\",\"logo\":{\"@type\":\"ImageObject\",\"inLanguage\":\"pt-BR\",\"@id\":\"https:\/\/radiolifefm.com.br\/noticias\/#\/schema\/logo\/image\/\",\"url\":\"https:\/\/static.radiolifefm.com.br\/noticias\/wp-content\/uploads\/2019\/10\/logo-lifefm.png\",\"contentUrl\":\"https:\/\/static.radiolifefm.com.br\/noticias\/wp-content\/uploads\/2019\/10\/logo-lifefm.png\",\"width\":196,\"height\":47,\"caption\":\"R\u00e1dio Life FM\"},\"image\":{\"@id\":\"https:\/\/radiolifefm.com.br\/noticias\/#\/schema\/logo\/image\/\"},\"sameAs\":[\"https:\/\/www.facebook.com\/radiolifefm\/\",\"https:\/\/www.instagram.com\/life1079fm\/\"]},{\"@type\":\"Person\",\"@id\":\"https:\/\/radiolifefm.com.br\/noticias\/#\/schema\/person\/6339b9fac59d12b071dec680d7375d87\",\"name\":\"ritanery\",\"image\":{\"@type\":\"ImageObject\",\"inLanguage\":\"pt-BR\",\"@id\":\"https:\/\/secure.gravatar.com\/avatar\/0e37bb19071f47c0b8a23f62a903df117c5a0e75f65a0c2901562f97cd41cf86?s=96&d=mm&r=g\",\"url\":\"https:\/\/secure.gravatar.com\/avatar\/0e37bb19071f47c0b8a23f62a903df117c5a0e75f65a0c2901562f97cd41cf86?s=96&d=mm&r=g\",\"contentUrl\":\"https:\/\/secure.gravatar.com\/avatar\/0e37bb19071f47c0b8a23f62a903df117c5a0e75f65a0c2901562f97cd41cf86?s=96&d=mm&r=g\",\"caption\":\"ritanery\"}}]}<\/script>\n<!-- \/ Yoast SEO plugin. -->","yoast_head_json":{"title":"REFLEX\u00c3O-CR\u00cdTICA E NOVA ORDEM MUNDIAL... - R\u00e1dio Life FM","robots":{"index":"index","follow":"follow","max-snippet":"max-snippet:-1","max-image-preview":"max-image-preview:large","max-video-preview":"max-video-preview:-1"},"canonical":"https:\/\/radiolifefm.com.br\/noticias\/reflexao-critica-e-nova-ordem-mundial\/","og_locale":"pt_BR","og_type":"article","og_title":"REFLEX\u00c3O-CR\u00cdTICA E NOVA ORDEM MUNDIAL... - R\u00e1dio Life FM","og_description":"\u00a0\u201cPenso, logo existo\u201d (Descartes) &nbsp; S\u00e9rgio Barbosa (*) &nbsp; Os grandes acontecimentos est\u00e3o exigindo cada vez mais um posicionamento critico frente \u00e0s mudan\u00e7as no contexto s\u00f3cio-econ\u00f4mico em n\u00edvel internacional para uma reflex\u00e3o sobre um ou mais temas relacionados com \u00e1reas afins aos interesses deste\/a ou daquele\/a pesquisador\/a&#8230; Nestes casos, faz-se necess\u00e1rio estar em conex\u00e3o com [&hellip;]","og_url":"https:\/\/radiolifefm.com.br\/noticias\/reflexao-critica-e-nova-ordem-mundial\/","og_site_name":"R\u00e1dio Life FM","article_publisher":"https:\/\/www.facebook.com\/radiolifefm\/","article_published_time":"2022-07-27T10:55:39+00:00","article_modified_time":"2026-04-06T12:21:28+00:00","og_image":[{"width":972,"height":1296,"url":"https:\/\/radiolifefm.com.br\/noticias\/wp-content\/uploads\/2022\/04\/WhatsApp-Image-2022-04-10-at-18.43.02.jpeg","type":"image\/jpeg"}],"author":"ritanery","twitter_card":"summary_large_image","twitter_misc":{"Escrito por":"ritanery","Est. tempo de leitura":"3 minutos"},"schema":{"@context":"https:\/\/schema.org","@graph":[{"@type":"Article","@id":"https:\/\/radiolifefm.com.br\/noticias\/reflexao-critica-e-nova-ordem-mundial\/#article","isPartOf":{"@id":"https:\/\/radiolifefm.com.br\/noticias\/reflexao-critica-e-nova-ordem-mundial\/"},"author":{"name":"ritanery","@id":"https:\/\/radiolifefm.com.br\/noticias\/#\/schema\/person\/6339b9fac59d12b071dec680d7375d87"},"headline":"REFLEX\u00c3O-CR\u00cdTICA E NOVA ORDEM MUNDIAL&#8230;","datePublished":"2022-07-27T10:55:39+00:00","dateModified":"2026-04-06T12:21:28+00:00","mainEntityOfPage":{"@id":"https:\/\/radiolifefm.com.br\/noticias\/reflexao-critica-e-nova-ordem-mundial\/"},"wordCount":483,"publisher":{"@id":"https:\/\/radiolifefm.com.br\/noticias\/#organization"},"image":{"@id":"https:\/\/radiolifefm.com.br\/noticias\/reflexao-critica-e-nova-ordem-mundial\/#primaryimage"},"thumbnailUrl":"https:\/\/radiolifefm.com.br\/noticias\/wp-content\/uploads\/2022\/04\/WhatsApp-Image-2022-04-10-at-18.43.02.jpeg","articleSection":["Opini\u00e3o"],"inLanguage":"pt-BR"},{"@type":"WebPage","@id":"https:\/\/radiolifefm.com.br\/noticias\/reflexao-critica-e-nova-ordem-mundial\/","url":"https:\/\/radiolifefm.com.br\/noticias\/reflexao-critica-e-nova-ordem-mundial\/","name":"REFLEX\u00c3O-CR\u00cdTICA E NOVA ORDEM MUNDIAL... - R\u00e1dio Life FM","isPartOf":{"@id":"https:\/\/radiolifefm.com.br\/noticias\/#website"},"primaryImageOfPage":{"@id":"https:\/\/radiolifefm.com.br\/noticias\/reflexao-critica-e-nova-ordem-mundial\/#primaryimage"},"image":{"@id":"https:\/\/radiolifefm.com.br\/noticias\/reflexao-critica-e-nova-ordem-mundial\/#primaryimage"},"thumbnailUrl":"https:\/\/radiolifefm.com.br\/noticias\/wp-content\/uploads\/2022\/04\/WhatsApp-Image-2022-04-10-at-18.43.02.jpeg","datePublished":"2022-07-27T10:55:39+00:00","dateModified":"2026-04-06T12:21:28+00:00","breadcrumb":{"@id":"https:\/\/radiolifefm.com.br\/noticias\/reflexao-critica-e-nova-ordem-mundial\/#breadcrumb"},"inLanguage":"pt-BR","potentialAction":[{"@type":"ReadAction","target":["https:\/\/radiolifefm.com.br\/noticias\/reflexao-critica-e-nova-ordem-mundial\/"]}]},{"@type":"ImageObject","inLanguage":"pt-BR","@id":"https:\/\/radiolifefm.com.br\/noticias\/reflexao-critica-e-nova-ordem-mundial\/#primaryimage","url":"https:\/\/radiolifefm.com.br\/noticias\/wp-content\/uploads\/2022\/04\/WhatsApp-Image-2022-04-10-at-18.43.02.jpeg","contentUrl":"https:\/\/radiolifefm.com.br\/noticias\/wp-content\/uploads\/2022\/04\/WhatsApp-Image-2022-04-10-at-18.43.02.jpeg","width":972,"height":1296,"caption":"S\u00e9rgio Barbosa"},{"@type":"BreadcrumbList","@id":"https:\/\/radiolifefm.com.br\/noticias\/reflexao-critica-e-nova-ordem-mundial\/#breadcrumb","itemListElement":[{"@type":"ListItem","position":1,"name":"In\u00edcio","item":"https:\/\/radiolifefm.com.br\/noticias\/"},{"@type":"ListItem","position":2,"name":"REFLEX\u00c3O-CR\u00cdTICA E NOVA ORDEM MUNDIAL&#8230;"}]},{"@type":"WebSite","@id":"https:\/\/radiolifefm.com.br\/noticias\/#website","url":"https:\/\/radiolifefm.com.br\/noticias\/","name":"R\u00e1dio Life FM","description":"O Portal de Not\u00edcias de Adamantina","publisher":{"@id":"https:\/\/radiolifefm.com.br\/noticias\/#organization"},"alternateName":"Life FM","potentialAction":[{"@type":"SearchAction","target":{"@type":"EntryPoint","urlTemplate":"https:\/\/radiolifefm.com.br\/noticias\/?s={search_term_string}"},"query-input":{"@type":"PropertyValueSpecification","valueRequired":true,"valueName":"search_term_string"}}],"inLanguage":"pt-BR"},{"@type":"Organization","@id":"https:\/\/radiolifefm.com.br\/noticias\/#organization","name":"R\u00e1dio Life FM","alternateName":"Life FM","url":"https:\/\/radiolifefm.com.br\/noticias\/","logo":{"@type":"ImageObject","inLanguage":"pt-BR","@id":"https:\/\/radiolifefm.com.br\/noticias\/#\/schema\/logo\/image\/","url":"https:\/\/static.radiolifefm.com.br\/noticias\/wp-content\/uploads\/2019\/10\/logo-lifefm.png","contentUrl":"https:\/\/static.radiolifefm.com.br\/noticias\/wp-content\/uploads\/2019\/10\/logo-lifefm.png","width":196,"height":47,"caption":"R\u00e1dio Life FM"},"image":{"@id":"https:\/\/radiolifefm.com.br\/noticias\/#\/schema\/logo\/image\/"},"sameAs":["https:\/\/www.facebook.com\/radiolifefm\/","https:\/\/www.instagram.com\/life1079fm\/"]},{"@type":"Person","@id":"https:\/\/radiolifefm.com.br\/noticias\/#\/schema\/person\/6339b9fac59d12b071dec680d7375d87","name":"ritanery","image":{"@type":"ImageObject","inLanguage":"pt-BR","@id":"https:\/\/secure.gravatar.com\/avatar\/0e37bb19071f47c0b8a23f62a903df117c5a0e75f65a0c2901562f97cd41cf86?s=96&d=mm&r=g","url":"https:\/\/secure.gravatar.com\/avatar\/0e37bb19071f47c0b8a23f62a903df117c5a0e75f65a0c2901562f97cd41cf86?s=96&d=mm&r=g","contentUrl":"https:\/\/secure.gravatar.com\/avatar\/0e37bb19071f47c0b8a23f62a903df117c5a0e75f65a0c2901562f97cd41cf86?s=96&d=mm&r=g","caption":"ritanery"}}]}},"amp_enabled":true,"_links":{"self":[{"href":"https:\/\/radiolifefm.com.br\/noticias\/wp-json\/wp\/v2\/posts\/56350","targetHints":{"allow":["GET"]}}],"collection":[{"href":"https:\/\/radiolifefm.com.br\/noticias\/wp-json\/wp\/v2\/posts"}],"about":[{"href":"https:\/\/radiolifefm.com.br\/noticias\/wp-json\/wp\/v2\/types\/post"}],"author":[{"embeddable":true,"href":"https:\/\/radiolifefm.com.br\/noticias\/wp-json\/wp\/v2\/users\/13"}],"replies":[{"embeddable":true,"href":"https:\/\/radiolifefm.com.br\/noticias\/wp-json\/wp\/v2\/comments?post=56350"}],"version-history":[{"count":1,"href":"https:\/\/radiolifefm.com.br\/noticias\/wp-json\/wp\/v2\/posts\/56350\/revisions"}],"predecessor-version":[{"id":56351,"href":"https:\/\/radiolifefm.com.br\/noticias\/wp-json\/wp\/v2\/posts\/56350\/revisions\/56351"}],"wp:featuredmedia":[{"embeddable":true,"href":"https:\/\/radiolifefm.com.br\/noticias\/wp-json\/wp\/v2\/media\/51988"}],"wp:attachment":[{"href":"https:\/\/radiolifefm.com.br\/noticias\/wp-json\/wp\/v2\/media?parent=56350"}],"wp:term":[{"taxonomy":"category","embeddable":true,"href":"https:\/\/radiolifefm.com.br\/noticias\/wp-json\/wp\/v2\/categories?post=56350"},{"taxonomy":"post_tag","embeddable":true,"href":"https:\/\/radiolifefm.com.br\/noticias\/wp-json\/wp\/v2\/tags?post=56350"}],"curies":[{"name":"wp","href":"https:\/\/api.w.org\/{rel}","templated":true}]}}