{"id":56325,"date":"2022-07-26T13:12:53","date_gmt":"2022-07-26T16:12:53","guid":{"rendered":"https:\/\/radiolifefm.com.br\/noticias\/?p=56325"},"modified":"2026-04-08T14:57:42","modified_gmt":"2026-04-08T17:57:42","slug":"expoverde-2022-tera-aproximadamente-60-mil-mudas-para-venda-durante-os-5-dias-de-festa","status":"publish","type":"post","link":"https:\/\/radiolifefm.com.br\/noticias\/expoverde-2022-tera-aproximadamente-60-mil-mudas-para-venda-durante-os-5-dias-de-festa\/","title":{"rendered":"ExpoVerde 2022 ter\u00e1 aproximadamente 60 mil mudas para venda durante os 5 dias de festa"},"content":{"rendered":"<div id=\"fb-root\"><\/div>\n<p>A ExpoVerde 2022 que acontece de 31 de agosto a 4 de setembro conta com um espa\u00e7o que est\u00e1 entre os mais visitados da festa, que \u00e9 o Pavilh\u00e3o de Flores e Plantas. Nele, s\u00e3o expostas flores e plantas de diferentes esp\u00e9cies.<\/p>\n<p>Para este ano, de acordo com o vice-presidente da Comiss\u00e3o Organizadora, Thiago Benet\u00e3o, os expositores se comprometeram em trazer novidades em ornamenta\u00e7\u00e3o. \u201cAp\u00f3s dois anos sem eventos, a popula\u00e7\u00e3o est\u00e1 ansiosa para prestigiar as novas tend\u00eancias\u201d, afirma.<\/p>\n<p>De acordo com ele, os expositores j\u00e1 confirmados s\u00e3o de Adamantina, Presidente Prudente, Ara\u00e7atuba, Tup\u00e3, Mar\u00edlia, Americana, Hercul\u00e2ndia, Iacri, Pacaemb\u00fa, entre outras.<\/p>\n<p>\u201cPara estimular o com\u00e9rcio, a Administra\u00e7\u00e3o isentou a taxa praticada dentro do espa\u00e7o verde, para atrair novos expositores e com isso superar as expectativas dos visitantes\u201d, assegura.<\/p>\n<p>Entre as principais esp\u00e9cies que ser\u00e3o comercializadas est\u00e3o as ornamentais de pequeno porte e forra\u00e7\u00f5es como: minirrosa, lambari zebrado, iresine, impatiens, sunpatiens, vincas, entre outras.<\/p>\n<p>Esp\u00e9cies de m\u00e9dio porte como: rosa do deserto, buxinho, rosa comum, r\u00e1fia, manac\u00e1 cheiroso, rosas colombianas, mor\u00e9ia, cl\u00fasia, hibisco, zamioculca, viburno, tumb\u00e9rgia arbustiva, tuia azul, entre outras. De grande porte estar\u00e3o dispon\u00edveis variedades como: \u00e1rvores nativas, palmeiras, mudas de coco. Os visitantes tamb\u00e9m ter\u00e3o a oportunidade de adquirir\u00a0orqu\u00eddeas, suculentas e cactos com mais de mil esp\u00e9cies diferentes e frut\u00edferas em geral.<\/p>\n<p>\u201cTamb\u00e9m estar\u00e3o dispon\u00edveis vasos em geral, bem como todos os insumos para o plantio e a manuten\u00e7\u00e3o das plantas\u201d, explica.<\/p>\n<p>Benet\u00e3o explica que dentro do espa\u00e7o disponibilizado para os expositores, as prateleiras possuem capacidade para acomodar aproximadamente 7 mil mudas.<\/p>\n<p>\u201cAl\u00e9m destas, constantemente os expositores estar\u00e3o repondo as mercadorias vendidas por aquelas deixadas em estoque nos caminh\u00f5es. Acreditamos que nos 5 dias de festa, estar\u00e3o dispon\u00edveis para venda em torno 60 mil mudas\u201d, exp\u00f5e.<\/p>\n<p>Segundo ele, a expectativa para a 30\u00aa ExpoVerde \u00e9 de sucesso e recorde de p\u00fablico, pois o trabalho n\u00e3o p\u00e1ra tendo como foco a qualidade do evento e as novidades.<\/p>\n<p>\u201cConvido Adamantina e regi\u00e3o para prestigiar uma das maiores exposi\u00e7\u00f5es agropecu\u00e1rias da Alta Paulista, com muitas variedades e pre\u00e7os acess\u00edveis direto do produtor\u201d, finaliza.<\/p>\n<p>Fonte: Assessoria de Imprensa<\/p>\n","protected":false},"excerpt":{"rendered":"<p>A ExpoVerde 2022 que acontece de 31 de agosto a 4 de setembro conta com um espa\u00e7o que est\u00e1 entre os mais visitados da festa, que \u00e9 o Pavilh\u00e3o de Flores e Plantas. Nele, s\u00e3o expostas flores e plantas de diferentes esp\u00e9cies. Para este ano, de acordo com o vice-presidente da Comiss\u00e3o Organizadora, Thiago Benet\u00e3o, [&hellip;]<\/p>\n","protected":false},"author":13,"featured_media":55840,"comment_status":"closed","ping_status":"open","sticky":false,"template":"","format":"standard","meta":{"_acf_changed":false,"_exactmetrics_skip_tracking":false,"_exactmetrics_sitenote_active":false,"_exactmetrics_sitenote_note":"","_exactmetrics_sitenote_category":0,"footnotes":""},"categories":[21],"tags":[],"class_list":["post-56325","post","type-post","status-publish","format-standard","has-post-thumbnail","hentry","category-adamantina"],"acf":[],"yoast_head":"<!-- This site is optimized with the Yoast SEO plugin v27.2 - https:\/\/yoast.com\/product\/yoast-seo-wordpress\/ -->\n<title>ExpoVerde 2022 ter\u00e1 aproximadamente 60 mil mudas para venda durante os 5 dias de festa - R\u00e1dio Life FM<\/title>\n<meta name=\"robots\" content=\"index, follow, max-snippet:-1, max-image-preview:large, max-video-preview:-1\" \/>\n<link rel=\"canonical\" href=\"https:\/\/radiolifefm.com.br\/noticias\/expoverde-2022-tera-aproximadamente-60-mil-mudas-para-venda-durante-os-5-dias-de-festa\/\" \/>\n<meta property=\"og:locale\" content=\"pt_BR\" \/>\n<meta property=\"og:type\" content=\"article\" \/>\n<meta property=\"og:title\" content=\"ExpoVerde 2022 ter\u00e1 aproximadamente 60 mil mudas para venda durante os 5 dias de festa - R\u00e1dio Life FM\" \/>\n<meta property=\"og:description\" content=\"A ExpoVerde 2022 que acontece de 31 de agosto a 4 de setembro conta com um espa\u00e7o que est\u00e1 entre os mais visitados da festa, que \u00e9 o Pavilh\u00e3o de Flores e Plantas. Nele, s\u00e3o expostas flores e plantas de diferentes esp\u00e9cies. Para este ano, de acordo com o vice-presidente da Comiss\u00e3o Organizadora, Thiago Benet\u00e3o, [&hellip;]\" \/>\n<meta property=\"og:url\" content=\"https:\/\/radiolifefm.com.br\/noticias\/expoverde-2022-tera-aproximadamente-60-mil-mudas-para-venda-durante-os-5-dias-de-festa\/\" \/>\n<meta property=\"og:site_name\" content=\"R\u00e1dio Life FM\" \/>\n<meta property=\"article:publisher\" content=\"https:\/\/www.facebook.com\/radiolifefm\/\" \/>\n<meta property=\"article:published_time\" content=\"2022-07-26T16:12:53+00:00\" \/>\n<meta property=\"article:modified_time\" content=\"2026-04-08T17:57:42+00:00\" \/>\n<meta property=\"og:image\" content=\"https:\/\/radiolifefm.com.br\/noticias\/wp-content\/uploads\/2022\/07\/e138be9c5511db5fc459acf471dede15.jpg\" \/>\n\t<meta property=\"og:image:width\" content=\"848\" \/>\n\t<meta property=\"og:image:height\" content=\"312\" \/>\n\t<meta property=\"og:image:type\" content=\"image\/jpeg\" \/>\n<meta name=\"author\" content=\"ritanery\" \/>\n<meta name=\"twitter:card\" content=\"summary_large_image\" \/>\n<meta name=\"twitter:label1\" content=\"Escrito por\" \/>\n\t<meta name=\"twitter:data1\" content=\"ritanery\" \/>\n\t<meta name=\"twitter:label2\" content=\"Est. tempo de leitura\" \/>\n\t<meta name=\"twitter:data2\" content=\"2 minutos\" \/>\n<script type=\"application\/ld+json\" class=\"yoast-schema-graph\">{\"@context\":\"https:\/\/schema.org\",\"@graph\":[{\"@type\":\"Article\",\"@id\":\"https:\/\/radiolifefm.com.br\/noticias\/expoverde-2022-tera-aproximadamente-60-mil-mudas-para-venda-durante-os-5-dias-de-festa\/#article\",\"isPartOf\":{\"@id\":\"https:\/\/radiolifefm.com.br\/noticias\/expoverde-2022-tera-aproximadamente-60-mil-mudas-para-venda-durante-os-5-dias-de-festa\/\"},\"author\":{\"name\":\"ritanery\",\"@id\":\"https:\/\/radiolifefm.com.br\/noticias\/#\/schema\/person\/6339b9fac59d12b071dec680d7375d87\"},\"headline\":\"ExpoVerde 2022 ter\u00e1 aproximadamente 60 mil mudas para venda durante os 5 dias de festa\",\"datePublished\":\"2022-07-26T16:12:53+00:00\",\"dateModified\":\"2026-04-08T17:57:42+00:00\",\"mainEntityOfPage\":{\"@id\":\"https:\/\/radiolifefm.com.br\/noticias\/expoverde-2022-tera-aproximadamente-60-mil-mudas-para-venda-durante-os-5-dias-de-festa\/\"},\"wordCount\":404,\"publisher\":{\"@id\":\"https:\/\/radiolifefm.com.br\/noticias\/#organization\"},\"image\":{\"@id\":\"https:\/\/radiolifefm.com.br\/noticias\/expoverde-2022-tera-aproximadamente-60-mil-mudas-para-venda-durante-os-5-dias-de-festa\/#primaryimage\"},\"thumbnailUrl\":\"https:\/\/radiolifefm.com.br\/noticias\/wp-content\/uploads\/2022\/07\/e138be9c5511db5fc459acf471dede15.jpg\",\"articleSection\":[\"Adamantina\"],\"inLanguage\":\"pt-BR\"},{\"@type\":\"WebPage\",\"@id\":\"https:\/\/radiolifefm.com.br\/noticias\/expoverde-2022-tera-aproximadamente-60-mil-mudas-para-venda-durante-os-5-dias-de-festa\/\",\"url\":\"https:\/\/radiolifefm.com.br\/noticias\/expoverde-2022-tera-aproximadamente-60-mil-mudas-para-venda-durante-os-5-dias-de-festa\/\",\"name\":\"ExpoVerde 2022 ter\u00e1 aproximadamente 60 mil mudas para venda durante os 5 dias de festa - R\u00e1dio Life FM\",\"isPartOf\":{\"@id\":\"https:\/\/radiolifefm.com.br\/noticias\/#website\"},\"primaryImageOfPage\":{\"@id\":\"https:\/\/radiolifefm.com.br\/noticias\/expoverde-2022-tera-aproximadamente-60-mil-mudas-para-venda-durante-os-5-dias-de-festa\/#primaryimage\"},\"image\":{\"@id\":\"https:\/\/radiolifefm.com.br\/noticias\/expoverde-2022-tera-aproximadamente-60-mil-mudas-para-venda-durante-os-5-dias-de-festa\/#primaryimage\"},\"thumbnailUrl\":\"https:\/\/radiolifefm.com.br\/noticias\/wp-content\/uploads\/2022\/07\/e138be9c5511db5fc459acf471dede15.jpg\",\"datePublished\":\"2022-07-26T16:12:53+00:00\",\"dateModified\":\"2026-04-08T17:57:42+00:00\",\"breadcrumb\":{\"@id\":\"https:\/\/radiolifefm.com.br\/noticias\/expoverde-2022-tera-aproximadamente-60-mil-mudas-para-venda-durante-os-5-dias-de-festa\/#breadcrumb\"},\"inLanguage\":\"pt-BR\",\"potentialAction\":[{\"@type\":\"ReadAction\",\"target\":[\"https:\/\/radiolifefm.com.br\/noticias\/expoverde-2022-tera-aproximadamente-60-mil-mudas-para-venda-durante-os-5-dias-de-festa\/\"]}]},{\"@type\":\"ImageObject\",\"inLanguage\":\"pt-BR\",\"@id\":\"https:\/\/radiolifefm.com.br\/noticias\/expoverde-2022-tera-aproximadamente-60-mil-mudas-para-venda-durante-os-5-dias-de-festa\/#primaryimage\",\"url\":\"https:\/\/radiolifefm.com.br\/noticias\/wp-content\/uploads\/2022\/07\/e138be9c5511db5fc459acf471dede15.jpg\",\"contentUrl\":\"https:\/\/radiolifefm.com.br\/noticias\/wp-content\/uploads\/2022\/07\/e138be9c5511db5fc459acf471dede15.jpg\",\"width\":848,\"height\":312,\"caption\":\"Os expositores trar\u00e3o esp\u00e9cies de pequeno, m\u00e9dio e grande porte\"},{\"@type\":\"BreadcrumbList\",\"@id\":\"https:\/\/radiolifefm.com.br\/noticias\/expoverde-2022-tera-aproximadamente-60-mil-mudas-para-venda-durante-os-5-dias-de-festa\/#breadcrumb\",\"itemListElement\":[{\"@type\":\"ListItem\",\"position\":1,\"name\":\"In\u00edcio\",\"item\":\"https:\/\/radiolifefm.com.br\/noticias\/\"},{\"@type\":\"ListItem\",\"position\":2,\"name\":\"ExpoVerde 2022 ter\u00e1 aproximadamente 60 mil mudas para venda durante os 5 dias de festa\"}]},{\"@type\":\"WebSite\",\"@id\":\"https:\/\/radiolifefm.com.br\/noticias\/#website\",\"url\":\"https:\/\/radiolifefm.com.br\/noticias\/\",\"name\":\"R\u00e1dio Life FM\",\"description\":\"O Portal de Not\u00edcias de Adamantina\",\"publisher\":{\"@id\":\"https:\/\/radiolifefm.com.br\/noticias\/#organization\"},\"alternateName\":\"Life FM\",\"potentialAction\":[{\"@type\":\"SearchAction\",\"target\":{\"@type\":\"EntryPoint\",\"urlTemplate\":\"https:\/\/radiolifefm.com.br\/noticias\/?s={search_term_string}\"},\"query-input\":{\"@type\":\"PropertyValueSpecification\",\"valueRequired\":true,\"valueName\":\"search_term_string\"}}],\"inLanguage\":\"pt-BR\"},{\"@type\":\"Organization\",\"@id\":\"https:\/\/radiolifefm.com.br\/noticias\/#organization\",\"name\":\"R\u00e1dio Life FM\",\"alternateName\":\"Life FM\",\"url\":\"https:\/\/radiolifefm.com.br\/noticias\/\",\"logo\":{\"@type\":\"ImageObject\",\"inLanguage\":\"pt-BR\",\"@id\":\"https:\/\/radiolifefm.com.br\/noticias\/#\/schema\/logo\/image\/\",\"url\":\"https:\/\/static.radiolifefm.com.br\/noticias\/wp-content\/uploads\/2019\/10\/logo-lifefm.png\",\"contentUrl\":\"https:\/\/static.radiolifefm.com.br\/noticias\/wp-content\/uploads\/2019\/10\/logo-lifefm.png\",\"width\":196,\"height\":47,\"caption\":\"R\u00e1dio Life FM\"},\"image\":{\"@id\":\"https:\/\/radiolifefm.com.br\/noticias\/#\/schema\/logo\/image\/\"},\"sameAs\":[\"https:\/\/www.facebook.com\/radiolifefm\/\",\"https:\/\/www.instagram.com\/life1079fm\/\"]},{\"@type\":\"Person\",\"@id\":\"https:\/\/radiolifefm.com.br\/noticias\/#\/schema\/person\/6339b9fac59d12b071dec680d7375d87\",\"name\":\"ritanery\",\"image\":{\"@type\":\"ImageObject\",\"inLanguage\":\"pt-BR\",\"@id\":\"https:\/\/secure.gravatar.com\/avatar\/0e37bb19071f47c0b8a23f62a903df117c5a0e75f65a0c2901562f97cd41cf86?s=96&d=mm&r=g\",\"url\":\"https:\/\/secure.gravatar.com\/avatar\/0e37bb19071f47c0b8a23f62a903df117c5a0e75f65a0c2901562f97cd41cf86?s=96&d=mm&r=g\",\"contentUrl\":\"https:\/\/secure.gravatar.com\/avatar\/0e37bb19071f47c0b8a23f62a903df117c5a0e75f65a0c2901562f97cd41cf86?s=96&d=mm&r=g\",\"caption\":\"ritanery\"}}]}<\/script>\n<!-- \/ Yoast SEO plugin. -->","yoast_head_json":{"title":"ExpoVerde 2022 ter\u00e1 aproximadamente 60 mil mudas para venda durante os 5 dias de festa - R\u00e1dio Life FM","robots":{"index":"index","follow":"follow","max-snippet":"max-snippet:-1","max-image-preview":"max-image-preview:large","max-video-preview":"max-video-preview:-1"},"canonical":"https:\/\/radiolifefm.com.br\/noticias\/expoverde-2022-tera-aproximadamente-60-mil-mudas-para-venda-durante-os-5-dias-de-festa\/","og_locale":"pt_BR","og_type":"article","og_title":"ExpoVerde 2022 ter\u00e1 aproximadamente 60 mil mudas para venda durante os 5 dias de festa - R\u00e1dio Life FM","og_description":"A ExpoVerde 2022 que acontece de 31 de agosto a 4 de setembro conta com um espa\u00e7o que est\u00e1 entre os mais visitados da festa, que \u00e9 o Pavilh\u00e3o de Flores e Plantas. Nele, s\u00e3o expostas flores e plantas de diferentes esp\u00e9cies. Para este ano, de acordo com o vice-presidente da Comiss\u00e3o Organizadora, Thiago Benet\u00e3o, [&hellip;]","og_url":"https:\/\/radiolifefm.com.br\/noticias\/expoverde-2022-tera-aproximadamente-60-mil-mudas-para-venda-durante-os-5-dias-de-festa\/","og_site_name":"R\u00e1dio Life FM","article_publisher":"https:\/\/www.facebook.com\/radiolifefm\/","article_published_time":"2022-07-26T16:12:53+00:00","article_modified_time":"2026-04-08T17:57:42+00:00","og_image":[{"width":848,"height":312,"url":"https:\/\/radiolifefm.com.br\/noticias\/wp-content\/uploads\/2022\/07\/e138be9c5511db5fc459acf471dede15.jpg","type":"image\/jpeg"}],"author":"ritanery","twitter_card":"summary_large_image","twitter_misc":{"Escrito por":"ritanery","Est. tempo de leitura":"2 minutos"},"schema":{"@context":"https:\/\/schema.org","@graph":[{"@type":"Article","@id":"https:\/\/radiolifefm.com.br\/noticias\/expoverde-2022-tera-aproximadamente-60-mil-mudas-para-venda-durante-os-5-dias-de-festa\/#article","isPartOf":{"@id":"https:\/\/radiolifefm.com.br\/noticias\/expoverde-2022-tera-aproximadamente-60-mil-mudas-para-venda-durante-os-5-dias-de-festa\/"},"author":{"name":"ritanery","@id":"https:\/\/radiolifefm.com.br\/noticias\/#\/schema\/person\/6339b9fac59d12b071dec680d7375d87"},"headline":"ExpoVerde 2022 ter\u00e1 aproximadamente 60 mil mudas para venda durante os 5 dias de festa","datePublished":"2022-07-26T16:12:53+00:00","dateModified":"2026-04-08T17:57:42+00:00","mainEntityOfPage":{"@id":"https:\/\/radiolifefm.com.br\/noticias\/expoverde-2022-tera-aproximadamente-60-mil-mudas-para-venda-durante-os-5-dias-de-festa\/"},"wordCount":404,"publisher":{"@id":"https:\/\/radiolifefm.com.br\/noticias\/#organization"},"image":{"@id":"https:\/\/radiolifefm.com.br\/noticias\/expoverde-2022-tera-aproximadamente-60-mil-mudas-para-venda-durante-os-5-dias-de-festa\/#primaryimage"},"thumbnailUrl":"https:\/\/radiolifefm.com.br\/noticias\/wp-content\/uploads\/2022\/07\/e138be9c5511db5fc459acf471dede15.jpg","articleSection":["Adamantina"],"inLanguage":"pt-BR"},{"@type":"WebPage","@id":"https:\/\/radiolifefm.com.br\/noticias\/expoverde-2022-tera-aproximadamente-60-mil-mudas-para-venda-durante-os-5-dias-de-festa\/","url":"https:\/\/radiolifefm.com.br\/noticias\/expoverde-2022-tera-aproximadamente-60-mil-mudas-para-venda-durante-os-5-dias-de-festa\/","name":"ExpoVerde 2022 ter\u00e1 aproximadamente 60 mil mudas para venda durante os 5 dias de festa - R\u00e1dio Life FM","isPartOf":{"@id":"https:\/\/radiolifefm.com.br\/noticias\/#website"},"primaryImageOfPage":{"@id":"https:\/\/radiolifefm.com.br\/noticias\/expoverde-2022-tera-aproximadamente-60-mil-mudas-para-venda-durante-os-5-dias-de-festa\/#primaryimage"},"image":{"@id":"https:\/\/radiolifefm.com.br\/noticias\/expoverde-2022-tera-aproximadamente-60-mil-mudas-para-venda-durante-os-5-dias-de-festa\/#primaryimage"},"thumbnailUrl":"https:\/\/radiolifefm.com.br\/noticias\/wp-content\/uploads\/2022\/07\/e138be9c5511db5fc459acf471dede15.jpg","datePublished":"2022-07-26T16:12:53+00:00","dateModified":"2026-04-08T17:57:42+00:00","breadcrumb":{"@id":"https:\/\/radiolifefm.com.br\/noticias\/expoverde-2022-tera-aproximadamente-60-mil-mudas-para-venda-durante-os-5-dias-de-festa\/#breadcrumb"},"inLanguage":"pt-BR","potentialAction":[{"@type":"ReadAction","target":["https:\/\/radiolifefm.com.br\/noticias\/expoverde-2022-tera-aproximadamente-60-mil-mudas-para-venda-durante-os-5-dias-de-festa\/"]}]},{"@type":"ImageObject","inLanguage":"pt-BR","@id":"https:\/\/radiolifefm.com.br\/noticias\/expoverde-2022-tera-aproximadamente-60-mil-mudas-para-venda-durante-os-5-dias-de-festa\/#primaryimage","url":"https:\/\/radiolifefm.com.br\/noticias\/wp-content\/uploads\/2022\/07\/e138be9c5511db5fc459acf471dede15.jpg","contentUrl":"https:\/\/radiolifefm.com.br\/noticias\/wp-content\/uploads\/2022\/07\/e138be9c5511db5fc459acf471dede15.jpg","width":848,"height":312,"caption":"Os expositores trar\u00e3o esp\u00e9cies de pequeno, m\u00e9dio e grande porte"},{"@type":"BreadcrumbList","@id":"https:\/\/radiolifefm.com.br\/noticias\/expoverde-2022-tera-aproximadamente-60-mil-mudas-para-venda-durante-os-5-dias-de-festa\/#breadcrumb","itemListElement":[{"@type":"ListItem","position":1,"name":"In\u00edcio","item":"https:\/\/radiolifefm.com.br\/noticias\/"},{"@type":"ListItem","position":2,"name":"ExpoVerde 2022 ter\u00e1 aproximadamente 60 mil mudas para venda durante os 5 dias de festa"}]},{"@type":"WebSite","@id":"https:\/\/radiolifefm.com.br\/noticias\/#website","url":"https:\/\/radiolifefm.com.br\/noticias\/","name":"R\u00e1dio Life FM","description":"O Portal de Not\u00edcias de Adamantina","publisher":{"@id":"https:\/\/radiolifefm.com.br\/noticias\/#organization"},"alternateName":"Life FM","potentialAction":[{"@type":"SearchAction","target":{"@type":"EntryPoint","urlTemplate":"https:\/\/radiolifefm.com.br\/noticias\/?s={search_term_string}"},"query-input":{"@type":"PropertyValueSpecification","valueRequired":true,"valueName":"search_term_string"}}],"inLanguage":"pt-BR"},{"@type":"Organization","@id":"https:\/\/radiolifefm.com.br\/noticias\/#organization","name":"R\u00e1dio Life FM","alternateName":"Life FM","url":"https:\/\/radiolifefm.com.br\/noticias\/","logo":{"@type":"ImageObject","inLanguage":"pt-BR","@id":"https:\/\/radiolifefm.com.br\/noticias\/#\/schema\/logo\/image\/","url":"https:\/\/static.radiolifefm.com.br\/noticias\/wp-content\/uploads\/2019\/10\/logo-lifefm.png","contentUrl":"https:\/\/static.radiolifefm.com.br\/noticias\/wp-content\/uploads\/2019\/10\/logo-lifefm.png","width":196,"height":47,"caption":"R\u00e1dio Life FM"},"image":{"@id":"https:\/\/radiolifefm.com.br\/noticias\/#\/schema\/logo\/image\/"},"sameAs":["https:\/\/www.facebook.com\/radiolifefm\/","https:\/\/www.instagram.com\/life1079fm\/"]},{"@type":"Person","@id":"https:\/\/radiolifefm.com.br\/noticias\/#\/schema\/person\/6339b9fac59d12b071dec680d7375d87","name":"ritanery","image":{"@type":"ImageObject","inLanguage":"pt-BR","@id":"https:\/\/secure.gravatar.com\/avatar\/0e37bb19071f47c0b8a23f62a903df117c5a0e75f65a0c2901562f97cd41cf86?s=96&d=mm&r=g","url":"https:\/\/secure.gravatar.com\/avatar\/0e37bb19071f47c0b8a23f62a903df117c5a0e75f65a0c2901562f97cd41cf86?s=96&d=mm&r=g","contentUrl":"https:\/\/secure.gravatar.com\/avatar\/0e37bb19071f47c0b8a23f62a903df117c5a0e75f65a0c2901562f97cd41cf86?s=96&d=mm&r=g","caption":"ritanery"}}]}},"amp_enabled":true,"_links":{"self":[{"href":"https:\/\/radiolifefm.com.br\/noticias\/wp-json\/wp\/v2\/posts\/56325","targetHints":{"allow":["GET"]}}],"collection":[{"href":"https:\/\/radiolifefm.com.br\/noticias\/wp-json\/wp\/v2\/posts"}],"about":[{"href":"https:\/\/radiolifefm.com.br\/noticias\/wp-json\/wp\/v2\/types\/post"}],"author":[{"embeddable":true,"href":"https:\/\/radiolifefm.com.br\/noticias\/wp-json\/wp\/v2\/users\/13"}],"replies":[{"embeddable":true,"href":"https:\/\/radiolifefm.com.br\/noticias\/wp-json\/wp\/v2\/comments?post=56325"}],"version-history":[{"count":1,"href":"https:\/\/radiolifefm.com.br\/noticias\/wp-json\/wp\/v2\/posts\/56325\/revisions"}],"predecessor-version":[{"id":56326,"href":"https:\/\/radiolifefm.com.br\/noticias\/wp-json\/wp\/v2\/posts\/56325\/revisions\/56326"}],"wp:featuredmedia":[{"embeddable":true,"href":"https:\/\/radiolifefm.com.br\/noticias\/wp-json\/wp\/v2\/media\/55840"}],"wp:attachment":[{"href":"https:\/\/radiolifefm.com.br\/noticias\/wp-json\/wp\/v2\/media?parent=56325"}],"wp:term":[{"taxonomy":"category","embeddable":true,"href":"https:\/\/radiolifefm.com.br\/noticias\/wp-json\/wp\/v2\/categories?post=56325"},{"taxonomy":"post_tag","embeddable":true,"href":"https:\/\/radiolifefm.com.br\/noticias\/wp-json\/wp\/v2\/tags?post=56325"}],"curies":[{"name":"wp","href":"https:\/\/api.w.org\/{rel}","templated":true}]}}