{"id":56277,"date":"2022-07-25T20:13:30","date_gmt":"2022-07-25T23:13:30","guid":{"rendered":"https:\/\/radiolifefm.com.br\/noticias\/?p=56277"},"modified":"2026-04-10T13:47:19","modified_gmt":"2026-04-10T16:47:19","slug":"meu-bairro-em-acao-chega-ao-conjunto-habitacional-mario-covas","status":"publish","type":"post","link":"https:\/\/radiolifefm.com.br\/noticias\/meu-bairro-em-acao-chega-ao-conjunto-habitacional-mario-covas\/","title":{"rendered":"Meu Bairro em A\u00e7\u00e3o chega ao Conjunto Habitacional M\u00e1rio Covas"},"content":{"rendered":"<div id=\"fb-root\"><\/div>\n<p style=\"font-weight: 400\">A iniciativa da Prefeitura de Adamantina que visa levar lazer, cidadania e cultura aos moradores de diferentes bairros chega ao Conjunto Habitacional M\u00e1rio Covas.<\/p>\n<p style=\"font-weight: 400\">S\u00e1bado, 30 de julho, a partir das 9h, ser\u00e1 realizada mais uma edi\u00e7\u00e3o do Meu Bairro em A\u00e7\u00e3o.<\/p>\n<p>Al\u00e9m dos moradores do M\u00e1rio Covas, a a\u00e7\u00e3o se estende ao Parque Itapu\u00e3, Jardim Alamandas e Ac\u00e1cias, Residencial San Miguel, Parque dos P\u00e1ssaros, Residencial Barcelona, Residencial Calif\u00f3rnia, Eldorado I e II, monte Alegre, Portugal I e II, Vila Joaquina e Residencial Juliano.<\/p>\n<p>A cidade foi dividida em 7 setores, conforme as cores do arco-\u00edris e a iniciativa j\u00e1 foi realizada no Jardim Brasil, no Parque do Sol e no Jardim Adamantina.<\/p>\n<p>O Projeto Meu Bairro em A\u00e7\u00e3o \u00e9 uma parceria entre as secretarias de Cultura e Turismo; Esportes, Lazer e Recrea\u00e7\u00e3o; Assist\u00eancia Social; Fundo Social de Solidariedade.<\/p>\n<p>O setor amarelo ser\u00e1 o pr\u00f3ximo contemplado com a a\u00e7\u00e3o no dia 27 de agosto no Centro Comunit\u00e1rio do Jardim Bela Vista para os moradores do Jardim Bela Vista, Jardim dos Poetas, Residencial Montagnoli Residencial It\u00e1lia I e II, Jardim Dos Bandeirantes e Est\u00e2ncia Dorigo I e II.<\/p>\n<p>&nbsp;<\/p>\n<p>Fonte: Assessoria de Imprensa<\/p>\n","protected":false},"excerpt":{"rendered":"<p>A iniciativa da Prefeitura de Adamantina que visa levar lazer, cidadania e cultura aos moradores de diferentes bairros chega ao Conjunto Habitacional M\u00e1rio Covas. S\u00e1bado, 30 de julho, a partir das 9h, ser\u00e1 realizada mais uma edi\u00e7\u00e3o do Meu Bairro em A\u00e7\u00e3o. Al\u00e9m dos moradores do M\u00e1rio Covas, a a\u00e7\u00e3o se estende ao Parque Itapu\u00e3, [&hellip;]<\/p>\n","protected":false},"author":13,"featured_media":56278,"comment_status":"open","ping_status":"open","sticky":false,"template":"","format":"standard","meta":{"_acf_changed":false,"_exactmetrics_skip_tracking":false,"_exactmetrics_sitenote_active":false,"_exactmetrics_sitenote_note":"","_exactmetrics_sitenote_category":0,"footnotes":""},"categories":[21],"tags":[],"class_list":["post-56277","post","type-post","status-publish","format-standard","has-post-thumbnail","hentry","category-adamantina"],"acf":[],"yoast_head":"<!-- This site is optimized with the Yoast SEO plugin v27.2 - https:\/\/yoast.com\/product\/yoast-seo-wordpress\/ -->\n<title>Meu Bairro em A\u00e7\u00e3o chega ao Conjunto Habitacional M\u00e1rio Covas - R\u00e1dio Life FM<\/title>\n<meta name=\"robots\" content=\"index, follow, max-snippet:-1, max-image-preview:large, max-video-preview:-1\" \/>\n<link rel=\"canonical\" href=\"https:\/\/radiolifefm.com.br\/noticias\/meu-bairro-em-acao-chega-ao-conjunto-habitacional-mario-covas\/\" \/>\n<meta property=\"og:locale\" content=\"pt_BR\" \/>\n<meta property=\"og:type\" content=\"article\" \/>\n<meta property=\"og:title\" content=\"Meu Bairro em A\u00e7\u00e3o chega ao Conjunto Habitacional M\u00e1rio Covas - R\u00e1dio Life FM\" \/>\n<meta property=\"og:description\" content=\"A iniciativa da Prefeitura de Adamantina que visa levar lazer, cidadania e cultura aos moradores de diferentes bairros chega ao Conjunto Habitacional M\u00e1rio Covas. S\u00e1bado, 30 de julho, a partir das 9h, ser\u00e1 realizada mais uma edi\u00e7\u00e3o do Meu Bairro em A\u00e7\u00e3o. Al\u00e9m dos moradores do M\u00e1rio Covas, a a\u00e7\u00e3o se estende ao Parque Itapu\u00e3, [&hellip;]\" \/>\n<meta property=\"og:url\" content=\"https:\/\/radiolifefm.com.br\/noticias\/meu-bairro-em-acao-chega-ao-conjunto-habitacional-mario-covas\/\" \/>\n<meta property=\"og:site_name\" content=\"R\u00e1dio Life FM\" \/>\n<meta property=\"article:publisher\" content=\"https:\/\/www.facebook.com\/radiolifefm\/\" \/>\n<meta property=\"article:published_time\" content=\"2022-07-25T23:13:30+00:00\" \/>\n<meta property=\"article:modified_time\" content=\"2026-04-10T16:47:19+00:00\" \/>\n<meta property=\"og:image\" content=\"https:\/\/radiolifefm.com.br\/noticias\/wp-content\/uploads\/2022\/07\/cats-12.jpg\" \/>\n\t<meta property=\"og:image:width\" content=\"553\" \/>\n\t<meta property=\"og:image:height\" content=\"486\" \/>\n\t<meta property=\"og:image:type\" content=\"image\/jpeg\" \/>\n<meta name=\"author\" content=\"ritanery\" \/>\n<meta name=\"twitter:card\" content=\"summary_large_image\" \/>\n<meta name=\"twitter:label1\" content=\"Escrito por\" \/>\n\t<meta name=\"twitter:data1\" content=\"ritanery\" \/>\n\t<meta name=\"twitter:label2\" content=\"Est. tempo de leitura\" \/>\n\t<meta name=\"twitter:data2\" content=\"2 minutos\" \/>\n<script type=\"application\/ld+json\" class=\"yoast-schema-graph\">{\"@context\":\"https:\/\/schema.org\",\"@graph\":[{\"@type\":\"Article\",\"@id\":\"https:\/\/radiolifefm.com.br\/noticias\/meu-bairro-em-acao-chega-ao-conjunto-habitacional-mario-covas\/#article\",\"isPartOf\":{\"@id\":\"https:\/\/radiolifefm.com.br\/noticias\/meu-bairro-em-acao-chega-ao-conjunto-habitacional-mario-covas\/\"},\"author\":{\"name\":\"ritanery\",\"@id\":\"https:\/\/radiolifefm.com.br\/noticias\/#\/schema\/person\/6339b9fac59d12b071dec680d7375d87\"},\"headline\":\"Meu Bairro em A\u00e7\u00e3o chega ao Conjunto Habitacional M\u00e1rio Covas\",\"datePublished\":\"2022-07-25T23:13:30+00:00\",\"dateModified\":\"2026-04-10T16:47:19+00:00\",\"mainEntityOfPage\":{\"@id\":\"https:\/\/radiolifefm.com.br\/noticias\/meu-bairro-em-acao-chega-ao-conjunto-habitacional-mario-covas\/\"},\"wordCount\":219,\"commentCount\":0,\"publisher\":{\"@id\":\"https:\/\/radiolifefm.com.br\/noticias\/#organization\"},\"image\":{\"@id\":\"https:\/\/radiolifefm.com.br\/noticias\/meu-bairro-em-acao-chega-ao-conjunto-habitacional-mario-covas\/#primaryimage\"},\"thumbnailUrl\":\"https:\/\/radiolifefm.com.br\/noticias\/wp-content\/uploads\/2022\/07\/cats-12.jpg\",\"articleSection\":[\"Adamantina\"],\"inLanguage\":\"pt-BR\",\"potentialAction\":[{\"@type\":\"CommentAction\",\"name\":\"Comment\",\"target\":[\"https:\/\/radiolifefm.com.br\/noticias\/meu-bairro-em-acao-chega-ao-conjunto-habitacional-mario-covas\/#respond\"]}]},{\"@type\":\"WebPage\",\"@id\":\"https:\/\/radiolifefm.com.br\/noticias\/meu-bairro-em-acao-chega-ao-conjunto-habitacional-mario-covas\/\",\"url\":\"https:\/\/radiolifefm.com.br\/noticias\/meu-bairro-em-acao-chega-ao-conjunto-habitacional-mario-covas\/\",\"name\":\"Meu Bairro em A\u00e7\u00e3o chega ao Conjunto Habitacional M\u00e1rio Covas - R\u00e1dio Life FM\",\"isPartOf\":{\"@id\":\"https:\/\/radiolifefm.com.br\/noticias\/#website\"},\"primaryImageOfPage\":{\"@id\":\"https:\/\/radiolifefm.com.br\/noticias\/meu-bairro-em-acao-chega-ao-conjunto-habitacional-mario-covas\/#primaryimage\"},\"image\":{\"@id\":\"https:\/\/radiolifefm.com.br\/noticias\/meu-bairro-em-acao-chega-ao-conjunto-habitacional-mario-covas\/#primaryimage\"},\"thumbnailUrl\":\"https:\/\/radiolifefm.com.br\/noticias\/wp-content\/uploads\/2022\/07\/cats-12.jpg\",\"datePublished\":\"2022-07-25T23:13:30+00:00\",\"dateModified\":\"2026-04-10T16:47:19+00:00\",\"breadcrumb\":{\"@id\":\"https:\/\/radiolifefm.com.br\/noticias\/meu-bairro-em-acao-chega-ao-conjunto-habitacional-mario-covas\/#breadcrumb\"},\"inLanguage\":\"pt-BR\",\"potentialAction\":[{\"@type\":\"ReadAction\",\"target\":[\"https:\/\/radiolifefm.com.br\/noticias\/meu-bairro-em-acao-chega-ao-conjunto-habitacional-mario-covas\/\"]}]},{\"@type\":\"ImageObject\",\"inLanguage\":\"pt-BR\",\"@id\":\"https:\/\/radiolifefm.com.br\/noticias\/meu-bairro-em-acao-chega-ao-conjunto-habitacional-mario-covas\/#primaryimage\",\"url\":\"https:\/\/radiolifefm.com.br\/noticias\/wp-content\/uploads\/2022\/07\/cats-12.jpg\",\"contentUrl\":\"https:\/\/radiolifefm.com.br\/noticias\/wp-content\/uploads\/2022\/07\/cats-12.jpg\",\"width\":553,\"height\":486},{\"@type\":\"BreadcrumbList\",\"@id\":\"https:\/\/radiolifefm.com.br\/noticias\/meu-bairro-em-acao-chega-ao-conjunto-habitacional-mario-covas\/#breadcrumb\",\"itemListElement\":[{\"@type\":\"ListItem\",\"position\":1,\"name\":\"In\u00edcio\",\"item\":\"https:\/\/radiolifefm.com.br\/noticias\/\"},{\"@type\":\"ListItem\",\"position\":2,\"name\":\"Meu Bairro em A\u00e7\u00e3o chega ao Conjunto Habitacional M\u00e1rio Covas\"}]},{\"@type\":\"WebSite\",\"@id\":\"https:\/\/radiolifefm.com.br\/noticias\/#website\",\"url\":\"https:\/\/radiolifefm.com.br\/noticias\/\",\"name\":\"R\u00e1dio Life FM\",\"description\":\"O Portal de Not\u00edcias de Adamantina\",\"publisher\":{\"@id\":\"https:\/\/radiolifefm.com.br\/noticias\/#organization\"},\"alternateName\":\"Life FM\",\"potentialAction\":[{\"@type\":\"SearchAction\",\"target\":{\"@type\":\"EntryPoint\",\"urlTemplate\":\"https:\/\/radiolifefm.com.br\/noticias\/?s={search_term_string}\"},\"query-input\":{\"@type\":\"PropertyValueSpecification\",\"valueRequired\":true,\"valueName\":\"search_term_string\"}}],\"inLanguage\":\"pt-BR\"},{\"@type\":\"Organization\",\"@id\":\"https:\/\/radiolifefm.com.br\/noticias\/#organization\",\"name\":\"R\u00e1dio Life FM\",\"alternateName\":\"Life FM\",\"url\":\"https:\/\/radiolifefm.com.br\/noticias\/\",\"logo\":{\"@type\":\"ImageObject\",\"inLanguage\":\"pt-BR\",\"@id\":\"https:\/\/radiolifefm.com.br\/noticias\/#\/schema\/logo\/image\/\",\"url\":\"https:\/\/static.radiolifefm.com.br\/noticias\/wp-content\/uploads\/2019\/10\/logo-lifefm.png\",\"contentUrl\":\"https:\/\/static.radiolifefm.com.br\/noticias\/wp-content\/uploads\/2019\/10\/logo-lifefm.png\",\"width\":196,\"height\":47,\"caption\":\"R\u00e1dio Life FM\"},\"image\":{\"@id\":\"https:\/\/radiolifefm.com.br\/noticias\/#\/schema\/logo\/image\/\"},\"sameAs\":[\"https:\/\/www.facebook.com\/radiolifefm\/\",\"https:\/\/www.instagram.com\/life1079fm\/\"]},{\"@type\":\"Person\",\"@id\":\"https:\/\/radiolifefm.com.br\/noticias\/#\/schema\/person\/6339b9fac59d12b071dec680d7375d87\",\"name\":\"ritanery\",\"image\":{\"@type\":\"ImageObject\",\"inLanguage\":\"pt-BR\",\"@id\":\"https:\/\/secure.gravatar.com\/avatar\/0e37bb19071f47c0b8a23f62a903df117c5a0e75f65a0c2901562f97cd41cf86?s=96&d=mm&r=g\",\"url\":\"https:\/\/secure.gravatar.com\/avatar\/0e37bb19071f47c0b8a23f62a903df117c5a0e75f65a0c2901562f97cd41cf86?s=96&d=mm&r=g\",\"contentUrl\":\"https:\/\/secure.gravatar.com\/avatar\/0e37bb19071f47c0b8a23f62a903df117c5a0e75f65a0c2901562f97cd41cf86?s=96&d=mm&r=g\",\"caption\":\"ritanery\"}}]}<\/script>\n<!-- \/ Yoast SEO plugin. -->","yoast_head_json":{"title":"Meu Bairro em A\u00e7\u00e3o chega ao Conjunto Habitacional M\u00e1rio Covas - R\u00e1dio Life FM","robots":{"index":"index","follow":"follow","max-snippet":"max-snippet:-1","max-image-preview":"max-image-preview:large","max-video-preview":"max-video-preview:-1"},"canonical":"https:\/\/radiolifefm.com.br\/noticias\/meu-bairro-em-acao-chega-ao-conjunto-habitacional-mario-covas\/","og_locale":"pt_BR","og_type":"article","og_title":"Meu Bairro em A\u00e7\u00e3o chega ao Conjunto Habitacional M\u00e1rio Covas - R\u00e1dio Life FM","og_description":"A iniciativa da Prefeitura de Adamantina que visa levar lazer, cidadania e cultura aos moradores de diferentes bairros chega ao Conjunto Habitacional M\u00e1rio Covas. S\u00e1bado, 30 de julho, a partir das 9h, ser\u00e1 realizada mais uma edi\u00e7\u00e3o do Meu Bairro em A\u00e7\u00e3o. Al\u00e9m dos moradores do M\u00e1rio Covas, a a\u00e7\u00e3o se estende ao Parque Itapu\u00e3, [&hellip;]","og_url":"https:\/\/radiolifefm.com.br\/noticias\/meu-bairro-em-acao-chega-ao-conjunto-habitacional-mario-covas\/","og_site_name":"R\u00e1dio Life FM","article_publisher":"https:\/\/www.facebook.com\/radiolifefm\/","article_published_time":"2022-07-25T23:13:30+00:00","article_modified_time":"2026-04-10T16:47:19+00:00","og_image":[{"width":553,"height":486,"url":"https:\/\/radiolifefm.com.br\/noticias\/wp-content\/uploads\/2022\/07\/cats-12.jpg","type":"image\/jpeg"}],"author":"ritanery","twitter_card":"summary_large_image","twitter_misc":{"Escrito por":"ritanery","Est. tempo de leitura":"2 minutos"},"schema":{"@context":"https:\/\/schema.org","@graph":[{"@type":"Article","@id":"https:\/\/radiolifefm.com.br\/noticias\/meu-bairro-em-acao-chega-ao-conjunto-habitacional-mario-covas\/#article","isPartOf":{"@id":"https:\/\/radiolifefm.com.br\/noticias\/meu-bairro-em-acao-chega-ao-conjunto-habitacional-mario-covas\/"},"author":{"name":"ritanery","@id":"https:\/\/radiolifefm.com.br\/noticias\/#\/schema\/person\/6339b9fac59d12b071dec680d7375d87"},"headline":"Meu Bairro em A\u00e7\u00e3o chega ao Conjunto Habitacional M\u00e1rio Covas","datePublished":"2022-07-25T23:13:30+00:00","dateModified":"2026-04-10T16:47:19+00:00","mainEntityOfPage":{"@id":"https:\/\/radiolifefm.com.br\/noticias\/meu-bairro-em-acao-chega-ao-conjunto-habitacional-mario-covas\/"},"wordCount":219,"commentCount":0,"publisher":{"@id":"https:\/\/radiolifefm.com.br\/noticias\/#organization"},"image":{"@id":"https:\/\/radiolifefm.com.br\/noticias\/meu-bairro-em-acao-chega-ao-conjunto-habitacional-mario-covas\/#primaryimage"},"thumbnailUrl":"https:\/\/radiolifefm.com.br\/noticias\/wp-content\/uploads\/2022\/07\/cats-12.jpg","articleSection":["Adamantina"],"inLanguage":"pt-BR","potentialAction":[{"@type":"CommentAction","name":"Comment","target":["https:\/\/radiolifefm.com.br\/noticias\/meu-bairro-em-acao-chega-ao-conjunto-habitacional-mario-covas\/#respond"]}]},{"@type":"WebPage","@id":"https:\/\/radiolifefm.com.br\/noticias\/meu-bairro-em-acao-chega-ao-conjunto-habitacional-mario-covas\/","url":"https:\/\/radiolifefm.com.br\/noticias\/meu-bairro-em-acao-chega-ao-conjunto-habitacional-mario-covas\/","name":"Meu Bairro em A\u00e7\u00e3o chega ao Conjunto Habitacional M\u00e1rio Covas - R\u00e1dio Life FM","isPartOf":{"@id":"https:\/\/radiolifefm.com.br\/noticias\/#website"},"primaryImageOfPage":{"@id":"https:\/\/radiolifefm.com.br\/noticias\/meu-bairro-em-acao-chega-ao-conjunto-habitacional-mario-covas\/#primaryimage"},"image":{"@id":"https:\/\/radiolifefm.com.br\/noticias\/meu-bairro-em-acao-chega-ao-conjunto-habitacional-mario-covas\/#primaryimage"},"thumbnailUrl":"https:\/\/radiolifefm.com.br\/noticias\/wp-content\/uploads\/2022\/07\/cats-12.jpg","datePublished":"2022-07-25T23:13:30+00:00","dateModified":"2026-04-10T16:47:19+00:00","breadcrumb":{"@id":"https:\/\/radiolifefm.com.br\/noticias\/meu-bairro-em-acao-chega-ao-conjunto-habitacional-mario-covas\/#breadcrumb"},"inLanguage":"pt-BR","potentialAction":[{"@type":"ReadAction","target":["https:\/\/radiolifefm.com.br\/noticias\/meu-bairro-em-acao-chega-ao-conjunto-habitacional-mario-covas\/"]}]},{"@type":"ImageObject","inLanguage":"pt-BR","@id":"https:\/\/radiolifefm.com.br\/noticias\/meu-bairro-em-acao-chega-ao-conjunto-habitacional-mario-covas\/#primaryimage","url":"https:\/\/radiolifefm.com.br\/noticias\/wp-content\/uploads\/2022\/07\/cats-12.jpg","contentUrl":"https:\/\/radiolifefm.com.br\/noticias\/wp-content\/uploads\/2022\/07\/cats-12.jpg","width":553,"height":486},{"@type":"BreadcrumbList","@id":"https:\/\/radiolifefm.com.br\/noticias\/meu-bairro-em-acao-chega-ao-conjunto-habitacional-mario-covas\/#breadcrumb","itemListElement":[{"@type":"ListItem","position":1,"name":"In\u00edcio","item":"https:\/\/radiolifefm.com.br\/noticias\/"},{"@type":"ListItem","position":2,"name":"Meu Bairro em A\u00e7\u00e3o chega ao Conjunto Habitacional M\u00e1rio Covas"}]},{"@type":"WebSite","@id":"https:\/\/radiolifefm.com.br\/noticias\/#website","url":"https:\/\/radiolifefm.com.br\/noticias\/","name":"R\u00e1dio Life FM","description":"O Portal de Not\u00edcias de Adamantina","publisher":{"@id":"https:\/\/radiolifefm.com.br\/noticias\/#organization"},"alternateName":"Life FM","potentialAction":[{"@type":"SearchAction","target":{"@type":"EntryPoint","urlTemplate":"https:\/\/radiolifefm.com.br\/noticias\/?s={search_term_string}"},"query-input":{"@type":"PropertyValueSpecification","valueRequired":true,"valueName":"search_term_string"}}],"inLanguage":"pt-BR"},{"@type":"Organization","@id":"https:\/\/radiolifefm.com.br\/noticias\/#organization","name":"R\u00e1dio Life FM","alternateName":"Life FM","url":"https:\/\/radiolifefm.com.br\/noticias\/","logo":{"@type":"ImageObject","inLanguage":"pt-BR","@id":"https:\/\/radiolifefm.com.br\/noticias\/#\/schema\/logo\/image\/","url":"https:\/\/static.radiolifefm.com.br\/noticias\/wp-content\/uploads\/2019\/10\/logo-lifefm.png","contentUrl":"https:\/\/static.radiolifefm.com.br\/noticias\/wp-content\/uploads\/2019\/10\/logo-lifefm.png","width":196,"height":47,"caption":"R\u00e1dio Life FM"},"image":{"@id":"https:\/\/radiolifefm.com.br\/noticias\/#\/schema\/logo\/image\/"},"sameAs":["https:\/\/www.facebook.com\/radiolifefm\/","https:\/\/www.instagram.com\/life1079fm\/"]},{"@type":"Person","@id":"https:\/\/radiolifefm.com.br\/noticias\/#\/schema\/person\/6339b9fac59d12b071dec680d7375d87","name":"ritanery","image":{"@type":"ImageObject","inLanguage":"pt-BR","@id":"https:\/\/secure.gravatar.com\/avatar\/0e37bb19071f47c0b8a23f62a903df117c5a0e75f65a0c2901562f97cd41cf86?s=96&d=mm&r=g","url":"https:\/\/secure.gravatar.com\/avatar\/0e37bb19071f47c0b8a23f62a903df117c5a0e75f65a0c2901562f97cd41cf86?s=96&d=mm&r=g","contentUrl":"https:\/\/secure.gravatar.com\/avatar\/0e37bb19071f47c0b8a23f62a903df117c5a0e75f65a0c2901562f97cd41cf86?s=96&d=mm&r=g","caption":"ritanery"}}]}},"amp_enabled":true,"_links":{"self":[{"href":"https:\/\/radiolifefm.com.br\/noticias\/wp-json\/wp\/v2\/posts\/56277","targetHints":{"allow":["GET"]}}],"collection":[{"href":"https:\/\/radiolifefm.com.br\/noticias\/wp-json\/wp\/v2\/posts"}],"about":[{"href":"https:\/\/radiolifefm.com.br\/noticias\/wp-json\/wp\/v2\/types\/post"}],"author":[{"embeddable":true,"href":"https:\/\/radiolifefm.com.br\/noticias\/wp-json\/wp\/v2\/users\/13"}],"replies":[{"embeddable":true,"href":"https:\/\/radiolifefm.com.br\/noticias\/wp-json\/wp\/v2\/comments?post=56277"}],"version-history":[{"count":4,"href":"https:\/\/radiolifefm.com.br\/noticias\/wp-json\/wp\/v2\/posts\/56277\/revisions"}],"predecessor-version":[{"id":56282,"href":"https:\/\/radiolifefm.com.br\/noticias\/wp-json\/wp\/v2\/posts\/56277\/revisions\/56282"}],"wp:featuredmedia":[{"embeddable":true,"href":"https:\/\/radiolifefm.com.br\/noticias\/wp-json\/wp\/v2\/media\/56278"}],"wp:attachment":[{"href":"https:\/\/radiolifefm.com.br\/noticias\/wp-json\/wp\/v2\/media?parent=56277"}],"wp:term":[{"taxonomy":"category","embeddable":true,"href":"https:\/\/radiolifefm.com.br\/noticias\/wp-json\/wp\/v2\/categories?post=56277"},{"taxonomy":"post_tag","embeddable":true,"href":"https:\/\/radiolifefm.com.br\/noticias\/wp-json\/wp\/v2\/tags?post=56277"}],"curies":[{"name":"wp","href":"https:\/\/api.w.org\/{rel}","templated":true}]}}