{"id":56255,"date":"2022-07-25T08:16:05","date_gmt":"2022-07-25T11:16:05","guid":{"rendered":"https:\/\/radiolifefm.com.br\/noticias\/?p=56255"},"modified":"2026-03-21T12:24:13","modified_gmt":"2026-03-21T15:24:13","slug":"luluzinhas-provincianas-em-acao-deste-e-do-outro-lado","status":"publish","type":"post","link":"https:\/\/radiolifefm.com.br\/noticias\/luluzinhas-provincianas-em-acao-deste-e-do-outro-lado\/","title":{"rendered":"\u201cLuluzinhas provincianas\u201d em a\u00e7\u00e3o deste e do outro lado&#8230;"},"content":{"rendered":"<div id=\"fb-root\"><\/div>\n<p>&nbsp;<\/p>\n<p><strong><em>\u00a0\u201cEm cada instante das nossas vidas temos um p\u00e9 nos contos de fadas e o outro no abismo.\u201d (<\/em><\/strong><a href=\"https:\/\/www.pensador.com\/autor\/paulo_coelho\/\"><strong><em>Paulo Coelho<\/em><\/strong><\/a><strong><em>)<\/em><\/strong><\/p>\n<p><strong><em>\u00a0<\/em><\/strong><\/p>\n<p><strong>S\u00e9rgio Barbosa (*)<\/strong><\/p>\n<p>&nbsp;<\/p>\n<p>ERA UMA VEZ aquela outra que n\u00e3o era t\u00e3o BELA\u00a0 e muito menos ADORMECIDA, por\u00e9m, faz alguns meses que est\u00e1 de volta um CLUBINHO, ainda, que estava um tanto quanto esquecido nos \u00faltimos anos daquele outro lado de um mesmo lado&#8230;<\/p>\n<p>Ou seja, TROCARAM O MAQUINISTA, MAS O TREM DA ALEGRIA CONTINUA em nome disto e daquilo, por\u00e9m, quem comanda agora s\u00e3o as LULUZETES, todavia, como sempre, QUEM SOBREVIVER VAI SABER&#8230;<\/p>\n<p>Neste CEN\u00c1RIO que envolve os denominados CONTOS DE FADAS, se bem que pode ser, tamb\u00e9m, CONTOS DA CAROCHINHA, tendo em vista que parece que tudo naqueles lados continua do mesmo jeito que foi no outro tempo do tempo&#8230;<\/p>\n<p>Mas, voltando as LULUZINHAS, entendo que o CEN\u00c1RIO continua sendo do FAZ DE CONTA em nome das FANTASIAS de que est\u00e1 tudo AZUL no REINO ENCANTADO de uma PROV\u00cdNCIA DO FAZ DE CONTA&#8230;<\/p>\n<p>Ainda bem que a BELA sumiu do mapa sem mais e sem menos, assim, pode ser que as LULUZETES ocupem este lugar ou lugares especiais, mas, tudo pode ocorrer daqui pra frente em nome dos interesses n\u00e3o t\u00e3o comuns e ponto quase final&#8230;<\/p>\n<p>O TEMPO continua cobrando RESULTADOS PR\u00c1TICOS em todas as ORGANIZA\u00c7\u00d5ES que atuam no MERCADO, ainda mais em tempo de DESGOVERNO BOZZONARO com seus COISOS COM COISAS&#8230;<\/p>\n<p>N\u00e3o se pode deixar de lado, as denominadas MENTES MED\u00cdOCRES que circulam nesta PROV\u00cdNCIA DO FAZ DE CONTA, tendo em vista que as mesmas continuam seguindo o BERRANTE do COISO em nome dos seus COISOS&#8230;<\/p>\n<p>Desta forma, entre LULUZETES PROVINCIANAS e outras SEREIAS que est\u00e3o aqui ou ali nesta PROV\u00cdNCIA DO FAZ DE CONTA, espera-se que CHAPEUZINHO VERMELHO (sic), talvez, seja melhor aparecer de AZUL, possa dar o AR DA GRA\u00c7A com aquele COND\u00c3O M\u00c1GICO do MERLIN&#8230;<\/p>\n<p>Tamb\u00e9m, SE VOC\u00ca PENSA QUE T\u00c1 RUIM, PODE PIORAR em todas as \u00e1reas do MERCADO, haja vista que at\u00e9 OUTUBRO tudo pode ocorrer nestas \u00c1GUAS TURBULENTAS patrocinadas pelos mesmos de sempre&#8230;<\/p>\n<p>Espera-se que o MAQUINISTA possa assumir o COMANDO de um jeito ou de outro, caso contr\u00e1rio, al\u00e9m de ser um TREM DA ALEGRIA, pode se tornar DESGOVERNADO nestes TRILHOS SILENCIOSOS&#8230;<\/p>\n<p>Em terra de BO.DO.QUIO PROVINCIANO, pode-se considerar que CADA UM SE VIRA COMO PODE, ainda mais com aqueles\/as que eram PR\u00c9 e agora s\u00e3o CANDIDATOS\/AS em nome das suas BANDEIRAS um tanto quanto USADAS e MAL UTILIZADAS nestes \u00faltimos anos&#8230;<\/p>\n<p>O MAR N\u00c3O EST\u00c1 PRA PEIXE como diz o dito popular, por\u00e9m, o TEMPO continua sendo o SENHOR DA RAZ\u00c3O como afirmou o pensador do passado&#8230;<\/p>\n<p><strong><em>__________________________<\/em><\/strong><\/p>\n<p><strong><em>(*) jornalista diplomado e professor universit\u00e1rio.<\/em><\/strong><\/p>\n<p><strong><em>e-mail: <\/em><\/strong><a href=\"mailto:barbosa.sebar@gmail.com\"><strong><em>barbosa.sebar@gmail.com<\/em><\/strong><\/a><\/p>\n<p>&nbsp;<\/p>\n<p>&nbsp;<\/p>\n<p>&nbsp;<\/p>\n<p>&nbsp;<\/p>\n<p>&nbsp;<\/p>\n<p>&nbsp;<\/p>\n<p>&nbsp;<\/p>\n<p>&nbsp;<\/p>\n","protected":false},"excerpt":{"rendered":"<p>&nbsp; \u00a0\u201cEm cada instante das nossas vidas temos um p\u00e9 nos contos de fadas e o outro no abismo.\u201d (Paulo Coelho) \u00a0 S\u00e9rgio Barbosa (*) &nbsp; ERA UMA VEZ aquela outra que n\u00e3o era t\u00e3o BELA\u00a0 e muito menos ADORMECIDA, por\u00e9m, faz alguns meses que est\u00e1 de volta um CLUBINHO, ainda, que estava um tanto [&hellip;]<\/p>\n","protected":false},"author":13,"featured_media":51988,"comment_status":"open","ping_status":"open","sticky":false,"template":"","format":"standard","meta":{"_acf_changed":false,"_exactmetrics_skip_tracking":false,"_exactmetrics_sitenote_active":false,"_exactmetrics_sitenote_note":"","_exactmetrics_sitenote_category":0,"footnotes":""},"categories":[59],"tags":[],"class_list":["post-56255","post","type-post","status-publish","format-standard","has-post-thumbnail","hentry","category-opiniao"],"acf":[],"yoast_head":"<!-- This site is optimized with the Yoast SEO plugin v27.2 - https:\/\/yoast.com\/product\/yoast-seo-wordpress\/ -->\n<title>\u201cLuluzinhas provincianas\u201d em a\u00e7\u00e3o deste e do outro lado... - R\u00e1dio Life FM<\/title>\n<meta name=\"robots\" content=\"index, follow, max-snippet:-1, max-image-preview:large, max-video-preview:-1\" \/>\n<link rel=\"canonical\" href=\"https:\/\/radiolifefm.com.br\/noticias\/luluzinhas-provincianas-em-acao-deste-e-do-outro-lado\/\" \/>\n<meta property=\"og:locale\" content=\"pt_BR\" \/>\n<meta property=\"og:type\" content=\"article\" \/>\n<meta property=\"og:title\" content=\"\u201cLuluzinhas provincianas\u201d em a\u00e7\u00e3o deste e do outro lado... - R\u00e1dio Life FM\" \/>\n<meta property=\"og:description\" content=\"&nbsp; \u00a0\u201cEm cada instante das nossas vidas temos um p\u00e9 nos contos de fadas e o outro no abismo.\u201d (Paulo Coelho) \u00a0 S\u00e9rgio Barbosa (*) &nbsp; ERA UMA VEZ aquela outra que n\u00e3o era t\u00e3o BELA\u00a0 e muito menos ADORMECIDA, por\u00e9m, faz alguns meses que est\u00e1 de volta um CLUBINHO, ainda, que estava um tanto [&hellip;]\" \/>\n<meta property=\"og:url\" content=\"https:\/\/radiolifefm.com.br\/noticias\/luluzinhas-provincianas-em-acao-deste-e-do-outro-lado\/\" \/>\n<meta property=\"og:site_name\" content=\"R\u00e1dio Life FM\" \/>\n<meta property=\"article:publisher\" content=\"https:\/\/www.facebook.com\/radiolifefm\/\" \/>\n<meta property=\"article:published_time\" content=\"2022-07-25T11:16:05+00:00\" \/>\n<meta property=\"article:modified_time\" content=\"2026-03-21T15:24:13+00:00\" \/>\n<meta property=\"og:image\" content=\"https:\/\/radiolifefm.com.br\/noticias\/wp-content\/uploads\/2022\/04\/WhatsApp-Image-2022-04-10-at-18.43.02.jpeg\" \/>\n\t<meta property=\"og:image:width\" content=\"972\" \/>\n\t<meta property=\"og:image:height\" content=\"1296\" \/>\n\t<meta property=\"og:image:type\" content=\"image\/jpeg\" \/>\n<meta name=\"author\" content=\"ritanery\" \/>\n<meta name=\"twitter:card\" content=\"summary_large_image\" \/>\n<meta name=\"twitter:label1\" content=\"Escrito por\" \/>\n\t<meta name=\"twitter:data1\" content=\"ritanery\" \/>\n\t<meta name=\"twitter:label2\" content=\"Est. tempo de leitura\" \/>\n\t<meta name=\"twitter:data2\" content=\"3 minutos\" \/>\n<script type=\"application\/ld+json\" class=\"yoast-schema-graph\">{\"@context\":\"https:\/\/schema.org\",\"@graph\":[{\"@type\":\"Article\",\"@id\":\"https:\/\/radiolifefm.com.br\/noticias\/luluzinhas-provincianas-em-acao-deste-e-do-outro-lado\/#article\",\"isPartOf\":{\"@id\":\"https:\/\/radiolifefm.com.br\/noticias\/luluzinhas-provincianas-em-acao-deste-e-do-outro-lado\/\"},\"author\":{\"name\":\"ritanery\",\"@id\":\"https:\/\/radiolifefm.com.br\/noticias\/#\/schema\/person\/6339b9fac59d12b071dec680d7375d87\"},\"headline\":\"\u201cLuluzinhas provincianas\u201d em a\u00e7\u00e3o deste e do outro lado&#8230;\",\"datePublished\":\"2022-07-25T11:16:05+00:00\",\"dateModified\":\"2026-03-21T15:24:13+00:00\",\"mainEntityOfPage\":{\"@id\":\"https:\/\/radiolifefm.com.br\/noticias\/luluzinhas-provincianas-em-acao-deste-e-do-outro-lado\/\"},\"wordCount\":501,\"commentCount\":0,\"publisher\":{\"@id\":\"https:\/\/radiolifefm.com.br\/noticias\/#organization\"},\"image\":{\"@id\":\"https:\/\/radiolifefm.com.br\/noticias\/luluzinhas-provincianas-em-acao-deste-e-do-outro-lado\/#primaryimage\"},\"thumbnailUrl\":\"https:\/\/radiolifefm.com.br\/noticias\/wp-content\/uploads\/2022\/04\/WhatsApp-Image-2022-04-10-at-18.43.02.jpeg\",\"articleSection\":[\"Opini\u00e3o\"],\"inLanguage\":\"pt-BR\",\"potentialAction\":[{\"@type\":\"CommentAction\",\"name\":\"Comment\",\"target\":[\"https:\/\/radiolifefm.com.br\/noticias\/luluzinhas-provincianas-em-acao-deste-e-do-outro-lado\/#respond\"]}]},{\"@type\":\"WebPage\",\"@id\":\"https:\/\/radiolifefm.com.br\/noticias\/luluzinhas-provincianas-em-acao-deste-e-do-outro-lado\/\",\"url\":\"https:\/\/radiolifefm.com.br\/noticias\/luluzinhas-provincianas-em-acao-deste-e-do-outro-lado\/\",\"name\":\"\u201cLuluzinhas provincianas\u201d em a\u00e7\u00e3o deste e do outro lado... - R\u00e1dio Life FM\",\"isPartOf\":{\"@id\":\"https:\/\/radiolifefm.com.br\/noticias\/#website\"},\"primaryImageOfPage\":{\"@id\":\"https:\/\/radiolifefm.com.br\/noticias\/luluzinhas-provincianas-em-acao-deste-e-do-outro-lado\/#primaryimage\"},\"image\":{\"@id\":\"https:\/\/radiolifefm.com.br\/noticias\/luluzinhas-provincianas-em-acao-deste-e-do-outro-lado\/#primaryimage\"},\"thumbnailUrl\":\"https:\/\/radiolifefm.com.br\/noticias\/wp-content\/uploads\/2022\/04\/WhatsApp-Image-2022-04-10-at-18.43.02.jpeg\",\"datePublished\":\"2022-07-25T11:16:05+00:00\",\"dateModified\":\"2026-03-21T15:24:13+00:00\",\"breadcrumb\":{\"@id\":\"https:\/\/radiolifefm.com.br\/noticias\/luluzinhas-provincianas-em-acao-deste-e-do-outro-lado\/#breadcrumb\"},\"inLanguage\":\"pt-BR\",\"potentialAction\":[{\"@type\":\"ReadAction\",\"target\":[\"https:\/\/radiolifefm.com.br\/noticias\/luluzinhas-provincianas-em-acao-deste-e-do-outro-lado\/\"]}]},{\"@type\":\"ImageObject\",\"inLanguage\":\"pt-BR\",\"@id\":\"https:\/\/radiolifefm.com.br\/noticias\/luluzinhas-provincianas-em-acao-deste-e-do-outro-lado\/#primaryimage\",\"url\":\"https:\/\/radiolifefm.com.br\/noticias\/wp-content\/uploads\/2022\/04\/WhatsApp-Image-2022-04-10-at-18.43.02.jpeg\",\"contentUrl\":\"https:\/\/radiolifefm.com.br\/noticias\/wp-content\/uploads\/2022\/04\/WhatsApp-Image-2022-04-10-at-18.43.02.jpeg\",\"width\":972,\"height\":1296,\"caption\":\"S\u00e9rgio Barbosa\"},{\"@type\":\"BreadcrumbList\",\"@id\":\"https:\/\/radiolifefm.com.br\/noticias\/luluzinhas-provincianas-em-acao-deste-e-do-outro-lado\/#breadcrumb\",\"itemListElement\":[{\"@type\":\"ListItem\",\"position\":1,\"name\":\"In\u00edcio\",\"item\":\"https:\/\/radiolifefm.com.br\/noticias\/\"},{\"@type\":\"ListItem\",\"position\":2,\"name\":\"\u201cLuluzinhas provincianas\u201d em a\u00e7\u00e3o deste e do outro lado&#8230;\"}]},{\"@type\":\"WebSite\",\"@id\":\"https:\/\/radiolifefm.com.br\/noticias\/#website\",\"url\":\"https:\/\/radiolifefm.com.br\/noticias\/\",\"name\":\"R\u00e1dio Life FM\",\"description\":\"O Portal de Not\u00edcias de Adamantina\",\"publisher\":{\"@id\":\"https:\/\/radiolifefm.com.br\/noticias\/#organization\"},\"alternateName\":\"Life FM\",\"potentialAction\":[{\"@type\":\"SearchAction\",\"target\":{\"@type\":\"EntryPoint\",\"urlTemplate\":\"https:\/\/radiolifefm.com.br\/noticias\/?s={search_term_string}\"},\"query-input\":{\"@type\":\"PropertyValueSpecification\",\"valueRequired\":true,\"valueName\":\"search_term_string\"}}],\"inLanguage\":\"pt-BR\"},{\"@type\":\"Organization\",\"@id\":\"https:\/\/radiolifefm.com.br\/noticias\/#organization\",\"name\":\"R\u00e1dio Life FM\",\"alternateName\":\"Life FM\",\"url\":\"https:\/\/radiolifefm.com.br\/noticias\/\",\"logo\":{\"@type\":\"ImageObject\",\"inLanguage\":\"pt-BR\",\"@id\":\"https:\/\/radiolifefm.com.br\/noticias\/#\/schema\/logo\/image\/\",\"url\":\"https:\/\/static.radiolifefm.com.br\/noticias\/wp-content\/uploads\/2019\/10\/logo-lifefm.png\",\"contentUrl\":\"https:\/\/static.radiolifefm.com.br\/noticias\/wp-content\/uploads\/2019\/10\/logo-lifefm.png\",\"width\":196,\"height\":47,\"caption\":\"R\u00e1dio Life FM\"},\"image\":{\"@id\":\"https:\/\/radiolifefm.com.br\/noticias\/#\/schema\/logo\/image\/\"},\"sameAs\":[\"https:\/\/www.facebook.com\/radiolifefm\/\",\"https:\/\/www.instagram.com\/life1079fm\/\"]},{\"@type\":\"Person\",\"@id\":\"https:\/\/radiolifefm.com.br\/noticias\/#\/schema\/person\/6339b9fac59d12b071dec680d7375d87\",\"name\":\"ritanery\",\"image\":{\"@type\":\"ImageObject\",\"inLanguage\":\"pt-BR\",\"@id\":\"https:\/\/secure.gravatar.com\/avatar\/0e37bb19071f47c0b8a23f62a903df117c5a0e75f65a0c2901562f97cd41cf86?s=96&d=mm&r=g\",\"url\":\"https:\/\/secure.gravatar.com\/avatar\/0e37bb19071f47c0b8a23f62a903df117c5a0e75f65a0c2901562f97cd41cf86?s=96&d=mm&r=g\",\"contentUrl\":\"https:\/\/secure.gravatar.com\/avatar\/0e37bb19071f47c0b8a23f62a903df117c5a0e75f65a0c2901562f97cd41cf86?s=96&d=mm&r=g\",\"caption\":\"ritanery\"}}]}<\/script>\n<!-- \/ Yoast SEO plugin. -->","yoast_head_json":{"title":"\u201cLuluzinhas provincianas\u201d em a\u00e7\u00e3o deste e do outro lado... - R\u00e1dio Life FM","robots":{"index":"index","follow":"follow","max-snippet":"max-snippet:-1","max-image-preview":"max-image-preview:large","max-video-preview":"max-video-preview:-1"},"canonical":"https:\/\/radiolifefm.com.br\/noticias\/luluzinhas-provincianas-em-acao-deste-e-do-outro-lado\/","og_locale":"pt_BR","og_type":"article","og_title":"\u201cLuluzinhas provincianas\u201d em a\u00e7\u00e3o deste e do outro lado... - R\u00e1dio Life FM","og_description":"&nbsp; \u00a0\u201cEm cada instante das nossas vidas temos um p\u00e9 nos contos de fadas e o outro no abismo.\u201d (Paulo Coelho) \u00a0 S\u00e9rgio Barbosa (*) &nbsp; ERA UMA VEZ aquela outra que n\u00e3o era t\u00e3o BELA\u00a0 e muito menos ADORMECIDA, por\u00e9m, faz alguns meses que est\u00e1 de volta um CLUBINHO, ainda, que estava um tanto [&hellip;]","og_url":"https:\/\/radiolifefm.com.br\/noticias\/luluzinhas-provincianas-em-acao-deste-e-do-outro-lado\/","og_site_name":"R\u00e1dio Life FM","article_publisher":"https:\/\/www.facebook.com\/radiolifefm\/","article_published_time":"2022-07-25T11:16:05+00:00","article_modified_time":"2026-03-21T15:24:13+00:00","og_image":[{"width":972,"height":1296,"url":"https:\/\/radiolifefm.com.br\/noticias\/wp-content\/uploads\/2022\/04\/WhatsApp-Image-2022-04-10-at-18.43.02.jpeg","type":"image\/jpeg"}],"author":"ritanery","twitter_card":"summary_large_image","twitter_misc":{"Escrito por":"ritanery","Est. tempo de leitura":"3 minutos"},"schema":{"@context":"https:\/\/schema.org","@graph":[{"@type":"Article","@id":"https:\/\/radiolifefm.com.br\/noticias\/luluzinhas-provincianas-em-acao-deste-e-do-outro-lado\/#article","isPartOf":{"@id":"https:\/\/radiolifefm.com.br\/noticias\/luluzinhas-provincianas-em-acao-deste-e-do-outro-lado\/"},"author":{"name":"ritanery","@id":"https:\/\/radiolifefm.com.br\/noticias\/#\/schema\/person\/6339b9fac59d12b071dec680d7375d87"},"headline":"\u201cLuluzinhas provincianas\u201d em a\u00e7\u00e3o deste e do outro lado&#8230;","datePublished":"2022-07-25T11:16:05+00:00","dateModified":"2026-03-21T15:24:13+00:00","mainEntityOfPage":{"@id":"https:\/\/radiolifefm.com.br\/noticias\/luluzinhas-provincianas-em-acao-deste-e-do-outro-lado\/"},"wordCount":501,"commentCount":0,"publisher":{"@id":"https:\/\/radiolifefm.com.br\/noticias\/#organization"},"image":{"@id":"https:\/\/radiolifefm.com.br\/noticias\/luluzinhas-provincianas-em-acao-deste-e-do-outro-lado\/#primaryimage"},"thumbnailUrl":"https:\/\/radiolifefm.com.br\/noticias\/wp-content\/uploads\/2022\/04\/WhatsApp-Image-2022-04-10-at-18.43.02.jpeg","articleSection":["Opini\u00e3o"],"inLanguage":"pt-BR","potentialAction":[{"@type":"CommentAction","name":"Comment","target":["https:\/\/radiolifefm.com.br\/noticias\/luluzinhas-provincianas-em-acao-deste-e-do-outro-lado\/#respond"]}]},{"@type":"WebPage","@id":"https:\/\/radiolifefm.com.br\/noticias\/luluzinhas-provincianas-em-acao-deste-e-do-outro-lado\/","url":"https:\/\/radiolifefm.com.br\/noticias\/luluzinhas-provincianas-em-acao-deste-e-do-outro-lado\/","name":"\u201cLuluzinhas provincianas\u201d em a\u00e7\u00e3o deste e do outro lado... - R\u00e1dio Life FM","isPartOf":{"@id":"https:\/\/radiolifefm.com.br\/noticias\/#website"},"primaryImageOfPage":{"@id":"https:\/\/radiolifefm.com.br\/noticias\/luluzinhas-provincianas-em-acao-deste-e-do-outro-lado\/#primaryimage"},"image":{"@id":"https:\/\/radiolifefm.com.br\/noticias\/luluzinhas-provincianas-em-acao-deste-e-do-outro-lado\/#primaryimage"},"thumbnailUrl":"https:\/\/radiolifefm.com.br\/noticias\/wp-content\/uploads\/2022\/04\/WhatsApp-Image-2022-04-10-at-18.43.02.jpeg","datePublished":"2022-07-25T11:16:05+00:00","dateModified":"2026-03-21T15:24:13+00:00","breadcrumb":{"@id":"https:\/\/radiolifefm.com.br\/noticias\/luluzinhas-provincianas-em-acao-deste-e-do-outro-lado\/#breadcrumb"},"inLanguage":"pt-BR","potentialAction":[{"@type":"ReadAction","target":["https:\/\/radiolifefm.com.br\/noticias\/luluzinhas-provincianas-em-acao-deste-e-do-outro-lado\/"]}]},{"@type":"ImageObject","inLanguage":"pt-BR","@id":"https:\/\/radiolifefm.com.br\/noticias\/luluzinhas-provincianas-em-acao-deste-e-do-outro-lado\/#primaryimage","url":"https:\/\/radiolifefm.com.br\/noticias\/wp-content\/uploads\/2022\/04\/WhatsApp-Image-2022-04-10-at-18.43.02.jpeg","contentUrl":"https:\/\/radiolifefm.com.br\/noticias\/wp-content\/uploads\/2022\/04\/WhatsApp-Image-2022-04-10-at-18.43.02.jpeg","width":972,"height":1296,"caption":"S\u00e9rgio Barbosa"},{"@type":"BreadcrumbList","@id":"https:\/\/radiolifefm.com.br\/noticias\/luluzinhas-provincianas-em-acao-deste-e-do-outro-lado\/#breadcrumb","itemListElement":[{"@type":"ListItem","position":1,"name":"In\u00edcio","item":"https:\/\/radiolifefm.com.br\/noticias\/"},{"@type":"ListItem","position":2,"name":"\u201cLuluzinhas provincianas\u201d em a\u00e7\u00e3o deste e do outro lado&#8230;"}]},{"@type":"WebSite","@id":"https:\/\/radiolifefm.com.br\/noticias\/#website","url":"https:\/\/radiolifefm.com.br\/noticias\/","name":"R\u00e1dio Life FM","description":"O Portal de Not\u00edcias de Adamantina","publisher":{"@id":"https:\/\/radiolifefm.com.br\/noticias\/#organization"},"alternateName":"Life FM","potentialAction":[{"@type":"SearchAction","target":{"@type":"EntryPoint","urlTemplate":"https:\/\/radiolifefm.com.br\/noticias\/?s={search_term_string}"},"query-input":{"@type":"PropertyValueSpecification","valueRequired":true,"valueName":"search_term_string"}}],"inLanguage":"pt-BR"},{"@type":"Organization","@id":"https:\/\/radiolifefm.com.br\/noticias\/#organization","name":"R\u00e1dio Life FM","alternateName":"Life FM","url":"https:\/\/radiolifefm.com.br\/noticias\/","logo":{"@type":"ImageObject","inLanguage":"pt-BR","@id":"https:\/\/radiolifefm.com.br\/noticias\/#\/schema\/logo\/image\/","url":"https:\/\/static.radiolifefm.com.br\/noticias\/wp-content\/uploads\/2019\/10\/logo-lifefm.png","contentUrl":"https:\/\/static.radiolifefm.com.br\/noticias\/wp-content\/uploads\/2019\/10\/logo-lifefm.png","width":196,"height":47,"caption":"R\u00e1dio Life FM"},"image":{"@id":"https:\/\/radiolifefm.com.br\/noticias\/#\/schema\/logo\/image\/"},"sameAs":["https:\/\/www.facebook.com\/radiolifefm\/","https:\/\/www.instagram.com\/life1079fm\/"]},{"@type":"Person","@id":"https:\/\/radiolifefm.com.br\/noticias\/#\/schema\/person\/6339b9fac59d12b071dec680d7375d87","name":"ritanery","image":{"@type":"ImageObject","inLanguage":"pt-BR","@id":"https:\/\/secure.gravatar.com\/avatar\/0e37bb19071f47c0b8a23f62a903df117c5a0e75f65a0c2901562f97cd41cf86?s=96&d=mm&r=g","url":"https:\/\/secure.gravatar.com\/avatar\/0e37bb19071f47c0b8a23f62a903df117c5a0e75f65a0c2901562f97cd41cf86?s=96&d=mm&r=g","contentUrl":"https:\/\/secure.gravatar.com\/avatar\/0e37bb19071f47c0b8a23f62a903df117c5a0e75f65a0c2901562f97cd41cf86?s=96&d=mm&r=g","caption":"ritanery"}}]}},"amp_enabled":true,"_links":{"self":[{"href":"https:\/\/radiolifefm.com.br\/noticias\/wp-json\/wp\/v2\/posts\/56255","targetHints":{"allow":["GET"]}}],"collection":[{"href":"https:\/\/radiolifefm.com.br\/noticias\/wp-json\/wp\/v2\/posts"}],"about":[{"href":"https:\/\/radiolifefm.com.br\/noticias\/wp-json\/wp\/v2\/types\/post"}],"author":[{"embeddable":true,"href":"https:\/\/radiolifefm.com.br\/noticias\/wp-json\/wp\/v2\/users\/13"}],"replies":[{"embeddable":true,"href":"https:\/\/radiolifefm.com.br\/noticias\/wp-json\/wp\/v2\/comments?post=56255"}],"version-history":[{"count":1,"href":"https:\/\/radiolifefm.com.br\/noticias\/wp-json\/wp\/v2\/posts\/56255\/revisions"}],"predecessor-version":[{"id":56256,"href":"https:\/\/radiolifefm.com.br\/noticias\/wp-json\/wp\/v2\/posts\/56255\/revisions\/56256"}],"wp:featuredmedia":[{"embeddable":true,"href":"https:\/\/radiolifefm.com.br\/noticias\/wp-json\/wp\/v2\/media\/51988"}],"wp:attachment":[{"href":"https:\/\/radiolifefm.com.br\/noticias\/wp-json\/wp\/v2\/media?parent=56255"}],"wp:term":[{"taxonomy":"category","embeddable":true,"href":"https:\/\/radiolifefm.com.br\/noticias\/wp-json\/wp\/v2\/categories?post=56255"},{"taxonomy":"post_tag","embeddable":true,"href":"https:\/\/radiolifefm.com.br\/noticias\/wp-json\/wp\/v2\/tags?post=56255"}],"curies":[{"name":"wp","href":"https:\/\/api.w.org\/{rel}","templated":true}]}}