{"id":56234,"date":"2022-07-23T20:15:20","date_gmt":"2022-07-23T23:15:20","guid":{"rendered":"https:\/\/radiolifefm.com.br\/noticias\/?p=56234"},"modified":"2026-04-06T21:25:03","modified_gmt":"2026-04-07T00:25:03","slug":"morre-em-bauru-o-esportista-e-ex-presidente-da-aspuma-joao-da-silva-juliao","status":"publish","type":"post","link":"https:\/\/radiolifefm.com.br\/noticias\/morre-em-bauru-o-esportista-e-ex-presidente-da-aspuma-joao-da-silva-juliao\/","title":{"rendered":"Morre em Bauru o esportista e ex-presidente da Aspuma, Jo\u00e3o da Silva Juli\u00e3o"},"content":{"rendered":"<div id=\"fb-root\"><\/div>\n<p style=\"font-weight: 400\">Morreu na noite desta sexta-feira (22) em Bauru o servidor p\u00fablico municipal aposentado Jo\u00e3o da Silva Juli\u00e3o, que por anos atuou no quadro da Prefeitura de Adamantina. Ele foi presidente da Associa\u00e7\u00e3o dos Servidores P\u00fablicos Municipais (Aspuma) e tem uma ampla atua\u00e7\u00e3o no esporte local.<\/p>\n<p style=\"font-weight: 400\">H\u00e1 cerca de dois anos ele e a esposa Maria Aparecida Juli\u00e3o \u2013 professora aposentada \u2013 mudaram-se para Bauru, onde passaram a residir mais pr\u00f3ximos aos filhos. Nas redes sociais, na manh\u00e3 deste s\u00e1bado (23), Aparecida\u00a0<a href=\"https:\/\/www.facebook.com\/photo\/?fbid=3296889503922840&amp;set=a.1401974623414347\"><strong>publicou<\/strong>\u00a0<\/a>sobre o falecimento do companheiro: \u201c\u00c9\u00a0\u00a0com muita tristeza que informo o falecimento do meu amado esposo. Que Deus em sua infinita bondade o receba em sua morada e de conforto\u00a0\u00a0para nossos cora\u00e7\u00f5es. Descanse em paz.\u201d, encerrou a publica\u00e7\u00e3o.<\/p>\n<p style=\"font-weight: 400\"><strong>Refer\u00eancia no futebol<\/strong><\/p>\n<p style=\"font-weight: 400\">Juli\u00e3o era uma refer\u00eancia no futebol em Adamantina e regi\u00e3o, e deixou marcas na hist\u00f3ria do esporte local. O colunista esportivo Jair Kb\u00e7a j\u00e1 publicou conte\u00fados sobre sua biografia. Reveja a<a href=\"https:\/\/www.facebook.com\/photo?fbid=1870054736513094&amp;set=a.357809491070967\"><strong>\u00a0mais recente publica\u00e7\u00e3o<\/strong><\/a>, feita em 21 de janeiro deste ano:<\/p>\n<p style=\"font-weight: 400\"><em>\u201cQuem n\u00e3o se lembra de Jo\u00e3o da Silva Juli\u00e3o? Falando assim poucos v\u00e3o se recordar, mas ao citar o nome do competente esportista Juli\u00e3o, certamente muitos esportistas de Adamantina v\u00e3o se lembrar. Juli\u00e3o foi um baluarte no futebol adamantinense, com muita dedica\u00e7\u00e3o e responsabilidade.<\/em><\/p>\n<p><img loading=\"lazy\" decoding=\"async\" class=\"size-medium wp-image-56235 aligncenter\" src=\"https:\/\/static.radiolifefm.com.br\/wp-content\/uploads\/sites\/2\/2022\/07\/cats-10-185x300.jpg\" alt=\"\" width=\"185\" height=\"300\" srcset=\"https:\/\/radiolifefm.com.br\/noticias\/wp-content\/uploads\/2022\/07\/cats-10-185x300.jpg 185w, https:\/\/radiolifefm.com.br\/noticias\/wp-content\/uploads\/2022\/07\/cats-10-632x1024.jpg 632w, https:\/\/radiolifefm.com.br\/noticias\/wp-content\/uploads\/2022\/07\/cats-10-768x1245.jpg 768w, https:\/\/radiolifefm.com.br\/noticias\/wp-content\/uploads\/2022\/07\/cats-10-947x1536.jpg 947w, https:\/\/radiolifefm.com.br\/noticias\/wp-content\/uploads\/2022\/07\/cats-10-1263x2048.jpg 1263w, https:\/\/radiolifefm.com.br\/noticias\/wp-content\/uploads\/2022\/07\/cats-10.jpg 1328w\" sizes=\"auto, (max-width: 185px) 100vw, 185px\" \/><\/p>\n<p style=\"font-weight: 400\"><em>Ele mostrou seu bom futebol nas seguintes equipes: Associa\u00e7\u00e3o Atl\u00e9tica Adamantina, Aspirante e Amador do Guarani de Adamantina, Sociedade Esportiva Palmeiras de Adamantina, Adamantina Futebol Clube, Col\u00e9gio Ateneu Bento da Silva, Veteranos do Adamantina F.C., Aspuma de Adamantina, A.E.V.A. de Adamantina e muitas outras equipes.<\/em><\/p>\n<p style=\"font-weight: 400\"><strong><em>Diretor de futebol<\/em><\/strong><\/p>\n<p style=\"font-weight: 400\"><em>Ap\u00f3s abandonar os gramados, Juli\u00e3o trabalhou como diretor de futebol nas equipes do Guarani F.C. de Adamantina, Adamantina F.C. e Futsal de Adamantina, sempre fazendo as documenta\u00e7\u00f5es dos jogadores na Federa\u00e7\u00e3o Paulista de Futebol de Campo e Sal\u00e3o.<\/em><\/p>\n<p style=\"font-weight: 400\"><strong><em>T\u00e9cnico e auxiliar<\/em><\/strong><\/p>\n<p style=\"font-weight: 400\"><em>Comandante e auxiliar t\u00e9cnico do Adamantina F.C., Guarani F.C. de Adamantina, Bibi Esporte Clube, Tucuru\u00ed F.C., Aspuma, San Remo, A.I.T.A. de Adamantina, Aspuma, CME Juvenil Adamantina (4\u00ba lugar nos Jogos Regionais de Paragua\u00e7u Paulista em 1986) e muitos outros.<\/em><\/p>\n<p style=\"font-weight: 400\"><strong><em>Presidente<\/em><\/strong><\/p>\n<p style=\"font-weight: 400\"><em>Por muitos anos assumiu o comando do Aspuma e do veterano da AITA de Adamantina.<\/em><\/p>\n<p style=\"font-weight: 400\"><em>Atualmente, \u00e9 funcion\u00e1rio p\u00fablico municipal aposentado e reside na cidade de Bauru\u201d.<\/em><\/p>\n<p>&nbsp;<\/p>\n<p>Fone: Siga Mais<\/p>\n","protected":false},"excerpt":{"rendered":"<p>Morreu na noite desta sexta-feira (22) em Bauru o servidor p\u00fablico municipal aposentado Jo\u00e3o da Silva Juli\u00e3o, que por anos atuou no quadro da Prefeitura de Adamantina. Ele foi presidente da Associa\u00e7\u00e3o dos Servidores P\u00fablicos Municipais (Aspuma) e tem uma ampla atua\u00e7\u00e3o no esporte local. H\u00e1 cerca de dois anos ele e a esposa Maria [&hellip;]<\/p>\n","protected":false},"author":13,"featured_media":56236,"comment_status":"closed","ping_status":"open","sticky":false,"template":"","format":"standard","meta":{"_acf_changed":false,"_exactmetrics_skip_tracking":false,"_exactmetrics_sitenote_active":false,"_exactmetrics_sitenote_note":"","_exactmetrics_sitenote_category":0,"footnotes":""},"categories":[21],"tags":[],"class_list":["post-56234","post","type-post","status-publish","format-standard","has-post-thumbnail","hentry","category-adamantina"],"acf":[],"yoast_head":"<!-- This site is optimized with the Yoast SEO plugin v27.2 - https:\/\/yoast.com\/product\/yoast-seo-wordpress\/ -->\n<title>Morre em Bauru o esportista e ex-presidente da Aspuma, Jo\u00e3o da Silva Juli\u00e3o - R\u00e1dio Life FM<\/title>\n<meta name=\"robots\" content=\"index, follow, max-snippet:-1, max-image-preview:large, max-video-preview:-1\" \/>\n<link rel=\"canonical\" href=\"https:\/\/radiolifefm.com.br\/noticias\/morre-em-bauru-o-esportista-e-ex-presidente-da-aspuma-joao-da-silva-juliao\/\" \/>\n<meta property=\"og:locale\" content=\"pt_BR\" \/>\n<meta property=\"og:type\" content=\"article\" \/>\n<meta property=\"og:title\" content=\"Morre em Bauru o esportista e ex-presidente da Aspuma, Jo\u00e3o da Silva Juli\u00e3o - R\u00e1dio Life FM\" \/>\n<meta property=\"og:description\" content=\"Morreu na noite desta sexta-feira (22) em Bauru o servidor p\u00fablico municipal aposentado Jo\u00e3o da Silva Juli\u00e3o, que por anos atuou no quadro da Prefeitura de Adamantina. Ele foi presidente da Associa\u00e7\u00e3o dos Servidores P\u00fablicos Municipais (Aspuma) e tem uma ampla atua\u00e7\u00e3o no esporte local. H\u00e1 cerca de dois anos ele e a esposa Maria [&hellip;]\" \/>\n<meta property=\"og:url\" content=\"https:\/\/radiolifefm.com.br\/noticias\/morre-em-bauru-o-esportista-e-ex-presidente-da-aspuma-joao-da-silva-juliao\/\" \/>\n<meta property=\"og:site_name\" content=\"R\u00e1dio Life FM\" \/>\n<meta property=\"article:publisher\" content=\"https:\/\/www.facebook.com\/radiolifefm\/\" \/>\n<meta property=\"article:published_time\" content=\"2022-07-23T23:15:20+00:00\" \/>\n<meta property=\"article:modified_time\" content=\"2026-04-07T00:25:03+00:00\" \/>\n<meta property=\"og:image\" content=\"https:\/\/radiolifefm.com.br\/noticias\/wp-content\/uploads\/2022\/07\/cats-11.jpg\" \/>\n\t<meta property=\"og:image:width\" content=\"600\" \/>\n\t<meta property=\"og:image:height\" content=\"337\" \/>\n\t<meta property=\"og:image:type\" content=\"image\/jpeg\" \/>\n<meta name=\"author\" content=\"ritanery\" \/>\n<meta name=\"twitter:card\" content=\"summary_large_image\" \/>\n<meta name=\"twitter:label1\" content=\"Escrito por\" \/>\n\t<meta name=\"twitter:data1\" content=\"ritanery\" \/>\n\t<meta name=\"twitter:label2\" content=\"Est. tempo de leitura\" \/>\n\t<meta name=\"twitter:data2\" content=\"3 minutos\" \/>\n<script type=\"application\/ld+json\" class=\"yoast-schema-graph\">{\"@context\":\"https:\/\/schema.org\",\"@graph\":[{\"@type\":\"Article\",\"@id\":\"https:\/\/radiolifefm.com.br\/noticias\/morre-em-bauru-o-esportista-e-ex-presidente-da-aspuma-joao-da-silva-juliao\/#article\",\"isPartOf\":{\"@id\":\"https:\/\/radiolifefm.com.br\/noticias\/morre-em-bauru-o-esportista-e-ex-presidente-da-aspuma-joao-da-silva-juliao\/\"},\"author\":{\"name\":\"ritanery\",\"@id\":\"https:\/\/radiolifefm.com.br\/noticias\/#\/schema\/person\/6339b9fac59d12b071dec680d7375d87\"},\"headline\":\"Morre em Bauru o esportista e ex-presidente da Aspuma, Jo\u00e3o da Silva Juli\u00e3o\",\"datePublished\":\"2022-07-23T23:15:20+00:00\",\"dateModified\":\"2026-04-07T00:25:03+00:00\",\"mainEntityOfPage\":{\"@id\":\"https:\/\/radiolifefm.com.br\/noticias\/morre-em-bauru-o-esportista-e-ex-presidente-da-aspuma-joao-da-silva-juliao\/\"},\"wordCount\":428,\"publisher\":{\"@id\":\"https:\/\/radiolifefm.com.br\/noticias\/#organization\"},\"image\":{\"@id\":\"https:\/\/radiolifefm.com.br\/noticias\/morre-em-bauru-o-esportista-e-ex-presidente-da-aspuma-joao-da-silva-juliao\/#primaryimage\"},\"thumbnailUrl\":\"https:\/\/radiolifefm.com.br\/noticias\/wp-content\/uploads\/2022\/07\/cats-11.jpg\",\"articleSection\":[\"Adamantina\"],\"inLanguage\":\"pt-BR\"},{\"@type\":\"WebPage\",\"@id\":\"https:\/\/radiolifefm.com.br\/noticias\/morre-em-bauru-o-esportista-e-ex-presidente-da-aspuma-joao-da-silva-juliao\/\",\"url\":\"https:\/\/radiolifefm.com.br\/noticias\/morre-em-bauru-o-esportista-e-ex-presidente-da-aspuma-joao-da-silva-juliao\/\",\"name\":\"Morre em Bauru o esportista e ex-presidente da Aspuma, Jo\u00e3o da Silva Juli\u00e3o - R\u00e1dio Life FM\",\"isPartOf\":{\"@id\":\"https:\/\/radiolifefm.com.br\/noticias\/#website\"},\"primaryImageOfPage\":{\"@id\":\"https:\/\/radiolifefm.com.br\/noticias\/morre-em-bauru-o-esportista-e-ex-presidente-da-aspuma-joao-da-silva-juliao\/#primaryimage\"},\"image\":{\"@id\":\"https:\/\/radiolifefm.com.br\/noticias\/morre-em-bauru-o-esportista-e-ex-presidente-da-aspuma-joao-da-silva-juliao\/#primaryimage\"},\"thumbnailUrl\":\"https:\/\/radiolifefm.com.br\/noticias\/wp-content\/uploads\/2022\/07\/cats-11.jpg\",\"datePublished\":\"2022-07-23T23:15:20+00:00\",\"dateModified\":\"2026-04-07T00:25:03+00:00\",\"breadcrumb\":{\"@id\":\"https:\/\/radiolifefm.com.br\/noticias\/morre-em-bauru-o-esportista-e-ex-presidente-da-aspuma-joao-da-silva-juliao\/#breadcrumb\"},\"inLanguage\":\"pt-BR\",\"potentialAction\":[{\"@type\":\"ReadAction\",\"target\":[\"https:\/\/radiolifefm.com.br\/noticias\/morre-em-bauru-o-esportista-e-ex-presidente-da-aspuma-joao-da-silva-juliao\/\"]}]},{\"@type\":\"ImageObject\",\"inLanguage\":\"pt-BR\",\"@id\":\"https:\/\/radiolifefm.com.br\/noticias\/morre-em-bauru-o-esportista-e-ex-presidente-da-aspuma-joao-da-silva-juliao\/#primaryimage\",\"url\":\"https:\/\/radiolifefm.com.br\/noticias\/wp-content\/uploads\/2022\/07\/cats-11.jpg\",\"contentUrl\":\"https:\/\/radiolifefm.com.br\/noticias\/wp-content\/uploads\/2022\/07\/cats-11.jpg\",\"width\":600,\"height\":337,\"caption\":\"Jo\u00e3o da Silva Juli\u00e3o\"},{\"@type\":\"BreadcrumbList\",\"@id\":\"https:\/\/radiolifefm.com.br\/noticias\/morre-em-bauru-o-esportista-e-ex-presidente-da-aspuma-joao-da-silva-juliao\/#breadcrumb\",\"itemListElement\":[{\"@type\":\"ListItem\",\"position\":1,\"name\":\"In\u00edcio\",\"item\":\"https:\/\/radiolifefm.com.br\/noticias\/\"},{\"@type\":\"ListItem\",\"position\":2,\"name\":\"Morre em Bauru o esportista e ex-presidente da Aspuma, Jo\u00e3o da Silva Juli\u00e3o\"}]},{\"@type\":\"WebSite\",\"@id\":\"https:\/\/radiolifefm.com.br\/noticias\/#website\",\"url\":\"https:\/\/radiolifefm.com.br\/noticias\/\",\"name\":\"R\u00e1dio Life FM\",\"description\":\"O Portal de Not\u00edcias de Adamantina\",\"publisher\":{\"@id\":\"https:\/\/radiolifefm.com.br\/noticias\/#organization\"},\"alternateName\":\"Life FM\",\"potentialAction\":[{\"@type\":\"SearchAction\",\"target\":{\"@type\":\"EntryPoint\",\"urlTemplate\":\"https:\/\/radiolifefm.com.br\/noticias\/?s={search_term_string}\"},\"query-input\":{\"@type\":\"PropertyValueSpecification\",\"valueRequired\":true,\"valueName\":\"search_term_string\"}}],\"inLanguage\":\"pt-BR\"},{\"@type\":\"Organization\",\"@id\":\"https:\/\/radiolifefm.com.br\/noticias\/#organization\",\"name\":\"R\u00e1dio Life FM\",\"alternateName\":\"Life FM\",\"url\":\"https:\/\/radiolifefm.com.br\/noticias\/\",\"logo\":{\"@type\":\"ImageObject\",\"inLanguage\":\"pt-BR\",\"@id\":\"https:\/\/radiolifefm.com.br\/noticias\/#\/schema\/logo\/image\/\",\"url\":\"https:\/\/static.radiolifefm.com.br\/noticias\/wp-content\/uploads\/2019\/10\/logo-lifefm.png\",\"contentUrl\":\"https:\/\/static.radiolifefm.com.br\/noticias\/wp-content\/uploads\/2019\/10\/logo-lifefm.png\",\"width\":196,\"height\":47,\"caption\":\"R\u00e1dio Life FM\"},\"image\":{\"@id\":\"https:\/\/radiolifefm.com.br\/noticias\/#\/schema\/logo\/image\/\"},\"sameAs\":[\"https:\/\/www.facebook.com\/radiolifefm\/\",\"https:\/\/www.instagram.com\/life1079fm\/\"]},{\"@type\":\"Person\",\"@id\":\"https:\/\/radiolifefm.com.br\/noticias\/#\/schema\/person\/6339b9fac59d12b071dec680d7375d87\",\"name\":\"ritanery\",\"image\":{\"@type\":\"ImageObject\",\"inLanguage\":\"pt-BR\",\"@id\":\"https:\/\/secure.gravatar.com\/avatar\/0e37bb19071f47c0b8a23f62a903df117c5a0e75f65a0c2901562f97cd41cf86?s=96&d=mm&r=g\",\"url\":\"https:\/\/secure.gravatar.com\/avatar\/0e37bb19071f47c0b8a23f62a903df117c5a0e75f65a0c2901562f97cd41cf86?s=96&d=mm&r=g\",\"contentUrl\":\"https:\/\/secure.gravatar.com\/avatar\/0e37bb19071f47c0b8a23f62a903df117c5a0e75f65a0c2901562f97cd41cf86?s=96&d=mm&r=g\",\"caption\":\"ritanery\"}}]}<\/script>\n<!-- \/ Yoast SEO plugin. -->","yoast_head_json":{"title":"Morre em Bauru o esportista e ex-presidente da Aspuma, Jo\u00e3o da Silva Juli\u00e3o - R\u00e1dio Life FM","robots":{"index":"index","follow":"follow","max-snippet":"max-snippet:-1","max-image-preview":"max-image-preview:large","max-video-preview":"max-video-preview:-1"},"canonical":"https:\/\/radiolifefm.com.br\/noticias\/morre-em-bauru-o-esportista-e-ex-presidente-da-aspuma-joao-da-silva-juliao\/","og_locale":"pt_BR","og_type":"article","og_title":"Morre em Bauru o esportista e ex-presidente da Aspuma, Jo\u00e3o da Silva Juli\u00e3o - R\u00e1dio Life FM","og_description":"Morreu na noite desta sexta-feira (22) em Bauru o servidor p\u00fablico municipal aposentado Jo\u00e3o da Silva Juli\u00e3o, que por anos atuou no quadro da Prefeitura de Adamantina. Ele foi presidente da Associa\u00e7\u00e3o dos Servidores P\u00fablicos Municipais (Aspuma) e tem uma ampla atua\u00e7\u00e3o no esporte local. H\u00e1 cerca de dois anos ele e a esposa Maria [&hellip;]","og_url":"https:\/\/radiolifefm.com.br\/noticias\/morre-em-bauru-o-esportista-e-ex-presidente-da-aspuma-joao-da-silva-juliao\/","og_site_name":"R\u00e1dio Life FM","article_publisher":"https:\/\/www.facebook.com\/radiolifefm\/","article_published_time":"2022-07-23T23:15:20+00:00","article_modified_time":"2026-04-07T00:25:03+00:00","og_image":[{"width":600,"height":337,"url":"https:\/\/radiolifefm.com.br\/noticias\/wp-content\/uploads\/2022\/07\/cats-11.jpg","type":"image\/jpeg"}],"author":"ritanery","twitter_card":"summary_large_image","twitter_misc":{"Escrito por":"ritanery","Est. tempo de leitura":"3 minutos"},"schema":{"@context":"https:\/\/schema.org","@graph":[{"@type":"Article","@id":"https:\/\/radiolifefm.com.br\/noticias\/morre-em-bauru-o-esportista-e-ex-presidente-da-aspuma-joao-da-silva-juliao\/#article","isPartOf":{"@id":"https:\/\/radiolifefm.com.br\/noticias\/morre-em-bauru-o-esportista-e-ex-presidente-da-aspuma-joao-da-silva-juliao\/"},"author":{"name":"ritanery","@id":"https:\/\/radiolifefm.com.br\/noticias\/#\/schema\/person\/6339b9fac59d12b071dec680d7375d87"},"headline":"Morre em Bauru o esportista e ex-presidente da Aspuma, Jo\u00e3o da Silva Juli\u00e3o","datePublished":"2022-07-23T23:15:20+00:00","dateModified":"2026-04-07T00:25:03+00:00","mainEntityOfPage":{"@id":"https:\/\/radiolifefm.com.br\/noticias\/morre-em-bauru-o-esportista-e-ex-presidente-da-aspuma-joao-da-silva-juliao\/"},"wordCount":428,"publisher":{"@id":"https:\/\/radiolifefm.com.br\/noticias\/#organization"},"image":{"@id":"https:\/\/radiolifefm.com.br\/noticias\/morre-em-bauru-o-esportista-e-ex-presidente-da-aspuma-joao-da-silva-juliao\/#primaryimage"},"thumbnailUrl":"https:\/\/radiolifefm.com.br\/noticias\/wp-content\/uploads\/2022\/07\/cats-11.jpg","articleSection":["Adamantina"],"inLanguage":"pt-BR"},{"@type":"WebPage","@id":"https:\/\/radiolifefm.com.br\/noticias\/morre-em-bauru-o-esportista-e-ex-presidente-da-aspuma-joao-da-silva-juliao\/","url":"https:\/\/radiolifefm.com.br\/noticias\/morre-em-bauru-o-esportista-e-ex-presidente-da-aspuma-joao-da-silva-juliao\/","name":"Morre em Bauru o esportista e ex-presidente da Aspuma, Jo\u00e3o da Silva Juli\u00e3o - R\u00e1dio Life FM","isPartOf":{"@id":"https:\/\/radiolifefm.com.br\/noticias\/#website"},"primaryImageOfPage":{"@id":"https:\/\/radiolifefm.com.br\/noticias\/morre-em-bauru-o-esportista-e-ex-presidente-da-aspuma-joao-da-silva-juliao\/#primaryimage"},"image":{"@id":"https:\/\/radiolifefm.com.br\/noticias\/morre-em-bauru-o-esportista-e-ex-presidente-da-aspuma-joao-da-silva-juliao\/#primaryimage"},"thumbnailUrl":"https:\/\/radiolifefm.com.br\/noticias\/wp-content\/uploads\/2022\/07\/cats-11.jpg","datePublished":"2022-07-23T23:15:20+00:00","dateModified":"2026-04-07T00:25:03+00:00","breadcrumb":{"@id":"https:\/\/radiolifefm.com.br\/noticias\/morre-em-bauru-o-esportista-e-ex-presidente-da-aspuma-joao-da-silva-juliao\/#breadcrumb"},"inLanguage":"pt-BR","potentialAction":[{"@type":"ReadAction","target":["https:\/\/radiolifefm.com.br\/noticias\/morre-em-bauru-o-esportista-e-ex-presidente-da-aspuma-joao-da-silva-juliao\/"]}]},{"@type":"ImageObject","inLanguage":"pt-BR","@id":"https:\/\/radiolifefm.com.br\/noticias\/morre-em-bauru-o-esportista-e-ex-presidente-da-aspuma-joao-da-silva-juliao\/#primaryimage","url":"https:\/\/radiolifefm.com.br\/noticias\/wp-content\/uploads\/2022\/07\/cats-11.jpg","contentUrl":"https:\/\/radiolifefm.com.br\/noticias\/wp-content\/uploads\/2022\/07\/cats-11.jpg","width":600,"height":337,"caption":"Jo\u00e3o da Silva Juli\u00e3o"},{"@type":"BreadcrumbList","@id":"https:\/\/radiolifefm.com.br\/noticias\/morre-em-bauru-o-esportista-e-ex-presidente-da-aspuma-joao-da-silva-juliao\/#breadcrumb","itemListElement":[{"@type":"ListItem","position":1,"name":"In\u00edcio","item":"https:\/\/radiolifefm.com.br\/noticias\/"},{"@type":"ListItem","position":2,"name":"Morre em Bauru o esportista e ex-presidente da Aspuma, Jo\u00e3o da Silva Juli\u00e3o"}]},{"@type":"WebSite","@id":"https:\/\/radiolifefm.com.br\/noticias\/#website","url":"https:\/\/radiolifefm.com.br\/noticias\/","name":"R\u00e1dio Life FM","description":"O Portal de Not\u00edcias de Adamantina","publisher":{"@id":"https:\/\/radiolifefm.com.br\/noticias\/#organization"},"alternateName":"Life FM","potentialAction":[{"@type":"SearchAction","target":{"@type":"EntryPoint","urlTemplate":"https:\/\/radiolifefm.com.br\/noticias\/?s={search_term_string}"},"query-input":{"@type":"PropertyValueSpecification","valueRequired":true,"valueName":"search_term_string"}}],"inLanguage":"pt-BR"},{"@type":"Organization","@id":"https:\/\/radiolifefm.com.br\/noticias\/#organization","name":"R\u00e1dio Life FM","alternateName":"Life FM","url":"https:\/\/radiolifefm.com.br\/noticias\/","logo":{"@type":"ImageObject","inLanguage":"pt-BR","@id":"https:\/\/radiolifefm.com.br\/noticias\/#\/schema\/logo\/image\/","url":"https:\/\/static.radiolifefm.com.br\/noticias\/wp-content\/uploads\/2019\/10\/logo-lifefm.png","contentUrl":"https:\/\/static.radiolifefm.com.br\/noticias\/wp-content\/uploads\/2019\/10\/logo-lifefm.png","width":196,"height":47,"caption":"R\u00e1dio Life FM"},"image":{"@id":"https:\/\/radiolifefm.com.br\/noticias\/#\/schema\/logo\/image\/"},"sameAs":["https:\/\/www.facebook.com\/radiolifefm\/","https:\/\/www.instagram.com\/life1079fm\/"]},{"@type":"Person","@id":"https:\/\/radiolifefm.com.br\/noticias\/#\/schema\/person\/6339b9fac59d12b071dec680d7375d87","name":"ritanery","image":{"@type":"ImageObject","inLanguage":"pt-BR","@id":"https:\/\/secure.gravatar.com\/avatar\/0e37bb19071f47c0b8a23f62a903df117c5a0e75f65a0c2901562f97cd41cf86?s=96&d=mm&r=g","url":"https:\/\/secure.gravatar.com\/avatar\/0e37bb19071f47c0b8a23f62a903df117c5a0e75f65a0c2901562f97cd41cf86?s=96&d=mm&r=g","contentUrl":"https:\/\/secure.gravatar.com\/avatar\/0e37bb19071f47c0b8a23f62a903df117c5a0e75f65a0c2901562f97cd41cf86?s=96&d=mm&r=g","caption":"ritanery"}}]}},"amp_enabled":true,"_links":{"self":[{"href":"https:\/\/radiolifefm.com.br\/noticias\/wp-json\/wp\/v2\/posts\/56234","targetHints":{"allow":["GET"]}}],"collection":[{"href":"https:\/\/radiolifefm.com.br\/noticias\/wp-json\/wp\/v2\/posts"}],"about":[{"href":"https:\/\/radiolifefm.com.br\/noticias\/wp-json\/wp\/v2\/types\/post"}],"author":[{"embeddable":true,"href":"https:\/\/radiolifefm.com.br\/noticias\/wp-json\/wp\/v2\/users\/13"}],"replies":[{"embeddable":true,"href":"https:\/\/radiolifefm.com.br\/noticias\/wp-json\/wp\/v2\/comments?post=56234"}],"version-history":[{"count":4,"href":"https:\/\/radiolifefm.com.br\/noticias\/wp-json\/wp\/v2\/posts\/56234\/revisions"}],"predecessor-version":[{"id":56240,"href":"https:\/\/radiolifefm.com.br\/noticias\/wp-json\/wp\/v2\/posts\/56234\/revisions\/56240"}],"wp:featuredmedia":[{"embeddable":true,"href":"https:\/\/radiolifefm.com.br\/noticias\/wp-json\/wp\/v2\/media\/56236"}],"wp:attachment":[{"href":"https:\/\/radiolifefm.com.br\/noticias\/wp-json\/wp\/v2\/media?parent=56234"}],"wp:term":[{"taxonomy":"category","embeddable":true,"href":"https:\/\/radiolifefm.com.br\/noticias\/wp-json\/wp\/v2\/categories?post=56234"},{"taxonomy":"post_tag","embeddable":true,"href":"https:\/\/radiolifefm.com.br\/noticias\/wp-json\/wp\/v2\/tags?post=56234"}],"curies":[{"name":"wp","href":"https:\/\/api.w.org\/{rel}","templated":true}]}}