{"id":56135,"date":"2022-07-22T08:33:45","date_gmt":"2022-07-22T11:33:45","guid":{"rendered":"https:\/\/radiolifefm.com.br\/noticias\/?p=56135"},"modified":"2026-01-07T11:21:51","modified_gmt":"2026-01-07T14:21:51","slug":"vereadores-pedem-nova-reestruturacao-ou-adequacao-na-carreira-de-oito-cargos-municipais","status":"publish","type":"post","link":"https:\/\/radiolifefm.com.br\/noticias\/vereadores-pedem-nova-reestruturacao-ou-adequacao-na-carreira-de-oito-cargos-municipais\/","title":{"rendered":"Vereadores pedem nova reestrutura\u00e7\u00e3o ou adequa\u00e7\u00e3o na carreira de oito cargos municipais"},"content":{"rendered":"<div id=\"fb-root\"><\/div>\n<p>Durante sess\u00e3o ordin\u00e1ria da C\u00e2mara Municipal foi apresentada por um grupo de vereadores a Indica\u00e7\u00e3o n\u00ba 303\/22 que solicita uma nova reestrutura\u00e7\u00e3o ou adequa\u00e7\u00e3o na carreira dos empregos permanentes de oito cargos do quadro de servidores da Prefeitura de Adamantina.<\/p>\n<p>Os autores \u2013 H\u00e9lio Santos (PP), Noriko Saito (PV) e Ricardo Cangir\u00e3o (UNI\u00c3O) \u2013 apontaram que sejam beneficiados auxiliares na \u00e1rea de sa\u00fade (Farm\u00e1cia, Laborat\u00f3rio, Sa\u00fade Bucal), top\u00f3grafo, borracheiro, funileiro, ferramenteiro e almoxarife. \u201c\u00c9 preciso que sejam feitos estudos junto aos competentes departamentos da Prefeitura para a ado\u00e7\u00e3o de medidas legais, visando a reestrutura\u00e7\u00e3o ou adequa\u00e7\u00e3o desses cargos. Afinal, entendemos se tratar de uma quest\u00e3o de inteira justi\u00e7a e de isonomia de carreiras p\u00fablicas\u201d, ponderaram os legisladores.<\/p>\n<p>Logo ap\u00f3s passar pelo plen\u00e1rio da C\u00e2mara, a Indica\u00e7\u00e3o foi encaminhada pela Presid\u00eancia ao Poder Executivo para que analise e tome as provid\u00eancias necess\u00e1rias caso decida pelo atendimento do pedido.<\/p>\n<p>&nbsp;<\/p>\n<p>Fonte: Adamantina Net<\/p>\n","protected":false},"excerpt":{"rendered":"<p>Durante sess\u00e3o ordin\u00e1ria da C\u00e2mara Municipal foi apresentada por um grupo de vereadores a Indica\u00e7\u00e3o n\u00ba 303\/22 que solicita uma nova reestrutura\u00e7\u00e3o ou adequa\u00e7\u00e3o na carreira dos empregos permanentes de oito cargos do quadro de servidores da Prefeitura de Adamantina. Os autores \u2013 H\u00e9lio Santos (PP), Noriko Saito (PV) e Ricardo Cangir\u00e3o (UNI\u00c3O) \u2013 apontaram [&hellip;]<\/p>\n","protected":false},"author":13,"featured_media":56136,"comment_status":"closed","ping_status":"open","sticky":false,"template":"","format":"standard","meta":{"_acf_changed":false,"_exactmetrics_skip_tracking":false,"_exactmetrics_sitenote_active":false,"_exactmetrics_sitenote_note":"","_exactmetrics_sitenote_category":0,"footnotes":""},"categories":[21],"tags":[],"class_list":["post-56135","post","type-post","status-publish","format-standard","has-post-thumbnail","hentry","category-adamantina"],"acf":[],"yoast_head":"<!-- This site is optimized with the Yoast SEO plugin v27.2 - https:\/\/yoast.com\/product\/yoast-seo-wordpress\/ -->\n<title>Vereadores pedem nova reestrutura\u00e7\u00e3o ou adequa\u00e7\u00e3o na carreira de oito cargos municipais - R\u00e1dio Life FM<\/title>\n<meta name=\"robots\" content=\"index, follow, max-snippet:-1, max-image-preview:large, max-video-preview:-1\" \/>\n<link rel=\"canonical\" href=\"https:\/\/radiolifefm.com.br\/noticias\/vereadores-pedem-nova-reestruturacao-ou-adequacao-na-carreira-de-oito-cargos-municipais\/\" \/>\n<meta property=\"og:locale\" content=\"pt_BR\" \/>\n<meta property=\"og:type\" content=\"article\" \/>\n<meta property=\"og:title\" content=\"Vereadores pedem nova reestrutura\u00e7\u00e3o ou adequa\u00e7\u00e3o na carreira de oito cargos municipais - R\u00e1dio Life FM\" \/>\n<meta property=\"og:description\" content=\"Durante sess\u00e3o ordin\u00e1ria da C\u00e2mara Municipal foi apresentada por um grupo de vereadores a Indica\u00e7\u00e3o n\u00ba 303\/22 que solicita uma nova reestrutura\u00e7\u00e3o ou adequa\u00e7\u00e3o na carreira dos empregos permanentes de oito cargos do quadro de servidores da Prefeitura de Adamantina. Os autores \u2013 H\u00e9lio Santos (PP), Noriko Saito (PV) e Ricardo Cangir\u00e3o (UNI\u00c3O) \u2013 apontaram [&hellip;]\" \/>\n<meta property=\"og:url\" content=\"https:\/\/radiolifefm.com.br\/noticias\/vereadores-pedem-nova-reestruturacao-ou-adequacao-na-carreira-de-oito-cargos-municipais\/\" \/>\n<meta property=\"og:site_name\" content=\"R\u00e1dio Life FM\" \/>\n<meta property=\"article:publisher\" content=\"https:\/\/www.facebook.com\/radiolifefm\/\" \/>\n<meta property=\"article:published_time\" content=\"2022-07-22T11:33:45+00:00\" \/>\n<meta property=\"article:modified_time\" content=\"2026-01-07T14:21:51+00:00\" \/>\n<meta property=\"og:image\" content=\"https:\/\/radiolifefm.com.br\/noticias\/wp-content\/uploads\/2022\/07\/F47-1536x754-1.jpg\" \/>\n\t<meta property=\"og:image:width\" content=\"1536\" \/>\n\t<meta property=\"og:image:height\" content=\"754\" \/>\n\t<meta property=\"og:image:type\" content=\"image\/jpeg\" \/>\n<meta name=\"author\" content=\"ritanery\" \/>\n<meta name=\"twitter:card\" content=\"summary_large_image\" \/>\n<meta name=\"twitter:label1\" content=\"Escrito por\" \/>\n\t<meta name=\"twitter:data1\" content=\"ritanery\" \/>\n\t<meta name=\"twitter:label2\" content=\"Est. tempo de leitura\" \/>\n\t<meta name=\"twitter:data2\" content=\"1 minuto\" \/>\n<script type=\"application\/ld+json\" class=\"yoast-schema-graph\">{\"@context\":\"https:\/\/schema.org\",\"@graph\":[{\"@type\":\"Article\",\"@id\":\"https:\/\/radiolifefm.com.br\/noticias\/vereadores-pedem-nova-reestruturacao-ou-adequacao-na-carreira-de-oito-cargos-municipais\/#article\",\"isPartOf\":{\"@id\":\"https:\/\/radiolifefm.com.br\/noticias\/vereadores-pedem-nova-reestruturacao-ou-adequacao-na-carreira-de-oito-cargos-municipais\/\"},\"author\":{\"name\":\"ritanery\",\"@id\":\"https:\/\/radiolifefm.com.br\/noticias\/#\/schema\/person\/6339b9fac59d12b071dec680d7375d87\"},\"headline\":\"Vereadores pedem nova reestrutura\u00e7\u00e3o ou adequa\u00e7\u00e3o na carreira de oito cargos municipais\",\"datePublished\":\"2022-07-22T11:33:45+00:00\",\"dateModified\":\"2026-01-07T14:21:51+00:00\",\"mainEntityOfPage\":{\"@id\":\"https:\/\/radiolifefm.com.br\/noticias\/vereadores-pedem-nova-reestruturacao-ou-adequacao-na-carreira-de-oito-cargos-municipais\/\"},\"wordCount\":188,\"publisher\":{\"@id\":\"https:\/\/radiolifefm.com.br\/noticias\/#organization\"},\"image\":{\"@id\":\"https:\/\/radiolifefm.com.br\/noticias\/vereadores-pedem-nova-reestruturacao-ou-adequacao-na-carreira-de-oito-cargos-municipais\/#primaryimage\"},\"thumbnailUrl\":\"https:\/\/radiolifefm.com.br\/noticias\/wp-content\/uploads\/2022\/07\/F47-1536x754-1.jpg\",\"articleSection\":[\"Adamantina\"],\"inLanguage\":\"pt-BR\"},{\"@type\":\"WebPage\",\"@id\":\"https:\/\/radiolifefm.com.br\/noticias\/vereadores-pedem-nova-reestruturacao-ou-adequacao-na-carreira-de-oito-cargos-municipais\/\",\"url\":\"https:\/\/radiolifefm.com.br\/noticias\/vereadores-pedem-nova-reestruturacao-ou-adequacao-na-carreira-de-oito-cargos-municipais\/\",\"name\":\"Vereadores pedem nova reestrutura\u00e7\u00e3o ou adequa\u00e7\u00e3o na carreira de oito cargos municipais - R\u00e1dio Life FM\",\"isPartOf\":{\"@id\":\"https:\/\/radiolifefm.com.br\/noticias\/#website\"},\"primaryImageOfPage\":{\"@id\":\"https:\/\/radiolifefm.com.br\/noticias\/vereadores-pedem-nova-reestruturacao-ou-adequacao-na-carreira-de-oito-cargos-municipais\/#primaryimage\"},\"image\":{\"@id\":\"https:\/\/radiolifefm.com.br\/noticias\/vereadores-pedem-nova-reestruturacao-ou-adequacao-na-carreira-de-oito-cargos-municipais\/#primaryimage\"},\"thumbnailUrl\":\"https:\/\/radiolifefm.com.br\/noticias\/wp-content\/uploads\/2022\/07\/F47-1536x754-1.jpg\",\"datePublished\":\"2022-07-22T11:33:45+00:00\",\"dateModified\":\"2026-01-07T14:21:51+00:00\",\"breadcrumb\":{\"@id\":\"https:\/\/radiolifefm.com.br\/noticias\/vereadores-pedem-nova-reestruturacao-ou-adequacao-na-carreira-de-oito-cargos-municipais\/#breadcrumb\"},\"inLanguage\":\"pt-BR\",\"potentialAction\":[{\"@type\":\"ReadAction\",\"target\":[\"https:\/\/radiolifefm.com.br\/noticias\/vereadores-pedem-nova-reestruturacao-ou-adequacao-na-carreira-de-oito-cargos-municipais\/\"]}]},{\"@type\":\"ImageObject\",\"inLanguage\":\"pt-BR\",\"@id\":\"https:\/\/radiolifefm.com.br\/noticias\/vereadores-pedem-nova-reestruturacao-ou-adequacao-na-carreira-de-oito-cargos-municipais\/#primaryimage\",\"url\":\"https:\/\/radiolifefm.com.br\/noticias\/wp-content\/uploads\/2022\/07\/F47-1536x754-1.jpg\",\"contentUrl\":\"https:\/\/radiolifefm.com.br\/noticias\/wp-content\/uploads\/2022\/07\/F47-1536x754-1.jpg\",\"width\":1536,\"height\":754},{\"@type\":\"BreadcrumbList\",\"@id\":\"https:\/\/radiolifefm.com.br\/noticias\/vereadores-pedem-nova-reestruturacao-ou-adequacao-na-carreira-de-oito-cargos-municipais\/#breadcrumb\",\"itemListElement\":[{\"@type\":\"ListItem\",\"position\":1,\"name\":\"In\u00edcio\",\"item\":\"https:\/\/radiolifefm.com.br\/noticias\/\"},{\"@type\":\"ListItem\",\"position\":2,\"name\":\"Vereadores pedem nova reestrutura\u00e7\u00e3o ou adequa\u00e7\u00e3o na carreira de oito cargos municipais\"}]},{\"@type\":\"WebSite\",\"@id\":\"https:\/\/radiolifefm.com.br\/noticias\/#website\",\"url\":\"https:\/\/radiolifefm.com.br\/noticias\/\",\"name\":\"R\u00e1dio Life FM\",\"description\":\"O Portal de Not\u00edcias de Adamantina\",\"publisher\":{\"@id\":\"https:\/\/radiolifefm.com.br\/noticias\/#organization\"},\"alternateName\":\"Life FM\",\"potentialAction\":[{\"@type\":\"SearchAction\",\"target\":{\"@type\":\"EntryPoint\",\"urlTemplate\":\"https:\/\/radiolifefm.com.br\/noticias\/?s={search_term_string}\"},\"query-input\":{\"@type\":\"PropertyValueSpecification\",\"valueRequired\":true,\"valueName\":\"search_term_string\"}}],\"inLanguage\":\"pt-BR\"},{\"@type\":\"Organization\",\"@id\":\"https:\/\/radiolifefm.com.br\/noticias\/#organization\",\"name\":\"R\u00e1dio Life FM\",\"alternateName\":\"Life FM\",\"url\":\"https:\/\/radiolifefm.com.br\/noticias\/\",\"logo\":{\"@type\":\"ImageObject\",\"inLanguage\":\"pt-BR\",\"@id\":\"https:\/\/radiolifefm.com.br\/noticias\/#\/schema\/logo\/image\/\",\"url\":\"https:\/\/static.radiolifefm.com.br\/noticias\/wp-content\/uploads\/2019\/10\/logo-lifefm.png\",\"contentUrl\":\"https:\/\/static.radiolifefm.com.br\/noticias\/wp-content\/uploads\/2019\/10\/logo-lifefm.png\",\"width\":196,\"height\":47,\"caption\":\"R\u00e1dio Life FM\"},\"image\":{\"@id\":\"https:\/\/radiolifefm.com.br\/noticias\/#\/schema\/logo\/image\/\"},\"sameAs\":[\"https:\/\/www.facebook.com\/radiolifefm\/\",\"https:\/\/www.instagram.com\/life1079fm\/\"]},{\"@type\":\"Person\",\"@id\":\"https:\/\/radiolifefm.com.br\/noticias\/#\/schema\/person\/6339b9fac59d12b071dec680d7375d87\",\"name\":\"ritanery\",\"image\":{\"@type\":\"ImageObject\",\"inLanguage\":\"pt-BR\",\"@id\":\"https:\/\/secure.gravatar.com\/avatar\/0e37bb19071f47c0b8a23f62a903df117c5a0e75f65a0c2901562f97cd41cf86?s=96&d=mm&r=g\",\"url\":\"https:\/\/secure.gravatar.com\/avatar\/0e37bb19071f47c0b8a23f62a903df117c5a0e75f65a0c2901562f97cd41cf86?s=96&d=mm&r=g\",\"contentUrl\":\"https:\/\/secure.gravatar.com\/avatar\/0e37bb19071f47c0b8a23f62a903df117c5a0e75f65a0c2901562f97cd41cf86?s=96&d=mm&r=g\",\"caption\":\"ritanery\"}}]}<\/script>\n<!-- \/ Yoast SEO plugin. -->","yoast_head_json":{"title":"Vereadores pedem nova reestrutura\u00e7\u00e3o ou adequa\u00e7\u00e3o na carreira de oito cargos municipais - R\u00e1dio Life FM","robots":{"index":"index","follow":"follow","max-snippet":"max-snippet:-1","max-image-preview":"max-image-preview:large","max-video-preview":"max-video-preview:-1"},"canonical":"https:\/\/radiolifefm.com.br\/noticias\/vereadores-pedem-nova-reestruturacao-ou-adequacao-na-carreira-de-oito-cargos-municipais\/","og_locale":"pt_BR","og_type":"article","og_title":"Vereadores pedem nova reestrutura\u00e7\u00e3o ou adequa\u00e7\u00e3o na carreira de oito cargos municipais - R\u00e1dio Life FM","og_description":"Durante sess\u00e3o ordin\u00e1ria da C\u00e2mara Municipal foi apresentada por um grupo de vereadores a Indica\u00e7\u00e3o n\u00ba 303\/22 que solicita uma nova reestrutura\u00e7\u00e3o ou adequa\u00e7\u00e3o na carreira dos empregos permanentes de oito cargos do quadro de servidores da Prefeitura de Adamantina. Os autores \u2013 H\u00e9lio Santos (PP), Noriko Saito (PV) e Ricardo Cangir\u00e3o (UNI\u00c3O) \u2013 apontaram [&hellip;]","og_url":"https:\/\/radiolifefm.com.br\/noticias\/vereadores-pedem-nova-reestruturacao-ou-adequacao-na-carreira-de-oito-cargos-municipais\/","og_site_name":"R\u00e1dio Life FM","article_publisher":"https:\/\/www.facebook.com\/radiolifefm\/","article_published_time":"2022-07-22T11:33:45+00:00","article_modified_time":"2026-01-07T14:21:51+00:00","og_image":[{"width":1536,"height":754,"url":"https:\/\/radiolifefm.com.br\/noticias\/wp-content\/uploads\/2022\/07\/F47-1536x754-1.jpg","type":"image\/jpeg"}],"author":"ritanery","twitter_card":"summary_large_image","twitter_misc":{"Escrito por":"ritanery","Est. tempo de leitura":"1 minuto"},"schema":{"@context":"https:\/\/schema.org","@graph":[{"@type":"Article","@id":"https:\/\/radiolifefm.com.br\/noticias\/vereadores-pedem-nova-reestruturacao-ou-adequacao-na-carreira-de-oito-cargos-municipais\/#article","isPartOf":{"@id":"https:\/\/radiolifefm.com.br\/noticias\/vereadores-pedem-nova-reestruturacao-ou-adequacao-na-carreira-de-oito-cargos-municipais\/"},"author":{"name":"ritanery","@id":"https:\/\/radiolifefm.com.br\/noticias\/#\/schema\/person\/6339b9fac59d12b071dec680d7375d87"},"headline":"Vereadores pedem nova reestrutura\u00e7\u00e3o ou adequa\u00e7\u00e3o na carreira de oito cargos municipais","datePublished":"2022-07-22T11:33:45+00:00","dateModified":"2026-01-07T14:21:51+00:00","mainEntityOfPage":{"@id":"https:\/\/radiolifefm.com.br\/noticias\/vereadores-pedem-nova-reestruturacao-ou-adequacao-na-carreira-de-oito-cargos-municipais\/"},"wordCount":188,"publisher":{"@id":"https:\/\/radiolifefm.com.br\/noticias\/#organization"},"image":{"@id":"https:\/\/radiolifefm.com.br\/noticias\/vereadores-pedem-nova-reestruturacao-ou-adequacao-na-carreira-de-oito-cargos-municipais\/#primaryimage"},"thumbnailUrl":"https:\/\/radiolifefm.com.br\/noticias\/wp-content\/uploads\/2022\/07\/F47-1536x754-1.jpg","articleSection":["Adamantina"],"inLanguage":"pt-BR"},{"@type":"WebPage","@id":"https:\/\/radiolifefm.com.br\/noticias\/vereadores-pedem-nova-reestruturacao-ou-adequacao-na-carreira-de-oito-cargos-municipais\/","url":"https:\/\/radiolifefm.com.br\/noticias\/vereadores-pedem-nova-reestruturacao-ou-adequacao-na-carreira-de-oito-cargos-municipais\/","name":"Vereadores pedem nova reestrutura\u00e7\u00e3o ou adequa\u00e7\u00e3o na carreira de oito cargos municipais - R\u00e1dio Life FM","isPartOf":{"@id":"https:\/\/radiolifefm.com.br\/noticias\/#website"},"primaryImageOfPage":{"@id":"https:\/\/radiolifefm.com.br\/noticias\/vereadores-pedem-nova-reestruturacao-ou-adequacao-na-carreira-de-oito-cargos-municipais\/#primaryimage"},"image":{"@id":"https:\/\/radiolifefm.com.br\/noticias\/vereadores-pedem-nova-reestruturacao-ou-adequacao-na-carreira-de-oito-cargos-municipais\/#primaryimage"},"thumbnailUrl":"https:\/\/radiolifefm.com.br\/noticias\/wp-content\/uploads\/2022\/07\/F47-1536x754-1.jpg","datePublished":"2022-07-22T11:33:45+00:00","dateModified":"2026-01-07T14:21:51+00:00","breadcrumb":{"@id":"https:\/\/radiolifefm.com.br\/noticias\/vereadores-pedem-nova-reestruturacao-ou-adequacao-na-carreira-de-oito-cargos-municipais\/#breadcrumb"},"inLanguage":"pt-BR","potentialAction":[{"@type":"ReadAction","target":["https:\/\/radiolifefm.com.br\/noticias\/vereadores-pedem-nova-reestruturacao-ou-adequacao-na-carreira-de-oito-cargos-municipais\/"]}]},{"@type":"ImageObject","inLanguage":"pt-BR","@id":"https:\/\/radiolifefm.com.br\/noticias\/vereadores-pedem-nova-reestruturacao-ou-adequacao-na-carreira-de-oito-cargos-municipais\/#primaryimage","url":"https:\/\/radiolifefm.com.br\/noticias\/wp-content\/uploads\/2022\/07\/F47-1536x754-1.jpg","contentUrl":"https:\/\/radiolifefm.com.br\/noticias\/wp-content\/uploads\/2022\/07\/F47-1536x754-1.jpg","width":1536,"height":754},{"@type":"BreadcrumbList","@id":"https:\/\/radiolifefm.com.br\/noticias\/vereadores-pedem-nova-reestruturacao-ou-adequacao-na-carreira-de-oito-cargos-municipais\/#breadcrumb","itemListElement":[{"@type":"ListItem","position":1,"name":"In\u00edcio","item":"https:\/\/radiolifefm.com.br\/noticias\/"},{"@type":"ListItem","position":2,"name":"Vereadores pedem nova reestrutura\u00e7\u00e3o ou adequa\u00e7\u00e3o na carreira de oito cargos municipais"}]},{"@type":"WebSite","@id":"https:\/\/radiolifefm.com.br\/noticias\/#website","url":"https:\/\/radiolifefm.com.br\/noticias\/","name":"R\u00e1dio Life FM","description":"O Portal de Not\u00edcias de Adamantina","publisher":{"@id":"https:\/\/radiolifefm.com.br\/noticias\/#organization"},"alternateName":"Life FM","potentialAction":[{"@type":"SearchAction","target":{"@type":"EntryPoint","urlTemplate":"https:\/\/radiolifefm.com.br\/noticias\/?s={search_term_string}"},"query-input":{"@type":"PropertyValueSpecification","valueRequired":true,"valueName":"search_term_string"}}],"inLanguage":"pt-BR"},{"@type":"Organization","@id":"https:\/\/radiolifefm.com.br\/noticias\/#organization","name":"R\u00e1dio Life FM","alternateName":"Life FM","url":"https:\/\/radiolifefm.com.br\/noticias\/","logo":{"@type":"ImageObject","inLanguage":"pt-BR","@id":"https:\/\/radiolifefm.com.br\/noticias\/#\/schema\/logo\/image\/","url":"https:\/\/static.radiolifefm.com.br\/noticias\/wp-content\/uploads\/2019\/10\/logo-lifefm.png","contentUrl":"https:\/\/static.radiolifefm.com.br\/noticias\/wp-content\/uploads\/2019\/10\/logo-lifefm.png","width":196,"height":47,"caption":"R\u00e1dio Life FM"},"image":{"@id":"https:\/\/radiolifefm.com.br\/noticias\/#\/schema\/logo\/image\/"},"sameAs":["https:\/\/www.facebook.com\/radiolifefm\/","https:\/\/www.instagram.com\/life1079fm\/"]},{"@type":"Person","@id":"https:\/\/radiolifefm.com.br\/noticias\/#\/schema\/person\/6339b9fac59d12b071dec680d7375d87","name":"ritanery","image":{"@type":"ImageObject","inLanguage":"pt-BR","@id":"https:\/\/secure.gravatar.com\/avatar\/0e37bb19071f47c0b8a23f62a903df117c5a0e75f65a0c2901562f97cd41cf86?s=96&d=mm&r=g","url":"https:\/\/secure.gravatar.com\/avatar\/0e37bb19071f47c0b8a23f62a903df117c5a0e75f65a0c2901562f97cd41cf86?s=96&d=mm&r=g","contentUrl":"https:\/\/secure.gravatar.com\/avatar\/0e37bb19071f47c0b8a23f62a903df117c5a0e75f65a0c2901562f97cd41cf86?s=96&d=mm&r=g","caption":"ritanery"}}]}},"amp_enabled":true,"_links":{"self":[{"href":"https:\/\/radiolifefm.com.br\/noticias\/wp-json\/wp\/v2\/posts\/56135","targetHints":{"allow":["GET"]}}],"collection":[{"href":"https:\/\/radiolifefm.com.br\/noticias\/wp-json\/wp\/v2\/posts"}],"about":[{"href":"https:\/\/radiolifefm.com.br\/noticias\/wp-json\/wp\/v2\/types\/post"}],"author":[{"embeddable":true,"href":"https:\/\/radiolifefm.com.br\/noticias\/wp-json\/wp\/v2\/users\/13"}],"replies":[{"embeddable":true,"href":"https:\/\/radiolifefm.com.br\/noticias\/wp-json\/wp\/v2\/comments?post=56135"}],"version-history":[{"count":2,"href":"https:\/\/radiolifefm.com.br\/noticias\/wp-json\/wp\/v2\/posts\/56135\/revisions"}],"predecessor-version":[{"id":56138,"href":"https:\/\/radiolifefm.com.br\/noticias\/wp-json\/wp\/v2\/posts\/56135\/revisions\/56138"}],"wp:featuredmedia":[{"embeddable":true,"href":"https:\/\/radiolifefm.com.br\/noticias\/wp-json\/wp\/v2\/media\/56136"}],"wp:attachment":[{"href":"https:\/\/radiolifefm.com.br\/noticias\/wp-json\/wp\/v2\/media?parent=56135"}],"wp:term":[{"taxonomy":"category","embeddable":true,"href":"https:\/\/radiolifefm.com.br\/noticias\/wp-json\/wp\/v2\/categories?post=56135"},{"taxonomy":"post_tag","embeddable":true,"href":"https:\/\/radiolifefm.com.br\/noticias\/wp-json\/wp\/v2\/tags?post=56135"}],"curies":[{"name":"wp","href":"https:\/\/api.w.org\/{rel}","templated":true}]}}