{"id":56074,"date":"2022-07-20T12:39:40","date_gmt":"2022-07-20T15:39:40","guid":{"rendered":"https:\/\/radiolifefm.com.br\/noticias\/?p=56074"},"modified":"2026-04-06T22:44:20","modified_gmt":"2026-04-07T01:44:20","slug":"virada-cultural-2022-trara-para-adamantina-em-agosto-fafa-de-belem-odair-jose-e-diversos-outros-artistas","status":"publish","type":"post","link":"https:\/\/radiolifefm.com.br\/noticias\/virada-cultural-2022-trara-para-adamantina-em-agosto-fafa-de-belem-odair-jose-e-diversos-outros-artistas\/","title":{"rendered":"Virada Cultural 2022 trar\u00e1 para Adamantina em agosto Faf\u00e1 de Bel\u00e9m, Odair Jos\u00e9 e diversos outros artistas"},"content":{"rendered":"<div id=\"fb-root\"><\/div>\n<p><i>Faf\u00e1 de Bel\u00e9m, Clube do Balan\u00e7o, Los Kandangos, Jazz na Kombi e Orquestra de Viola Caipira fazem parte das atra\u00e7\u00f5es na cidade nos dias 13 e 14 de agosto<\/i><\/p>\n<p>Colaborou: S\u00e9rgio Vanderlei da Silva<\/p>\n<p>A Virada SP chega a 16\u00aa edi\u00e7\u00e3o em clima de festa depois de dois anos com vers\u00f5es exclusivamente virtuais. O evento deste ano ter\u00e1 seu primeiro palco em Adamantina, regi\u00e3o de Presidente Prudente, e recebe a Virada de forma in\u00e9dita.<br \/>\nFaf\u00e1 de Bel\u00e9m, de Los Kandangos, do Clube do Balan\u00e7o e da Orquestra de Viola Caipira s\u00e3o alguns dos espet\u00e1culos que far\u00e3o parte do evento, que acontece nos dias 13 e 14 de agosto.<\/p>\n<p>No total, ser\u00e3o 19 shows distribu\u00eddos por 03 locais da cidade, como Parque dos Pioneiros, Pra\u00e7a \u00c9lio Micheloni e Anfiteatro Fernando Paloni. Al\u00e9m de apresenta\u00e7\u00f5es musicais, a Virada SP de Adamantina promove ainda a\u00e7\u00f5es como yoga no parque, medita\u00e7\u00e3o, stand-up de com\u00e9dia e interven\u00e7\u00f5es urbanas.<\/p>\n<p>\u201cEstamos muito empolgados com essa Virada, a primeira de 2022 e que reinaugura o evento de modo presencial\u201d, disse Danielle Nigromonte, diretora-geral da Amigos da Arte, gestora do evento.<\/p>\n<p>\u201cA participa\u00e7\u00e3o da Prefeitura de Adamantina foi fundamental para o sucesso do evento, \u00e9 uma forma de incentivar a produ\u00e7\u00e3o cultural e, ao mesmo tempo, trazer a popula\u00e7\u00e3o do entorno para conhecer mais a cidade e se divertir com a programa\u00e7\u00e3o especial que desenvolvemos em parceria\u201d, concluiu.<\/p>\n<p>Faf\u00e1 de Bel\u00e9m sobe ao palco do Parque dos Pioneiros e promete empolgar a plateia com cl\u00e1ssicos e novas m\u00fasicas do seu repert\u00f3rio. A Camale\u00e3o Feira de artes, m\u00fasica, diversidades e gastronomia faz a virada de s\u00e1bado pro domingo, das 18h \u00e0s 2h. E, \u00e0s 7h, j\u00e1 est\u00e1 na ativa novamente at\u00e9 20h, quando encerra a programa\u00e7\u00e3o.<\/p>\n<p>Para quem curte jazz, o Jazz na Kombi e o Jazz Band Forr\u00f3 na Pista marcam presen\u00e7a no evento.\u00a0 O p\u00fablico do Hip Hop tamb\u00e9m ter\u00e1 sua representatividade garantida com o show do Vertentes do Hip Hop. E, a crian\u00e7ada tamb\u00e9m tem vez na Virada de Adamantina. \u201cOs Mequetrefes \u2013 Grupo Parlapat\u00f5es\u201d fazem sua participa\u00e7\u00e3o no domingo, \u00e0s 9h30.<\/p>\n<p>\u201cUm grande presente do Governo do Estado para Adamantina e para esta regi\u00e3o t\u00e3o afastada dos grandes centros e carente de cultura. Ser\u00e1 um marco na nossa hist\u00f3ria cultural e toda a popula\u00e7\u00e3o ir\u00e1 ganhar com espet\u00e1culos de muita qualidade. Um trabalho s\u00e9rio do Amigos da Arte, Governo e Prefeitura\u201d, ressalta o secret\u00e1rio de cultura e turismo de Adamantina, S\u00e9rgio Vanderlei.<\/p>\n<p>De acordo com o prefeito M\u00e1rcio Cardim, para desenvolver o munic\u00edpio \u00e9 preciso ter cultura e esporte. \u201cEssa \u00e9 mais uma a\u00e7\u00e3o que vem para gerar emprego e renda. Nosso objetivo \u00e9 trazer a regi\u00e3o para c\u00e1. Temos certeza que o evento ser\u00e1 um sucesso\u201d, finaliza.<\/p>\n<p>&nbsp;<\/p>\n<table border=\"1\" cellspacing=\"0\" cellpadding=\"0\">\n<tbody>\n<tr>\n<td width=\"44\">\n<p align=\"center\"><b><span lang=\"PT\">DIA<\/span><\/b><\/p>\n<\/td>\n<td width=\"78\"><b><span lang=\"PT\">HORA<\/span><\/b><\/td>\n<td width=\"274\"><b><span lang=\"PT\">ATRA<\/span><\/b><b><span lang=\"PT\">\u00c7\u00c3<\/span><\/b><b><span lang=\"PT\">O<\/span><\/b><\/td>\n<td width=\"253\"><b><span lang=\"PT\">LOCAL<\/span><\/b><\/td>\n<\/tr>\n<tr>\n<td width=\"44\">\n<p align=\"center\"><b><span lang=\"PT\">13<\/span><\/b><\/p>\n<\/td>\n<td width=\"78\"><span lang=\"PT\">17h\u00a0\u00e0s\u00a06h<\/span><\/td>\n<td width=\"274\"><span lang=\"PT\">Projeto\u00a0Symbiosis\u00a0&#8211;\u00a0Interven\u00e7\u00e3o\u00a0urbana\u00a0de\u00a0Roberta\u00a0Carvalho<\/span><\/td>\n<td width=\"253\"><span lang=\"PT\">PRA<\/span><span lang=\"PT\">\u00c7<\/span><span lang=\"PT\">A\u00a0<\/span><span lang=\"PT\">\u00c9<\/span><span lang=\"PT\">LIO MICHELONI<\/span><\/td>\n<\/tr>\n<tr>\n<td width=\"44\">\n<p align=\"center\"><b><span lang=\"PT\">13<\/span><\/b><\/p>\n<\/td>\n<td width=\"78\"><span lang=\"PT\">17h<\/span><\/td>\n<td width=\"274\"><span lang=\"PT\">Jazz\u00a0na\u00a0Kombi<\/span><\/td>\n<td width=\"253\"><span lang=\"PT\">PRA<\/span><span lang=\"PT\">\u00c7<\/span><span lang=\"PT\">A\u00a0<\/span><span lang=\"PT\">\u00c8<\/span><span lang=\"PT\">LIO MICHELONI<\/span><\/td>\n<\/tr>\n<tr>\n<td width=\"44\">\n<p align=\"center\"><b><span lang=\"PT\">13<\/span><\/b><\/p>\n<\/td>\n<td width=\"78\"><span lang=\"PT\">18h\u00a0\u00a0\u00a0\u00a0\u00a0\u00a0<\/span><\/td>\n<td width=\"274\"><span lang=\"PT\">Aero\u00a0Vinil<\/span><\/td>\n<td width=\"253\"><span lang=\"PT\">PALCO II PARQUE DOS PIONEIROS<\/span><\/td>\n<\/tr>\n<tr>\n<td width=\"44\">\n<p align=\"center\"><b><span lang=\"PT\">13<\/span><\/b><\/p>\n<\/td>\n<td width=\"78\"><span lang=\"PT\">18h<\/span><\/td>\n<td width=\"274\"><span lang=\"PT\">Marilia\u00a0Lopes<\/span><\/td>\n<td width=\"253\"><span lang=\"PT\">ANFITEATRO\u00a0<\/span><span lang=\"PT\">\u201c<\/span><span lang=\"PT\">FERNANDO PALONI<\/span><span lang=\"PT\">\u201d<\/span><\/td>\n<\/tr>\n<tr>\n<td width=\"44\">\n<p align=\"center\"><b><span lang=\"PT\">13<\/span><\/b><\/p>\n<\/td>\n<td width=\"78\"><span lang=\"PT\">18h\u00a0\u00e0s\u00a02h<\/span><b><\/b><\/td>\n<td width=\"274\"><span lang=\"PT\">Feira\u00a0Camale\u00e3o<\/span><\/td>\n<td width=\"253\"><span lang=\"PT\">PARQUE DOS PIONEIROS<\/span><\/td>\n<\/tr>\n<tr>\n<td width=\"44\">\n<p align=\"center\"><b><span lang=\"PT\">13<\/span><\/b><\/p>\n<\/td>\n<td width=\"78\"><span lang=\"PT\">19h<\/span><\/td>\n<td width=\"274\"><span lang=\"PT\">Allan\u00a0e\u00a0Z\u00e9\u00a0Rodrigo<\/span><\/td>\n<td width=\"253\"><span lang=\"PT\">PALCO I PARQUE DOS PIONEIROS<\/span><\/td>\n<\/tr>\n<tr>\n<td width=\"44\">\n<p align=\"center\"><b><span lang=\"PT\">13<\/span><\/b><\/p>\n<\/td>\n<td width=\"78\"><span lang=\"PT\">19h30<\/span><\/td>\n<td width=\"274\"><span lang=\"PT\">Jazz\u00a0na\u00a0Kombi<\/span><\/td>\n<td width=\"253\"><span lang=\"PT\">PRA<\/span><span lang=\"PT\">\u00c7<\/span><span lang=\"PT\">A\u00a0<\/span><span lang=\"PT\">\u00c9<\/span><span lang=\"PT\">LIO MICHELONI<\/span><\/td>\n<\/tr>\n<tr>\n<td width=\"44\">\n<p align=\"center\"><b><span lang=\"PT\">13<\/span><\/b><\/p>\n<\/td>\n<td width=\"78\"><span lang=\"PT\">20h30<\/span><\/td>\n<td width=\"274\"><span lang=\"PT\">Falha\u00a0no\u00a0Erro\u00a0&amp;\u00a0Tio\u00a0Will\u00a0Mc<\/span><\/td>\n<td width=\"253\"><span lang=\"PT\">PALCO II PARQUE DOS PIONEIROS<\/span><\/td>\n<\/tr>\n<tr>\n<td width=\"44\">\n<p align=\"center\"><b><span lang=\"PT\">13<\/span><\/b><\/p>\n<\/td>\n<td width=\"78\"><span lang=\"PT\">21h<\/span><\/td>\n<td width=\"274\"><span lang=\"PT\">Orquestra\u00a0de\u00a0Viola\u00a0Caipira<\/span><\/td>\n<td width=\"253\"><span lang=\"PT\">ANFITEATRO\u00a0<\/span><span lang=\"PT\">\u201c<\/span><span lang=\"PT\">FERNANDO\u00a0 PALONI<\/span><span lang=\"PT\">\u201d<\/span><\/td>\n<\/tr>\n<tr>\n<td width=\"44\">\n<p align=\"center\"><b><span lang=\"PT\">13<\/span><\/b><\/p>\n<\/td>\n<td width=\"78\"><span lang=\"PT\">22h<\/span><\/td>\n<td width=\"274\"><span lang=\"PT\">Clube\u00a0do\u00a0Balan\u00e7o<\/span><\/td>\n<td width=\"253\"><span lang=\"PT\">PALCO I PARQUE DOS PIONEIROS<\/span><\/td>\n<\/tr>\n<tr>\n<td width=\"44\">\n<p align=\"center\"><b><span lang=\"PT\">13<\/span><\/b><\/p>\n<\/td>\n<td width=\"78\"><span lang=\"PT\">22h30<\/span><\/td>\n<td width=\"274\"><span lang=\"PT\">Jazz\u00a0na\u00a0Kombi<\/span><\/td>\n<td width=\"253\"><span lang=\"PT\">PRA<\/span><span lang=\"PT\">\u00c7<\/span><span lang=\"PT\">A\u00a0<\/span><span lang=\"PT\">\u00c9<\/span><span lang=\"PT\">LIO MICHELONI<\/span><\/td>\n<\/tr>\n<tr>\n<td width=\"44\">\n<p align=\"center\"><b><span lang=\"PT\">13<\/span><\/b><\/p>\n<\/td>\n<td width=\"78\"><span lang=\"PT\">23h30<\/span><\/td>\n<td width=\"274\"><span lang=\"PT\">Vertentes\u00a0do\u00a0Hip\u00a0Hop<\/span><\/td>\n<td width=\"253\"><span lang=\"PT\">PALCO II PARQUE DOS PIONEIROS<\/span><\/td>\n<\/tr>\n<tr>\n<td colspan=\"2\" width=\"122\">\n<p align=\"center\"><b><span lang=\"PT\">\u00a0<\/span><\/b><\/p>\n<\/td>\n<td width=\"274\"><span lang=\"PT\">\u00a0<\/span><\/td>\n<td width=\"253\"><span lang=\"PT\">\u00a0<\/span><\/td>\n<\/tr>\n<tr>\n<td width=\"44\">\n<p align=\"center\"><b><span lang=\"PT\">14<\/span><\/b><\/p>\n<\/td>\n<td width=\"78\"><span lang=\"PT\">1h<\/span><\/td>\n<td width=\"274\"><span lang=\"PT\">T\u00e1ssia\u00a0Reis<\/span><\/td>\n<td width=\"253\"><span lang=\"PT\">PALCO I PARQUE DOS PIONEIROS<\/span><\/td>\n<\/tr>\n<tr>\n<td width=\"44\">\n<p align=\"center\"><b><span lang=\"PT\">14<\/span><\/b><\/p>\n<\/td>\n<td width=\"78\"><span lang=\"PT\">1h<\/span><\/td>\n<td width=\"274\"><span lang=\"PT\">F\u00e1bio\u00a0Silvestre\u00a0em\u00a0Personagens<\/span><\/td>\n<td width=\"253\"><span lang=\"PT\">ANFITEATRO\u00a0<\/span><span lang=\"PT\">\u201c<\/span><span lang=\"PT\">FERNANDO PALONI<\/span><\/td>\n<\/tr>\n<tr>\n<td width=\"44\">\n<p align=\"center\"><b><span lang=\"PT\">14<\/span><\/b><\/p>\n<\/td>\n<td width=\"78\"><span lang=\"PT\">2h<\/span><\/td>\n<td width=\"274\"><span lang=\"PT\">Jazz\u00a0na\u00a0Kombi\u00a0+\u00a0Jazz\u00a0Band\u00a0Forr\u00f3\u00a0na\u00a0Pista<\/span><\/td>\n<td width=\"253\"><span lang=\"PT\">PRA<\/span><span lang=\"PT\">\u00c7<\/span><span lang=\"PT\">A\u00a0<\/span><span lang=\"PT\">\u00c9<\/span><span lang=\"PT\">LIO MICHELONI<\/span><\/td>\n<\/tr>\n<tr>\n<td width=\"44\">\n<p align=\"center\"><b><span lang=\"PT\">14<\/span><\/b><\/p>\n<\/td>\n<td width=\"78\"><span lang=\"PT\">7h<\/span><\/td>\n<td width=\"274\"><span lang=\"PT\">Yoga<\/span><span lang=\"PT\">\u00a0<\/span><span lang=\"PT\">no\u00a0<\/span><span lang=\"PT\">Parque<\/span><span lang=\"PT\">\u00a0<\/span><span lang=\"PT\">+<\/span><span lang=\"PT\">\u00a0<\/span><span lang=\"PT\">Medita\u00e7\u00e3o<\/span><span lang=\"PT\">\u00a0<\/span><span lang=\"PT\">Ativa<\/span><\/td>\n<td width=\"253\"><span lang=\"PT\">PALCO I PARQUE DOS PIONEIROS<\/span><\/td>\n<\/tr>\n<tr>\n<td width=\"44\">\n<p align=\"center\"><b><span lang=\"PT\">14<\/span><\/b><\/p>\n<\/td>\n<td width=\"78\"><span lang=\"PT\">7h\u00a0\u00e0s\u00a020h<\/span><\/td>\n<td width=\"274\"><span lang=\"PT\">Feira\u00a0Camale\u00e3o<\/span><\/td>\n<td width=\"253\"><span lang=\"PT\">PARQUE DOS PIONEIROS<\/span><\/td>\n<\/tr>\n<tr>\n<td width=\"44\">\n<p align=\"center\"><b><span lang=\"PT\">14<\/span><\/b><\/p>\n<\/td>\n<td width=\"78\"><span lang=\"PT\">9h30<\/span><\/td>\n<td width=\"274\"><span lang=\"PT\">Os\u00a0Mequetrefe\u00a0&#8211;\u00a0Grupo\u00a0Parlapat\u00f5es<\/span><\/td>\n<td width=\"253\"><span lang=\"PT\">PALCO II PARQUE DOS PIONEIROS<\/span><\/td>\n<\/tr>\n<tr>\n<td width=\"44\">\n<p align=\"center\"><b><span lang=\"PT\">14<\/span><\/b><\/p>\n<\/td>\n<td width=\"78\"><span lang=\"PT\">11h<\/span><\/td>\n<td width=\"274\"><span lang=\"PT\">Odair\u00a0Jos\u00e9<\/span><\/td>\n<td width=\"253\"><span lang=\"PT\">PALCO I PARQUE DOS PIONEIROS<\/span><\/td>\n<\/tr>\n<tr>\n<td width=\"44\">\n<p align=\"center\"><b><span lang=\"PT\">14<\/span><\/b><\/p>\n<\/td>\n<td width=\"78\"><span lang=\"PT\">13h<\/span><\/td>\n<td width=\"274\"><span lang=\"PT\">Banda\u00a0Sem\u00a0Limites<\/span><\/td>\n<td width=\"253\"><span lang=\"PT\">PALCO II PARQUE DOS PIONEIROS<\/span><\/td>\n<\/tr>\n<tr>\n<td width=\"44\">\n<p align=\"center\"><b><span lang=\"PT\">14<\/span><\/b><\/p>\n<\/td>\n<td width=\"78\"><span lang=\"PT\">15h<\/span><\/td>\n<td width=\"274\"><span lang=\"PT\">Los\u00a0Kandangos<\/span><\/td>\n<td width=\"253\"><span lang=\"PT\">PALCO I PARQUE DOS PIONEIRaOS<\/span><\/td>\n<\/tr>\n<tr>\n<td width=\"44\">\n<p align=\"center\"><b><span lang=\"PT\">14<\/span><\/b><\/p>\n<\/td>\n<td width=\"78\"><span lang=\"PT\">16h<\/span><\/td>\n<td width=\"274\"><span lang=\"PT\">Planta\u00a0do\u00a0P\u00e9,\u00a0com\u00a0Maria\u00a0Eugenia\u00a0Tita<\/span><\/td>\n<td width=\"253\"><span lang=\"PT\">ANFITEATRO\u00a0<\/span><span lang=\"PT\">\u201c<\/span><span lang=\"PT\">FERNANDO PALONI<\/span><span lang=\"PT\">\u201d<\/span><\/td>\n<\/tr>\n<tr>\n<td width=\"44\">\n<p align=\"center\"><b><span lang=\"PT\">14<\/span><\/b><\/p>\n<\/td>\n<td width=\"78\"><span lang=\"PT\">16h<\/span><\/td>\n<td width=\"274\"><span lang=\"PT\">Estilo\u00a0Atrevido<\/span><\/td>\n<td width=\"253\"><span lang=\"PT\">PALCO II PARQUE DOS PIONEIROS<\/span><\/td>\n<\/tr>\n<tr>\n<td width=\"44\">\n<p align=\"center\"><b><span lang=\"PT\">14<\/span><\/b><\/p>\n<\/td>\n<td width=\"78\"><span lang=\"PT\">18h<\/span><\/td>\n<td width=\"274\"><span lang=\"PT\">Faf\u00e1\u00a0de\u00a0Bel\u00e9m<\/span><\/td>\n<td width=\"253\"><span lang=\"PT\">PALCO I PARQUE DOS PIONEIROS<\/span><\/td>\n<\/tr>\n<\/tbody>\n<\/table>\n<p>&nbsp;<\/p>\n<p>Fonte: Assessoria de Imprensa<\/p>\n","protected":false},"excerpt":{"rendered":"<p>Faf\u00e1 de Bel\u00e9m, Clube do Balan\u00e7o, Los Kandangos, Jazz na Kombi e Orquestra de Viola Caipira fazem parte das atra\u00e7\u00f5es na cidade nos dias 13 e 14 de agosto Colaborou: S\u00e9rgio Vanderlei da Silva A Virada SP chega a 16\u00aa edi\u00e7\u00e3o em clima de festa depois de dois anos com vers\u00f5es exclusivamente virtuais. O evento [&hellip;]<\/p>\n","protected":false},"author":13,"featured_media":56075,"comment_status":"closed","ping_status":"open","sticky":false,"template":"","format":"standard","meta":{"_acf_changed":false,"_exactmetrics_skip_tracking":false,"_exactmetrics_sitenote_active":false,"_exactmetrics_sitenote_note":"","_exactmetrics_sitenote_category":0,"footnotes":""},"categories":[21],"tags":[],"class_list":["post-56074","post","type-post","status-publish","format-standard","has-post-thumbnail","hentry","category-adamantina"],"acf":[],"yoast_head":"<!-- This site is optimized with the Yoast SEO plugin v27.2 - https:\/\/yoast.com\/product\/yoast-seo-wordpress\/ -->\n<title>Virada Cultural 2022 trar\u00e1 para Adamantina em agosto Faf\u00e1 de Bel\u00e9m, Odair Jos\u00e9 e diversos outros artistas - R\u00e1dio Life FM<\/title>\n<meta name=\"robots\" content=\"index, follow, max-snippet:-1, max-image-preview:large, max-video-preview:-1\" \/>\n<link rel=\"canonical\" href=\"https:\/\/radiolifefm.com.br\/noticias\/virada-cultural-2022-trara-para-adamantina-em-agosto-fafa-de-belem-odair-jose-e-diversos-outros-artistas\/\" \/>\n<meta property=\"og:locale\" content=\"pt_BR\" \/>\n<meta property=\"og:type\" content=\"article\" \/>\n<meta property=\"og:title\" content=\"Virada Cultural 2022 trar\u00e1 para Adamantina em agosto Faf\u00e1 de Bel\u00e9m, Odair Jos\u00e9 e diversos outros artistas - R\u00e1dio Life FM\" \/>\n<meta property=\"og:description\" content=\"Faf\u00e1 de Bel\u00e9m, Clube do Balan\u00e7o, Los Kandangos, Jazz na Kombi e Orquestra de Viola Caipira fazem parte das atra\u00e7\u00f5es na cidade nos dias 13 e 14 de agosto Colaborou: S\u00e9rgio Vanderlei da Silva A Virada SP chega a 16\u00aa edi\u00e7\u00e3o em clima de festa depois de dois anos com vers\u00f5es exclusivamente virtuais. O evento [&hellip;]\" \/>\n<meta property=\"og:url\" content=\"https:\/\/radiolifefm.com.br\/noticias\/virada-cultural-2022-trara-para-adamantina-em-agosto-fafa-de-belem-odair-jose-e-diversos-outros-artistas\/\" \/>\n<meta property=\"og:site_name\" content=\"R\u00e1dio Life FM\" \/>\n<meta property=\"article:publisher\" content=\"https:\/\/www.facebook.com\/radiolifefm\/\" \/>\n<meta property=\"article:published_time\" content=\"2022-07-20T15:39:40+00:00\" \/>\n<meta property=\"article:modified_time\" content=\"2026-04-07T01:44:20+00:00\" \/>\n<meta property=\"og:image\" content=\"https:\/\/radiolifefm.com.br\/noticias\/wp-content\/uploads\/2022\/07\/WhatsApp-Image-2022-07-20-at-12.24.11.jpeg\" \/>\n\t<meta property=\"og:image:width\" content=\"853\" \/>\n\t<meta property=\"og:image:height\" content=\"1280\" \/>\n\t<meta property=\"og:image:type\" content=\"image\/jpeg\" \/>\n<meta name=\"author\" content=\"ritanery\" \/>\n<meta name=\"twitter:card\" content=\"summary_large_image\" \/>\n<meta name=\"twitter:label1\" content=\"Escrito por\" \/>\n\t<meta name=\"twitter:data1\" content=\"ritanery\" \/>\n\t<meta name=\"twitter:label2\" content=\"Est. tempo de leitura\" \/>\n\t<meta name=\"twitter:data2\" content=\"3 minutos\" \/>\n<script type=\"application\/ld+json\" class=\"yoast-schema-graph\">{\"@context\":\"https:\/\/schema.org\",\"@graph\":[{\"@type\":\"Article\",\"@id\":\"https:\/\/radiolifefm.com.br\/noticias\/virada-cultural-2022-trara-para-adamantina-em-agosto-fafa-de-belem-odair-jose-e-diversos-outros-artistas\/#article\",\"isPartOf\":{\"@id\":\"https:\/\/radiolifefm.com.br\/noticias\/virada-cultural-2022-trara-para-adamantina-em-agosto-fafa-de-belem-odair-jose-e-diversos-outros-artistas\/\"},\"author\":{\"name\":\"ritanery\",\"@id\":\"https:\/\/radiolifefm.com.br\/noticias\/#\/schema\/person\/6339b9fac59d12b071dec680d7375d87\"},\"headline\":\"Virada Cultural 2022 trar\u00e1 para Adamantina em agosto Faf\u00e1 de Bel\u00e9m, Odair Jos\u00e9 e diversos outros artistas\",\"datePublished\":\"2022-07-20T15:39:40+00:00\",\"dateModified\":\"2026-04-07T01:44:20+00:00\",\"mainEntityOfPage\":{\"@id\":\"https:\/\/radiolifefm.com.br\/noticias\/virada-cultural-2022-trara-para-adamantina-em-agosto-fafa-de-belem-odair-jose-e-diversos-outros-artistas\/\"},\"wordCount\":752,\"publisher\":{\"@id\":\"https:\/\/radiolifefm.com.br\/noticias\/#organization\"},\"image\":{\"@id\":\"https:\/\/radiolifefm.com.br\/noticias\/virada-cultural-2022-trara-para-adamantina-em-agosto-fafa-de-belem-odair-jose-e-diversos-outros-artistas\/#primaryimage\"},\"thumbnailUrl\":\"https:\/\/radiolifefm.com.br\/noticias\/wp-content\/uploads\/2022\/07\/WhatsApp-Image-2022-07-20-at-12.24.11.jpeg\",\"articleSection\":[\"Adamantina\"],\"inLanguage\":\"pt-BR\"},{\"@type\":\"WebPage\",\"@id\":\"https:\/\/radiolifefm.com.br\/noticias\/virada-cultural-2022-trara-para-adamantina-em-agosto-fafa-de-belem-odair-jose-e-diversos-outros-artistas\/\",\"url\":\"https:\/\/radiolifefm.com.br\/noticias\/virada-cultural-2022-trara-para-adamantina-em-agosto-fafa-de-belem-odair-jose-e-diversos-outros-artistas\/\",\"name\":\"Virada Cultural 2022 trar\u00e1 para Adamantina em agosto Faf\u00e1 de Bel\u00e9m, Odair Jos\u00e9 e diversos outros artistas - R\u00e1dio Life FM\",\"isPartOf\":{\"@id\":\"https:\/\/radiolifefm.com.br\/noticias\/#website\"},\"primaryImageOfPage\":{\"@id\":\"https:\/\/radiolifefm.com.br\/noticias\/virada-cultural-2022-trara-para-adamantina-em-agosto-fafa-de-belem-odair-jose-e-diversos-outros-artistas\/#primaryimage\"},\"image\":{\"@id\":\"https:\/\/radiolifefm.com.br\/noticias\/virada-cultural-2022-trara-para-adamantina-em-agosto-fafa-de-belem-odair-jose-e-diversos-outros-artistas\/#primaryimage\"},\"thumbnailUrl\":\"https:\/\/radiolifefm.com.br\/noticias\/wp-content\/uploads\/2022\/07\/WhatsApp-Image-2022-07-20-at-12.24.11.jpeg\",\"datePublished\":\"2022-07-20T15:39:40+00:00\",\"dateModified\":\"2026-04-07T01:44:20+00:00\",\"breadcrumb\":{\"@id\":\"https:\/\/radiolifefm.com.br\/noticias\/virada-cultural-2022-trara-para-adamantina-em-agosto-fafa-de-belem-odair-jose-e-diversos-outros-artistas\/#breadcrumb\"},\"inLanguage\":\"pt-BR\",\"potentialAction\":[{\"@type\":\"ReadAction\",\"target\":[\"https:\/\/radiolifefm.com.br\/noticias\/virada-cultural-2022-trara-para-adamantina-em-agosto-fafa-de-belem-odair-jose-e-diversos-outros-artistas\/\"]}]},{\"@type\":\"ImageObject\",\"inLanguage\":\"pt-BR\",\"@id\":\"https:\/\/radiolifefm.com.br\/noticias\/virada-cultural-2022-trara-para-adamantina-em-agosto-fafa-de-belem-odair-jose-e-diversos-outros-artistas\/#primaryimage\",\"url\":\"https:\/\/radiolifefm.com.br\/noticias\/wp-content\/uploads\/2022\/07\/WhatsApp-Image-2022-07-20-at-12.24.11.jpeg\",\"contentUrl\":\"https:\/\/radiolifefm.com.br\/noticias\/wp-content\/uploads\/2022\/07\/WhatsApp-Image-2022-07-20-at-12.24.11.jpeg\",\"width\":853,\"height\":1280},{\"@type\":\"BreadcrumbList\",\"@id\":\"https:\/\/radiolifefm.com.br\/noticias\/virada-cultural-2022-trara-para-adamantina-em-agosto-fafa-de-belem-odair-jose-e-diversos-outros-artistas\/#breadcrumb\",\"itemListElement\":[{\"@type\":\"ListItem\",\"position\":1,\"name\":\"In\u00edcio\",\"item\":\"https:\/\/radiolifefm.com.br\/noticias\/\"},{\"@type\":\"ListItem\",\"position\":2,\"name\":\"Virada Cultural 2022 trar\u00e1 para Adamantina em agosto Faf\u00e1 de Bel\u00e9m, Odair Jos\u00e9 e diversos outros artistas\"}]},{\"@type\":\"WebSite\",\"@id\":\"https:\/\/radiolifefm.com.br\/noticias\/#website\",\"url\":\"https:\/\/radiolifefm.com.br\/noticias\/\",\"name\":\"R\u00e1dio Life FM\",\"description\":\"O Portal de Not\u00edcias de Adamantina\",\"publisher\":{\"@id\":\"https:\/\/radiolifefm.com.br\/noticias\/#organization\"},\"alternateName\":\"Life FM\",\"potentialAction\":[{\"@type\":\"SearchAction\",\"target\":{\"@type\":\"EntryPoint\",\"urlTemplate\":\"https:\/\/radiolifefm.com.br\/noticias\/?s={search_term_string}\"},\"query-input\":{\"@type\":\"PropertyValueSpecification\",\"valueRequired\":true,\"valueName\":\"search_term_string\"}}],\"inLanguage\":\"pt-BR\"},{\"@type\":\"Organization\",\"@id\":\"https:\/\/radiolifefm.com.br\/noticias\/#organization\",\"name\":\"R\u00e1dio Life FM\",\"alternateName\":\"Life FM\",\"url\":\"https:\/\/radiolifefm.com.br\/noticias\/\",\"logo\":{\"@type\":\"ImageObject\",\"inLanguage\":\"pt-BR\",\"@id\":\"https:\/\/radiolifefm.com.br\/noticias\/#\/schema\/logo\/image\/\",\"url\":\"https:\/\/static.radiolifefm.com.br\/noticias\/wp-content\/uploads\/2019\/10\/logo-lifefm.png\",\"contentUrl\":\"https:\/\/static.radiolifefm.com.br\/noticias\/wp-content\/uploads\/2019\/10\/logo-lifefm.png\",\"width\":196,\"height\":47,\"caption\":\"R\u00e1dio Life FM\"},\"image\":{\"@id\":\"https:\/\/radiolifefm.com.br\/noticias\/#\/schema\/logo\/image\/\"},\"sameAs\":[\"https:\/\/www.facebook.com\/radiolifefm\/\",\"https:\/\/www.instagram.com\/life1079fm\/\"]},{\"@type\":\"Person\",\"@id\":\"https:\/\/radiolifefm.com.br\/noticias\/#\/schema\/person\/6339b9fac59d12b071dec680d7375d87\",\"name\":\"ritanery\",\"image\":{\"@type\":\"ImageObject\",\"inLanguage\":\"pt-BR\",\"@id\":\"https:\/\/secure.gravatar.com\/avatar\/0e37bb19071f47c0b8a23f62a903df117c5a0e75f65a0c2901562f97cd41cf86?s=96&d=mm&r=g\",\"url\":\"https:\/\/secure.gravatar.com\/avatar\/0e37bb19071f47c0b8a23f62a903df117c5a0e75f65a0c2901562f97cd41cf86?s=96&d=mm&r=g\",\"contentUrl\":\"https:\/\/secure.gravatar.com\/avatar\/0e37bb19071f47c0b8a23f62a903df117c5a0e75f65a0c2901562f97cd41cf86?s=96&d=mm&r=g\",\"caption\":\"ritanery\"}}]}<\/script>\n<!-- \/ Yoast SEO plugin. -->","yoast_head_json":{"title":"Virada Cultural 2022 trar\u00e1 para Adamantina em agosto Faf\u00e1 de Bel\u00e9m, Odair Jos\u00e9 e diversos outros artistas - R\u00e1dio Life FM","robots":{"index":"index","follow":"follow","max-snippet":"max-snippet:-1","max-image-preview":"max-image-preview:large","max-video-preview":"max-video-preview:-1"},"canonical":"https:\/\/radiolifefm.com.br\/noticias\/virada-cultural-2022-trara-para-adamantina-em-agosto-fafa-de-belem-odair-jose-e-diversos-outros-artistas\/","og_locale":"pt_BR","og_type":"article","og_title":"Virada Cultural 2022 trar\u00e1 para Adamantina em agosto Faf\u00e1 de Bel\u00e9m, Odair Jos\u00e9 e diversos outros artistas - R\u00e1dio Life FM","og_description":"Faf\u00e1 de Bel\u00e9m, Clube do Balan\u00e7o, Los Kandangos, Jazz na Kombi e Orquestra de Viola Caipira fazem parte das atra\u00e7\u00f5es na cidade nos dias 13 e 14 de agosto Colaborou: S\u00e9rgio Vanderlei da Silva A Virada SP chega a 16\u00aa edi\u00e7\u00e3o em clima de festa depois de dois anos com vers\u00f5es exclusivamente virtuais. O evento [&hellip;]","og_url":"https:\/\/radiolifefm.com.br\/noticias\/virada-cultural-2022-trara-para-adamantina-em-agosto-fafa-de-belem-odair-jose-e-diversos-outros-artistas\/","og_site_name":"R\u00e1dio Life FM","article_publisher":"https:\/\/www.facebook.com\/radiolifefm\/","article_published_time":"2022-07-20T15:39:40+00:00","article_modified_time":"2026-04-07T01:44:20+00:00","og_image":[{"width":853,"height":1280,"url":"https:\/\/radiolifefm.com.br\/noticias\/wp-content\/uploads\/2022\/07\/WhatsApp-Image-2022-07-20-at-12.24.11.jpeg","type":"image\/jpeg"}],"author":"ritanery","twitter_card":"summary_large_image","twitter_misc":{"Escrito por":"ritanery","Est. tempo de leitura":"3 minutos"},"schema":{"@context":"https:\/\/schema.org","@graph":[{"@type":"Article","@id":"https:\/\/radiolifefm.com.br\/noticias\/virada-cultural-2022-trara-para-adamantina-em-agosto-fafa-de-belem-odair-jose-e-diversos-outros-artistas\/#article","isPartOf":{"@id":"https:\/\/radiolifefm.com.br\/noticias\/virada-cultural-2022-trara-para-adamantina-em-agosto-fafa-de-belem-odair-jose-e-diversos-outros-artistas\/"},"author":{"name":"ritanery","@id":"https:\/\/radiolifefm.com.br\/noticias\/#\/schema\/person\/6339b9fac59d12b071dec680d7375d87"},"headline":"Virada Cultural 2022 trar\u00e1 para Adamantina em agosto Faf\u00e1 de Bel\u00e9m, Odair Jos\u00e9 e diversos outros artistas","datePublished":"2022-07-20T15:39:40+00:00","dateModified":"2026-04-07T01:44:20+00:00","mainEntityOfPage":{"@id":"https:\/\/radiolifefm.com.br\/noticias\/virada-cultural-2022-trara-para-adamantina-em-agosto-fafa-de-belem-odair-jose-e-diversos-outros-artistas\/"},"wordCount":752,"publisher":{"@id":"https:\/\/radiolifefm.com.br\/noticias\/#organization"},"image":{"@id":"https:\/\/radiolifefm.com.br\/noticias\/virada-cultural-2022-trara-para-adamantina-em-agosto-fafa-de-belem-odair-jose-e-diversos-outros-artistas\/#primaryimage"},"thumbnailUrl":"https:\/\/radiolifefm.com.br\/noticias\/wp-content\/uploads\/2022\/07\/WhatsApp-Image-2022-07-20-at-12.24.11.jpeg","articleSection":["Adamantina"],"inLanguage":"pt-BR"},{"@type":"WebPage","@id":"https:\/\/radiolifefm.com.br\/noticias\/virada-cultural-2022-trara-para-adamantina-em-agosto-fafa-de-belem-odair-jose-e-diversos-outros-artistas\/","url":"https:\/\/radiolifefm.com.br\/noticias\/virada-cultural-2022-trara-para-adamantina-em-agosto-fafa-de-belem-odair-jose-e-diversos-outros-artistas\/","name":"Virada Cultural 2022 trar\u00e1 para Adamantina em agosto Faf\u00e1 de Bel\u00e9m, Odair Jos\u00e9 e diversos outros artistas - R\u00e1dio Life FM","isPartOf":{"@id":"https:\/\/radiolifefm.com.br\/noticias\/#website"},"primaryImageOfPage":{"@id":"https:\/\/radiolifefm.com.br\/noticias\/virada-cultural-2022-trara-para-adamantina-em-agosto-fafa-de-belem-odair-jose-e-diversos-outros-artistas\/#primaryimage"},"image":{"@id":"https:\/\/radiolifefm.com.br\/noticias\/virada-cultural-2022-trara-para-adamantina-em-agosto-fafa-de-belem-odair-jose-e-diversos-outros-artistas\/#primaryimage"},"thumbnailUrl":"https:\/\/radiolifefm.com.br\/noticias\/wp-content\/uploads\/2022\/07\/WhatsApp-Image-2022-07-20-at-12.24.11.jpeg","datePublished":"2022-07-20T15:39:40+00:00","dateModified":"2026-04-07T01:44:20+00:00","breadcrumb":{"@id":"https:\/\/radiolifefm.com.br\/noticias\/virada-cultural-2022-trara-para-adamantina-em-agosto-fafa-de-belem-odair-jose-e-diversos-outros-artistas\/#breadcrumb"},"inLanguage":"pt-BR","potentialAction":[{"@type":"ReadAction","target":["https:\/\/radiolifefm.com.br\/noticias\/virada-cultural-2022-trara-para-adamantina-em-agosto-fafa-de-belem-odair-jose-e-diversos-outros-artistas\/"]}]},{"@type":"ImageObject","inLanguage":"pt-BR","@id":"https:\/\/radiolifefm.com.br\/noticias\/virada-cultural-2022-trara-para-adamantina-em-agosto-fafa-de-belem-odair-jose-e-diversos-outros-artistas\/#primaryimage","url":"https:\/\/radiolifefm.com.br\/noticias\/wp-content\/uploads\/2022\/07\/WhatsApp-Image-2022-07-20-at-12.24.11.jpeg","contentUrl":"https:\/\/radiolifefm.com.br\/noticias\/wp-content\/uploads\/2022\/07\/WhatsApp-Image-2022-07-20-at-12.24.11.jpeg","width":853,"height":1280},{"@type":"BreadcrumbList","@id":"https:\/\/radiolifefm.com.br\/noticias\/virada-cultural-2022-trara-para-adamantina-em-agosto-fafa-de-belem-odair-jose-e-diversos-outros-artistas\/#breadcrumb","itemListElement":[{"@type":"ListItem","position":1,"name":"In\u00edcio","item":"https:\/\/radiolifefm.com.br\/noticias\/"},{"@type":"ListItem","position":2,"name":"Virada Cultural 2022 trar\u00e1 para Adamantina em agosto Faf\u00e1 de Bel\u00e9m, Odair Jos\u00e9 e diversos outros artistas"}]},{"@type":"WebSite","@id":"https:\/\/radiolifefm.com.br\/noticias\/#website","url":"https:\/\/radiolifefm.com.br\/noticias\/","name":"R\u00e1dio Life FM","description":"O Portal de Not\u00edcias de Adamantina","publisher":{"@id":"https:\/\/radiolifefm.com.br\/noticias\/#organization"},"alternateName":"Life FM","potentialAction":[{"@type":"SearchAction","target":{"@type":"EntryPoint","urlTemplate":"https:\/\/radiolifefm.com.br\/noticias\/?s={search_term_string}"},"query-input":{"@type":"PropertyValueSpecification","valueRequired":true,"valueName":"search_term_string"}}],"inLanguage":"pt-BR"},{"@type":"Organization","@id":"https:\/\/radiolifefm.com.br\/noticias\/#organization","name":"R\u00e1dio Life FM","alternateName":"Life FM","url":"https:\/\/radiolifefm.com.br\/noticias\/","logo":{"@type":"ImageObject","inLanguage":"pt-BR","@id":"https:\/\/radiolifefm.com.br\/noticias\/#\/schema\/logo\/image\/","url":"https:\/\/static.radiolifefm.com.br\/noticias\/wp-content\/uploads\/2019\/10\/logo-lifefm.png","contentUrl":"https:\/\/static.radiolifefm.com.br\/noticias\/wp-content\/uploads\/2019\/10\/logo-lifefm.png","width":196,"height":47,"caption":"R\u00e1dio Life FM"},"image":{"@id":"https:\/\/radiolifefm.com.br\/noticias\/#\/schema\/logo\/image\/"},"sameAs":["https:\/\/www.facebook.com\/radiolifefm\/","https:\/\/www.instagram.com\/life1079fm\/"]},{"@type":"Person","@id":"https:\/\/radiolifefm.com.br\/noticias\/#\/schema\/person\/6339b9fac59d12b071dec680d7375d87","name":"ritanery","image":{"@type":"ImageObject","inLanguage":"pt-BR","@id":"https:\/\/secure.gravatar.com\/avatar\/0e37bb19071f47c0b8a23f62a903df117c5a0e75f65a0c2901562f97cd41cf86?s=96&d=mm&r=g","url":"https:\/\/secure.gravatar.com\/avatar\/0e37bb19071f47c0b8a23f62a903df117c5a0e75f65a0c2901562f97cd41cf86?s=96&d=mm&r=g","contentUrl":"https:\/\/secure.gravatar.com\/avatar\/0e37bb19071f47c0b8a23f62a903df117c5a0e75f65a0c2901562f97cd41cf86?s=96&d=mm&r=g","caption":"ritanery"}}]}},"amp_enabled":true,"_links":{"self":[{"href":"https:\/\/radiolifefm.com.br\/noticias\/wp-json\/wp\/v2\/posts\/56074","targetHints":{"allow":["GET"]}}],"collection":[{"href":"https:\/\/radiolifefm.com.br\/noticias\/wp-json\/wp\/v2\/posts"}],"about":[{"href":"https:\/\/radiolifefm.com.br\/noticias\/wp-json\/wp\/v2\/types\/post"}],"author":[{"embeddable":true,"href":"https:\/\/radiolifefm.com.br\/noticias\/wp-json\/wp\/v2\/users\/13"}],"replies":[{"embeddable":true,"href":"https:\/\/radiolifefm.com.br\/noticias\/wp-json\/wp\/v2\/comments?post=56074"}],"version-history":[{"count":5,"href":"https:\/\/radiolifefm.com.br\/noticias\/wp-json\/wp\/v2\/posts\/56074\/revisions"}],"predecessor-version":[{"id":56086,"href":"https:\/\/radiolifefm.com.br\/noticias\/wp-json\/wp\/v2\/posts\/56074\/revisions\/56086"}],"wp:featuredmedia":[{"embeddable":true,"href":"https:\/\/radiolifefm.com.br\/noticias\/wp-json\/wp\/v2\/media\/56075"}],"wp:attachment":[{"href":"https:\/\/radiolifefm.com.br\/noticias\/wp-json\/wp\/v2\/media?parent=56074"}],"wp:term":[{"taxonomy":"category","embeddable":true,"href":"https:\/\/radiolifefm.com.br\/noticias\/wp-json\/wp\/v2\/categories?post=56074"},{"taxonomy":"post_tag","embeddable":true,"href":"https:\/\/radiolifefm.com.br\/noticias\/wp-json\/wp\/v2\/tags?post=56074"}],"curies":[{"name":"wp","href":"https:\/\/api.w.org\/{rel}","templated":true}]}}