{"id":56004,"date":"2022-07-18T15:18:52","date_gmt":"2022-07-18T18:18:52","guid":{"rendered":"https:\/\/radiolifefm.com.br\/noticias\/?p=56004"},"modified":"2025-10-09T18:33:02","modified_gmt":"2025-10-09T21:33:02","slug":"trabalho-desenvolvido-em-rede-em-adamantina-e-tema-do-ii-encontro-de-gestores-municipais-de-assistencia-social","status":"publish","type":"post","link":"https:\/\/radiolifefm.com.br\/noticias\/trabalho-desenvolvido-em-rede-em-adamantina-e-tema-do-ii-encontro-de-gestores-municipais-de-assistencia-social\/","title":{"rendered":"Trabalho desenvolvido em rede em Adamantina \u00e9 tema do II Encontro de Gestores Municipais de Assist\u00eancia Social"},"content":{"rendered":"<div id=\"fb-root\"><\/div>\n<p><span style=\"color: #000000;font-family: arial, sans-serif\">Com o objetivo de partilhar a experi\u00eancia e o conhecimento adquirido no desenvolvimento da articula\u00e7\u00e3o e do trabalho em rede, a secret\u00e1ria de Assist\u00eancia Social, Andreia Regina Ribeiro, realizou uma apresenta\u00e7\u00e3o do trabalho desenvolvimento em Adamantina no II Encontro de Gestores Municipais de Assist\u00eancia Social que foi realizado na cidade de Tupi Paulista.<\/p>\n<p>Em sua apresenta\u00e7\u00e3o, Andreia relembrou que o trabalho em rede teve in\u00edcio em 2018 com as reuni\u00f5es da rede de prote\u00e7\u00e3o \u00e0 crian\u00e7a e ao adolescente.<\/p>\n<p>\u201cPara a execu\u00e7\u00e3o, fizemos um planejamento tendo como foco dar prioridade para as a\u00e7\u00f5es que fossem realizadas por meio das organiza\u00e7\u00f5es dos servi\u00e7os, dos projetos e dos programas que tem v\u00ednculo com a secretaria\u201d, explica.<\/p>\n<p>Al\u00e9m disso, ela pontuou para os gestores de 22 munic\u00edpios da Alta Paulista que estavam presentes que foi necess\u00e1rio fazer com que os fluxos internos e externos de cada servi\u00e7o ganhassem organiza\u00e7\u00e3o.<\/p>\n<p>A partir da\u00ed, foi poss\u00edvel criar o fluxograma de atendimento da rede de prote\u00e7\u00e3o social de m\u00e9dia e alta complexidade para crian\u00e7as e adolescentes, o fluxograma do servi\u00e7o de fortalecimento de v\u00ednculos, vinculado ao CRAS, fluxograma de atendimento da b\u00e1sica, m\u00e9dia e alta complexidade dos adultos, idosos e seus familiares.<\/p>\n<p>Ela lembra que com a pandemia alguns atendimentos foram paralisados, mas que desde o in\u00edcio do ano, o \u00f3rg\u00e3o gestor vem realizando reuni\u00f5es a fim de retomar as a\u00e7\u00f5es sempre tendo como foco o melhor atendimento do p\u00fablico ao qual se destina.<\/p>\n<p>\u201cO trabalho articulado em rede n\u00e3o \u00e9 f\u00e1cil, pois envolve tanto a rede direta que s\u00e3o as Unidades Governamentais como a Rede Indireta que s\u00e3o as Entidades e os conselhos de pol\u00edticas p\u00fablicas, por\u00e9m a partir do momento que ele come\u00e7a a ser executado, todos os envolvidos e aqueles que necessitam passam a ser beneficiados\u201d, assegura.<\/p>\n<p>A secret\u00e1ria afirma que \u00e9 fundamental exercitar a interdepend\u00eancia e reciprocidade. \u00a0\u201cSomente assim constru\u00edmos nossas a\u00e7\u00f5es de forma integrada atrav\u00e9s de protocolos criados e formalizados\u201d, finaliza.<br \/><\/span><\/p>\n<div><span style=\"color: #000000;font-family: arial, sans-serif\">\u00a0<\/span><\/div>\n<p><span style=\"color: #000000;font-family: arial, sans-serif\"><b>Relembre<\/b><br \/>\nO Encontro de Gestores teve o seu primeiro encontro realizado em Adamantina no dia 13 de maio. Na oportunidade, a reuni\u00e3o contou com a presen\u00e7a de representantes dos 22 munic\u00edpios que integram a Nova Alta Paulista.<\/p>\n<p>O objetivo da a\u00e7\u00e3o \u00e9 estabelecer um contato mais pr\u00f3ximo entre os gestores que est\u00e3o \u00e0 frente das pastas e dos equipamentos que est\u00e3o vinculados \u00e0s secretarias de assist\u00eancia social dos munic\u00edpios.<\/p>\n<p>A palestra ministrada pela secretaria de Assist\u00eancia Social, Andreia Regina Ribeiro, integra o cronograma com temas e datas que foi estabelecida no I Encontro de Gestores. A a\u00e7\u00e3o vai visitar os munic\u00edpios levando palestrantes de temas pertinentes a \u00e1rea de atua\u00e7\u00e3o.<\/span><\/p>\n<p>&nbsp;<\/p>\n<p>Fonte: Assessoria de Imprensa<\/p>\n","protected":false},"excerpt":{"rendered":"<p>Com o objetivo de partilhar a experi\u00eancia e o conhecimento adquirido no desenvolvimento da articula\u00e7\u00e3o e do trabalho em rede, a secret\u00e1ria de Assist\u00eancia Social, Andreia Regina Ribeiro, realizou uma apresenta\u00e7\u00e3o do trabalho desenvolvimento em Adamantina no II Encontro de Gestores Municipais de Assist\u00eancia Social que foi realizado na cidade de Tupi Paulista. Em sua [&hellip;]<\/p>\n","protected":false},"author":13,"featured_media":56005,"comment_status":"closed","ping_status":"open","sticky":false,"template":"","format":"standard","meta":{"_acf_changed":false,"_exactmetrics_skip_tracking":false,"_exactmetrics_sitenote_active":false,"_exactmetrics_sitenote_note":"","_exactmetrics_sitenote_category":0,"footnotes":""},"categories":[21],"tags":[],"class_list":["post-56004","post","type-post","status-publish","format-standard","has-post-thumbnail","hentry","category-adamantina"],"acf":[],"yoast_head":"<!-- This site is optimized with the Yoast SEO plugin v27.2 - https:\/\/yoast.com\/product\/yoast-seo-wordpress\/ -->\n<title>Trabalho desenvolvido em rede em Adamantina \u00e9 tema do II Encontro de Gestores Municipais de Assist\u00eancia Social - R\u00e1dio Life FM<\/title>\n<meta name=\"robots\" content=\"index, follow, max-snippet:-1, max-image-preview:large, max-video-preview:-1\" \/>\n<link rel=\"canonical\" href=\"https:\/\/radiolifefm.com.br\/noticias\/trabalho-desenvolvido-em-rede-em-adamantina-e-tema-do-ii-encontro-de-gestores-municipais-de-assistencia-social\/\" \/>\n<meta property=\"og:locale\" content=\"pt_BR\" \/>\n<meta property=\"og:type\" content=\"article\" \/>\n<meta property=\"og:title\" content=\"Trabalho desenvolvido em rede em Adamantina \u00e9 tema do II Encontro de Gestores Municipais de Assist\u00eancia Social - R\u00e1dio Life FM\" \/>\n<meta property=\"og:description\" content=\"Com o objetivo de partilhar a experi\u00eancia e o conhecimento adquirido no desenvolvimento da articula\u00e7\u00e3o e do trabalho em rede, a secret\u00e1ria de Assist\u00eancia Social, Andreia Regina Ribeiro, realizou uma apresenta\u00e7\u00e3o do trabalho desenvolvimento em Adamantina no II Encontro de Gestores Municipais de Assist\u00eancia Social que foi realizado na cidade de Tupi Paulista. Em sua [&hellip;]\" \/>\n<meta property=\"og:url\" content=\"https:\/\/radiolifefm.com.br\/noticias\/trabalho-desenvolvido-em-rede-em-adamantina-e-tema-do-ii-encontro-de-gestores-municipais-de-assistencia-social\/\" \/>\n<meta property=\"og:site_name\" content=\"R\u00e1dio Life FM\" \/>\n<meta property=\"article:publisher\" content=\"https:\/\/www.facebook.com\/radiolifefm\/\" \/>\n<meta property=\"article:published_time\" content=\"2022-07-18T18:18:52+00:00\" \/>\n<meta property=\"article:modified_time\" content=\"2025-10-09T21:33:02+00:00\" \/>\n<meta property=\"og:image\" content=\"https:\/\/static.radiolifefm.com.br\/noticias\/wp-content\/uploads\/2022\/07\/foto-1.jpeg\" \/>\n\t<meta property=\"og:image:width\" content=\"1199\" \/>\n\t<meta property=\"og:image:height\" content=\"989\" \/>\n\t<meta property=\"og:image:type\" content=\"image\/jpeg\" \/>\n<meta name=\"author\" content=\"ritanery\" \/>\n<meta name=\"twitter:card\" content=\"summary_large_image\" \/>\n<meta name=\"twitter:label1\" content=\"Escrito por\" \/>\n\t<meta name=\"twitter:data1\" content=\"ritanery\" \/>\n\t<meta name=\"twitter:label2\" content=\"Est. tempo de leitura\" \/>\n\t<meta name=\"twitter:data2\" content=\"3 minutos\" \/>\n<script type=\"application\/ld+json\" class=\"yoast-schema-graph\">{\"@context\":\"https:\/\/schema.org\",\"@graph\":[{\"@type\":\"Article\",\"@id\":\"https:\/\/radiolifefm.com.br\/noticias\/trabalho-desenvolvido-em-rede-em-adamantina-e-tema-do-ii-encontro-de-gestores-municipais-de-assistencia-social\/#article\",\"isPartOf\":{\"@id\":\"https:\/\/radiolifefm.com.br\/noticias\/trabalho-desenvolvido-em-rede-em-adamantina-e-tema-do-ii-encontro-de-gestores-municipais-de-assistencia-social\/\"},\"author\":{\"name\":\"ritanery\",\"@id\":\"https:\/\/radiolifefm.com.br\/noticias\/#\/schema\/person\/6339b9fac59d12b071dec680d7375d87\"},\"headline\":\"Trabalho desenvolvido em rede em Adamantina \u00e9 tema do II Encontro de Gestores Municipais de Assist\u00eancia Social\",\"datePublished\":\"2022-07-18T18:18:52+00:00\",\"dateModified\":\"2025-10-09T21:33:02+00:00\",\"mainEntityOfPage\":{\"@id\":\"https:\/\/radiolifefm.com.br\/noticias\/trabalho-desenvolvido-em-rede-em-adamantina-e-tema-do-ii-encontro-de-gestores-municipais-de-assistencia-social\/\"},\"wordCount\":503,\"publisher\":{\"@id\":\"https:\/\/radiolifefm.com.br\/noticias\/#organization\"},\"image\":{\"@id\":\"https:\/\/radiolifefm.com.br\/noticias\/trabalho-desenvolvido-em-rede-em-adamantina-e-tema-do-ii-encontro-de-gestores-municipais-de-assistencia-social\/#primaryimage\"},\"thumbnailUrl\":\"https:\/\/radiolifefm.com.br\/noticias\/wp-content\/uploads\/2022\/07\/foto-1.jpeg\",\"articleSection\":[\"Adamantina\"],\"inLanguage\":\"pt-BR\"},{\"@type\":\"WebPage\",\"@id\":\"https:\/\/radiolifefm.com.br\/noticias\/trabalho-desenvolvido-em-rede-em-adamantina-e-tema-do-ii-encontro-de-gestores-municipais-de-assistencia-social\/\",\"url\":\"https:\/\/radiolifefm.com.br\/noticias\/trabalho-desenvolvido-em-rede-em-adamantina-e-tema-do-ii-encontro-de-gestores-municipais-de-assistencia-social\/\",\"name\":\"Trabalho desenvolvido em rede em Adamantina \u00e9 tema do II Encontro de Gestores Municipais de Assist\u00eancia Social - R\u00e1dio Life FM\",\"isPartOf\":{\"@id\":\"https:\/\/radiolifefm.com.br\/noticias\/#website\"},\"primaryImageOfPage\":{\"@id\":\"https:\/\/radiolifefm.com.br\/noticias\/trabalho-desenvolvido-em-rede-em-adamantina-e-tema-do-ii-encontro-de-gestores-municipais-de-assistencia-social\/#primaryimage\"},\"image\":{\"@id\":\"https:\/\/radiolifefm.com.br\/noticias\/trabalho-desenvolvido-em-rede-em-adamantina-e-tema-do-ii-encontro-de-gestores-municipais-de-assistencia-social\/#primaryimage\"},\"thumbnailUrl\":\"https:\/\/radiolifefm.com.br\/noticias\/wp-content\/uploads\/2022\/07\/foto-1.jpeg\",\"datePublished\":\"2022-07-18T18:18:52+00:00\",\"dateModified\":\"2025-10-09T21:33:02+00:00\",\"breadcrumb\":{\"@id\":\"https:\/\/radiolifefm.com.br\/noticias\/trabalho-desenvolvido-em-rede-em-adamantina-e-tema-do-ii-encontro-de-gestores-municipais-de-assistencia-social\/#breadcrumb\"},\"inLanguage\":\"pt-BR\",\"potentialAction\":[{\"@type\":\"ReadAction\",\"target\":[\"https:\/\/radiolifefm.com.br\/noticias\/trabalho-desenvolvido-em-rede-em-adamantina-e-tema-do-ii-encontro-de-gestores-municipais-de-assistencia-social\/\"]}]},{\"@type\":\"ImageObject\",\"inLanguage\":\"pt-BR\",\"@id\":\"https:\/\/radiolifefm.com.br\/noticias\/trabalho-desenvolvido-em-rede-em-adamantina-e-tema-do-ii-encontro-de-gestores-municipais-de-assistencia-social\/#primaryimage\",\"url\":\"https:\/\/radiolifefm.com.br\/noticias\/wp-content\/uploads\/2022\/07\/foto-1.jpeg\",\"contentUrl\":\"https:\/\/radiolifefm.com.br\/noticias\/wp-content\/uploads\/2022\/07\/foto-1.jpeg\",\"width\":1199,\"height\":989},{\"@type\":\"BreadcrumbList\",\"@id\":\"https:\/\/radiolifefm.com.br\/noticias\/trabalho-desenvolvido-em-rede-em-adamantina-e-tema-do-ii-encontro-de-gestores-municipais-de-assistencia-social\/#breadcrumb\",\"itemListElement\":[{\"@type\":\"ListItem\",\"position\":1,\"name\":\"In\u00edcio\",\"item\":\"https:\/\/radiolifefm.com.br\/noticias\/\"},{\"@type\":\"ListItem\",\"position\":2,\"name\":\"Trabalho desenvolvido em rede em Adamantina \u00e9 tema do II Encontro de Gestores Municipais de Assist\u00eancia Social\"}]},{\"@type\":\"WebSite\",\"@id\":\"https:\/\/radiolifefm.com.br\/noticias\/#website\",\"url\":\"https:\/\/radiolifefm.com.br\/noticias\/\",\"name\":\"R\u00e1dio Life FM\",\"description\":\"O Portal de Not\u00edcias de Adamantina\",\"publisher\":{\"@id\":\"https:\/\/radiolifefm.com.br\/noticias\/#organization\"},\"alternateName\":\"Life FM\",\"potentialAction\":[{\"@type\":\"SearchAction\",\"target\":{\"@type\":\"EntryPoint\",\"urlTemplate\":\"https:\/\/radiolifefm.com.br\/noticias\/?s={search_term_string}\"},\"query-input\":{\"@type\":\"PropertyValueSpecification\",\"valueRequired\":true,\"valueName\":\"search_term_string\"}}],\"inLanguage\":\"pt-BR\"},{\"@type\":\"Organization\",\"@id\":\"https:\/\/radiolifefm.com.br\/noticias\/#organization\",\"name\":\"R\u00e1dio Life FM\",\"alternateName\":\"Life FM\",\"url\":\"https:\/\/radiolifefm.com.br\/noticias\/\",\"logo\":{\"@type\":\"ImageObject\",\"inLanguage\":\"pt-BR\",\"@id\":\"https:\/\/radiolifefm.com.br\/noticias\/#\/schema\/logo\/image\/\",\"url\":\"https:\/\/static.radiolifefm.com.br\/noticias\/wp-content\/uploads\/2019\/10\/logo-lifefm.png\",\"contentUrl\":\"https:\/\/static.radiolifefm.com.br\/noticias\/wp-content\/uploads\/2019\/10\/logo-lifefm.png\",\"width\":196,\"height\":47,\"caption\":\"R\u00e1dio Life FM\"},\"image\":{\"@id\":\"https:\/\/radiolifefm.com.br\/noticias\/#\/schema\/logo\/image\/\"},\"sameAs\":[\"https:\/\/www.facebook.com\/radiolifefm\/\",\"https:\/\/www.instagram.com\/life1079fm\/\"]},{\"@type\":\"Person\",\"@id\":\"https:\/\/radiolifefm.com.br\/noticias\/#\/schema\/person\/6339b9fac59d12b071dec680d7375d87\",\"name\":\"ritanery\",\"image\":{\"@type\":\"ImageObject\",\"inLanguage\":\"pt-BR\",\"@id\":\"https:\/\/secure.gravatar.com\/avatar\/0e37bb19071f47c0b8a23f62a903df117c5a0e75f65a0c2901562f97cd41cf86?s=96&d=mm&r=g\",\"url\":\"https:\/\/secure.gravatar.com\/avatar\/0e37bb19071f47c0b8a23f62a903df117c5a0e75f65a0c2901562f97cd41cf86?s=96&d=mm&r=g\",\"contentUrl\":\"https:\/\/secure.gravatar.com\/avatar\/0e37bb19071f47c0b8a23f62a903df117c5a0e75f65a0c2901562f97cd41cf86?s=96&d=mm&r=g\",\"caption\":\"ritanery\"}}]}<\/script>\n<!-- \/ Yoast SEO plugin. -->","yoast_head_json":{"title":"Trabalho desenvolvido em rede em Adamantina \u00e9 tema do II Encontro de Gestores Municipais de Assist\u00eancia Social - R\u00e1dio Life FM","robots":{"index":"index","follow":"follow","max-snippet":"max-snippet:-1","max-image-preview":"max-image-preview:large","max-video-preview":"max-video-preview:-1"},"canonical":"https:\/\/radiolifefm.com.br\/noticias\/trabalho-desenvolvido-em-rede-em-adamantina-e-tema-do-ii-encontro-de-gestores-municipais-de-assistencia-social\/","og_locale":"pt_BR","og_type":"article","og_title":"Trabalho desenvolvido em rede em Adamantina \u00e9 tema do II Encontro de Gestores Municipais de Assist\u00eancia Social - R\u00e1dio Life FM","og_description":"Com o objetivo de partilhar a experi\u00eancia e o conhecimento adquirido no desenvolvimento da articula\u00e7\u00e3o e do trabalho em rede, a secret\u00e1ria de Assist\u00eancia Social, Andreia Regina Ribeiro, realizou uma apresenta\u00e7\u00e3o do trabalho desenvolvimento em Adamantina no II Encontro de Gestores Municipais de Assist\u00eancia Social que foi realizado na cidade de Tupi Paulista. Em sua [&hellip;]","og_url":"https:\/\/radiolifefm.com.br\/noticias\/trabalho-desenvolvido-em-rede-em-adamantina-e-tema-do-ii-encontro-de-gestores-municipais-de-assistencia-social\/","og_site_name":"R\u00e1dio Life FM","article_publisher":"https:\/\/www.facebook.com\/radiolifefm\/","article_published_time":"2022-07-18T18:18:52+00:00","article_modified_time":"2025-10-09T21:33:02+00:00","og_image":[{"width":1199,"height":989,"url":"https:\/\/static.radiolifefm.com.br\/noticias\/wp-content\/uploads\/2022\/07\/foto-1.jpeg","type":"image\/jpeg"}],"author":"ritanery","twitter_card":"summary_large_image","twitter_misc":{"Escrito por":"ritanery","Est. tempo de leitura":"3 minutos"},"schema":{"@context":"https:\/\/schema.org","@graph":[{"@type":"Article","@id":"https:\/\/radiolifefm.com.br\/noticias\/trabalho-desenvolvido-em-rede-em-adamantina-e-tema-do-ii-encontro-de-gestores-municipais-de-assistencia-social\/#article","isPartOf":{"@id":"https:\/\/radiolifefm.com.br\/noticias\/trabalho-desenvolvido-em-rede-em-adamantina-e-tema-do-ii-encontro-de-gestores-municipais-de-assistencia-social\/"},"author":{"name":"ritanery","@id":"https:\/\/radiolifefm.com.br\/noticias\/#\/schema\/person\/6339b9fac59d12b071dec680d7375d87"},"headline":"Trabalho desenvolvido em rede em Adamantina \u00e9 tema do II Encontro de Gestores Municipais de Assist\u00eancia Social","datePublished":"2022-07-18T18:18:52+00:00","dateModified":"2025-10-09T21:33:02+00:00","mainEntityOfPage":{"@id":"https:\/\/radiolifefm.com.br\/noticias\/trabalho-desenvolvido-em-rede-em-adamantina-e-tema-do-ii-encontro-de-gestores-municipais-de-assistencia-social\/"},"wordCount":503,"publisher":{"@id":"https:\/\/radiolifefm.com.br\/noticias\/#organization"},"image":{"@id":"https:\/\/radiolifefm.com.br\/noticias\/trabalho-desenvolvido-em-rede-em-adamantina-e-tema-do-ii-encontro-de-gestores-municipais-de-assistencia-social\/#primaryimage"},"thumbnailUrl":"https:\/\/radiolifefm.com.br\/noticias\/wp-content\/uploads\/2022\/07\/foto-1.jpeg","articleSection":["Adamantina"],"inLanguage":"pt-BR"},{"@type":"WebPage","@id":"https:\/\/radiolifefm.com.br\/noticias\/trabalho-desenvolvido-em-rede-em-adamantina-e-tema-do-ii-encontro-de-gestores-municipais-de-assistencia-social\/","url":"https:\/\/radiolifefm.com.br\/noticias\/trabalho-desenvolvido-em-rede-em-adamantina-e-tema-do-ii-encontro-de-gestores-municipais-de-assistencia-social\/","name":"Trabalho desenvolvido em rede em Adamantina \u00e9 tema do II Encontro de Gestores Municipais de Assist\u00eancia Social - R\u00e1dio Life FM","isPartOf":{"@id":"https:\/\/radiolifefm.com.br\/noticias\/#website"},"primaryImageOfPage":{"@id":"https:\/\/radiolifefm.com.br\/noticias\/trabalho-desenvolvido-em-rede-em-adamantina-e-tema-do-ii-encontro-de-gestores-municipais-de-assistencia-social\/#primaryimage"},"image":{"@id":"https:\/\/radiolifefm.com.br\/noticias\/trabalho-desenvolvido-em-rede-em-adamantina-e-tema-do-ii-encontro-de-gestores-municipais-de-assistencia-social\/#primaryimage"},"thumbnailUrl":"https:\/\/radiolifefm.com.br\/noticias\/wp-content\/uploads\/2022\/07\/foto-1.jpeg","datePublished":"2022-07-18T18:18:52+00:00","dateModified":"2025-10-09T21:33:02+00:00","breadcrumb":{"@id":"https:\/\/radiolifefm.com.br\/noticias\/trabalho-desenvolvido-em-rede-em-adamantina-e-tema-do-ii-encontro-de-gestores-municipais-de-assistencia-social\/#breadcrumb"},"inLanguage":"pt-BR","potentialAction":[{"@type":"ReadAction","target":["https:\/\/radiolifefm.com.br\/noticias\/trabalho-desenvolvido-em-rede-em-adamantina-e-tema-do-ii-encontro-de-gestores-municipais-de-assistencia-social\/"]}]},{"@type":"ImageObject","inLanguage":"pt-BR","@id":"https:\/\/radiolifefm.com.br\/noticias\/trabalho-desenvolvido-em-rede-em-adamantina-e-tema-do-ii-encontro-de-gestores-municipais-de-assistencia-social\/#primaryimage","url":"https:\/\/radiolifefm.com.br\/noticias\/wp-content\/uploads\/2022\/07\/foto-1.jpeg","contentUrl":"https:\/\/radiolifefm.com.br\/noticias\/wp-content\/uploads\/2022\/07\/foto-1.jpeg","width":1199,"height":989},{"@type":"BreadcrumbList","@id":"https:\/\/radiolifefm.com.br\/noticias\/trabalho-desenvolvido-em-rede-em-adamantina-e-tema-do-ii-encontro-de-gestores-municipais-de-assistencia-social\/#breadcrumb","itemListElement":[{"@type":"ListItem","position":1,"name":"In\u00edcio","item":"https:\/\/radiolifefm.com.br\/noticias\/"},{"@type":"ListItem","position":2,"name":"Trabalho desenvolvido em rede em Adamantina \u00e9 tema do II Encontro de Gestores Municipais de Assist\u00eancia Social"}]},{"@type":"WebSite","@id":"https:\/\/radiolifefm.com.br\/noticias\/#website","url":"https:\/\/radiolifefm.com.br\/noticias\/","name":"R\u00e1dio Life FM","description":"O Portal de Not\u00edcias de Adamantina","publisher":{"@id":"https:\/\/radiolifefm.com.br\/noticias\/#organization"},"alternateName":"Life FM","potentialAction":[{"@type":"SearchAction","target":{"@type":"EntryPoint","urlTemplate":"https:\/\/radiolifefm.com.br\/noticias\/?s={search_term_string}"},"query-input":{"@type":"PropertyValueSpecification","valueRequired":true,"valueName":"search_term_string"}}],"inLanguage":"pt-BR"},{"@type":"Organization","@id":"https:\/\/radiolifefm.com.br\/noticias\/#organization","name":"R\u00e1dio Life FM","alternateName":"Life FM","url":"https:\/\/radiolifefm.com.br\/noticias\/","logo":{"@type":"ImageObject","inLanguage":"pt-BR","@id":"https:\/\/radiolifefm.com.br\/noticias\/#\/schema\/logo\/image\/","url":"https:\/\/static.radiolifefm.com.br\/noticias\/wp-content\/uploads\/2019\/10\/logo-lifefm.png","contentUrl":"https:\/\/static.radiolifefm.com.br\/noticias\/wp-content\/uploads\/2019\/10\/logo-lifefm.png","width":196,"height":47,"caption":"R\u00e1dio Life FM"},"image":{"@id":"https:\/\/radiolifefm.com.br\/noticias\/#\/schema\/logo\/image\/"},"sameAs":["https:\/\/www.facebook.com\/radiolifefm\/","https:\/\/www.instagram.com\/life1079fm\/"]},{"@type":"Person","@id":"https:\/\/radiolifefm.com.br\/noticias\/#\/schema\/person\/6339b9fac59d12b071dec680d7375d87","name":"ritanery","image":{"@type":"ImageObject","inLanguage":"pt-BR","@id":"https:\/\/secure.gravatar.com\/avatar\/0e37bb19071f47c0b8a23f62a903df117c5a0e75f65a0c2901562f97cd41cf86?s=96&d=mm&r=g","url":"https:\/\/secure.gravatar.com\/avatar\/0e37bb19071f47c0b8a23f62a903df117c5a0e75f65a0c2901562f97cd41cf86?s=96&d=mm&r=g","contentUrl":"https:\/\/secure.gravatar.com\/avatar\/0e37bb19071f47c0b8a23f62a903df117c5a0e75f65a0c2901562f97cd41cf86?s=96&d=mm&r=g","caption":"ritanery"}}]}},"amp_enabled":true,"_links":{"self":[{"href":"https:\/\/radiolifefm.com.br\/noticias\/wp-json\/wp\/v2\/posts\/56004","targetHints":{"allow":["GET"]}}],"collection":[{"href":"https:\/\/radiolifefm.com.br\/noticias\/wp-json\/wp\/v2\/posts"}],"about":[{"href":"https:\/\/radiolifefm.com.br\/noticias\/wp-json\/wp\/v2\/types\/post"}],"author":[{"embeddable":true,"href":"https:\/\/radiolifefm.com.br\/noticias\/wp-json\/wp\/v2\/users\/13"}],"replies":[{"embeddable":true,"href":"https:\/\/radiolifefm.com.br\/noticias\/wp-json\/wp\/v2\/comments?post=56004"}],"version-history":[{"count":3,"href":"https:\/\/radiolifefm.com.br\/noticias\/wp-json\/wp\/v2\/posts\/56004\/revisions"}],"predecessor-version":[{"id":56007,"href":"https:\/\/radiolifefm.com.br\/noticias\/wp-json\/wp\/v2\/posts\/56004\/revisions\/56007"}],"wp:featuredmedia":[{"embeddable":true,"href":"https:\/\/radiolifefm.com.br\/noticias\/wp-json\/wp\/v2\/media\/56005"}],"wp:attachment":[{"href":"https:\/\/radiolifefm.com.br\/noticias\/wp-json\/wp\/v2\/media?parent=56004"}],"wp:term":[{"taxonomy":"category","embeddable":true,"href":"https:\/\/radiolifefm.com.br\/noticias\/wp-json\/wp\/v2\/categories?post=56004"},{"taxonomy":"post_tag","embeddable":true,"href":"https:\/\/radiolifefm.com.br\/noticias\/wp-json\/wp\/v2\/tags?post=56004"}],"curies":[{"name":"wp","href":"https:\/\/api.w.org\/{rel}","templated":true}]}}