{"id":55860,"date":"2022-07-14T21:27:53","date_gmt":"2022-07-15T00:27:53","guid":{"rendered":"https:\/\/radiolifefm.com.br\/noticias\/?p=55860"},"modified":"2026-04-09T22:15:07","modified_gmt":"2026-04-10T01:15:07","slug":"secretaria-de-assistencia-social-promove-agendamento-para-atualizacao-dos-dados-no-cadunico","status":"publish","type":"post","link":"https:\/\/radiolifefm.com.br\/noticias\/secretaria-de-assistencia-social-promove-agendamento-para-atualizacao-dos-dados-no-cadunico\/","title":{"rendered":"Secretaria de Assist\u00eancia Social promove agendamento para atualiza\u00e7\u00e3o dos dados no Cad\u00danico"},"content":{"rendered":"<div id=\"fb-root\"><\/div>\n<p style=\"font-weight: 400\">Com o objetivo de atualizar o cadastro daqueles que integram a base de dados do Cad\u00danico e que est\u00e3o h\u00e1 mais de dois anos sem verificar as informa\u00e7\u00f5es dispon\u00edveis no sistema, a Prefeitura de Adamantina, por meio da Secretaria de Assist\u00eancia Social, inicia a partir de segunda-feira (18), o agendamento.<\/p>\n<p style=\"font-weight: 400\">\n<p style=\"font-weight: 400\">O agendamento deve ser feito de forma presencial na Secretaria de Assist\u00eancia Social que funciona das 7h \u00e0s 11h e das 13h \u00e0s 17h. Ap\u00f3s o agendamento, as pessoas dever\u00e3o comparecer na data escolhida com os documentos informados para que a equipe promova a atualiza\u00e7\u00e3o dos dados no sistema.<\/p>\n<p style=\"font-weight: 400\">\n<p style=\"font-weight: 400\">Ao todo, de acordo com a pasta, cerca de 600 pessoas precisam passar pelo \u00f3rg\u00e3o gestor para fazer a atualiza\u00e7\u00e3o.<\/p>\n<p style=\"font-weight: 400\">\n<p style=\"font-weight: 400\">\u201cPedimos que as pessoas compare\u00e7am e fa\u00e7am o agendamento e na data marcada estejam aqui, pois essa medida vai evitar que os benef\u00edcios que s\u00e3o pagos por meio do cadastramento sejam bloqueados\u201d, explica a secretaria de assist\u00eancia social, Andreia Regina Ribeiro.<\/p>\n<p style=\"font-weight: 400\">\n<p style=\"font-weight: 400\">Devido a necessidade de atualizar os dados at\u00e9 o m\u00eas de outubro, a Secretaria de Assist\u00eancia Social atuar\u00e1 de forma exclusiva a esse servi\u00e7o. A realiza\u00e7\u00e3o dos novos cadastrados est\u00e1 suspensa.<\/p>\n<p>&nbsp;<\/p>\n<p>Fonte: Assessoria de Imprensa<\/p>\n","protected":false},"excerpt":{"rendered":"<p>Com o objetivo de atualizar o cadastro daqueles que integram a base de dados do Cad\u00danico e que est\u00e3o h\u00e1 mais de dois anos sem verificar as informa\u00e7\u00f5es dispon\u00edveis no sistema, a Prefeitura de Adamantina, por meio da Secretaria de Assist\u00eancia Social, inicia a partir de segunda-feira (18), o agendamento. O agendamento deve ser feito [&hellip;]<\/p>\n","protected":false},"author":13,"featured_media":55861,"comment_status":"closed","ping_status":"open","sticky":false,"template":"","format":"standard","meta":{"_acf_changed":false,"_exactmetrics_skip_tracking":false,"_exactmetrics_sitenote_active":false,"_exactmetrics_sitenote_note":"","_exactmetrics_sitenote_category":0,"footnotes":""},"categories":[21],"tags":[],"class_list":["post-55860","post","type-post","status-publish","format-standard","has-post-thumbnail","hentry","category-adamantina"],"acf":[],"yoast_head":"<!-- This site is optimized with the Yoast SEO plugin v27.2 - https:\/\/yoast.com\/product\/yoast-seo-wordpress\/ -->\n<title>Secretaria de Assist\u00eancia Social promove agendamento para atualiza\u00e7\u00e3o dos dados no Cad\u00danico - R\u00e1dio Life FM<\/title>\n<meta name=\"robots\" content=\"index, follow, max-snippet:-1, max-image-preview:large, max-video-preview:-1\" \/>\n<link rel=\"canonical\" href=\"https:\/\/radiolifefm.com.br\/noticias\/secretaria-de-assistencia-social-promove-agendamento-para-atualizacao-dos-dados-no-cadunico\/\" \/>\n<meta property=\"og:locale\" content=\"pt_BR\" \/>\n<meta property=\"og:type\" content=\"article\" \/>\n<meta property=\"og:title\" content=\"Secretaria de Assist\u00eancia Social promove agendamento para atualiza\u00e7\u00e3o dos dados no Cad\u00danico - R\u00e1dio Life FM\" \/>\n<meta property=\"og:description\" content=\"Com o objetivo de atualizar o cadastro daqueles que integram a base de dados do Cad\u00danico e que est\u00e3o h\u00e1 mais de dois anos sem verificar as informa\u00e7\u00f5es dispon\u00edveis no sistema, a Prefeitura de Adamantina, por meio da Secretaria de Assist\u00eancia Social, inicia a partir de segunda-feira (18), o agendamento. O agendamento deve ser feito [&hellip;]\" \/>\n<meta property=\"og:url\" content=\"https:\/\/radiolifefm.com.br\/noticias\/secretaria-de-assistencia-social-promove-agendamento-para-atualizacao-dos-dados-no-cadunico\/\" \/>\n<meta property=\"og:site_name\" content=\"R\u00e1dio Life FM\" \/>\n<meta property=\"article:publisher\" content=\"https:\/\/www.facebook.com\/radiolifefm\/\" \/>\n<meta property=\"article:published_time\" content=\"2022-07-15T00:27:53+00:00\" \/>\n<meta property=\"article:modified_time\" content=\"2026-04-10T01:15:07+00:00\" \/>\n<meta property=\"og:image\" content=\"https:\/\/radiolifefm.com.br\/noticias\/wp-content\/uploads\/2022\/07\/cadastro-unico.jpg\" \/>\n\t<meta property=\"og:image:width\" content=\"785\" \/>\n\t<meta property=\"og:image:height\" content=\"466\" \/>\n\t<meta property=\"og:image:type\" content=\"image\/jpeg\" \/>\n<meta name=\"author\" content=\"ritanery\" \/>\n<meta name=\"twitter:card\" content=\"summary_large_image\" \/>\n<meta name=\"twitter:label1\" content=\"Escrito por\" \/>\n\t<meta name=\"twitter:data1\" content=\"ritanery\" \/>\n\t<meta name=\"twitter:label2\" content=\"Est. tempo de leitura\" \/>\n\t<meta name=\"twitter:data2\" content=\"2 minutos\" \/>\n<script type=\"application\/ld+json\" class=\"yoast-schema-graph\">{\"@context\":\"https:\/\/schema.org\",\"@graph\":[{\"@type\":\"Article\",\"@id\":\"https:\/\/radiolifefm.com.br\/noticias\/secretaria-de-assistencia-social-promove-agendamento-para-atualizacao-dos-dados-no-cadunico\/#article\",\"isPartOf\":{\"@id\":\"https:\/\/radiolifefm.com.br\/noticias\/secretaria-de-assistencia-social-promove-agendamento-para-atualizacao-dos-dados-no-cadunico\/\"},\"author\":{\"name\":\"ritanery\",\"@id\":\"https:\/\/radiolifefm.com.br\/noticias\/#\/schema\/person\/6339b9fac59d12b071dec680d7375d87\"},\"headline\":\"Secretaria de Assist\u00eancia Social promove agendamento para atualiza\u00e7\u00e3o dos dados no Cad\u00danico\",\"datePublished\":\"2022-07-15T00:27:53+00:00\",\"dateModified\":\"2026-04-10T01:15:07+00:00\",\"mainEntityOfPage\":{\"@id\":\"https:\/\/radiolifefm.com.br\/noticias\/secretaria-de-assistencia-social-promove-agendamento-para-atualizacao-dos-dados-no-cadunico\/\"},\"wordCount\":229,\"publisher\":{\"@id\":\"https:\/\/radiolifefm.com.br\/noticias\/#organization\"},\"image\":{\"@id\":\"https:\/\/radiolifefm.com.br\/noticias\/secretaria-de-assistencia-social-promove-agendamento-para-atualizacao-dos-dados-no-cadunico\/#primaryimage\"},\"thumbnailUrl\":\"https:\/\/radiolifefm.com.br\/noticias\/wp-content\/uploads\/2022\/07\/cadastro-unico.jpg\",\"articleSection\":[\"Adamantina\"],\"inLanguage\":\"pt-BR\"},{\"@type\":\"WebPage\",\"@id\":\"https:\/\/radiolifefm.com.br\/noticias\/secretaria-de-assistencia-social-promove-agendamento-para-atualizacao-dos-dados-no-cadunico\/\",\"url\":\"https:\/\/radiolifefm.com.br\/noticias\/secretaria-de-assistencia-social-promove-agendamento-para-atualizacao-dos-dados-no-cadunico\/\",\"name\":\"Secretaria de Assist\u00eancia Social promove agendamento para atualiza\u00e7\u00e3o dos dados no Cad\u00danico - R\u00e1dio Life FM\",\"isPartOf\":{\"@id\":\"https:\/\/radiolifefm.com.br\/noticias\/#website\"},\"primaryImageOfPage\":{\"@id\":\"https:\/\/radiolifefm.com.br\/noticias\/secretaria-de-assistencia-social-promove-agendamento-para-atualizacao-dos-dados-no-cadunico\/#primaryimage\"},\"image\":{\"@id\":\"https:\/\/radiolifefm.com.br\/noticias\/secretaria-de-assistencia-social-promove-agendamento-para-atualizacao-dos-dados-no-cadunico\/#primaryimage\"},\"thumbnailUrl\":\"https:\/\/radiolifefm.com.br\/noticias\/wp-content\/uploads\/2022\/07\/cadastro-unico.jpg\",\"datePublished\":\"2022-07-15T00:27:53+00:00\",\"dateModified\":\"2026-04-10T01:15:07+00:00\",\"breadcrumb\":{\"@id\":\"https:\/\/radiolifefm.com.br\/noticias\/secretaria-de-assistencia-social-promove-agendamento-para-atualizacao-dos-dados-no-cadunico\/#breadcrumb\"},\"inLanguage\":\"pt-BR\",\"potentialAction\":[{\"@type\":\"ReadAction\",\"target\":[\"https:\/\/radiolifefm.com.br\/noticias\/secretaria-de-assistencia-social-promove-agendamento-para-atualizacao-dos-dados-no-cadunico\/\"]}]},{\"@type\":\"ImageObject\",\"inLanguage\":\"pt-BR\",\"@id\":\"https:\/\/radiolifefm.com.br\/noticias\/secretaria-de-assistencia-social-promove-agendamento-para-atualizacao-dos-dados-no-cadunico\/#primaryimage\",\"url\":\"https:\/\/radiolifefm.com.br\/noticias\/wp-content\/uploads\/2022\/07\/cadastro-unico.jpg\",\"contentUrl\":\"https:\/\/radiolifefm.com.br\/noticias\/wp-content\/uploads\/2022\/07\/cadastro-unico.jpg\",\"width\":785,\"height\":466,\"caption\":\"Agendamento deve ser feito pessoalmente na pasta\"},{\"@type\":\"BreadcrumbList\",\"@id\":\"https:\/\/radiolifefm.com.br\/noticias\/secretaria-de-assistencia-social-promove-agendamento-para-atualizacao-dos-dados-no-cadunico\/#breadcrumb\",\"itemListElement\":[{\"@type\":\"ListItem\",\"position\":1,\"name\":\"In\u00edcio\",\"item\":\"https:\/\/radiolifefm.com.br\/noticias\/\"},{\"@type\":\"ListItem\",\"position\":2,\"name\":\"Secretaria de Assist\u00eancia Social promove agendamento para atualiza\u00e7\u00e3o dos dados no Cad\u00danico\"}]},{\"@type\":\"WebSite\",\"@id\":\"https:\/\/radiolifefm.com.br\/noticias\/#website\",\"url\":\"https:\/\/radiolifefm.com.br\/noticias\/\",\"name\":\"R\u00e1dio Life FM\",\"description\":\"O Portal de Not\u00edcias de Adamantina\",\"publisher\":{\"@id\":\"https:\/\/radiolifefm.com.br\/noticias\/#organization\"},\"alternateName\":\"Life FM\",\"potentialAction\":[{\"@type\":\"SearchAction\",\"target\":{\"@type\":\"EntryPoint\",\"urlTemplate\":\"https:\/\/radiolifefm.com.br\/noticias\/?s={search_term_string}\"},\"query-input\":{\"@type\":\"PropertyValueSpecification\",\"valueRequired\":true,\"valueName\":\"search_term_string\"}}],\"inLanguage\":\"pt-BR\"},{\"@type\":\"Organization\",\"@id\":\"https:\/\/radiolifefm.com.br\/noticias\/#organization\",\"name\":\"R\u00e1dio Life FM\",\"alternateName\":\"Life FM\",\"url\":\"https:\/\/radiolifefm.com.br\/noticias\/\",\"logo\":{\"@type\":\"ImageObject\",\"inLanguage\":\"pt-BR\",\"@id\":\"https:\/\/radiolifefm.com.br\/noticias\/#\/schema\/logo\/image\/\",\"url\":\"https:\/\/static.radiolifefm.com.br\/noticias\/wp-content\/uploads\/2019\/10\/logo-lifefm.png\",\"contentUrl\":\"https:\/\/static.radiolifefm.com.br\/noticias\/wp-content\/uploads\/2019\/10\/logo-lifefm.png\",\"width\":196,\"height\":47,\"caption\":\"R\u00e1dio Life FM\"},\"image\":{\"@id\":\"https:\/\/radiolifefm.com.br\/noticias\/#\/schema\/logo\/image\/\"},\"sameAs\":[\"https:\/\/www.facebook.com\/radiolifefm\/\",\"https:\/\/www.instagram.com\/life1079fm\/\"]},{\"@type\":\"Person\",\"@id\":\"https:\/\/radiolifefm.com.br\/noticias\/#\/schema\/person\/6339b9fac59d12b071dec680d7375d87\",\"name\":\"ritanery\",\"image\":{\"@type\":\"ImageObject\",\"inLanguage\":\"pt-BR\",\"@id\":\"https:\/\/secure.gravatar.com\/avatar\/0e37bb19071f47c0b8a23f62a903df117c5a0e75f65a0c2901562f97cd41cf86?s=96&d=mm&r=g\",\"url\":\"https:\/\/secure.gravatar.com\/avatar\/0e37bb19071f47c0b8a23f62a903df117c5a0e75f65a0c2901562f97cd41cf86?s=96&d=mm&r=g\",\"contentUrl\":\"https:\/\/secure.gravatar.com\/avatar\/0e37bb19071f47c0b8a23f62a903df117c5a0e75f65a0c2901562f97cd41cf86?s=96&d=mm&r=g\",\"caption\":\"ritanery\"}}]}<\/script>\n<!-- \/ Yoast SEO plugin. -->","yoast_head_json":{"title":"Secretaria de Assist\u00eancia Social promove agendamento para atualiza\u00e7\u00e3o dos dados no Cad\u00danico - R\u00e1dio Life FM","robots":{"index":"index","follow":"follow","max-snippet":"max-snippet:-1","max-image-preview":"max-image-preview:large","max-video-preview":"max-video-preview:-1"},"canonical":"https:\/\/radiolifefm.com.br\/noticias\/secretaria-de-assistencia-social-promove-agendamento-para-atualizacao-dos-dados-no-cadunico\/","og_locale":"pt_BR","og_type":"article","og_title":"Secretaria de Assist\u00eancia Social promove agendamento para atualiza\u00e7\u00e3o dos dados no Cad\u00danico - R\u00e1dio Life FM","og_description":"Com o objetivo de atualizar o cadastro daqueles que integram a base de dados do Cad\u00danico e que est\u00e3o h\u00e1 mais de dois anos sem verificar as informa\u00e7\u00f5es dispon\u00edveis no sistema, a Prefeitura de Adamantina, por meio da Secretaria de Assist\u00eancia Social, inicia a partir de segunda-feira (18), o agendamento. O agendamento deve ser feito [&hellip;]","og_url":"https:\/\/radiolifefm.com.br\/noticias\/secretaria-de-assistencia-social-promove-agendamento-para-atualizacao-dos-dados-no-cadunico\/","og_site_name":"R\u00e1dio Life FM","article_publisher":"https:\/\/www.facebook.com\/radiolifefm\/","article_published_time":"2022-07-15T00:27:53+00:00","article_modified_time":"2026-04-10T01:15:07+00:00","og_image":[{"width":785,"height":466,"url":"https:\/\/radiolifefm.com.br\/noticias\/wp-content\/uploads\/2022\/07\/cadastro-unico.jpg","type":"image\/jpeg"}],"author":"ritanery","twitter_card":"summary_large_image","twitter_misc":{"Escrito por":"ritanery","Est. tempo de leitura":"2 minutos"},"schema":{"@context":"https:\/\/schema.org","@graph":[{"@type":"Article","@id":"https:\/\/radiolifefm.com.br\/noticias\/secretaria-de-assistencia-social-promove-agendamento-para-atualizacao-dos-dados-no-cadunico\/#article","isPartOf":{"@id":"https:\/\/radiolifefm.com.br\/noticias\/secretaria-de-assistencia-social-promove-agendamento-para-atualizacao-dos-dados-no-cadunico\/"},"author":{"name":"ritanery","@id":"https:\/\/radiolifefm.com.br\/noticias\/#\/schema\/person\/6339b9fac59d12b071dec680d7375d87"},"headline":"Secretaria de Assist\u00eancia Social promove agendamento para atualiza\u00e7\u00e3o dos dados no Cad\u00danico","datePublished":"2022-07-15T00:27:53+00:00","dateModified":"2026-04-10T01:15:07+00:00","mainEntityOfPage":{"@id":"https:\/\/radiolifefm.com.br\/noticias\/secretaria-de-assistencia-social-promove-agendamento-para-atualizacao-dos-dados-no-cadunico\/"},"wordCount":229,"publisher":{"@id":"https:\/\/radiolifefm.com.br\/noticias\/#organization"},"image":{"@id":"https:\/\/radiolifefm.com.br\/noticias\/secretaria-de-assistencia-social-promove-agendamento-para-atualizacao-dos-dados-no-cadunico\/#primaryimage"},"thumbnailUrl":"https:\/\/radiolifefm.com.br\/noticias\/wp-content\/uploads\/2022\/07\/cadastro-unico.jpg","articleSection":["Adamantina"],"inLanguage":"pt-BR"},{"@type":"WebPage","@id":"https:\/\/radiolifefm.com.br\/noticias\/secretaria-de-assistencia-social-promove-agendamento-para-atualizacao-dos-dados-no-cadunico\/","url":"https:\/\/radiolifefm.com.br\/noticias\/secretaria-de-assistencia-social-promove-agendamento-para-atualizacao-dos-dados-no-cadunico\/","name":"Secretaria de Assist\u00eancia Social promove agendamento para atualiza\u00e7\u00e3o dos dados no Cad\u00danico - R\u00e1dio Life FM","isPartOf":{"@id":"https:\/\/radiolifefm.com.br\/noticias\/#website"},"primaryImageOfPage":{"@id":"https:\/\/radiolifefm.com.br\/noticias\/secretaria-de-assistencia-social-promove-agendamento-para-atualizacao-dos-dados-no-cadunico\/#primaryimage"},"image":{"@id":"https:\/\/radiolifefm.com.br\/noticias\/secretaria-de-assistencia-social-promove-agendamento-para-atualizacao-dos-dados-no-cadunico\/#primaryimage"},"thumbnailUrl":"https:\/\/radiolifefm.com.br\/noticias\/wp-content\/uploads\/2022\/07\/cadastro-unico.jpg","datePublished":"2022-07-15T00:27:53+00:00","dateModified":"2026-04-10T01:15:07+00:00","breadcrumb":{"@id":"https:\/\/radiolifefm.com.br\/noticias\/secretaria-de-assistencia-social-promove-agendamento-para-atualizacao-dos-dados-no-cadunico\/#breadcrumb"},"inLanguage":"pt-BR","potentialAction":[{"@type":"ReadAction","target":["https:\/\/radiolifefm.com.br\/noticias\/secretaria-de-assistencia-social-promove-agendamento-para-atualizacao-dos-dados-no-cadunico\/"]}]},{"@type":"ImageObject","inLanguage":"pt-BR","@id":"https:\/\/radiolifefm.com.br\/noticias\/secretaria-de-assistencia-social-promove-agendamento-para-atualizacao-dos-dados-no-cadunico\/#primaryimage","url":"https:\/\/radiolifefm.com.br\/noticias\/wp-content\/uploads\/2022\/07\/cadastro-unico.jpg","contentUrl":"https:\/\/radiolifefm.com.br\/noticias\/wp-content\/uploads\/2022\/07\/cadastro-unico.jpg","width":785,"height":466,"caption":"Agendamento deve ser feito pessoalmente na pasta"},{"@type":"BreadcrumbList","@id":"https:\/\/radiolifefm.com.br\/noticias\/secretaria-de-assistencia-social-promove-agendamento-para-atualizacao-dos-dados-no-cadunico\/#breadcrumb","itemListElement":[{"@type":"ListItem","position":1,"name":"In\u00edcio","item":"https:\/\/radiolifefm.com.br\/noticias\/"},{"@type":"ListItem","position":2,"name":"Secretaria de Assist\u00eancia Social promove agendamento para atualiza\u00e7\u00e3o dos dados no Cad\u00danico"}]},{"@type":"WebSite","@id":"https:\/\/radiolifefm.com.br\/noticias\/#website","url":"https:\/\/radiolifefm.com.br\/noticias\/","name":"R\u00e1dio Life FM","description":"O Portal de Not\u00edcias de Adamantina","publisher":{"@id":"https:\/\/radiolifefm.com.br\/noticias\/#organization"},"alternateName":"Life FM","potentialAction":[{"@type":"SearchAction","target":{"@type":"EntryPoint","urlTemplate":"https:\/\/radiolifefm.com.br\/noticias\/?s={search_term_string}"},"query-input":{"@type":"PropertyValueSpecification","valueRequired":true,"valueName":"search_term_string"}}],"inLanguage":"pt-BR"},{"@type":"Organization","@id":"https:\/\/radiolifefm.com.br\/noticias\/#organization","name":"R\u00e1dio Life FM","alternateName":"Life FM","url":"https:\/\/radiolifefm.com.br\/noticias\/","logo":{"@type":"ImageObject","inLanguage":"pt-BR","@id":"https:\/\/radiolifefm.com.br\/noticias\/#\/schema\/logo\/image\/","url":"https:\/\/static.radiolifefm.com.br\/noticias\/wp-content\/uploads\/2019\/10\/logo-lifefm.png","contentUrl":"https:\/\/static.radiolifefm.com.br\/noticias\/wp-content\/uploads\/2019\/10\/logo-lifefm.png","width":196,"height":47,"caption":"R\u00e1dio Life FM"},"image":{"@id":"https:\/\/radiolifefm.com.br\/noticias\/#\/schema\/logo\/image\/"},"sameAs":["https:\/\/www.facebook.com\/radiolifefm\/","https:\/\/www.instagram.com\/life1079fm\/"]},{"@type":"Person","@id":"https:\/\/radiolifefm.com.br\/noticias\/#\/schema\/person\/6339b9fac59d12b071dec680d7375d87","name":"ritanery","image":{"@type":"ImageObject","inLanguage":"pt-BR","@id":"https:\/\/secure.gravatar.com\/avatar\/0e37bb19071f47c0b8a23f62a903df117c5a0e75f65a0c2901562f97cd41cf86?s=96&d=mm&r=g","url":"https:\/\/secure.gravatar.com\/avatar\/0e37bb19071f47c0b8a23f62a903df117c5a0e75f65a0c2901562f97cd41cf86?s=96&d=mm&r=g","contentUrl":"https:\/\/secure.gravatar.com\/avatar\/0e37bb19071f47c0b8a23f62a903df117c5a0e75f65a0c2901562f97cd41cf86?s=96&d=mm&r=g","caption":"ritanery"}}]}},"amp_enabled":true,"_links":{"self":[{"href":"https:\/\/radiolifefm.com.br\/noticias\/wp-json\/wp\/v2\/posts\/55860","targetHints":{"allow":["GET"]}}],"collection":[{"href":"https:\/\/radiolifefm.com.br\/noticias\/wp-json\/wp\/v2\/posts"}],"about":[{"href":"https:\/\/radiolifefm.com.br\/noticias\/wp-json\/wp\/v2\/types\/post"}],"author":[{"embeddable":true,"href":"https:\/\/radiolifefm.com.br\/noticias\/wp-json\/wp\/v2\/users\/13"}],"replies":[{"embeddable":true,"href":"https:\/\/radiolifefm.com.br\/noticias\/wp-json\/wp\/v2\/comments?post=55860"}],"version-history":[{"count":4,"href":"https:\/\/radiolifefm.com.br\/noticias\/wp-json\/wp\/v2\/posts\/55860\/revisions"}],"predecessor-version":[{"id":55865,"href":"https:\/\/radiolifefm.com.br\/noticias\/wp-json\/wp\/v2\/posts\/55860\/revisions\/55865"}],"wp:featuredmedia":[{"embeddable":true,"href":"https:\/\/radiolifefm.com.br\/noticias\/wp-json\/wp\/v2\/media\/55861"}],"wp:attachment":[{"href":"https:\/\/radiolifefm.com.br\/noticias\/wp-json\/wp\/v2\/media?parent=55860"}],"wp:term":[{"taxonomy":"category","embeddable":true,"href":"https:\/\/radiolifefm.com.br\/noticias\/wp-json\/wp\/v2\/categories?post=55860"},{"taxonomy":"post_tag","embeddable":true,"href":"https:\/\/radiolifefm.com.br\/noticias\/wp-json\/wp\/v2\/tags?post=55860"}],"curies":[{"name":"wp","href":"https:\/\/api.w.org\/{rel}","templated":true}]}}